{"id":1475735,"date":"2021-11-22T16:45:04","date_gmt":"2021-11-22T16:45:04","guid":{"rendered":"https:\/\/www.pressenza.com\/?p=1475735"},"modified":"2021-11-22T16:50:05","modified_gmt":"2021-11-22T16:50:05","slug":"colombia-secretario-general-de-la-onu-estara-en-conmemoracion-de-firma-del-acuerdo-de-paz","status":"publish","type":"post","link":"https:\/\/www.pressenza.com\/es\/2021\/11\/colombia-secretario-general-de-la-onu-estara-en-conmemoracion-de-firma-del-acuerdo-de-paz\/","title":{"rendered":"Colombia: Secretario General de la ONU estar\u00e1 en conmemoraci\u00f3n de firma del acuerdo de paz"},"content":{"rendered":"<h3><em>El Secretario General de las Naciones Unidas visitar\u00e1 Colombia del 23 al 24 de noviembre para celebrar el quinto aniversario de la firma del hist\u00f3rico Acuerdo Final de Paz de 2016 entre el Gobierno de Colombia y las antiguas FARC-EP.<\/em><\/h3>\n<p>Antonio Guterres tiene previsto reunirse con el presidente Iv\u00e1n Duque M\u00e1rquez y funcionarios de su gobierno, as\u00ed como con l\u00edderes de la antigua guerrilla FARC-EP.\u00a0 Al mismo tiempo, el Secretario General asistir\u00e1 a eventos conmemorativos y observar\u00e1 los esfuerzos de consolidaci\u00f3n de la paz y de reconciliaci\u00f3n que involucran a excombatientes, comunidades y autoridades. Se reunir\u00e1 con jefes del sistema de justicia transicional, v\u00edctimas del conflicto armado y l\u00edderes de la sociedad civil colombiana, incluyendo mujeres, j\u00f3venes, representantes ind\u00edgenas y afrocolombianos, activistas de derechos humanos y del cambio clim\u00e1tico.<\/p>\n<p>Mediante esta visita, el Secretario General de la ONU har\u00e1 un balance de los principales logros del proceso de paz, as\u00ed como de los desaf\u00edos pendientes, por lo que se espera, transmitir\u00e1 un contundente mensaje para la implementaci\u00f3n continua del Acuerdo de Paz que, a pesar de los tropiezos que se han presentado, busca la transformaci\u00f3n de las condiciones que han generado el conflicto armado, asunto que traer\u00eda un gran beneficio para todos los colombianos.<\/p>\n<p><iframe loading=\"lazy\" title=\"Anuncio  visita del Secretario General de la ONU, Ant\u00f3nio Guterres, a Colombia. Noviembre 19\/2021\" width=\"500\" height=\"281\" src=\"https:\/\/www.youtube.com\/embed\/uFljVwxeS_o?feature=oembed\" frameborder=\"0\" allow=\"accelerometer; autoplay; clipboard-write; encrypted-media; gyroscope; picture-in-picture; web-share\" referrerpolicy=\"strict-origin-when-cross-origin\" allowfullscreen><\/iframe><\/p>\n","protected":false},"excerpt":{"rendered":"<p>El Secretario General de las Naciones Unidas visitar\u00e1 Colombia del 23 al 24 de noviembre para celebrar el quinto aniversario de la firma del hist\u00f3rico Acuerdo Final de Paz de 2016 entre el Gobierno de Colombia y las antiguas FARC-EP.&hellip;<\/p>\n","protected":false},"author":1053,"featured_media":1475798,"comment_status":"closed","ping_status":"closed","sticky":false,"template":"","format":"standard","meta":{"footnotes":""},"categories":[11389,79,67],"tags":[19409,1608,30,679],"class_list":["post-1475735","post","type-post","status-publish","format-standard","has-post-thumbnail","hentry","category-contenido-original","category-derechos-humanos","category-sudamerica","tag-acuerdo-de-paz","tag-aniversario","tag-colombia","tag-onu-es"],"yoast_head":"<!-- This site is optimized with the Yoast SEO plugin v27.1.1 - https:\/\/yoast.com\/product\/yoast-seo-wordpress\/ -->\n<title>Colombia: Secretario General de la ONU estar\u00e1 en conmemoraci\u00f3n de firma del acuerdo de paz<\/title>\n<meta name=\"description\" content=\"El Secretario General de las Naciones Unidas visitar\u00e1 Colombia del 23 al 24 de noviembre para celebrar el quinto aniversario de la firma del hist\u00f3rico Acuerdo Final de Paz de 2016 entre el Gobierno de Colombia y las antiguas FARC-EP.\" \/>\n<meta name=\"robots\" content=\"index, follow, max-snippet:-1, max-image-preview:large, max-video-preview:-1\" \/>\n<link rel=\"canonical\" href=\"https:\/\/www.pressenza.com\/es\/2021\/11\/colombia-secretario-general-de-la-onu-estara-en-conmemoracion-de-firma-del-acuerdo-de-paz\/\" \/>\n<meta property=\"og:locale\" content=\"es_ES\" \/>\n<meta property=\"og:type\" content=\"article\" \/>\n<meta property=\"og:title\" content=\"Colombia: Secretario General de la ONU estar\u00e1 en conmemoraci\u00f3n de firma del acuerdo de paz\" \/>\n<meta property=\"og:description\" content=\"El Secretario General de las Naciones Unidas visitar\u00e1 Colombia del 23 al 24 de noviembre para celebrar el quinto aniversario de la firma del hist\u00f3rico Acuerdo Final de Paz de 2016 entre el Gobierno de Colombia y las antiguas FARC-EP.\" \/>\n<meta property=\"og:url\" content=\"https:\/\/www.pressenza.com\/es\/2021\/11\/colombia-secretario-general-de-la-onu-estara-en-conmemoracion-de-firma-del-acuerdo-de-paz\/\" \/>\n<meta property=\"og:site_name\" content=\"Pressenza\" \/>\n<meta property=\"article:publisher\" content=\"https:\/\/www.facebook.com\/PressenzaItalia\" \/>\n<meta property=\"article:published_time\" content=\"2021-11-22T16:45:04+00:00\" \/>\n<meta property=\"article:modified_time\" content=\"2021-11-22T16:50:05+00:00\" \/>\n<meta property=\"og:image\" content=\"https:\/\/www.pressenza.com\/wp-content\/uploads\/2021\/11\/Secretario_ONU.jpg\" \/>\n\t<meta property=\"og:image:width\" content=\"1200\" \/>\n\t<meta property=\"og:image:height\" content=\"695\" \/>\n\t<meta property=\"og:image:type\" content=\"image\/jpeg\" \/>\n<meta name=\"author\" content=\"Redacci\u00f3n Colombia\" \/>\n<meta name=\"twitter:card\" content=\"summary_large_image\" \/>\n<meta name=\"twitter:creator\" content=\"@PressenzaIPA\" \/>\n<meta name=\"twitter:site\" content=\"@PressenzaIPA\" \/>\n<meta name=\"twitter:label1\" content=\"Escrito por\" \/>\n\t<meta name=\"twitter:data1\" content=\"Redacci\u00f3n Colombia\" \/>\n\t<meta name=\"twitter:label2\" content=\"Tiempo de lectura\" \/>\n\t<meta name=\"twitter:data2\" content=\"1 minuto\" \/>\n<script type=\"application\/ld+json\" class=\"yoast-schema-graph\">{\"@context\":\"https:\/\/schema.org\",\"@graph\":[{\"@type\":\"Article\",\"@id\":\"https:\/\/www.pressenza.com\/es\/2021\/11\/colombia-secretario-general-de-la-onu-estara-en-conmemoracion-de-firma-del-acuerdo-de-paz\/#article\",\"isPartOf\":{\"@id\":\"https:\/\/www.pressenza.com\/es\/2021\/11\/colombia-secretario-general-de-la-onu-estara-en-conmemoracion-de-firma-del-acuerdo-de-paz\/\"},\"author\":{\"name\":\"Redacci\u00f3n Colombia\",\"@id\":\"https:\/\/www.pressenza.com\/es\/#\/schema\/person\/7c8ee170a4502d638436c91e385315f2\"},\"headline\":\"Colombia: Secretario General de la ONU estar\u00e1 en conmemoraci\u00f3n de firma del acuerdo de paz\",\"datePublished\":\"2021-11-22T16:45:04+00:00\",\"dateModified\":\"2021-11-22T16:50:05+00:00\",\"mainEntityOfPage\":{\"@id\":\"https:\/\/www.pressenza.com\/es\/2021\/11\/colombia-secretario-general-de-la-onu-estara-en-conmemoracion-de-firma-del-acuerdo-de-paz\/\"},\"wordCount\":237,\"publisher\":{\"@id\":\"https:\/\/www.pressenza.com\/es\/#organization\"},\"image\":{\"@id\":\"https:\/\/www.pressenza.com\/es\/2021\/11\/colombia-secretario-general-de-la-onu-estara-en-conmemoracion-de-firma-del-acuerdo-de-paz\/#primaryimage\"},\"thumbnailUrl\":\"https:\/\/www.pressenza.com\/wp-content\/uploads\/2021\/11\/Secretario_ONU.jpg\",\"keywords\":[\"Acuerdo de paz\",\"aniversario\",\"Colombia\",\"ONU\"],\"articleSection\":[\"Contenido Original\",\"Derechos Humanos\",\"Sudam\u00e9rica\"],\"inLanguage\":\"es\"},{\"@type\":\"WebPage\",\"@id\":\"https:\/\/www.pressenza.com\/es\/2021\/11\/colombia-secretario-general-de-la-onu-estara-en-conmemoracion-de-firma-del-acuerdo-de-paz\/\",\"url\":\"https:\/\/www.pressenza.com\/es\/2021\/11\/colombia-secretario-general-de-la-onu-estara-en-conmemoracion-de-firma-del-acuerdo-de-paz\/\",\"name\":\"Colombia: Secretario General de la ONU estar\u00e1 en conmemoraci\u00f3n de firma del acuerdo de paz\",\"isPartOf\":{\"@id\":\"https:\/\/www.pressenza.com\/es\/#website\"},\"primaryImageOfPage\":{\"@id\":\"https:\/\/www.pressenza.com\/es\/2021\/11\/colombia-secretario-general-de-la-onu-estara-en-conmemoracion-de-firma-del-acuerdo-de-paz\/#primaryimage\"},\"image\":{\"@id\":\"https:\/\/www.pressenza.com\/es\/2021\/11\/colombia-secretario-general-de-la-onu-estara-en-conmemoracion-de-firma-del-acuerdo-de-paz\/#primaryimage\"},\"thumbnailUrl\":\"https:\/\/www.pressenza.com\/wp-content\/uploads\/2021\/11\/Secretario_ONU.jpg\",\"datePublished\":\"2021-11-22T16:45:04+00:00\",\"dateModified\":\"2021-11-22T16:50:05+00:00\",\"description\":\"El Secretario General de las Naciones Unidas visitar\u00e1 Colombia del 23 al 24 de noviembre para celebrar el quinto aniversario de la firma del hist\u00f3rico Acuerdo Final de Paz de 2016 entre el Gobierno de Colombia y las antiguas FARC-EP.\",\"breadcrumb\":{\"@id\":\"https:\/\/www.pressenza.com\/es\/2021\/11\/colombia-secretario-general-de-la-onu-estara-en-conmemoracion-de-firma-del-acuerdo-de-paz\/#breadcrumb\"},\"inLanguage\":\"es\",\"potentialAction\":[{\"@type\":\"ReadAction\",\"target\":[\"https:\/\/www.pressenza.com\/es\/2021\/11\/colombia-secretario-general-de-la-onu-estara-en-conmemoracion-de-firma-del-acuerdo-de-paz\/\"]}]},{\"@type\":\"ImageObject\",\"inLanguage\":\"es\",\"@id\":\"https:\/\/www.pressenza.com\/es\/2021\/11\/colombia-secretario-general-de-la-onu-estara-en-conmemoracion-de-firma-del-acuerdo-de-paz\/#primaryimage\",\"url\":\"https:\/\/www.pressenza.com\/wp-content\/uploads\/2021\/11\/Secretario_ONU.jpg\",\"contentUrl\":\"https:\/\/www.pressenza.com\/wp-content\/uploads\/2021\/11\/Secretario_ONU.jpg\",\"width\":1200,\"height\":695,\"caption\":\"Colombia: Secretario General de la ONU estar\u00e1 en conmemoraci\u00f3n de la firma del acuerdo de paz\"},{\"@type\":\"BreadcrumbList\",\"@id\":\"https:\/\/www.pressenza.com\/es\/2021\/11\/colombia-secretario-general-de-la-onu-estara-en-conmemoracion-de-firma-del-acuerdo-de-paz\/#breadcrumb\",\"itemListElement\":[{\"@type\":\"ListItem\",\"position\":1,\"name\":\"Accueil\",\"item\":\"https:\/\/www.pressenza.com\/es\/\"},{\"@type\":\"ListItem\",\"position\":2,\"name\":\"Colombia: Secretario General de la ONU estar\u00e1 en conmemoraci\u00f3n de firma del acuerdo de paz\"}]},{\"@type\":\"WebSite\",\"@id\":\"https:\/\/www.pressenza.com\/es\/#website\",\"url\":\"https:\/\/www.pressenza.com\/es\/\",\"name\":\"Pressenza\",\"description\":\"International Press Agency\",\"publisher\":{\"@id\":\"https:\/\/www.pressenza.com\/es\/#organization\"},\"potentialAction\":[{\"@type\":\"SearchAction\",\"target\":{\"@type\":\"EntryPoint\",\"urlTemplate\":\"https:\/\/www.pressenza.com\/es\/?s={search_term_string}\"},\"query-input\":{\"@type\":\"PropertyValueSpecification\",\"valueRequired\":true,\"valueName\":\"search_term_string\"}}],\"inLanguage\":\"es\"},{\"@type\":\"Organization\",\"@id\":\"https:\/\/www.pressenza.com\/es\/#organization\",\"name\":\"Pressenza\",\"url\":\"https:\/\/www.pressenza.com\/es\/\",\"logo\":{\"@type\":\"ImageObject\",\"inLanguage\":\"es\",\"@id\":\"https:\/\/www.pressenza.com\/es\/#\/schema\/logo\/image\/\",\"url\":\"https:\/\/www.pressenza.com\/wp-content\/uploads\/2022\/10\/pressenza_logo_200x200.jpg\",\"contentUrl\":\"https:\/\/www.pressenza.com\/wp-content\/uploads\/2022\/10\/pressenza_logo_200x200.jpg\",\"width\":200,\"height\":200,\"caption\":\"Pressenza\"},\"image\":{\"@id\":\"https:\/\/www.pressenza.com\/es\/#\/schema\/logo\/image\/\"},\"sameAs\":[\"https:\/\/www.facebook.com\/PressenzaItalia\",\"https:\/\/x.com\/PressenzaIPA\"]},{\"@type\":\"Person\",\"@id\":\"https:\/\/www.pressenza.com\/es\/#\/schema\/person\/7c8ee170a4502d638436c91e385315f2\",\"name\":\"Redacci\u00f3n Colombia\",\"description\":\"News published by the Pressenza bureau in Colombia\",\"url\":\"https:\/\/www.pressenza.com\/es\/author\/redaccion-colombia\/\"}]}<\/script>\n<!-- \/ Yoast SEO plugin. -->","yoast_head_json":{"title":"Colombia: Secretario General de la ONU estar\u00e1 en conmemoraci\u00f3n de firma del acuerdo de paz","description":"El Secretario General de las Naciones Unidas visitar\u00e1 Colombia del 23 al 24 de noviembre para celebrar el quinto aniversario de la firma del hist\u00f3rico Acuerdo Final de Paz de 2016 entre el Gobierno de Colombia y las antiguas FARC-EP.","robots":{"index":"index","follow":"follow","max-snippet":"max-snippet:-1","max-image-preview":"max-image-preview:large","max-video-preview":"max-video-preview:-1"},"canonical":"https:\/\/www.pressenza.com\/es\/2021\/11\/colombia-secretario-general-de-la-onu-estara-en-conmemoracion-de-firma-del-acuerdo-de-paz\/","og_locale":"es_ES","og_type":"article","og_title":"Colombia: Secretario General de la ONU estar\u00e1 en conmemoraci\u00f3n de firma del acuerdo de paz","og_description":"El Secretario General de las Naciones Unidas visitar\u00e1 Colombia del 23 al 24 de noviembre para celebrar el quinto aniversario de la firma del hist\u00f3rico Acuerdo Final de Paz de 2016 entre el Gobierno de Colombia y las antiguas FARC-EP.","og_url":"https:\/\/www.pressenza.com\/es\/2021\/11\/colombia-secretario-general-de-la-onu-estara-en-conmemoracion-de-firma-del-acuerdo-de-paz\/","og_site_name":"Pressenza","article_publisher":"https:\/\/www.facebook.com\/PressenzaItalia","article_published_time":"2021-11-22T16:45:04+00:00","article_modified_time":"2021-11-22T16:50:05+00:00","og_image":[{"width":1200,"height":695,"url":"https:\/\/www.pressenza.com\/wp-content\/uploads\/2021\/11\/Secretario_ONU.jpg","type":"image\/jpeg"}],"author":"Redacci\u00f3n Colombia","twitter_card":"summary_large_image","twitter_creator":"@PressenzaIPA","twitter_site":"@PressenzaIPA","twitter_misc":{"Escrito por":"Redacci\u00f3n Colombia","Tiempo de lectura":"1 minuto"},"schema":{"@context":"https:\/\/schema.org","@graph":[{"@type":"Article","@id":"https:\/\/www.pressenza.com\/es\/2021\/11\/colombia-secretario-general-de-la-onu-estara-en-conmemoracion-de-firma-del-acuerdo-de-paz\/#article","isPartOf":{"@id":"https:\/\/www.pressenza.com\/es\/2021\/11\/colombia-secretario-general-de-la-onu-estara-en-conmemoracion-de-firma-del-acuerdo-de-paz\/"},"author":{"name":"Redacci\u00f3n Colombia","@id":"https:\/\/www.pressenza.com\/es\/#\/schema\/person\/7c8ee170a4502d638436c91e385315f2"},"headline":"Colombia: Secretario General de la ONU estar\u00e1 en conmemoraci\u00f3n de firma del acuerdo de paz","datePublished":"2021-11-22T16:45:04+00:00","dateModified":"2021-11-22T16:50:05+00:00","mainEntityOfPage":{"@id":"https:\/\/www.pressenza.com\/es\/2021\/11\/colombia-secretario-general-de-la-onu-estara-en-conmemoracion-de-firma-del-acuerdo-de-paz\/"},"wordCount":237,"publisher":{"@id":"https:\/\/www.pressenza.com\/es\/#organization"},"image":{"@id":"https:\/\/www.pressenza.com\/es\/2021\/11\/colombia-secretario-general-de-la-onu-estara-en-conmemoracion-de-firma-del-acuerdo-de-paz\/#primaryimage"},"thumbnailUrl":"https:\/\/www.pressenza.com\/wp-content\/uploads\/2021\/11\/Secretario_ONU.jpg","keywords":["Acuerdo de paz","aniversario","Colombia","ONU"],"articleSection":["Contenido Original","Derechos Humanos","Sudam\u00e9rica"],"inLanguage":"es"},{"@type":"WebPage","@id":"https:\/\/www.pressenza.com\/es\/2021\/11\/colombia-secretario-general-de-la-onu-estara-en-conmemoracion-de-firma-del-acuerdo-de-paz\/","url":"https:\/\/www.pressenza.com\/es\/2021\/11\/colombia-secretario-general-de-la-onu-estara-en-conmemoracion-de-firma-del-acuerdo-de-paz\/","name":"Colombia: Secretario General de la ONU estar\u00e1 en conmemoraci\u00f3n de firma del acuerdo de paz","isPartOf":{"@id":"https:\/\/www.pressenza.com\/es\/#website"},"primaryImageOfPage":{"@id":"https:\/\/www.pressenza.com\/es\/2021\/11\/colombia-secretario-general-de-la-onu-estara-en-conmemoracion-de-firma-del-acuerdo-de-paz\/#primaryimage"},"image":{"@id":"https:\/\/www.pressenza.com\/es\/2021\/11\/colombia-secretario-general-de-la-onu-estara-en-conmemoracion-de-firma-del-acuerdo-de-paz\/#primaryimage"},"thumbnailUrl":"https:\/\/www.pressenza.com\/wp-content\/uploads\/2021\/11\/Secretario_ONU.jpg","datePublished":"2021-11-22T16:45:04+00:00","dateModified":"2021-11-22T16:50:05+00:00","description":"El Secretario General de las Naciones Unidas visitar\u00e1 Colombia del 23 al 24 de noviembre para celebrar el quinto aniversario de la firma del hist\u00f3rico Acuerdo Final de Paz de 2016 entre el Gobierno de Colombia y las antiguas FARC-EP.","breadcrumb":{"@id":"https:\/\/www.pressenza.com\/es\/2021\/11\/colombia-secretario-general-de-la-onu-estara-en-conmemoracion-de-firma-del-acuerdo-de-paz\/#breadcrumb"},"inLanguage":"es","potentialAction":[{"@type":"ReadAction","target":["https:\/\/www.pressenza.com\/es\/2021\/11\/colombia-secretario-general-de-la-onu-estara-en-conmemoracion-de-firma-del-acuerdo-de-paz\/"]}]},{"@type":"ImageObject","inLanguage":"es","@id":"https:\/\/www.pressenza.com\/es\/2021\/11\/colombia-secretario-general-de-la-onu-estara-en-conmemoracion-de-firma-del-acuerdo-de-paz\/#primaryimage","url":"https:\/\/www.pressenza.com\/wp-content\/uploads\/2021\/11\/Secretario_ONU.jpg","contentUrl":"https:\/\/www.pressenza.com\/wp-content\/uploads\/2021\/11\/Secretario_ONU.jpg","width":1200,"height":695,"caption":"Colombia: Secretario General de la ONU estar\u00e1 en conmemoraci\u00f3n de la firma del acuerdo de paz"},{"@type":"BreadcrumbList","@id":"https:\/\/www.pressenza.com\/es\/2021\/11\/colombia-secretario-general-de-la-onu-estara-en-conmemoracion-de-firma-del-acuerdo-de-paz\/#breadcrumb","itemListElement":[{"@type":"ListItem","position":1,"name":"Accueil","item":"https:\/\/www.pressenza.com\/es\/"},{"@type":"ListItem","position":2,"name":"Colombia: Secretario General de la ONU estar\u00e1 en conmemoraci\u00f3n de firma del acuerdo de paz"}]},{"@type":"WebSite","@id":"https:\/\/www.pressenza.com\/es\/#website","url":"https:\/\/www.pressenza.com\/es\/","name":"Pressenza","description":"International Press Agency","publisher":{"@id":"https:\/\/www.pressenza.com\/es\/#organization"},"potentialAction":[{"@type":"SearchAction","target":{"@type":"EntryPoint","urlTemplate":"https:\/\/www.pressenza.com\/es\/?s={search_term_string}"},"query-input":{"@type":"PropertyValueSpecification","valueRequired":true,"valueName":"search_term_string"}}],"inLanguage":"es"},{"@type":"Organization","@id":"https:\/\/www.pressenza.com\/es\/#organization","name":"Pressenza","url":"https:\/\/www.pressenza.com\/es\/","logo":{"@type":"ImageObject","inLanguage":"es","@id":"https:\/\/www.pressenza.com\/es\/#\/schema\/logo\/image\/","url":"https:\/\/www.pressenza.com\/wp-content\/uploads\/2022\/10\/pressenza_logo_200x200.jpg","contentUrl":"https:\/\/www.pressenza.com\/wp-content\/uploads\/2022\/10\/pressenza_logo_200x200.jpg","width":200,"height":200,"caption":"Pressenza"},"image":{"@id":"https:\/\/www.pressenza.com\/es\/#\/schema\/logo\/image\/"},"sameAs":["https:\/\/www.facebook.com\/PressenzaItalia","https:\/\/x.com\/PressenzaIPA"]},{"@type":"Person","@id":"https:\/\/www.pressenza.com\/es\/#\/schema\/person\/7c8ee170a4502d638436c91e385315f2","name":"Redacci\u00f3n Colombia","description":"News published by the Pressenza bureau in Colombia","url":"https:\/\/www.pressenza.com\/es\/author\/redaccion-colombia\/"}]}},"place":"Bogot\u00e1","original_article_url":"","_links":{"self":[{"href":"https:\/\/www.pressenza.com\/es\/wp-json\/wp\/v2\/posts\/1475735","targetHints":{"allow":["GET"]}}],"collection":[{"href":"https:\/\/www.pressenza.com\/es\/wp-json\/wp\/v2\/posts"}],"about":[{"href":"https:\/\/www.pressenza.com\/es\/wp-json\/wp\/v2\/types\/post"}],"author":[{"embeddable":true,"href":"https:\/\/www.pressenza.com\/es\/wp-json\/wp\/v2\/users\/1053"}],"replies":[{"embeddable":true,"href":"https:\/\/www.pressenza.com\/es\/wp-json\/wp\/v2\/comments?post=1475735"}],"version-history":[{"count":0,"href":"https:\/\/www.pressenza.com\/es\/wp-json\/wp\/v2\/posts\/1475735\/revisions"}],"wp:featuredmedia":[{"embeddable":true,"href":"https:\/\/www.pressenza.com\/es\/wp-json\/wp\/v2\/media\/1475798"}],"wp:attachment":[{"href":"https:\/\/www.pressenza.com\/es\/wp-json\/wp\/v2\/media?parent=1475735"}],"wp:term":[{"taxonomy":"category","embeddable":true,"href":"https:\/\/www.pressenza.com\/es\/wp-json\/wp\/v2\/categories?post=1475735"},{"taxonomy":"post_tag","embeddable":true,"href":"https:\/\/www.pressenza.com\/es\/wp-json\/wp\/v2\/tags?post=1475735"}],"curies":[{"name":"wp","href":"https:\/\/api.w.org\/{rel}","templated":true}]}}