{"id":1473548,"date":"2021-11-19T01:30:07","date_gmt":"2021-11-19T01:30:07","guid":{"rendered":"https:\/\/www.pressenza.com\/?p=1473548"},"modified":"2021-11-19T01:30:07","modified_gmt":"2021-11-19T01:30:07","slug":"acuerdo-de-escazu-una-nueva-contribucion-de-la-cepal","status":"publish","type":"post","link":"https:\/\/www.pressenza.com\/es\/2021\/11\/acuerdo-de-escazu-una-nueva-contribucion-de-la-cepal\/","title":{"rendered":"Acuerdo de Escaz\u00fa: una nueva contribuci\u00f3n de la CEPAL"},"content":{"rendered":"<p style=\"padding-left: 40px;\"><em>En este mes de noviembre del 2021, la Comisi\u00f3n Econ\u00f3mica para Am\u00e9rica Latina de Naciones Unidas (CEPAL) dio a conocer una nueva publicaci\u00f3n sobre el Acuerdo de Escaz\u00fa, elaborada en colaboraci\u00f3n con la Universidad del Rosario (Argentina).\u00a0<\/em><\/p>\n<p>La obra se titula \u00ab<i>E<\/i><i>l Acuerdo de Escaz\u00fa sobre democracia ambiental y su relaci\u00f3n con la Agenda 2030 para el Desarrollo Sostenible<\/i>\u00bb y re\u00fane diversas contribuciones de renombrados\/as especialistas de distintas latitudes del continente americano: el texto completo de la misma (298 p\u00e1ginas) est\u00e1 desde ya disponible en este <a href=\"https:\/\/repositorio.cepal.org\/bitstream\/handle\/11362\/47427\/3\/S2100857_es.pdf\">enlace oficial<\/a>\u00a0de la CEPAL.\u00a0Cabe destacar que el prefacio a este libro es autor\u00eda de\u00a0John H. Knox, Ex relator especial de Naciones Unidas sobre Derechos Humanos y Medio Ambiente.<\/p>\n<p>En su presentaci\u00f3n, las tres editoras de este libro indican que: \u00ab<i>Con el fin de dar paso al lector para que pueda sumergirse en el contenido de esta obra, es preciso enfatizar que para la CEPAL y la Universidad del Rosario el Acuerdo de Escaz\u00fa representa una oportunidad muy valiosa y sin precedentes para Am\u00e9rica Latina y el Caribe no solo para el fortalecimiento de la democracia, los derechos humanos y la protecci\u00f3n ambiental, sino tambi\u00e9n para el cumplimiento de la agenda global m\u00e1s importante de nuestro tiempo, la Agenda 2030 para el Desarrollo Sostenible<\/i>\u00bb (p. xxiv).<\/p>\n<p>Pese a su entrada en vigor el pasado 22 de abril, el Acuerdo de Escaz\u00fa persiste en polarizar como raramente observado a las opiniones p\u00fablicas en varios Estados de Am\u00e9rica Latina y del Caribe, cuyos decisores pol\u00edticos siguen\u00a0 indecisos en aprobar este innovador acuerdo regional. En gran parte ello se debe a una verdadera campa\u00f1a de desinformaci\u00f3n desatada por algunos sectores econ\u00f3micos y pol\u00edticos opuestos a ver consolidados y afianzados los derechos de quienes defienden el ambiente.\u00a0 Estos \u00ab<i>argumentos<\/i>\u00bb en contra de Escaz\u00fa se asemejan\u00a0 m\u00e1s a mitos y a leyendas promovidos por algunos sectores pol\u00edticos cercanos a influyentes c\u00fapulas empresariales que a argumentos sensatos y razonables: desde la idea seg\u00fan la cual al aprobar Chile este tratado, una demanda boliviana en su contra ser\u00eda inminente, hasta la supuesta p\u00e9rdida de soberan\u00eda peruana en la regi\u00f3n amaz\u00f3nica, pasando por la intenci\u00f3n de favorecer el aborto que encontr\u00f3 la iglesia paraguaya en el Acuerdo de Escaz\u00fa, sin hablar de la inversi\u00f3n de la carga de la prueba (que vendr\u00eda a amenazar la presunci\u00f3n de inocencia en materia penal) o el hecho que se ahuyentar\u00eda la inversi\u00f3n extranjera de aprobarse el Acuerdo de Escaz\u00fa. Estos y muchos otros\u00a0 supuestos \u00ab<i>argumentos<\/i>\u00bb han sido s\u00f3lidamente refutados en varias latitudes desde la academia y desde la misma sociedad civil (<b>Nota 1<\/b>).<\/p>\n<p>La intensidad de esta campa\u00f1a de desinformaci\u00f3n y sus relevos encontrados en influyentes medios de prensa, que se intenta contrarrestar mediante valiosos esfuerzos en materia de comunicaci\u00f3n (<b>Nota 2<\/b>), explican que de 24 Estados que han firmado el Acuerdo de Escaz\u00fa, solamente 12 lo hayan ratificado (v\u00e9ase<a href=\"https:\/\/treaties.un.org\/pages\/ViewDetails.aspx?src=TREATY&amp;mtdsg_no=XXVII-18&amp;chapter=27&amp;clang=_en\"> tabla oficial<\/a> de firmas y ratificaciones). Desde este punto de vista, esta nueva contribuci\u00f3n de la CEPAL en este mes de noviembre del 2021 permite una mejor comprensi\u00f3n del Acuerdo de Escaz\u00fa, en particular de cara a los desaf\u00edos que enfrenta Am\u00e9rica Latina en materia social y en materia ambiental. Es de notar desde ya que las econom\u00edas de los Estados que ya han ratificado este novedoso instrumento regional (como las de Argentina, Bolivia, Ecuador, M\u00e9xico, Panam\u00e1 o Uruguay) no han sufrido ninguno de los supuestos efectos negativos que conlleva, seg\u00fan estas mismas c\u00e1maras empresariales, la aprobaci\u00f3n del Acuerdo de Escaz\u00fa.<\/p>\n<p>Durante la reciente COP-26 celebrada en Glasgow, las autoridades colombianas se sintieron obligadas a hacer un anuncio oficial en favor del Acuerdo de Escaz\u00fa (v\u00e9ase <a href=\"https:\/\/www.eltiempo.com\/vida\/medio-ambiente\/minambiente-presento-el-acuerdo-de-escazu-al-congreso-629276\">nota de prensa<\/a> de El Tiempo), evidenciando su profundo malestar,\u00a0 dada la dram\u00e1tica situaci\u00f3n que enfrentan en Colombia los defensores del ambiente.<\/p>\n<p>Recientemente en Costa Rica, se public\u00f3 por parte de la\u00a0<i>Asociaci\u00f3n Costarricense de Derecho Internacional<\/i>\u00a0(ACODI) un valioso art\u00edculo que refuta nuevamente los mitos creados por algunas c\u00e1maras empresariales costarricenses (y sus hacendosas fichas pol\u00edticas) en contra de este instrumento: v\u00e9ase\u00a0<a href=\"https:\/\/www.acodicr.org\/single-post\/el-acuerdo-de-escaz%C3%BA-sin-costa-rica\"><b>art\u00edculo<\/b><\/a>\u00a0titulado \u00ab<i>El Acuerdo de Escaz\u00fa sin Costa Rica<\/i>\u00ab, cuya lectura tambi\u00e9n recomendamos.<\/p>\n<p>Los casos de Costa Rica (que persiste en no ratificar este instrumento) y de Chile (que tan siquiera lo ha firmado) son particularmente llamativos (<b>Nota 3)<\/b>, al tratarse de los dos Estados que lideraron las negociaciones previas a la adopci\u00f3n del Acuerdo de Escaz\u00fa (y que se extendieron por cinco a\u00f1os, siete meses y siete dias): es probablemente la primera vez en la historia del derecho internacional p\u00fablico que dos Estados que lideran la negociaci\u00f3n de un instrumento internacional no logran formar parte del primer grupo de Estados que permite su entrada en vigor, evidenciando as\u00ed ante el resto de la comunidad internacional su inconsistencia y contribuyendo a minar la credibilidad de sus autoridades en materia ambiental y en materia de derechos humanos.<\/p>\n<p><b>Nota 1<\/b>: Por ejemplo, en <b>Costa Rica<\/b> el equipo de periodistas de Doblcheck public\u00f3 en abril del 2021 esta muy completa gu\u00eda titulada \u00ab<i>UCCAEP usa argumentos falsos para oponerse al Acuerdo de Escaz\u00fa<\/i>\u00ab, disponible en este <a href=\"https:\/\/derechointernacionalcr.blogspot.com\/2021\/11\/UCCAEP%20usa%20argumentos%20falsos%20para%20oponerse%20al%20Acuerdo%20de%20Escaz%C3%BA\">enlace<\/a>.\u00a0En <b>Colombia<\/b>, la organizaci\u00f3n <i>Ambiente y Sociedad<\/i> public\u00f3 esta otra contribuci\u00f3n titulada \u00ab<i>Mitos y verdades del Acuerdo de Escaz\u00fa<\/i>\u00ab, disponibe en este <a href=\"https:\/\/www.ambienteysociedad.org.co\/mitos-y-verdades-del-acuerdo-de-escazu\/\">enlace<\/a>. En <b>Per\u00fa<\/b>, la Sociedad Peruana para el Derecho Ambiental (SPDA) difundi\u00f3 este <a href=\"https:\/\/www.actualidadambiental.pe\/diez-mitos-y-verdades-sobre-el-acuerdo-de-escazu-democracia-y-defensores-ambientales\/\">art\u00edculo<\/a> titulado \u00ab<i>10 mitos y verdades sobre el Acuerdo de Escaz\u00fa: democracia y defensores ambientales<\/i>\u00ab. En <b>Paraguay<\/b>, el sitio ElSurti explic\u00f3 en un <a href=\"https:\/\/elsurti.com\/futuros\/reportaje\/2020\/08\/28\/que-es-y-que-no-es-el-acuerdo-de-escazu\/\">texto<\/a> titulado \u00ab<i>Cinco puntos para que entiendas\u00a0 c\u00f3mo te afecta el Acuerdo de Escaz\u00fa<\/i>\u00bb que el aborto no est\u00e1 de ninguna manera contemplado en el Acuerdo de Escaz\u00fa, entre muchas otras leyendas que se originaron en la sociedad paraguaya con relaci\u00f3n al Acuerdo de Escaz\u00fa.<\/p>\n<p><b>Nota 2<\/b>: En <b>Colombia<\/b>, el talentoso equipo de comunicadores de LaPulla realiz\u00f3 un video de gran calidad que busca responder a las diversas maniobras pol\u00edticas de algunos sectores pol\u00edticos colombianos, titulado \u00ab<i>La nueva trampa que nos quieren hacerse los congresistas<\/i>\u00bb (disponible <a href=\"https:\/\/www.youtube.com\/watch?v=IGcL98mZHKw\">aqu\u00ed<\/a>). En <b>Costa Rica<\/b>, ante la falta de voluntad pol\u00edtica para aprobar el Acuerdo de Escaz\u00fa en Costa Rica, recientemente fue la misma Universidad de Costa Rica (UCR) la que elabor\u00f3 dos cortos videos, que, en lo personal se recomiendan: \u00ab<i>El Acuerdo de Escaz\u00fa y los defensores del ambiente<\/i>\u00ab,\u00a0 disponible en YouTube\u00a0<a href=\"https:\/\/www.youtube.com\/watch?v=I1_3XoJNNpw\"><b>aqu\u00ed<\/b><\/a>\u00a0y otro video titulado\u00a0\u00ab<i>UCCAEP y el Acuerdo de Es<\/i><i>caz\u00fa<\/i>\u00ab, disponible\u00a0\u00a0<a href=\"https:\/\/www.youtube.com\/watch?v=smfGOVw33_w\"><b>aqu\u00ed<\/b><\/a>\u00a0.<\/p>\n<p><b>Nota 3<\/b>: Sobre el peculiar caso de <b>Costa Rica<\/b>, remitimos a nuestros estimables lectores a <b>BOEGLIN N.<\/b>: \u00ab<i>\u00bfEscaz\u00fa sin Costa Rica?As\u00ed como se oye, por m\u00e1s extre\u00f1o le suene<\/i>\u00ab, secci\u00f3n Voz Experta, Portal de la Universidad de Costa Rica (UCR), 8 de mayo del 2021, disponible <a href=\"https:\/\/www.ucr.ac.cr\/noticias\/2021\/05\/08\/voz-experta-escazu-sin-costa-rica-asi-como-se-oye-por-mas-extrano-que-suene.html\">aqu\u00ed<\/a>; as\u00ed como a <b>PE\u00d1A CHAC\u00d3N M<\/b>., \u00ab<i>Desmitificando el Acuerdo de Escaz\u00fa<\/i>\u00ab, Derecho al Dia, edici\u00f3n del 28 de noviembre del 2020, disponible <a href=\"https:\/\/derechoaldia.com\/index.php\/derecho-ambiental\/ambiental-doctrina\/1129-desmitificando-el-acuerdo-de-escazu\">aqu\u00ed<\/a>. En el caso de <b>Chile<\/b>, v\u00e9ase <b>DURAN V. &amp; NALEGACH C.<\/b>, \u00ab<i>\u00bfPorqu\u00e9 Chile debe adherir al Acuerdo de Escaz\u00fa?<\/i>\u00bb Perspectivas del Centro de Derecho Ambiental, N\u00famero 2, Noviembre 2020, disponible <a href=\"https:\/\/revistasdex.uchile.cl\/files\/full\/perspectivasCDA_(2)_2020\/index.html\">aqu\u00ed<\/a>.<\/p>\n","protected":false},"excerpt":{"rendered":"<p>En este mes de noviembre del 2021, la Comisi\u00f3n Econ\u00f3mica para Am\u00e9rica Latina de Naciones Unidas (CEPAL) dio a conocer una nueva publicaci\u00f3n sobre el Acuerdo de Escaz\u00fa, elaborada en colaboraci\u00f3n con la Universidad del Rosario (Argentina).\u00a0 La obra se&hellip;<\/p>\n","protected":false},"author":1329,"featured_media":1473549,"comment_status":"closed","ping_status":"closed","sticky":false,"template":"","format":"standard","meta":{"footnotes":""},"categories":[69,78,74,67],"tags":[50349,450],"class_list":["post-1473548","post","type-post","status-publish","format-standard","has-post-thumbnail","hentry","category-america-central","category-medio-ambiente-ecologia","category-politica-es","category-sudamerica","tag-acuerdo-de-escazu","tag-cepal"],"yoast_head":"<!-- This site is optimized with the Yoast SEO plugin v27.1.1 - https:\/\/yoast.com\/product\/yoast-seo-wordpress\/ -->\n<title>Acuerdo de Escaz\u00fa: una nueva contribuci\u00f3n de la CEPAL<\/title>\n<meta name=\"description\" content=\"En este mes de noviembre del 2021, la Comisi\u00f3n Econ\u00f3mica para Am\u00e9rica Latina de Naciones Unidas (CEPAL) dio a conocer una nueva publicaci\u00f3n sobre el\" \/>\n<meta name=\"robots\" content=\"index, follow, max-snippet:-1, max-image-preview:large, max-video-preview:-1\" \/>\n<link rel=\"canonical\" href=\"https:\/\/www.pressenza.com\/es\/2021\/11\/acuerdo-de-escazu-una-nueva-contribucion-de-la-cepal\/\" \/>\n<meta property=\"og:locale\" content=\"es_ES\" \/>\n<meta property=\"og:type\" content=\"article\" \/>\n<meta property=\"og:title\" content=\"Acuerdo de Escaz\u00fa: una nueva contribuci\u00f3n de la CEPAL\" \/>\n<meta property=\"og:description\" content=\"En este mes de noviembre del 2021, la Comisi\u00f3n Econ\u00f3mica para Am\u00e9rica Latina de Naciones Unidas (CEPAL) dio a conocer una nueva publicaci\u00f3n sobre el\" \/>\n<meta property=\"og:url\" content=\"https:\/\/www.pressenza.com\/es\/2021\/11\/acuerdo-de-escazu-una-nueva-contribucion-de-la-cepal\/\" \/>\n<meta property=\"og:site_name\" content=\"Pressenza\" \/>\n<meta property=\"article:publisher\" content=\"https:\/\/www.facebook.com\/PressenzaItalia\" \/>\n<meta property=\"article:published_time\" content=\"2021-11-19T01:30:07+00:00\" \/>\n<meta property=\"og:image\" content=\"https:\/\/www.pressenza.com\/wp-content\/uploads\/2021\/11\/cpeal9.jpeg\" \/>\n\t<meta property=\"og:image:width\" content=\"950\" \/>\n\t<meta property=\"og:image:height\" content=\"671\" \/>\n\t<meta property=\"og:image:type\" content=\"image\/jpeg\" \/>\n<meta name=\"author\" content=\"Nicolas Boeglin\" \/>\n<meta name=\"twitter:card\" content=\"summary_large_image\" \/>\n<meta name=\"twitter:creator\" content=\"@PressenzaIPA\" \/>\n<meta name=\"twitter:site\" content=\"@PressenzaIPA\" \/>\n<meta name=\"twitter:label1\" content=\"Escrito por\" \/>\n\t<meta name=\"twitter:data1\" content=\"Nicolas Boeglin\" \/>\n\t<meta name=\"twitter:label2\" content=\"Tiempo de lectura\" \/>\n\t<meta name=\"twitter:data2\" content=\"6 minutos\" \/>\n<script type=\"application\/ld+json\" class=\"yoast-schema-graph\">{\"@context\":\"https:\/\/schema.org\",\"@graph\":[{\"@type\":\"Article\",\"@id\":\"https:\/\/www.pressenza.com\/es\/2021\/11\/acuerdo-de-escazu-una-nueva-contribucion-de-la-cepal\/#article\",\"isPartOf\":{\"@id\":\"https:\/\/www.pressenza.com\/es\/2021\/11\/acuerdo-de-escazu-una-nueva-contribucion-de-la-cepal\/\"},\"author\":{\"name\":\"Nicolas Boeglin\",\"@id\":\"https:\/\/www.pressenza.com\/es\/#\/schema\/person\/3166268d27b8b74a51a91eecd7b64f26\"},\"headline\":\"Acuerdo de Escaz\u00fa: una nueva contribuci\u00f3n de la CEPAL\",\"datePublished\":\"2021-11-19T01:30:07+00:00\",\"mainEntityOfPage\":{\"@id\":\"https:\/\/www.pressenza.com\/es\/2021\/11\/acuerdo-de-escazu-una-nueva-contribucion-de-la-cepal\/\"},\"wordCount\":1222,\"publisher\":{\"@id\":\"https:\/\/www.pressenza.com\/es\/#organization\"},\"image\":{\"@id\":\"https:\/\/www.pressenza.com\/es\/2021\/11\/acuerdo-de-escazu-una-nueva-contribucion-de-la-cepal\/#primaryimage\"},\"thumbnailUrl\":\"https:\/\/www.pressenza.com\/wp-content\/uploads\/2021\/11\/cpeal9.jpeg\",\"keywords\":[\"Acuerdo de Escaz\u00fa\",\"CEPAL\"],\"articleSection\":[\"Am\u00e9rica Central\",\"Ecolog\u00eda y Medio Ambiente\",\"Pol\u00edtica\",\"Sudam\u00e9rica\"],\"inLanguage\":\"es\"},{\"@type\":\"WebPage\",\"@id\":\"https:\/\/www.pressenza.com\/es\/2021\/11\/acuerdo-de-escazu-una-nueva-contribucion-de-la-cepal\/\",\"url\":\"https:\/\/www.pressenza.com\/es\/2021\/11\/acuerdo-de-escazu-una-nueva-contribucion-de-la-cepal\/\",\"name\":\"Acuerdo de Escaz\u00fa: una nueva contribuci\u00f3n de la CEPAL\",\"isPartOf\":{\"@id\":\"https:\/\/www.pressenza.com\/es\/#website\"},\"primaryImageOfPage\":{\"@id\":\"https:\/\/www.pressenza.com\/es\/2021\/11\/acuerdo-de-escazu-una-nueva-contribucion-de-la-cepal\/#primaryimage\"},\"image\":{\"@id\":\"https:\/\/www.pressenza.com\/es\/2021\/11\/acuerdo-de-escazu-una-nueva-contribucion-de-la-cepal\/#primaryimage\"},\"thumbnailUrl\":\"https:\/\/www.pressenza.com\/wp-content\/uploads\/2021\/11\/cpeal9.jpeg\",\"datePublished\":\"2021-11-19T01:30:07+00:00\",\"description\":\"En este mes de noviembre del 2021, la Comisi\u00f3n Econ\u00f3mica para Am\u00e9rica Latina de Naciones Unidas (CEPAL) dio a conocer una nueva publicaci\u00f3n sobre el\",\"breadcrumb\":{\"@id\":\"https:\/\/www.pressenza.com\/es\/2021\/11\/acuerdo-de-escazu-una-nueva-contribucion-de-la-cepal\/#breadcrumb\"},\"inLanguage\":\"es\",\"potentialAction\":[{\"@type\":\"ReadAction\",\"target\":[\"https:\/\/www.pressenza.com\/es\/2021\/11\/acuerdo-de-escazu-una-nueva-contribucion-de-la-cepal\/\"]}]},{\"@type\":\"ImageObject\",\"inLanguage\":\"es\",\"@id\":\"https:\/\/www.pressenza.com\/es\/2021\/11\/acuerdo-de-escazu-una-nueva-contribucion-de-la-cepal\/#primaryimage\",\"url\":\"https:\/\/www.pressenza.com\/wp-content\/uploads\/2021\/11\/cpeal9.jpeg\",\"contentUrl\":\"https:\/\/www.pressenza.com\/wp-content\/uploads\/2021\/11\/cpeal9.jpeg\",\"width\":950,\"height\":671},{\"@type\":\"BreadcrumbList\",\"@id\":\"https:\/\/www.pressenza.com\/es\/2021\/11\/acuerdo-de-escazu-una-nueva-contribucion-de-la-cepal\/#breadcrumb\",\"itemListElement\":[{\"@type\":\"ListItem\",\"position\":1,\"name\":\"Accueil\",\"item\":\"https:\/\/www.pressenza.com\/es\/\"},{\"@type\":\"ListItem\",\"position\":2,\"name\":\"Acuerdo de Escaz\u00fa: una nueva contribuci\u00f3n de la CEPAL\"}]},{\"@type\":\"WebSite\",\"@id\":\"https:\/\/www.pressenza.com\/es\/#website\",\"url\":\"https:\/\/www.pressenza.com\/es\/\",\"name\":\"Pressenza\",\"description\":\"International Press Agency\",\"publisher\":{\"@id\":\"https:\/\/www.pressenza.com\/es\/#organization\"},\"potentialAction\":[{\"@type\":\"SearchAction\",\"target\":{\"@type\":\"EntryPoint\",\"urlTemplate\":\"https:\/\/www.pressenza.com\/es\/?s={search_term_string}\"},\"query-input\":{\"@type\":\"PropertyValueSpecification\",\"valueRequired\":true,\"valueName\":\"search_term_string\"}}],\"inLanguage\":\"es\"},{\"@type\":\"Organization\",\"@id\":\"https:\/\/www.pressenza.com\/es\/#organization\",\"name\":\"Pressenza\",\"url\":\"https:\/\/www.pressenza.com\/es\/\",\"logo\":{\"@type\":\"ImageObject\",\"inLanguage\":\"es\",\"@id\":\"https:\/\/www.pressenza.com\/es\/#\/schema\/logo\/image\/\",\"url\":\"https:\/\/www.pressenza.com\/wp-content\/uploads\/2022\/10\/pressenza_logo_200x200.jpg\",\"contentUrl\":\"https:\/\/www.pressenza.com\/wp-content\/uploads\/2022\/10\/pressenza_logo_200x200.jpg\",\"width\":200,\"height\":200,\"caption\":\"Pressenza\"},\"image\":{\"@id\":\"https:\/\/www.pressenza.com\/es\/#\/schema\/logo\/image\/\"},\"sameAs\":[\"https:\/\/www.facebook.com\/PressenzaItalia\",\"https:\/\/x.com\/PressenzaIPA\"]},{\"@type\":\"Person\",\"@id\":\"https:\/\/www.pressenza.com\/es\/#\/schema\/person\/3166268d27b8b74a51a91eecd7b64f26\",\"name\":\"Nicolas Boeglin\",\"description\":\"Nicolas Boeglin, Professor of International Law, Law Faculty, University of Costa Rica (UCR). Contact : nboeglin@gmail.com\",\"url\":\"https:\/\/www.pressenza.com\/es\/author\/nicolas-boeglin\/\"}]}<\/script>\n<!-- \/ Yoast SEO plugin. -->","yoast_head_json":{"title":"Acuerdo de Escaz\u00fa: una nueva contribuci\u00f3n de la CEPAL","description":"En este mes de noviembre del 2021, la Comisi\u00f3n Econ\u00f3mica para Am\u00e9rica Latina de Naciones Unidas (CEPAL) dio a conocer una nueva publicaci\u00f3n sobre el","robots":{"index":"index","follow":"follow","max-snippet":"max-snippet:-1","max-image-preview":"max-image-preview:large","max-video-preview":"max-video-preview:-1"},"canonical":"https:\/\/www.pressenza.com\/es\/2021\/11\/acuerdo-de-escazu-una-nueva-contribucion-de-la-cepal\/","og_locale":"es_ES","og_type":"article","og_title":"Acuerdo de Escaz\u00fa: una nueva contribuci\u00f3n de la CEPAL","og_description":"En este mes de noviembre del 2021, la Comisi\u00f3n Econ\u00f3mica para Am\u00e9rica Latina de Naciones Unidas (CEPAL) dio a conocer una nueva publicaci\u00f3n sobre el","og_url":"https:\/\/www.pressenza.com\/es\/2021\/11\/acuerdo-de-escazu-una-nueva-contribucion-de-la-cepal\/","og_site_name":"Pressenza","article_publisher":"https:\/\/www.facebook.com\/PressenzaItalia","article_published_time":"2021-11-19T01:30:07+00:00","og_image":[{"width":950,"height":671,"url":"https:\/\/www.pressenza.com\/wp-content\/uploads\/2021\/11\/cpeal9.jpeg","type":"image\/jpeg"}],"author":"Nicolas Boeglin","twitter_card":"summary_large_image","twitter_creator":"@PressenzaIPA","twitter_site":"@PressenzaIPA","twitter_misc":{"Escrito por":"Nicolas Boeglin","Tiempo de lectura":"6 minutos"},"schema":{"@context":"https:\/\/schema.org","@graph":[{"@type":"Article","@id":"https:\/\/www.pressenza.com\/es\/2021\/11\/acuerdo-de-escazu-una-nueva-contribucion-de-la-cepal\/#article","isPartOf":{"@id":"https:\/\/www.pressenza.com\/es\/2021\/11\/acuerdo-de-escazu-una-nueva-contribucion-de-la-cepal\/"},"author":{"name":"Nicolas Boeglin","@id":"https:\/\/www.pressenza.com\/es\/#\/schema\/person\/3166268d27b8b74a51a91eecd7b64f26"},"headline":"Acuerdo de Escaz\u00fa: una nueva contribuci\u00f3n de la CEPAL","datePublished":"2021-11-19T01:30:07+00:00","mainEntityOfPage":{"@id":"https:\/\/www.pressenza.com\/es\/2021\/11\/acuerdo-de-escazu-una-nueva-contribucion-de-la-cepal\/"},"wordCount":1222,"publisher":{"@id":"https:\/\/www.pressenza.com\/es\/#organization"},"image":{"@id":"https:\/\/www.pressenza.com\/es\/2021\/11\/acuerdo-de-escazu-una-nueva-contribucion-de-la-cepal\/#primaryimage"},"thumbnailUrl":"https:\/\/www.pressenza.com\/wp-content\/uploads\/2021\/11\/cpeal9.jpeg","keywords":["Acuerdo de Escaz\u00fa","CEPAL"],"articleSection":["Am\u00e9rica Central","Ecolog\u00eda y Medio Ambiente","Pol\u00edtica","Sudam\u00e9rica"],"inLanguage":"es"},{"@type":"WebPage","@id":"https:\/\/www.pressenza.com\/es\/2021\/11\/acuerdo-de-escazu-una-nueva-contribucion-de-la-cepal\/","url":"https:\/\/www.pressenza.com\/es\/2021\/11\/acuerdo-de-escazu-una-nueva-contribucion-de-la-cepal\/","name":"Acuerdo de Escaz\u00fa: una nueva contribuci\u00f3n de la CEPAL","isPartOf":{"@id":"https:\/\/www.pressenza.com\/es\/#website"},"primaryImageOfPage":{"@id":"https:\/\/www.pressenza.com\/es\/2021\/11\/acuerdo-de-escazu-una-nueva-contribucion-de-la-cepal\/#primaryimage"},"image":{"@id":"https:\/\/www.pressenza.com\/es\/2021\/11\/acuerdo-de-escazu-una-nueva-contribucion-de-la-cepal\/#primaryimage"},"thumbnailUrl":"https:\/\/www.pressenza.com\/wp-content\/uploads\/2021\/11\/cpeal9.jpeg","datePublished":"2021-11-19T01:30:07+00:00","description":"En este mes de noviembre del 2021, la Comisi\u00f3n Econ\u00f3mica para Am\u00e9rica Latina de Naciones Unidas (CEPAL) dio a conocer una nueva publicaci\u00f3n sobre el","breadcrumb":{"@id":"https:\/\/www.pressenza.com\/es\/2021\/11\/acuerdo-de-escazu-una-nueva-contribucion-de-la-cepal\/#breadcrumb"},"inLanguage":"es","potentialAction":[{"@type":"ReadAction","target":["https:\/\/www.pressenza.com\/es\/2021\/11\/acuerdo-de-escazu-una-nueva-contribucion-de-la-cepal\/"]}]},{"@type":"ImageObject","inLanguage":"es","@id":"https:\/\/www.pressenza.com\/es\/2021\/11\/acuerdo-de-escazu-una-nueva-contribucion-de-la-cepal\/#primaryimage","url":"https:\/\/www.pressenza.com\/wp-content\/uploads\/2021\/11\/cpeal9.jpeg","contentUrl":"https:\/\/www.pressenza.com\/wp-content\/uploads\/2021\/11\/cpeal9.jpeg","width":950,"height":671},{"@type":"BreadcrumbList","@id":"https:\/\/www.pressenza.com\/es\/2021\/11\/acuerdo-de-escazu-una-nueva-contribucion-de-la-cepal\/#breadcrumb","itemListElement":[{"@type":"ListItem","position":1,"name":"Accueil","item":"https:\/\/www.pressenza.com\/es\/"},{"@type":"ListItem","position":2,"name":"Acuerdo de Escaz\u00fa: una nueva contribuci\u00f3n de la CEPAL"}]},{"@type":"WebSite","@id":"https:\/\/www.pressenza.com\/es\/#website","url":"https:\/\/www.pressenza.com\/es\/","name":"Pressenza","description":"International Press Agency","publisher":{"@id":"https:\/\/www.pressenza.com\/es\/#organization"},"potentialAction":[{"@type":"SearchAction","target":{"@type":"EntryPoint","urlTemplate":"https:\/\/www.pressenza.com\/es\/?s={search_term_string}"},"query-input":{"@type":"PropertyValueSpecification","valueRequired":true,"valueName":"search_term_string"}}],"inLanguage":"es"},{"@type":"Organization","@id":"https:\/\/www.pressenza.com\/es\/#organization","name":"Pressenza","url":"https:\/\/www.pressenza.com\/es\/","logo":{"@type":"ImageObject","inLanguage":"es","@id":"https:\/\/www.pressenza.com\/es\/#\/schema\/logo\/image\/","url":"https:\/\/www.pressenza.com\/wp-content\/uploads\/2022\/10\/pressenza_logo_200x200.jpg","contentUrl":"https:\/\/www.pressenza.com\/wp-content\/uploads\/2022\/10\/pressenza_logo_200x200.jpg","width":200,"height":200,"caption":"Pressenza"},"image":{"@id":"https:\/\/www.pressenza.com\/es\/#\/schema\/logo\/image\/"},"sameAs":["https:\/\/www.facebook.com\/PressenzaItalia","https:\/\/x.com\/PressenzaIPA"]},{"@type":"Person","@id":"https:\/\/www.pressenza.com\/es\/#\/schema\/person\/3166268d27b8b74a51a91eecd7b64f26","name":"Nicolas Boeglin","description":"Nicolas Boeglin, Professor of International Law, Law Faculty, University of Costa Rica (UCR). Contact : nboeglin@gmail.com","url":"https:\/\/www.pressenza.com\/es\/author\/nicolas-boeglin\/"}]}},"place":"Costa Rica","original_article_url":"https:\/\/derechointernacionalcr.blogspot.com\/2021\/11\/acuerdo-de-escazu-nueva-publicacion.html","_links":{"self":[{"href":"https:\/\/www.pressenza.com\/es\/wp-json\/wp\/v2\/posts\/1473548","targetHints":{"allow":["GET"]}}],"collection":[{"href":"https:\/\/www.pressenza.com\/es\/wp-json\/wp\/v2\/posts"}],"about":[{"href":"https:\/\/www.pressenza.com\/es\/wp-json\/wp\/v2\/types\/post"}],"author":[{"embeddable":true,"href":"https:\/\/www.pressenza.com\/es\/wp-json\/wp\/v2\/users\/1329"}],"replies":[{"embeddable":true,"href":"https:\/\/www.pressenza.com\/es\/wp-json\/wp\/v2\/comments?post=1473548"}],"version-history":[{"count":0,"href":"https:\/\/www.pressenza.com\/es\/wp-json\/wp\/v2\/posts\/1473548\/revisions"}],"wp:featuredmedia":[{"embeddable":true,"href":"https:\/\/www.pressenza.com\/es\/wp-json\/wp\/v2\/media\/1473549"}],"wp:attachment":[{"href":"https:\/\/www.pressenza.com\/es\/wp-json\/wp\/v2\/media?parent=1473548"}],"wp:term":[{"taxonomy":"category","embeddable":true,"href":"https:\/\/www.pressenza.com\/es\/wp-json\/wp\/v2\/categories?post=1473548"},{"taxonomy":"post_tag","embeddable":true,"href":"https:\/\/www.pressenza.com\/es\/wp-json\/wp\/v2\/tags?post=1473548"}],"curies":[{"name":"wp","href":"https:\/\/api.w.org\/{rel}","templated":true}]}}