{"id":1469572,"date":"2021-11-13T20:58:35","date_gmt":"2021-11-13T20:58:35","guid":{"rendered":"https:\/\/www.pressenza.com\/?p=1469572"},"modified":"2021-11-13T20:58:35","modified_gmt":"2021-11-13T20:58:35","slug":"piden-a-espana-que-como-potencia-responsable-proceda-a-la-descolonizacion-del-sahara-occidental","status":"publish","type":"post","link":"https:\/\/www.pressenza.com\/es\/2021\/11\/piden-a-espana-que-como-potencia-responsable-proceda-a-la-descolonizacion-del-sahara-occidental\/","title":{"rendered":"Piden a Espa\u00f1a que, como potencia responsable, proceda a la descolonizaci\u00f3n del S\u00e1hara Occidental"},"content":{"rendered":"<p><a href=\"http:\/\/larealidadsaharaui.blogspot.com\/2021\/11\/hoy-en-madrid-piden-espana-que-como.html?m=1\"><strong>Diario La Realidad Saharaui\/DLRS\/ <\/strong><strong>\u0635\u062d\u064a\u0641\u0629 \u0627\u0644\u0648\u0627\u0642\u0639 \u0627\u0644\u0635\u062d\u0631\u0627\u0648\u064a<\/strong><\/a><\/p>\n<p>Hoy en Madrid los saharauis se congregaron en la Puerta del Sol junto al movimiento solidario con la causa saharaui para condenar los tristemente acuerdos tripartitos de Madrid, mediante los cuales Espa\u00f1a no descoloniz\u00f3 el territorio sino que lo entreg\u00f3 a los reg\u00edmenes marroqu\u00edes y el de la entonces Mauritania de Uld Dadah. El portal Contramutis que dirige el periodista Lafarga ha seguido las manifestaciones de este s\u00e1bado 13 de noviembre.<\/p>\n<p>La responsabilidad de Espa\u00f1a en la situaci\u00f3n que se vive en el S\u00e1hara Occidental y su obligaci\u00f3n para que se llegue a una soluci\u00f3n al conflicto que enfrenta al Frente Polisario con Marruecos ha centrado la masiva manifestaci\u00f3n pro saharaui celebrada en Madrid.<\/p>\n<p>La manifestaci\u00f3n se celebra todos los a\u00f1os coincidiendo con el aniversario de la firma del acuerdo tripartito de Madrid, por el que Espa\u00f1a entreg\u00f3 la que hab\u00eda sido su provincia 53 a Marruecos y a Mauritania.\u00a0 El 46 aniversario de la salida de Espa\u00f1a coincide en esta ocasi\u00f3n con un a\u00f1o de la reanudaci\u00f3n de la guerra en el S\u00e1hara Occidental, al romper Marruecos el alto el fuego que se manten\u00eda desde septiembre de 1991.<\/p>\n<p><img loading=\"lazy\" decoding=\"async\" class=\"aligncenter size-large wp-image-1469573\" src=\"https:\/\/www.pressenza.com\/wp-content\/uploads\/2021\/11\/Sahara-Manifestacion-Madrid-13-nov-2021-820x615.jpg\" alt=\"\" width=\"820\" height=\"615\" srcset=\"https:\/\/www.pressenza.com\/wp-content\/uploads\/2021\/11\/Sahara-Manifestacion-Madrid-13-nov-2021-820x615.jpg 820w, https:\/\/www.pressenza.com\/wp-content\/uploads\/2021\/11\/Sahara-Manifestacion-Madrid-13-nov-2021-300x225.jpg 300w, https:\/\/www.pressenza.com\/wp-content\/uploads\/2021\/11\/Sahara-Manifestacion-Madrid-13-nov-2021.jpg 1920w\" sizes=\"auto, (max-width: 820px) 100vw, 820px\" \/><\/p>\n<p>Varios miles de personas llegadas de distintos puntos de Espa\u00f1a, entre saharauis y simpatizantes de su causa, han ido desde la plaza de Espa\u00f1a, por la Gran V\u00eda, hasta la Puerta del Sol, tras una gran pancarta con el lema \u201c<strong>No a los acuerdos tripartitos de Madrid<\/strong>\u201d y \u201c<strong>Stop a la vulneraci\u00f3n de los Derechos Humanos en el S\u00e1hara Occidental<\/strong>\u201d.<\/p>\n<p>Tras la pancarta, entre otros, Luke Uribe-Echebarria, senador del Partido Nacionalista Vasco; Enrique Santiago, el secretario general del PCE, diputado y secretario de Estado para la Agenda 2030; Jon Rodr\u00edguez Forrest, responsable de la Comisi\u00f3n de Relaciones Internacionales de Izquierda Unida para Oriente Medio y el Norte de \u00c1frica; Xavier Serra , presidente de la Coordinadora Estatal de Asociaciones Solidarias con el S\u00e1hara, organizaci\u00f3n convocante de la manifestaci\u00f3n, y Abdulah Arabi, delegado del Frente Polisario para Espa\u00f1a.<\/p>\n<p>La traici\u00f3n a las promesas hechas al pueblo saharaui por parte de Espa\u00f1a ha sido destacada en el manifiesto le\u00eddo por el atleta navarro Joseba Alzueta, que ha recorrido 460 km para llegar a Madrid desde Pamplona y pedir que se ponga fin a la vulneraci\u00f3n de los DDHH en el S\u00e1hara Occidental.<\/p>\n","protected":false},"excerpt":{"rendered":"<p>Diario La Realidad Saharaui\/DLRS\/ \u0635\u062d\u064a\u0641\u0629 \u0627\u0644\u0648\u0627\u0642\u0639 \u0627\u0644\u0635\u062d\u0631\u0627\u0648\u064a Hoy en Madrid los saharauis se congregaron en la Puerta del Sol junto al movimiento solidario con la causa saharaui para condenar los tristemente acuerdos tripartitos de Madrid, mediante los cuales Espa\u00f1a no&hellip;<\/p>\n","protected":false},"author":94,"featured_media":1469584,"comment_status":"closed","ping_status":"closed","sticky":false,"template":"","format":"standard","meta":{"footnotes":""},"categories":[64,76,79,66],"tags":[11093,1065,9024,18695,1105],"class_list":["post-1469572","post","type-post","status-publish","format-standard","has-post-thumbnail","hentry","category-africa-es","category-relaciones-exteriores","category-derechos-humanos","category-europa-es","tag-descolonizacion","tag-espana","tag-marruecos","tag-sahara-occidental","tag-territorios-ocupados"],"yoast_head":"<!-- This site is optimized with the Yoast SEO plugin v27.1.1 - https:\/\/yoast.com\/product\/yoast-seo-wordpress\/ -->\n<title>Piden a Espa\u00f1a que, como potencia responsable, proceda a la descolonizaci\u00f3n del S\u00e1hara Occidental<\/title>\n<meta name=\"description\" content=\"Diario La Realidad Saharaui\/DLRS\/ \u0635\u062d\u064a\u0641\u0629 \u0627\u0644\u0648\u0627\u0642\u0639 \u0627\u0644\u0635\u062d\u0631\u0627\u0648\u064a Hoy en Madrid los saharauis se congregaron en la Puerta del Sol junto al movimiento solidario con\" \/>\n<meta name=\"robots\" content=\"index, follow, max-snippet:-1, max-image-preview:large, max-video-preview:-1\" \/>\n<link rel=\"canonical\" href=\"https:\/\/www.pressenza.com\/es\/2021\/11\/piden-a-espana-que-como-potencia-responsable-proceda-a-la-descolonizacion-del-sahara-occidental\/\" \/>\n<meta property=\"og:locale\" content=\"es_ES\" \/>\n<meta property=\"og:type\" content=\"article\" \/>\n<meta property=\"og:title\" content=\"Piden a Espa\u00f1a que, como potencia responsable, proceda a la descolonizaci\u00f3n del S\u00e1hara Occidental\" \/>\n<meta property=\"og:description\" content=\"Diario La Realidad Saharaui\/DLRS\/ \u0635\u062d\u064a\u0641\u0629 \u0627\u0644\u0648\u0627\u0642\u0639 \u0627\u0644\u0635\u062d\u0631\u0627\u0648\u064a Hoy en Madrid los saharauis se congregaron en la Puerta del Sol junto al movimiento solidario con\" \/>\n<meta property=\"og:url\" content=\"https:\/\/www.pressenza.com\/es\/2021\/11\/piden-a-espana-que-como-potencia-responsable-proceda-a-la-descolonizacion-del-sahara-occidental\/\" \/>\n<meta property=\"og:site_name\" content=\"Pressenza\" \/>\n<meta property=\"article:publisher\" content=\"https:\/\/www.facebook.com\/PressenzaItalia\" \/>\n<meta property=\"article:author\" content=\"https:\/\/www.facebook.com\/pressenza\" \/>\n<meta property=\"article:published_time\" content=\"2021-11-13T20:58:35+00:00\" \/>\n<meta property=\"og:image\" content=\"https:\/\/www.pressenza.com\/wp-content\/uploads\/2021\/11\/13-noviembre-2021-Sahara-Occidental.jpg\" \/>\n\t<meta property=\"og:image:width\" content=\"1920\" \/>\n\t<meta property=\"og:image:height\" content=\"1440\" \/>\n\t<meta property=\"og:image:type\" content=\"image\/jpeg\" \/>\n<meta name=\"author\" content=\"Redacci\u00f3n Madrid\" \/>\n<meta name=\"twitter:card\" content=\"summary_large_image\" \/>\n<meta name=\"twitter:creator\" content=\"@pressenza\" \/>\n<meta name=\"twitter:site\" content=\"@PressenzaIPA\" \/>\n<meta name=\"twitter:label1\" content=\"Escrito por\" \/>\n\t<meta name=\"twitter:data1\" content=\"Redacci\u00f3n Madrid\" \/>\n\t<meta name=\"twitter:label2\" content=\"Tiempo de lectura\" \/>\n\t<meta name=\"twitter:data2\" content=\"2 minutos\" \/>\n<script type=\"application\/ld+json\" class=\"yoast-schema-graph\">{\"@context\":\"https:\/\/schema.org\",\"@graph\":[{\"@type\":\"Article\",\"@id\":\"https:\/\/www.pressenza.com\/es\/2021\/11\/piden-a-espana-que-como-potencia-responsable-proceda-a-la-descolonizacion-del-sahara-occidental\/#article\",\"isPartOf\":{\"@id\":\"https:\/\/www.pressenza.com\/es\/2021\/11\/piden-a-espana-que-como-potencia-responsable-proceda-a-la-descolonizacion-del-sahara-occidental\/\"},\"author\":{\"name\":\"Redacci\u00f3n Madrid\",\"@id\":\"https:\/\/www.pressenza.com\/es\/#\/schema\/person\/828fc40eeca2ad7be3630e5a46adba94\"},\"headline\":\"Piden a Espa\u00f1a que, como potencia responsable, proceda a la descolonizaci\u00f3n del S\u00e1hara Occidental\",\"datePublished\":\"2021-11-13T20:58:35+00:00\",\"mainEntityOfPage\":{\"@id\":\"https:\/\/www.pressenza.com\/es\/2021\/11\/piden-a-espana-que-como-potencia-responsable-proceda-a-la-descolonizacion-del-sahara-occidental\/\"},\"wordCount\":430,\"publisher\":{\"@id\":\"https:\/\/www.pressenza.com\/es\/#organization\"},\"image\":{\"@id\":\"https:\/\/www.pressenza.com\/es\/2021\/11\/piden-a-espana-que-como-potencia-responsable-proceda-a-la-descolonizacion-del-sahara-occidental\/#primaryimage\"},\"thumbnailUrl\":\"https:\/\/www.pressenza.com\/wp-content\/uploads\/2021\/11\/13-noviembre-2021-Sahara-Occidental.jpg\",\"keywords\":[\"descolonizaci\u00f3n\",\"Espa\u00f1a\",\"Marruecos\",\"Sahara Occidental\",\"territorios ocupados\"],\"articleSection\":[\"Africa\",\"Asuntos internacionales\",\"Derechos Humanos\",\"Europa\"],\"inLanguage\":\"es\"},{\"@type\":\"WebPage\",\"@id\":\"https:\/\/www.pressenza.com\/es\/2021\/11\/piden-a-espana-que-como-potencia-responsable-proceda-a-la-descolonizacion-del-sahara-occidental\/\",\"url\":\"https:\/\/www.pressenza.com\/es\/2021\/11\/piden-a-espana-que-como-potencia-responsable-proceda-a-la-descolonizacion-del-sahara-occidental\/\",\"name\":\"Piden a Espa\u00f1a que, como potencia responsable, proceda a la descolonizaci\u00f3n del S\u00e1hara Occidental\",\"isPartOf\":{\"@id\":\"https:\/\/www.pressenza.com\/es\/#website\"},\"primaryImageOfPage\":{\"@id\":\"https:\/\/www.pressenza.com\/es\/2021\/11\/piden-a-espana-que-como-potencia-responsable-proceda-a-la-descolonizacion-del-sahara-occidental\/#primaryimage\"},\"image\":{\"@id\":\"https:\/\/www.pressenza.com\/es\/2021\/11\/piden-a-espana-que-como-potencia-responsable-proceda-a-la-descolonizacion-del-sahara-occidental\/#primaryimage\"},\"thumbnailUrl\":\"https:\/\/www.pressenza.com\/wp-content\/uploads\/2021\/11\/13-noviembre-2021-Sahara-Occidental.jpg\",\"datePublished\":\"2021-11-13T20:58:35+00:00\",\"description\":\"Diario La Realidad Saharaui\/DLRS\/ \u0635\u062d\u064a\u0641\u0629 \u0627\u0644\u0648\u0627\u0642\u0639 \u0627\u0644\u0635\u062d\u0631\u0627\u0648\u064a Hoy en Madrid los saharauis se congregaron en la Puerta del Sol junto al movimiento solidario con\",\"breadcrumb\":{\"@id\":\"https:\/\/www.pressenza.com\/es\/2021\/11\/piden-a-espana-que-como-potencia-responsable-proceda-a-la-descolonizacion-del-sahara-occidental\/#breadcrumb\"},\"inLanguage\":\"es\",\"potentialAction\":[{\"@type\":\"ReadAction\",\"target\":[\"https:\/\/www.pressenza.com\/es\/2021\/11\/piden-a-espana-que-como-potencia-responsable-proceda-a-la-descolonizacion-del-sahara-occidental\/\"]}]},{\"@type\":\"ImageObject\",\"inLanguage\":\"es\",\"@id\":\"https:\/\/www.pressenza.com\/es\/2021\/11\/piden-a-espana-que-como-potencia-responsable-proceda-a-la-descolonizacion-del-sahara-occidental\/#primaryimage\",\"url\":\"https:\/\/www.pressenza.com\/wp-content\/uploads\/2021\/11\/13-noviembre-2021-Sahara-Occidental.jpg\",\"contentUrl\":\"https:\/\/www.pressenza.com\/wp-content\/uploads\/2021\/11\/13-noviembre-2021-Sahara-Occidental.jpg\",\"width\":1920,\"height\":1440},{\"@type\":\"BreadcrumbList\",\"@id\":\"https:\/\/www.pressenza.com\/es\/2021\/11\/piden-a-espana-que-como-potencia-responsable-proceda-a-la-descolonizacion-del-sahara-occidental\/#breadcrumb\",\"itemListElement\":[{\"@type\":\"ListItem\",\"position\":1,\"name\":\"Accueil\",\"item\":\"https:\/\/www.pressenza.com\/es\/\"},{\"@type\":\"ListItem\",\"position\":2,\"name\":\"Piden a Espa\u00f1a que, como potencia responsable, proceda a la descolonizaci\u00f3n del S\u00e1hara Occidental\"}]},{\"@type\":\"WebSite\",\"@id\":\"https:\/\/www.pressenza.com\/es\/#website\",\"url\":\"https:\/\/www.pressenza.com\/es\/\",\"name\":\"Pressenza\",\"description\":\"International Press Agency\",\"publisher\":{\"@id\":\"https:\/\/www.pressenza.com\/es\/#organization\"},\"potentialAction\":[{\"@type\":\"SearchAction\",\"target\":{\"@type\":\"EntryPoint\",\"urlTemplate\":\"https:\/\/www.pressenza.com\/es\/?s={search_term_string}\"},\"query-input\":{\"@type\":\"PropertyValueSpecification\",\"valueRequired\":true,\"valueName\":\"search_term_string\"}}],\"inLanguage\":\"es\"},{\"@type\":\"Organization\",\"@id\":\"https:\/\/www.pressenza.com\/es\/#organization\",\"name\":\"Pressenza\",\"url\":\"https:\/\/www.pressenza.com\/es\/\",\"logo\":{\"@type\":\"ImageObject\",\"inLanguage\":\"es\",\"@id\":\"https:\/\/www.pressenza.com\/es\/#\/schema\/logo\/image\/\",\"url\":\"https:\/\/www.pressenza.com\/wp-content\/uploads\/2022\/10\/pressenza_logo_200x200.jpg\",\"contentUrl\":\"https:\/\/www.pressenza.com\/wp-content\/uploads\/2022\/10\/pressenza_logo_200x200.jpg\",\"width\":200,\"height\":200,\"caption\":\"Pressenza\"},\"image\":{\"@id\":\"https:\/\/www.pressenza.com\/es\/#\/schema\/logo\/image\/\"},\"sameAs\":[\"https:\/\/www.facebook.com\/PressenzaItalia\",\"https:\/\/x.com\/PressenzaIPA\"]},{\"@type\":\"Person\",\"@id\":\"https:\/\/www.pressenza.com\/es\/#\/schema\/person\/828fc40eeca2ad7be3630e5a46adba94\",\"name\":\"Redacci\u00f3n Madrid\",\"description\":\"News from the Pressenza Bureau in Madrid, Spain\",\"sameAs\":[\"https:\/\/www.facebook.com\/pressenza\",\"https:\/\/x.com\/pressenza\"],\"url\":\"https:\/\/www.pressenza.com\/es\/author\/redaccion-madrid\/\"}]}<\/script>\n<!-- \/ Yoast SEO plugin. -->","yoast_head_json":{"title":"Piden a Espa\u00f1a que, como potencia responsable, proceda a la descolonizaci\u00f3n del S\u00e1hara Occidental","description":"Diario La Realidad Saharaui\/DLRS\/ \u0635\u062d\u064a\u0641\u0629 \u0627\u0644\u0648\u0627\u0642\u0639 \u0627\u0644\u0635\u062d\u0631\u0627\u0648\u064a Hoy en Madrid los saharauis se congregaron en la Puerta del Sol junto al movimiento solidario con","robots":{"index":"index","follow":"follow","max-snippet":"max-snippet:-1","max-image-preview":"max-image-preview:large","max-video-preview":"max-video-preview:-1"},"canonical":"https:\/\/www.pressenza.com\/es\/2021\/11\/piden-a-espana-que-como-potencia-responsable-proceda-a-la-descolonizacion-del-sahara-occidental\/","og_locale":"es_ES","og_type":"article","og_title":"Piden a Espa\u00f1a que, como potencia responsable, proceda a la descolonizaci\u00f3n del S\u00e1hara Occidental","og_description":"Diario La Realidad Saharaui\/DLRS\/ \u0635\u062d\u064a\u0641\u0629 \u0627\u0644\u0648\u0627\u0642\u0639 \u0627\u0644\u0635\u062d\u0631\u0627\u0648\u064a Hoy en Madrid los saharauis se congregaron en la Puerta del Sol junto al movimiento solidario con","og_url":"https:\/\/www.pressenza.com\/es\/2021\/11\/piden-a-espana-que-como-potencia-responsable-proceda-a-la-descolonizacion-del-sahara-occidental\/","og_site_name":"Pressenza","article_publisher":"https:\/\/www.facebook.com\/PressenzaItalia","article_author":"https:\/\/www.facebook.com\/pressenza","article_published_time":"2021-11-13T20:58:35+00:00","og_image":[{"width":1920,"height":1440,"url":"https:\/\/www.pressenza.com\/wp-content\/uploads\/2021\/11\/13-noviembre-2021-Sahara-Occidental.jpg","type":"image\/jpeg"}],"author":"Redacci\u00f3n Madrid","twitter_card":"summary_large_image","twitter_creator":"@pressenza","twitter_site":"@PressenzaIPA","twitter_misc":{"Escrito por":"Redacci\u00f3n Madrid","Tiempo de lectura":"2 minutos"},"schema":{"@context":"https:\/\/schema.org","@graph":[{"@type":"Article","@id":"https:\/\/www.pressenza.com\/es\/2021\/11\/piden-a-espana-que-como-potencia-responsable-proceda-a-la-descolonizacion-del-sahara-occidental\/#article","isPartOf":{"@id":"https:\/\/www.pressenza.com\/es\/2021\/11\/piden-a-espana-que-como-potencia-responsable-proceda-a-la-descolonizacion-del-sahara-occidental\/"},"author":{"name":"Redacci\u00f3n Madrid","@id":"https:\/\/www.pressenza.com\/es\/#\/schema\/person\/828fc40eeca2ad7be3630e5a46adba94"},"headline":"Piden a Espa\u00f1a que, como potencia responsable, proceda a la descolonizaci\u00f3n del S\u00e1hara Occidental","datePublished":"2021-11-13T20:58:35+00:00","mainEntityOfPage":{"@id":"https:\/\/www.pressenza.com\/es\/2021\/11\/piden-a-espana-que-como-potencia-responsable-proceda-a-la-descolonizacion-del-sahara-occidental\/"},"wordCount":430,"publisher":{"@id":"https:\/\/www.pressenza.com\/es\/#organization"},"image":{"@id":"https:\/\/www.pressenza.com\/es\/2021\/11\/piden-a-espana-que-como-potencia-responsable-proceda-a-la-descolonizacion-del-sahara-occidental\/#primaryimage"},"thumbnailUrl":"https:\/\/www.pressenza.com\/wp-content\/uploads\/2021\/11\/13-noviembre-2021-Sahara-Occidental.jpg","keywords":["descolonizaci\u00f3n","Espa\u00f1a","Marruecos","Sahara Occidental","territorios ocupados"],"articleSection":["Africa","Asuntos internacionales","Derechos Humanos","Europa"],"inLanguage":"es"},{"@type":"WebPage","@id":"https:\/\/www.pressenza.com\/es\/2021\/11\/piden-a-espana-que-como-potencia-responsable-proceda-a-la-descolonizacion-del-sahara-occidental\/","url":"https:\/\/www.pressenza.com\/es\/2021\/11\/piden-a-espana-que-como-potencia-responsable-proceda-a-la-descolonizacion-del-sahara-occidental\/","name":"Piden a Espa\u00f1a que, como potencia responsable, proceda a la descolonizaci\u00f3n del S\u00e1hara Occidental","isPartOf":{"@id":"https:\/\/www.pressenza.com\/es\/#website"},"primaryImageOfPage":{"@id":"https:\/\/www.pressenza.com\/es\/2021\/11\/piden-a-espana-que-como-potencia-responsable-proceda-a-la-descolonizacion-del-sahara-occidental\/#primaryimage"},"image":{"@id":"https:\/\/www.pressenza.com\/es\/2021\/11\/piden-a-espana-que-como-potencia-responsable-proceda-a-la-descolonizacion-del-sahara-occidental\/#primaryimage"},"thumbnailUrl":"https:\/\/www.pressenza.com\/wp-content\/uploads\/2021\/11\/13-noviembre-2021-Sahara-Occidental.jpg","datePublished":"2021-11-13T20:58:35+00:00","description":"Diario La Realidad Saharaui\/DLRS\/ \u0635\u062d\u064a\u0641\u0629 \u0627\u0644\u0648\u0627\u0642\u0639 \u0627\u0644\u0635\u062d\u0631\u0627\u0648\u064a Hoy en Madrid los saharauis se congregaron en la Puerta del Sol junto al movimiento solidario con","breadcrumb":{"@id":"https:\/\/www.pressenza.com\/es\/2021\/11\/piden-a-espana-que-como-potencia-responsable-proceda-a-la-descolonizacion-del-sahara-occidental\/#breadcrumb"},"inLanguage":"es","potentialAction":[{"@type":"ReadAction","target":["https:\/\/www.pressenza.com\/es\/2021\/11\/piden-a-espana-que-como-potencia-responsable-proceda-a-la-descolonizacion-del-sahara-occidental\/"]}]},{"@type":"ImageObject","inLanguage":"es","@id":"https:\/\/www.pressenza.com\/es\/2021\/11\/piden-a-espana-que-como-potencia-responsable-proceda-a-la-descolonizacion-del-sahara-occidental\/#primaryimage","url":"https:\/\/www.pressenza.com\/wp-content\/uploads\/2021\/11\/13-noviembre-2021-Sahara-Occidental.jpg","contentUrl":"https:\/\/www.pressenza.com\/wp-content\/uploads\/2021\/11\/13-noviembre-2021-Sahara-Occidental.jpg","width":1920,"height":1440},{"@type":"BreadcrumbList","@id":"https:\/\/www.pressenza.com\/es\/2021\/11\/piden-a-espana-que-como-potencia-responsable-proceda-a-la-descolonizacion-del-sahara-occidental\/#breadcrumb","itemListElement":[{"@type":"ListItem","position":1,"name":"Accueil","item":"https:\/\/www.pressenza.com\/es\/"},{"@type":"ListItem","position":2,"name":"Piden a Espa\u00f1a que, como potencia responsable, proceda a la descolonizaci\u00f3n del S\u00e1hara Occidental"}]},{"@type":"WebSite","@id":"https:\/\/www.pressenza.com\/es\/#website","url":"https:\/\/www.pressenza.com\/es\/","name":"Pressenza","description":"International Press Agency","publisher":{"@id":"https:\/\/www.pressenza.com\/es\/#organization"},"potentialAction":[{"@type":"SearchAction","target":{"@type":"EntryPoint","urlTemplate":"https:\/\/www.pressenza.com\/es\/?s={search_term_string}"},"query-input":{"@type":"PropertyValueSpecification","valueRequired":true,"valueName":"search_term_string"}}],"inLanguage":"es"},{"@type":"Organization","@id":"https:\/\/www.pressenza.com\/es\/#organization","name":"Pressenza","url":"https:\/\/www.pressenza.com\/es\/","logo":{"@type":"ImageObject","inLanguage":"es","@id":"https:\/\/www.pressenza.com\/es\/#\/schema\/logo\/image\/","url":"https:\/\/www.pressenza.com\/wp-content\/uploads\/2022\/10\/pressenza_logo_200x200.jpg","contentUrl":"https:\/\/www.pressenza.com\/wp-content\/uploads\/2022\/10\/pressenza_logo_200x200.jpg","width":200,"height":200,"caption":"Pressenza"},"image":{"@id":"https:\/\/www.pressenza.com\/es\/#\/schema\/logo\/image\/"},"sameAs":["https:\/\/www.facebook.com\/PressenzaItalia","https:\/\/x.com\/PressenzaIPA"]},{"@type":"Person","@id":"https:\/\/www.pressenza.com\/es\/#\/schema\/person\/828fc40eeca2ad7be3630e5a46adba94","name":"Redacci\u00f3n Madrid","description":"News from the Pressenza Bureau in Madrid, Spain","sameAs":["https:\/\/www.facebook.com\/pressenza","https:\/\/x.com\/pressenza"],"url":"https:\/\/www.pressenza.com\/es\/author\/redaccion-madrid\/"}]}},"place":"Madrid, Espa\u00f1a","original_article_url":"http:\/\/larealidadsaharaui.blogspot.com\/2021\/11\/hoy-en-madrid-piden-espana-que-como.html?m=1","_links":{"self":[{"href":"https:\/\/www.pressenza.com\/es\/wp-json\/wp\/v2\/posts\/1469572","targetHints":{"allow":["GET"]}}],"collection":[{"href":"https:\/\/www.pressenza.com\/es\/wp-json\/wp\/v2\/posts"}],"about":[{"href":"https:\/\/www.pressenza.com\/es\/wp-json\/wp\/v2\/types\/post"}],"author":[{"embeddable":true,"href":"https:\/\/www.pressenza.com\/es\/wp-json\/wp\/v2\/users\/94"}],"replies":[{"embeddable":true,"href":"https:\/\/www.pressenza.com\/es\/wp-json\/wp\/v2\/comments?post=1469572"}],"version-history":[{"count":0,"href":"https:\/\/www.pressenza.com\/es\/wp-json\/wp\/v2\/posts\/1469572\/revisions"}],"wp:featuredmedia":[{"embeddable":true,"href":"https:\/\/www.pressenza.com\/es\/wp-json\/wp\/v2\/media\/1469584"}],"wp:attachment":[{"href":"https:\/\/www.pressenza.com\/es\/wp-json\/wp\/v2\/media?parent=1469572"}],"wp:term":[{"taxonomy":"category","embeddable":true,"href":"https:\/\/www.pressenza.com\/es\/wp-json\/wp\/v2\/categories?post=1469572"},{"taxonomy":"post_tag","embeddable":true,"href":"https:\/\/www.pressenza.com\/es\/wp-json\/wp\/v2\/tags?post=1469572"}],"curies":[{"name":"wp","href":"https:\/\/api.w.org\/{rel}","templated":true}]}}