{"id":146895,"date":"2014-11-08T00:01:41","date_gmt":"2014-11-08T00:01:41","guid":{"rendered":"http:\/\/www.pressenza.com\/?p=146895"},"modified":"2014-11-08T22:24:39","modified_gmt":"2014-11-08T22:24:39","slug":"ha-nacido-quien-detenga-la-tramontana-ni-meta-al-rayo-en-una-jaula-cataluna-camina-o-estalla","status":"publish","type":"post","link":"https:\/\/www.pressenza.com\/es\/2014\/11\/ha-nacido-quien-detenga-la-tramontana-ni-meta-al-rayo-en-una-jaula-cataluna-camina-o-estalla\/","title":{"rendered":"\u00abNo ha nacido quien detenga la tramontana, ni meta al rayo en una jaula\u00bb- Catalu\u00f1a camina o estalla"},"content":{"rendered":"<p align=\"center\"><b>Catalu\u00f1a camina o estalla<\/b><\/p>\n<p align=\"center\"><b>I<\/b><\/p>\n<p align=\"center\"><em>Mientras Rajoy y el Rey tocan la lira<\/em><\/p>\n<p align=\"center\"><b>\u00a0<\/b><\/p>\n<p align=\"center\"><b>Manifiesto Llamamiento Urgente al Mundo del Arte y la Cultura<\/b><\/p>\n<p><i>El fascismo manipula la opini\u00f3n p\u00fablica, falsifica la historia, insulta a la inteligencia y aplasta al d\u00e9bil con la LEY que refrenda su poder econ\u00f3mico-militar. El fascismo niega el derecho a SER y a la libre y solidaria uni\u00f3n de las personas y de los pueblos en el s\u00ed de la familia y del estado.<\/i><\/p>\n<p>&nbsp;<\/p>\n<p>Necesitamos: todo el seny de Catalunya y la sensatez de Espa\u00f1a para parar esta est\u00fapida locura y abrir despu\u00e9s del 10 N v\u00edas al di\u00e1logo, cauces al mutuo y solidario entendimiento, puertas y ventanas a la esperanza y el futuro, al amor y la vida entre los humanos-hermanos siempre iguales y diferentes.<\/p>\n<p>Denunciamos: la obtusa cerraz\u00f3n de los ilusos ilusionistas de la caverna pol\u00edtica y medi\u00e1tica.<\/p>\n<p>Reivindicamos: el ineludible derecho democr\u00e1tico de toda naci\u00f3n y nacionalidad a decidir como sujeto de derechos y ente soberano su propio destino para construir su futuro de libertad en paz y armon\u00eda con sus hermanos de Iberia (la Hispania fenicia y romana) y en su medio natural, la madre Tierra.<\/p>\n<p>Declaramos:<i> <\/i>estar a favor del derecho a la autodeterminaci\u00f3n de los pueblos.<\/p>\n<p>Comprendemos: las razones de Catalu\u00f1a y su hartazgo del PP de Rajoy y &amp; y de los necios socio-listos del PSOE, sin avalar la ruptura del estado espa\u00f1ol.<\/p>\n<p>Creemos sinceramente que la independencia no es la mejor soluci\u00f3n para nadie y menos para quienes amamos y defendemos la luz de Andaluc\u00eda y el Madrid rompeolas del fascismo, la Espa\u00f1a solidaria y culta, cosmopolita y peregrina, que si la Dol\u00e7a Catalunya y el verde de Euskadi dejan Espa\u00f1a, est\u00e1 quedar\u00e1 tuerta y coja, m\u00e1s pobre y desolada.<\/p>\n<p>Necesitamos: como el trigo la lluvia en el mes de mayo el permanecer unidos, para poder sobrevivir TODOS y revertir la inaguantable situaci\u00f3n pol\u00edtica y econ\u00f3mica con el triunfo en las urnas de PODEMOS para poder dialogar y entendernos cambiando el traje constitucional y adecuando la legalidad a la nueva realidad social y pol\u00edtica de la Espa\u00f1a Plurinacional.<\/p>\n<p>Catalu\u00f1a: votar\u00e1 el 9 N, llueva a cantaros y caigan del cielo casta\u00f1as heladas y renacuajos peludos. Ni Aznar y Rajoy ni la Camacho y el Rivera ni la Rosa D\u00edez y el Pedro S\u00e1nchez asistidos por los cuatro jinetes del Apocalipsis; Franco y Mola, Queipo de Llano y Mill\u00e1n-Astray al mando de los Cien mil jinetes de San Luis salvar\u00e1n del rid\u00edculo a los eunucos de las flores de lis.<\/p>\n<p>Si Catalu\u00f1a y Euskadi se independizan que nadie busque los responsables en el <em>Palau de la Generalitat<\/em> o en Ajuria Enea que los art\u00edfices de la ruptura est\u00e1n tocando la lira y bailando el Vals del Emperador en el Palacio de la Moncloa y el Palacio de la Zarzuela. Los m\u00e1ximos responsables del choque de trenes -POL\u00cdTICO no jur\u00eddico- entre Catalunya y Espa\u00f1a, son los dirigentes del PP y del PSOE que no saben ni quieren saber y se lavan sus sucias manos con el papel higi\u00e9nico del Tribunal Constitucional.<\/p>\n<p>En Madrid: el pueblo, arm\u00f3 el 2 de Mayo, cuando los borbones se fueron a la playa incapaces de defender la paz y la unidad, la dignidad y la libertad de las Espa\u00f1as ante el Imperio.<\/p>\n<p>Y \u00c9l heroico matador de viejos elefantes se camufl\u00f3 con una ramita de olivo entre tres matas de tomates cuando los s\u00fabditos de su hermano alauita iniciaron su pase\u00edllo verde por el Sahara.<\/p>\n<p>El \u00faltimo Borb\u00f3n: clausura el 4\/11\/2014 en Sevilla, El Congreso Anual de la Confederaci\u00f3n Espa\u00f1ola de Directivos y Ejecutivos sin decir esta boca es m\u00eda sobre la patata caliente que le pasan el PP y el PSOE a los doctos escribanos de las 12 tribus de Judea.<\/p>\n<p>La pasiva complicidad con el gobierno del PP de Felipe VI, el silente, embelesado de su estirpe y de su costilla real, es el suicidio pol\u00edtico de una corona que no ve ni entiende el papel del nacionalcatolicismo centralista, neo fascista e imperialista, dominante y excluyente, ni los anhelos de justicia y equidad de los nacionalismos perif\u00e9ricos ninguneados desde los tiempos pret\u00e9ritos, que hoy piden urnas y libertad para defender su lengua y cultura, su identidad nacional. Mal lo tiene y peor lo va a tener qui\u00e9n no sabe no contesta y toma partido por el verdugo abandonando la v\u00edctima a su suerte. Nada extra\u00f1o por otra parte si recordamos sus genes, maestros y referencias, desde los Reyes Cat\u00f3licos y Felipe V a Fernando VII, pasando por su abuelo putativo (aquel Caudillo de Espa\u00f1a por la gracia de Dios) y el mejor ejemplo de su papi, el gran seductor-conseguidor.<\/p>\n<p>Escocia: no se independizo, porque le ofrecieron bombones y flores dej\u00e1ndole votar.<\/p>\n<p>La raz\u00f3n de la fuerza jam\u00e1s podr\u00e1 con la fuerza de la raz\u00f3n, que dominar y violar, vejar y matar a las mujeres y a los pueblos, sus ansias de libertad, su identidad y sus derechos, tiene un nombre, que ahora y aqu\u00ed nos reservamos.<\/p>\n<p>Si el REY y la Santa Alianza del PP-PSOE le priva del derecho a decidir a Catalu\u00f1a, la empujar\u00e1 a independizase y proclamarse republicana para convertirse con Euskadi en el catalizador y motor del cambio social pol\u00edtico y econ\u00f3mico en el resto de Espa\u00f1a al tender puentes y establecer las mejores relaciones con Arag\u00f3n y Navarra, la bella Canarias limpia de petroleras, Galicia y Andaluc\u00eda, qued\u00e1ndose los hijos espurios de la Espa\u00f1a cainita y profunda como el gallo de Mor\u00f3n, que el problema de Catalu\u00f1a y de Espa\u00f1a no se llama Murcia ni Extremadura, ni son las Castillas ni Le\u00f3n, son\u00a0 toda la familia real y su corte pol\u00edtica de milagreros y palmeros, toda esa legi\u00f3n de ineptos y z\u00e1nganos corruptos.<\/p>\n<p align=\"center\"><b>Catalu\u00f1a camina o estalla<br \/>\n<\/b><\/p>\n<p align=\"center\">No hay ley ni muralla ni espada,<\/p>\n<p align=\"center\">No hay c\u00e1rcel ni torre ni defensa,<\/p>\n<p align=\"center\">Que pueda con la palabra,<\/p>\n<p align=\"center\">La raz\u00f3n y el valor del alma.<\/p>\n<p align=\"center\">No hay alto tribunal ni cacat\u00faa<\/p>\n<p align=\"center\">No hay general ni\u00a0 rey ni reina,<\/p>\n<p align=\"center\">Ni cabra ni cabr\u00f3n que pueda<\/p>\n<p align=\"center\"><b><i>Amb els nois i noies de Catalunya<\/i><\/b>.<\/p>\n<p align=\"center\">No ha nacido el Presidente<\/p>\n<p align=\"center\">Ni el hijo de madre en Iberia<\/p>\n<p align=\"center\">Que detenga a la tramontana<\/p>\n<p align=\"center\">Y meta al rayo en una jaula.<\/p>\n<p align=\"center\"><b>II<\/b><\/p>\n<p align=\"center\"><b>\u00a0<\/b><b>Breve resumen de cuanto dec\u00eda en <i>La Ley de Leyes<br \/>\n<\/i><\/b><\/p>\n<p align=\"center\"><b><i>El oro<\/i><\/b><\/p>\n<p align=\"center\"><em>Con el oro y el oro negro, todo se compra y se alcanza,<\/em><\/p>\n<p align=\"center\"><em>Todo, el placer y la gloria, todo, la ley y la corona.<\/em><\/p>\n<p align=\"center\"><em>Todo, menos el verso, la verg\u00fcenza y la dignidad.<\/em><\/p>\n<p align=\"center\">\u00a0La Carta Magna o LEY de leyes no es dogma de fe inmutable al paso del tiempo y los cambios sociales y pol\u00edticos que se operan en toda sociedad viva. La LEY va siempre a la zaga de los acontecimientos y cambios, intentando amordazar toda idea nueva u opini\u00f3n cr\u00edtica, poni\u00e9ndole zancadillas y palos al curso de la historia y el devenir de la humanidad y la necesaria, <i>Libertad, Igualdad y Fraternidad.<\/i><\/p>\n<p><i>\u00a0<\/i>La LEY que es de obligado y estricto cumplimiento para los pobres paganos pobres, es el arma jur\u00eddica de la clase dominante, de las oscuras cloacas del estado, de las arbitrariedades de su casta pol\u00edtica banal y venal y del Poder supranacional de la gran banca y las multinacionales.<\/p>\n<p>Catalunya tiene el derecho humano, la raz\u00f3n c\u00edvica y pol\u00edtica para realizar el refer\u00e9ndum del 9 N. Ese derecho es consustancial a su identidad, historia y voluntad manifiesta, y es inviolable, ante \u00e9l, en el siglo XXI y en el marco de la Uni\u00f3n Europea, no ha lugar a los chantajes y las amenazas ultramontanas.<\/p>\n<p>Con la mano abierta y tendida hay que recomponer los lazos de amor fraternal y unidad libre y solidaria para ir codo a codo, mano a mano con Catalu\u00f1a y abrir un proceso constituyente que culmine en una nueva Carta Magna que consagre oficialmente la plurinacionalidad del Estado Federal o de Soberan\u00eda Compartida por sus nacionalidades hist\u00f3ricas.<\/p>\n<p>&nbsp;<\/p>\n<p align=\"center\">Ante el PODER me levanto<\/p>\n<p align=\"center\">Y tomo la palabra<\/p>\n<p align=\"center\">Ante el pueblo me inclino<\/p>\n<p align=\"center\">Y bajo la mirada<\/p>\n<p align=\"center\">\u2026<\/p>\n<p align=\"center\">Un rey sin palabra levanto su espada para cortar la flor<\/p>\n<p align=\"center\">Pobre y triste el rey desnudo, sin alma y sin amor.<\/p>\n<p align=\"center\">Ni el rey ni Dios podr\u00e1n con la voz del ruise\u00f1or.<\/p>\n<p align=\"center\">III<\/p>\n<p align=\"center\"><b>Valenciano-catal\u00e1n, andaluz-espa\u00f1ol, ciudadano del mundo<\/b><\/p>\n<p>\u00a0Como Presidente de POETAP mi amor y defensa de Espa\u00f1a es aut\u00e9ntico, por origen, convencimiento y responsabilidad, por Le\u00f3n Felipe y Miguel Hern\u00e1ndez, Jos\u00e9 Espronceda y Antonio Machado\u2026 y, como valenciano-catal\u00e1n, andaluz-espa\u00f1ol, ciudadano del mundo, estoy contra su independencia, ahora y aqu\u00ed, pero defiendo el derecho a decidir Catalu\u00f1a. Para una mayor comprensi\u00f3n, me permito adjuntar uno de los poemas del poeta publicados en los libros de texto en Francia, donde se le considera andaluz y se le estudia desde el a\u00f1o 1997 con los poetas ar\u00e1bigo andaluces Al-Turtus\u00ed y Ben Zaidun de Cordoba y los maestros del siglo XX Juan\u00a0 Ram\u00f3n Jim\u00e9nez y Federico Garc\u00eda Lorca, poema que escogi\u00f3 el Ministerio de Educaci\u00f3n de Francia el a\u00f1o 2010 para incluirlo en un CD escolar de 40.000 copias y proponerlo a los profesores de toda el \u00e1rea franc\u00f3fona como modelo de creaci\u00f3n po\u00e9tica a imitar los alumnos para describir su propio espacio geogr\u00e1fico y realidad social, econ\u00f3mica y c<em>ultural.<\/em><\/p>\n<p><em>Olivier Herrera Mar\u00edn<\/em><\/p>\n<p><em>Presidente de Poetap<\/em><\/p>\n<p><em>Poetas de la Tierra y Amigos de la Poes\u00eda<\/em><\/p>\n<p>Para adherirse al manifiesto escribir a: olivierherreramarinpoetao@gmail.com<\/p>\n<p>&nbsp;<\/p>\n<p>&nbsp;<\/p>\n<p><em>\u00a0<\/em><\/p>\n<p><em><b>\u00a0<\/b><\/em><\/p>\n","protected":false},"excerpt":{"rendered":"<p>Catalu\u00f1a camina o estalla I Mientras Rajoy y el Rey tocan la lira \u00a0 Manifiesto Llamamiento Urgente al Mundo del Arte y la Cultura El fascismo manipula la opini\u00f3n p\u00fablica, falsifica la historia, insulta a la inteligencia y aplasta al&hellip;<\/p>\n","protected":false},"author":1122,"featured_media":146907,"comment_status":"closed","ping_status":"open","sticky":false,"template":"","format":"standard","meta":{"footnotes":""},"categories":[75,79,66,1242,161,80],"tags":[11377,1065,13328,13327,13329],"class_list":["post-146895","post","type-post","status-publish","format-standard","has-post-thumbnail","hentry","category-cultura-es","category-derechos-humanos","category-europa-es","category-noviolencia-tema","category-opiniones","category-pueblos-originarios","tag-cataluna","tag-espana","tag-euskadi","tag-poetap","tag-poetas-de-la-tierra-y-amigos-de-la-poesia"],"yoast_head":"<!-- This site is optimized with the Yoast SEO plugin v27.1.1 - https:\/\/yoast.com\/product\/yoast-seo-wordpress\/ -->\n<title>&quot;No ha nacido quien detenga la tramontana, ni meta al rayo en una jaula&quot;- Catalu\u00f1a camina o estalla<\/title>\n<meta name=\"description\" content=\"Catalu\u00f1a camina o estalla I Mientras Rajoy y el Rey tocan la lira \u00a0 Manifiesto Llamamiento Urgente al Mundo del Arte y la Cultura El fascismo manipula la\" \/>\n<meta name=\"robots\" content=\"index, follow, max-snippet:-1, max-image-preview:large, max-video-preview:-1\" \/>\n<link rel=\"canonical\" href=\"https:\/\/www.pressenza.com\/es\/2014\/11\/ha-nacido-quien-detenga-la-tramontana-ni-meta-al-rayo-en-una-jaula-cataluna-camina-o-estalla\/\" \/>\n<meta property=\"og:locale\" content=\"es_ES\" \/>\n<meta property=\"og:type\" content=\"article\" \/>\n<meta property=\"og:title\" content=\"&quot;No ha nacido quien detenga la tramontana, ni meta al rayo en una jaula&quot;- Catalu\u00f1a camina o estalla\" \/>\n<meta property=\"og:description\" content=\"Catalu\u00f1a camina o estalla I Mientras Rajoy y el Rey tocan la lira \u00a0 Manifiesto Llamamiento Urgente al Mundo del Arte y la Cultura El fascismo manipula la\" \/>\n<meta property=\"og:url\" content=\"https:\/\/www.pressenza.com\/es\/2014\/11\/ha-nacido-quien-detenga-la-tramontana-ni-meta-al-rayo-en-una-jaula-cataluna-camina-o-estalla\/\" \/>\n<meta property=\"og:site_name\" content=\"Pressenza\" \/>\n<meta property=\"article:publisher\" content=\"https:\/\/www.facebook.com\/PressenzaItalia\" \/>\n<meta property=\"article:author\" content=\"https:\/\/www.facebook.com\/Pressenza-Espaa-647854795301395\/timeline\/\" \/>\n<meta property=\"article:published_time\" content=\"2014-11-08T00:01:41+00:00\" \/>\n<meta property=\"article:modified_time\" content=\"2014-11-08T22:24:39+00:00\" \/>\n<meta property=\"og:image\" content=\"https:\/\/www.pressenza.com\/wp-content\/uploads\/2014\/11\/quijote.jpg\" \/>\n\t<meta property=\"og:image:width\" content=\"1927\" \/>\n\t<meta property=\"og:image:height\" content=\"1452\" \/>\n\t<meta property=\"og:image:type\" content=\"image\/jpeg\" \/>\n<meta name=\"author\" content=\"Redacci\u00f3n Barcelona\" \/>\n<meta name=\"twitter:card\" content=\"summary_large_image\" \/>\n<meta name=\"twitter:creator\" content=\"@pressenza\" \/>\n<meta name=\"twitter:site\" content=\"@PressenzaIPA\" \/>\n<meta name=\"twitter:label1\" content=\"Escrito por\" \/>\n\t<meta name=\"twitter:data1\" content=\"Redacci\u00f3n Barcelona\" \/>\n\t<meta name=\"twitter:label2\" content=\"Tiempo de lectura\" \/>\n\t<meta name=\"twitter:data2\" content=\"8 minutos\" \/>\n<script type=\"application\/ld+json\" class=\"yoast-schema-graph\">{\"@context\":\"https:\/\/schema.org\",\"@graph\":[{\"@type\":\"Article\",\"@id\":\"https:\/\/www.pressenza.com\/es\/2014\/11\/ha-nacido-quien-detenga-la-tramontana-ni-meta-al-rayo-en-una-jaula-cataluna-camina-o-estalla\/#article\",\"isPartOf\":{\"@id\":\"https:\/\/www.pressenza.com\/es\/2014\/11\/ha-nacido-quien-detenga-la-tramontana-ni-meta-al-rayo-en-una-jaula-cataluna-camina-o-estalla\/\"},\"author\":{\"name\":\"Redacci\u00f3n Barcelona\",\"@id\":\"https:\/\/www.pressenza.com\/es\/#\/schema\/person\/8abc53b92f3264e0dad4300d54ac73ff\"},\"headline\":\"\u00abNo ha nacido quien detenga la tramontana, ni meta al rayo en una jaula\u00bb- Catalu\u00f1a camina o estalla\",\"datePublished\":\"2014-11-08T00:01:41+00:00\",\"dateModified\":\"2014-11-08T22:24:39+00:00\",\"mainEntityOfPage\":{\"@id\":\"https:\/\/www.pressenza.com\/es\/2014\/11\/ha-nacido-quien-detenga-la-tramontana-ni-meta-al-rayo-en-una-jaula-cataluna-camina-o-estalla\/\"},\"wordCount\":1696,\"publisher\":{\"@id\":\"https:\/\/www.pressenza.com\/es\/#organization\"},\"image\":{\"@id\":\"https:\/\/www.pressenza.com\/es\/2014\/11\/ha-nacido-quien-detenga-la-tramontana-ni-meta-al-rayo-en-una-jaula-cataluna-camina-o-estalla\/#primaryimage\"},\"thumbnailUrl\":\"https:\/\/www.pressenza.com\/wp-content\/uploads\/2014\/11\/quijote.jpg\",\"keywords\":[\"Catalu\u00f1a\",\"Espa\u00f1a\",\"euskadi\",\"poetap\",\"poetas de la tierra y amigos de la poesia\"],\"articleSection\":[\"Cultura y Medios\",\"Derechos Humanos\",\"Europa\",\"Noviolencia\",\"Opiniones\",\"Pueblos Originarios\"],\"inLanguage\":\"es\"},{\"@type\":\"WebPage\",\"@id\":\"https:\/\/www.pressenza.com\/es\/2014\/11\/ha-nacido-quien-detenga-la-tramontana-ni-meta-al-rayo-en-una-jaula-cataluna-camina-o-estalla\/\",\"url\":\"https:\/\/www.pressenza.com\/es\/2014\/11\/ha-nacido-quien-detenga-la-tramontana-ni-meta-al-rayo-en-una-jaula-cataluna-camina-o-estalla\/\",\"name\":\"\\\"No ha nacido quien detenga la tramontana, ni meta al rayo en una jaula\\\"- Catalu\u00f1a camina o estalla\",\"isPartOf\":{\"@id\":\"https:\/\/www.pressenza.com\/es\/#website\"},\"primaryImageOfPage\":{\"@id\":\"https:\/\/www.pressenza.com\/es\/2014\/11\/ha-nacido-quien-detenga-la-tramontana-ni-meta-al-rayo-en-una-jaula-cataluna-camina-o-estalla\/#primaryimage\"},\"image\":{\"@id\":\"https:\/\/www.pressenza.com\/es\/2014\/11\/ha-nacido-quien-detenga-la-tramontana-ni-meta-al-rayo-en-una-jaula-cataluna-camina-o-estalla\/#primaryimage\"},\"thumbnailUrl\":\"https:\/\/www.pressenza.com\/wp-content\/uploads\/2014\/11\/quijote.jpg\",\"datePublished\":\"2014-11-08T00:01:41+00:00\",\"dateModified\":\"2014-11-08T22:24:39+00:00\",\"description\":\"Catalu\u00f1a camina o estalla I Mientras Rajoy y el Rey tocan la lira \u00a0 Manifiesto Llamamiento Urgente al Mundo del Arte y la Cultura El fascismo manipula la\",\"breadcrumb\":{\"@id\":\"https:\/\/www.pressenza.com\/es\/2014\/11\/ha-nacido-quien-detenga-la-tramontana-ni-meta-al-rayo-en-una-jaula-cataluna-camina-o-estalla\/#breadcrumb\"},\"inLanguage\":\"es\",\"potentialAction\":[{\"@type\":\"ReadAction\",\"target\":[\"https:\/\/www.pressenza.com\/es\/2014\/11\/ha-nacido-quien-detenga-la-tramontana-ni-meta-al-rayo-en-una-jaula-cataluna-camina-o-estalla\/\"]}]},{\"@type\":\"ImageObject\",\"inLanguage\":\"es\",\"@id\":\"https:\/\/www.pressenza.com\/es\/2014\/11\/ha-nacido-quien-detenga-la-tramontana-ni-meta-al-rayo-en-una-jaula-cataluna-camina-o-estalla\/#primaryimage\",\"url\":\"https:\/\/www.pressenza.com\/wp-content\/uploads\/2014\/11\/quijote.jpg\",\"contentUrl\":\"https:\/\/www.pressenza.com\/wp-content\/uploads\/2014\/11\/quijote.jpg\",\"width\":1927,\"height\":1452},{\"@type\":\"BreadcrumbList\",\"@id\":\"https:\/\/www.pressenza.com\/es\/2014\/11\/ha-nacido-quien-detenga-la-tramontana-ni-meta-al-rayo-en-una-jaula-cataluna-camina-o-estalla\/#breadcrumb\",\"itemListElement\":[{\"@type\":\"ListItem\",\"position\":1,\"name\":\"Accueil\",\"item\":\"https:\/\/www.pressenza.com\/es\/\"},{\"@type\":\"ListItem\",\"position\":2,\"name\":\"\u00abNo ha nacido quien detenga la tramontana, ni meta al rayo en una jaula\u00bb- Catalu\u00f1a camina o estalla\"}]},{\"@type\":\"WebSite\",\"@id\":\"https:\/\/www.pressenza.com\/es\/#website\",\"url\":\"https:\/\/www.pressenza.com\/es\/\",\"name\":\"Pressenza\",\"description\":\"International Press Agency\",\"publisher\":{\"@id\":\"https:\/\/www.pressenza.com\/es\/#organization\"},\"potentialAction\":[{\"@type\":\"SearchAction\",\"target\":{\"@type\":\"EntryPoint\",\"urlTemplate\":\"https:\/\/www.pressenza.com\/es\/?s={search_term_string}\"},\"query-input\":{\"@type\":\"PropertyValueSpecification\",\"valueRequired\":true,\"valueName\":\"search_term_string\"}}],\"inLanguage\":\"es\"},{\"@type\":\"Organization\",\"@id\":\"https:\/\/www.pressenza.com\/es\/#organization\",\"name\":\"Pressenza\",\"url\":\"https:\/\/www.pressenza.com\/es\/\",\"logo\":{\"@type\":\"ImageObject\",\"inLanguage\":\"es\",\"@id\":\"https:\/\/www.pressenza.com\/es\/#\/schema\/logo\/image\/\",\"url\":\"https:\/\/www.pressenza.com\/wp-content\/uploads\/2022\/10\/pressenza_logo_200x200.jpg\",\"contentUrl\":\"https:\/\/www.pressenza.com\/wp-content\/uploads\/2022\/10\/pressenza_logo_200x200.jpg\",\"width\":200,\"height\":200,\"caption\":\"Pressenza\"},\"image\":{\"@id\":\"https:\/\/www.pressenza.com\/es\/#\/schema\/logo\/image\/\"},\"sameAs\":[\"https:\/\/www.facebook.com\/PressenzaItalia\",\"https:\/\/x.com\/PressenzaIPA\"]},{\"@type\":\"Person\",\"@id\":\"https:\/\/www.pressenza.com\/es\/#\/schema\/person\/8abc53b92f3264e0dad4300d54ac73ff\",\"name\":\"Redacci\u00f3n Barcelona\",\"description\":\"News published by the Pressenza bureau in Barcelona, Spain\",\"sameAs\":[\"https:\/\/www.facebook.com\/Pressenza-Espaa-647854795301395\/timeline\/\",\"https:\/\/x.com\/pressenza\"],\"url\":\"https:\/\/www.pressenza.com\/es\/author\/redaccion-barcelona\/\"}]}<\/script>\n<!-- \/ Yoast SEO plugin. -->","yoast_head_json":{"title":"\"No ha nacido quien detenga la tramontana, ni meta al rayo en una jaula\"- Catalu\u00f1a camina o estalla","description":"Catalu\u00f1a camina o estalla I Mientras Rajoy y el Rey tocan la lira \u00a0 Manifiesto Llamamiento Urgente al Mundo del Arte y la Cultura El fascismo manipula la","robots":{"index":"index","follow":"follow","max-snippet":"max-snippet:-1","max-image-preview":"max-image-preview:large","max-video-preview":"max-video-preview:-1"},"canonical":"https:\/\/www.pressenza.com\/es\/2014\/11\/ha-nacido-quien-detenga-la-tramontana-ni-meta-al-rayo-en-una-jaula-cataluna-camina-o-estalla\/","og_locale":"es_ES","og_type":"article","og_title":"\"No ha nacido quien detenga la tramontana, ni meta al rayo en una jaula\"- Catalu\u00f1a camina o estalla","og_description":"Catalu\u00f1a camina o estalla I Mientras Rajoy y el Rey tocan la lira \u00a0 Manifiesto Llamamiento Urgente al Mundo del Arte y la Cultura El fascismo manipula la","og_url":"https:\/\/www.pressenza.com\/es\/2014\/11\/ha-nacido-quien-detenga-la-tramontana-ni-meta-al-rayo-en-una-jaula-cataluna-camina-o-estalla\/","og_site_name":"Pressenza","article_publisher":"https:\/\/www.facebook.com\/PressenzaItalia","article_author":"https:\/\/www.facebook.com\/Pressenza-Espaa-647854795301395\/timeline\/","article_published_time":"2014-11-08T00:01:41+00:00","article_modified_time":"2014-11-08T22:24:39+00:00","og_image":[{"width":1927,"height":1452,"url":"https:\/\/www.pressenza.com\/wp-content\/uploads\/2014\/11\/quijote.jpg","type":"image\/jpeg"}],"author":"Redacci\u00f3n Barcelona","twitter_card":"summary_large_image","twitter_creator":"@pressenza","twitter_site":"@PressenzaIPA","twitter_misc":{"Escrito por":"Redacci\u00f3n Barcelona","Tiempo de lectura":"8 minutos"},"schema":{"@context":"https:\/\/schema.org","@graph":[{"@type":"Article","@id":"https:\/\/www.pressenza.com\/es\/2014\/11\/ha-nacido-quien-detenga-la-tramontana-ni-meta-al-rayo-en-una-jaula-cataluna-camina-o-estalla\/#article","isPartOf":{"@id":"https:\/\/www.pressenza.com\/es\/2014\/11\/ha-nacido-quien-detenga-la-tramontana-ni-meta-al-rayo-en-una-jaula-cataluna-camina-o-estalla\/"},"author":{"name":"Redacci\u00f3n Barcelona","@id":"https:\/\/www.pressenza.com\/es\/#\/schema\/person\/8abc53b92f3264e0dad4300d54ac73ff"},"headline":"\u00abNo ha nacido quien detenga la tramontana, ni meta al rayo en una jaula\u00bb- Catalu\u00f1a camina o estalla","datePublished":"2014-11-08T00:01:41+00:00","dateModified":"2014-11-08T22:24:39+00:00","mainEntityOfPage":{"@id":"https:\/\/www.pressenza.com\/es\/2014\/11\/ha-nacido-quien-detenga-la-tramontana-ni-meta-al-rayo-en-una-jaula-cataluna-camina-o-estalla\/"},"wordCount":1696,"publisher":{"@id":"https:\/\/www.pressenza.com\/es\/#organization"},"image":{"@id":"https:\/\/www.pressenza.com\/es\/2014\/11\/ha-nacido-quien-detenga-la-tramontana-ni-meta-al-rayo-en-una-jaula-cataluna-camina-o-estalla\/#primaryimage"},"thumbnailUrl":"https:\/\/www.pressenza.com\/wp-content\/uploads\/2014\/11\/quijote.jpg","keywords":["Catalu\u00f1a","Espa\u00f1a","euskadi","poetap","poetas de la tierra y amigos de la poesia"],"articleSection":["Cultura y Medios","Derechos Humanos","Europa","Noviolencia","Opiniones","Pueblos Originarios"],"inLanguage":"es"},{"@type":"WebPage","@id":"https:\/\/www.pressenza.com\/es\/2014\/11\/ha-nacido-quien-detenga-la-tramontana-ni-meta-al-rayo-en-una-jaula-cataluna-camina-o-estalla\/","url":"https:\/\/www.pressenza.com\/es\/2014\/11\/ha-nacido-quien-detenga-la-tramontana-ni-meta-al-rayo-en-una-jaula-cataluna-camina-o-estalla\/","name":"\"No ha nacido quien detenga la tramontana, ni meta al rayo en una jaula\"- Catalu\u00f1a camina o estalla","isPartOf":{"@id":"https:\/\/www.pressenza.com\/es\/#website"},"primaryImageOfPage":{"@id":"https:\/\/www.pressenza.com\/es\/2014\/11\/ha-nacido-quien-detenga-la-tramontana-ni-meta-al-rayo-en-una-jaula-cataluna-camina-o-estalla\/#primaryimage"},"image":{"@id":"https:\/\/www.pressenza.com\/es\/2014\/11\/ha-nacido-quien-detenga-la-tramontana-ni-meta-al-rayo-en-una-jaula-cataluna-camina-o-estalla\/#primaryimage"},"thumbnailUrl":"https:\/\/www.pressenza.com\/wp-content\/uploads\/2014\/11\/quijote.jpg","datePublished":"2014-11-08T00:01:41+00:00","dateModified":"2014-11-08T22:24:39+00:00","description":"Catalu\u00f1a camina o estalla I Mientras Rajoy y el Rey tocan la lira \u00a0 Manifiesto Llamamiento Urgente al Mundo del Arte y la Cultura El fascismo manipula la","breadcrumb":{"@id":"https:\/\/www.pressenza.com\/es\/2014\/11\/ha-nacido-quien-detenga-la-tramontana-ni-meta-al-rayo-en-una-jaula-cataluna-camina-o-estalla\/#breadcrumb"},"inLanguage":"es","potentialAction":[{"@type":"ReadAction","target":["https:\/\/www.pressenza.com\/es\/2014\/11\/ha-nacido-quien-detenga-la-tramontana-ni-meta-al-rayo-en-una-jaula-cataluna-camina-o-estalla\/"]}]},{"@type":"ImageObject","inLanguage":"es","@id":"https:\/\/www.pressenza.com\/es\/2014\/11\/ha-nacido-quien-detenga-la-tramontana-ni-meta-al-rayo-en-una-jaula-cataluna-camina-o-estalla\/#primaryimage","url":"https:\/\/www.pressenza.com\/wp-content\/uploads\/2014\/11\/quijote.jpg","contentUrl":"https:\/\/www.pressenza.com\/wp-content\/uploads\/2014\/11\/quijote.jpg","width":1927,"height":1452},{"@type":"BreadcrumbList","@id":"https:\/\/www.pressenza.com\/es\/2014\/11\/ha-nacido-quien-detenga-la-tramontana-ni-meta-al-rayo-en-una-jaula-cataluna-camina-o-estalla\/#breadcrumb","itemListElement":[{"@type":"ListItem","position":1,"name":"Accueil","item":"https:\/\/www.pressenza.com\/es\/"},{"@type":"ListItem","position":2,"name":"\u00abNo ha nacido quien detenga la tramontana, ni meta al rayo en una jaula\u00bb- Catalu\u00f1a camina o estalla"}]},{"@type":"WebSite","@id":"https:\/\/www.pressenza.com\/es\/#website","url":"https:\/\/www.pressenza.com\/es\/","name":"Pressenza","description":"International Press Agency","publisher":{"@id":"https:\/\/www.pressenza.com\/es\/#organization"},"potentialAction":[{"@type":"SearchAction","target":{"@type":"EntryPoint","urlTemplate":"https:\/\/www.pressenza.com\/es\/?s={search_term_string}"},"query-input":{"@type":"PropertyValueSpecification","valueRequired":true,"valueName":"search_term_string"}}],"inLanguage":"es"},{"@type":"Organization","@id":"https:\/\/www.pressenza.com\/es\/#organization","name":"Pressenza","url":"https:\/\/www.pressenza.com\/es\/","logo":{"@type":"ImageObject","inLanguage":"es","@id":"https:\/\/www.pressenza.com\/es\/#\/schema\/logo\/image\/","url":"https:\/\/www.pressenza.com\/wp-content\/uploads\/2022\/10\/pressenza_logo_200x200.jpg","contentUrl":"https:\/\/www.pressenza.com\/wp-content\/uploads\/2022\/10\/pressenza_logo_200x200.jpg","width":200,"height":200,"caption":"Pressenza"},"image":{"@id":"https:\/\/www.pressenza.com\/es\/#\/schema\/logo\/image\/"},"sameAs":["https:\/\/www.facebook.com\/PressenzaItalia","https:\/\/x.com\/PressenzaIPA"]},{"@type":"Person","@id":"https:\/\/www.pressenza.com\/es\/#\/schema\/person\/8abc53b92f3264e0dad4300d54ac73ff","name":"Redacci\u00f3n Barcelona","description":"News published by the Pressenza bureau in Barcelona, Spain","sameAs":["https:\/\/www.facebook.com\/Pressenza-Espaa-647854795301395\/timeline\/","https:\/\/x.com\/pressenza"],"url":"https:\/\/www.pressenza.com\/es\/author\/redaccion-barcelona\/"}]}},"place":"","original_article_url":"","_links":{"self":[{"href":"https:\/\/www.pressenza.com\/es\/wp-json\/wp\/v2\/posts\/146895","targetHints":{"allow":["GET"]}}],"collection":[{"href":"https:\/\/www.pressenza.com\/es\/wp-json\/wp\/v2\/posts"}],"about":[{"href":"https:\/\/www.pressenza.com\/es\/wp-json\/wp\/v2\/types\/post"}],"author":[{"embeddable":true,"href":"https:\/\/www.pressenza.com\/es\/wp-json\/wp\/v2\/users\/1122"}],"replies":[{"embeddable":true,"href":"https:\/\/www.pressenza.com\/es\/wp-json\/wp\/v2\/comments?post=146895"}],"version-history":[{"count":0,"href":"https:\/\/www.pressenza.com\/es\/wp-json\/wp\/v2\/posts\/146895\/revisions"}],"wp:featuredmedia":[{"embeddable":true,"href":"https:\/\/www.pressenza.com\/es\/wp-json\/wp\/v2\/media\/146907"}],"wp:attachment":[{"href":"https:\/\/www.pressenza.com\/es\/wp-json\/wp\/v2\/media?parent=146895"}],"wp:term":[{"taxonomy":"category","embeddable":true,"href":"https:\/\/www.pressenza.com\/es\/wp-json\/wp\/v2\/categories?post=146895"},{"taxonomy":"post_tag","embeddable":true,"href":"https:\/\/www.pressenza.com\/es\/wp-json\/wp\/v2\/tags?post=146895"}],"curies":[{"name":"wp","href":"https:\/\/api.w.org\/{rel}","templated":true}]}}