{"id":1468875,"date":"2021-11-12T23:27:40","date_gmt":"2021-11-12T23:27:40","guid":{"rendered":"https:\/\/www.pressenza.com\/?p=1468875"},"modified":"2021-11-12T23:27:40","modified_gmt":"2021-11-12T23:27:40","slug":"onu-estima-que-84-millones-de-personas-en-el-mundo-son-desplazadas-por-la-guerra-inseguridad-y-crisis-climatica","status":"publish","type":"post","link":"https:\/\/www.pressenza.com\/es\/2021\/11\/onu-estima-que-84-millones-de-personas-en-el-mundo-son-desplazadas-por-la-guerra-inseguridad-y-crisis-climatica\/","title":{"rendered":"ONU estima que 84 millones de personas en el mundo son desplazadas por la guerra, inseguridad y crisis clim\u00e1tica"},"content":{"rendered":"<p>La Agencia de la ONU para los Refugiados estima que el n\u00famero total de personas de todo el mundo que se han visto obligadas a abandonar sus hogares a causa de la guerra, la inseguridad y la emergencia clim\u00e1tica ha aumentado a 84 millones.<\/p>\n<p>La ONU afirma que los pa\u00edses m\u00e1s afectados han sido Siria, Venezuela, Afganist\u00e1n, Sud\u00e1n del Sur y Birmania.<\/p>\n","protected":false},"excerpt":{"rendered":"<p>La Agencia de la ONU para los Refugiados estima que el n\u00famero total de personas de todo el mundo que se han visto obligadas a abandonar sus hogares a causa de la guerra, la inseguridad y la emergencia clim\u00e1tica ha&hellip;<\/p>\n","protected":false},"author":22,"featured_media":1468876,"comment_status":"closed","ping_status":"closed","sticky":false,"template":"","format":"standard","meta":{"footnotes":""},"categories":[39,54574],"tags":[86857,679],"class_list":["post-1468875","post","type-post","status-publish","format-standard","has-post-thumbnail","hentry","category-internacional","category-migrantes-es","tag-migrantes-climaticos","tag-onu-es"],"yoast_head":"<!-- This site is optimized with the Yoast SEO plugin v27.1.1 - https:\/\/yoast.com\/product\/yoast-seo-wordpress\/ -->\n<title>ONU estima que 84 millones de personas en el mundo son desplazadas por la guerra, inseguridad y crisis clim\u00e1tica<\/title>\n<meta name=\"description\" content=\"La Agencia de la ONU para los Refugiados estima que el n\u00famero total de personas de todo el mundo que se han visto obligadas a abandonar sus hogares a\" \/>\n<meta name=\"robots\" content=\"index, follow, max-snippet:-1, max-image-preview:large, max-video-preview:-1\" \/>\n<link rel=\"canonical\" href=\"https:\/\/www.pressenza.com\/es\/2021\/11\/onu-estima-que-84-millones-de-personas-en-el-mundo-son-desplazadas-por-la-guerra-inseguridad-y-crisis-climatica\/\" \/>\n<meta property=\"og:locale\" content=\"es_ES\" \/>\n<meta property=\"og:type\" content=\"article\" \/>\n<meta property=\"og:title\" content=\"ONU estima que 84 millones de personas en el mundo son desplazadas por la guerra, inseguridad y crisis clim\u00e1tica\" \/>\n<meta property=\"og:description\" content=\"La Agencia de la ONU para los Refugiados estima que el n\u00famero total de personas de todo el mundo que se han visto obligadas a abandonar sus hogares a\" \/>\n<meta property=\"og:url\" content=\"https:\/\/www.pressenza.com\/es\/2021\/11\/onu-estima-que-84-millones-de-personas-en-el-mundo-son-desplazadas-por-la-guerra-inseguridad-y-crisis-climatica\/\" \/>\n<meta property=\"og:site_name\" content=\"Pressenza\" \/>\n<meta property=\"article:publisher\" content=\"https:\/\/www.facebook.com\/PressenzaItalia\" \/>\n<meta property=\"article:author\" content=\"https:\/\/www.facebook.com\/pia.figueroa?ref=tn_tnmn\" \/>\n<meta property=\"article:published_time\" content=\"2021-11-12T23:27:40+00:00\" \/>\n<meta property=\"og:image\" content=\"https:\/\/www.pressenza.com\/wp-content\/uploads\/2021\/11\/H7-UN-84-million-displaced.jpg\" \/>\n\t<meta property=\"og:image:width\" content=\"960\" \/>\n\t<meta property=\"og:image:height\" content=\"540\" \/>\n\t<meta property=\"og:image:type\" content=\"image\/jpeg\" \/>\n<meta name=\"author\" content=\"P\u00eda Figueroa\" \/>\n<meta name=\"twitter:card\" content=\"summary_large_image\" \/>\n<meta name=\"twitter:creator\" content=\"@piafigueroa\" \/>\n<meta name=\"twitter:site\" content=\"@PressenzaIPA\" \/>\n<meta name=\"twitter:label1\" content=\"Escrito por\" \/>\n\t<meta name=\"twitter:data1\" content=\"P\u00eda Figueroa\" \/>\n<script type=\"application\/ld+json\" class=\"yoast-schema-graph\">{\"@context\":\"https:\/\/schema.org\",\"@graph\":[{\"@type\":\"Article\",\"@id\":\"https:\/\/www.pressenza.com\/es\/2021\/11\/onu-estima-que-84-millones-de-personas-en-el-mundo-son-desplazadas-por-la-guerra-inseguridad-y-crisis-climatica\/#article\",\"isPartOf\":{\"@id\":\"https:\/\/www.pressenza.com\/es\/2021\/11\/onu-estima-que-84-millones-de-personas-en-el-mundo-son-desplazadas-por-la-guerra-inseguridad-y-crisis-climatica\/\"},\"author\":{\"name\":\"P\u00eda Figueroa\",\"@id\":\"https:\/\/www.pressenza.com\/es\/#\/schema\/person\/8bb53ec73ef39ceec36ca0128a0ccd41\"},\"headline\":\"ONU estima que 84 millones de personas en el mundo son desplazadas por la guerra, inseguridad y crisis clim\u00e1tica\",\"datePublished\":\"2021-11-12T23:27:40+00:00\",\"mainEntityOfPage\":{\"@id\":\"https:\/\/www.pressenza.com\/es\/2021\/11\/onu-estima-que-84-millones-de-personas-en-el-mundo-son-desplazadas-por-la-guerra-inseguridad-y-crisis-climatica\/\"},\"wordCount\":86,\"publisher\":{\"@id\":\"https:\/\/www.pressenza.com\/es\/#organization\"},\"image\":{\"@id\":\"https:\/\/www.pressenza.com\/es\/2021\/11\/onu-estima-que-84-millones-de-personas-en-el-mundo-son-desplazadas-por-la-guerra-inseguridad-y-crisis-climatica\/#primaryimage\"},\"thumbnailUrl\":\"https:\/\/www.pressenza.com\/wp-content\/uploads\/2021\/11\/H7-UN-84-million-displaced.jpg\",\"keywords\":[\"migrantes clim\u00e1ticos\",\"ONU\"],\"articleSection\":[\"Internacional\",\"Migrantes\"],\"inLanguage\":\"es\"},{\"@type\":\"WebPage\",\"@id\":\"https:\/\/www.pressenza.com\/es\/2021\/11\/onu-estima-que-84-millones-de-personas-en-el-mundo-son-desplazadas-por-la-guerra-inseguridad-y-crisis-climatica\/\",\"url\":\"https:\/\/www.pressenza.com\/es\/2021\/11\/onu-estima-que-84-millones-de-personas-en-el-mundo-son-desplazadas-por-la-guerra-inseguridad-y-crisis-climatica\/\",\"name\":\"ONU estima que 84 millones de personas en el mundo son desplazadas por la guerra, inseguridad y crisis clim\u00e1tica\",\"isPartOf\":{\"@id\":\"https:\/\/www.pressenza.com\/es\/#website\"},\"primaryImageOfPage\":{\"@id\":\"https:\/\/www.pressenza.com\/es\/2021\/11\/onu-estima-que-84-millones-de-personas-en-el-mundo-son-desplazadas-por-la-guerra-inseguridad-y-crisis-climatica\/#primaryimage\"},\"image\":{\"@id\":\"https:\/\/www.pressenza.com\/es\/2021\/11\/onu-estima-que-84-millones-de-personas-en-el-mundo-son-desplazadas-por-la-guerra-inseguridad-y-crisis-climatica\/#primaryimage\"},\"thumbnailUrl\":\"https:\/\/www.pressenza.com\/wp-content\/uploads\/2021\/11\/H7-UN-84-million-displaced.jpg\",\"datePublished\":\"2021-11-12T23:27:40+00:00\",\"description\":\"La Agencia de la ONU para los Refugiados estima que el n\u00famero total de personas de todo el mundo que se han visto obligadas a abandonar sus hogares a\",\"breadcrumb\":{\"@id\":\"https:\/\/www.pressenza.com\/es\/2021\/11\/onu-estima-que-84-millones-de-personas-en-el-mundo-son-desplazadas-por-la-guerra-inseguridad-y-crisis-climatica\/#breadcrumb\"},\"inLanguage\":\"es\",\"potentialAction\":[{\"@type\":\"ReadAction\",\"target\":[\"https:\/\/www.pressenza.com\/es\/2021\/11\/onu-estima-que-84-millones-de-personas-en-el-mundo-son-desplazadas-por-la-guerra-inseguridad-y-crisis-climatica\/\"]}]},{\"@type\":\"ImageObject\",\"inLanguage\":\"es\",\"@id\":\"https:\/\/www.pressenza.com\/es\/2021\/11\/onu-estima-que-84-millones-de-personas-en-el-mundo-son-desplazadas-por-la-guerra-inseguridad-y-crisis-climatica\/#primaryimage\",\"url\":\"https:\/\/www.pressenza.com\/wp-content\/uploads\/2021\/11\/H7-UN-84-million-displaced.jpg\",\"contentUrl\":\"https:\/\/www.pressenza.com\/wp-content\/uploads\/2021\/11\/H7-UN-84-million-displaced.jpg\",\"width\":960,\"height\":540,\"caption\":\"Democracy Now!\"},{\"@type\":\"BreadcrumbList\",\"@id\":\"https:\/\/www.pressenza.com\/es\/2021\/11\/onu-estima-que-84-millones-de-personas-en-el-mundo-son-desplazadas-por-la-guerra-inseguridad-y-crisis-climatica\/#breadcrumb\",\"itemListElement\":[{\"@type\":\"ListItem\",\"position\":1,\"name\":\"Accueil\",\"item\":\"https:\/\/www.pressenza.com\/es\/\"},{\"@type\":\"ListItem\",\"position\":2,\"name\":\"ONU estima que 84 millones de personas en el mundo son desplazadas por la guerra, inseguridad y crisis clim\u00e1tica\"}]},{\"@type\":\"WebSite\",\"@id\":\"https:\/\/www.pressenza.com\/es\/#website\",\"url\":\"https:\/\/www.pressenza.com\/es\/\",\"name\":\"Pressenza\",\"description\":\"International Press Agency\",\"publisher\":{\"@id\":\"https:\/\/www.pressenza.com\/es\/#organization\"},\"potentialAction\":[{\"@type\":\"SearchAction\",\"target\":{\"@type\":\"EntryPoint\",\"urlTemplate\":\"https:\/\/www.pressenza.com\/es\/?s={search_term_string}\"},\"query-input\":{\"@type\":\"PropertyValueSpecification\",\"valueRequired\":true,\"valueName\":\"search_term_string\"}}],\"inLanguage\":\"es\"},{\"@type\":\"Organization\",\"@id\":\"https:\/\/www.pressenza.com\/es\/#organization\",\"name\":\"Pressenza\",\"url\":\"https:\/\/www.pressenza.com\/es\/\",\"logo\":{\"@type\":\"ImageObject\",\"inLanguage\":\"es\",\"@id\":\"https:\/\/www.pressenza.com\/es\/#\/schema\/logo\/image\/\",\"url\":\"https:\/\/www.pressenza.com\/wp-content\/uploads\/2022\/10\/pressenza_logo_200x200.jpg\",\"contentUrl\":\"https:\/\/www.pressenza.com\/wp-content\/uploads\/2022\/10\/pressenza_logo_200x200.jpg\",\"width\":200,\"height\":200,\"caption\":\"Pressenza\"},\"image\":{\"@id\":\"https:\/\/www.pressenza.com\/es\/#\/schema\/logo\/image\/\"},\"sameAs\":[\"https:\/\/www.facebook.com\/PressenzaItalia\",\"https:\/\/x.com\/PressenzaIPA\"]},{\"@type\":\"Person\",\"@id\":\"https:\/\/www.pressenza.com\/es\/#\/schema\/person\/8bb53ec73ef39ceec36ca0128a0ccd41\",\"name\":\"P\u00eda Figueroa\",\"description\":\"Founder of Pressenza, life-long humanist, author of several monographs and books.\",\"sameAs\":[\"https:\/\/www.facebook.com\/pia.figueroa?ref=tn_tnmn\",\"https:\/\/x.com\/piafigueroa\"],\"url\":\"https:\/\/www.pressenza.com\/es\/author\/pia-figueroa\/\"}]}<\/script>\n<!-- \/ Yoast SEO plugin. -->","yoast_head_json":{"title":"ONU estima que 84 millones de personas en el mundo son desplazadas por la guerra, inseguridad y crisis clim\u00e1tica","description":"La Agencia de la ONU para los Refugiados estima que el n\u00famero total de personas de todo el mundo que se han visto obligadas a abandonar sus hogares a","robots":{"index":"index","follow":"follow","max-snippet":"max-snippet:-1","max-image-preview":"max-image-preview:large","max-video-preview":"max-video-preview:-1"},"canonical":"https:\/\/www.pressenza.com\/es\/2021\/11\/onu-estima-que-84-millones-de-personas-en-el-mundo-son-desplazadas-por-la-guerra-inseguridad-y-crisis-climatica\/","og_locale":"es_ES","og_type":"article","og_title":"ONU estima que 84 millones de personas en el mundo son desplazadas por la guerra, inseguridad y crisis clim\u00e1tica","og_description":"La Agencia de la ONU para los Refugiados estima que el n\u00famero total de personas de todo el mundo que se han visto obligadas a abandonar sus hogares a","og_url":"https:\/\/www.pressenza.com\/es\/2021\/11\/onu-estima-que-84-millones-de-personas-en-el-mundo-son-desplazadas-por-la-guerra-inseguridad-y-crisis-climatica\/","og_site_name":"Pressenza","article_publisher":"https:\/\/www.facebook.com\/PressenzaItalia","article_author":"https:\/\/www.facebook.com\/pia.figueroa?ref=tn_tnmn","article_published_time":"2021-11-12T23:27:40+00:00","og_image":[{"width":960,"height":540,"url":"https:\/\/www.pressenza.com\/wp-content\/uploads\/2021\/11\/H7-UN-84-million-displaced.jpg","type":"image\/jpeg"}],"author":"P\u00eda Figueroa","twitter_card":"summary_large_image","twitter_creator":"@piafigueroa","twitter_site":"@PressenzaIPA","twitter_misc":{"Escrito por":"P\u00eda Figueroa"},"schema":{"@context":"https:\/\/schema.org","@graph":[{"@type":"Article","@id":"https:\/\/www.pressenza.com\/es\/2021\/11\/onu-estima-que-84-millones-de-personas-en-el-mundo-son-desplazadas-por-la-guerra-inseguridad-y-crisis-climatica\/#article","isPartOf":{"@id":"https:\/\/www.pressenza.com\/es\/2021\/11\/onu-estima-que-84-millones-de-personas-en-el-mundo-son-desplazadas-por-la-guerra-inseguridad-y-crisis-climatica\/"},"author":{"name":"P\u00eda Figueroa","@id":"https:\/\/www.pressenza.com\/es\/#\/schema\/person\/8bb53ec73ef39ceec36ca0128a0ccd41"},"headline":"ONU estima que 84 millones de personas en el mundo son desplazadas por la guerra, inseguridad y crisis clim\u00e1tica","datePublished":"2021-11-12T23:27:40+00:00","mainEntityOfPage":{"@id":"https:\/\/www.pressenza.com\/es\/2021\/11\/onu-estima-que-84-millones-de-personas-en-el-mundo-son-desplazadas-por-la-guerra-inseguridad-y-crisis-climatica\/"},"wordCount":86,"publisher":{"@id":"https:\/\/www.pressenza.com\/es\/#organization"},"image":{"@id":"https:\/\/www.pressenza.com\/es\/2021\/11\/onu-estima-que-84-millones-de-personas-en-el-mundo-son-desplazadas-por-la-guerra-inseguridad-y-crisis-climatica\/#primaryimage"},"thumbnailUrl":"https:\/\/www.pressenza.com\/wp-content\/uploads\/2021\/11\/H7-UN-84-million-displaced.jpg","keywords":["migrantes clim\u00e1ticos","ONU"],"articleSection":["Internacional","Migrantes"],"inLanguage":"es"},{"@type":"WebPage","@id":"https:\/\/www.pressenza.com\/es\/2021\/11\/onu-estima-que-84-millones-de-personas-en-el-mundo-son-desplazadas-por-la-guerra-inseguridad-y-crisis-climatica\/","url":"https:\/\/www.pressenza.com\/es\/2021\/11\/onu-estima-que-84-millones-de-personas-en-el-mundo-son-desplazadas-por-la-guerra-inseguridad-y-crisis-climatica\/","name":"ONU estima que 84 millones de personas en el mundo son desplazadas por la guerra, inseguridad y crisis clim\u00e1tica","isPartOf":{"@id":"https:\/\/www.pressenza.com\/es\/#website"},"primaryImageOfPage":{"@id":"https:\/\/www.pressenza.com\/es\/2021\/11\/onu-estima-que-84-millones-de-personas-en-el-mundo-son-desplazadas-por-la-guerra-inseguridad-y-crisis-climatica\/#primaryimage"},"image":{"@id":"https:\/\/www.pressenza.com\/es\/2021\/11\/onu-estima-que-84-millones-de-personas-en-el-mundo-son-desplazadas-por-la-guerra-inseguridad-y-crisis-climatica\/#primaryimage"},"thumbnailUrl":"https:\/\/www.pressenza.com\/wp-content\/uploads\/2021\/11\/H7-UN-84-million-displaced.jpg","datePublished":"2021-11-12T23:27:40+00:00","description":"La Agencia de la ONU para los Refugiados estima que el n\u00famero total de personas de todo el mundo que se han visto obligadas a abandonar sus hogares a","breadcrumb":{"@id":"https:\/\/www.pressenza.com\/es\/2021\/11\/onu-estima-que-84-millones-de-personas-en-el-mundo-son-desplazadas-por-la-guerra-inseguridad-y-crisis-climatica\/#breadcrumb"},"inLanguage":"es","potentialAction":[{"@type":"ReadAction","target":["https:\/\/www.pressenza.com\/es\/2021\/11\/onu-estima-que-84-millones-de-personas-en-el-mundo-son-desplazadas-por-la-guerra-inseguridad-y-crisis-climatica\/"]}]},{"@type":"ImageObject","inLanguage":"es","@id":"https:\/\/www.pressenza.com\/es\/2021\/11\/onu-estima-que-84-millones-de-personas-en-el-mundo-son-desplazadas-por-la-guerra-inseguridad-y-crisis-climatica\/#primaryimage","url":"https:\/\/www.pressenza.com\/wp-content\/uploads\/2021\/11\/H7-UN-84-million-displaced.jpg","contentUrl":"https:\/\/www.pressenza.com\/wp-content\/uploads\/2021\/11\/H7-UN-84-million-displaced.jpg","width":960,"height":540,"caption":"Democracy Now!"},{"@type":"BreadcrumbList","@id":"https:\/\/www.pressenza.com\/es\/2021\/11\/onu-estima-que-84-millones-de-personas-en-el-mundo-son-desplazadas-por-la-guerra-inseguridad-y-crisis-climatica\/#breadcrumb","itemListElement":[{"@type":"ListItem","position":1,"name":"Accueil","item":"https:\/\/www.pressenza.com\/es\/"},{"@type":"ListItem","position":2,"name":"ONU estima que 84 millones de personas en el mundo son desplazadas por la guerra, inseguridad y crisis clim\u00e1tica"}]},{"@type":"WebSite","@id":"https:\/\/www.pressenza.com\/es\/#website","url":"https:\/\/www.pressenza.com\/es\/","name":"Pressenza","description":"International Press Agency","publisher":{"@id":"https:\/\/www.pressenza.com\/es\/#organization"},"potentialAction":[{"@type":"SearchAction","target":{"@type":"EntryPoint","urlTemplate":"https:\/\/www.pressenza.com\/es\/?s={search_term_string}"},"query-input":{"@type":"PropertyValueSpecification","valueRequired":true,"valueName":"search_term_string"}}],"inLanguage":"es"},{"@type":"Organization","@id":"https:\/\/www.pressenza.com\/es\/#organization","name":"Pressenza","url":"https:\/\/www.pressenza.com\/es\/","logo":{"@type":"ImageObject","inLanguage":"es","@id":"https:\/\/www.pressenza.com\/es\/#\/schema\/logo\/image\/","url":"https:\/\/www.pressenza.com\/wp-content\/uploads\/2022\/10\/pressenza_logo_200x200.jpg","contentUrl":"https:\/\/www.pressenza.com\/wp-content\/uploads\/2022\/10\/pressenza_logo_200x200.jpg","width":200,"height":200,"caption":"Pressenza"},"image":{"@id":"https:\/\/www.pressenza.com\/es\/#\/schema\/logo\/image\/"},"sameAs":["https:\/\/www.facebook.com\/PressenzaItalia","https:\/\/x.com\/PressenzaIPA"]},{"@type":"Person","@id":"https:\/\/www.pressenza.com\/es\/#\/schema\/person\/8bb53ec73ef39ceec36ca0128a0ccd41","name":"P\u00eda Figueroa","description":"Founder of Pressenza, life-long humanist, author of several monographs and books.","sameAs":["https:\/\/www.facebook.com\/pia.figueroa?ref=tn_tnmn","https:\/\/x.com\/piafigueroa"],"url":"https:\/\/www.pressenza.com\/es\/author\/pia-figueroa\/"}]}},"place":"ONU","original_article_url":"https:\/\/www.democracynow.org\/es\/2021\/11\/12\/titulares\/un_84_million_people_worldwide_displaced_by_war_insecurity_and_the_climate_crisis","_links":{"self":[{"href":"https:\/\/www.pressenza.com\/es\/wp-json\/wp\/v2\/posts\/1468875","targetHints":{"allow":["GET"]}}],"collection":[{"href":"https:\/\/www.pressenza.com\/es\/wp-json\/wp\/v2\/posts"}],"about":[{"href":"https:\/\/www.pressenza.com\/es\/wp-json\/wp\/v2\/types\/post"}],"author":[{"embeddable":true,"href":"https:\/\/www.pressenza.com\/es\/wp-json\/wp\/v2\/users\/22"}],"replies":[{"embeddable":true,"href":"https:\/\/www.pressenza.com\/es\/wp-json\/wp\/v2\/comments?post=1468875"}],"version-history":[{"count":0,"href":"https:\/\/www.pressenza.com\/es\/wp-json\/wp\/v2\/posts\/1468875\/revisions"}],"wp:featuredmedia":[{"embeddable":true,"href":"https:\/\/www.pressenza.com\/es\/wp-json\/wp\/v2\/media\/1468876"}],"wp:attachment":[{"href":"https:\/\/www.pressenza.com\/es\/wp-json\/wp\/v2\/media?parent=1468875"}],"wp:term":[{"taxonomy":"category","embeddable":true,"href":"https:\/\/www.pressenza.com\/es\/wp-json\/wp\/v2\/categories?post=1468875"},{"taxonomy":"post_tag","embeddable":true,"href":"https:\/\/www.pressenza.com\/es\/wp-json\/wp\/v2\/tags?post=1468875"}],"curies":[{"name":"wp","href":"https:\/\/api.w.org\/{rel}","templated":true}]}}