{"id":1468478,"date":"2021-11-12T11:51:03","date_gmt":"2021-11-12T11:51:03","guid":{"rendered":"https:\/\/www.pressenza.com\/?p=1468478"},"modified":"2021-11-12T11:51:03","modified_gmt":"2021-11-12T11:51:03","slug":"el-derecho-humano-a-un-ambiente-sano-sin-contaminacion","status":"publish","type":"post","link":"https:\/\/www.pressenza.com\/es\/2021\/11\/el-derecho-humano-a-un-ambiente-sano-sin-contaminacion\/","title":{"rendered":"El derecho humano a un ambiente sano, sin contaminaci\u00f3n"},"content":{"rendered":"<p style=\"padding-left: 40px;\"><strong>En un contexto de crisis clim\u00e1tica, el Consejo de Derechos Humanos de Naciones Unidas declar\u00f3 que un ambiente limpio, saludable y sostenible es un derecho humano. Asambleas socioambientales y pueblos ind\u00edgenas de Argentina denuncian al extractivismo como epicentro de la vulneraci\u00f3n de derechos.<\/strong><\/p>\n<p>El Consejo de Derechos Humanos de Naciones Unidas (ONU) declar\u00f3 que el medio ambiente limpio, saludable y sostenible es un derecho humano fundamental. Lo hizo a trav\u00e9s de una resoluci\u00f3n que obtuvo 43 votos de apoyo y ninguno en contra. Amnist\u00eda Internacional celebr\u00f3 la medida: \u00abEs un hito en la batalla contra la crisis clim\u00e1tica\u00bb. En Argentina, comunidades ind\u00edgenas y asambleas socioambientales denuncian desde hace d\u00e9cadas que la megaminer\u00eda y el agronegocio, entre otras actividades extractivas, violan los derechos humanos.<\/p>\n<p>La Resoluci\u00f3n \u00abA\/HRC\/48\/L.23\u00bb del Consejo de Derechos Humanos reconoce el derecho a un medio ambiente saludable \u00abcomo un derecho humano importante para el disfrute de los derechos humanos\u00bb e insta a los Estados a que protejan el medio ambiente como parte de sus compromisos en materia de derechos humanos. El organismo de la ONU destac\u00f3 que el derecho a un medio ambiente sin riesgos, limpio, saludable y sostenible est\u00e1 estrechamente relacionado con otros derechos humanos reconocidos internacionalmente. La degradaci\u00f3n del ambiente da\u00f1a el ejercicio del derecho a la salud, a la vivienda digna y a la educaci\u00f3n, entre otros.<\/p>\n<p>La Coordinadora Basta es Basta nuclea a asambleas socioambientales y activistas de todo Entre R\u00edos. Desde enero de 2018 se manifiestan todos los martes frente a la Casa de Gobierno provincial en denuncia a las fumigaciones con agrot\u00f3xicos. Llaman a la acci\u00f3n \u00abla ronda de los martes\u00bb. El 9 de noviembre cumplieron su marcha n\u00famero 200. \u00abMarchamos frente a las puertas cerradas de la Casa Gris (de gobierno), frente a los o\u00eddos y los micr\u00f3fonos que se cierran ante el mayor conflicto ambiental de la provincia y quiz\u00e1s del pa\u00eds. Tampoco escucharon a las Madres de Plaza de Mayo hace 45 a\u00f1os. Todav\u00eda no nos escuchan, pero la historia de nuestro pueblo pondr\u00e1, m\u00e1s temprano que tarde, las cosas en su sitio porque los derechos humanos se deben honrar todos los d\u00edas\u00bb, resalt\u00f3 Daniela Verze\u00f1assi desde Paran\u00e1, y record\u00f3 que desde hace d\u00e9cadas explican que no se puede hablar de derechos humanos sin abordan la situaci\u00f3n socioambiental.<\/p>\n<p>Afirma que se movilizan para exigir al gobierno provincial un cambio de modelo productivo y pol\u00edticas que acompa\u00f1en una transici\u00f3n hacia la agroecolog\u00eda. \u00abResistimos en nuestros territorios, con nuestros cuerpos, y tambi\u00e9n insistimos en que otro modelo, sin agrot\u00f3xicos, es posible, necesario y urgente\u00bb, se\u00f1ala.<\/p>\n<p>Sa\u00fal Zeballos es parte de la Asamblea J\u00e1chal No Se Toca, en San Juan, donde denuncian desde hace m\u00e1s de una d\u00e9cada el accionar de la empresa Barrick Gold en su emprendimiento Veladero. Zeballos no tiene dudas de que el modelo extractivo vulnera sistem\u00e1ticamente lo derechos humanos. \u00abNosotros explicamos que ac\u00e1 vivimos una dictadura megaminera, donde las corporaciones deciden sobre el territorio y las personas. Y donde tanto el poder pol\u00edtico como el judicial son socios de las empresas\u00bb, afirm\u00f3.<\/p>\n<p>A modo de ejemplo, record\u00f3 que Barrick Gold viola la Ley de Glaciares, contamin\u00f3 r\u00edos (en 2015 provoc\u00f3 el mayor derrame de la historia de la miner\u00eda en Argentina) y no recibi\u00f3 sanci\u00f3n judicial alguna. Zeballos cuestion\u00f3 puntualmente a la Corte Suprema de Justicia de la Naci\u00f3n, que hace trece a\u00f1os tiene demorado un fallo sobre Barrick Gold en su proyecto Pascua Lama. Y alert\u00f3 sobre el nuevo proyecto minero, llamado Josemar\u00eda, \u00abtambi\u00e9n ubicado en zona de glaciares y sin licencia social de la poblaci\u00f3n\u00bb. Denunci\u00f3 que \u00abno hay grieta\u00bb entre sectores pol\u00edticos a la hora de impulsar la megaminer\u00eda. El asamble\u00edsta dio la bienvenida a la resoluci\u00f3n de Naciones Unidas, pero aclar\u00f3: \u00abLo que hace falta, m\u00e1s que declaraciones, es la aplicaci\u00f3n pr\u00e1ctica y efectiva de los derechos humanos\u00bb.<\/p>\n<p>Clemente Flores es uno de los voceros de la Mesa de Pueblos Originarios de la Cuenca de Guayatayoc y Salinas Grandes (Jujuy). Explica que la lucha ind\u00edgena por el territorio siempre fue y es entendida desde la l\u00f3gica de los derechos humanos, aunque s\u00ed lamenta que a una parte de la sociedad no ind\u00edgena le cueste entender esa vinculaci\u00f3n. \u00abLuchamos contra la miner\u00eda de litio porque arrasa nuestro territorio, sobre todo contamina y pone en riesgo el agua, algo vital para nuestras vidas\u00bb, resume Flores.<\/p>\n<p>Aclara que, pandemia mediante, las comunidades no pudieron reunirse en sus cl\u00e1sicas asambleas, mientras las empresas mineras s\u00ed pod\u00edan transitar y avanzaron con sus exploraciones, sin respetar los derechos de los pueblos ind\u00edgenas. \u00abSe habla mucho de cambio clim\u00e1tico pero se hace muy poco. En la Puna ya padecemos el cambio clim\u00e1tico y con la mineras de litio ser\u00e1 peor. Por eso luchamos, porque el agua es un derecho humano, aunque las mineras y gobiernos no lo quieran entender\u00bb, advierte Flores.<\/p>\n<p>La resoluci\u00f3n de Naciones Unidas, aprobada el 8 de octubre, fue impulsada por Costa Rica, Maldivas, Marruecos, Eslovenia y Suiza. S\u00f3lo Rusia, China, India y Jap\u00f3n se abstuvieron de votar.<\/p>\n<p>Ashfaq Khalfan, director del Programa de Derecho Internacional y Pol\u00edtica de Amnist\u00eda Internacional, afirm\u00f3: \u201cEsta resoluci\u00f3n es una esperanza en el actual contexto de aumento de los desastres clim\u00e1ticos generalizados y un hito en la batalla contra la degradaci\u00f3n ambiental. La Comisi\u00f3n ha reconocido por fin que el disfrute de los derechos humanos depende del medioambiente en el que vivimos. Cuando el planeta sufre, las personas que lo habitamos sufrimos tambi\u00e9n, y en todo el mundo la degradaci\u00f3n ambiental est\u00e1 arrebatando a la gente sus derechos\u00bb.<\/p>\n<p>El director de Amnist\u00eda Internacional tambi\u00e9n apunt\u00f3 a los responsables: \u201cLa inacci\u00f3n de los gobiernos a la hora de proteger el planeta y su apoyo continuado a industrias que son destructivas para el medioambiente constituyen un ataque a gran escala contra los derechos humanos\u00bb.<\/p>\n","protected":false},"excerpt":{"rendered":"<p>En un contexto de crisis clim\u00e1tica, el Consejo de Derechos Humanos de Naciones Unidas declar\u00f3 que un ambiente limpio, saludable y sostenible es un derecho humano. Asambleas socioambientales y pueblos ind\u00edgenas de Argentina denuncian al extractivismo como epicentro de la&hellip;<\/p>\n","protected":false},"author":1210,"featured_media":1468480,"comment_status":"closed","ping_status":"closed","sticky":false,"template":"","format":"standard","meta":{"footnotes":""},"categories":[11389,79,78,67],"tags":[26,96268,1544,54082,23699,20348,22210,18507],"class_list":["post-1468478","post","type-post","status-publish","format-standard","has-post-thumbnail","hentry","category-contenido-original","category-derechos-humanos","category-medio-ambiente-ecologia","category-sudamerica","tag-argentina","tag-cop-26-es","tag-extractivismo","tag-indigenas-es","tag-ley-de-glaciares","tag-megamineria","tag-pueblos-originarios","tag-territorios"],"yoast_head":"<!-- This site is optimized with the Yoast SEO plugin v27.1.1 - https:\/\/yoast.com\/product\/yoast-seo-wordpress\/ -->\n<title>El derecho humano a un ambiente sano, sin contaminaci\u00f3n<\/title>\n<meta name=\"description\" content=\"En un contexto de crisis clim\u00e1tica, el Consejo de Derechos Humanos de Naciones Unidas declar\u00f3 que un ambiente limpio, saludable y sostenible es un derecho\" \/>\n<meta name=\"robots\" content=\"index, follow, max-snippet:-1, max-image-preview:large, max-video-preview:-1\" \/>\n<link rel=\"canonical\" href=\"https:\/\/www.pressenza.com\/es\/2021\/11\/el-derecho-humano-a-un-ambiente-sano-sin-contaminacion\/\" \/>\n<meta property=\"og:locale\" content=\"es_ES\" \/>\n<meta property=\"og:type\" content=\"article\" \/>\n<meta property=\"og:title\" content=\"El derecho humano a un ambiente sano, sin contaminaci\u00f3n\" \/>\n<meta property=\"og:description\" content=\"En un contexto de crisis clim\u00e1tica, el Consejo de Derechos Humanos de Naciones Unidas declar\u00f3 que un ambiente limpio, saludable y sostenible es un derecho\" \/>\n<meta property=\"og:url\" content=\"https:\/\/www.pressenza.com\/es\/2021\/11\/el-derecho-humano-a-un-ambiente-sano-sin-contaminacion\/\" \/>\n<meta property=\"og:site_name\" content=\"Pressenza\" \/>\n<meta property=\"article:publisher\" content=\"https:\/\/www.facebook.com\/PressenzaItalia\" \/>\n<meta property=\"article:published_time\" content=\"2021-11-12T11:51:03+00:00\" \/>\n<meta property=\"og:image\" content=\"https:\/\/www.pressenza.com\/wp-content\/uploads\/2021\/11\/michael-bamford.jpg\" \/>\n\t<meta property=\"og:image:width\" content=\"1024\" \/>\n\t<meta property=\"og:image:height\" content=\"660\" \/>\n\t<meta property=\"og:image:type\" content=\"image\/jpeg\" \/>\n<meta name=\"author\" content=\"Dar\u00edo Aranda\" \/>\n<meta name=\"twitter:card\" content=\"summary_large_image\" \/>\n<meta name=\"twitter:creator\" content=\"@PressenzaIPA\" \/>\n<meta name=\"twitter:site\" content=\"@PressenzaIPA\" \/>\n<meta name=\"twitter:label1\" content=\"Escrito por\" \/>\n\t<meta name=\"twitter:data1\" content=\"Dar\u00edo Aranda\" \/>\n\t<meta name=\"twitter:label2\" content=\"Tiempo de lectura\" \/>\n\t<meta name=\"twitter:data2\" content=\"5 minutos\" \/>\n<script type=\"application\/ld+json\" class=\"yoast-schema-graph\">{\"@context\":\"https:\/\/schema.org\",\"@graph\":[{\"@type\":\"Article\",\"@id\":\"https:\/\/www.pressenza.com\/es\/2021\/11\/el-derecho-humano-a-un-ambiente-sano-sin-contaminacion\/#article\",\"isPartOf\":{\"@id\":\"https:\/\/www.pressenza.com\/es\/2021\/11\/el-derecho-humano-a-un-ambiente-sano-sin-contaminacion\/\"},\"author\":{\"name\":\"Dar\u00edo Aranda\",\"@id\":\"https:\/\/www.pressenza.com\/es\/#\/schema\/person\/0e60cd529ef3ecd836a42735fa83478b\"},\"headline\":\"El derecho humano a un ambiente sano, sin contaminaci\u00f3n\",\"datePublished\":\"2021-11-12T11:51:03+00:00\",\"mainEntityOfPage\":{\"@id\":\"https:\/\/www.pressenza.com\/es\/2021\/11\/el-derecho-humano-a-un-ambiente-sano-sin-contaminacion\/\"},\"wordCount\":1046,\"publisher\":{\"@id\":\"https:\/\/www.pressenza.com\/es\/#organization\"},\"image\":{\"@id\":\"https:\/\/www.pressenza.com\/es\/2021\/11\/el-derecho-humano-a-un-ambiente-sano-sin-contaminacion\/#primaryimage\"},\"thumbnailUrl\":\"https:\/\/www.pressenza.com\/wp-content\/uploads\/2021\/11\/michael-bamford.jpg\",\"keywords\":[\"Argentina\",\"cop 26\",\"extractivismo\",\"indigenas\",\"Ley de glaciares\",\"megaminer\u00eda\",\"Pueblos Originarios\",\"territorios\"],\"articleSection\":[\"Contenido Original\",\"Derechos Humanos\",\"Ecolog\u00eda y Medio Ambiente\",\"Sudam\u00e9rica\"],\"inLanguage\":\"es\"},{\"@type\":\"WebPage\",\"@id\":\"https:\/\/www.pressenza.com\/es\/2021\/11\/el-derecho-humano-a-un-ambiente-sano-sin-contaminacion\/\",\"url\":\"https:\/\/www.pressenza.com\/es\/2021\/11\/el-derecho-humano-a-un-ambiente-sano-sin-contaminacion\/\",\"name\":\"El derecho humano a un ambiente sano, sin contaminaci\u00f3n\",\"isPartOf\":{\"@id\":\"https:\/\/www.pressenza.com\/es\/#website\"},\"primaryImageOfPage\":{\"@id\":\"https:\/\/www.pressenza.com\/es\/2021\/11\/el-derecho-humano-a-un-ambiente-sano-sin-contaminacion\/#primaryimage\"},\"image\":{\"@id\":\"https:\/\/www.pressenza.com\/es\/2021\/11\/el-derecho-humano-a-un-ambiente-sano-sin-contaminacion\/#primaryimage\"},\"thumbnailUrl\":\"https:\/\/www.pressenza.com\/wp-content\/uploads\/2021\/11\/michael-bamford.jpg\",\"datePublished\":\"2021-11-12T11:51:03+00:00\",\"description\":\"En un contexto de crisis clim\u00e1tica, el Consejo de Derechos Humanos de Naciones Unidas declar\u00f3 que un ambiente limpio, saludable y sostenible es un derecho\",\"breadcrumb\":{\"@id\":\"https:\/\/www.pressenza.com\/es\/2021\/11\/el-derecho-humano-a-un-ambiente-sano-sin-contaminacion\/#breadcrumb\"},\"inLanguage\":\"es\",\"potentialAction\":[{\"@type\":\"ReadAction\",\"target\":[\"https:\/\/www.pressenza.com\/es\/2021\/11\/el-derecho-humano-a-un-ambiente-sano-sin-contaminacion\/\"]}]},{\"@type\":\"ImageObject\",\"inLanguage\":\"es\",\"@id\":\"https:\/\/www.pressenza.com\/es\/2021\/11\/el-derecho-humano-a-un-ambiente-sano-sin-contaminacion\/#primaryimage\",\"url\":\"https:\/\/www.pressenza.com\/wp-content\/uploads\/2021\/11\/michael-bamford.jpg\",\"contentUrl\":\"https:\/\/www.pressenza.com\/wp-content\/uploads\/2021\/11\/michael-bamford.jpg\",\"width\":1024,\"height\":660},{\"@type\":\"BreadcrumbList\",\"@id\":\"https:\/\/www.pressenza.com\/es\/2021\/11\/el-derecho-humano-a-un-ambiente-sano-sin-contaminacion\/#breadcrumb\",\"itemListElement\":[{\"@type\":\"ListItem\",\"position\":1,\"name\":\"Accueil\",\"item\":\"https:\/\/www.pressenza.com\/es\/\"},{\"@type\":\"ListItem\",\"position\":2,\"name\":\"El derecho humano a un ambiente sano, sin contaminaci\u00f3n\"}]},{\"@type\":\"WebSite\",\"@id\":\"https:\/\/www.pressenza.com\/es\/#website\",\"url\":\"https:\/\/www.pressenza.com\/es\/\",\"name\":\"Pressenza\",\"description\":\"International Press Agency\",\"publisher\":{\"@id\":\"https:\/\/www.pressenza.com\/es\/#organization\"},\"potentialAction\":[{\"@type\":\"SearchAction\",\"target\":{\"@type\":\"EntryPoint\",\"urlTemplate\":\"https:\/\/www.pressenza.com\/es\/?s={search_term_string}\"},\"query-input\":{\"@type\":\"PropertyValueSpecification\",\"valueRequired\":true,\"valueName\":\"search_term_string\"}}],\"inLanguage\":\"es\"},{\"@type\":\"Organization\",\"@id\":\"https:\/\/www.pressenza.com\/es\/#organization\",\"name\":\"Pressenza\",\"url\":\"https:\/\/www.pressenza.com\/es\/\",\"logo\":{\"@type\":\"ImageObject\",\"inLanguage\":\"es\",\"@id\":\"https:\/\/www.pressenza.com\/es\/#\/schema\/logo\/image\/\",\"url\":\"https:\/\/www.pressenza.com\/wp-content\/uploads\/2022\/10\/pressenza_logo_200x200.jpg\",\"contentUrl\":\"https:\/\/www.pressenza.com\/wp-content\/uploads\/2022\/10\/pressenza_logo_200x200.jpg\",\"width\":200,\"height\":200,\"caption\":\"Pressenza\"},\"image\":{\"@id\":\"https:\/\/www.pressenza.com\/es\/#\/schema\/logo\/image\/\"},\"sameAs\":[\"https:\/\/www.facebook.com\/PressenzaItalia\",\"https:\/\/x.com\/PressenzaIPA\"]},{\"@type\":\"Person\",\"@id\":\"https:\/\/www.pressenza.com\/es\/#\/schema\/person\/0e60cd529ef3ecd836a42735fa83478b\",\"name\":\"Dar\u00edo Aranda\",\"description\":\"Dar\u00edo Aranda (argentino, 1977) es periodista. Especializado en extractivismo (petr\u00f3leo, miner\u00eda, agronegocios y forestales), escribe sobre el acontecer de los pueblos ind\u00edgenas, organizaciones campesinas y asambleas socioambientales. www.darioaranda.com.ar\",\"url\":\"https:\/\/www.pressenza.com\/es\/author\/dario-aranda\/\"}]}<\/script>\n<!-- \/ Yoast SEO plugin. -->","yoast_head_json":{"title":"El derecho humano a un ambiente sano, sin contaminaci\u00f3n","description":"En un contexto de crisis clim\u00e1tica, el Consejo de Derechos Humanos de Naciones Unidas declar\u00f3 que un ambiente limpio, saludable y sostenible es un derecho","robots":{"index":"index","follow":"follow","max-snippet":"max-snippet:-1","max-image-preview":"max-image-preview:large","max-video-preview":"max-video-preview:-1"},"canonical":"https:\/\/www.pressenza.com\/es\/2021\/11\/el-derecho-humano-a-un-ambiente-sano-sin-contaminacion\/","og_locale":"es_ES","og_type":"article","og_title":"El derecho humano a un ambiente sano, sin contaminaci\u00f3n","og_description":"En un contexto de crisis clim\u00e1tica, el Consejo de Derechos Humanos de Naciones Unidas declar\u00f3 que un ambiente limpio, saludable y sostenible es un derecho","og_url":"https:\/\/www.pressenza.com\/es\/2021\/11\/el-derecho-humano-a-un-ambiente-sano-sin-contaminacion\/","og_site_name":"Pressenza","article_publisher":"https:\/\/www.facebook.com\/PressenzaItalia","article_published_time":"2021-11-12T11:51:03+00:00","og_image":[{"width":1024,"height":660,"url":"https:\/\/www.pressenza.com\/wp-content\/uploads\/2021\/11\/michael-bamford.jpg","type":"image\/jpeg"}],"author":"Dar\u00edo Aranda","twitter_card":"summary_large_image","twitter_creator":"@PressenzaIPA","twitter_site":"@PressenzaIPA","twitter_misc":{"Escrito por":"Dar\u00edo Aranda","Tiempo de lectura":"5 minutos"},"schema":{"@context":"https:\/\/schema.org","@graph":[{"@type":"Article","@id":"https:\/\/www.pressenza.com\/es\/2021\/11\/el-derecho-humano-a-un-ambiente-sano-sin-contaminacion\/#article","isPartOf":{"@id":"https:\/\/www.pressenza.com\/es\/2021\/11\/el-derecho-humano-a-un-ambiente-sano-sin-contaminacion\/"},"author":{"name":"Dar\u00edo Aranda","@id":"https:\/\/www.pressenza.com\/es\/#\/schema\/person\/0e60cd529ef3ecd836a42735fa83478b"},"headline":"El derecho humano a un ambiente sano, sin contaminaci\u00f3n","datePublished":"2021-11-12T11:51:03+00:00","mainEntityOfPage":{"@id":"https:\/\/www.pressenza.com\/es\/2021\/11\/el-derecho-humano-a-un-ambiente-sano-sin-contaminacion\/"},"wordCount":1046,"publisher":{"@id":"https:\/\/www.pressenza.com\/es\/#organization"},"image":{"@id":"https:\/\/www.pressenza.com\/es\/2021\/11\/el-derecho-humano-a-un-ambiente-sano-sin-contaminacion\/#primaryimage"},"thumbnailUrl":"https:\/\/www.pressenza.com\/wp-content\/uploads\/2021\/11\/michael-bamford.jpg","keywords":["Argentina","cop 26","extractivismo","indigenas","Ley de glaciares","megaminer\u00eda","Pueblos Originarios","territorios"],"articleSection":["Contenido Original","Derechos Humanos","Ecolog\u00eda y Medio Ambiente","Sudam\u00e9rica"],"inLanguage":"es"},{"@type":"WebPage","@id":"https:\/\/www.pressenza.com\/es\/2021\/11\/el-derecho-humano-a-un-ambiente-sano-sin-contaminacion\/","url":"https:\/\/www.pressenza.com\/es\/2021\/11\/el-derecho-humano-a-un-ambiente-sano-sin-contaminacion\/","name":"El derecho humano a un ambiente sano, sin contaminaci\u00f3n","isPartOf":{"@id":"https:\/\/www.pressenza.com\/es\/#website"},"primaryImageOfPage":{"@id":"https:\/\/www.pressenza.com\/es\/2021\/11\/el-derecho-humano-a-un-ambiente-sano-sin-contaminacion\/#primaryimage"},"image":{"@id":"https:\/\/www.pressenza.com\/es\/2021\/11\/el-derecho-humano-a-un-ambiente-sano-sin-contaminacion\/#primaryimage"},"thumbnailUrl":"https:\/\/www.pressenza.com\/wp-content\/uploads\/2021\/11\/michael-bamford.jpg","datePublished":"2021-11-12T11:51:03+00:00","description":"En un contexto de crisis clim\u00e1tica, el Consejo de Derechos Humanos de Naciones Unidas declar\u00f3 que un ambiente limpio, saludable y sostenible es un derecho","breadcrumb":{"@id":"https:\/\/www.pressenza.com\/es\/2021\/11\/el-derecho-humano-a-un-ambiente-sano-sin-contaminacion\/#breadcrumb"},"inLanguage":"es","potentialAction":[{"@type":"ReadAction","target":["https:\/\/www.pressenza.com\/es\/2021\/11\/el-derecho-humano-a-un-ambiente-sano-sin-contaminacion\/"]}]},{"@type":"ImageObject","inLanguage":"es","@id":"https:\/\/www.pressenza.com\/es\/2021\/11\/el-derecho-humano-a-un-ambiente-sano-sin-contaminacion\/#primaryimage","url":"https:\/\/www.pressenza.com\/wp-content\/uploads\/2021\/11\/michael-bamford.jpg","contentUrl":"https:\/\/www.pressenza.com\/wp-content\/uploads\/2021\/11\/michael-bamford.jpg","width":1024,"height":660},{"@type":"BreadcrumbList","@id":"https:\/\/www.pressenza.com\/es\/2021\/11\/el-derecho-humano-a-un-ambiente-sano-sin-contaminacion\/#breadcrumb","itemListElement":[{"@type":"ListItem","position":1,"name":"Accueil","item":"https:\/\/www.pressenza.com\/es\/"},{"@type":"ListItem","position":2,"name":"El derecho humano a un ambiente sano, sin contaminaci\u00f3n"}]},{"@type":"WebSite","@id":"https:\/\/www.pressenza.com\/es\/#website","url":"https:\/\/www.pressenza.com\/es\/","name":"Pressenza","description":"International Press Agency","publisher":{"@id":"https:\/\/www.pressenza.com\/es\/#organization"},"potentialAction":[{"@type":"SearchAction","target":{"@type":"EntryPoint","urlTemplate":"https:\/\/www.pressenza.com\/es\/?s={search_term_string}"},"query-input":{"@type":"PropertyValueSpecification","valueRequired":true,"valueName":"search_term_string"}}],"inLanguage":"es"},{"@type":"Organization","@id":"https:\/\/www.pressenza.com\/es\/#organization","name":"Pressenza","url":"https:\/\/www.pressenza.com\/es\/","logo":{"@type":"ImageObject","inLanguage":"es","@id":"https:\/\/www.pressenza.com\/es\/#\/schema\/logo\/image\/","url":"https:\/\/www.pressenza.com\/wp-content\/uploads\/2022\/10\/pressenza_logo_200x200.jpg","contentUrl":"https:\/\/www.pressenza.com\/wp-content\/uploads\/2022\/10\/pressenza_logo_200x200.jpg","width":200,"height":200,"caption":"Pressenza"},"image":{"@id":"https:\/\/www.pressenza.com\/es\/#\/schema\/logo\/image\/"},"sameAs":["https:\/\/www.facebook.com\/PressenzaItalia","https:\/\/x.com\/PressenzaIPA"]},{"@type":"Person","@id":"https:\/\/www.pressenza.com\/es\/#\/schema\/person\/0e60cd529ef3ecd836a42735fa83478b","name":"Dar\u00edo Aranda","description":"Dar\u00edo Aranda (argentino, 1977) es periodista. Especializado en extractivismo (petr\u00f3leo, miner\u00eda, agronegocios y forestales), escribe sobre el acontecer de los pueblos ind\u00edgenas, organizaciones campesinas y asambleas socioambientales. www.darioaranda.com.ar","url":"https:\/\/www.pressenza.com\/es\/author\/dario-aranda\/"}]}},"place":"Ciudad de Buenos Aires, Argentina","original_article_url":"","_links":{"self":[{"href":"https:\/\/www.pressenza.com\/es\/wp-json\/wp\/v2\/posts\/1468478","targetHints":{"allow":["GET"]}}],"collection":[{"href":"https:\/\/www.pressenza.com\/es\/wp-json\/wp\/v2\/posts"}],"about":[{"href":"https:\/\/www.pressenza.com\/es\/wp-json\/wp\/v2\/types\/post"}],"author":[{"embeddable":true,"href":"https:\/\/www.pressenza.com\/es\/wp-json\/wp\/v2\/users\/1210"}],"replies":[{"embeddable":true,"href":"https:\/\/www.pressenza.com\/es\/wp-json\/wp\/v2\/comments?post=1468478"}],"version-history":[{"count":0,"href":"https:\/\/www.pressenza.com\/es\/wp-json\/wp\/v2\/posts\/1468478\/revisions"}],"wp:featuredmedia":[{"embeddable":true,"href":"https:\/\/www.pressenza.com\/es\/wp-json\/wp\/v2\/media\/1468480"}],"wp:attachment":[{"href":"https:\/\/www.pressenza.com\/es\/wp-json\/wp\/v2\/media?parent=1468478"}],"wp:term":[{"taxonomy":"category","embeddable":true,"href":"https:\/\/www.pressenza.com\/es\/wp-json\/wp\/v2\/categories?post=1468478"},{"taxonomy":"post_tag","embeddable":true,"href":"https:\/\/www.pressenza.com\/es\/wp-json\/wp\/v2\/tags?post=1468478"}],"curies":[{"name":"wp","href":"https:\/\/api.w.org\/{rel}","templated":true}]}}