{"id":1468192,"date":"2021-11-12T00:11:36","date_gmt":"2021-11-12T00:11:36","guid":{"rendered":"https:\/\/www.pressenza.com\/?p=1468192"},"modified":"2021-11-12T00:11:36","modified_gmt":"2021-11-12T00:11:36","slug":"diamela-eltit-inaugura-el-ii-seminario-virtual-del-leer-crear-mediar","status":"publish","type":"post","link":"https:\/\/www.pressenza.com\/es\/2021\/11\/diamela-eltit-inaugura-el-ii-seminario-virtual-del-leer-crear-mediar\/","title":{"rendered":"Diamela Eltit inaugura el II Seminario virtual del \u00abLeer, crear, mediar\u00bb"},"content":{"rendered":"<p>El encuentro, dirigido especialmente a mediadores de lectura, se extender\u00e1 por 10 d\u00edas y tendr\u00e1 un programa diverso y con \u00e9nfasis en las voces mapuche, tema que ha sido central en las actividades del Plan Nacional de la Lectura.<\/p>\n<p><em>Lecturas, resistencias, feminismos y contextos actuales<\/em>, se titula la conferencia de la Premio Nacional de Literatura 2018, quien dar\u00e1 inicio a un nutrido programa que contiene charlas, talleres y encuentro con autores.<\/p>\n<p>Entre el 23 de noviembre y el 2 de diciembre, el Plan Nacional de la Lectura realizar\u00e1 el segundo seminario virtual <em>Leer, crear, mediar<\/em>, en el que participar\u00e1n autores, mediadores, acad\u00e9micos y otros agentes culturales, quienes reflexionar\u00e1n sobre diversos temas en un programa compuesto por charlas, talleres y Di\u00e1logos en Movimiento. Todas las actividades ser\u00e1n virtuales, gratuitas y abiertas al p\u00fablico, previa inscripci\u00f3n.<\/p>\n<p>\u201cComo Ministerio, nos enorgullece realizar por segunda vez este seminario dirigido a todas y todos los interesados en la lectura, y especialmente a aquellos que centran su quehacer en promoverla. Esperamos que quienes asistan puedan disfrutar de los talleres formativos, as\u00ed como de las exposiciones de especialistas en el \u00e1mbito de la creaci\u00f3n, de la lectura y el libro\u201d, se\u00f1al\u00f3 la ministra de las Culturas, las Artes y el Patrimonio, Consuelo Vald\u00e9s.<\/p>\n<p>La inauguraci\u00f3n estar\u00e1 a cargo de escritora chilena, Premio Nacional de Literatura 2018, Diamela Eltit con su charla <em>Lecturas, resistencias, feminismos y contextos actuales<\/em>, el d\u00eda 23 de noviembre, a las 11.00 horas, para la cual ya est\u00e1n abiertas las inscripciones, como para todo el programa. Esta instancia ser\u00e1 seguida por la presentaci\u00f3n de los avances del proceso de construcci\u00f3n de la Pol\u00edtica del Libro y la Lectura 2022-2027, a cargo de Pedro Maino, secretario ejecutivo del Consejo Nacional del Libro y la Lectura del Ministerio de las Culturas.<\/p>\n<p>Enmarcadas en los ejes centrales de este seminario otras dos charlas ser\u00e1n <em>Una introducci\u00f3n a la innovaci\u00f3n social y al dise\u00f1o participativo en bibliotecas p\u00fablicas<\/em>, por el acad\u00e9mico colombiano, consultor en innovaci\u00f3n, Mauricio Fino-Garz\u00f3n; y <em>Escritura para el cambio social<\/em>, por la premiada escritora nacional, Mar\u00eda Jos\u00e9 Ferrada.<\/p>\n<p>Los ocho talleres, de tres sesiones cada uno, ser\u00e1n <em>Poes\u00eda infantil<\/em>, de Vladimir Rivera; <em>Dramaturgia. Contar historias a trav\u00e9s de la acci\u00f3n<\/em>, de Carla Z\u00fa\u00f1iga; <em>Mediaciones e interacciones digitales<\/em>, de James Staig; <em>Cine y literatura: p\u00e1ginas en pantalla<\/em>, de Christian Ram\u00edrez; <em>Bibliotecas populares y comunitarias. \u00bfC\u00f3mo crear una?<\/em>, de Ghislaine Barr\u00eda Gonz\u00e1lez; <em>Fomento lector y plataformas digitales<\/em>. <em>Herramientas y t\u00e9cnicas para mediadores<\/em>, de Patricio Contreras; y <em>Todas y todos somos migrantes<\/em>, de Carola Mart\u00ednez.<\/p>\n<p><strong>El a\u00f1o de las voces mapuche<\/strong><\/p>\n<p>Desde abril de 2021, el Plan Nacional de la Lectura dio inicio a <em>El a\u00f1o de las voces mapuche<\/em>,\u00a0en el que se han relevado sus diversas expresiones orales y escritas contempor\u00e1neas, desarrolladas por autoras y autores, creadores y narradores. Esto en el contexto de que, en 2020, por primera vez en la historia del Premio Nacional de Literatura, este fue concedido a un autor mapuche: Elicura Chihuailaf. As\u00ed este a\u00f1o el seminario centra en este tema los Di\u00e1logos en Movimiento: Lucas Costa har\u00e1 una mediaci\u00f3n sobre los libros <em>La luz cae vertical<\/em> y <em>Kogen<\/em> de Leonel Lienlaf; Francisca Werth har\u00e1 una mediaci\u00f3n sobre la <em>Antolog\u00eda ciudadana de voces mapuche<\/em> de Bernardo Colipan y Ana Corbal\u00e1n desarrollar\u00e1 el di\u00e1logo en torno a la obra <em>Trewa<\/em>, de Paula Gonz\u00e1lez Seguel. En la \u00faltima sesi\u00f3n de cada Di\u00e1logo en Movimiento los autores conversar\u00e1n con los participantes del proceso de mediaci\u00f3n.<\/p>\n<p>Dentro de esta misma tem\u00e1tica, una de las charlas de este seminario ser\u00e1 <em>Poes\u00eda ind\u00edgena contempor\u00e1nea<\/em>, que ser\u00e1 dictada por la poeta Roxana Miranda Rupailaf, actividad que estar\u00e1 seguida por el lanzamiento de la <em>Antolog\u00eda ciudadana de voces mapuche<\/em>, en la que participar\u00e1 su antologador Bernardo Colipan, mientras que Ivonne Co\u00f1uecar guiar\u00e1 el taller <em>La persistencia de la memoria en su relaci\u00f3n con la oralidad y la escritura.<\/em><\/p>\n<p>El programa completo del seminario, las rese\u00f1as de todos sus expositores y las inscripciones a sus charlas, talleres y Di\u00e1logos en Movimiento est\u00e1n disponibles en el sitio <a href=\"http:\/\/www.leercrearmediar.cl\">www.leercrearmediar.cl<\/a>.<\/p>\n","protected":false},"excerpt":{"rendered":"<p>El encuentro, dirigido especialmente a mediadores de lectura, se extender\u00e1 por 10 d\u00edas y tendr\u00e1 un programa diverso y con \u00e9nfasis en las voces mapuche, tema que ha sido central en las actividades del Plan Nacional de la Lectura. Lecturas,&hellip;<\/p>\n","protected":false},"author":2011,"featured_media":1468193,"comment_status":"closed","ping_status":"closed","sticky":false,"template":"","format":"standard","meta":{"footnotes":""},"categories":[149,11389,75,67],"tags":[29,96680,96681],"class_list":["post-1468192","post","type-post","status-publish","format-standard","has-post-thumbnail","hentry","category-comunicados-de-prensa","category-contenido-original","category-cultura-es","category-sudamerica","tag-chile","tag-diamela-eltit","tag-plan-nacional-de-la-lectura"],"yoast_head":"<!-- This site is optimized with the Yoast SEO plugin v27.1.1 - https:\/\/yoast.com\/product\/yoast-seo-wordpress\/ -->\n<title>Diamela Eltit inaugura el II Seminario virtual del &quot;Leer, crear, mediar&quot;<\/title>\n<meta name=\"description\" content=\"El encuentro, dirigido especialmente a mediadores de lectura, se extender\u00e1 por 10 d\u00edas y tendr\u00e1 un programa diverso y con \u00e9nfasis en las voces mapuche,\" \/>\n<meta name=\"robots\" content=\"index, follow, max-snippet:-1, max-image-preview:large, max-video-preview:-1\" \/>\n<link rel=\"canonical\" href=\"https:\/\/www.pressenza.com\/es\/2021\/11\/diamela-eltit-inaugura-el-ii-seminario-virtual-del-leer-crear-mediar\/\" \/>\n<meta property=\"og:locale\" content=\"es_ES\" \/>\n<meta property=\"og:type\" content=\"article\" \/>\n<meta property=\"og:title\" content=\"Diamela Eltit inaugura el II Seminario virtual del &quot;Leer, crear, mediar&quot;\" \/>\n<meta property=\"og:description\" content=\"El encuentro, dirigido especialmente a mediadores de lectura, se extender\u00e1 por 10 d\u00edas y tendr\u00e1 un programa diverso y con \u00e9nfasis en las voces mapuche,\" \/>\n<meta property=\"og:url\" content=\"https:\/\/www.pressenza.com\/es\/2021\/11\/diamela-eltit-inaugura-el-ii-seminario-virtual-del-leer-crear-mediar\/\" \/>\n<meta property=\"og:site_name\" content=\"Pressenza\" \/>\n<meta property=\"article:publisher\" content=\"https:\/\/www.facebook.com\/PressenzaItalia\" \/>\n<meta property=\"article:published_time\" content=\"2021-11-12T00:11:36+00:00\" \/>\n<meta property=\"og:image\" content=\"https:\/\/www.pressenza.com\/wp-content\/uploads\/2021\/11\/carrusel_1080x1080.jpg\" \/>\n\t<meta property=\"og:image:width\" content=\"1906\" \/>\n\t<meta property=\"og:image:height\" content=\"1920\" \/>\n\t<meta property=\"og:image:type\" content=\"image\/jpeg\" \/>\n<meta name=\"author\" content=\"Mariana Hales Beseler\" \/>\n<meta name=\"twitter:card\" content=\"summary_large_image\" \/>\n<meta name=\"twitter:creator\" content=\"@PressenzaIPA\" \/>\n<meta name=\"twitter:site\" content=\"@PressenzaIPA\" \/>\n<meta name=\"twitter:label1\" content=\"Escrito por\" \/>\n\t<meta name=\"twitter:data1\" content=\"Mariana Hales Beseler\" \/>\n\t<meta name=\"twitter:label2\" content=\"Tiempo de lectura\" \/>\n\t<meta name=\"twitter:data2\" content=\"4 minutos\" \/>\n<script type=\"application\/ld+json\" class=\"yoast-schema-graph\">{\"@context\":\"https:\/\/schema.org\",\"@graph\":[{\"@type\":\"Article\",\"@id\":\"https:\/\/www.pressenza.com\/es\/2021\/11\/diamela-eltit-inaugura-el-ii-seminario-virtual-del-leer-crear-mediar\/#article\",\"isPartOf\":{\"@id\":\"https:\/\/www.pressenza.com\/es\/2021\/11\/diamela-eltit-inaugura-el-ii-seminario-virtual-del-leer-crear-mediar\/\"},\"author\":{\"name\":\"Mariana Hales Beseler\",\"@id\":\"https:\/\/www.pressenza.com\/es\/#\/schema\/person\/03ad45693deae00354a5a14ad538ed1e\"},\"headline\":\"Diamela Eltit inaugura el II Seminario virtual del \u00abLeer, crear, mediar\u00bb\",\"datePublished\":\"2021-11-12T00:11:36+00:00\",\"mainEntityOfPage\":{\"@id\":\"https:\/\/www.pressenza.com\/es\/2021\/11\/diamela-eltit-inaugura-el-ii-seminario-virtual-del-leer-crear-mediar\/\"},\"wordCount\":734,\"publisher\":{\"@id\":\"https:\/\/www.pressenza.com\/es\/#organization\"},\"image\":{\"@id\":\"https:\/\/www.pressenza.com\/es\/2021\/11\/diamela-eltit-inaugura-el-ii-seminario-virtual-del-leer-crear-mediar\/#primaryimage\"},\"thumbnailUrl\":\"https:\/\/www.pressenza.com\/wp-content\/uploads\/2021\/11\/carrusel_1080x1080.jpg\",\"keywords\":[\"Chile\",\"Diamela Eltit\",\"Plan Nacional de la Lectura\"],\"articleSection\":[\"Comunicados de Prensa\",\"Contenido Original\",\"Cultura y Medios\",\"Sudam\u00e9rica\"],\"inLanguage\":\"es\"},{\"@type\":\"WebPage\",\"@id\":\"https:\/\/www.pressenza.com\/es\/2021\/11\/diamela-eltit-inaugura-el-ii-seminario-virtual-del-leer-crear-mediar\/\",\"url\":\"https:\/\/www.pressenza.com\/es\/2021\/11\/diamela-eltit-inaugura-el-ii-seminario-virtual-del-leer-crear-mediar\/\",\"name\":\"Diamela Eltit inaugura el II Seminario virtual del \\\"Leer, crear, mediar\\\"\",\"isPartOf\":{\"@id\":\"https:\/\/www.pressenza.com\/es\/#website\"},\"primaryImageOfPage\":{\"@id\":\"https:\/\/www.pressenza.com\/es\/2021\/11\/diamela-eltit-inaugura-el-ii-seminario-virtual-del-leer-crear-mediar\/#primaryimage\"},\"image\":{\"@id\":\"https:\/\/www.pressenza.com\/es\/2021\/11\/diamela-eltit-inaugura-el-ii-seminario-virtual-del-leer-crear-mediar\/#primaryimage\"},\"thumbnailUrl\":\"https:\/\/www.pressenza.com\/wp-content\/uploads\/2021\/11\/carrusel_1080x1080.jpg\",\"datePublished\":\"2021-11-12T00:11:36+00:00\",\"description\":\"El encuentro, dirigido especialmente a mediadores de lectura, se extender\u00e1 por 10 d\u00edas y tendr\u00e1 un programa diverso y con \u00e9nfasis en las voces mapuche,\",\"breadcrumb\":{\"@id\":\"https:\/\/www.pressenza.com\/es\/2021\/11\/diamela-eltit-inaugura-el-ii-seminario-virtual-del-leer-crear-mediar\/#breadcrumb\"},\"inLanguage\":\"es\",\"potentialAction\":[{\"@type\":\"ReadAction\",\"target\":[\"https:\/\/www.pressenza.com\/es\/2021\/11\/diamela-eltit-inaugura-el-ii-seminario-virtual-del-leer-crear-mediar\/\"]}]},{\"@type\":\"ImageObject\",\"inLanguage\":\"es\",\"@id\":\"https:\/\/www.pressenza.com\/es\/2021\/11\/diamela-eltit-inaugura-el-ii-seminario-virtual-del-leer-crear-mediar\/#primaryimage\",\"url\":\"https:\/\/www.pressenza.com\/wp-content\/uploads\/2021\/11\/carrusel_1080x1080.jpg\",\"contentUrl\":\"https:\/\/www.pressenza.com\/wp-content\/uploads\/2021\/11\/carrusel_1080x1080.jpg\",\"width\":1906,\"height\":1920},{\"@type\":\"BreadcrumbList\",\"@id\":\"https:\/\/www.pressenza.com\/es\/2021\/11\/diamela-eltit-inaugura-el-ii-seminario-virtual-del-leer-crear-mediar\/#breadcrumb\",\"itemListElement\":[{\"@type\":\"ListItem\",\"position\":1,\"name\":\"Accueil\",\"item\":\"https:\/\/www.pressenza.com\/es\/\"},{\"@type\":\"ListItem\",\"position\":2,\"name\":\"Diamela Eltit inaugura el II Seminario virtual del \u00abLeer, crear, mediar\u00bb\"}]},{\"@type\":\"WebSite\",\"@id\":\"https:\/\/www.pressenza.com\/es\/#website\",\"url\":\"https:\/\/www.pressenza.com\/es\/\",\"name\":\"Pressenza\",\"description\":\"International Press Agency\",\"publisher\":{\"@id\":\"https:\/\/www.pressenza.com\/es\/#organization\"},\"potentialAction\":[{\"@type\":\"SearchAction\",\"target\":{\"@type\":\"EntryPoint\",\"urlTemplate\":\"https:\/\/www.pressenza.com\/es\/?s={search_term_string}\"},\"query-input\":{\"@type\":\"PropertyValueSpecification\",\"valueRequired\":true,\"valueName\":\"search_term_string\"}}],\"inLanguage\":\"es\"},{\"@type\":\"Organization\",\"@id\":\"https:\/\/www.pressenza.com\/es\/#organization\",\"name\":\"Pressenza\",\"url\":\"https:\/\/www.pressenza.com\/es\/\",\"logo\":{\"@type\":\"ImageObject\",\"inLanguage\":\"es\",\"@id\":\"https:\/\/www.pressenza.com\/es\/#\/schema\/logo\/image\/\",\"url\":\"https:\/\/www.pressenza.com\/wp-content\/uploads\/2022\/10\/pressenza_logo_200x200.jpg\",\"contentUrl\":\"https:\/\/www.pressenza.com\/wp-content\/uploads\/2022\/10\/pressenza_logo_200x200.jpg\",\"width\":200,\"height\":200,\"caption\":\"Pressenza\"},\"image\":{\"@id\":\"https:\/\/www.pressenza.com\/es\/#\/schema\/logo\/image\/\"},\"sameAs\":[\"https:\/\/www.facebook.com\/PressenzaItalia\",\"https:\/\/x.com\/PressenzaIPA\"]},{\"@type\":\"Person\",\"@id\":\"https:\/\/www.pressenza.com\/es\/#\/schema\/person\/03ad45693deae00354a5a14ad538ed1e\",\"name\":\"Mariana Hales Beseler\",\"description\":\"Periodista chilena. Desde el a\u00f1o 2003 trabaja en distintas editoriales como encargada de comunicaciones, en relaci\u00f3n con muchos autores y sus creaciones. El a\u00f1o 2012 cre\u00f3 una oficina de servicios editoriales y comunicacionales a trav\u00e9s de la cual hace prensa y difusi\u00f3n, asesor\u00edas para autores y temas relacionados a la edici\u00f3n y publicaci\u00f3n de libros. Desde ese mismo a\u00f1o trabaja con Chilevisi\u00f3n para la concreci\u00f3n del proyecto audiovisual \\\"In\u00e9s\\\", basado en el libro \\\"In\u00e9s del Alma M\u00eda\\\" de Isabel Allende, el que pr\u00f3ximamente ser\u00e1 exhibido en Chile.\",\"sameAs\":[\"http:\/\/www.marianahales.com\/\"],\"url\":\"https:\/\/www.pressenza.com\/es\/author\/mariana-hales-beseler\/\"}]}<\/script>\n<!-- \/ Yoast SEO plugin. -->","yoast_head_json":{"title":"Diamela Eltit inaugura el II Seminario virtual del \"Leer, crear, mediar\"","description":"El encuentro, dirigido especialmente a mediadores de lectura, se extender\u00e1 por 10 d\u00edas y tendr\u00e1 un programa diverso y con \u00e9nfasis en las voces mapuche,","robots":{"index":"index","follow":"follow","max-snippet":"max-snippet:-1","max-image-preview":"max-image-preview:large","max-video-preview":"max-video-preview:-1"},"canonical":"https:\/\/www.pressenza.com\/es\/2021\/11\/diamela-eltit-inaugura-el-ii-seminario-virtual-del-leer-crear-mediar\/","og_locale":"es_ES","og_type":"article","og_title":"Diamela Eltit inaugura el II Seminario virtual del \"Leer, crear, mediar\"","og_description":"El encuentro, dirigido especialmente a mediadores de lectura, se extender\u00e1 por 10 d\u00edas y tendr\u00e1 un programa diverso y con \u00e9nfasis en las voces mapuche,","og_url":"https:\/\/www.pressenza.com\/es\/2021\/11\/diamela-eltit-inaugura-el-ii-seminario-virtual-del-leer-crear-mediar\/","og_site_name":"Pressenza","article_publisher":"https:\/\/www.facebook.com\/PressenzaItalia","article_published_time":"2021-11-12T00:11:36+00:00","og_image":[{"width":1906,"height":1920,"url":"https:\/\/www.pressenza.com\/wp-content\/uploads\/2021\/11\/carrusel_1080x1080.jpg","type":"image\/jpeg"}],"author":"Mariana Hales Beseler","twitter_card":"summary_large_image","twitter_creator":"@PressenzaIPA","twitter_site":"@PressenzaIPA","twitter_misc":{"Escrito por":"Mariana Hales Beseler","Tiempo de lectura":"4 minutos"},"schema":{"@context":"https:\/\/schema.org","@graph":[{"@type":"Article","@id":"https:\/\/www.pressenza.com\/es\/2021\/11\/diamela-eltit-inaugura-el-ii-seminario-virtual-del-leer-crear-mediar\/#article","isPartOf":{"@id":"https:\/\/www.pressenza.com\/es\/2021\/11\/diamela-eltit-inaugura-el-ii-seminario-virtual-del-leer-crear-mediar\/"},"author":{"name":"Mariana Hales Beseler","@id":"https:\/\/www.pressenza.com\/es\/#\/schema\/person\/03ad45693deae00354a5a14ad538ed1e"},"headline":"Diamela Eltit inaugura el II Seminario virtual del \u00abLeer, crear, mediar\u00bb","datePublished":"2021-11-12T00:11:36+00:00","mainEntityOfPage":{"@id":"https:\/\/www.pressenza.com\/es\/2021\/11\/diamela-eltit-inaugura-el-ii-seminario-virtual-del-leer-crear-mediar\/"},"wordCount":734,"publisher":{"@id":"https:\/\/www.pressenza.com\/es\/#organization"},"image":{"@id":"https:\/\/www.pressenza.com\/es\/2021\/11\/diamela-eltit-inaugura-el-ii-seminario-virtual-del-leer-crear-mediar\/#primaryimage"},"thumbnailUrl":"https:\/\/www.pressenza.com\/wp-content\/uploads\/2021\/11\/carrusel_1080x1080.jpg","keywords":["Chile","Diamela Eltit","Plan Nacional de la Lectura"],"articleSection":["Comunicados de Prensa","Contenido Original","Cultura y Medios","Sudam\u00e9rica"],"inLanguage":"es"},{"@type":"WebPage","@id":"https:\/\/www.pressenza.com\/es\/2021\/11\/diamela-eltit-inaugura-el-ii-seminario-virtual-del-leer-crear-mediar\/","url":"https:\/\/www.pressenza.com\/es\/2021\/11\/diamela-eltit-inaugura-el-ii-seminario-virtual-del-leer-crear-mediar\/","name":"Diamela Eltit inaugura el II Seminario virtual del \"Leer, crear, mediar\"","isPartOf":{"@id":"https:\/\/www.pressenza.com\/es\/#website"},"primaryImageOfPage":{"@id":"https:\/\/www.pressenza.com\/es\/2021\/11\/diamela-eltit-inaugura-el-ii-seminario-virtual-del-leer-crear-mediar\/#primaryimage"},"image":{"@id":"https:\/\/www.pressenza.com\/es\/2021\/11\/diamela-eltit-inaugura-el-ii-seminario-virtual-del-leer-crear-mediar\/#primaryimage"},"thumbnailUrl":"https:\/\/www.pressenza.com\/wp-content\/uploads\/2021\/11\/carrusel_1080x1080.jpg","datePublished":"2021-11-12T00:11:36+00:00","description":"El encuentro, dirigido especialmente a mediadores de lectura, se extender\u00e1 por 10 d\u00edas y tendr\u00e1 un programa diverso y con \u00e9nfasis en las voces mapuche,","breadcrumb":{"@id":"https:\/\/www.pressenza.com\/es\/2021\/11\/diamela-eltit-inaugura-el-ii-seminario-virtual-del-leer-crear-mediar\/#breadcrumb"},"inLanguage":"es","potentialAction":[{"@type":"ReadAction","target":["https:\/\/www.pressenza.com\/es\/2021\/11\/diamela-eltit-inaugura-el-ii-seminario-virtual-del-leer-crear-mediar\/"]}]},{"@type":"ImageObject","inLanguage":"es","@id":"https:\/\/www.pressenza.com\/es\/2021\/11\/diamela-eltit-inaugura-el-ii-seminario-virtual-del-leer-crear-mediar\/#primaryimage","url":"https:\/\/www.pressenza.com\/wp-content\/uploads\/2021\/11\/carrusel_1080x1080.jpg","contentUrl":"https:\/\/www.pressenza.com\/wp-content\/uploads\/2021\/11\/carrusel_1080x1080.jpg","width":1906,"height":1920},{"@type":"BreadcrumbList","@id":"https:\/\/www.pressenza.com\/es\/2021\/11\/diamela-eltit-inaugura-el-ii-seminario-virtual-del-leer-crear-mediar\/#breadcrumb","itemListElement":[{"@type":"ListItem","position":1,"name":"Accueil","item":"https:\/\/www.pressenza.com\/es\/"},{"@type":"ListItem","position":2,"name":"Diamela Eltit inaugura el II Seminario virtual del \u00abLeer, crear, mediar\u00bb"}]},{"@type":"WebSite","@id":"https:\/\/www.pressenza.com\/es\/#website","url":"https:\/\/www.pressenza.com\/es\/","name":"Pressenza","description":"International Press Agency","publisher":{"@id":"https:\/\/www.pressenza.com\/es\/#organization"},"potentialAction":[{"@type":"SearchAction","target":{"@type":"EntryPoint","urlTemplate":"https:\/\/www.pressenza.com\/es\/?s={search_term_string}"},"query-input":{"@type":"PropertyValueSpecification","valueRequired":true,"valueName":"search_term_string"}}],"inLanguage":"es"},{"@type":"Organization","@id":"https:\/\/www.pressenza.com\/es\/#organization","name":"Pressenza","url":"https:\/\/www.pressenza.com\/es\/","logo":{"@type":"ImageObject","inLanguage":"es","@id":"https:\/\/www.pressenza.com\/es\/#\/schema\/logo\/image\/","url":"https:\/\/www.pressenza.com\/wp-content\/uploads\/2022\/10\/pressenza_logo_200x200.jpg","contentUrl":"https:\/\/www.pressenza.com\/wp-content\/uploads\/2022\/10\/pressenza_logo_200x200.jpg","width":200,"height":200,"caption":"Pressenza"},"image":{"@id":"https:\/\/www.pressenza.com\/es\/#\/schema\/logo\/image\/"},"sameAs":["https:\/\/www.facebook.com\/PressenzaItalia","https:\/\/x.com\/PressenzaIPA"]},{"@type":"Person","@id":"https:\/\/www.pressenza.com\/es\/#\/schema\/person\/03ad45693deae00354a5a14ad538ed1e","name":"Mariana Hales Beseler","description":"Periodista chilena. Desde el a\u00f1o 2003 trabaja en distintas editoriales como encargada de comunicaciones, en relaci\u00f3n con muchos autores y sus creaciones. El a\u00f1o 2012 cre\u00f3 una oficina de servicios editoriales y comunicacionales a trav\u00e9s de la cual hace prensa y difusi\u00f3n, asesor\u00edas para autores y temas relacionados a la edici\u00f3n y publicaci\u00f3n de libros. Desde ese mismo a\u00f1o trabaja con Chilevisi\u00f3n para la concreci\u00f3n del proyecto audiovisual \"In\u00e9s\", basado en el libro \"In\u00e9s del Alma M\u00eda\" de Isabel Allende, el que pr\u00f3ximamente ser\u00e1 exhibido en Chile.","sameAs":["http:\/\/www.marianahales.com\/"],"url":"https:\/\/www.pressenza.com\/es\/author\/mariana-hales-beseler\/"}]}},"place":"Santiago de Chile","original_article_url":"","_links":{"self":[{"href":"https:\/\/www.pressenza.com\/es\/wp-json\/wp\/v2\/posts\/1468192","targetHints":{"allow":["GET"]}}],"collection":[{"href":"https:\/\/www.pressenza.com\/es\/wp-json\/wp\/v2\/posts"}],"about":[{"href":"https:\/\/www.pressenza.com\/es\/wp-json\/wp\/v2\/types\/post"}],"author":[{"embeddable":true,"href":"https:\/\/www.pressenza.com\/es\/wp-json\/wp\/v2\/users\/2011"}],"replies":[{"embeddable":true,"href":"https:\/\/www.pressenza.com\/es\/wp-json\/wp\/v2\/comments?post=1468192"}],"version-history":[{"count":0,"href":"https:\/\/www.pressenza.com\/es\/wp-json\/wp\/v2\/posts\/1468192\/revisions"}],"wp:featuredmedia":[{"embeddable":true,"href":"https:\/\/www.pressenza.com\/es\/wp-json\/wp\/v2\/media\/1468193"}],"wp:attachment":[{"href":"https:\/\/www.pressenza.com\/es\/wp-json\/wp\/v2\/media?parent=1468192"}],"wp:term":[{"taxonomy":"category","embeddable":true,"href":"https:\/\/www.pressenza.com\/es\/wp-json\/wp\/v2\/categories?post=1468192"},{"taxonomy":"post_tag","embeddable":true,"href":"https:\/\/www.pressenza.com\/es\/wp-json\/wp\/v2\/tags?post=1468192"}],"curies":[{"name":"wp","href":"https:\/\/api.w.org\/{rel}","templated":true}]}}