{"id":1467885,"date":"2021-11-11T19:15:19","date_gmt":"2021-11-11T19:15:19","guid":{"rendered":"https:\/\/www.pressenza.com\/?p=1467885"},"modified":"2021-11-11T19:15:19","modified_gmt":"2021-11-11T19:15:19","slug":"homicidio-es-una-palabra-dura-cruel-pero-no-voy-a-claudicar-en-buscar-a-tehuel-con-vida","status":"publish","type":"post","link":"https:\/\/www.pressenza.com\/es\/2021\/11\/homicidio-es-una-palabra-dura-cruel-pero-no-voy-a-claudicar-en-buscar-a-tehuel-con-vida\/","title":{"rendered":"\u201cHomicidio es una palabra dura, cruel, pero no voy a claudicar en buscar a Tehuel con vida\u201d."},"content":{"rendered":"<p>Andr\u00e9s de la Torre, pap\u00e1 de Tehuel, reflexiona y me cuenta lo que significa para \u00e9l, el cambio de car\u00e1tula. \u201cSi no, se iban libres. \u00a1Sal\u00edan a la calle! \u00a1Y hay riesgo de fuga!\u201d, me advierte en referencia a Alberto Ramos y \u00d3scar Alfredo Montes, acusados de, en esta nueva instancia de la investigaci\u00f3n, \u201cHomicidio Agravado por odio a la orientaci\u00f3n sexual e identidad de g\u00e9nero\u201d.<\/p>\n<p>Con este cambio de car\u00e1tula, los dos acusados y principales sospechosos de la desaparici\u00f3n de Tehuel de la Torre, ser\u00e1n detenidos y nuevamente interrogados, a la espera de que aporten nueva informaci\u00f3n a la causa.<\/p>\n<p>\u201cHay muchos elementos probatorios que permitieron el cambio de car\u00e1tula\u201d, con lo cual la elevaci\u00f3n a juicio es inminente.<\/p>\n<p>\u201cLa causa estaba parada hace dos meses. Por supuesto que \u00e9sto va a provocar presi\u00f3n. Y aunque la palabra \u2018homicidio\u2019 es dura, cruel, no voy a claudicar en buscar a Tehuel con vida\u201d, concluy\u00f3 Andr\u00e9s mientras conversamos v\u00eda comunicaci\u00f3n telef\u00f3nica las sensaciones encontradas que significan este avance en el proceso investigativo.<\/p>\n<p>El cambio de caratula de \u201cAveriguaci\u00f3n de paradero\u201d a \u201cHomicidio agravado por odio a la orientaci\u00f3n sexual e identidad de g\u00e9nero\u201d significa tener la certeza y los elementos probatorios necesarios para dirigir una acusaci\u00f3n formal hacia, por el momento, los \u00fanicos sospechosos de la causa.<\/p>\n","protected":false},"excerpt":{"rendered":"<p>Andr\u00e9s de la Torre, pap\u00e1 de Tehuel, reflexiona y me cuenta lo que significa para \u00e9l, el cambio de car\u00e1tula. \u201cSi no, se iban libres. \u00a1Sal\u00edan a la calle! \u00a1Y hay riesgo de fuga!\u201d, me advierte en referencia a Alberto&hellip;<\/p>\n","protected":false},"author":1372,"featured_media":1467886,"comment_status":"closed","ping_status":"closed","sticky":false,"template":"","format":"standard","meta":{"footnotes":""},"categories":[79,1241,54515,67],"tags":[31992,503,21543,91619],"class_list":["post-1467885","post","type-post","status-publish","format-standard","has-post-thumbnail","hentry","category-derechos-humanos","category-diversidad","category-genero-y-feminismos","category-sudamerica","tag-desaparicion","tag-genero","tag-identidad-de-genero","tag-tehuel"],"yoast_head":"<!-- This site is optimized with the Yoast SEO plugin v27.1.1 - https:\/\/yoast.com\/product\/yoast-seo-wordpress\/ -->\n<title>\u201cHomicidio es una palabra dura, cruel, pero no voy a claudicar en buscar a Tehuel con vida\u201d.<\/title>\n<meta name=\"description\" content=\"Andr\u00e9s de la Torre, pap\u00e1 de Tehuel, reflexiona y me cuenta lo que significa para \u00e9l, el cambio de car\u00e1tula. \u201cSi no, se iban libres. \u00a1Sal\u00edan a la calle! \u00a1Y\" \/>\n<meta name=\"robots\" content=\"index, follow, max-snippet:-1, max-image-preview:large, max-video-preview:-1\" \/>\n<link rel=\"canonical\" href=\"https:\/\/www.pressenza.com\/es\/2021\/11\/homicidio-es-una-palabra-dura-cruel-pero-no-voy-a-claudicar-en-buscar-a-tehuel-con-vida\/\" \/>\n<meta property=\"og:locale\" content=\"es_ES\" \/>\n<meta property=\"og:type\" content=\"article\" \/>\n<meta property=\"og:title\" content=\"\u201cHomicidio es una palabra dura, cruel, pero no voy a claudicar en buscar a Tehuel con vida\u201d.\" \/>\n<meta property=\"og:description\" content=\"Andr\u00e9s de la Torre, pap\u00e1 de Tehuel, reflexiona y me cuenta lo que significa para \u00e9l, el cambio de car\u00e1tula. \u201cSi no, se iban libres. \u00a1Sal\u00edan a la calle! \u00a1Y\" \/>\n<meta property=\"og:url\" content=\"https:\/\/www.pressenza.com\/es\/2021\/11\/homicidio-es-una-palabra-dura-cruel-pero-no-voy-a-claudicar-en-buscar-a-tehuel-con-vida\/\" \/>\n<meta property=\"og:site_name\" content=\"Pressenza\" \/>\n<meta property=\"article:publisher\" content=\"https:\/\/www.facebook.com\/PressenzaItalia\" \/>\n<meta property=\"article:published_time\" content=\"2021-11-11T19:15:19+00:00\" \/>\n<meta property=\"og:image\" content=\"https:\/\/www.pressenza.com\/wp-content\/uploads\/2021\/11\/Andres-de-la-torre-Gustavo-Figueroa.jpg\" \/>\n\t<meta property=\"og:image:width\" content=\"820\" \/>\n\t<meta property=\"og:image:height\" content=\"544\" \/>\n\t<meta property=\"og:image:type\" content=\"image\/jpeg\" \/>\n<meta name=\"author\" content=\"Gustavo Figueroa\" \/>\n<meta name=\"twitter:card\" content=\"summary_large_image\" \/>\n<meta name=\"twitter:creator\" content=\"@PressenzaIPA\" \/>\n<meta name=\"twitter:site\" content=\"@PressenzaIPA\" \/>\n<meta name=\"twitter:label1\" content=\"Escrito por\" \/>\n\t<meta name=\"twitter:data1\" content=\"Gustavo Figueroa\" \/>\n\t<meta name=\"twitter:label2\" content=\"Tiempo de lectura\" \/>\n\t<meta name=\"twitter:data2\" content=\"1 minuto\" \/>\n<script type=\"application\/ld+json\" class=\"yoast-schema-graph\">{\"@context\":\"https:\/\/schema.org\",\"@graph\":[{\"@type\":\"Article\",\"@id\":\"https:\/\/www.pressenza.com\/es\/2021\/11\/homicidio-es-una-palabra-dura-cruel-pero-no-voy-a-claudicar-en-buscar-a-tehuel-con-vida\/#article\",\"isPartOf\":{\"@id\":\"https:\/\/www.pressenza.com\/es\/2021\/11\/homicidio-es-una-palabra-dura-cruel-pero-no-voy-a-claudicar-en-buscar-a-tehuel-con-vida\/\"},\"author\":{\"name\":\"Gustavo Figueroa\",\"@id\":\"https:\/\/www.pressenza.com\/es\/#\/schema\/person\/dacb21ffbce19b7d40c5abc14b6efc88\"},\"headline\":\"\u201cHomicidio es una palabra dura, cruel, pero no voy a claudicar en buscar a Tehuel con vida\u201d.\",\"datePublished\":\"2021-11-11T19:15:19+00:00\",\"mainEntityOfPage\":{\"@id\":\"https:\/\/www.pressenza.com\/es\/2021\/11\/homicidio-es-una-palabra-dura-cruel-pero-no-voy-a-claudicar-en-buscar-a-tehuel-con-vida\/\"},\"wordCount\":254,\"publisher\":{\"@id\":\"https:\/\/www.pressenza.com\/es\/#organization\"},\"image\":{\"@id\":\"https:\/\/www.pressenza.com\/es\/2021\/11\/homicidio-es-una-palabra-dura-cruel-pero-no-voy-a-claudicar-en-buscar-a-tehuel-con-vida\/#primaryimage\"},\"thumbnailUrl\":\"https:\/\/www.pressenza.com\/wp-content\/uploads\/2021\/11\/Andres-de-la-torre-Gustavo-Figueroa.jpg\",\"keywords\":[\"desaparici\u00f3n\",\"G\u00e9nero\",\"identidad de g\u00e9nero\",\"Tehuel\"],\"articleSection\":[\"Derechos Humanos\",\"Diversidad\",\"G\u00e9nero y Feminismos\",\"Sudam\u00e9rica\"],\"inLanguage\":\"es\"},{\"@type\":\"WebPage\",\"@id\":\"https:\/\/www.pressenza.com\/es\/2021\/11\/homicidio-es-una-palabra-dura-cruel-pero-no-voy-a-claudicar-en-buscar-a-tehuel-con-vida\/\",\"url\":\"https:\/\/www.pressenza.com\/es\/2021\/11\/homicidio-es-una-palabra-dura-cruel-pero-no-voy-a-claudicar-en-buscar-a-tehuel-con-vida\/\",\"name\":\"\u201cHomicidio es una palabra dura, cruel, pero no voy a claudicar en buscar a Tehuel con vida\u201d.\",\"isPartOf\":{\"@id\":\"https:\/\/www.pressenza.com\/es\/#website\"},\"primaryImageOfPage\":{\"@id\":\"https:\/\/www.pressenza.com\/es\/2021\/11\/homicidio-es-una-palabra-dura-cruel-pero-no-voy-a-claudicar-en-buscar-a-tehuel-con-vida\/#primaryimage\"},\"image\":{\"@id\":\"https:\/\/www.pressenza.com\/es\/2021\/11\/homicidio-es-una-palabra-dura-cruel-pero-no-voy-a-claudicar-en-buscar-a-tehuel-con-vida\/#primaryimage\"},\"thumbnailUrl\":\"https:\/\/www.pressenza.com\/wp-content\/uploads\/2021\/11\/Andres-de-la-torre-Gustavo-Figueroa.jpg\",\"datePublished\":\"2021-11-11T19:15:19+00:00\",\"description\":\"Andr\u00e9s de la Torre, pap\u00e1 de Tehuel, reflexiona y me cuenta lo que significa para \u00e9l, el cambio de car\u00e1tula. \u201cSi no, se iban libres. \u00a1Sal\u00edan a la calle! \u00a1Y\",\"breadcrumb\":{\"@id\":\"https:\/\/www.pressenza.com\/es\/2021\/11\/homicidio-es-una-palabra-dura-cruel-pero-no-voy-a-claudicar-en-buscar-a-tehuel-con-vida\/#breadcrumb\"},\"inLanguage\":\"es\",\"potentialAction\":[{\"@type\":\"ReadAction\",\"target\":[\"https:\/\/www.pressenza.com\/es\/2021\/11\/homicidio-es-una-palabra-dura-cruel-pero-no-voy-a-claudicar-en-buscar-a-tehuel-con-vida\/\"]}]},{\"@type\":\"ImageObject\",\"inLanguage\":\"es\",\"@id\":\"https:\/\/www.pressenza.com\/es\/2021\/11\/homicidio-es-una-palabra-dura-cruel-pero-no-voy-a-claudicar-en-buscar-a-tehuel-con-vida\/#primaryimage\",\"url\":\"https:\/\/www.pressenza.com\/wp-content\/uploads\/2021\/11\/Andres-de-la-torre-Gustavo-Figueroa.jpg\",\"contentUrl\":\"https:\/\/www.pressenza.com\/wp-content\/uploads\/2021\/11\/Andres-de-la-torre-Gustavo-Figueroa.jpg\",\"width\":820,\"height\":544},{\"@type\":\"BreadcrumbList\",\"@id\":\"https:\/\/www.pressenza.com\/es\/2021\/11\/homicidio-es-una-palabra-dura-cruel-pero-no-voy-a-claudicar-en-buscar-a-tehuel-con-vida\/#breadcrumb\",\"itemListElement\":[{\"@type\":\"ListItem\",\"position\":1,\"name\":\"Accueil\",\"item\":\"https:\/\/www.pressenza.com\/es\/\"},{\"@type\":\"ListItem\",\"position\":2,\"name\":\"\u201cHomicidio es una palabra dura, cruel, pero no voy a claudicar en buscar a Tehuel con vida\u201d.\"}]},{\"@type\":\"WebSite\",\"@id\":\"https:\/\/www.pressenza.com\/es\/#website\",\"url\":\"https:\/\/www.pressenza.com\/es\/\",\"name\":\"Pressenza\",\"description\":\"International Press Agency\",\"publisher\":{\"@id\":\"https:\/\/www.pressenza.com\/es\/#organization\"},\"potentialAction\":[{\"@type\":\"SearchAction\",\"target\":{\"@type\":\"EntryPoint\",\"urlTemplate\":\"https:\/\/www.pressenza.com\/es\/?s={search_term_string}\"},\"query-input\":{\"@type\":\"PropertyValueSpecification\",\"valueRequired\":true,\"valueName\":\"search_term_string\"}}],\"inLanguage\":\"es\"},{\"@type\":\"Organization\",\"@id\":\"https:\/\/www.pressenza.com\/es\/#organization\",\"name\":\"Pressenza\",\"url\":\"https:\/\/www.pressenza.com\/es\/\",\"logo\":{\"@type\":\"ImageObject\",\"inLanguage\":\"es\",\"@id\":\"https:\/\/www.pressenza.com\/es\/#\/schema\/logo\/image\/\",\"url\":\"https:\/\/www.pressenza.com\/wp-content\/uploads\/2022\/10\/pressenza_logo_200x200.jpg\",\"contentUrl\":\"https:\/\/www.pressenza.com\/wp-content\/uploads\/2022\/10\/pressenza_logo_200x200.jpg\",\"width\":200,\"height\":200,\"caption\":\"Pressenza\"},\"image\":{\"@id\":\"https:\/\/www.pressenza.com\/es\/#\/schema\/logo\/image\/\"},\"sameAs\":[\"https:\/\/www.facebook.com\/PressenzaItalia\",\"https:\/\/x.com\/PressenzaIPA\"]},{\"@type\":\"Person\",\"@id\":\"https:\/\/www.pressenza.com\/es\/#\/schema\/person\/dacb21ffbce19b7d40c5abc14b6efc88\",\"name\":\"Gustavo Figueroa\",\"description\":\"Gustavo Figueroa (1985). Periodista, documentalista, fot\u00f3grafo. Vive en Neuqu\u00e9n. Se interesa especialmente por temas relativos a pueblos originarios y derechos humanos. Es miembro del Equipo de Educadores Interculturales del Puel Mapu.\",\"sameAs\":[\"https:\/\/periferiasitio.wordpress.com\/\"],\"url\":\"https:\/\/www.pressenza.com\/es\/author\/gustavo-figueroa\/\"}]}<\/script>\n<!-- \/ Yoast SEO plugin. -->","yoast_head_json":{"title":"\u201cHomicidio es una palabra dura, cruel, pero no voy a claudicar en buscar a Tehuel con vida\u201d.","description":"Andr\u00e9s de la Torre, pap\u00e1 de Tehuel, reflexiona y me cuenta lo que significa para \u00e9l, el cambio de car\u00e1tula. \u201cSi no, se iban libres. \u00a1Sal\u00edan a la calle! \u00a1Y","robots":{"index":"index","follow":"follow","max-snippet":"max-snippet:-1","max-image-preview":"max-image-preview:large","max-video-preview":"max-video-preview:-1"},"canonical":"https:\/\/www.pressenza.com\/es\/2021\/11\/homicidio-es-una-palabra-dura-cruel-pero-no-voy-a-claudicar-en-buscar-a-tehuel-con-vida\/","og_locale":"es_ES","og_type":"article","og_title":"\u201cHomicidio es una palabra dura, cruel, pero no voy a claudicar en buscar a Tehuel con vida\u201d.","og_description":"Andr\u00e9s de la Torre, pap\u00e1 de Tehuel, reflexiona y me cuenta lo que significa para \u00e9l, el cambio de car\u00e1tula. \u201cSi no, se iban libres. \u00a1Sal\u00edan a la calle! \u00a1Y","og_url":"https:\/\/www.pressenza.com\/es\/2021\/11\/homicidio-es-una-palabra-dura-cruel-pero-no-voy-a-claudicar-en-buscar-a-tehuel-con-vida\/","og_site_name":"Pressenza","article_publisher":"https:\/\/www.facebook.com\/PressenzaItalia","article_published_time":"2021-11-11T19:15:19+00:00","og_image":[{"width":820,"height":544,"url":"https:\/\/www.pressenza.com\/wp-content\/uploads\/2021\/11\/Andres-de-la-torre-Gustavo-Figueroa.jpg","type":"image\/jpeg"}],"author":"Gustavo Figueroa","twitter_card":"summary_large_image","twitter_creator":"@PressenzaIPA","twitter_site":"@PressenzaIPA","twitter_misc":{"Escrito por":"Gustavo Figueroa","Tiempo de lectura":"1 minuto"},"schema":{"@context":"https:\/\/schema.org","@graph":[{"@type":"Article","@id":"https:\/\/www.pressenza.com\/es\/2021\/11\/homicidio-es-una-palabra-dura-cruel-pero-no-voy-a-claudicar-en-buscar-a-tehuel-con-vida\/#article","isPartOf":{"@id":"https:\/\/www.pressenza.com\/es\/2021\/11\/homicidio-es-una-palabra-dura-cruel-pero-no-voy-a-claudicar-en-buscar-a-tehuel-con-vida\/"},"author":{"name":"Gustavo Figueroa","@id":"https:\/\/www.pressenza.com\/es\/#\/schema\/person\/dacb21ffbce19b7d40c5abc14b6efc88"},"headline":"\u201cHomicidio es una palabra dura, cruel, pero no voy a claudicar en buscar a Tehuel con vida\u201d.","datePublished":"2021-11-11T19:15:19+00:00","mainEntityOfPage":{"@id":"https:\/\/www.pressenza.com\/es\/2021\/11\/homicidio-es-una-palabra-dura-cruel-pero-no-voy-a-claudicar-en-buscar-a-tehuel-con-vida\/"},"wordCount":254,"publisher":{"@id":"https:\/\/www.pressenza.com\/es\/#organization"},"image":{"@id":"https:\/\/www.pressenza.com\/es\/2021\/11\/homicidio-es-una-palabra-dura-cruel-pero-no-voy-a-claudicar-en-buscar-a-tehuel-con-vida\/#primaryimage"},"thumbnailUrl":"https:\/\/www.pressenza.com\/wp-content\/uploads\/2021\/11\/Andres-de-la-torre-Gustavo-Figueroa.jpg","keywords":["desaparici\u00f3n","G\u00e9nero","identidad de g\u00e9nero","Tehuel"],"articleSection":["Derechos Humanos","Diversidad","G\u00e9nero y Feminismos","Sudam\u00e9rica"],"inLanguage":"es"},{"@type":"WebPage","@id":"https:\/\/www.pressenza.com\/es\/2021\/11\/homicidio-es-una-palabra-dura-cruel-pero-no-voy-a-claudicar-en-buscar-a-tehuel-con-vida\/","url":"https:\/\/www.pressenza.com\/es\/2021\/11\/homicidio-es-una-palabra-dura-cruel-pero-no-voy-a-claudicar-en-buscar-a-tehuel-con-vida\/","name":"\u201cHomicidio es una palabra dura, cruel, pero no voy a claudicar en buscar a Tehuel con vida\u201d.","isPartOf":{"@id":"https:\/\/www.pressenza.com\/es\/#website"},"primaryImageOfPage":{"@id":"https:\/\/www.pressenza.com\/es\/2021\/11\/homicidio-es-una-palabra-dura-cruel-pero-no-voy-a-claudicar-en-buscar-a-tehuel-con-vida\/#primaryimage"},"image":{"@id":"https:\/\/www.pressenza.com\/es\/2021\/11\/homicidio-es-una-palabra-dura-cruel-pero-no-voy-a-claudicar-en-buscar-a-tehuel-con-vida\/#primaryimage"},"thumbnailUrl":"https:\/\/www.pressenza.com\/wp-content\/uploads\/2021\/11\/Andres-de-la-torre-Gustavo-Figueroa.jpg","datePublished":"2021-11-11T19:15:19+00:00","description":"Andr\u00e9s de la Torre, pap\u00e1 de Tehuel, reflexiona y me cuenta lo que significa para \u00e9l, el cambio de car\u00e1tula. \u201cSi no, se iban libres. \u00a1Sal\u00edan a la calle! \u00a1Y","breadcrumb":{"@id":"https:\/\/www.pressenza.com\/es\/2021\/11\/homicidio-es-una-palabra-dura-cruel-pero-no-voy-a-claudicar-en-buscar-a-tehuel-con-vida\/#breadcrumb"},"inLanguage":"es","potentialAction":[{"@type":"ReadAction","target":["https:\/\/www.pressenza.com\/es\/2021\/11\/homicidio-es-una-palabra-dura-cruel-pero-no-voy-a-claudicar-en-buscar-a-tehuel-con-vida\/"]}]},{"@type":"ImageObject","inLanguage":"es","@id":"https:\/\/www.pressenza.com\/es\/2021\/11\/homicidio-es-una-palabra-dura-cruel-pero-no-voy-a-claudicar-en-buscar-a-tehuel-con-vida\/#primaryimage","url":"https:\/\/www.pressenza.com\/wp-content\/uploads\/2021\/11\/Andres-de-la-torre-Gustavo-Figueroa.jpg","contentUrl":"https:\/\/www.pressenza.com\/wp-content\/uploads\/2021\/11\/Andres-de-la-torre-Gustavo-Figueroa.jpg","width":820,"height":544},{"@type":"BreadcrumbList","@id":"https:\/\/www.pressenza.com\/es\/2021\/11\/homicidio-es-una-palabra-dura-cruel-pero-no-voy-a-claudicar-en-buscar-a-tehuel-con-vida\/#breadcrumb","itemListElement":[{"@type":"ListItem","position":1,"name":"Accueil","item":"https:\/\/www.pressenza.com\/es\/"},{"@type":"ListItem","position":2,"name":"\u201cHomicidio es una palabra dura, cruel, pero no voy a claudicar en buscar a Tehuel con vida\u201d."}]},{"@type":"WebSite","@id":"https:\/\/www.pressenza.com\/es\/#website","url":"https:\/\/www.pressenza.com\/es\/","name":"Pressenza","description":"International Press Agency","publisher":{"@id":"https:\/\/www.pressenza.com\/es\/#organization"},"potentialAction":[{"@type":"SearchAction","target":{"@type":"EntryPoint","urlTemplate":"https:\/\/www.pressenza.com\/es\/?s={search_term_string}"},"query-input":{"@type":"PropertyValueSpecification","valueRequired":true,"valueName":"search_term_string"}}],"inLanguage":"es"},{"@type":"Organization","@id":"https:\/\/www.pressenza.com\/es\/#organization","name":"Pressenza","url":"https:\/\/www.pressenza.com\/es\/","logo":{"@type":"ImageObject","inLanguage":"es","@id":"https:\/\/www.pressenza.com\/es\/#\/schema\/logo\/image\/","url":"https:\/\/www.pressenza.com\/wp-content\/uploads\/2022\/10\/pressenza_logo_200x200.jpg","contentUrl":"https:\/\/www.pressenza.com\/wp-content\/uploads\/2022\/10\/pressenza_logo_200x200.jpg","width":200,"height":200,"caption":"Pressenza"},"image":{"@id":"https:\/\/www.pressenza.com\/es\/#\/schema\/logo\/image\/"},"sameAs":["https:\/\/www.facebook.com\/PressenzaItalia","https:\/\/x.com\/PressenzaIPA"]},{"@type":"Person","@id":"https:\/\/www.pressenza.com\/es\/#\/schema\/person\/dacb21ffbce19b7d40c5abc14b6efc88","name":"Gustavo Figueroa","description":"Gustavo Figueroa (1985). Periodista, documentalista, fot\u00f3grafo. Vive en Neuqu\u00e9n. Se interesa especialmente por temas relativos a pueblos originarios y derechos humanos. Es miembro del Equipo de Educadores Interculturales del Puel Mapu.","sameAs":["https:\/\/periferiasitio.wordpress.com\/"],"url":"https:\/\/www.pressenza.com\/es\/author\/gustavo-figueroa\/"}]}},"place":"Neuqu\u00e9n, Argentina","original_article_url":"https:\/\/periodismodemaramar.wordpress.com\/2021\/11\/10\/homicidio-es-una-palabra-dura-cruel-pero-no-voy-a-claudicar-en-buscar-a-tehuel-con-vida\/","_links":{"self":[{"href":"https:\/\/www.pressenza.com\/es\/wp-json\/wp\/v2\/posts\/1467885","targetHints":{"allow":["GET"]}}],"collection":[{"href":"https:\/\/www.pressenza.com\/es\/wp-json\/wp\/v2\/posts"}],"about":[{"href":"https:\/\/www.pressenza.com\/es\/wp-json\/wp\/v2\/types\/post"}],"author":[{"embeddable":true,"href":"https:\/\/www.pressenza.com\/es\/wp-json\/wp\/v2\/users\/1372"}],"replies":[{"embeddable":true,"href":"https:\/\/www.pressenza.com\/es\/wp-json\/wp\/v2\/comments?post=1467885"}],"version-history":[{"count":0,"href":"https:\/\/www.pressenza.com\/es\/wp-json\/wp\/v2\/posts\/1467885\/revisions"}],"wp:featuredmedia":[{"embeddable":true,"href":"https:\/\/www.pressenza.com\/es\/wp-json\/wp\/v2\/media\/1467886"}],"wp:attachment":[{"href":"https:\/\/www.pressenza.com\/es\/wp-json\/wp\/v2\/media?parent=1467885"}],"wp:term":[{"taxonomy":"category","embeddable":true,"href":"https:\/\/www.pressenza.com\/es\/wp-json\/wp\/v2\/categories?post=1467885"},{"taxonomy":"post_tag","embeddable":true,"href":"https:\/\/www.pressenza.com\/es\/wp-json\/wp\/v2\/tags?post=1467885"}],"curies":[{"name":"wp","href":"https:\/\/api.w.org\/{rel}","templated":true}]}}