{"id":1467781,"date":"2021-11-11T14:48:20","date_gmt":"2021-11-11T14:48:20","guid":{"rendered":"https:\/\/www.pressenza.com\/?p=1467781"},"modified":"2021-11-11T14:48:20","modified_gmt":"2021-11-11T14:48:20","slug":"nuestro-negacionismo-climatico-de-cada-dia","status":"publish","type":"post","link":"https:\/\/www.pressenza.com\/es\/2021\/11\/nuestro-negacionismo-climatico-de-cada-dia\/","title":{"rendered":"Nuestro negacionismo clim\u00e1tico de cada d\u00eda"},"content":{"rendered":"<p><em>por Aram Aharonian<\/em><\/p>\n<p>Cada a\u00f1o, cuando llega el verano en estos confines del hemisferio sur, no entendemos qu\u00e9 debemos hacer en nuestras ciudades, para afrontar las altas temperaturas para no \u201cmorirnos de calor\u201d, mientras releemos y analizamos las resoluciones de la Cumbre Clim\u00e1tica de Glasgow, m\u00e1s conocida como Cop26. La alternativa es que uno pueda abandonar la ciudad hacia sierras, bosques y costa, creando filas interminables de autom\u00f3viles y autobuses que contribuyen con sus emisiones a agudizar el problema.<\/p>\n<p>Otros se atrincheran en sus casas de las cada vez m\u00e1s calientes ciudades, con sus aires acondicionados expulsando el calor de sus casas y subiendo la temperatura del ambiente urbano &#8230; y las facturas de los privatizados servicios de electricidad. Y todo es peor en tiempos de pandemia. Mientras, nos hablan de la inminencia de una suerte de apocalipsis clim\u00e1tico, injustamente selectivo con los m\u00e1s vulnerables.<\/p>\n<p>O, mejor dicho, en tiempos de pandemias: la de la covid-19, la del neoliberalismo, la del negacionismo, pese a que el panel intergubernamental de expertos sobre el cambio clim\u00e1tico (IPCC) cerr\u00f3 la puerta de la especulaci\u00f3n estad\u00edstica al se\u00f1alar que es \u201cinequ\u00edvoco que la influencia humana ha calentado la atm\u00f3sfera, los oc\u00e9anos y la superficie\u201d.<\/p>\n<p>\u201cA principios de la d\u00e9cada de 1920 la gente hablaba sobre el enfriamiento global&#8230; cre\u00edan que la Tierra se estaba enfriando. Ahora, es el calentamiento global [&#8230;] un problema que no creo que exista de ninguna manera\u201d, se\u00f1alaba Donald Trump, el anterior (e inolvidable) presidente de Estados Unidos, quien retir\u00f3 a su pa\u00eds del Acuerdo de Par\u00eds e impuls\u00f3 una agenda de desarrollo enfrentada con los objetivos clim\u00e1ticos trazados apenas un a\u00f1o antes en Francia.<\/p>\n<p>Su ejemplo y\u00a0 l\u00ednea argumental los copi\u00f3 Jair Bolsonaro en su campa\u00f1a presidencial, cuando amenaz\u00f3 con retirar a Brasil del Acuerdo de Par\u00eds. \u201cQuiero saber alguna resoluci\u00f3n para que Europa comience a ser reforestada. \u00bfAlguna decisi\u00f3n? \u00bfO s\u00f3lo est\u00e1n perturbando a Brasil? Es un juego comercial, no s\u00e9 c\u00f3mo la gente no puede entender que es un juego comercial\u201d, declaraba refiri\u00e9ndose al cambio clim\u00e1tico. Sus pol\u00edticas han favorecido y acelerado el proceso de deforestaci\u00f3n de la Amazonia con el fin de expandir sin l\u00edmite la frontera agr\u00edcola.<\/p>\n<p>No se trata de denunciar el negacionismo. Nos hemos cansado de denunciolog\u00eda y lamentos, la otra cara de carecer de ideas, de argumentos. Los \u00e9xitos electorales de Trump y Bolsonaro en las dos principales econom\u00edas de Am\u00e9rica ilustran la magnitud y el impacto que alcanzan las diversas formas de negacionismo en la actualidad. Asimismo, podr\u00eda entenderse como un reflejo de nuestras propias posturas negacionistas, nos guste o no admitirlo.<\/p>\n<p>Naomi Klein, activista altermundista canadiense, se\u00f1ala que el negacionismo del cambio clim\u00e1tico est\u00e1 lejos de ser patrimonio de militantes como Trump, ya que existen muchas otras formas de negacionismo.<\/p>\n<p>\u201cMuchos de nosotros participamos en este tipo de negacionismo; miramos por una fracci\u00f3n de segundo y luego miramos hacia otro lado. [&#8230;] O miramos, pero nos contamos historias reconfortantes sobre c\u00f3mo los humanos son inteligentes y crear\u00e1n un milagro tecnol\u00f3gico que capturar\u00e1 el carbono de los cielos. [&#8230;] O miramos, pero tratamos de ser hiperracionales al respecto: d\u00f3lar por d\u00f3lar, es m\u00e1s eficiente enfocarse en el desarrollo econ\u00f3mico que en el cambio clim\u00e1tico, ya que la riqueza es la mejor protecci\u00f3n. [&#8230;]\u201d, se\u00f1ala.<\/p>\n<p>\u201cO miramos, pero nos convencemos de que estamos demasiado ocupados para preocuparnos por algo tan distante y abstracto. [&#8230;] .. y al principio puede parecer que estamos mirando, porque muchos de esos cambios en el estilo de vida son, de hecho, parte de la soluci\u00f3n, pero todav\u00eda tenemos un ojo cerrado. [&#8230;] O tal vez realmente miramos, pero luego, inevitablemente, parecemos olvidar. Somos parte de una extra\u00f1a amnesia intermitente por razones perfectamente racionales\u201d, a\u00f1ade Klein.<\/p>\n<p>Quiza sea cierto que negamos porque tememos que afrontar la realidad de esta crisis lo cambie todo. El negacionismo del cambio clim\u00e1tico es una expresi\u00f3n de nuestra propia incapacidad de resolver la tensi\u00f3n entre nuestros deseos ilimitados y los recursos limitados que tiene el planeta, se\u00f1ala Emilio Deagosto, qu\u00edmico uruguayo y mag\u00edster en Energ\u00edas Renovables por la Universidad de Newcastle.<\/p>\n<p>Y, entonces, alimentamos las expectativas de crecimiento ilimitado depositadas en el desarrollo tecnol\u00f3gico, el excesivo foco en la riqueza como medida de prosperidad y el confort exagerado de nuestras sociedades modernas.<\/p>\n<p>Hace medio siglo, un grupo de investigadores del Instituto Tecnol\u00f3gico de Massachusetts liderado por Donella Meadows, advirti\u00f3 en Los l\u00edmites al crecimiento que \u201csi el actual incremento de la poblaci\u00f3n mundial, la industrializaci\u00f3n, la contaminaci\u00f3n, la producci\u00f3n de alimentos y la explotaci\u00f3n de los recursos naturales se mantiene sin variaci\u00f3n, alcanzar\u00e1 los l\u00edmites absolutos de crecimiento en la Tierra durante los pr\u00f3ximos 100 a\u00f1os\u201d.<\/p>\n<p>A Meadows le pegaron por todos lados, sobre todo los economistas liberales que se\u00f1alaban que el crecimiento pod\u00eda sostenerse sin tensiones con base en el desarrollo tecnol\u00f3gico. Medio siglo despu\u00e9s se validan sus proyecciones que facilitaron la construcci\u00f3n de un entendimiento s\u00f3lido sobre los impactos del desarrollo ilimitado en un planeta con recursos finitos.<\/p>\n<p>Unos a\u00f1os antes el bi\u00f3logo estadounidense Garret Hardin dio a comocer en 1968 su ensayo La tragedia de los comunes, donde argumentaba que los incentivos econ\u00f3micos que operan en pos de maximizar beneficios individuales a partir de la explotaci\u00f3n de bienes comunes funcionan en detrimento de la sostenibilidad de estos bienes y, en consecuencia, del beneficio com\u00fan.<\/p>\n<p>En contraposici\u00f3n, cuatro a\u00f1os despu\u00e9s la polit\u00f3loga estadounidense Elinor Ostrom public\u00f3 El gobierno de los bienes comunes: la evoluci\u00f3n de las instituciones de acci\u00f3n colectiva, obra que le valdr\u00eda el premio Nobel de econom\u00eda en 2009. Postulaba que cuando los usuarios utilizan recursos naturales en forma conjunta, con el tiempo se establecen reglas sobre c\u00f3mo estos deben ser cuidados y utilizados de una manera que sea econ\u00f3mica y ecol\u00f3gicamente sostenible.<\/p>\n<p>Hoy, la evidencia de car\u00e1cter ambiental vuelca la balanza hacia los postulados de Hardin. Pero las emisiones de gases de efecto invernadero son producto de tres variables: el n\u00famero de habitantes del planeta, la riqueza per c\u00e1pita y la intensidad de emisiones, definida como la cantidad de gases de efecto invernadero emitida por cada unidad de riqueza producida en el mundo (CO2-eq\/PIB).<\/p>\n<p>Las discusiones sobre el control poblacional implican valoraciones morales y \u00e9ticas. El Banco Mundial estima una poblaci\u00f3n global a 2050 de 9.675 millones de personas, con un aumento de 25% respecto de la poblaci\u00f3n actual. Para graficarlo mejor, la poblaci\u00f3n mundial se habr\u00e1 duplicado desde el momento en que Diego Maradona levant\u00f3 la copa del mundo en el estadio Azteca en 1986.<\/p>\n<p>Es sobre la intensidad de emisiones como variables de ajuste en la carrera por mitigar el cambio clim\u00e1tico que versan casi la totalidad de las propuestas que se han discutido y desarrollado en las \u00faltimas d\u00e9cadas. Se habl\u00f3 de desarrollo tecnol\u00f3gico, de energ\u00edas renovables, de hidr\u00f3geno verde, de movilidad el\u00e9ctrica, de captura de carbono, de financiamiento clim\u00e1tico, de bonos verdes, de impuestos al carbono. Se habl\u00f3 y habl\u00f3.<\/p>\n<p>Las emisiones anuales de gases de efecto invernadero contin\u00faan en ascenso, tras un par\u00e9ntesis por la pandemia en 2020, pero la brecha para alcanzar los objetivos del Acuerdo de Par\u00eds es a\u00fan muy grande y el mundo se encamina hacia un escenario en el que el aumento de la temperatura media global en la superficie excede el objetivo de los 2 \u00b0C respecto de valores preindustriales y que es el umbral de seguridad.<\/p>\n<p>Hasta hoy, casi 30 a\u00f1os despu\u00e9s de que fuera adoptada la Convenci\u00f3n Marco de las Naciones Unidas sobre el Cambio Clim\u00e1tico en Nueva York, el foco en la cooperaci\u00f3n internacional y las soluciones tecnol\u00f3gicas ha demostrado ser largamente insuficiente para revertir la tendencia creciente de emisiones de gases de efecto invernadero.<\/p>\n<p>Cuando fue adoptada esta Convenci\u00f3n (1992), la humanidad emit\u00eda 22 gigatoneladas de CO2 a la atm\u00f3sfera por a\u00f1o. Cinco a\u00f1os despu\u00e9s, cuando se firm\u00f3 el Protocolo de Kioto, este valor ascend\u00eda a 24 gigatoneladas y al momento de alcanzar el Acuerdo de Par\u00eds, en 2015, las emisiones anuales del principal gas de efecto invernadero se ubicaban en 35 gigatoneladas.<\/p>\n<p>Entonces, mientras comenzamos a transpirar en el verano austral, cabe preguntarse si no es momento de aceptar la miop\u00eda negacionista y poner el foco tambi\u00e9n sobre la tercera variable: la forma en la que entendemos y medimos la prosperidad. Eso que llamamos modelo de desarrollo.<\/p>\n<p>Quiz\u00e1 el a\u00f1o pr\u00f3ximo salgamos de la pandemia de la covid19, aunque la Organizaci\u00f3n Mundial de la salud habla del 2023. \u00bfY cu\u00e1ndo podremos librarnos de las pandemias del neoliberalismo y el negacionismo?<\/p>\n<p>&nbsp;<\/p>\n<p>&nbsp;<\/p>\n","protected":false},"excerpt":{"rendered":"<p>por Aram Aharonian Cada a\u00f1o, cuando llega el verano en estos confines del hemisferio sur, no entendemos qu\u00e9 debemos hacer en nuestras ciudades, para afrontar las altas temperaturas para no \u201cmorirnos de calor\u201d, mientras releemos y analizamos las resoluciones de&hellip;<\/p>\n","protected":false},"author":1415,"featured_media":1467784,"comment_status":"closed","ping_status":"closed","sticky":false,"template":"","format":"standard","meta":{"footnotes":""},"categories":[76,78,39,161],"tags":[22820,91548,60107,38750,11064],"class_list":["post-1467781","post","type-post","status-publish","format-standard","has-post-thumbnail","hentry","category-relaciones-exteriores","category-medio-ambiente-ecologia","category-internacional","category-opiniones","tag-acuerdo-de-paris","tag-cop26-es","tag-deterioro-ambiental","tag-negacionismo","tag-neoliberalismo"],"yoast_head":"<!-- This site is optimized with the Yoast SEO plugin v27.1.1 - https:\/\/yoast.com\/product\/yoast-seo-wordpress\/ -->\n<title>Nuestro negacionismo clim\u00e1tico de cada d\u00eda<\/title>\n<meta name=\"description\" content=\"por Aram Aharonian Cada a\u00f1o, cuando llega el verano en estos confines del hemisferio sur, no entendemos qu\u00e9 debemos hacer en nuestras ciudades, para\" \/>\n<meta name=\"robots\" content=\"index, follow, max-snippet:-1, max-image-preview:large, max-video-preview:-1\" \/>\n<link rel=\"canonical\" href=\"https:\/\/www.pressenza.com\/es\/2021\/11\/nuestro-negacionismo-climatico-de-cada-dia\/\" \/>\n<meta property=\"og:locale\" content=\"es_ES\" \/>\n<meta property=\"og:type\" content=\"article\" \/>\n<meta property=\"og:title\" content=\"Nuestro negacionismo clim\u00e1tico de cada d\u00eda\" \/>\n<meta property=\"og:description\" content=\"por Aram Aharonian Cada a\u00f1o, cuando llega el verano en estos confines del hemisferio sur, no entendemos qu\u00e9 debemos hacer en nuestras ciudades, para\" \/>\n<meta property=\"og:url\" content=\"https:\/\/www.pressenza.com\/es\/2021\/11\/nuestro-negacionismo-climatico-de-cada-dia\/\" \/>\n<meta property=\"og:site_name\" content=\"Pressenza\" \/>\n<meta property=\"article:publisher\" content=\"https:\/\/www.facebook.com\/PressenzaItalia\" \/>\n<meta property=\"article:published_time\" content=\"2021-11-11T14:48:20+00:00\" \/>\n<meta property=\"og:image\" content=\"https:\/\/www.pressenza.com\/wp-content\/uploads\/2021\/11\/gases-contaminacion.jpg\" \/>\n\t<meta property=\"og:image:width\" content=\"1280\" \/>\n\t<meta property=\"og:image:height\" content=\"853\" \/>\n\t<meta property=\"og:image:type\" content=\"image\/jpeg\" \/>\n<meta name=\"author\" content=\"Aram Aharonian\" \/>\n<meta name=\"twitter:card\" content=\"summary_large_image\" \/>\n<meta name=\"twitter:creator\" content=\"@PressenzaIPA\" \/>\n<meta name=\"twitter:site\" content=\"@PressenzaIPA\" \/>\n<meta name=\"twitter:label1\" content=\"Escrito por\" \/>\n\t<meta name=\"twitter:data1\" content=\"Aram Aharonian\" \/>\n\t<meta name=\"twitter:label2\" content=\"Tiempo de lectura\" \/>\n\t<meta name=\"twitter:data2\" content=\"8 minutos\" \/>\n<script type=\"application\/ld+json\" class=\"yoast-schema-graph\">{\"@context\":\"https:\/\/schema.org\",\"@graph\":[{\"@type\":\"Article\",\"@id\":\"https:\/\/www.pressenza.com\/es\/2021\/11\/nuestro-negacionismo-climatico-de-cada-dia\/#article\",\"isPartOf\":{\"@id\":\"https:\/\/www.pressenza.com\/es\/2021\/11\/nuestro-negacionismo-climatico-de-cada-dia\/\"},\"author\":{\"name\":\"Aram Aharonian\",\"@id\":\"https:\/\/www.pressenza.com\/es\/#\/schema\/person\/777c39c93856c085c6d5931778fbf85f\"},\"headline\":\"Nuestro negacionismo clim\u00e1tico de cada d\u00eda\",\"datePublished\":\"2021-11-11T14:48:20+00:00\",\"mainEntityOfPage\":{\"@id\":\"https:\/\/www.pressenza.com\/es\/2021\/11\/nuestro-negacionismo-climatico-de-cada-dia\/\"},\"wordCount\":1528,\"publisher\":{\"@id\":\"https:\/\/www.pressenza.com\/es\/#organization\"},\"image\":{\"@id\":\"https:\/\/www.pressenza.com\/es\/2021\/11\/nuestro-negacionismo-climatico-de-cada-dia\/#primaryimage\"},\"thumbnailUrl\":\"https:\/\/www.pressenza.com\/wp-content\/uploads\/2021\/11\/gases-contaminacion.jpg\",\"keywords\":[\"Acuerdo de Par\u00eds\",\"COP26\",\"deterioro ambiental\",\"negacionismo\",\"neoliberalismo\"],\"articleSection\":[\"Asuntos internacionales\",\"Ecolog\u00eda y Medio Ambiente\",\"Internacional\",\"Opiniones\"],\"inLanguage\":\"es\"},{\"@type\":\"WebPage\",\"@id\":\"https:\/\/www.pressenza.com\/es\/2021\/11\/nuestro-negacionismo-climatico-de-cada-dia\/\",\"url\":\"https:\/\/www.pressenza.com\/es\/2021\/11\/nuestro-negacionismo-climatico-de-cada-dia\/\",\"name\":\"Nuestro negacionismo clim\u00e1tico de cada d\u00eda\",\"isPartOf\":{\"@id\":\"https:\/\/www.pressenza.com\/es\/#website\"},\"primaryImageOfPage\":{\"@id\":\"https:\/\/www.pressenza.com\/es\/2021\/11\/nuestro-negacionismo-climatico-de-cada-dia\/#primaryimage\"},\"image\":{\"@id\":\"https:\/\/www.pressenza.com\/es\/2021\/11\/nuestro-negacionismo-climatico-de-cada-dia\/#primaryimage\"},\"thumbnailUrl\":\"https:\/\/www.pressenza.com\/wp-content\/uploads\/2021\/11\/gases-contaminacion.jpg\",\"datePublished\":\"2021-11-11T14:48:20+00:00\",\"description\":\"por Aram Aharonian Cada a\u00f1o, cuando llega el verano en estos confines del hemisferio sur, no entendemos qu\u00e9 debemos hacer en nuestras ciudades, para\",\"breadcrumb\":{\"@id\":\"https:\/\/www.pressenza.com\/es\/2021\/11\/nuestro-negacionismo-climatico-de-cada-dia\/#breadcrumb\"},\"inLanguage\":\"es\",\"potentialAction\":[{\"@type\":\"ReadAction\",\"target\":[\"https:\/\/www.pressenza.com\/es\/2021\/11\/nuestro-negacionismo-climatico-de-cada-dia\/\"]}]},{\"@type\":\"ImageObject\",\"inLanguage\":\"es\",\"@id\":\"https:\/\/www.pressenza.com\/es\/2021\/11\/nuestro-negacionismo-climatico-de-cada-dia\/#primaryimage\",\"url\":\"https:\/\/www.pressenza.com\/wp-content\/uploads\/2021\/11\/gases-contaminacion.jpg\",\"contentUrl\":\"https:\/\/www.pressenza.com\/wp-content\/uploads\/2021\/11\/gases-contaminacion.jpg\",\"width\":1280,\"height\":853},{\"@type\":\"BreadcrumbList\",\"@id\":\"https:\/\/www.pressenza.com\/es\/2021\/11\/nuestro-negacionismo-climatico-de-cada-dia\/#breadcrumb\",\"itemListElement\":[{\"@type\":\"ListItem\",\"position\":1,\"name\":\"Accueil\",\"item\":\"https:\/\/www.pressenza.com\/es\/\"},{\"@type\":\"ListItem\",\"position\":2,\"name\":\"Nuestro negacionismo clim\u00e1tico de cada d\u00eda\"}]},{\"@type\":\"WebSite\",\"@id\":\"https:\/\/www.pressenza.com\/es\/#website\",\"url\":\"https:\/\/www.pressenza.com\/es\/\",\"name\":\"Pressenza\",\"description\":\"International Press Agency\",\"publisher\":{\"@id\":\"https:\/\/www.pressenza.com\/es\/#organization\"},\"potentialAction\":[{\"@type\":\"SearchAction\",\"target\":{\"@type\":\"EntryPoint\",\"urlTemplate\":\"https:\/\/www.pressenza.com\/es\/?s={search_term_string}\"},\"query-input\":{\"@type\":\"PropertyValueSpecification\",\"valueRequired\":true,\"valueName\":\"search_term_string\"}}],\"inLanguage\":\"es\"},{\"@type\":\"Organization\",\"@id\":\"https:\/\/www.pressenza.com\/es\/#organization\",\"name\":\"Pressenza\",\"url\":\"https:\/\/www.pressenza.com\/es\/\",\"logo\":{\"@type\":\"ImageObject\",\"inLanguage\":\"es\",\"@id\":\"https:\/\/www.pressenza.com\/es\/#\/schema\/logo\/image\/\",\"url\":\"https:\/\/www.pressenza.com\/wp-content\/uploads\/2022\/10\/pressenza_logo_200x200.jpg\",\"contentUrl\":\"https:\/\/www.pressenza.com\/wp-content\/uploads\/2022\/10\/pressenza_logo_200x200.jpg\",\"width\":200,\"height\":200,\"caption\":\"Pressenza\"},\"image\":{\"@id\":\"https:\/\/www.pressenza.com\/es\/#\/schema\/logo\/image\/\"},\"sameAs\":[\"https:\/\/www.facebook.com\/PressenzaItalia\",\"https:\/\/x.com\/PressenzaIPA\"]},{\"@type\":\"Person\",\"@id\":\"https:\/\/www.pressenza.com\/es\/#\/schema\/person\/777c39c93856c085c6d5931778fbf85f\",\"name\":\"Aram Aharonian\",\"description\":\"Magister en Integraci\u00f3n, periodista y docente uruguayo, fundador de Telesur, director del Observatorio en Comunicaci\u00f3n y Democracia, presidente de la Fundaci\u00f3n para la Integraci\u00f3n Latinoamericana.\",\"url\":\"https:\/\/www.pressenza.com\/es\/author\/aram-aharonian\/\"}]}<\/script>\n<!-- \/ Yoast SEO plugin. -->","yoast_head_json":{"title":"Nuestro negacionismo clim\u00e1tico de cada d\u00eda","description":"por Aram Aharonian Cada a\u00f1o, cuando llega el verano en estos confines del hemisferio sur, no entendemos qu\u00e9 debemos hacer en nuestras ciudades, para","robots":{"index":"index","follow":"follow","max-snippet":"max-snippet:-1","max-image-preview":"max-image-preview:large","max-video-preview":"max-video-preview:-1"},"canonical":"https:\/\/www.pressenza.com\/es\/2021\/11\/nuestro-negacionismo-climatico-de-cada-dia\/","og_locale":"es_ES","og_type":"article","og_title":"Nuestro negacionismo clim\u00e1tico de cada d\u00eda","og_description":"por Aram Aharonian Cada a\u00f1o, cuando llega el verano en estos confines del hemisferio sur, no entendemos qu\u00e9 debemos hacer en nuestras ciudades, para","og_url":"https:\/\/www.pressenza.com\/es\/2021\/11\/nuestro-negacionismo-climatico-de-cada-dia\/","og_site_name":"Pressenza","article_publisher":"https:\/\/www.facebook.com\/PressenzaItalia","article_published_time":"2021-11-11T14:48:20+00:00","og_image":[{"width":1280,"height":853,"url":"https:\/\/www.pressenza.com\/wp-content\/uploads\/2021\/11\/gases-contaminacion.jpg","type":"image\/jpeg"}],"author":"Aram Aharonian","twitter_card":"summary_large_image","twitter_creator":"@PressenzaIPA","twitter_site":"@PressenzaIPA","twitter_misc":{"Escrito por":"Aram Aharonian","Tiempo de lectura":"8 minutos"},"schema":{"@context":"https:\/\/schema.org","@graph":[{"@type":"Article","@id":"https:\/\/www.pressenza.com\/es\/2021\/11\/nuestro-negacionismo-climatico-de-cada-dia\/#article","isPartOf":{"@id":"https:\/\/www.pressenza.com\/es\/2021\/11\/nuestro-negacionismo-climatico-de-cada-dia\/"},"author":{"name":"Aram Aharonian","@id":"https:\/\/www.pressenza.com\/es\/#\/schema\/person\/777c39c93856c085c6d5931778fbf85f"},"headline":"Nuestro negacionismo clim\u00e1tico de cada d\u00eda","datePublished":"2021-11-11T14:48:20+00:00","mainEntityOfPage":{"@id":"https:\/\/www.pressenza.com\/es\/2021\/11\/nuestro-negacionismo-climatico-de-cada-dia\/"},"wordCount":1528,"publisher":{"@id":"https:\/\/www.pressenza.com\/es\/#organization"},"image":{"@id":"https:\/\/www.pressenza.com\/es\/2021\/11\/nuestro-negacionismo-climatico-de-cada-dia\/#primaryimage"},"thumbnailUrl":"https:\/\/www.pressenza.com\/wp-content\/uploads\/2021\/11\/gases-contaminacion.jpg","keywords":["Acuerdo de Par\u00eds","COP26","deterioro ambiental","negacionismo","neoliberalismo"],"articleSection":["Asuntos internacionales","Ecolog\u00eda y Medio Ambiente","Internacional","Opiniones"],"inLanguage":"es"},{"@type":"WebPage","@id":"https:\/\/www.pressenza.com\/es\/2021\/11\/nuestro-negacionismo-climatico-de-cada-dia\/","url":"https:\/\/www.pressenza.com\/es\/2021\/11\/nuestro-negacionismo-climatico-de-cada-dia\/","name":"Nuestro negacionismo clim\u00e1tico de cada d\u00eda","isPartOf":{"@id":"https:\/\/www.pressenza.com\/es\/#website"},"primaryImageOfPage":{"@id":"https:\/\/www.pressenza.com\/es\/2021\/11\/nuestro-negacionismo-climatico-de-cada-dia\/#primaryimage"},"image":{"@id":"https:\/\/www.pressenza.com\/es\/2021\/11\/nuestro-negacionismo-climatico-de-cada-dia\/#primaryimage"},"thumbnailUrl":"https:\/\/www.pressenza.com\/wp-content\/uploads\/2021\/11\/gases-contaminacion.jpg","datePublished":"2021-11-11T14:48:20+00:00","description":"por Aram Aharonian Cada a\u00f1o, cuando llega el verano en estos confines del hemisferio sur, no entendemos qu\u00e9 debemos hacer en nuestras ciudades, para","breadcrumb":{"@id":"https:\/\/www.pressenza.com\/es\/2021\/11\/nuestro-negacionismo-climatico-de-cada-dia\/#breadcrumb"},"inLanguage":"es","potentialAction":[{"@type":"ReadAction","target":["https:\/\/www.pressenza.com\/es\/2021\/11\/nuestro-negacionismo-climatico-de-cada-dia\/"]}]},{"@type":"ImageObject","inLanguage":"es","@id":"https:\/\/www.pressenza.com\/es\/2021\/11\/nuestro-negacionismo-climatico-de-cada-dia\/#primaryimage","url":"https:\/\/www.pressenza.com\/wp-content\/uploads\/2021\/11\/gases-contaminacion.jpg","contentUrl":"https:\/\/www.pressenza.com\/wp-content\/uploads\/2021\/11\/gases-contaminacion.jpg","width":1280,"height":853},{"@type":"BreadcrumbList","@id":"https:\/\/www.pressenza.com\/es\/2021\/11\/nuestro-negacionismo-climatico-de-cada-dia\/#breadcrumb","itemListElement":[{"@type":"ListItem","position":1,"name":"Accueil","item":"https:\/\/www.pressenza.com\/es\/"},{"@type":"ListItem","position":2,"name":"Nuestro negacionismo clim\u00e1tico de cada d\u00eda"}]},{"@type":"WebSite","@id":"https:\/\/www.pressenza.com\/es\/#website","url":"https:\/\/www.pressenza.com\/es\/","name":"Pressenza","description":"International Press Agency","publisher":{"@id":"https:\/\/www.pressenza.com\/es\/#organization"},"potentialAction":[{"@type":"SearchAction","target":{"@type":"EntryPoint","urlTemplate":"https:\/\/www.pressenza.com\/es\/?s={search_term_string}"},"query-input":{"@type":"PropertyValueSpecification","valueRequired":true,"valueName":"search_term_string"}}],"inLanguage":"es"},{"@type":"Organization","@id":"https:\/\/www.pressenza.com\/es\/#organization","name":"Pressenza","url":"https:\/\/www.pressenza.com\/es\/","logo":{"@type":"ImageObject","inLanguage":"es","@id":"https:\/\/www.pressenza.com\/es\/#\/schema\/logo\/image\/","url":"https:\/\/www.pressenza.com\/wp-content\/uploads\/2022\/10\/pressenza_logo_200x200.jpg","contentUrl":"https:\/\/www.pressenza.com\/wp-content\/uploads\/2022\/10\/pressenza_logo_200x200.jpg","width":200,"height":200,"caption":"Pressenza"},"image":{"@id":"https:\/\/www.pressenza.com\/es\/#\/schema\/logo\/image\/"},"sameAs":["https:\/\/www.facebook.com\/PressenzaItalia","https:\/\/x.com\/PressenzaIPA"]},{"@type":"Person","@id":"https:\/\/www.pressenza.com\/es\/#\/schema\/person\/777c39c93856c085c6d5931778fbf85f","name":"Aram Aharonian","description":"Magister en Integraci\u00f3n, periodista y docente uruguayo, fundador de Telesur, director del Observatorio en Comunicaci\u00f3n y Democracia, presidente de la Fundaci\u00f3n para la Integraci\u00f3n Latinoamericana.","url":"https:\/\/www.pressenza.com\/es\/author\/aram-aharonian\/"}]}},"place":"","original_article_url":"https:\/\/estrategia.la\/2021\/11\/10\/nuestro-negacionismo-climatico-de-cada-dia\/","_links":{"self":[{"href":"https:\/\/www.pressenza.com\/es\/wp-json\/wp\/v2\/posts\/1467781","targetHints":{"allow":["GET"]}}],"collection":[{"href":"https:\/\/www.pressenza.com\/es\/wp-json\/wp\/v2\/posts"}],"about":[{"href":"https:\/\/www.pressenza.com\/es\/wp-json\/wp\/v2\/types\/post"}],"author":[{"embeddable":true,"href":"https:\/\/www.pressenza.com\/es\/wp-json\/wp\/v2\/users\/1415"}],"replies":[{"embeddable":true,"href":"https:\/\/www.pressenza.com\/es\/wp-json\/wp\/v2\/comments?post=1467781"}],"version-history":[{"count":0,"href":"https:\/\/www.pressenza.com\/es\/wp-json\/wp\/v2\/posts\/1467781\/revisions"}],"wp:featuredmedia":[{"embeddable":true,"href":"https:\/\/www.pressenza.com\/es\/wp-json\/wp\/v2\/media\/1467784"}],"wp:attachment":[{"href":"https:\/\/www.pressenza.com\/es\/wp-json\/wp\/v2\/media?parent=1467781"}],"wp:term":[{"taxonomy":"category","embeddable":true,"href":"https:\/\/www.pressenza.com\/es\/wp-json\/wp\/v2\/categories?post=1467781"},{"taxonomy":"post_tag","embeddable":true,"href":"https:\/\/www.pressenza.com\/es\/wp-json\/wp\/v2\/tags?post=1467781"}],"curies":[{"name":"wp","href":"https:\/\/api.w.org\/{rel}","templated":true}]}}