{"id":1461774,"date":"2021-10-31T15:23:30","date_gmt":"2021-10-31T15:23:30","guid":{"rendered":"https:\/\/www.pressenza.com\/?p=1461774"},"modified":"2021-10-31T15:23:30","modified_gmt":"2021-10-31T15:23:30","slug":"elecciones-sin-epica-etica-ni-estetica","status":"publish","type":"post","link":"https:\/\/www.pressenza.com\/es\/2021\/10\/elecciones-sin-epica-etica-ni-estetica\/","title":{"rendered":"Elecciones sin \u00e9pica, \u00e9tica ni est\u00e9tica"},"content":{"rendered":"<p>Todos coincidimos en que las pr\u00f3ximas elecciones presidenciales ser\u00e1n muy relevantes para el futuro del pa\u00eds, pero seguramente son las que menos han concitado inter\u00e9s en la poblaci\u00f3n. Por cierto, menos atracci\u00f3n despiertan todav\u00eda los comicios parlamentarios, toda vez que est\u00e1 instalada una Convenci\u00f3n Constituyente que, de convenir una nueva Constituci\u00f3n, seguramente va a imponer la necesidad de renovar a corto plazo el Parlamento y, acaso, el propio Gobierno.<\/p>\n<p>No hay candidatos presidenciales que conciten gran fervor ciudadano. Ninguno de ellos ha consolidado real liderazgo y solo logran, en los mejores casos, interpretar ano m\u00e1s del 15 o 20 por ciento de los ciudadanos, la mayor\u00eda de los cuales, a solo tres semanas de los comicios, no marca preferencia por ninguno de ellos y una vez m\u00e1s podr\u00edan provocar una alta abstenci\u00f3n electoral.<\/p>\n<p>Seis abanderados que, incluso, mantienen con dificultad el apoyo de sus propios partidos, cuando se han hecho p\u00fablicas las disensiones internas en cuestiones tan importantes como la propuesta de un cuarto retiro de los fondos de pensiones o la posibilidad de dictar una amnist\u00eda o indulto general en favor de los detenidos del estallido social del 18 de octubre del 2019,como en sus incesantes r\u00e9plicas callejeras en todo el territorio nacional.<\/p>\n<p>Por supuesto que en ninguno de los candidatos puede descubrirse un proyecto hist\u00f3rico como los que se expresaban en el pasado. Por lo mismo es que no se aprecian diferencias sustantivas en sus discursos, salvo si se trata del postulante de la extrema derecha que hasta por su apellido se le imputa simpat\u00eda con el Nacional Socialismo de Adolfo Hitler. Por supuesto que al \u00e9l ninguno de los otros competidores quisiera apoyarlo en una segunda vuelta electoral, en caso de que llegara al\u00a0 balotaje.<\/p>\n<p>Lo que ha predominado en la campa\u00f1a, sin embargo, son los m\u00e1s severos reproches a la consecuencia y trayectoria de cada uno. Incluso se ha sido descort\u00e9s con la \u00fanica mujer postulante, al tiempo que ella ha fustigado tambi\u00e9n muy severamente a los dos candidatos de la derecha. Sin cejar en sus cr\u00edticas contra el actual Mandatario del cual pr\u00e1cticamente todos buscan mantener distancia habida la falta de popularidad con la que Pi\u00f1era termina su gesti\u00f3n.<\/p>\n<p>Se prometi\u00f3 discutir con ideas, pero estas realmente no aparecieron, siendo reemplazadas por las descalificaciones mutuas en cada uno de los foros, como en la propia franja televisiva concebida para que unos y otros expusieran sus programas de gobierno, algunos de cuyos textos reci\u00e9n empiezan a conocerse y difundirse.<\/p>\n<p>Ya sabemos que las promesas muy habitualmente son traicionadas despu\u00e9s en La Moneda y las c\u00e1maras legislativas. Incluso con las intensas demandas de las protestas sociales se podr\u00eda asegurar que un pr\u00f3ximo gobierno le va a poner t\u00e9rmino al cuestionado sistema de pensiones o a las abusivasisapres que se ense\u00f1orean en la salud. Tampoco se ha expresado una seria decisi\u00f3n de mejorar los deprimidos sueldos de los trabajadores, m\u00e1s exiguos todav\u00eda con los altosniveles de cesant\u00eda, el enorme endeudamiento familiar y la desatada inflaci\u00f3n que le ha hecho perder la esperanza de una vivienda propia a millones de chilenos.<\/p>\n<p>Menos todav\u00eda los postulantes presidenciales hablan de cortar con los privilegios de la clase militar, rebajar sustantivamente el presupuesto para la compra de armamentos y, desde luego, castigar debidamente a los oficiales corruptos que se han apropiado de los gastos reservados. Habr\u00edan de tener para ello coraje y un sentido \u00e9tico que realmente no asoma en esta contienda, salvo en las expresiones de algunos candidatos que saben muy bien que no tienen posibilidad alguna de alcanzar el poder.<\/p>\n<p>Se promete tambi\u00e9n acabar con la delincuencia y barrer a los narcotraficantes, pero en realidad nadie se propone terminar con las causas de estos fen\u00f3menos que tienen en ascuas a las poblaciones y barrios de ricos y pobres. Por el contrario, lo que asoma en estos d\u00edas son las espurias relaciones de algunos ediles con el crimen organizado, en una realidad que tiene alarmada a la Contralor\u00eda General de la Rep\u00fablica abocada a instruirconstantes sumarios que no logran resolver los casos y condenar efectivamente a los culpables. As\u00ed como en pleno proceso electoral se suceden nuevas colusiones empresariales y transgresiones graves a los derechos de los consumidores en que se teme, como siempre, que no pase nada, salvo multar a algunos empresarios que ya han obtenido il\u00edcitamente mucho m\u00e1s dinero que del castigo pecuniario que podr\u00eda recaerles.<\/p>\n<p>El tema \u201cverde\u201d es un com\u00fan caballito de batalla electoral, pero hasta el final del actual gobierno se descubren proyectos ecocidas que involucran incluso al actual gobernante y a su familia. Sin embargo, a pesar del intento de algunos diputados, nada asegura que el Mandatario pueda ser destituido a pocos meses del t\u00e9rmino de su horrible gesti\u00f3n, pese al enorme da\u00f1o que le ha ocasionadoa la imagen internacional del pa\u00eds. En un feo y antiest\u00e9tico panorama, sin duda, en que el conjunto de la clase pol\u00edtica se convierte de nuevo en protagonista y afila sus garras para hacerle frente a la propia Convenci\u00f3n Constituyente, si es que a sus miembros se les ocurrierahacer carrera pol\u00edtica paradesplazarlos de los mejores puestos de la administraci\u00f3n p\u00fablica. Recordemos que un legislador o ministro de estado percibe un sueldo treinta veces por encima del salario m\u00ednimo que reciben millones de trabajadores.<\/p>\n<p>La izquierda ya no pone \u00e9nfasis en la justicia distributiva y pr\u00e1cticamente acota su discurso a las demandas sexuales y reproductivas de los j\u00f3venes y las mujeres. Los Derechos Humanos aparecen ahora muy limitados y la necesidad de una nueva ley de aborto parece predominar en sus objetivos. Lo que, por supuesto, es bien aprovechado por el conservadurismo o la pacater\u00eda pol\u00edtica, es decir, por los mismos que auspiciaron la dictadura de Pinochet y alentaron el terrorismo de estado y las violaciones sistem\u00e1ticas a la dignidad de las personas. Incluidos ahora los inmigrantes cuyos modestos enseres son quemados por turbas de fan\u00e1ticos que, curiosamente, dicen defender la vida.<\/p>\n<p>Mientras tanto, en la derecha no se teme alentar de la boca para afuera el castigo a los malos empresarios, a los llamados delincuentes de cuello y corbata, pero estos saben que se trata de toda una impostura y no trepidan en otorgarle recursos millonarios a aquellos candidatos que despu\u00e9s les ser\u00e1n d\u00f3ciles operadores en los poderes del Estado. Aunque la Ley se los proh\u00edbe, ahora, ya saben ellos como sortear las disposiciones, expertos como son en evasiones y elusiones tributarias, para\u00edsos fiscales y otras triqui\u00f1uelas. A sabiendas, tambi\u00e9n, que todav\u00eda cuentan con poderosos y venales aliados en los tribunales de \u201cjusticia\u201d.<\/p>\n<p>Para colmo de lo anterior, en las \u00faltimas semanas un buen n\u00famero de militantes y adherentes pol\u00edticos ha decidido cambiar de candidato para volcarse en favor de los que las encuestas les asignan mayores posibilidades de ganar o imponerse en una segunda vuelta. Toda una serie de desafecciones oportunistas, especialmente bochornosas para los partidos, que demuestra la \u00ednfima gravitaci\u00f3n que estos mantienen en la opini\u00f3n p\u00fablica, despu\u00e9s de convertirse en meras maquinarias electorales. Sin valores ideol\u00f3gicos e idearios m\u00e1s all\u00e1 de mantenerse en el poder.<\/p>\n","protected":false},"excerpt":{"rendered":"<p>Todos coincidimos en que las pr\u00f3ximas elecciones presidenciales ser\u00e1n muy relevantes para el futuro del pa\u00eds, pero seguramente son las que menos han concitado inter\u00e9s en la poblaci\u00f3n. Por cierto, menos atracci\u00f3n despiertan todav\u00eda los comicios parlamentarios, toda vez que&hellip;<\/p>\n","protected":false},"author":1739,"featured_media":1461902,"comment_status":"closed","ping_status":"closed","sticky":false,"template":"","format":"standard","meta":{"footnotes":""},"categories":[11389,161,74,67],"tags":[29,403],"class_list":["post-1461774","post","type-post","status-publish","format-standard","has-post-thumbnail","hentry","category-contenido-original","category-opiniones","category-politica-es","category-sudamerica","tag-chile","tag-elecciones"],"yoast_head":"<!-- This site is optimized with the Yoast SEO plugin v27.1.1 - https:\/\/yoast.com\/product\/yoast-seo-wordpress\/ -->\n<title>Elecciones sin \u00e9pica, \u00e9tica ni est\u00e9tica<\/title>\n<meta name=\"description\" content=\"Todos coincidimos en que las pr\u00f3ximas elecciones presidenciales ser\u00e1n muy relevantes para el futuro del pa\u00eds, pero seguramente son las que menos han\" \/>\n<meta name=\"robots\" content=\"index, follow, max-snippet:-1, max-image-preview:large, max-video-preview:-1\" \/>\n<link rel=\"canonical\" href=\"https:\/\/www.pressenza.com\/es\/2021\/10\/elecciones-sin-epica-etica-ni-estetica\/\" \/>\n<meta property=\"og:locale\" content=\"es_ES\" \/>\n<meta property=\"og:type\" content=\"article\" \/>\n<meta property=\"og:title\" content=\"Elecciones sin \u00e9pica, \u00e9tica ni est\u00e9tica\" \/>\n<meta property=\"og:description\" content=\"Todos coincidimos en que las pr\u00f3ximas elecciones presidenciales ser\u00e1n muy relevantes para el futuro del pa\u00eds, pero seguramente son las que menos han\" \/>\n<meta property=\"og:url\" content=\"https:\/\/www.pressenza.com\/es\/2021\/10\/elecciones-sin-epica-etica-ni-estetica\/\" \/>\n<meta property=\"og:site_name\" content=\"Pressenza\" \/>\n<meta property=\"article:publisher\" content=\"https:\/\/www.facebook.com\/PressenzaItalia\" \/>\n<meta property=\"article:published_time\" content=\"2021-10-31T15:23:30+00:00\" \/>\n<meta property=\"og:image\" content=\"https:\/\/www.pressenza.com\/wp-content\/uploads\/2021\/10\/LE7A1819.jpg\" \/>\n\t<meta property=\"og:image:width\" content=\"1920\" \/>\n\t<meta property=\"og:image:height\" content=\"1280\" \/>\n\t<meta property=\"og:image:type\" content=\"image\/jpeg\" \/>\n<meta name=\"author\" content=\"Juan Pablo C\u00e1rdenas\" \/>\n<meta name=\"twitter:card\" content=\"summary_large_image\" \/>\n<meta name=\"twitter:creator\" content=\"@PressenzaIPA\" \/>\n<meta name=\"twitter:site\" content=\"@PressenzaIPA\" \/>\n<meta name=\"twitter:label1\" content=\"Escrito por\" \/>\n\t<meta name=\"twitter:data1\" content=\"Juan Pablo C\u00e1rdenas\" \/>\n\t<meta name=\"twitter:label2\" content=\"Tiempo de lectura\" \/>\n\t<meta name=\"twitter:data2\" content=\"6 minutos\" \/>\n<script type=\"application\/ld+json\" class=\"yoast-schema-graph\">{\"@context\":\"https:\/\/schema.org\",\"@graph\":[{\"@type\":\"Article\",\"@id\":\"https:\/\/www.pressenza.com\/es\/2021\/10\/elecciones-sin-epica-etica-ni-estetica\/#article\",\"isPartOf\":{\"@id\":\"https:\/\/www.pressenza.com\/es\/2021\/10\/elecciones-sin-epica-etica-ni-estetica\/\"},\"author\":{\"name\":\"Juan Pablo C\u00e1rdenas\",\"@id\":\"https:\/\/www.pressenza.com\/es\/#\/schema\/person\/d72a7c8c014dcbfa2ef9e9976103ea0d\"},\"headline\":\"Elecciones sin \u00e9pica, \u00e9tica ni est\u00e9tica\",\"datePublished\":\"2021-10-31T15:23:30+00:00\",\"mainEntityOfPage\":{\"@id\":\"https:\/\/www.pressenza.com\/es\/2021\/10\/elecciones-sin-epica-etica-ni-estetica\/\"},\"wordCount\":1256,\"publisher\":{\"@id\":\"https:\/\/www.pressenza.com\/es\/#organization\"},\"image\":{\"@id\":\"https:\/\/www.pressenza.com\/es\/2021\/10\/elecciones-sin-epica-etica-ni-estetica\/#primaryimage\"},\"thumbnailUrl\":\"https:\/\/www.pressenza.com\/wp-content\/uploads\/2021\/10\/LE7A1819.jpg\",\"keywords\":[\"Chile\",\"elecciones\"],\"articleSection\":[\"Contenido Original\",\"Opiniones\",\"Pol\u00edtica\",\"Sudam\u00e9rica\"],\"inLanguage\":\"es\"},{\"@type\":\"WebPage\",\"@id\":\"https:\/\/www.pressenza.com\/es\/2021\/10\/elecciones-sin-epica-etica-ni-estetica\/\",\"url\":\"https:\/\/www.pressenza.com\/es\/2021\/10\/elecciones-sin-epica-etica-ni-estetica\/\",\"name\":\"Elecciones sin \u00e9pica, \u00e9tica ni est\u00e9tica\",\"isPartOf\":{\"@id\":\"https:\/\/www.pressenza.com\/es\/#website\"},\"primaryImageOfPage\":{\"@id\":\"https:\/\/www.pressenza.com\/es\/2021\/10\/elecciones-sin-epica-etica-ni-estetica\/#primaryimage\"},\"image\":{\"@id\":\"https:\/\/www.pressenza.com\/es\/2021\/10\/elecciones-sin-epica-etica-ni-estetica\/#primaryimage\"},\"thumbnailUrl\":\"https:\/\/www.pressenza.com\/wp-content\/uploads\/2021\/10\/LE7A1819.jpg\",\"datePublished\":\"2021-10-31T15:23:30+00:00\",\"description\":\"Todos coincidimos en que las pr\u00f3ximas elecciones presidenciales ser\u00e1n muy relevantes para el futuro del pa\u00eds, pero seguramente son las que menos han\",\"breadcrumb\":{\"@id\":\"https:\/\/www.pressenza.com\/es\/2021\/10\/elecciones-sin-epica-etica-ni-estetica\/#breadcrumb\"},\"inLanguage\":\"es\",\"potentialAction\":[{\"@type\":\"ReadAction\",\"target\":[\"https:\/\/www.pressenza.com\/es\/2021\/10\/elecciones-sin-epica-etica-ni-estetica\/\"]}]},{\"@type\":\"ImageObject\",\"inLanguage\":\"es\",\"@id\":\"https:\/\/www.pressenza.com\/es\/2021\/10\/elecciones-sin-epica-etica-ni-estetica\/#primaryimage\",\"url\":\"https:\/\/www.pressenza.com\/wp-content\/uploads\/2021\/10\/LE7A1819.jpg\",\"contentUrl\":\"https:\/\/www.pressenza.com\/wp-content\/uploads\/2021\/10\/LE7A1819.jpg\",\"width\":1920,\"height\":1280,\"caption\":\"Enzo Blondel\"},{\"@type\":\"BreadcrumbList\",\"@id\":\"https:\/\/www.pressenza.com\/es\/2021\/10\/elecciones-sin-epica-etica-ni-estetica\/#breadcrumb\",\"itemListElement\":[{\"@type\":\"ListItem\",\"position\":1,\"name\":\"Accueil\",\"item\":\"https:\/\/www.pressenza.com\/es\/\"},{\"@type\":\"ListItem\",\"position\":2,\"name\":\"Elecciones sin \u00e9pica, \u00e9tica ni est\u00e9tica\"}]},{\"@type\":\"WebSite\",\"@id\":\"https:\/\/www.pressenza.com\/es\/#website\",\"url\":\"https:\/\/www.pressenza.com\/es\/\",\"name\":\"Pressenza\",\"description\":\"International Press Agency\",\"publisher\":{\"@id\":\"https:\/\/www.pressenza.com\/es\/#organization\"},\"potentialAction\":[{\"@type\":\"SearchAction\",\"target\":{\"@type\":\"EntryPoint\",\"urlTemplate\":\"https:\/\/www.pressenza.com\/es\/?s={search_term_string}\"},\"query-input\":{\"@type\":\"PropertyValueSpecification\",\"valueRequired\":true,\"valueName\":\"search_term_string\"}}],\"inLanguage\":\"es\"},{\"@type\":\"Organization\",\"@id\":\"https:\/\/www.pressenza.com\/es\/#organization\",\"name\":\"Pressenza\",\"url\":\"https:\/\/www.pressenza.com\/es\/\",\"logo\":{\"@type\":\"ImageObject\",\"inLanguage\":\"es\",\"@id\":\"https:\/\/www.pressenza.com\/es\/#\/schema\/logo\/image\/\",\"url\":\"https:\/\/www.pressenza.com\/wp-content\/uploads\/2022\/10\/pressenza_logo_200x200.jpg\",\"contentUrl\":\"https:\/\/www.pressenza.com\/wp-content\/uploads\/2022\/10\/pressenza_logo_200x200.jpg\",\"width\":200,\"height\":200,\"caption\":\"Pressenza\"},\"image\":{\"@id\":\"https:\/\/www.pressenza.com\/es\/#\/schema\/logo\/image\/\"},\"sameAs\":[\"https:\/\/www.facebook.com\/PressenzaItalia\",\"https:\/\/x.com\/PressenzaIPA\"]},{\"@type\":\"Person\",\"@id\":\"https:\/\/www.pressenza.com\/es\/#\/schema\/person\/d72a7c8c014dcbfa2ef9e9976103ea0d\",\"name\":\"Juan Pablo C\u00e1rdenas\",\"description\":\"Juan Pablo C\u00e1rdenas Squella es un periodista y profesor universitario de vasta trayectoria. En el 2005 recibi\u00f3 en premio nacional de Periodismo y, antes, la Pluma de Oro de la Libertad, otorgada por la Federaci\u00f3n Mundial de la Prensa. Tambi\u00e9n obtuvo el Premio Latinoamericano de Periodismo, la Houten Camara de Holanda (1989) entre otras m\u00faltiples distinciones nacionales y extranjeras. Forma parte de los sesenta periodistas del mundo considerados H\u00e9roes de la Libertad de Expresi\u00f3n, reconocimiento hecho por la Federaci\u00f3n Internacional de Periodistas. Ha sido director y columnista de las revistas Debate Universitario, An\u00e1lisis y Los Tiempos, as\u00ed como del diario electr\u00f3nico primeral\u00ednea.cl. Tambi\u00e9n fue por m\u00e1s 18 a\u00f1os director de la Radio Universidad de Chile y de su diario digital. Se ha desempe\u00f1ado como profesor de varias escuelas de periodismo de Santiago y Valpara\u00edso y en la Universidad de Chile alcanz\u00f3 el grado de profesor titular y senador universitario.\",\"url\":\"https:\/\/www.pressenza.com\/es\/author\/juan-pablo-cardenas\/\"}]}<\/script>\n<!-- \/ Yoast SEO plugin. -->","yoast_head_json":{"title":"Elecciones sin \u00e9pica, \u00e9tica ni est\u00e9tica","description":"Todos coincidimos en que las pr\u00f3ximas elecciones presidenciales ser\u00e1n muy relevantes para el futuro del pa\u00eds, pero seguramente son las que menos han","robots":{"index":"index","follow":"follow","max-snippet":"max-snippet:-1","max-image-preview":"max-image-preview:large","max-video-preview":"max-video-preview:-1"},"canonical":"https:\/\/www.pressenza.com\/es\/2021\/10\/elecciones-sin-epica-etica-ni-estetica\/","og_locale":"es_ES","og_type":"article","og_title":"Elecciones sin \u00e9pica, \u00e9tica ni est\u00e9tica","og_description":"Todos coincidimos en que las pr\u00f3ximas elecciones presidenciales ser\u00e1n muy relevantes para el futuro del pa\u00eds, pero seguramente son las que menos han","og_url":"https:\/\/www.pressenza.com\/es\/2021\/10\/elecciones-sin-epica-etica-ni-estetica\/","og_site_name":"Pressenza","article_publisher":"https:\/\/www.facebook.com\/PressenzaItalia","article_published_time":"2021-10-31T15:23:30+00:00","og_image":[{"width":1920,"height":1280,"url":"https:\/\/www.pressenza.com\/wp-content\/uploads\/2021\/10\/LE7A1819.jpg","type":"image\/jpeg"}],"author":"Juan Pablo C\u00e1rdenas","twitter_card":"summary_large_image","twitter_creator":"@PressenzaIPA","twitter_site":"@PressenzaIPA","twitter_misc":{"Escrito por":"Juan Pablo C\u00e1rdenas","Tiempo de lectura":"6 minutos"},"schema":{"@context":"https:\/\/schema.org","@graph":[{"@type":"Article","@id":"https:\/\/www.pressenza.com\/es\/2021\/10\/elecciones-sin-epica-etica-ni-estetica\/#article","isPartOf":{"@id":"https:\/\/www.pressenza.com\/es\/2021\/10\/elecciones-sin-epica-etica-ni-estetica\/"},"author":{"name":"Juan Pablo C\u00e1rdenas","@id":"https:\/\/www.pressenza.com\/es\/#\/schema\/person\/d72a7c8c014dcbfa2ef9e9976103ea0d"},"headline":"Elecciones sin \u00e9pica, \u00e9tica ni est\u00e9tica","datePublished":"2021-10-31T15:23:30+00:00","mainEntityOfPage":{"@id":"https:\/\/www.pressenza.com\/es\/2021\/10\/elecciones-sin-epica-etica-ni-estetica\/"},"wordCount":1256,"publisher":{"@id":"https:\/\/www.pressenza.com\/es\/#organization"},"image":{"@id":"https:\/\/www.pressenza.com\/es\/2021\/10\/elecciones-sin-epica-etica-ni-estetica\/#primaryimage"},"thumbnailUrl":"https:\/\/www.pressenza.com\/wp-content\/uploads\/2021\/10\/LE7A1819.jpg","keywords":["Chile","elecciones"],"articleSection":["Contenido Original","Opiniones","Pol\u00edtica","Sudam\u00e9rica"],"inLanguage":"es"},{"@type":"WebPage","@id":"https:\/\/www.pressenza.com\/es\/2021\/10\/elecciones-sin-epica-etica-ni-estetica\/","url":"https:\/\/www.pressenza.com\/es\/2021\/10\/elecciones-sin-epica-etica-ni-estetica\/","name":"Elecciones sin \u00e9pica, \u00e9tica ni est\u00e9tica","isPartOf":{"@id":"https:\/\/www.pressenza.com\/es\/#website"},"primaryImageOfPage":{"@id":"https:\/\/www.pressenza.com\/es\/2021\/10\/elecciones-sin-epica-etica-ni-estetica\/#primaryimage"},"image":{"@id":"https:\/\/www.pressenza.com\/es\/2021\/10\/elecciones-sin-epica-etica-ni-estetica\/#primaryimage"},"thumbnailUrl":"https:\/\/www.pressenza.com\/wp-content\/uploads\/2021\/10\/LE7A1819.jpg","datePublished":"2021-10-31T15:23:30+00:00","description":"Todos coincidimos en que las pr\u00f3ximas elecciones presidenciales ser\u00e1n muy relevantes para el futuro del pa\u00eds, pero seguramente son las que menos han","breadcrumb":{"@id":"https:\/\/www.pressenza.com\/es\/2021\/10\/elecciones-sin-epica-etica-ni-estetica\/#breadcrumb"},"inLanguage":"es","potentialAction":[{"@type":"ReadAction","target":["https:\/\/www.pressenza.com\/es\/2021\/10\/elecciones-sin-epica-etica-ni-estetica\/"]}]},{"@type":"ImageObject","inLanguage":"es","@id":"https:\/\/www.pressenza.com\/es\/2021\/10\/elecciones-sin-epica-etica-ni-estetica\/#primaryimage","url":"https:\/\/www.pressenza.com\/wp-content\/uploads\/2021\/10\/LE7A1819.jpg","contentUrl":"https:\/\/www.pressenza.com\/wp-content\/uploads\/2021\/10\/LE7A1819.jpg","width":1920,"height":1280,"caption":"Enzo Blondel"},{"@type":"BreadcrumbList","@id":"https:\/\/www.pressenza.com\/es\/2021\/10\/elecciones-sin-epica-etica-ni-estetica\/#breadcrumb","itemListElement":[{"@type":"ListItem","position":1,"name":"Accueil","item":"https:\/\/www.pressenza.com\/es\/"},{"@type":"ListItem","position":2,"name":"Elecciones sin \u00e9pica, \u00e9tica ni est\u00e9tica"}]},{"@type":"WebSite","@id":"https:\/\/www.pressenza.com\/es\/#website","url":"https:\/\/www.pressenza.com\/es\/","name":"Pressenza","description":"International Press Agency","publisher":{"@id":"https:\/\/www.pressenza.com\/es\/#organization"},"potentialAction":[{"@type":"SearchAction","target":{"@type":"EntryPoint","urlTemplate":"https:\/\/www.pressenza.com\/es\/?s={search_term_string}"},"query-input":{"@type":"PropertyValueSpecification","valueRequired":true,"valueName":"search_term_string"}}],"inLanguage":"es"},{"@type":"Organization","@id":"https:\/\/www.pressenza.com\/es\/#organization","name":"Pressenza","url":"https:\/\/www.pressenza.com\/es\/","logo":{"@type":"ImageObject","inLanguage":"es","@id":"https:\/\/www.pressenza.com\/es\/#\/schema\/logo\/image\/","url":"https:\/\/www.pressenza.com\/wp-content\/uploads\/2022\/10\/pressenza_logo_200x200.jpg","contentUrl":"https:\/\/www.pressenza.com\/wp-content\/uploads\/2022\/10\/pressenza_logo_200x200.jpg","width":200,"height":200,"caption":"Pressenza"},"image":{"@id":"https:\/\/www.pressenza.com\/es\/#\/schema\/logo\/image\/"},"sameAs":["https:\/\/www.facebook.com\/PressenzaItalia","https:\/\/x.com\/PressenzaIPA"]},{"@type":"Person","@id":"https:\/\/www.pressenza.com\/es\/#\/schema\/person\/d72a7c8c014dcbfa2ef9e9976103ea0d","name":"Juan Pablo C\u00e1rdenas","description":"Juan Pablo C\u00e1rdenas Squella es un periodista y profesor universitario de vasta trayectoria. En el 2005 recibi\u00f3 en premio nacional de Periodismo y, antes, la Pluma de Oro de la Libertad, otorgada por la Federaci\u00f3n Mundial de la Prensa. Tambi\u00e9n obtuvo el Premio Latinoamericano de Periodismo, la Houten Camara de Holanda (1989) entre otras m\u00faltiples distinciones nacionales y extranjeras. Forma parte de los sesenta periodistas del mundo considerados H\u00e9roes de la Libertad de Expresi\u00f3n, reconocimiento hecho por la Federaci\u00f3n Internacional de Periodistas. Ha sido director y columnista de las revistas Debate Universitario, An\u00e1lisis y Los Tiempos, as\u00ed como del diario electr\u00f3nico primeral\u00ednea.cl. Tambi\u00e9n fue por m\u00e1s 18 a\u00f1os director de la Radio Universidad de Chile y de su diario digital. Se ha desempe\u00f1ado como profesor de varias escuelas de periodismo de Santiago y Valpara\u00edso y en la Universidad de Chile alcanz\u00f3 el grado de profesor titular y senador universitario.","url":"https:\/\/www.pressenza.com\/es\/author\/juan-pablo-cardenas\/"}]}},"place":"Santiago de Chile","original_article_url":"","_links":{"self":[{"href":"https:\/\/www.pressenza.com\/es\/wp-json\/wp\/v2\/posts\/1461774","targetHints":{"allow":["GET"]}}],"collection":[{"href":"https:\/\/www.pressenza.com\/es\/wp-json\/wp\/v2\/posts"}],"about":[{"href":"https:\/\/www.pressenza.com\/es\/wp-json\/wp\/v2\/types\/post"}],"author":[{"embeddable":true,"href":"https:\/\/www.pressenza.com\/es\/wp-json\/wp\/v2\/users\/1739"}],"replies":[{"embeddable":true,"href":"https:\/\/www.pressenza.com\/es\/wp-json\/wp\/v2\/comments?post=1461774"}],"version-history":[{"count":0,"href":"https:\/\/www.pressenza.com\/es\/wp-json\/wp\/v2\/posts\/1461774\/revisions"}],"wp:featuredmedia":[{"embeddable":true,"href":"https:\/\/www.pressenza.com\/es\/wp-json\/wp\/v2\/media\/1461902"}],"wp:attachment":[{"href":"https:\/\/www.pressenza.com\/es\/wp-json\/wp\/v2\/media?parent=1461774"}],"wp:term":[{"taxonomy":"category","embeddable":true,"href":"https:\/\/www.pressenza.com\/es\/wp-json\/wp\/v2\/categories?post=1461774"},{"taxonomy":"post_tag","embeddable":true,"href":"https:\/\/www.pressenza.com\/es\/wp-json\/wp\/v2\/tags?post=1461774"}],"curies":[{"name":"wp","href":"https:\/\/api.w.org\/{rel}","templated":true}]}}