{"id":1460316,"date":"2021-10-29T03:23:04","date_gmt":"2021-10-29T02:23:04","guid":{"rendered":"https:\/\/www.pressenza.com\/?p=1460316"},"modified":"2021-10-28T22:59:37","modified_gmt":"2021-10-28T21:59:37","slug":"el-coronel","status":"publish","type":"post","link":"https:\/\/www.pressenza.com\/es\/2021\/10\/el-coronel\/","title":{"rendered":"El coronel"},"content":{"rendered":"<p><em><span style=\"color: #808080;\">26 de octubre 2012. el Espectador<\/span><\/em><\/p>\n<p>&nbsp;<\/p>\n<p>Gabriel Garc\u00eda M\u00e1rquez escribi\u00f3 <em>El coronel no tiene quien le escriba<\/em> en 1957, cuando ten\u00eda 30 a\u00f1os y viv\u00eda en la miseria en Par\u00eds. Colombia padec\u00eda la dictadura de Rojas Pinilla; los tanques de guerra y las orugas del r\u00e9gimen amenazaban la vida y las banderas de los libertarios.<\/p>\n<p>En el pueblo, el coronel pas\u00f3 m\u00e1s de 15 a\u00f1os de soledad esperando una carta que nunca lleg\u00f3. Pero, m\u00e1s que un lamento, su vida fue una intenci\u00f3n po\u00e9tica; una consigna para no dejarse derrotar, as\u00ed todo fuera conflicto y hambre a su alrededor.<\/p>\n<p>La suya fue una soledad acompa\u00f1ada, pobre \u2014como casi todas\u2014 y atravesada por acordeones y campanas; una soledad que respiraba como el pueblo entre el drama y la esperanza, entre el toque de queda, los vallenatos, el estado de sitio y su hijo Agust\u00edn, al que mataron nueve meses antes por repartir folletos clandestinos a la salida de la gallera.<\/p>\n<p>La obra podr\u00eda haber sido escrita y vivida hoy, porque hay cosas como la soledad y la violencia, el olvido y la injusticia en la tenencia de la tierra, que \u2014por m\u00e1s esfuerzos y exorcismos del arte, la fe o la rebeli\u00f3n\u2014 siguen vigentes.<\/p>\n<p>Y nosotros, m\u00e1s o menos grises, m\u00e1s o menos euf\u00f3ricos, tristes o carnavalescos, es como si desde siempre hubi\u00e9ramos nacido para esperar. De alguna manera, vamos todos los viernes a la oficina de correos, al buz\u00f3n que ya no existe, a ver si lleg\u00f3 una carta, un abrazo prohibido o alguna indulgencia que alguien hubiera dejado olvidada por ah\u00ed.<\/p>\n<p>El velorio al que deb\u00edan asistir el coronel \u2014\u201ccaprichoso, terco y desconsiderado\u201d\u2014 y su mujer \u2014con \u201cel cerebro tieso como un palo\u201d y cansada de las derrotas\u2014 era elentierro del \u201cprimer muerto de muerte natural que tenemos en muchos a\u00f1os\u201d. Pero se los prohibi\u00f3 la represi\u00f3n. Los aguaceros y las estrellas se colaron por los huecos del paraguas; tuvieron que cocinar piedras para que los vecinos no supieran de su pobreza y para despistar el hambre comieron el ma\u00edz que dejaba el gallo.<\/p>\n<p>As\u00ed de cr\u00f3nicas han sido las violencias en nuestro pa\u00eds; as\u00ed de asiduas y persistentes. Pero as\u00ed tambi\u00e9n ha sido la esperanza \u2014como la que ten\u00edan puesta en el gallo\u2014 para recuperar el valor; para construir expresiones de rebeld\u00eda, democracia o civilidad, o como se llame esa fuerza capaz de rescatarnos e impedir que sigamos mat\u00e1ndonos y saboteando las treguas.<\/p>\n<p>Durante 12 d\u00edas estuvo en escena <em>El coronel no tiene quien le escriba<\/em>, una coproducci\u00f3n del Teatro Col\u00f3n y la F\u00e1brica de Teatro Popular. Se lucieron Jorge Al\u00ed Triana y su hija Ver\u00f3nica; se lucieron Laura Garc\u00eda, Germ\u00e1n Jaramillo y todos los actores, los genios de las luces y de la escenograf\u00eda y los m\u00fasicos; se lucieron todos los que llevaron el pueblo al escenario del Teatro Col\u00f3n y nos recordaron que \u201cla dignidad no se come, pero alimenta\u201d.<\/p>\n<p>Laura Garc\u00eda les dio cuerpo y voz a todas las madres de Colombia que han perdido a sus hijos por atreverse a desafiar el poder podrido.<\/p>\n<p>Germ\u00e1n Jaramillo es el viejo que se hizo viejo mientras esperaba y no pudo vender el cuadro que todos ten\u00edan ni el reloj que daba m\u00e1s tristezas que horas. Y como fue terco y valiente, se neg\u00f3 a vender su esperanza.<\/p>\n<p>Y el gallo\u2026 \u00a1ay, el gallo de Agust\u00edn! Ser\u00e1 lo \u00faltimo que se pierda y lo primero que rescate los vestigios del honor y la memoria.<\/p>\n<p>Por un momento cierren los ojos y d\u00e9jense llevar\u2026 Peter Brook dec\u00eda que \u201cel teatro es un arte escrito sobre el agua\u201d. Quiz\u00e1s a nosotros tambi\u00e9n nos escribieron as\u00ed y por eso aprendimos a sentir libertad, ilusi\u00f3n y dolor, y a resistir entre la raz\u00f3n y la imaginaci\u00f3n.<\/p>\n","protected":false},"excerpt":{"rendered":"<p>26 de octubre 2012. el Espectador &nbsp; Gabriel Garc\u00eda M\u00e1rquez escribi\u00f3 El coronel no tiene quien le escriba en 1957, cuando ten\u00eda 30 a\u00f1os y viv\u00eda en la miseria en Par\u00eds. Colombia padec\u00eda la dictadura de Rojas Pinilla; los tanques&hellip;<\/p>\n","protected":false},"author":1897,"featured_media":1460318,"comment_status":"closed","ping_status":"closed","sticky":false,"template":"","format":"standard","meta":{"footnotes":""},"categories":[75,161,1243,67],"tags":[78568,30949,30,96228,10121,419,96227],"class_list":["post-1460316","post","type-post","status-publish","format-standard","has-post-thumbnail","hentry","category-cultura-es","category-opiniones","category-paz-desarme","category-sudamerica","tag-lahuelladeloslideres","tag-acuerdos-de-paz","tag-colombia","tag-fabrica-de-teatro-popular","tag-garcia-marquez","tag-paz","tag-teatro-colon"],"yoast_head":"<!-- This site is optimized with the Yoast SEO plugin v27.1.1 - https:\/\/yoast.com\/product\/yoast-seo-wordpress\/ -->\n<title>El coronel<\/title>\n<meta name=\"description\" content=\"26 de octubre 2012. el Espectador &nbsp; Gabriel Garc\u00eda M\u00e1rquez escribi\u00f3 El coronel no tiene quien le escriba en 1957, cuando ten\u00eda 30 a\u00f1os y viv\u00eda en la\" \/>\n<meta name=\"robots\" content=\"index, follow, max-snippet:-1, max-image-preview:large, max-video-preview:-1\" \/>\n<link rel=\"canonical\" href=\"https:\/\/www.pressenza.com\/es\/2021\/10\/el-coronel\/\" \/>\n<meta property=\"og:locale\" content=\"es_ES\" \/>\n<meta property=\"og:type\" content=\"article\" \/>\n<meta property=\"og:title\" content=\"El coronel\" \/>\n<meta property=\"og:description\" content=\"26 de octubre 2012. el Espectador &nbsp; Gabriel Garc\u00eda M\u00e1rquez escribi\u00f3 El coronel no tiene quien le escriba en 1957, cuando ten\u00eda 30 a\u00f1os y viv\u00eda en la\" \/>\n<meta property=\"og:url\" content=\"https:\/\/www.pressenza.com\/es\/2021\/10\/el-coronel\/\" \/>\n<meta property=\"og:site_name\" content=\"Pressenza\" \/>\n<meta property=\"article:publisher\" content=\"https:\/\/www.facebook.com\/PressenzaItalia\" \/>\n<meta property=\"article:published_time\" content=\"2021-10-29T02:23:04+00:00\" \/>\n<meta property=\"og:image\" content=\"https:\/\/www.pressenza.com\/wp-content\/uploads\/2021\/10\/Escena-de-El-coronel-no-tiene-quien-le-escriba.-Video-en-conmemoracio\u0301n-de-los-129-an\u0303os-del-Teatro-Colo\u0301n.-Captura.jpg\" \/>\n\t<meta property=\"og:image:width\" content=\"1024\" \/>\n\t<meta property=\"og:image:height\" content=\"599\" \/>\n\t<meta property=\"og:image:type\" content=\"image\/jpeg\" \/>\n<meta name=\"author\" content=\"Gloria Arias Nieto\" \/>\n<meta name=\"twitter:card\" content=\"summary_large_image\" \/>\n<meta name=\"twitter:creator\" content=\"@gloriariasnieto\" \/>\n<meta name=\"twitter:site\" content=\"@PressenzaIPA\" \/>\n<meta name=\"twitter:label1\" content=\"Escrito por\" \/>\n\t<meta name=\"twitter:data1\" content=\"Gloria Arias Nieto\" \/>\n\t<meta name=\"twitter:label2\" content=\"Tiempo de lectura\" \/>\n\t<meta name=\"twitter:data2\" content=\"3 minutos\" \/>\n<script type=\"application\/ld+json\" class=\"yoast-schema-graph\">{\"@context\":\"https:\/\/schema.org\",\"@graph\":[{\"@type\":\"Article\",\"@id\":\"https:\/\/www.pressenza.com\/es\/2021\/10\/el-coronel\/#article\",\"isPartOf\":{\"@id\":\"https:\/\/www.pressenza.com\/es\/2021\/10\/el-coronel\/\"},\"author\":{\"name\":\"Gloria Arias Nieto\",\"@id\":\"https:\/\/www.pressenza.com\/es\/#\/schema\/person\/476779c5c0c262f919761226ef961a29\"},\"headline\":\"El coronel\",\"datePublished\":\"2021-10-29T02:23:04+00:00\",\"mainEntityOfPage\":{\"@id\":\"https:\/\/www.pressenza.com\/es\/2021\/10\/el-coronel\/\"},\"wordCount\":677,\"publisher\":{\"@id\":\"https:\/\/www.pressenza.com\/es\/#organization\"},\"image\":{\"@id\":\"https:\/\/www.pressenza.com\/es\/2021\/10\/el-coronel\/#primaryimage\"},\"thumbnailUrl\":\"https:\/\/www.pressenza.com\/wp-content\/uploads\/2021\/10\/Escena-de-El-coronel-no-tiene-quien-le-escriba.-Video-en-conmemoracio\u0301n-de-los-129-an\u0303os-del-Teatro-Colo\u0301n.-Captura.jpg\",\"keywords\":[\"#LaHuellaDeLosLideres\",\"Acuerdos de Paz\",\"Colombia\",\"F\u00e1brica de Teatro Popular\",\"Garc\u00eda Marquez\",\"Paz\",\"Teatro Col\u00f3n\"],\"articleSection\":[\"Cultura y Medios\",\"Opiniones\",\"Paz y Desarme\",\"Sudam\u00e9rica\"],\"inLanguage\":\"es\"},{\"@type\":\"WebPage\",\"@id\":\"https:\/\/www.pressenza.com\/es\/2021\/10\/el-coronel\/\",\"url\":\"https:\/\/www.pressenza.com\/es\/2021\/10\/el-coronel\/\",\"name\":\"El coronel\",\"isPartOf\":{\"@id\":\"https:\/\/www.pressenza.com\/es\/#website\"},\"primaryImageOfPage\":{\"@id\":\"https:\/\/www.pressenza.com\/es\/2021\/10\/el-coronel\/#primaryimage\"},\"image\":{\"@id\":\"https:\/\/www.pressenza.com\/es\/2021\/10\/el-coronel\/#primaryimage\"},\"thumbnailUrl\":\"https:\/\/www.pressenza.com\/wp-content\/uploads\/2021\/10\/Escena-de-El-coronel-no-tiene-quien-le-escriba.-Video-en-conmemoracio\u0301n-de-los-129-an\u0303os-del-Teatro-Colo\u0301n.-Captura.jpg\",\"datePublished\":\"2021-10-29T02:23:04+00:00\",\"description\":\"26 de octubre 2012. el Espectador &nbsp; Gabriel Garc\u00eda M\u00e1rquez escribi\u00f3 El coronel no tiene quien le escriba en 1957, cuando ten\u00eda 30 a\u00f1os y viv\u00eda en la\",\"breadcrumb\":{\"@id\":\"https:\/\/www.pressenza.com\/es\/2021\/10\/el-coronel\/#breadcrumb\"},\"inLanguage\":\"es\",\"potentialAction\":[{\"@type\":\"ReadAction\",\"target\":[\"https:\/\/www.pressenza.com\/es\/2021\/10\/el-coronel\/\"]}]},{\"@type\":\"ImageObject\",\"inLanguage\":\"es\",\"@id\":\"https:\/\/www.pressenza.com\/es\/2021\/10\/el-coronel\/#primaryimage\",\"url\":\"https:\/\/www.pressenza.com\/wp-content\/uploads\/2021\/10\/Escena-de-El-coronel-no-tiene-quien-le-escriba.-Video-en-conmemoracio\u0301n-de-los-129-an\u0303os-del-Teatro-Colo\u0301n.-Captura.jpg\",\"contentUrl\":\"https:\/\/www.pressenza.com\/wp-content\/uploads\/2021\/10\/Escena-de-El-coronel-no-tiene-quien-le-escriba.-Video-en-conmemoracio\u0301n-de-los-129-an\u0303os-del-Teatro-Colo\u0301n.-Captura.jpg\",\"width\":1024,\"height\":599},{\"@type\":\"BreadcrumbList\",\"@id\":\"https:\/\/www.pressenza.com\/es\/2021\/10\/el-coronel\/#breadcrumb\",\"itemListElement\":[{\"@type\":\"ListItem\",\"position\":1,\"name\":\"Accueil\",\"item\":\"https:\/\/www.pressenza.com\/es\/\"},{\"@type\":\"ListItem\",\"position\":2,\"name\":\"El coronel\"}]},{\"@type\":\"WebSite\",\"@id\":\"https:\/\/www.pressenza.com\/es\/#website\",\"url\":\"https:\/\/www.pressenza.com\/es\/\",\"name\":\"Pressenza\",\"description\":\"International Press Agency\",\"publisher\":{\"@id\":\"https:\/\/www.pressenza.com\/es\/#organization\"},\"potentialAction\":[{\"@type\":\"SearchAction\",\"target\":{\"@type\":\"EntryPoint\",\"urlTemplate\":\"https:\/\/www.pressenza.com\/es\/?s={search_term_string}\"},\"query-input\":{\"@type\":\"PropertyValueSpecification\",\"valueRequired\":true,\"valueName\":\"search_term_string\"}}],\"inLanguage\":\"es\"},{\"@type\":\"Organization\",\"@id\":\"https:\/\/www.pressenza.com\/es\/#organization\",\"name\":\"Pressenza\",\"url\":\"https:\/\/www.pressenza.com\/es\/\",\"logo\":{\"@type\":\"ImageObject\",\"inLanguage\":\"es\",\"@id\":\"https:\/\/www.pressenza.com\/es\/#\/schema\/logo\/image\/\",\"url\":\"https:\/\/www.pressenza.com\/wp-content\/uploads\/2022\/10\/pressenza_logo_200x200.jpg\",\"contentUrl\":\"https:\/\/www.pressenza.com\/wp-content\/uploads\/2022\/10\/pressenza_logo_200x200.jpg\",\"width\":200,\"height\":200,\"caption\":\"Pressenza\"},\"image\":{\"@id\":\"https:\/\/www.pressenza.com\/es\/#\/schema\/logo\/image\/\"},\"sameAs\":[\"https:\/\/www.facebook.com\/PressenzaItalia\",\"https:\/\/x.com\/PressenzaIPA\"]},{\"@type\":\"Person\",\"@id\":\"https:\/\/www.pressenza.com\/es\/#\/schema\/person\/476779c5c0c262f919761226ef961a29\",\"name\":\"Gloria Arias Nieto\",\"description\":\"M\u00e9dica y periodista, columnista de El Espectador. Promotora de procesos de paz y reconciliaci\u00f3n. Miembro del movimiento Defendamos la Paz (DLP) @gloriariasnieto\",\"sameAs\":[\"https:\/\/x.com\/gloriariasnieto\"],\"url\":\"https:\/\/www.pressenza.com\/es\/author\/gloria-arias-nieto\/\"}]}<\/script>\n<!-- \/ Yoast SEO plugin. -->","yoast_head_json":{"title":"El coronel","description":"26 de octubre 2012. el Espectador &nbsp; Gabriel Garc\u00eda M\u00e1rquez escribi\u00f3 El coronel no tiene quien le escriba en 1957, cuando ten\u00eda 30 a\u00f1os y viv\u00eda en la","robots":{"index":"index","follow":"follow","max-snippet":"max-snippet:-1","max-image-preview":"max-image-preview:large","max-video-preview":"max-video-preview:-1"},"canonical":"https:\/\/www.pressenza.com\/es\/2021\/10\/el-coronel\/","og_locale":"es_ES","og_type":"article","og_title":"El coronel","og_description":"26 de octubre 2012. el Espectador &nbsp; Gabriel Garc\u00eda M\u00e1rquez escribi\u00f3 El coronel no tiene quien le escriba en 1957, cuando ten\u00eda 30 a\u00f1os y viv\u00eda en la","og_url":"https:\/\/www.pressenza.com\/es\/2021\/10\/el-coronel\/","og_site_name":"Pressenza","article_publisher":"https:\/\/www.facebook.com\/PressenzaItalia","article_published_time":"2021-10-29T02:23:04+00:00","og_image":[{"width":1024,"height":599,"url":"https:\/\/www.pressenza.com\/wp-content\/uploads\/2021\/10\/Escena-de-El-coronel-no-tiene-quien-le-escriba.-Video-en-conmemoracio\u0301n-de-los-129-an\u0303os-del-Teatro-Colo\u0301n.-Captura.jpg","type":"image\/jpeg"}],"author":"Gloria Arias Nieto","twitter_card":"summary_large_image","twitter_creator":"@gloriariasnieto","twitter_site":"@PressenzaIPA","twitter_misc":{"Escrito por":"Gloria Arias Nieto","Tiempo de lectura":"3 minutos"},"schema":{"@context":"https:\/\/schema.org","@graph":[{"@type":"Article","@id":"https:\/\/www.pressenza.com\/es\/2021\/10\/el-coronel\/#article","isPartOf":{"@id":"https:\/\/www.pressenza.com\/es\/2021\/10\/el-coronel\/"},"author":{"name":"Gloria Arias Nieto","@id":"https:\/\/www.pressenza.com\/es\/#\/schema\/person\/476779c5c0c262f919761226ef961a29"},"headline":"El coronel","datePublished":"2021-10-29T02:23:04+00:00","mainEntityOfPage":{"@id":"https:\/\/www.pressenza.com\/es\/2021\/10\/el-coronel\/"},"wordCount":677,"publisher":{"@id":"https:\/\/www.pressenza.com\/es\/#organization"},"image":{"@id":"https:\/\/www.pressenza.com\/es\/2021\/10\/el-coronel\/#primaryimage"},"thumbnailUrl":"https:\/\/www.pressenza.com\/wp-content\/uploads\/2021\/10\/Escena-de-El-coronel-no-tiene-quien-le-escriba.-Video-en-conmemoracio\u0301n-de-los-129-an\u0303os-del-Teatro-Colo\u0301n.-Captura.jpg","keywords":["#LaHuellaDeLosLideres","Acuerdos de Paz","Colombia","F\u00e1brica de Teatro Popular","Garc\u00eda Marquez","Paz","Teatro Col\u00f3n"],"articleSection":["Cultura y Medios","Opiniones","Paz y Desarme","Sudam\u00e9rica"],"inLanguage":"es"},{"@type":"WebPage","@id":"https:\/\/www.pressenza.com\/es\/2021\/10\/el-coronel\/","url":"https:\/\/www.pressenza.com\/es\/2021\/10\/el-coronel\/","name":"El coronel","isPartOf":{"@id":"https:\/\/www.pressenza.com\/es\/#website"},"primaryImageOfPage":{"@id":"https:\/\/www.pressenza.com\/es\/2021\/10\/el-coronel\/#primaryimage"},"image":{"@id":"https:\/\/www.pressenza.com\/es\/2021\/10\/el-coronel\/#primaryimage"},"thumbnailUrl":"https:\/\/www.pressenza.com\/wp-content\/uploads\/2021\/10\/Escena-de-El-coronel-no-tiene-quien-le-escriba.-Video-en-conmemoracio\u0301n-de-los-129-an\u0303os-del-Teatro-Colo\u0301n.-Captura.jpg","datePublished":"2021-10-29T02:23:04+00:00","description":"26 de octubre 2012. el Espectador &nbsp; Gabriel Garc\u00eda M\u00e1rquez escribi\u00f3 El coronel no tiene quien le escriba en 1957, cuando ten\u00eda 30 a\u00f1os y viv\u00eda en la","breadcrumb":{"@id":"https:\/\/www.pressenza.com\/es\/2021\/10\/el-coronel\/#breadcrumb"},"inLanguage":"es","potentialAction":[{"@type":"ReadAction","target":["https:\/\/www.pressenza.com\/es\/2021\/10\/el-coronel\/"]}]},{"@type":"ImageObject","inLanguage":"es","@id":"https:\/\/www.pressenza.com\/es\/2021\/10\/el-coronel\/#primaryimage","url":"https:\/\/www.pressenza.com\/wp-content\/uploads\/2021\/10\/Escena-de-El-coronel-no-tiene-quien-le-escriba.-Video-en-conmemoracio\u0301n-de-los-129-an\u0303os-del-Teatro-Colo\u0301n.-Captura.jpg","contentUrl":"https:\/\/www.pressenza.com\/wp-content\/uploads\/2021\/10\/Escena-de-El-coronel-no-tiene-quien-le-escriba.-Video-en-conmemoracio\u0301n-de-los-129-an\u0303os-del-Teatro-Colo\u0301n.-Captura.jpg","width":1024,"height":599},{"@type":"BreadcrumbList","@id":"https:\/\/www.pressenza.com\/es\/2021\/10\/el-coronel\/#breadcrumb","itemListElement":[{"@type":"ListItem","position":1,"name":"Accueil","item":"https:\/\/www.pressenza.com\/es\/"},{"@type":"ListItem","position":2,"name":"El coronel"}]},{"@type":"WebSite","@id":"https:\/\/www.pressenza.com\/es\/#website","url":"https:\/\/www.pressenza.com\/es\/","name":"Pressenza","description":"International Press Agency","publisher":{"@id":"https:\/\/www.pressenza.com\/es\/#organization"},"potentialAction":[{"@type":"SearchAction","target":{"@type":"EntryPoint","urlTemplate":"https:\/\/www.pressenza.com\/es\/?s={search_term_string}"},"query-input":{"@type":"PropertyValueSpecification","valueRequired":true,"valueName":"search_term_string"}}],"inLanguage":"es"},{"@type":"Organization","@id":"https:\/\/www.pressenza.com\/es\/#organization","name":"Pressenza","url":"https:\/\/www.pressenza.com\/es\/","logo":{"@type":"ImageObject","inLanguage":"es","@id":"https:\/\/www.pressenza.com\/es\/#\/schema\/logo\/image\/","url":"https:\/\/www.pressenza.com\/wp-content\/uploads\/2022\/10\/pressenza_logo_200x200.jpg","contentUrl":"https:\/\/www.pressenza.com\/wp-content\/uploads\/2022\/10\/pressenza_logo_200x200.jpg","width":200,"height":200,"caption":"Pressenza"},"image":{"@id":"https:\/\/www.pressenza.com\/es\/#\/schema\/logo\/image\/"},"sameAs":["https:\/\/www.facebook.com\/PressenzaItalia","https:\/\/x.com\/PressenzaIPA"]},{"@type":"Person","@id":"https:\/\/www.pressenza.com\/es\/#\/schema\/person\/476779c5c0c262f919761226ef961a29","name":"Gloria Arias Nieto","description":"M\u00e9dica y periodista, columnista de El Espectador. Promotora de procesos de paz y reconciliaci\u00f3n. Miembro del movimiento Defendamos la Paz (DLP) @gloriariasnieto","sameAs":["https:\/\/x.com\/gloriariasnieto"],"url":"https:\/\/www.pressenza.com\/es\/author\/gloria-arias-nieto\/"}]}},"place":"Bogot\u00e1, Colombia","original_article_url":"https:\/\/www.elespectador.com\/opinion\/columnistas\/gloria-arias-nieto\/el-coronel\/","_links":{"self":[{"href":"https:\/\/www.pressenza.com\/es\/wp-json\/wp\/v2\/posts\/1460316","targetHints":{"allow":["GET"]}}],"collection":[{"href":"https:\/\/www.pressenza.com\/es\/wp-json\/wp\/v2\/posts"}],"about":[{"href":"https:\/\/www.pressenza.com\/es\/wp-json\/wp\/v2\/types\/post"}],"author":[{"embeddable":true,"href":"https:\/\/www.pressenza.com\/es\/wp-json\/wp\/v2\/users\/1897"}],"replies":[{"embeddable":true,"href":"https:\/\/www.pressenza.com\/es\/wp-json\/wp\/v2\/comments?post=1460316"}],"version-history":[{"count":0,"href":"https:\/\/www.pressenza.com\/es\/wp-json\/wp\/v2\/posts\/1460316\/revisions"}],"wp:featuredmedia":[{"embeddable":true,"href":"https:\/\/www.pressenza.com\/es\/wp-json\/wp\/v2\/media\/1460318"}],"wp:attachment":[{"href":"https:\/\/www.pressenza.com\/es\/wp-json\/wp\/v2\/media?parent=1460316"}],"wp:term":[{"taxonomy":"category","embeddable":true,"href":"https:\/\/www.pressenza.com\/es\/wp-json\/wp\/v2\/categories?post=1460316"},{"taxonomy":"post_tag","embeddable":true,"href":"https:\/\/www.pressenza.com\/es\/wp-json\/wp\/v2\/tags?post=1460316"}],"curies":[{"name":"wp","href":"https:\/\/api.w.org\/{rel}","templated":true}]}}