{"id":1459775,"date":"2021-10-28T02:51:20","date_gmt":"2021-10-28T01:51:20","guid":{"rendered":"https:\/\/www.pressenza.com\/?p=1459775"},"modified":"2021-10-29T17:07:55","modified_gmt":"2021-10-29T16:07:55","slug":"se-presento-el-libro-periodismo-no-violento-hacia-un-enfoque-humanizador-de-la-comunicacion","status":"publish","type":"post","link":"https:\/\/www.pressenza.com\/es\/2021\/10\/se-presento-el-libro-periodismo-no-violento-hacia-un-enfoque-humanizador-de-la-comunicacion\/","title":{"rendered":"Se present\u00f3 el libro \u201cPeriodismo No Violento: hacia un enfoque humanizador de la comunicaci\u00f3n\u201d"},"content":{"rendered":"<p>En el marco de las actividades del Octubre NoViolento en Ecuador, la Agencia Internacional de Noticias Pressenza present\u00f3 hoy su publicaci\u00f3n m\u00e1s reciente: \u201cPeriodismo No Violento: hacia un enfoque humanizador de la comunicaci\u00f3n\u201d.<\/p>\n<p>El libro surge de la reflexi\u00f3n sobre \u00a0la experiencia de la agencia en estos trece a\u00f1os de actividad desde su creaci\u00f3n, en el a\u00f1o 2009, en Mil\u00e1n, Italia. En la actualidad, el medio de comunicaci\u00f3n cuenta con equipos de redacci\u00f3n en 24 pa\u00edses y brinda informaci\u00f3n en nueve idiomas. Todas las personas que conforman la agencia son voluntarias con una \u00f3ptica de derechos humanos, paz y noviolencia.<\/p>\n<p>Una de las escritoras del libro es P\u00eda Figueroa, codirectora de la Agencia y parte de la redacci\u00f3n chilena. Describe que el libro, en su primer cap\u00edtulo refiere a la \u201cHumanizaci\u00f3n de la Comunicaci\u00f3n: fundamentos de un periodismo noviolento\u201d. En este apartado, se recogen elementos centrales del nuevo humanismo, particularmente la concepci\u00f3n del ser humano como ser hist\u00f3rico y social que transforma, a trav\u00e9s de sus acciones, su propia naturaleza. En el cap\u00edtulo se desarrollan aspectos conceptuales que fundamentan una forma de mirar y concebir el acontecer.<\/p>\n<div id=\"attachment_1459786\" class=\"wp-caption aligncenter\"><img loading=\"lazy\" decoding=\"async\" aria-describedby=\"caption-attachment-1459786\" class=\"size-large wp-image-1459786\" src=\"https:\/\/www.pressenza.com\/wp-content\/uploads\/2021\/10\/Screen-Shot-2021-10-27-at-8.40.05-PM-820x485.png\" alt=\"\" width=\"820\" height=\"485\" srcset=\"https:\/\/www.pressenza.com\/wp-content\/uploads\/2021\/10\/Screen-Shot-2021-10-27-at-8.40.05-PM-820x485.png 820w, https:\/\/www.pressenza.com\/wp-content\/uploads\/2021\/10\/Screen-Shot-2021-10-27-at-8.40.05-PM-300x177.png 300w, https:\/\/www.pressenza.com\/wp-content\/uploads\/2021\/10\/Screen-Shot-2021-10-27-at-8.40.05-PM.png 1214w\" sizes=\"auto, (max-width: 820px) 100vw, 820px\" \/><p id=\"caption-attachment-1459786\" class=\"wp-caption-text\">P\u00eda Figueroa<\/p><\/div>\n<p>De este cap\u00edtulo, P\u00eda destaca la importancia del psiquismo y su espacio de representaci\u00f3n. Para ella, la conciencia humana es fundamental para pensar la reversibilidad, sin la cual no se puede distinguir con que enfoque se escribe. Este tema no se trata con frecuencia en el periodismo, afirma. En ese sentido, considera que este libro es una invitaci\u00f3n a pensar la noviolencia y tomar una posici\u00f3n en la escritura desde ese lugar, donde narrar los hechos aporten tambi\u00e9n en la transformaci\u00f3n de quien escribe y permita construir un mundo mejor.<\/p>\n<p>Otro de los autores es Javier Tolcachier, quien explica que, el segundo cap\u00edtulo tiene que ver con los principios b\u00e1sicos para escribir desde el enfoque de no violencia. Explica que para este cap\u00edtulo fue fundamental la experiencia de diversos talleres realizados en universidades e instituciones ecuatorianas, que sirvieron como \u201claboratorio\u201d para desarrollar para ir configurando los principios que se desarrollan en el texto.<\/p>\n<div id=\"attachment_1459776\" class=\"wp-caption aligncenter\"><img loading=\"lazy\" decoding=\"async\" aria-describedby=\"caption-attachment-1459776\" class=\"size-large wp-image-1459776\" src=\"https:\/\/www.pressenza.com\/wp-content\/uploads\/2021\/10\/Screen-Shot-2021-10-27-at-8.39.56-PM-820x419.png\" alt=\"\" width=\"820\" height=\"419\" srcset=\"https:\/\/www.pressenza.com\/wp-content\/uploads\/2021\/10\/Screen-Shot-2021-10-27-at-8.39.56-PM-820x419.png 820w, https:\/\/www.pressenza.com\/wp-content\/uploads\/2021\/10\/Screen-Shot-2021-10-27-at-8.39.56-PM-300x153.png 300w, https:\/\/www.pressenza.com\/wp-content\/uploads\/2021\/10\/Screen-Shot-2021-10-27-at-8.39.56-PM.png 1284w\" sizes=\"auto, (max-width: 820px) 100vw, 820px\" \/><p id=\"caption-attachment-1459776\" class=\"wp-caption-text\">Javier Tolcachier<\/p><\/div>\n<p>El autor resalta que la visi\u00f3n del libro es ver a la informaci\u00f3n como un bien social y no como algo mercantil. Para Javier \u201cm\u00e1s all\u00e1 de la informaci\u00f3n es la acci\u00f3n\u201d y sostiene que el periodismo debe mostrar esa acci\u00f3n colectiva constante.<\/p>\n<p>La parcialidad como un lugar de escritura period\u00edstica, afirma que es un motor de acci\u00f3n, desde donde se interpreta el acontecimiento y que, en este libro, se promueve aplicar, pero tambi\u00e9n incita a la diversidad de voces y abordajes sobre un hecho. Desde su perspectiva, es necesario optar por una mirada de inaceptabilidad de la violencia. Para \u00e9l, es necesaria la denuncia, pero tambi\u00e9n una escritura que promueva la resoluci\u00f3n de los conflictos y de trabajo desde la reconciliaci\u00f3n como medio para la esperanza.<\/p>\n<p>Juana P\u00e9rez tambi\u00e9n es autora en este libro editora de Pressenza en la redacci\u00f3n Espa\u00f1a. Ella resalta la importancia de la selecci\u00f3n tem\u00e1tica y fuentes para hacer un periodismo no violento. Considera que la experiencia de Pressenza es significativa por la creaci\u00f3n de una agenda propia.<\/p>\n<div id=\"attachment_1459796\" class=\"wp-caption aligncenter\"><img loading=\"lazy\" decoding=\"async\" aria-describedby=\"caption-attachment-1459796\" class=\"size-large wp-image-1459796\" src=\"https:\/\/www.pressenza.com\/wp-content\/uploads\/2021\/10\/Screen-Shot-2021-10-27-at-8.44.25-PM-820x428.png\" alt=\"\" width=\"820\" height=\"428\" srcset=\"https:\/\/www.pressenza.com\/wp-content\/uploads\/2021\/10\/Screen-Shot-2021-10-27-at-8.44.25-PM-820x428.png 820w, https:\/\/www.pressenza.com\/wp-content\/uploads\/2021\/10\/Screen-Shot-2021-10-27-at-8.44.25-PM-300x156.png 300w, https:\/\/www.pressenza.com\/wp-content\/uploads\/2021\/10\/Screen-Shot-2021-10-27-at-8.44.25-PM.png 1250w\" sizes=\"auto, (max-width: 820px) 100vw, 820px\" \/><p id=\"caption-attachment-1459796\" class=\"wp-caption-text\">Juana P\u00e9rez<\/p><\/div>\n<p>Sobre las fuentes rescata que esa libertad de temas debe estar enfocada por una escritura que tenga la capacidad de ampliar las voces de quienes son violentados, de los pueblos; que se debe propender a la esperanza. Por lo tanto, el periodismo debe explicar los hechos con perspectiva hist\u00f3rica, pero tambi\u00e9n ofrecer opciones a esas problem\u00e1ticas que se narran.<\/p>\n<p>La autora propone en el libro \u201chuir de un lenguaje discriminatorio y que fomente la polaridad en el discurso\u201d. Afirma que agencias alternativas deben denunciar la violencia y siempre dar opciones para salir de esta.<\/p>\n<p>Nelsy Lizarazo en su calidad de autora del libro y editora de la redacci\u00f3n de Ecuador afirm\u00f3 que todas las experiencias recopiladas han servido tambi\u00e9n para crear pistas metodol\u00f3gicas que, en este libro, se desarrollan en el cuarto cap\u00edtulo y en dos partes. La primera, incluye cuatro talleres breves para acercar conceptos claves como mirada, paisaje de formaci\u00f3n intencionalidad y lo humano. La segunda, incluye gu\u00edas concretas de aplicaci\u00f3n paso a paso del enfoque no violento a formatos period\u00edsticos como la noticia, la nota de opini\u00f3n, la entrevista, el reportaje y el fotorreportaje.<\/p>\n<div id=\"attachment_1459806\" class=\"wp-caption aligncenter\"><img loading=\"lazy\" decoding=\"async\" aria-describedby=\"caption-attachment-1459806\" class=\"wp-image-1459806 size-large\" src=\"https:\/\/www.pressenza.com\/wp-content\/uploads\/2021\/10\/Screen-Shot-2021-10-27-at-6.13.11-PM-820x459.png\" alt=\"\" width=\"820\" height=\"459\" srcset=\"https:\/\/www.pressenza.com\/wp-content\/uploads\/2021\/10\/Screen-Shot-2021-10-27-at-6.13.11-PM-820x459.png 820w, https:\/\/www.pressenza.com\/wp-content\/uploads\/2021\/10\/Screen-Shot-2021-10-27-at-6.13.11-PM-300x168.png 300w, https:\/\/www.pressenza.com\/wp-content\/uploads\/2021\/10\/Screen-Shot-2021-10-27-at-6.13.11-PM.png 1792w\" sizes=\"auto, (max-width: 820px) 100vw, 820px\" \/><p id=\"caption-attachment-1459806\" class=\"wp-caption-text\">Nelsy Lizarazo<\/p><\/div>\n<p>La presentaci\u00f3n del libro estuvo marcada por videos de diversos miembros de las redacciones del mundo de la Agencia. Mariano Quiroga, desde la redacci\u00f3n argentina, resalt\u00f3 de la agencia \u201cla independencia con que nos manejamos para poder elegir nuestra agenda(&#8230;) el abordaje de a qui\u00e9n entrevistar. En ese contar a otros se ha ido transmitiendo el invitar a participar a otras personas\u201d. Desde la mirada de este voluntario: \u201cPressenza, as\u00ed como el libro es una muestra del trabajo colectivo\u201d.<\/p>\n<p>Para Jos\u00e9 Gabriel Feres, editor de la publicaci\u00f3n, este libro es parte de la condensaci\u00f3n de varias experiencias humanizadoras que tambi\u00e9n se han reflejado en otros libros, como la del a\u00f1o 2012 <a href=\"https:\/\/www.pressenza.com\/es\/2012\/11\/la-direccion-no-violenta-de-los-cambios\/\">\u201cPerspectivas desde el Humanismo sobre las encrucijadas del momento actual\u201d<\/a>; y del a\u00f1o 2014 <a href=\"https:\/\/www.pressenza.com\/es\/2015\/11\/nuevo-libro-de-pressenza-la-crisis-global-consecuencias-y-oportunidades\/\">\u201cLa crisis global: consecuencias y oportunidades\u201d<\/a>.\u00a0 Otro trabajo publicado desde una perspectiva humanista es el de Javier Tolcachier <a href=\"https:\/\/www.libreriahumanista.com\/p\/tendencias-cuadernos-de-capacitacion-politica\/\">\u201cTendencias. Cuadernos de capacitaci\u00f3n pol\u00edtica\u201d<\/a>, publicado en el a\u00f1o 2019.\u00a0 Todos estos libros han estado enfocados a una mirada noviolenta y humanizadora. Jos\u00e9 Gabriel afirm\u00f3 que cada trabajo realizado por los voluntarios de Pressenza, es un aporte en un momento en el que existe mucha incertidumbre.<\/p>\n<p>Si deseas ver la presentaci\u00f3n, lo puedes hacer en: <a href=\"https:\/\/youtu.be\/2_MovZL5ypI\">https:\/\/youtu.be\/2_MovZL5ypI<\/a><\/p>\n<p>&nbsp;<\/p>\n<p>&nbsp;<\/p>\n","protected":false},"excerpt":{"rendered":"<p>En el marco de las actividades del Octubre NoViolento en Ecuador, la Agencia Internacional de Noticias Pressenza present\u00f3 hoy su publicaci\u00f3n m\u00e1s reciente: \u201cPeriodismo No Violento: hacia un enfoque humanizador de la comunicaci\u00f3n\u201d. El libro surge de la reflexi\u00f3n sobre&hellip;<\/p>\n","protected":false},"author":1961,"featured_media":1459816,"comment_status":"closed","ping_status":"closed","sticky":false,"template":"","format":"standard","meta":{"footnotes":""},"categories":[76,11389,79,74],"tags":[96188,13260,96189,23056,5932,49948],"class_list":["post-1459775","post","type-post","status-publish","format-standard","has-post-thumbnail","hentry","category-relaciones-exteriores","category-contenido-original","category-derechos-humanos","category-politica-es","tag-enfoque-humanizador-de-la-comunicacion","tag-javier-tolcachier-2","tag-juana-perez-es","tag-nelsy-lizarazo","tag-pia-figueroa-es","tag-pressenza-it-es"],"yoast_head":"<!-- This site is optimized with the Yoast SEO plugin v27.1.1 - https:\/\/yoast.com\/product\/yoast-seo-wordpress\/ -->\n<title>Se present\u00f3 el libro \u201cPeriodismo No Violento: hacia un enfoque humanizador de la comunicaci\u00f3n\u201d<\/title>\n<meta name=\"description\" content=\"En el marco de las actividades del Octubre NoViolento en Ecuador, la Agencia Internacional de Noticias Pressenza present\u00f3 hoy su publicaci\u00f3n m\u00e1s reciente:\" \/>\n<meta name=\"robots\" content=\"index, follow, max-snippet:-1, max-image-preview:large, max-video-preview:-1\" \/>\n<link rel=\"canonical\" href=\"https:\/\/www.pressenza.com\/es\/2021\/10\/se-presento-el-libro-periodismo-no-violento-hacia-un-enfoque-humanizador-de-la-comunicacion\/\" \/>\n<meta property=\"og:locale\" content=\"es_ES\" \/>\n<meta property=\"og:type\" content=\"article\" \/>\n<meta property=\"og:title\" content=\"Se present\u00f3 el libro \u201cPeriodismo No Violento: hacia un enfoque humanizador de la comunicaci\u00f3n\u201d\" \/>\n<meta property=\"og:description\" content=\"En el marco de las actividades del Octubre NoViolento en Ecuador, la Agencia Internacional de Noticias Pressenza present\u00f3 hoy su publicaci\u00f3n m\u00e1s reciente:\" \/>\n<meta property=\"og:url\" content=\"https:\/\/www.pressenza.com\/es\/2021\/10\/se-presento-el-libro-periodismo-no-violento-hacia-un-enfoque-humanizador-de-la-comunicacion\/\" \/>\n<meta property=\"og:site_name\" content=\"Pressenza\" \/>\n<meta property=\"article:publisher\" content=\"https:\/\/www.facebook.com\/PressenzaItalia\" \/>\n<meta property=\"article:published_time\" content=\"2021-10-28T01:51:20+00:00\" \/>\n<meta property=\"article:modified_time\" content=\"2021-10-29T16:07:55+00:00\" \/>\n<meta property=\"og:image\" content=\"https:\/\/www.pressenza.com\/wp-content\/uploads\/2021\/10\/Screen-Shot-2021-10-27-at-6.06.45-PM-820x464.png\" \/>\n\t<meta property=\"og:image:width\" content=\"820\" \/>\n\t<meta property=\"og:image:height\" content=\"464\" \/>\n\t<meta property=\"og:image:type\" content=\"image\/png\" \/>\n<meta name=\"author\" content=\"Ana Gabriela Molina Meneses\" \/>\n<meta name=\"twitter:card\" content=\"summary_large_image\" \/>\n<meta name=\"twitter:creator\" content=\"@PressenzaIPA\" \/>\n<meta name=\"twitter:site\" content=\"@PressenzaIPA\" \/>\n<meta name=\"twitter:label1\" content=\"Escrito por\" \/>\n\t<meta name=\"twitter:data1\" content=\"Ana Gabriela Molina Meneses\" \/>\n\t<meta name=\"twitter:label2\" content=\"Tiempo de lectura\" \/>\n\t<meta name=\"twitter:data2\" content=\"5 minutos\" \/>\n<script type=\"application\/ld+json\" class=\"yoast-schema-graph\">{\"@context\":\"https:\/\/schema.org\",\"@graph\":[{\"@type\":\"Article\",\"@id\":\"https:\/\/www.pressenza.com\/es\/2021\/10\/se-presento-el-libro-periodismo-no-violento-hacia-un-enfoque-humanizador-de-la-comunicacion\/#article\",\"isPartOf\":{\"@id\":\"https:\/\/www.pressenza.com\/es\/2021\/10\/se-presento-el-libro-periodismo-no-violento-hacia-un-enfoque-humanizador-de-la-comunicacion\/\"},\"author\":{\"name\":\"Ana Gabriela Molina Meneses\",\"@id\":\"https:\/\/www.pressenza.com\/es\/#\/schema\/person\/84c9e031ec5e027ed94eeb4ab64f12d8\"},\"headline\":\"Se present\u00f3 el libro \u201cPeriodismo No Violento: hacia un enfoque humanizador de la comunicaci\u00f3n\u201d\",\"datePublished\":\"2021-10-28T01:51:20+00:00\",\"dateModified\":\"2021-10-29T16:07:55+00:00\",\"mainEntityOfPage\":{\"@id\":\"https:\/\/www.pressenza.com\/es\/2021\/10\/se-presento-el-libro-periodismo-no-violento-hacia-un-enfoque-humanizador-de-la-comunicacion\/\"},\"wordCount\":1027,\"publisher\":{\"@id\":\"https:\/\/www.pressenza.com\/es\/#organization\"},\"image\":{\"@id\":\"https:\/\/www.pressenza.com\/es\/2021\/10\/se-presento-el-libro-periodismo-no-violento-hacia-un-enfoque-humanizador-de-la-comunicacion\/#primaryimage\"},\"thumbnailUrl\":\"https:\/\/www.pressenza.com\/wp-content\/uploads\/2021\/10\/Screen-Shot-2021-10-27-at-6.06.45-PM.png\",\"keywords\":[\"enfoque humanizador de la comunicaci\u00f3n\",\"Javier Tolcachier\",\"Juana Perez\",\"Nelsy Lizarazo\",\"P\u00eda Figueroa\",\"Pressenza\"],\"articleSection\":[\"Asuntos internacionales\",\"Contenido Original\",\"Derechos Humanos\",\"Pol\u00edtica\"],\"inLanguage\":\"es\"},{\"@type\":\"WebPage\",\"@id\":\"https:\/\/www.pressenza.com\/es\/2021\/10\/se-presento-el-libro-periodismo-no-violento-hacia-un-enfoque-humanizador-de-la-comunicacion\/\",\"url\":\"https:\/\/www.pressenza.com\/es\/2021\/10\/se-presento-el-libro-periodismo-no-violento-hacia-un-enfoque-humanizador-de-la-comunicacion\/\",\"name\":\"Se present\u00f3 el libro \u201cPeriodismo No Violento: hacia un enfoque humanizador de la comunicaci\u00f3n\u201d\",\"isPartOf\":{\"@id\":\"https:\/\/www.pressenza.com\/es\/#website\"},\"primaryImageOfPage\":{\"@id\":\"https:\/\/www.pressenza.com\/es\/2021\/10\/se-presento-el-libro-periodismo-no-violento-hacia-un-enfoque-humanizador-de-la-comunicacion\/#primaryimage\"},\"image\":{\"@id\":\"https:\/\/www.pressenza.com\/es\/2021\/10\/se-presento-el-libro-periodismo-no-violento-hacia-un-enfoque-humanizador-de-la-comunicacion\/#primaryimage\"},\"thumbnailUrl\":\"https:\/\/www.pressenza.com\/wp-content\/uploads\/2021\/10\/Screen-Shot-2021-10-27-at-6.06.45-PM.png\",\"datePublished\":\"2021-10-28T01:51:20+00:00\",\"dateModified\":\"2021-10-29T16:07:55+00:00\",\"description\":\"En el marco de las actividades del Octubre NoViolento en Ecuador, la Agencia Internacional de Noticias Pressenza present\u00f3 hoy su publicaci\u00f3n m\u00e1s reciente:\",\"breadcrumb\":{\"@id\":\"https:\/\/www.pressenza.com\/es\/2021\/10\/se-presento-el-libro-periodismo-no-violento-hacia-un-enfoque-humanizador-de-la-comunicacion\/#breadcrumb\"},\"inLanguage\":\"es\",\"potentialAction\":[{\"@type\":\"ReadAction\",\"target\":[\"https:\/\/www.pressenza.com\/es\/2021\/10\/se-presento-el-libro-periodismo-no-violento-hacia-un-enfoque-humanizador-de-la-comunicacion\/\"]}]},{\"@type\":\"ImageObject\",\"inLanguage\":\"es\",\"@id\":\"https:\/\/www.pressenza.com\/es\/2021\/10\/se-presento-el-libro-periodismo-no-violento-hacia-un-enfoque-humanizador-de-la-comunicacion\/#primaryimage\",\"url\":\"https:\/\/www.pressenza.com\/wp-content\/uploads\/2021\/10\/Screen-Shot-2021-10-27-at-6.06.45-PM.png\",\"contentUrl\":\"https:\/\/www.pressenza.com\/wp-content\/uploads\/2021\/10\/Screen-Shot-2021-10-27-at-6.06.45-PM.png\",\"width\":1810,\"height\":1024,\"caption\":\"Lanzamiento del libro de Pressenza\"},{\"@type\":\"BreadcrumbList\",\"@id\":\"https:\/\/www.pressenza.com\/es\/2021\/10\/se-presento-el-libro-periodismo-no-violento-hacia-un-enfoque-humanizador-de-la-comunicacion\/#breadcrumb\",\"itemListElement\":[{\"@type\":\"ListItem\",\"position\":1,\"name\":\"Accueil\",\"item\":\"https:\/\/www.pressenza.com\/es\/\"},{\"@type\":\"ListItem\",\"position\":2,\"name\":\"Se present\u00f3 el libro \u201cPeriodismo No Violento: hacia un enfoque humanizador de la comunicaci\u00f3n\u201d\"}]},{\"@type\":\"WebSite\",\"@id\":\"https:\/\/www.pressenza.com\/es\/#website\",\"url\":\"https:\/\/www.pressenza.com\/es\/\",\"name\":\"Pressenza\",\"description\":\"International Press Agency\",\"publisher\":{\"@id\":\"https:\/\/www.pressenza.com\/es\/#organization\"},\"potentialAction\":[{\"@type\":\"SearchAction\",\"target\":{\"@type\":\"EntryPoint\",\"urlTemplate\":\"https:\/\/www.pressenza.com\/es\/?s={search_term_string}\"},\"query-input\":{\"@type\":\"PropertyValueSpecification\",\"valueRequired\":true,\"valueName\":\"search_term_string\"}}],\"inLanguage\":\"es\"},{\"@type\":\"Organization\",\"@id\":\"https:\/\/www.pressenza.com\/es\/#organization\",\"name\":\"Pressenza\",\"url\":\"https:\/\/www.pressenza.com\/es\/\",\"logo\":{\"@type\":\"ImageObject\",\"inLanguage\":\"es\",\"@id\":\"https:\/\/www.pressenza.com\/es\/#\/schema\/logo\/image\/\",\"url\":\"https:\/\/www.pressenza.com\/wp-content\/uploads\/2022\/10\/pressenza_logo_200x200.jpg\",\"contentUrl\":\"https:\/\/www.pressenza.com\/wp-content\/uploads\/2022\/10\/pressenza_logo_200x200.jpg\",\"width\":200,\"height\":200,\"caption\":\"Pressenza\"},\"image\":{\"@id\":\"https:\/\/www.pressenza.com\/es\/#\/schema\/logo\/image\/\"},\"sameAs\":[\"https:\/\/www.facebook.com\/PressenzaItalia\",\"https:\/\/x.com\/PressenzaIPA\"]},{\"@type\":\"Person\",\"@id\":\"https:\/\/www.pressenza.com\/es\/#\/schema\/person\/84c9e031ec5e027ed94eeb4ab64f12d8\",\"name\":\"Ana Gabriela Molina Meneses\",\"description\":\"Ecuatoriana. Con formaci\u00f3n profesional en Comunicaci\u00f3n Social con \u00e9nfasis en Educomunicaci\u00f3n, Arte y Cultura. Con maestr\u00eda en Estudios de la Cultura, menci\u00f3n en G\u00e9nero y Cultura y en Estudios Americanos, itinerario en Historia de Am\u00e9rica. Interesada en temas de G\u00e9nero, Derechos Humanos, Interculturalidad, No Violencia e Historia de Poblaciones Afrodescendientes.\",\"url\":\"https:\/\/www.pressenza.com\/es\/author\/ana-gabriela-molina-meneses\/\"}]}<\/script>\n<!-- \/ Yoast SEO plugin. -->","yoast_head_json":{"title":"Se present\u00f3 el libro \u201cPeriodismo No Violento: hacia un enfoque humanizador de la comunicaci\u00f3n\u201d","description":"En el marco de las actividades del Octubre NoViolento en Ecuador, la Agencia Internacional de Noticias Pressenza present\u00f3 hoy su publicaci\u00f3n m\u00e1s reciente:","robots":{"index":"index","follow":"follow","max-snippet":"max-snippet:-1","max-image-preview":"max-image-preview:large","max-video-preview":"max-video-preview:-1"},"canonical":"https:\/\/www.pressenza.com\/es\/2021\/10\/se-presento-el-libro-periodismo-no-violento-hacia-un-enfoque-humanizador-de-la-comunicacion\/","og_locale":"es_ES","og_type":"article","og_title":"Se present\u00f3 el libro \u201cPeriodismo No Violento: hacia un enfoque humanizador de la comunicaci\u00f3n\u201d","og_description":"En el marco de las actividades del Octubre NoViolento en Ecuador, la Agencia Internacional de Noticias Pressenza present\u00f3 hoy su publicaci\u00f3n m\u00e1s reciente:","og_url":"https:\/\/www.pressenza.com\/es\/2021\/10\/se-presento-el-libro-periodismo-no-violento-hacia-un-enfoque-humanizador-de-la-comunicacion\/","og_site_name":"Pressenza","article_publisher":"https:\/\/www.facebook.com\/PressenzaItalia","article_published_time":"2021-10-28T01:51:20+00:00","article_modified_time":"2021-10-29T16:07:55+00:00","og_image":[{"width":820,"height":464,"url":"https:\/\/www.pressenza.com\/wp-content\/uploads\/2021\/10\/Screen-Shot-2021-10-27-at-6.06.45-PM-820x464.png","type":"image\/png"}],"author":"Ana Gabriela Molina Meneses","twitter_card":"summary_large_image","twitter_creator":"@PressenzaIPA","twitter_site":"@PressenzaIPA","twitter_misc":{"Escrito por":"Ana Gabriela Molina Meneses","Tiempo de lectura":"5 minutos"},"schema":{"@context":"https:\/\/schema.org","@graph":[{"@type":"Article","@id":"https:\/\/www.pressenza.com\/es\/2021\/10\/se-presento-el-libro-periodismo-no-violento-hacia-un-enfoque-humanizador-de-la-comunicacion\/#article","isPartOf":{"@id":"https:\/\/www.pressenza.com\/es\/2021\/10\/se-presento-el-libro-periodismo-no-violento-hacia-un-enfoque-humanizador-de-la-comunicacion\/"},"author":{"name":"Ana Gabriela Molina Meneses","@id":"https:\/\/www.pressenza.com\/es\/#\/schema\/person\/84c9e031ec5e027ed94eeb4ab64f12d8"},"headline":"Se present\u00f3 el libro \u201cPeriodismo No Violento: hacia un enfoque humanizador de la comunicaci\u00f3n\u201d","datePublished":"2021-10-28T01:51:20+00:00","dateModified":"2021-10-29T16:07:55+00:00","mainEntityOfPage":{"@id":"https:\/\/www.pressenza.com\/es\/2021\/10\/se-presento-el-libro-periodismo-no-violento-hacia-un-enfoque-humanizador-de-la-comunicacion\/"},"wordCount":1027,"publisher":{"@id":"https:\/\/www.pressenza.com\/es\/#organization"},"image":{"@id":"https:\/\/www.pressenza.com\/es\/2021\/10\/se-presento-el-libro-periodismo-no-violento-hacia-un-enfoque-humanizador-de-la-comunicacion\/#primaryimage"},"thumbnailUrl":"https:\/\/www.pressenza.com\/wp-content\/uploads\/2021\/10\/Screen-Shot-2021-10-27-at-6.06.45-PM.png","keywords":["enfoque humanizador de la comunicaci\u00f3n","Javier Tolcachier","Juana Perez","Nelsy Lizarazo","P\u00eda Figueroa","Pressenza"],"articleSection":["Asuntos internacionales","Contenido Original","Derechos Humanos","Pol\u00edtica"],"inLanguage":"es"},{"@type":"WebPage","@id":"https:\/\/www.pressenza.com\/es\/2021\/10\/se-presento-el-libro-periodismo-no-violento-hacia-un-enfoque-humanizador-de-la-comunicacion\/","url":"https:\/\/www.pressenza.com\/es\/2021\/10\/se-presento-el-libro-periodismo-no-violento-hacia-un-enfoque-humanizador-de-la-comunicacion\/","name":"Se present\u00f3 el libro \u201cPeriodismo No Violento: hacia un enfoque humanizador de la comunicaci\u00f3n\u201d","isPartOf":{"@id":"https:\/\/www.pressenza.com\/es\/#website"},"primaryImageOfPage":{"@id":"https:\/\/www.pressenza.com\/es\/2021\/10\/se-presento-el-libro-periodismo-no-violento-hacia-un-enfoque-humanizador-de-la-comunicacion\/#primaryimage"},"image":{"@id":"https:\/\/www.pressenza.com\/es\/2021\/10\/se-presento-el-libro-periodismo-no-violento-hacia-un-enfoque-humanizador-de-la-comunicacion\/#primaryimage"},"thumbnailUrl":"https:\/\/www.pressenza.com\/wp-content\/uploads\/2021\/10\/Screen-Shot-2021-10-27-at-6.06.45-PM.png","datePublished":"2021-10-28T01:51:20+00:00","dateModified":"2021-10-29T16:07:55+00:00","description":"En el marco de las actividades del Octubre NoViolento en Ecuador, la Agencia Internacional de Noticias Pressenza present\u00f3 hoy su publicaci\u00f3n m\u00e1s reciente:","breadcrumb":{"@id":"https:\/\/www.pressenza.com\/es\/2021\/10\/se-presento-el-libro-periodismo-no-violento-hacia-un-enfoque-humanizador-de-la-comunicacion\/#breadcrumb"},"inLanguage":"es","potentialAction":[{"@type":"ReadAction","target":["https:\/\/www.pressenza.com\/es\/2021\/10\/se-presento-el-libro-periodismo-no-violento-hacia-un-enfoque-humanizador-de-la-comunicacion\/"]}]},{"@type":"ImageObject","inLanguage":"es","@id":"https:\/\/www.pressenza.com\/es\/2021\/10\/se-presento-el-libro-periodismo-no-violento-hacia-un-enfoque-humanizador-de-la-comunicacion\/#primaryimage","url":"https:\/\/www.pressenza.com\/wp-content\/uploads\/2021\/10\/Screen-Shot-2021-10-27-at-6.06.45-PM.png","contentUrl":"https:\/\/www.pressenza.com\/wp-content\/uploads\/2021\/10\/Screen-Shot-2021-10-27-at-6.06.45-PM.png","width":1810,"height":1024,"caption":"Lanzamiento del libro de Pressenza"},{"@type":"BreadcrumbList","@id":"https:\/\/www.pressenza.com\/es\/2021\/10\/se-presento-el-libro-periodismo-no-violento-hacia-un-enfoque-humanizador-de-la-comunicacion\/#breadcrumb","itemListElement":[{"@type":"ListItem","position":1,"name":"Accueil","item":"https:\/\/www.pressenza.com\/es\/"},{"@type":"ListItem","position":2,"name":"Se present\u00f3 el libro \u201cPeriodismo No Violento: hacia un enfoque humanizador de la comunicaci\u00f3n\u201d"}]},{"@type":"WebSite","@id":"https:\/\/www.pressenza.com\/es\/#website","url":"https:\/\/www.pressenza.com\/es\/","name":"Pressenza","description":"International Press Agency","publisher":{"@id":"https:\/\/www.pressenza.com\/es\/#organization"},"potentialAction":[{"@type":"SearchAction","target":{"@type":"EntryPoint","urlTemplate":"https:\/\/www.pressenza.com\/es\/?s={search_term_string}"},"query-input":{"@type":"PropertyValueSpecification","valueRequired":true,"valueName":"search_term_string"}}],"inLanguage":"es"},{"@type":"Organization","@id":"https:\/\/www.pressenza.com\/es\/#organization","name":"Pressenza","url":"https:\/\/www.pressenza.com\/es\/","logo":{"@type":"ImageObject","inLanguage":"es","@id":"https:\/\/www.pressenza.com\/es\/#\/schema\/logo\/image\/","url":"https:\/\/www.pressenza.com\/wp-content\/uploads\/2022\/10\/pressenza_logo_200x200.jpg","contentUrl":"https:\/\/www.pressenza.com\/wp-content\/uploads\/2022\/10\/pressenza_logo_200x200.jpg","width":200,"height":200,"caption":"Pressenza"},"image":{"@id":"https:\/\/www.pressenza.com\/es\/#\/schema\/logo\/image\/"},"sameAs":["https:\/\/www.facebook.com\/PressenzaItalia","https:\/\/x.com\/PressenzaIPA"]},{"@type":"Person","@id":"https:\/\/www.pressenza.com\/es\/#\/schema\/person\/84c9e031ec5e027ed94eeb4ab64f12d8","name":"Ana Gabriela Molina Meneses","description":"Ecuatoriana. Con formaci\u00f3n profesional en Comunicaci\u00f3n Social con \u00e9nfasis en Educomunicaci\u00f3n, Arte y Cultura. Con maestr\u00eda en Estudios de la Cultura, menci\u00f3n en G\u00e9nero y Cultura y en Estudios Americanos, itinerario en Historia de Am\u00e9rica. Interesada en temas de G\u00e9nero, Derechos Humanos, Interculturalidad, No Violencia e Historia de Poblaciones Afrodescendientes.","url":"https:\/\/www.pressenza.com\/es\/author\/ana-gabriela-molina-meneses\/"}]}},"place":"Planeta Tierra","original_article_url":"","_links":{"self":[{"href":"https:\/\/www.pressenza.com\/es\/wp-json\/wp\/v2\/posts\/1459775","targetHints":{"allow":["GET"]}}],"collection":[{"href":"https:\/\/www.pressenza.com\/es\/wp-json\/wp\/v2\/posts"}],"about":[{"href":"https:\/\/www.pressenza.com\/es\/wp-json\/wp\/v2\/types\/post"}],"author":[{"embeddable":true,"href":"https:\/\/www.pressenza.com\/es\/wp-json\/wp\/v2\/users\/1961"}],"replies":[{"embeddable":true,"href":"https:\/\/www.pressenza.com\/es\/wp-json\/wp\/v2\/comments?post=1459775"}],"version-history":[{"count":0,"href":"https:\/\/www.pressenza.com\/es\/wp-json\/wp\/v2\/posts\/1459775\/revisions"}],"wp:featuredmedia":[{"embeddable":true,"href":"https:\/\/www.pressenza.com\/es\/wp-json\/wp\/v2\/media\/1459816"}],"wp:attachment":[{"href":"https:\/\/www.pressenza.com\/es\/wp-json\/wp\/v2\/media?parent=1459775"}],"wp:term":[{"taxonomy":"category","embeddable":true,"href":"https:\/\/www.pressenza.com\/es\/wp-json\/wp\/v2\/categories?post=1459775"},{"taxonomy":"post_tag","embeddable":true,"href":"https:\/\/www.pressenza.com\/es\/wp-json\/wp\/v2\/tags?post=1459775"}],"curies":[{"name":"wp","href":"https:\/\/api.w.org\/{rel}","templated":true}]}}