{"id":1459596,"date":"2021-10-27T20:58:18","date_gmt":"2021-10-27T19:58:18","guid":{"rendered":"https:\/\/www.pressenza.com\/?p=1459596"},"modified":"2021-10-27T20:58:18","modified_gmt":"2021-10-27T19:58:18","slug":"facebook-bajo-escrutinio","status":"publish","type":"post","link":"https:\/\/www.pressenza.com\/es\/2021\/10\/facebook-bajo-escrutinio\/","title":{"rendered":"Facebook bajo escrutinio"},"content":{"rendered":"<p>Una vez m\u00e1s la prensa est\u00e1 jugando un rol fundamental en poner bajo escrutinio la m\u00e1s grande empresa de redes sociales del mundo: Facebook, sobre la base de informaci\u00f3n entregada por Frances Haugen una ex gerente de producto de la compa\u00f1\u00eda quien ha se\u00f1alado que lo hizo para mejorar la empresa y no para da\u00f1arla.<\/p>\n<p>En ingl\u00e9s, la categor\u00eda en que se desarrolla Facebook, Twitter, Instagram, TikTok, Pinterest y muchas m\u00e1s es \u201csocial media\u201d, que, traducida literalmente al espa\u00f1ol ser\u00eda medio social, pero m\u00e1s bien se traducir\u00eda en \u201cmedios de comunicaci\u00f3n social\u201d. Redes sociales, como se les denomina en espa\u00f1ol resulta restrictivo para el rol que estas empresas est\u00e1n jugando en la sociedad. Ya no solo establecen relaci\u00f3n entre personas, sino que informan y forman opini\u00f3n de una manera mucho m\u00e1s sutil y eficiente que los medios de comunicaci\u00f3n tradicionales.<\/p>\n<p>Haugen se\u00f1al\u00f3 que filtr\u00f3 los documentos porque: \u201csu frustraci\u00f3n fue creciendo a medida que se dio cuenta que la compa\u00f1\u00eda (Facebook) carec\u00eda de apertura para ver el potencial de da\u00f1o de sus plataformas y la falta de voluntad para hacerse cargo de sus falencias\u201d.<\/p>\n<p>Todo el foco de la controversia, al igual que los estudios realizados por Facebook, est\u00e1 puesta en la sociedad americana y quien ha liderado el destape ha sido el prestigioso diario The Wall Street Journal, a quien nadie pudiera catalogar como un medio de comunicaci\u00f3n antiempresa.<\/p>\n<p>En nuestro continente latinoamericano, y en especial en Chile, las redes sociales han jugado un rol para bien y para mal.\u00a0 Y en los aspectos negativos, a\u00fan no hemos tomado conciencia de los efectos nocivos que puede estar generando esta red social. Sentimientos anti inmigrantes, discriminaci\u00f3n de g\u00e9nero o simplemente desinformaci\u00f3n.<\/p>\n<p>Esta semana me lleg\u00f3 un meme de un compa\u00f1ero de universidad, hoy empresario, diciendo: \u201cPara Halloween me voy a disfrazar de la Nueva Constituci\u00f3n, esa wea s\u00ed que da miedo\u201d. Respond\u00ed: \u201cEn nada ayuda buscar un camino que nos una. Favor abstenerse de enviar estos memes que parecen divertidos, pero buscan poner en duda un proceso decidido por casi un 80%\u201d.<\/p>\n<p>Grande fue mi sorpresa cuando me respondi\u00f3 que \u201cTe recuerdo que los votantes fueron menos de un 20% del padr\u00f3n electoral\u201d y para aclarar que no era un error de escritura, sentenci\u00f3: \u201cEl 80% es tristemente silencioso\u201d. Me limit\u00e9 a enviar el link de la biblioteca del Congreso que se\u00f1ala que vot\u00f3 un poco m\u00e1s del 50% del padr\u00f3n.<\/p>\n<p>Bien que Facebook est\u00e9 bajo escrutinio en Estados Unidos, pero eso no basta para que nuestras sociedades est\u00e9n a salvo.<\/p>\n<p>Chile, al igual que otros pa\u00edses de Am\u00e9rica Latina est\u00e1n viviendo procesos de masificaci\u00f3n al acceso a las tecnolog\u00edas digitales desde muy temprana edad. No se trata de condenar la tecnolog\u00eda sino de levantar una voz de alerta para que seamos capaces de distinguir los muchos beneficios que nos trae y tambi\u00e9n los perjuicios que nos causa a como individuos y como sociedad. Es imprescindible que la educaci\u00f3n de ni\u00f1as, ni\u00f1os y j\u00f3venes contenga programas de ciudadan\u00eda para que cuenten con herramientas para discernir lo verdadero de la mentira tendenciosa.<\/p>\n","protected":false},"excerpt":{"rendered":"<p>Una vez m\u00e1s la prensa est\u00e1 jugando un rol fundamental en poner bajo escrutinio la m\u00e1s grande empresa de redes sociales del mundo: Facebook, sobre la base de informaci\u00f3n entregada por Frances Haugen una ex gerente de producto de la&hellip;<\/p>\n","protected":false},"author":1907,"featured_media":1459598,"comment_status":"closed","ping_status":"closed","sticky":false,"template":"","format":"standard","meta":{"footnotes":""},"categories":[497,11389,161,67],"tags":[358],"class_list":["post-1459596","post","type-post","status-publish","format-standard","has-post-thumbnail","hentry","category-ciencia-tecnologia","category-contenido-original","category-opiniones","category-sudamerica","tag-facebook-es"],"yoast_head":"<!-- This site is optimized with the Yoast SEO plugin v27.1.1 - https:\/\/yoast.com\/product\/yoast-seo-wordpress\/ -->\n<title>Facebook bajo escrutinio<\/title>\n<meta name=\"description\" content=\"Una vez m\u00e1s la prensa est\u00e1 jugando un rol fundamental en poner bajo escrutinio la m\u00e1s grande empresa de redes sociales del mundo: Facebook, sobre la base\" \/>\n<meta name=\"robots\" content=\"index, follow, max-snippet:-1, max-image-preview:large, max-video-preview:-1\" \/>\n<link rel=\"canonical\" href=\"https:\/\/www.pressenza.com\/es\/2021\/10\/facebook-bajo-escrutinio\/\" \/>\n<meta property=\"og:locale\" content=\"es_ES\" \/>\n<meta property=\"og:type\" content=\"article\" \/>\n<meta property=\"og:title\" content=\"Facebook bajo escrutinio\" \/>\n<meta property=\"og:description\" content=\"Una vez m\u00e1s la prensa est\u00e1 jugando un rol fundamental en poner bajo escrutinio la m\u00e1s grande empresa de redes sociales del mundo: Facebook, sobre la base\" \/>\n<meta property=\"og:url\" content=\"https:\/\/www.pressenza.com\/es\/2021\/10\/facebook-bajo-escrutinio\/\" \/>\n<meta property=\"og:site_name\" content=\"Pressenza\" \/>\n<meta property=\"article:publisher\" content=\"https:\/\/www.facebook.com\/PressenzaItalia\" \/>\n<meta property=\"article:published_time\" content=\"2021-10-27T19:58:18+00:00\" \/>\n<meta property=\"og:image\" content=\"https:\/\/www.pressenza.com\/wp-content\/uploads\/2021\/10\/fb_icon_325x325.png\" \/>\n\t<meta property=\"og:image:width\" content=\"325\" \/>\n\t<meta property=\"og:image:height\" content=\"325\" \/>\n\t<meta property=\"og:image:type\" content=\"image\/png\" \/>\n<meta name=\"author\" content=\"Marcelo Trivelli\" \/>\n<meta name=\"twitter:card\" content=\"summary_large_image\" \/>\n<meta name=\"twitter:creator\" content=\"@PressenzaIPA\" \/>\n<meta name=\"twitter:site\" content=\"@PressenzaIPA\" \/>\n<meta name=\"twitter:label1\" content=\"Escrito por\" \/>\n\t<meta name=\"twitter:data1\" content=\"Marcelo Trivelli\" \/>\n\t<meta name=\"twitter:label2\" content=\"Tiempo de lectura\" \/>\n\t<meta name=\"twitter:data2\" content=\"3 minutos\" \/>\n<script type=\"application\/ld+json\" class=\"yoast-schema-graph\">{\"@context\":\"https:\/\/schema.org\",\"@graph\":[{\"@type\":\"Article\",\"@id\":\"https:\/\/www.pressenza.com\/es\/2021\/10\/facebook-bajo-escrutinio\/#article\",\"isPartOf\":{\"@id\":\"https:\/\/www.pressenza.com\/es\/2021\/10\/facebook-bajo-escrutinio\/\"},\"author\":{\"name\":\"Marcelo Trivelli\",\"@id\":\"https:\/\/www.pressenza.com\/es\/#\/schema\/person\/62f77772bfcdd01e2cf156a471ba4ec5\"},\"headline\":\"Facebook bajo escrutinio\",\"datePublished\":\"2021-10-27T19:58:18+00:00\",\"mainEntityOfPage\":{\"@id\":\"https:\/\/www.pressenza.com\/es\/2021\/10\/facebook-bajo-escrutinio\/\"},\"wordCount\":559,\"publisher\":{\"@id\":\"https:\/\/www.pressenza.com\/es\/#organization\"},\"image\":{\"@id\":\"https:\/\/www.pressenza.com\/es\/2021\/10\/facebook-bajo-escrutinio\/#primaryimage\"},\"thumbnailUrl\":\"https:\/\/www.pressenza.com\/wp-content\/uploads\/2021\/10\/fb_icon_325x325.png\",\"keywords\":[\"Facebook\"],\"articleSection\":[\"Ciencia y Tecnolog\u00eda\",\"Contenido Original\",\"Opiniones\",\"Sudam\u00e9rica\"],\"inLanguage\":\"es\"},{\"@type\":\"WebPage\",\"@id\":\"https:\/\/www.pressenza.com\/es\/2021\/10\/facebook-bajo-escrutinio\/\",\"url\":\"https:\/\/www.pressenza.com\/es\/2021\/10\/facebook-bajo-escrutinio\/\",\"name\":\"Facebook bajo escrutinio\",\"isPartOf\":{\"@id\":\"https:\/\/www.pressenza.com\/es\/#website\"},\"primaryImageOfPage\":{\"@id\":\"https:\/\/www.pressenza.com\/es\/2021\/10\/facebook-bajo-escrutinio\/#primaryimage\"},\"image\":{\"@id\":\"https:\/\/www.pressenza.com\/es\/2021\/10\/facebook-bajo-escrutinio\/#primaryimage\"},\"thumbnailUrl\":\"https:\/\/www.pressenza.com\/wp-content\/uploads\/2021\/10\/fb_icon_325x325.png\",\"datePublished\":\"2021-10-27T19:58:18+00:00\",\"description\":\"Una vez m\u00e1s la prensa est\u00e1 jugando un rol fundamental en poner bajo escrutinio la m\u00e1s grande empresa de redes sociales del mundo: Facebook, sobre la base\",\"breadcrumb\":{\"@id\":\"https:\/\/www.pressenza.com\/es\/2021\/10\/facebook-bajo-escrutinio\/#breadcrumb\"},\"inLanguage\":\"es\",\"potentialAction\":[{\"@type\":\"ReadAction\",\"target\":[\"https:\/\/www.pressenza.com\/es\/2021\/10\/facebook-bajo-escrutinio\/\"]}]},{\"@type\":\"ImageObject\",\"inLanguage\":\"es\",\"@id\":\"https:\/\/www.pressenza.com\/es\/2021\/10\/facebook-bajo-escrutinio\/#primaryimage\",\"url\":\"https:\/\/www.pressenza.com\/wp-content\/uploads\/2021\/10\/fb_icon_325x325.png\",\"contentUrl\":\"https:\/\/www.pressenza.com\/wp-content\/uploads\/2021\/10\/fb_icon_325x325.png\",\"width\":325,\"height\":325,\"caption\":\"es.wikipedia.org\"},{\"@type\":\"BreadcrumbList\",\"@id\":\"https:\/\/www.pressenza.com\/es\/2021\/10\/facebook-bajo-escrutinio\/#breadcrumb\",\"itemListElement\":[{\"@type\":\"ListItem\",\"position\":1,\"name\":\"Accueil\",\"item\":\"https:\/\/www.pressenza.com\/es\/\"},{\"@type\":\"ListItem\",\"position\":2,\"name\":\"Facebook bajo escrutinio\"}]},{\"@type\":\"WebSite\",\"@id\":\"https:\/\/www.pressenza.com\/es\/#website\",\"url\":\"https:\/\/www.pressenza.com\/es\/\",\"name\":\"Pressenza\",\"description\":\"International Press Agency\",\"publisher\":{\"@id\":\"https:\/\/www.pressenza.com\/es\/#organization\"},\"potentialAction\":[{\"@type\":\"SearchAction\",\"target\":{\"@type\":\"EntryPoint\",\"urlTemplate\":\"https:\/\/www.pressenza.com\/es\/?s={search_term_string}\"},\"query-input\":{\"@type\":\"PropertyValueSpecification\",\"valueRequired\":true,\"valueName\":\"search_term_string\"}}],\"inLanguage\":\"es\"},{\"@type\":\"Organization\",\"@id\":\"https:\/\/www.pressenza.com\/es\/#organization\",\"name\":\"Pressenza\",\"url\":\"https:\/\/www.pressenza.com\/es\/\",\"logo\":{\"@type\":\"ImageObject\",\"inLanguage\":\"es\",\"@id\":\"https:\/\/www.pressenza.com\/es\/#\/schema\/logo\/image\/\",\"url\":\"https:\/\/www.pressenza.com\/wp-content\/uploads\/2022\/10\/pressenza_logo_200x200.jpg\",\"contentUrl\":\"https:\/\/www.pressenza.com\/wp-content\/uploads\/2022\/10\/pressenza_logo_200x200.jpg\",\"width\":200,\"height\":200,\"caption\":\"Pressenza\"},\"image\":{\"@id\":\"https:\/\/www.pressenza.com\/es\/#\/schema\/logo\/image\/\"},\"sameAs\":[\"https:\/\/www.facebook.com\/PressenzaItalia\",\"https:\/\/x.com\/PressenzaIPA\"]},{\"@type\":\"Person\",\"@id\":\"https:\/\/www.pressenza.com\/es\/#\/schema\/person\/62f77772bfcdd01e2cf156a471ba4ec5\",\"name\":\"Marcelo Trivelli\",\"description\":\"Engineer, consultant and columnist on current affairs, always providing a critical and reflective view that adds to the debate. Main topics: education, politics and society. He has held various positions, among others, in the public sector (former mayor of Santiago), in the third sector (founder and president of Fundaci\u00f3n Semilla) and also in the private sector as a director of companies.\",\"url\":\"https:\/\/www.pressenza.com\/es\/author\/marcelo-trivelli\/\"}]}<\/script>\n<!-- \/ Yoast SEO plugin. -->","yoast_head_json":{"title":"Facebook bajo escrutinio","description":"Una vez m\u00e1s la prensa est\u00e1 jugando un rol fundamental en poner bajo escrutinio la m\u00e1s grande empresa de redes sociales del mundo: Facebook, sobre la base","robots":{"index":"index","follow":"follow","max-snippet":"max-snippet:-1","max-image-preview":"max-image-preview:large","max-video-preview":"max-video-preview:-1"},"canonical":"https:\/\/www.pressenza.com\/es\/2021\/10\/facebook-bajo-escrutinio\/","og_locale":"es_ES","og_type":"article","og_title":"Facebook bajo escrutinio","og_description":"Una vez m\u00e1s la prensa est\u00e1 jugando un rol fundamental en poner bajo escrutinio la m\u00e1s grande empresa de redes sociales del mundo: Facebook, sobre la base","og_url":"https:\/\/www.pressenza.com\/es\/2021\/10\/facebook-bajo-escrutinio\/","og_site_name":"Pressenza","article_publisher":"https:\/\/www.facebook.com\/PressenzaItalia","article_published_time":"2021-10-27T19:58:18+00:00","og_image":[{"width":325,"height":325,"url":"https:\/\/www.pressenza.com\/wp-content\/uploads\/2021\/10\/fb_icon_325x325.png","type":"image\/png"}],"author":"Marcelo Trivelli","twitter_card":"summary_large_image","twitter_creator":"@PressenzaIPA","twitter_site":"@PressenzaIPA","twitter_misc":{"Escrito por":"Marcelo Trivelli","Tiempo de lectura":"3 minutos"},"schema":{"@context":"https:\/\/schema.org","@graph":[{"@type":"Article","@id":"https:\/\/www.pressenza.com\/es\/2021\/10\/facebook-bajo-escrutinio\/#article","isPartOf":{"@id":"https:\/\/www.pressenza.com\/es\/2021\/10\/facebook-bajo-escrutinio\/"},"author":{"name":"Marcelo Trivelli","@id":"https:\/\/www.pressenza.com\/es\/#\/schema\/person\/62f77772bfcdd01e2cf156a471ba4ec5"},"headline":"Facebook bajo escrutinio","datePublished":"2021-10-27T19:58:18+00:00","mainEntityOfPage":{"@id":"https:\/\/www.pressenza.com\/es\/2021\/10\/facebook-bajo-escrutinio\/"},"wordCount":559,"publisher":{"@id":"https:\/\/www.pressenza.com\/es\/#organization"},"image":{"@id":"https:\/\/www.pressenza.com\/es\/2021\/10\/facebook-bajo-escrutinio\/#primaryimage"},"thumbnailUrl":"https:\/\/www.pressenza.com\/wp-content\/uploads\/2021\/10\/fb_icon_325x325.png","keywords":["Facebook"],"articleSection":["Ciencia y Tecnolog\u00eda","Contenido Original","Opiniones","Sudam\u00e9rica"],"inLanguage":"es"},{"@type":"WebPage","@id":"https:\/\/www.pressenza.com\/es\/2021\/10\/facebook-bajo-escrutinio\/","url":"https:\/\/www.pressenza.com\/es\/2021\/10\/facebook-bajo-escrutinio\/","name":"Facebook bajo escrutinio","isPartOf":{"@id":"https:\/\/www.pressenza.com\/es\/#website"},"primaryImageOfPage":{"@id":"https:\/\/www.pressenza.com\/es\/2021\/10\/facebook-bajo-escrutinio\/#primaryimage"},"image":{"@id":"https:\/\/www.pressenza.com\/es\/2021\/10\/facebook-bajo-escrutinio\/#primaryimage"},"thumbnailUrl":"https:\/\/www.pressenza.com\/wp-content\/uploads\/2021\/10\/fb_icon_325x325.png","datePublished":"2021-10-27T19:58:18+00:00","description":"Una vez m\u00e1s la prensa est\u00e1 jugando un rol fundamental en poner bajo escrutinio la m\u00e1s grande empresa de redes sociales del mundo: Facebook, sobre la base","breadcrumb":{"@id":"https:\/\/www.pressenza.com\/es\/2021\/10\/facebook-bajo-escrutinio\/#breadcrumb"},"inLanguage":"es","potentialAction":[{"@type":"ReadAction","target":["https:\/\/www.pressenza.com\/es\/2021\/10\/facebook-bajo-escrutinio\/"]}]},{"@type":"ImageObject","inLanguage":"es","@id":"https:\/\/www.pressenza.com\/es\/2021\/10\/facebook-bajo-escrutinio\/#primaryimage","url":"https:\/\/www.pressenza.com\/wp-content\/uploads\/2021\/10\/fb_icon_325x325.png","contentUrl":"https:\/\/www.pressenza.com\/wp-content\/uploads\/2021\/10\/fb_icon_325x325.png","width":325,"height":325,"caption":"es.wikipedia.org"},{"@type":"BreadcrumbList","@id":"https:\/\/www.pressenza.com\/es\/2021\/10\/facebook-bajo-escrutinio\/#breadcrumb","itemListElement":[{"@type":"ListItem","position":1,"name":"Accueil","item":"https:\/\/www.pressenza.com\/es\/"},{"@type":"ListItem","position":2,"name":"Facebook bajo escrutinio"}]},{"@type":"WebSite","@id":"https:\/\/www.pressenza.com\/es\/#website","url":"https:\/\/www.pressenza.com\/es\/","name":"Pressenza","description":"International Press Agency","publisher":{"@id":"https:\/\/www.pressenza.com\/es\/#organization"},"potentialAction":[{"@type":"SearchAction","target":{"@type":"EntryPoint","urlTemplate":"https:\/\/www.pressenza.com\/es\/?s={search_term_string}"},"query-input":{"@type":"PropertyValueSpecification","valueRequired":true,"valueName":"search_term_string"}}],"inLanguage":"es"},{"@type":"Organization","@id":"https:\/\/www.pressenza.com\/es\/#organization","name":"Pressenza","url":"https:\/\/www.pressenza.com\/es\/","logo":{"@type":"ImageObject","inLanguage":"es","@id":"https:\/\/www.pressenza.com\/es\/#\/schema\/logo\/image\/","url":"https:\/\/www.pressenza.com\/wp-content\/uploads\/2022\/10\/pressenza_logo_200x200.jpg","contentUrl":"https:\/\/www.pressenza.com\/wp-content\/uploads\/2022\/10\/pressenza_logo_200x200.jpg","width":200,"height":200,"caption":"Pressenza"},"image":{"@id":"https:\/\/www.pressenza.com\/es\/#\/schema\/logo\/image\/"},"sameAs":["https:\/\/www.facebook.com\/PressenzaItalia","https:\/\/x.com\/PressenzaIPA"]},{"@type":"Person","@id":"https:\/\/www.pressenza.com\/es\/#\/schema\/person\/62f77772bfcdd01e2cf156a471ba4ec5","name":"Marcelo Trivelli","description":"Engineer, consultant and columnist on current affairs, always providing a critical and reflective view that adds to the debate. Main topics: education, politics and society. He has held various positions, among others, in the public sector (former mayor of Santiago), in the third sector (founder and president of Fundaci\u00f3n Semilla) and also in the private sector as a director of companies.","url":"https:\/\/www.pressenza.com\/es\/author\/marcelo-trivelli\/"}]}},"place":"Santiago de Chile","original_article_url":"","_links":{"self":[{"href":"https:\/\/www.pressenza.com\/es\/wp-json\/wp\/v2\/posts\/1459596","targetHints":{"allow":["GET"]}}],"collection":[{"href":"https:\/\/www.pressenza.com\/es\/wp-json\/wp\/v2\/posts"}],"about":[{"href":"https:\/\/www.pressenza.com\/es\/wp-json\/wp\/v2\/types\/post"}],"author":[{"embeddable":true,"href":"https:\/\/www.pressenza.com\/es\/wp-json\/wp\/v2\/users\/1907"}],"replies":[{"embeddable":true,"href":"https:\/\/www.pressenza.com\/es\/wp-json\/wp\/v2\/comments?post=1459596"}],"version-history":[{"count":0,"href":"https:\/\/www.pressenza.com\/es\/wp-json\/wp\/v2\/posts\/1459596\/revisions"}],"wp:featuredmedia":[{"embeddable":true,"href":"https:\/\/www.pressenza.com\/es\/wp-json\/wp\/v2\/media\/1459598"}],"wp:attachment":[{"href":"https:\/\/www.pressenza.com\/es\/wp-json\/wp\/v2\/media?parent=1459596"}],"wp:term":[{"taxonomy":"category","embeddable":true,"href":"https:\/\/www.pressenza.com\/es\/wp-json\/wp\/v2\/categories?post=1459596"},{"taxonomy":"post_tag","embeddable":true,"href":"https:\/\/www.pressenza.com\/es\/wp-json\/wp\/v2\/tags?post=1459596"}],"curies":[{"name":"wp","href":"https:\/\/api.w.org\/{rel}","templated":true}]}}