{"id":1459403,"date":"2021-10-27T12:51:21","date_gmt":"2021-10-27T11:51:21","guid":{"rendered":"https:\/\/www.pressenza.com\/?p=1459403"},"modified":"2021-10-27T12:51:21","modified_gmt":"2021-10-27T11:51:21","slug":"el-pueblo-mapuche-resiste-a-la-violencia-estatal-en-medio-de-operaciones-politicas-y-mediaticas","status":"publish","type":"post","link":"https:\/\/www.pressenza.com\/es\/2021\/10\/el-pueblo-mapuche-resiste-a-la-violencia-estatal-en-medio-de-operaciones-politicas-y-mediaticas\/","title":{"rendered":"El Pueblo Mapuche resiste a la violencia estatal en medio de operaciones pol\u00edticas y medi\u00e1ticas"},"content":{"rendered":"<p style=\"padding-left: 40px;\">El Consejo Nacional del Investigaciones Cient\u00edficas y T\u00e9cnicas (Conicet) y la Federaci\u00f3n Argentina de Trabajadores de Prensa (Fatpren) cuestionan los discursos medi\u00e1ticos y estatales racistas hacia los pueblos originarios que habitan la Patagonia. Reivindican los derechos de esas poblaciones y se advirti\u00f3 que la reproducci\u00f3n de mensajes racistas constituye un delito.<\/p>\n<p><a href=\"https:\/\/agenciatierraviva.com.ar\/\" target=\"_blank\" rel=\"noopener\">Agencia Tierra Viva<\/a><\/p>\n<p>El incendio en el Club Andino Piltriquitr\u00f3n en El Bols\u00f3n gener\u00f3 en la \u00faltima semana una \u201ccampa\u00f1a racista y estigmatizante\u201d contra el Pueblo Mapuche-Tehuelche, mientras se invisibiliz\u00f3 la militarizaci\u00f3n que sufre hace un mes el <a href=\"https:\/\/agenciatierraviva.com.ar\/el-pueblo-mapuche-resiste-la-avanzada-de-jueces-fiscales-y-empresarios\/\" target=\"_blank\" rel=\"noopener\">Lof Quemquemtrew<\/a>. As\u00ed calificaron la situaci\u00f3n un conjunto de equipos de investigaci\u00f3n pertenecientes a diferentes universidades, unidades ejecutoras y centros de investigaci\u00f3n del Consejo Nacional del Investigaciones Cient\u00edficas y T\u00e9cnicas (Conicet), que trabajan junto a las comunidades. Los acad\u00e9micos e investigadores se\u00f1alaron que ese incendio, como otros endilgados a las poblaciones, \u201cnada tiene que ver con las <a href=\"https:\/\/agenciatierraviva.com.ar\/el-pueblo-mapuche-mantiene-su-vitalidad-se-organiza-y-es-libre\/\">reivindicaciones hist\u00f3ricas<\/a>\u201d de los pueblos originarios y repudiaron \u201c<strong>el racismo, la ignorancia y los prejuicios que, tanto sectores del periodismo como de la funci\u00f3n p\u00fablica,<\/strong> sacaron a relucir contra todo el Pueblo Mapuche\u201d.<\/p>\n<p>El punto m\u00e1s alto de la campa\u00f1a medi\u00e1tica contra el Pueblo Mapuche la exhibi\u00f3 Canal 13 el domingo pasado, con la emisi\u00f3n del programa PPT, conducido por Jorge Lanata. La edici\u00f3n especial se titul\u00f3 \u201cIndios al ataque\u201d y la campa\u00f1a gr\u00e1fica que la promocion\u00f3 anticipaba la l\u00ednea editorial: \u00abSon los nuevos terroristas. Incendian y tienen en jaque a poblaciones enteras\u00bb. Durante el env\u00edo televisivo, se volvi\u00f3 a recurrir a la figura de la RAM -una supuesta organizaci\u00f3n armada que opera en la Patagonia-, tal como ocurri\u00f3 durante la gesti\u00f3n de Patricia Bullrich al frente del Ministerio de Seguridad.<\/p>\n<p>La Federaci\u00f3n Argentina de Trabajadores de Prensa (Fatpren) rechaz\u00f3 \u201clas manipulaciones medi\u00e1ticas para responsabilizar al Pueblo Mapuche\u201d. Adem\u00e1s, tild\u00f3 a los discursos racistas y persecutorios emitidos en los medios de comunicaci\u00f3n como \u201c<strong>burdas operaciones period\u00edsticas que construyen una agenda para perseguir y judicializar<\/strong> a las comunidades originarias que reclaman por sus derechos\u201d.<\/p>\n<blockquote class=\"twitter-tweet\">\n<p dir=\"ltr\" lang=\"es\">Hoy a las 22 <a href=\"https:\/\/twitter.com\/hashtag\/terrorenelsur?src=hash&amp;ref_src=twsrc%5Etfw\">#terrorenelsur<\/a> <a href=\"https:\/\/t.co\/lziBl5qzMz\">pic.twitter.com\/lziBl5qzMz<\/a><\/p>\n<p>\u2014 PPT (@PPT_oficial) <a href=\"https:\/\/twitter.com\/PPT_oficial\/status\/1452415598990807050?ref_src=twsrc%5Etfw\">October 24, 2021<\/a><\/p><\/blockquote>\n<p><script async src=\"https:\/\/platform.twitter.com\/widgets.js\" charset=\"utf-8\"><\/script><\/p>\n<p>En relaci\u00f3n a los mensajes estigmatizantes, en particular del programa conducido por Lanata, Fatpren record\u00f3 que la\u00a0<a href=\"http:\/\/servicios.infoleg.gob.ar\/infolegInternet\/anexos\/20000-24999\/20465\/texact.htm\">Ley 23.592<\/a>\u00a0<strong>califica como delito federal la propaganda del racismo y penaliza los actos discriminatorios por motivos como raza, religi\u00f3n, nacionalidad o ideolog\u00eda<\/strong>. Al respecto, hizo un llamado a las y los trabajadores de prensa a\u00a0<strong>\u201cno reproducir o compartir esta metodolog\u00eda completamente contraria a la labor y al oficio period\u00edstico\u201d<\/strong>.<\/p>\n<h3>\u00bfA qui\u00e9nes beneficia la campa\u00f1a de estigmatizaci\u00f3n?<\/h3>\n<p>Las llamas que consumieron el <strong>Club Andino Piltriquitr\u00f3n \u2014sin una investigaci\u00f3n judicial que haya aclarado responsabilidades\u2014<\/strong> encendieron una campa\u00f1a encabezada por la gobernadora de R\u00edo Negro, Arabela Carreras, quien r\u00e1pidamente calific\u00f3 los hechos de \u201cterroristas\u201d y responsabiliz\u00f3 a las comunidades originarias. <strong>La Naci\u00f3n, Clar\u00edn e Infobae se sumaron a la campa\u00f1a contra el Pueblo Mapuche<\/strong> tal como ocurri\u00f3 en los d\u00edas que rodearon los cr\u00edmenes de Santiago Maldonado y Rafael Nahuel; y como se repiti\u00f3 este verano cuando pol\u00edticos rionegrinos como Miguel Pichetto (PJ-PRO) y el ex gobernador y senador nacional Alberto, Weretilneck (Juntos Somos R\u00edo Negro), intentaron responsabilizar a las comunidades de los <a href=\"https:\/\/agenciatierraviva.com.ar\/el-parlamento-mapuche-repudio-las-acusaciones-infundadas-por-los-incendios\/\" target=\"_blank\" rel=\"noopener\">incendios que arrasaron con La Comarca<\/a>.<\/p>\n<p>La repetici\u00f3n de estas operaciones de prensa fueron contextualizadas, tanto en la carta p\u00fablica de los grupos de investigaci\u00f3n del Conicet como en el comunicado de Fatpren, en la <strong>demora del tratamiento por parte del Congreso de la pr\u00f3rroga de la <\/strong><a href=\"https:\/\/www.argentina.gob.ar\/derechoshumanos\/inai\/ley26160\"><strong>Ley 26.160<\/strong><\/a> de \u201cemergencia territorial ind\u00edgena\u201d. La carta de acad\u00e9micos e investigadores tambi\u00e9n advierte la <strong>cercan\u00eda de la campa\u00f1a contra el Pueblo Mapuche con la fecha de elecciones legislativas<\/strong>. La estrategia<a href=\"https:\/\/www.anred.org\/2021\/10\/18\/a-dos-anos-del-estallido-en-chile-pinera-decreta-otro-estamos-en-guerra\/\" target=\"_blank\" rel=\"noreferrer noopener\"> coincide con lo ocurrido al otro lado de la frontera, en Chile,<\/a> donde se aproximan las elecciones presidenciales. \u201cEllo nos lleva, como m\u00ednimo, a preguntarnos si no se trata de un \u2018escenario\u2019 ideal, montado para quienes obtienen un r\u00e9dito electoral a partir de la criminalizaci\u00f3n y estigmatizaci\u00f3n del \u2018otro\u2019\u201d, denuncian la C\u00e1tedra de Extensi\u00f3n Rural de la Universidad Nacional del Comahue (UNCO), el Grupo de Estudios sobre Producci\u00f3n de Estado, Alteridad y Conflicto en Norpatagonia (Conicet-Universidad de R\u00edo Negro), el Instituto Patag\u00f3nico de Estudios en Humanidades y Ciencias Sociales (Conicet-UNCO), el Instituto Patag\u00f3nico de Ciencias Sociales y Humanas (Conicet-Cenpat) y la Red de Investigadores\/as en Genocidio y Pol\u00edtica Ind\u00edgena en Argentina, entre otros grupos de investigadores.<\/p>\n<p>En ese tono, los especialistas subrayaron el rechazo a \u201ccualquier forma de violencia\u201d, pero indicaron que <strong>el hecho ocurrido en el Club Andino Piltriquitr\u00f3n \u201cnada tiene que ver con las reivindicaciones hist\u00f3ricas del pueblo mapuche\/mapuche-tehuelche, cuyo di\u00e1logo con la sociedad no ind\u00edgena se ha construido a lo largo de d\u00e9cadas<\/strong> sobre la base de mutuo enriquecimiento\u201d. Asimismo, reclamaron al Poder Judicial y los gobiernos de la provincia de R\u00edo Negro y de la Naci\u00f3n que \u201ccese toda forma de violencia\u201d y se haga efectivo el andamiaje de leyes y derechos que el Estado argentino reconoce a las comunidades. A saber:<\/p>\n<ul>\n<li>Art\u00edculo 75, inciso 17 de la Constituci\u00f3n Nacional, sobre el reconocimiento de la preexistencia \u00e9tnica y cultural de los pueblos ind\u00edgenas; y su r\u00e9plica en las constituciones provinciales<\/li>\n<li>Convenio 169 de la OIT<\/li>\n<li>La Declaraci\u00f3n de Naciones Unidas sobre los derechos de los Pueblos Ind\u00edgenas<\/li>\n<li>La Convenci\u00f3n Internacional sobre los derechos de Ni\u00f1os, Ni\u00f1as y Adolescentes<\/li>\n<li>Marco normativo nacional que refiere a los derechos del pueblo originario Mapuche, Mapuche-Tehuelche y los restantes pueblos<\/li>\n<\/ul>\n<p>\u201cAlentamos tambi\u00e9n a los legisladores nacionales a sancionar la pr\u00f3rroga de la Ley 26.160, actualmente en tratamiento en el Congreso y a dictar la Ley de Propiedad Comunitaria Ind\u00edgena\u201d, sentenciaron los especialistas.<\/p>\n<h3>Militarizaci\u00f3n de la Lof Quemquemtrew y violencia estatal en R\u00edo Negro<\/h3>\n<p>Mientras algunos grandes medios repitieron hasta el cansancio la palabra \u201cterrorismo\u201d a partir del incendio registrado en El Bols\u00f3n, en Cuesta del Ternero -pueblo ubicado a pocos kil\u00f3metros de esa localidad- continuaba <strong>el sitio por parte de la Polic\u00eda de R\u00edo Negro a la Lof Quemquemtrew<\/strong>. El 24 de septiembre, la fiscal de R\u00edo Negro Betiana Ced\u00f3n orden\u00f3 un pedido de \u201cidentificaci\u00f3n de personas\u201d que termin\u00f3 en un violento desalojo del territorio que la lof hab\u00eda recuperado seis d\u00edas antes.<\/p>\n<p>\u201cLlegaron los polic\u00edas, me apuntaron, me tiraron al piso, y me pusieron una rodilla en la espalda, quiero que todos sepan lo que estamos pasando\u201d, relat\u00f3 entonces Antu Morales, un ni\u00f1o mapuche de 8 a\u00f1os sobre aquel desalojo. Desde entonces, los Cuerpos de Operaciones Especiales y Rescate (COER) permanecieron en el lugar y los poderes Judicial y Ejecutivo rionegrino impidieron la ayuda humanitaria para los integrantes de la lof que quedaron en el lugar.\u00a0Tambi\u00e9n utilizan una escuela primaria, a la cual asisten ni\u00f1as y ni\u00f1os ind\u00edgenas, como base de operaciones policial.<\/p>\n<p>Ayer, el ministro de Relaciones Exteriores y Culto, Santiago Cafiero, <a href=\"https:\/\/www.pagina12.com.ar\/377281-comunidad-mapuche-de-cuesta-del-ternero-la-cidh-pidio-inform\" target=\"_blank\" rel=\"noreferrer noopener\">recibi\u00f3 una carta de la secretaria ejecutiva adjunta de la Corte Interamericana de Derechos Humanos<\/a> (CIDH) para que informe sobre la situaci\u00f3n del Pueblo Mapuche en la zona de Cuesta del Ternero. La misiva responde a una medida cautelar que las comunidades presentaron a fines de septiembre ante la Corte Internacional, para alertar sobre la situaci\u00f3n que estaban viviendo. M\u00e1s de un mes despu\u00e9s del desalojo, quienes resisten en el territorio -unas 20 personas- sufren tratos inhumanos y degradantes y est\u00e1n privados de alimento y abrigo ante la negativa estatal de acercarles ayuda humanitaria, seg\u00fan informan las poblaciones desde el lugar.<\/p>\n<p>Respecto de esa situaci\u00f3n, la carta p\u00fablica de los investigadores del Conicet denuncia \u201cla<strong> violaci\u00f3n de los derechos de ni\u00f1os, ni\u00f1as y adolescentes<\/strong>\u201d, los \u201c<strong>innumerables actos de violencia por parte de las fuerzas de seguridad contra pobladores pac\u00edficos<\/strong>, incluyendo la violencia f\u00edsica contra mujeres, ni\u00f1os y ni\u00f1as\u201d, y \u201cla <strong>ocupaci\u00f3n y utilizaci\u00f3n de la escuela 211 como base policial<\/strong>, generando una situaci\u00f3n de avasallamiento de los derechos de las infancias y de toda la comunidad educativa\u201d.<\/p>\n<p>Los investigadores calificaron la situaci\u00f3n que se vive en Cuesta del Ternero como un \u201cvirtual sitio a la comunidad, ejecutado por las fuerzas de seguridad provinciales con el fin de acorralar por el hambre y el fr\u00edo a sus habitantes, provocando da\u00f1os intencionales a un grupo de personas\u201d. En ese sentido, denunciaron la actitud de la fuerza policial dirigida por <strong>la gobernadora Carreras de atribuirse \u201cla potestad de castigar a un grupo humano sobre el cual no se ha expedido la justicia<\/strong> ni se visualiza tampoco un inter\u00e9s genuino por parte del poder pol\u00edtico de dilucidar la situaci\u00f3n\u201d.<\/p>\n<p>Los voceros del Pueblo Mapuche denunciaron que la actuaci\u00f3n judicial de la fiscal Ced\u00f3n responde a los intereses del empresario Rolando Rocco, quien usufruct\u00faa las tierras fiscales recuperadas por la Lof. Rocco lo hace a trav\u00e9s de un permiso provincial para avanzar con el <a href=\"https:\/\/agenciatierraviva.com.ar\/incendios-en-el-bolson-8-500-hectareas-bajo-fuego-y-crisis-en-las-zonas-rurales\/\" target=\"_blank\" rel=\"noopener\">monocultivo de pinos<\/a>, que fueron una de las claves en los grandes incendios registrados en enero pasado en la <a href=\"https:\/\/agenciatierraviva.com.ar\/el-bolson-familias-productoras-afectadas-por-el-incendio-reclaman-asistencia-del-estado\/\" target=\"_blank\" rel=\"noopener\">Cuesta del Ternero<\/a>. Oficialmente, fueron atribuidos a un foco \u00edgneo mal apagado.<\/p>\n<h3>Falacias medi\u00e1ticas e hist\u00f3ricas\u00a0contra el Pueblo Mapuche<\/h3>\n<p>La carta de los investigadores del Conicet no solo analiza la coincidencia temporal de la campa\u00f1a medi\u00e1tica contra el Pueblo Mapuche con la proximidad de las elecciones legislativas y el proceso de debate parlamentario de la pr\u00f3rroga del ordenamiento territorial ind\u00edgena, sino tambi\u00e9n la intenci\u00f3n de convertir a esa poblaci\u00f3n <strong>en un \u201cchivo expiatorio\u201d. El objetivo, entienden, es \u201csacar el foco sobre la falta de soluciones a los problemas\u201d<\/strong> econ\u00f3micos y sociales agravados por la pandemia de Covid-19.<\/p>\n<p>\u201cComo es habitual en estas situaciones, <strong>comienzan a circular una serie de falacias, tergiversaciones y discursos estigmatizantes que buscan generar sentimientos de odio<\/strong> y racismo en vastos sectores de la poblaci\u00f3n\u201d, advierten los especialistas en su carta. Denuncian \u201cla gravedad de algunos mensajes medi\u00e1ticos que intentan imponer la idea de \u2018amenaza\u2019\u201d.<\/p>\n<p>Los grupos de investigaci\u00f3n del Conicet describieron en su carta <strong>las falacias reproducidas por los medios en torno al Pueblo Mapuche-Tehuelche<\/strong>, entre ellas, las que <strong>niegan la preexistencia de ese pueblo en territorio argentino<\/strong> y \u201cclasifican en t\u00e9rminos nacionales a pueblos ind\u00edgenas que exist\u00edan con anterioridad a la creaci\u00f3n reciente de las naciones y hablan de una supuesta invasi\u00f3n en sentido oeste-este, negando procesos muy complejos, de gran profundidad temporal\u201d.<\/p>\n<p>Los cient\u00edficos recuerdan la existencia de los partes de campa\u00f1a escritos por los militares que efectuaron el avance violento sobre esos territorios; ponen como ejemplo la documentaci\u00f3n sobre la zona en conflicto en las actuales Cuesta del Ternero y Villa Mascardi. Tambi\u00e9n citan que \u00abcerca de la zona de conflicto, <strong>al norte del lago Nahuel Huapi hay testimonios escritos de la presencia de caciques pehuenches (parcialidad del Pueblo Mapuche) hacia fines del 1700<\/strong>\u201d.<\/p>\n<p>El documento firmado por la comunidad cient\u00edfica recuerda que, en la zona de Bariloche, diferentes evidencias, memorias ind\u00edgenas y documentos estatales indican que desde 1870 ya estaban asentadas algunas de las actuales comunidades. \u00abEs decir, varias d\u00e9cadas antes de la efectiva presencia del Estado y de la consolidaci\u00f3n de la frontera, violando los pactos firmados entre el Estado y los caciques que se reconoc\u00edan como autoridades en la Pampa y la Patagonia argentina\u00bb, contextualizan. Para el Conicet, estos hechos \u00abtestimonian c\u00f3mo expulsaron hacia Chile a los mapuche que habitaban el sur argentino\u00bb.<\/p>\n<p>La carta p\u00fablica replica otro enunciado repetido en los medios de comunicaci\u00f3n y las declaraciones pol\u00edticas que buscan poner duda el car\u00e1cter \u201coriginario\u201d del Pueblo Mapuche, recurriendo al argumento \u201clargamente refutado, que afirma que presuntamente \u2018los mapuche exterminaron a los tehuelche\u2019\u201d.<\/p>\n<p>\u201cNo hay ninguna evidencia cient\u00edfica que permita confirmar esta falacia, desmentida por diversas cr\u00f3nicas hist\u00f3ricas que aluden a sus relaciones comerciales y parentales y por la hist\u00f3rica convivencia entre mapuches y tehuelches en las provincias de Chubut, R\u00edo Negro y Santa Cruz\u201d, ratifican los investigadores del Conicet. Insisten, as\u00ed, en la necesidad de reconocer la preexistencia de ese pueblo y escuchar el reclamo de sus derechos sobre las tierras.<\/p>\n","protected":false},"excerpt":{"rendered":"<p>El Consejo Nacional del Investigaciones Cient\u00edficas y T\u00e9cnicas (Conicet) y la Federaci\u00f3n Argentina de Trabajadores de Prensa (Fatpren) cuestionan los discursos medi\u00e1ticos y estatales racistas hacia los pueblos originarios que habitan la Patagonia. Reivindican los derechos de esas poblaciones y&hellip;<\/p>\n","protected":false},"author":1254,"featured_media":1459404,"comment_status":"closed","ping_status":"closed","sticky":false,"template":"","format":"standard","meta":{"footnotes":""},"categories":[80,67],"tags":[54082,26584,936,22210,18507,4234],"class_list":["post-1459403","post","type-post","status-publish","format-standard","has-post-thumbnail","hentry","category-pueblos-originarios","category-sudamerica","tag-indigenas-es","tag-mapuce","tag-mapuche-es","tag-pueblos-originarios","tag-territorios","tag-terrorismo-de-estado"],"yoast_head":"<!-- This site is optimized with the Yoast SEO plugin v27.1.1 - https:\/\/yoast.com\/product\/yoast-seo-wordpress\/ -->\n<title>El Pueblo Mapuche resiste a la violencia estatal en medio de operaciones pol\u00edticas y medi\u00e1ticas<\/title>\n<meta name=\"description\" content=\"El Consejo Nacional del Investigaciones Cient\u00edficas y T\u00e9cnicas (Conicet) y la Federaci\u00f3n Argentina de Trabajadores de Prensa (Fatpren) cuestionan los\" \/>\n<meta name=\"robots\" content=\"index, follow, max-snippet:-1, max-image-preview:large, max-video-preview:-1\" \/>\n<link rel=\"canonical\" href=\"https:\/\/www.pressenza.com\/es\/2021\/10\/el-pueblo-mapuche-resiste-a-la-violencia-estatal-en-medio-de-operaciones-politicas-y-mediaticas\/\" \/>\n<meta property=\"og:locale\" content=\"es_ES\" \/>\n<meta property=\"og:type\" content=\"article\" \/>\n<meta property=\"og:title\" content=\"El Pueblo Mapuche resiste a la violencia estatal en medio de operaciones pol\u00edticas y medi\u00e1ticas\" \/>\n<meta property=\"og:description\" content=\"El Consejo Nacional del Investigaciones Cient\u00edficas y T\u00e9cnicas (Conicet) y la Federaci\u00f3n Argentina de Trabajadores de Prensa (Fatpren) cuestionan los\" \/>\n<meta property=\"og:url\" content=\"https:\/\/www.pressenza.com\/es\/2021\/10\/el-pueblo-mapuche-resiste-a-la-violencia-estatal-en-medio-de-operaciones-politicas-y-mediaticas\/\" \/>\n<meta property=\"og:site_name\" content=\"Pressenza\" \/>\n<meta property=\"article:publisher\" content=\"https:\/\/www.facebook.com\/PressenzaItalia\" \/>\n<meta property=\"article:author\" content=\"https:\/\/www.facebook.com\/pressenza\" \/>\n<meta property=\"article:published_time\" content=\"2021-10-27T11:51:21+00:00\" \/>\n<meta property=\"og:image\" content=\"https:\/\/www.pressenza.com\/wp-content\/uploads\/2021\/10\/mapuches-Negro-Rami\u0301rez.jpg\" \/>\n\t<meta property=\"og:image:width\" content=\"858\" \/>\n\t<meta property=\"og:image:height\" content=\"534\" \/>\n\t<meta property=\"og:image:type\" content=\"image\/jpeg\" \/>\n<meta name=\"author\" content=\"Redacci\u00f3n Mar del Plata\" \/>\n<meta name=\"twitter:card\" content=\"summary_large_image\" \/>\n<meta name=\"twitter:creator\" content=\"@Pressenza\" \/>\n<meta name=\"twitter:site\" content=\"@PressenzaIPA\" \/>\n<meta name=\"twitter:label1\" content=\"Escrito por\" \/>\n\t<meta name=\"twitter:data1\" content=\"Redacci\u00f3n Mar del Plata\" \/>\n\t<meta name=\"twitter:label2\" content=\"Tiempo de lectura\" \/>\n\t<meta name=\"twitter:data2\" content=\"11 minutos\" \/>\n<script type=\"application\/ld+json\" class=\"yoast-schema-graph\">{\"@context\":\"https:\/\/schema.org\",\"@graph\":[{\"@type\":\"Article\",\"@id\":\"https:\/\/www.pressenza.com\/es\/2021\/10\/el-pueblo-mapuche-resiste-a-la-violencia-estatal-en-medio-de-operaciones-politicas-y-mediaticas\/#article\",\"isPartOf\":{\"@id\":\"https:\/\/www.pressenza.com\/es\/2021\/10\/el-pueblo-mapuche-resiste-a-la-violencia-estatal-en-medio-de-operaciones-politicas-y-mediaticas\/\"},\"author\":{\"name\":\"Redacci\u00f3n Mar del Plata\",\"@id\":\"https:\/\/www.pressenza.com\/es\/#\/schema\/person\/738658b5125ecea661a8a0b96dba8b69\"},\"headline\":\"El Pueblo Mapuche resiste a la violencia estatal en medio de operaciones pol\u00edticas y medi\u00e1ticas\",\"datePublished\":\"2021-10-27T11:51:21+00:00\",\"mainEntityOfPage\":{\"@id\":\"https:\/\/www.pressenza.com\/es\/2021\/10\/el-pueblo-mapuche-resiste-a-la-violencia-estatal-en-medio-de-operaciones-politicas-y-mediaticas\/\"},\"wordCount\":2129,\"publisher\":{\"@id\":\"https:\/\/www.pressenza.com\/es\/#organization\"},\"image\":{\"@id\":\"https:\/\/www.pressenza.com\/es\/2021\/10\/el-pueblo-mapuche-resiste-a-la-violencia-estatal-en-medio-de-operaciones-politicas-y-mediaticas\/#primaryimage\"},\"thumbnailUrl\":\"https:\/\/www.pressenza.com\/wp-content\/uploads\/2021\/10\/mapuches-Negro-Rami\u0301rez.jpg\",\"keywords\":[\"indigenas\",\"mapuce\",\"mapuche\",\"Pueblos Originarios\",\"territorios\",\"Terrorismo de Estado\"],\"articleSection\":[\"Pueblos Originarios\",\"Sudam\u00e9rica\"],\"inLanguage\":\"es\"},{\"@type\":\"WebPage\",\"@id\":\"https:\/\/www.pressenza.com\/es\/2021\/10\/el-pueblo-mapuche-resiste-a-la-violencia-estatal-en-medio-de-operaciones-politicas-y-mediaticas\/\",\"url\":\"https:\/\/www.pressenza.com\/es\/2021\/10\/el-pueblo-mapuche-resiste-a-la-violencia-estatal-en-medio-de-operaciones-politicas-y-mediaticas\/\",\"name\":\"El Pueblo Mapuche resiste a la violencia estatal en medio de operaciones pol\u00edticas y medi\u00e1ticas\",\"isPartOf\":{\"@id\":\"https:\/\/www.pressenza.com\/es\/#website\"},\"primaryImageOfPage\":{\"@id\":\"https:\/\/www.pressenza.com\/es\/2021\/10\/el-pueblo-mapuche-resiste-a-la-violencia-estatal-en-medio-de-operaciones-politicas-y-mediaticas\/#primaryimage\"},\"image\":{\"@id\":\"https:\/\/www.pressenza.com\/es\/2021\/10\/el-pueblo-mapuche-resiste-a-la-violencia-estatal-en-medio-de-operaciones-politicas-y-mediaticas\/#primaryimage\"},\"thumbnailUrl\":\"https:\/\/www.pressenza.com\/wp-content\/uploads\/2021\/10\/mapuches-Negro-Rami\u0301rez.jpg\",\"datePublished\":\"2021-10-27T11:51:21+00:00\",\"description\":\"El Consejo Nacional del Investigaciones Cient\u00edficas y T\u00e9cnicas (Conicet) y la Federaci\u00f3n Argentina de Trabajadores de Prensa (Fatpren) cuestionan los\",\"breadcrumb\":{\"@id\":\"https:\/\/www.pressenza.com\/es\/2021\/10\/el-pueblo-mapuche-resiste-a-la-violencia-estatal-en-medio-de-operaciones-politicas-y-mediaticas\/#breadcrumb\"},\"inLanguage\":\"es\",\"potentialAction\":[{\"@type\":\"ReadAction\",\"target\":[\"https:\/\/www.pressenza.com\/es\/2021\/10\/el-pueblo-mapuche-resiste-a-la-violencia-estatal-en-medio-de-operaciones-politicas-y-mediaticas\/\"]}]},{\"@type\":\"ImageObject\",\"inLanguage\":\"es\",\"@id\":\"https:\/\/www.pressenza.com\/es\/2021\/10\/el-pueblo-mapuche-resiste-a-la-violencia-estatal-en-medio-de-operaciones-politicas-y-mediaticas\/#primaryimage\",\"url\":\"https:\/\/www.pressenza.com\/wp-content\/uploads\/2021\/10\/mapuches-Negro-Rami\u0301rez.jpg\",\"contentUrl\":\"https:\/\/www.pressenza.com\/wp-content\/uploads\/2021\/10\/mapuches-Negro-Rami\u0301rez.jpg\",\"width\":858,\"height\":534},{\"@type\":\"BreadcrumbList\",\"@id\":\"https:\/\/www.pressenza.com\/es\/2021\/10\/el-pueblo-mapuche-resiste-a-la-violencia-estatal-en-medio-de-operaciones-politicas-y-mediaticas\/#breadcrumb\",\"itemListElement\":[{\"@type\":\"ListItem\",\"position\":1,\"name\":\"Accueil\",\"item\":\"https:\/\/www.pressenza.com\/es\/\"},{\"@type\":\"ListItem\",\"position\":2,\"name\":\"El Pueblo Mapuche resiste a la violencia estatal en medio de operaciones pol\u00edticas y medi\u00e1ticas\"}]},{\"@type\":\"WebSite\",\"@id\":\"https:\/\/www.pressenza.com\/es\/#website\",\"url\":\"https:\/\/www.pressenza.com\/es\/\",\"name\":\"Pressenza\",\"description\":\"International Press Agency\",\"publisher\":{\"@id\":\"https:\/\/www.pressenza.com\/es\/#organization\"},\"potentialAction\":[{\"@type\":\"SearchAction\",\"target\":{\"@type\":\"EntryPoint\",\"urlTemplate\":\"https:\/\/www.pressenza.com\/es\/?s={search_term_string}\"},\"query-input\":{\"@type\":\"PropertyValueSpecification\",\"valueRequired\":true,\"valueName\":\"search_term_string\"}}],\"inLanguage\":\"es\"},{\"@type\":\"Organization\",\"@id\":\"https:\/\/www.pressenza.com\/es\/#organization\",\"name\":\"Pressenza\",\"url\":\"https:\/\/www.pressenza.com\/es\/\",\"logo\":{\"@type\":\"ImageObject\",\"inLanguage\":\"es\",\"@id\":\"https:\/\/www.pressenza.com\/es\/#\/schema\/logo\/image\/\",\"url\":\"https:\/\/www.pressenza.com\/wp-content\/uploads\/2022\/10\/pressenza_logo_200x200.jpg\",\"contentUrl\":\"https:\/\/www.pressenza.com\/wp-content\/uploads\/2022\/10\/pressenza_logo_200x200.jpg\",\"width\":200,\"height\":200,\"caption\":\"Pressenza\"},\"image\":{\"@id\":\"https:\/\/www.pressenza.com\/es\/#\/schema\/logo\/image\/\"},\"sameAs\":[\"https:\/\/www.facebook.com\/PressenzaItalia\",\"https:\/\/x.com\/PressenzaIPA\"]},{\"@type\":\"Person\",\"@id\":\"https:\/\/www.pressenza.com\/es\/#\/schema\/person\/738658b5125ecea661a8a0b96dba8b69\",\"name\":\"Redacci\u00f3n Mar del Plata\",\"description\":\"News published by the Pressenza bureau in Mar Del Plata, Argentina\",\"sameAs\":[\"https:\/\/www.facebook.com\/pressenza\",\"https:\/\/x.com\/Pressenza\"],\"url\":\"https:\/\/www.pressenza.com\/es\/author\/redaccion-mar-del-plata\/\"}]}<\/script>\n<!-- \/ Yoast SEO plugin. -->","yoast_head_json":{"title":"El Pueblo Mapuche resiste a la violencia estatal en medio de operaciones pol\u00edticas y medi\u00e1ticas","description":"El Consejo Nacional del Investigaciones Cient\u00edficas y T\u00e9cnicas (Conicet) y la Federaci\u00f3n Argentina de Trabajadores de Prensa (Fatpren) cuestionan los","robots":{"index":"index","follow":"follow","max-snippet":"max-snippet:-1","max-image-preview":"max-image-preview:large","max-video-preview":"max-video-preview:-1"},"canonical":"https:\/\/www.pressenza.com\/es\/2021\/10\/el-pueblo-mapuche-resiste-a-la-violencia-estatal-en-medio-de-operaciones-politicas-y-mediaticas\/","og_locale":"es_ES","og_type":"article","og_title":"El Pueblo Mapuche resiste a la violencia estatal en medio de operaciones pol\u00edticas y medi\u00e1ticas","og_description":"El Consejo Nacional del Investigaciones Cient\u00edficas y T\u00e9cnicas (Conicet) y la Federaci\u00f3n Argentina de Trabajadores de Prensa (Fatpren) cuestionan los","og_url":"https:\/\/www.pressenza.com\/es\/2021\/10\/el-pueblo-mapuche-resiste-a-la-violencia-estatal-en-medio-de-operaciones-politicas-y-mediaticas\/","og_site_name":"Pressenza","article_publisher":"https:\/\/www.facebook.com\/PressenzaItalia","article_author":"https:\/\/www.facebook.com\/pressenza","article_published_time":"2021-10-27T11:51:21+00:00","og_image":[{"width":858,"height":534,"url":"https:\/\/www.pressenza.com\/wp-content\/uploads\/2021\/10\/mapuches-Negro-Rami\u0301rez.jpg","type":"image\/jpeg"}],"author":"Redacci\u00f3n Mar del Plata","twitter_card":"summary_large_image","twitter_creator":"@Pressenza","twitter_site":"@PressenzaIPA","twitter_misc":{"Escrito por":"Redacci\u00f3n Mar del Plata","Tiempo de lectura":"11 minutos"},"schema":{"@context":"https:\/\/schema.org","@graph":[{"@type":"Article","@id":"https:\/\/www.pressenza.com\/es\/2021\/10\/el-pueblo-mapuche-resiste-a-la-violencia-estatal-en-medio-de-operaciones-politicas-y-mediaticas\/#article","isPartOf":{"@id":"https:\/\/www.pressenza.com\/es\/2021\/10\/el-pueblo-mapuche-resiste-a-la-violencia-estatal-en-medio-de-operaciones-politicas-y-mediaticas\/"},"author":{"name":"Redacci\u00f3n Mar del Plata","@id":"https:\/\/www.pressenza.com\/es\/#\/schema\/person\/738658b5125ecea661a8a0b96dba8b69"},"headline":"El Pueblo Mapuche resiste a la violencia estatal en medio de operaciones pol\u00edticas y medi\u00e1ticas","datePublished":"2021-10-27T11:51:21+00:00","mainEntityOfPage":{"@id":"https:\/\/www.pressenza.com\/es\/2021\/10\/el-pueblo-mapuche-resiste-a-la-violencia-estatal-en-medio-de-operaciones-politicas-y-mediaticas\/"},"wordCount":2129,"publisher":{"@id":"https:\/\/www.pressenza.com\/es\/#organization"},"image":{"@id":"https:\/\/www.pressenza.com\/es\/2021\/10\/el-pueblo-mapuche-resiste-a-la-violencia-estatal-en-medio-de-operaciones-politicas-y-mediaticas\/#primaryimage"},"thumbnailUrl":"https:\/\/www.pressenza.com\/wp-content\/uploads\/2021\/10\/mapuches-Negro-Rami\u0301rez.jpg","keywords":["indigenas","mapuce","mapuche","Pueblos Originarios","territorios","Terrorismo de Estado"],"articleSection":["Pueblos Originarios","Sudam\u00e9rica"],"inLanguage":"es"},{"@type":"WebPage","@id":"https:\/\/www.pressenza.com\/es\/2021\/10\/el-pueblo-mapuche-resiste-a-la-violencia-estatal-en-medio-de-operaciones-politicas-y-mediaticas\/","url":"https:\/\/www.pressenza.com\/es\/2021\/10\/el-pueblo-mapuche-resiste-a-la-violencia-estatal-en-medio-de-operaciones-politicas-y-mediaticas\/","name":"El Pueblo Mapuche resiste a la violencia estatal en medio de operaciones pol\u00edticas y medi\u00e1ticas","isPartOf":{"@id":"https:\/\/www.pressenza.com\/es\/#website"},"primaryImageOfPage":{"@id":"https:\/\/www.pressenza.com\/es\/2021\/10\/el-pueblo-mapuche-resiste-a-la-violencia-estatal-en-medio-de-operaciones-politicas-y-mediaticas\/#primaryimage"},"image":{"@id":"https:\/\/www.pressenza.com\/es\/2021\/10\/el-pueblo-mapuche-resiste-a-la-violencia-estatal-en-medio-de-operaciones-politicas-y-mediaticas\/#primaryimage"},"thumbnailUrl":"https:\/\/www.pressenza.com\/wp-content\/uploads\/2021\/10\/mapuches-Negro-Rami\u0301rez.jpg","datePublished":"2021-10-27T11:51:21+00:00","description":"El Consejo Nacional del Investigaciones Cient\u00edficas y T\u00e9cnicas (Conicet) y la Federaci\u00f3n Argentina de Trabajadores de Prensa (Fatpren) cuestionan los","breadcrumb":{"@id":"https:\/\/www.pressenza.com\/es\/2021\/10\/el-pueblo-mapuche-resiste-a-la-violencia-estatal-en-medio-de-operaciones-politicas-y-mediaticas\/#breadcrumb"},"inLanguage":"es","potentialAction":[{"@type":"ReadAction","target":["https:\/\/www.pressenza.com\/es\/2021\/10\/el-pueblo-mapuche-resiste-a-la-violencia-estatal-en-medio-de-operaciones-politicas-y-mediaticas\/"]}]},{"@type":"ImageObject","inLanguage":"es","@id":"https:\/\/www.pressenza.com\/es\/2021\/10\/el-pueblo-mapuche-resiste-a-la-violencia-estatal-en-medio-de-operaciones-politicas-y-mediaticas\/#primaryimage","url":"https:\/\/www.pressenza.com\/wp-content\/uploads\/2021\/10\/mapuches-Negro-Rami\u0301rez.jpg","contentUrl":"https:\/\/www.pressenza.com\/wp-content\/uploads\/2021\/10\/mapuches-Negro-Rami\u0301rez.jpg","width":858,"height":534},{"@type":"BreadcrumbList","@id":"https:\/\/www.pressenza.com\/es\/2021\/10\/el-pueblo-mapuche-resiste-a-la-violencia-estatal-en-medio-de-operaciones-politicas-y-mediaticas\/#breadcrumb","itemListElement":[{"@type":"ListItem","position":1,"name":"Accueil","item":"https:\/\/www.pressenza.com\/es\/"},{"@type":"ListItem","position":2,"name":"El Pueblo Mapuche resiste a la violencia estatal en medio de operaciones pol\u00edticas y medi\u00e1ticas"}]},{"@type":"WebSite","@id":"https:\/\/www.pressenza.com\/es\/#website","url":"https:\/\/www.pressenza.com\/es\/","name":"Pressenza","description":"International Press Agency","publisher":{"@id":"https:\/\/www.pressenza.com\/es\/#organization"},"potentialAction":[{"@type":"SearchAction","target":{"@type":"EntryPoint","urlTemplate":"https:\/\/www.pressenza.com\/es\/?s={search_term_string}"},"query-input":{"@type":"PropertyValueSpecification","valueRequired":true,"valueName":"search_term_string"}}],"inLanguage":"es"},{"@type":"Organization","@id":"https:\/\/www.pressenza.com\/es\/#organization","name":"Pressenza","url":"https:\/\/www.pressenza.com\/es\/","logo":{"@type":"ImageObject","inLanguage":"es","@id":"https:\/\/www.pressenza.com\/es\/#\/schema\/logo\/image\/","url":"https:\/\/www.pressenza.com\/wp-content\/uploads\/2022\/10\/pressenza_logo_200x200.jpg","contentUrl":"https:\/\/www.pressenza.com\/wp-content\/uploads\/2022\/10\/pressenza_logo_200x200.jpg","width":200,"height":200,"caption":"Pressenza"},"image":{"@id":"https:\/\/www.pressenza.com\/es\/#\/schema\/logo\/image\/"},"sameAs":["https:\/\/www.facebook.com\/PressenzaItalia","https:\/\/x.com\/PressenzaIPA"]},{"@type":"Person","@id":"https:\/\/www.pressenza.com\/es\/#\/schema\/person\/738658b5125ecea661a8a0b96dba8b69","name":"Redacci\u00f3n Mar del Plata","description":"News published by the Pressenza bureau in Mar Del Plata, Argentina","sameAs":["https:\/\/www.facebook.com\/pressenza","https:\/\/x.com\/Pressenza"],"url":"https:\/\/www.pressenza.com\/es\/author\/redaccion-mar-del-plata\/"}]}},"place":"Argentina","original_article_url":"https:\/\/agenciatierraviva.com.ar\/el-pueblo-mapuche-resiste-a-la-violencia-estatal-en-medio-de-operaciones-politicas-y-mediaticas\/","_links":{"self":[{"href":"https:\/\/www.pressenza.com\/es\/wp-json\/wp\/v2\/posts\/1459403","targetHints":{"allow":["GET"]}}],"collection":[{"href":"https:\/\/www.pressenza.com\/es\/wp-json\/wp\/v2\/posts"}],"about":[{"href":"https:\/\/www.pressenza.com\/es\/wp-json\/wp\/v2\/types\/post"}],"author":[{"embeddable":true,"href":"https:\/\/www.pressenza.com\/es\/wp-json\/wp\/v2\/users\/1254"}],"replies":[{"embeddable":true,"href":"https:\/\/www.pressenza.com\/es\/wp-json\/wp\/v2\/comments?post=1459403"}],"version-history":[{"count":0,"href":"https:\/\/www.pressenza.com\/es\/wp-json\/wp\/v2\/posts\/1459403\/revisions"}],"wp:featuredmedia":[{"embeddable":true,"href":"https:\/\/www.pressenza.com\/es\/wp-json\/wp\/v2\/media\/1459404"}],"wp:attachment":[{"href":"https:\/\/www.pressenza.com\/es\/wp-json\/wp\/v2\/media?parent=1459403"}],"wp:term":[{"taxonomy":"category","embeddable":true,"href":"https:\/\/www.pressenza.com\/es\/wp-json\/wp\/v2\/categories?post=1459403"},{"taxonomy":"post_tag","embeddable":true,"href":"https:\/\/www.pressenza.com\/es\/wp-json\/wp\/v2\/tags?post=1459403"}],"curies":[{"name":"wp","href":"https:\/\/api.w.org\/{rel}","templated":true}]}}