{"id":1458,"date":"2009-09-29T00:00:00","date_gmt":"2009-09-29T00:00:00","guid":{"rendered":""},"modified":"2009-09-30T03:41:27","modified_gmt":"2009-09-30T03:41:27","slug":"hacia-un-sistema-de-justicia-transparente","status":"publish","type":"post","link":"https:\/\/www.pressenza.com\/es\/2009\/09\/hacia-un-sistema-de-justicia-transparente\/","title":{"rendered":"Hacia un sistema de justicia transparente"},"content":{"rendered":"<p>Esta I Jornada de e-Justicia para profesionales de la informaci\u00f3n en el campo de la justicia, que se ha desarrollado entre Trujillo y M\u00e9jico D.F. y con casi 2000 personas conectadas a trav\u00e9s de videoconferencia, ha tenido como objetivo acercar la justicia a los sectores m\u00e1s desfavorecidos (inmigrantes, discapacitados&#8230;) a trav\u00e9s de medios inform\u00e1ticos.  <\/p>\n<p>El evento ha sido organizado por la Fundaci\u00f3n Ciencias de la Documentaci\u00f3n, el Centro Extreme\u00f1o de Tecnolog\u00edas Avanzadas  y el Tribunal Electoral del Poder Judicial de la Federaci\u00f3n de M\u00e9xico y ha contado con la participaci\u00f3n de personas en 25 pa\u00edses conectadas v\u00eda internet. <\/p>\n<p>Durante la Jornada se habl\u00f3 de derecho, el acercamiento de la poblaci\u00f3n a la justicia a trav\u00e9s de las nuevas tecnolog\u00eds y se cerr\u00f3 con una intervenci\u00f3n sobre las relaciones entre la justicia y la Marcha Mundial por la Paz y la No Violencia. Esta ponencia fue defendida por Jos\u00e9 Mu\u00f1oz Felipe, uno de los miembros coordinadores de la citada Marcha, que comenzar\u00e1 el pr\u00f3ximo 2 de octubre y que recorrer\u00e1 m\u00e1s de noventa pa\u00edses. <\/p>\n<p>Jos\u00e9 Manuel Mu\u00f1oz Felipe cerr\u00f3  su intervenci\u00f3n con estas palabras:\u201dOjala podamos crear conciencia y que, al esclarecer, cambie tanto el sentido com\u00fan que nunca m\u00e1s sea posible legislar actos de aniquilaci\u00f3n de unos hombres sobre otros hombres; mejor a\u00fan, que todo se trasforme y haya que legislar el nacimiento de la primera naci\u00f3n humana universal\u201d. <\/p>\n<p>Ver video:<br \/>\n<a href=\"http:\/\/es.video.yahoo.com\/watch\/6066008\/15762988\"><br \/>\neJusticia en Trujillo<br \/>\n<\/a><\/p>\n","protected":false},"excerpt":{"rendered":"<p>Jos\u00e9 Manuel Mu\u00f1oz Felipe, coordinador para Espa\u00f1a de la Marcha por la Paz, cerr\u00f3 la I Jornada de e-Justicia, con una exposici\u00f3n sobre la ley, el poder y los derechos humanos. Esta Jornada se ha desarrollado presencialmente entre Trujillo (Espa\u00f1a) y M\u00e9xico D.F. (M\u00e9xico) y han participado en ella virtualmente casi 2000 personas de 25 pa\u00edses. <\/p>\n","protected":false},"author":19,"featured_media":0,"comment_status":"closed","ping_status":"open","sticky":false,"template":"","format":"standard","meta":{"footnotes":""},"categories":[75,66,39],"tags":[],"class_list":["post-1458","post","type-post","status-publish","format-standard","hentry","category-cultura-es","category-europa-es","category-internacional"],"yoast_head":"<!-- This site is optimized with the Yoast SEO plugin v27.1.1 - https:\/\/yoast.com\/product\/yoast-seo-wordpress\/ -->\n<title>Hacia un sistema de justicia transparente<\/title>\n<meta name=\"description\" content=\"Jos\u00e9 Manuel Mu\u00f1oz Felipe, coordinador para Espa\u00f1a de la Marcha por la Paz, cerr\u00f3 la I Jornada de e-Justicia, con una exposici\u00f3n sobre la ley, el poder y los derechos humanos. Esta Jornada se ha desarrollado presencialmente entre Trujillo (Espa\u00f1a) y M\u00e9xico D.F. (M\u00e9xico) y han participado en ella virtualmente casi 2000 personas de 25 pa\u00edses.\" \/>\n<meta name=\"robots\" content=\"index, follow, max-snippet:-1, max-image-preview:large, max-video-preview:-1\" \/>\n<link rel=\"canonical\" href=\"https:\/\/www.pressenza.com\/es\/2009\/09\/hacia-un-sistema-de-justicia-transparente\/\" \/>\n<meta property=\"og:locale\" content=\"es_ES\" \/>\n<meta property=\"og:type\" content=\"article\" \/>\n<meta property=\"og:title\" content=\"Hacia un sistema de justicia transparente\" \/>\n<meta property=\"og:description\" content=\"Jos\u00e9 Manuel Mu\u00f1oz Felipe, coordinador para Espa\u00f1a de la Marcha por la Paz, cerr\u00f3 la I Jornada de e-Justicia, con una exposici\u00f3n sobre la ley, el poder y los derechos humanos. Esta Jornada se ha desarrollado presencialmente entre Trujillo (Espa\u00f1a) y M\u00e9xico D.F. (M\u00e9xico) y han participado en ella virtualmente casi 2000 personas de 25 pa\u00edses.\" \/>\n<meta property=\"og:url\" content=\"https:\/\/www.pressenza.com\/es\/2009\/09\/hacia-un-sistema-de-justicia-transparente\/\" \/>\n<meta property=\"og:site_name\" content=\"Pressenza\" \/>\n<meta property=\"article:publisher\" content=\"https:\/\/www.facebook.com\/PressenzaItalia\" \/>\n<meta property=\"article:author\" content=\"https:\/\/www.facebook.com\/pressenza\" \/>\n<meta property=\"article:published_time\" content=\"2009-09-29T00:00:00+00:00\" \/>\n<meta property=\"article:modified_time\" content=\"2009-09-30T03:41:27+00:00\" \/>\n<meta name=\"author\" content=\"Pressenza IPA\" \/>\n<meta name=\"twitter:card\" content=\"summary_large_image\" \/>\n<meta name=\"twitter:creator\" content=\"@PressenzaIPA\" \/>\n<meta name=\"twitter:site\" content=\"@PressenzaIPA\" \/>\n<meta name=\"twitter:label1\" content=\"Escrito por\" \/>\n\t<meta name=\"twitter:data1\" content=\"Pressenza IPA\" \/>\n\t<meta name=\"twitter:label2\" content=\"Tiempo de lectura\" \/>\n\t<meta name=\"twitter:data2\" content=\"1 minuto\" \/>\n<script type=\"application\/ld+json\" class=\"yoast-schema-graph\">{\"@context\":\"https:\/\/schema.org\",\"@graph\":[{\"@type\":\"Article\",\"@id\":\"https:\/\/www.pressenza.com\/es\/2009\/09\/hacia-un-sistema-de-justicia-transparente\/#article\",\"isPartOf\":{\"@id\":\"https:\/\/www.pressenza.com\/es\/2009\/09\/hacia-un-sistema-de-justicia-transparente\/\"},\"author\":{\"name\":\"Pressenza IPA\",\"@id\":\"https:\/\/www.pressenza.com\/es\/#\/schema\/person\/010e5d02bcf40965427a1289a4cc8d75\"},\"headline\":\"Hacia un sistema de justicia transparente\",\"datePublished\":\"2009-09-29T00:00:00+00:00\",\"dateModified\":\"2009-09-30T03:41:27+00:00\",\"mainEntityOfPage\":{\"@id\":\"https:\/\/www.pressenza.com\/es\/2009\/09\/hacia-un-sistema-de-justicia-transparente\/\"},\"wordCount\":268,\"publisher\":{\"@id\":\"https:\/\/www.pressenza.com\/es\/#organization\"},\"articleSection\":[\"Cultura y Medios\",\"Europa\",\"Internacional\"],\"inLanguage\":\"es\"},{\"@type\":\"WebPage\",\"@id\":\"https:\/\/www.pressenza.com\/es\/2009\/09\/hacia-un-sistema-de-justicia-transparente\/\",\"url\":\"https:\/\/www.pressenza.com\/es\/2009\/09\/hacia-un-sistema-de-justicia-transparente\/\",\"name\":\"Hacia un sistema de justicia transparente\",\"isPartOf\":{\"@id\":\"https:\/\/www.pressenza.com\/es\/#website\"},\"datePublished\":\"2009-09-29T00:00:00+00:00\",\"dateModified\":\"2009-09-30T03:41:27+00:00\",\"description\":\"Jos\u00e9 Manuel Mu\u00f1oz Felipe, coordinador para Espa\u00f1a de la Marcha por la Paz, cerr\u00f3 la I Jornada de e-Justicia, con una exposici\u00f3n sobre la ley, el poder y los derechos humanos. Esta Jornada se ha desarrollado presencialmente entre Trujillo (Espa\u00f1a) y M\u00e9xico D.F. (M\u00e9xico) y han participado en ella virtualmente casi 2000 personas de 25 pa\u00edses.\",\"breadcrumb\":{\"@id\":\"https:\/\/www.pressenza.com\/es\/2009\/09\/hacia-un-sistema-de-justicia-transparente\/#breadcrumb\"},\"inLanguage\":\"es\",\"potentialAction\":[{\"@type\":\"ReadAction\",\"target\":[\"https:\/\/www.pressenza.com\/es\/2009\/09\/hacia-un-sistema-de-justicia-transparente\/\"]}]},{\"@type\":\"BreadcrumbList\",\"@id\":\"https:\/\/www.pressenza.com\/es\/2009\/09\/hacia-un-sistema-de-justicia-transparente\/#breadcrumb\",\"itemListElement\":[{\"@type\":\"ListItem\",\"position\":1,\"name\":\"Accueil\",\"item\":\"https:\/\/www.pressenza.com\/es\/\"},{\"@type\":\"ListItem\",\"position\":2,\"name\":\"Hacia un sistema de justicia transparente\"}]},{\"@type\":\"WebSite\",\"@id\":\"https:\/\/www.pressenza.com\/es\/#website\",\"url\":\"https:\/\/www.pressenza.com\/es\/\",\"name\":\"Pressenza\",\"description\":\"International Press Agency\",\"publisher\":{\"@id\":\"https:\/\/www.pressenza.com\/es\/#organization\"},\"potentialAction\":[{\"@type\":\"SearchAction\",\"target\":{\"@type\":\"EntryPoint\",\"urlTemplate\":\"https:\/\/www.pressenza.com\/es\/?s={search_term_string}\"},\"query-input\":{\"@type\":\"PropertyValueSpecification\",\"valueRequired\":true,\"valueName\":\"search_term_string\"}}],\"inLanguage\":\"es\"},{\"@type\":\"Organization\",\"@id\":\"https:\/\/www.pressenza.com\/es\/#organization\",\"name\":\"Pressenza\",\"url\":\"https:\/\/www.pressenza.com\/es\/\",\"logo\":{\"@type\":\"ImageObject\",\"inLanguage\":\"es\",\"@id\":\"https:\/\/www.pressenza.com\/es\/#\/schema\/logo\/image\/\",\"url\":\"https:\/\/www.pressenza.com\/wp-content\/uploads\/2022\/10\/pressenza_logo_200x200.jpg\",\"contentUrl\":\"https:\/\/www.pressenza.com\/wp-content\/uploads\/2022\/10\/pressenza_logo_200x200.jpg\",\"width\":200,\"height\":200,\"caption\":\"Pressenza\"},\"image\":{\"@id\":\"https:\/\/www.pressenza.com\/es\/#\/schema\/logo\/image\/\"},\"sameAs\":[\"https:\/\/www.facebook.com\/PressenzaItalia\",\"https:\/\/x.com\/PressenzaIPA\"]},{\"@type\":\"Person\",\"@id\":\"https:\/\/www.pressenza.com\/es\/#\/schema\/person\/010e5d02bcf40965427a1289a4cc8d75\",\"name\":\"Pressenza IPA\",\"description\":\"News from Pressenza IPA correspondents\",\"sameAs\":[\"https:\/\/www.facebook.com\/pressenza\",\"https:\/\/x.com\/PressenzaIPA\"],\"url\":\"https:\/\/www.pressenza.com\/es\/author\/pressenza-ipa\/\"}]}<\/script>\n<!-- \/ Yoast SEO plugin. -->","yoast_head_json":{"title":"Hacia un sistema de justicia transparente","description":"Jos\u00e9 Manuel Mu\u00f1oz Felipe, coordinador para Espa\u00f1a de la Marcha por la Paz, cerr\u00f3 la I Jornada de e-Justicia, con una exposici\u00f3n sobre la ley, el poder y los derechos humanos. Esta Jornada se ha desarrollado presencialmente entre Trujillo (Espa\u00f1a) y M\u00e9xico D.F. (M\u00e9xico) y han participado en ella virtualmente casi 2000 personas de 25 pa\u00edses.","robots":{"index":"index","follow":"follow","max-snippet":"max-snippet:-1","max-image-preview":"max-image-preview:large","max-video-preview":"max-video-preview:-1"},"canonical":"https:\/\/www.pressenza.com\/es\/2009\/09\/hacia-un-sistema-de-justicia-transparente\/","og_locale":"es_ES","og_type":"article","og_title":"Hacia un sistema de justicia transparente","og_description":"Jos\u00e9 Manuel Mu\u00f1oz Felipe, coordinador para Espa\u00f1a de la Marcha por la Paz, cerr\u00f3 la I Jornada de e-Justicia, con una exposici\u00f3n sobre la ley, el poder y los derechos humanos. Esta Jornada se ha desarrollado presencialmente entre Trujillo (Espa\u00f1a) y M\u00e9xico D.F. (M\u00e9xico) y han participado en ella virtualmente casi 2000 personas de 25 pa\u00edses.","og_url":"https:\/\/www.pressenza.com\/es\/2009\/09\/hacia-un-sistema-de-justicia-transparente\/","og_site_name":"Pressenza","article_publisher":"https:\/\/www.facebook.com\/PressenzaItalia","article_author":"https:\/\/www.facebook.com\/pressenza","article_published_time":"2009-09-29T00:00:00+00:00","article_modified_time":"2009-09-30T03:41:27+00:00","author":"Pressenza IPA","twitter_card":"summary_large_image","twitter_creator":"@PressenzaIPA","twitter_site":"@PressenzaIPA","twitter_misc":{"Escrito por":"Pressenza IPA","Tiempo de lectura":"1 minuto"},"schema":{"@context":"https:\/\/schema.org","@graph":[{"@type":"Article","@id":"https:\/\/www.pressenza.com\/es\/2009\/09\/hacia-un-sistema-de-justicia-transparente\/#article","isPartOf":{"@id":"https:\/\/www.pressenza.com\/es\/2009\/09\/hacia-un-sistema-de-justicia-transparente\/"},"author":{"name":"Pressenza IPA","@id":"https:\/\/www.pressenza.com\/es\/#\/schema\/person\/010e5d02bcf40965427a1289a4cc8d75"},"headline":"Hacia un sistema de justicia transparente","datePublished":"2009-09-29T00:00:00+00:00","dateModified":"2009-09-30T03:41:27+00:00","mainEntityOfPage":{"@id":"https:\/\/www.pressenza.com\/es\/2009\/09\/hacia-un-sistema-de-justicia-transparente\/"},"wordCount":268,"publisher":{"@id":"https:\/\/www.pressenza.com\/es\/#organization"},"articleSection":["Cultura y Medios","Europa","Internacional"],"inLanguage":"es"},{"@type":"WebPage","@id":"https:\/\/www.pressenza.com\/es\/2009\/09\/hacia-un-sistema-de-justicia-transparente\/","url":"https:\/\/www.pressenza.com\/es\/2009\/09\/hacia-un-sistema-de-justicia-transparente\/","name":"Hacia un sistema de justicia transparente","isPartOf":{"@id":"https:\/\/www.pressenza.com\/es\/#website"},"datePublished":"2009-09-29T00:00:00+00:00","dateModified":"2009-09-30T03:41:27+00:00","description":"Jos\u00e9 Manuel Mu\u00f1oz Felipe, coordinador para Espa\u00f1a de la Marcha por la Paz, cerr\u00f3 la I Jornada de e-Justicia, con una exposici\u00f3n sobre la ley, el poder y los derechos humanos. Esta Jornada se ha desarrollado presencialmente entre Trujillo (Espa\u00f1a) y M\u00e9xico D.F. (M\u00e9xico) y han participado en ella virtualmente casi 2000 personas de 25 pa\u00edses.","breadcrumb":{"@id":"https:\/\/www.pressenza.com\/es\/2009\/09\/hacia-un-sistema-de-justicia-transparente\/#breadcrumb"},"inLanguage":"es","potentialAction":[{"@type":"ReadAction","target":["https:\/\/www.pressenza.com\/es\/2009\/09\/hacia-un-sistema-de-justicia-transparente\/"]}]},{"@type":"BreadcrumbList","@id":"https:\/\/www.pressenza.com\/es\/2009\/09\/hacia-un-sistema-de-justicia-transparente\/#breadcrumb","itemListElement":[{"@type":"ListItem","position":1,"name":"Accueil","item":"https:\/\/www.pressenza.com\/es\/"},{"@type":"ListItem","position":2,"name":"Hacia un sistema de justicia transparente"}]},{"@type":"WebSite","@id":"https:\/\/www.pressenza.com\/es\/#website","url":"https:\/\/www.pressenza.com\/es\/","name":"Pressenza","description":"International Press Agency","publisher":{"@id":"https:\/\/www.pressenza.com\/es\/#organization"},"potentialAction":[{"@type":"SearchAction","target":{"@type":"EntryPoint","urlTemplate":"https:\/\/www.pressenza.com\/es\/?s={search_term_string}"},"query-input":{"@type":"PropertyValueSpecification","valueRequired":true,"valueName":"search_term_string"}}],"inLanguage":"es"},{"@type":"Organization","@id":"https:\/\/www.pressenza.com\/es\/#organization","name":"Pressenza","url":"https:\/\/www.pressenza.com\/es\/","logo":{"@type":"ImageObject","inLanguage":"es","@id":"https:\/\/www.pressenza.com\/es\/#\/schema\/logo\/image\/","url":"https:\/\/www.pressenza.com\/wp-content\/uploads\/2022\/10\/pressenza_logo_200x200.jpg","contentUrl":"https:\/\/www.pressenza.com\/wp-content\/uploads\/2022\/10\/pressenza_logo_200x200.jpg","width":200,"height":200,"caption":"Pressenza"},"image":{"@id":"https:\/\/www.pressenza.com\/es\/#\/schema\/logo\/image\/"},"sameAs":["https:\/\/www.facebook.com\/PressenzaItalia","https:\/\/x.com\/PressenzaIPA"]},{"@type":"Person","@id":"https:\/\/www.pressenza.com\/es\/#\/schema\/person\/010e5d02bcf40965427a1289a4cc8d75","name":"Pressenza IPA","description":"News from Pressenza IPA correspondents","sameAs":["https:\/\/www.facebook.com\/pressenza","https:\/\/x.com\/PressenzaIPA"],"url":"https:\/\/www.pressenza.com\/es\/author\/pressenza-ipa\/"}]}},"place":"Trujillo","original_article_url":"","_links":{"self":[{"href":"https:\/\/www.pressenza.com\/es\/wp-json\/wp\/v2\/posts\/1458","targetHints":{"allow":["GET"]}}],"collection":[{"href":"https:\/\/www.pressenza.com\/es\/wp-json\/wp\/v2\/posts"}],"about":[{"href":"https:\/\/www.pressenza.com\/es\/wp-json\/wp\/v2\/types\/post"}],"author":[{"embeddable":true,"href":"https:\/\/www.pressenza.com\/es\/wp-json\/wp\/v2\/users\/19"}],"replies":[{"embeddable":true,"href":"https:\/\/www.pressenza.com\/es\/wp-json\/wp\/v2\/comments?post=1458"}],"version-history":[{"count":0,"href":"https:\/\/www.pressenza.com\/es\/wp-json\/wp\/v2\/posts\/1458\/revisions"}],"wp:attachment":[{"href":"https:\/\/www.pressenza.com\/es\/wp-json\/wp\/v2\/media?parent=1458"}],"wp:term":[{"taxonomy":"category","embeddable":true,"href":"https:\/\/www.pressenza.com\/es\/wp-json\/wp\/v2\/categories?post=1458"},{"taxonomy":"post_tag","embeddable":true,"href":"https:\/\/www.pressenza.com\/es\/wp-json\/wp\/v2\/tags?post=1458"}],"curies":[{"name":"wp","href":"https:\/\/api.w.org\/{rel}","templated":true}]}}