{"id":1457794,"date":"2021-10-24T15:12:37","date_gmt":"2021-10-24T14:12:37","guid":{"rendered":"https:\/\/www.pressenza.com\/?p=1457794"},"modified":"2021-10-24T15:12:37","modified_gmt":"2021-10-24T14:12:37","slug":"no-a-la-transaccion","status":"publish","type":"post","link":"https:\/\/www.pressenza.com\/es\/2021\/10\/no-a-la-transaccion\/","title":{"rendered":"No a la transacci\u00f3n"},"content":{"rendered":"<p>Al menos en pol\u00edtica, siempre debieran provocarnos desconfianza los ponderados y nunca condescender con las posiciones ecl\u00e9cticas. Es cuesti\u00f3n de observar la historia para concluir que los que marcan huella son los empecinados, los irreductibles en su prop\u00f3sitos e ideas. Los pa\u00edses suben a sus pedestales a los grandes l\u00edderes, a los que se juegan la vida por sus valores. Raramente a los que buscan ser admirados por su ecuanimidad, tratando de ser bien vistos y tratados por las derechas e izquierdas, m\u00e1s all\u00e1 de los cargos que muchas veces obtienen en su af\u00e1n acomodaticio y oportunismo.<\/p>\n<p>La independencia de Chile y de Am\u00e9rica se consigui\u00f3 con el arrojo de cada uno de nuestros libertadores. La mayor\u00eda de las veces tachados de temerarios y extremistas porque se manifestaban renuentes a contemporizar con los opresores, a poner por encima de sus convicciones libertarias la concordia con los enemigos y los timoratos que siempre se oponen y le demuestran pavor a los cambios.<\/p>\n<p>Incluso los grandes l\u00edderes religiosos de la humanidad fueron mucho m\u00e1s intransigentes de lo que se les supone. Ah\u00ed est\u00e1n Cristo, Mahoma y los empecinados patriarcas del juda\u00edsmo. As\u00ed como la historia reciente reconoce a un Churchill que les ofreci\u00f3 a los ingleses \u201csangre, sudor y l\u00e1grimas\u201d como condici\u00f3n para vencer a Hitler y al nazismo. En efecto, las vidas ejemplares siempre destacan a los rebeldes e insurrectos.<\/p>\n<p>En el Chile de hoy se apela hip\u00f3critamente a la necesidad de dialogar para darle satisfacci\u00f3n a las demandas del pueblo mapuche, de los trabajadores explotados y reprimidos, como de un pueblo harto de no acceder a una vivienda digna, a la salud y la educaci\u00f3n. Muy demostrado est\u00e1 que los retardatarios apelan a los acuerdos con la intenci\u00f3n de aplazar lo m\u00e1s que se puedan las transformaciones y la aut\u00e9ntica paz social, es decir la que siempre es hija de la justicia y no tolera la impunidad.<\/p>\n<p>Se nos dice que el pa\u00eds est\u00e1 muy dividido y tensionado por las profundas diferencias. Que es conveniente ponerle freno a las demandas populares porque ni un gobierno de derecha o izquierda va a poder administrarlas. No es que se opte necesariamente por el centro pol\u00edtico, sino por ponerle sordina al descontento, ejerciendo, incluso, la violencia policial para reprimir las marchas y movilizaciones populares. Se dicta ahora el estado de emergencia para \u201cpacificar\u201d nuevamente a la Araucan\u00eda; sin embargo, con los militares, tanques y armas ya operando en la Regi\u00f3n se intensifican las tomas de terrenos y las quemas de camiones y maquinarias forestales. Porque nunca ha sido ventajoso apagar con fuego los incendios, renunciando a buscar soluciones que puedan aparecerles revolucionarias a los que quieren proteger sus intereses amagados por el descontento y la protesta popular.<\/p>\n<p>Lo peor de todo es que ni derechas o izquierdas aparecen ya consecuentes cuando, pasada la efervescencia electoral, unos y otros terminan concert\u00e1ndose y dispuestos a repartirse el poder y medrar de consuno en los cargos p\u00fablicos. No bast\u00f3 que un ochenta por ciento de los ciudadanos se mostrara de acuerdo con dictar una nueva Constituci\u00f3n y voceara las reformas sociales para que ahora los ecl\u00e9cticos de siempre (que tambi\u00e9n los hay en la Convenci\u00f3n Constitucional) empezaran a practicar una apacible condescendencia hacia las minor\u00edas, en la c\u00e1ndida disposici\u00f3n de consensuar poco menos que cada una de las disposiciones de la nueva Carta Magna. Porque les parece ahora poco democr\u00e1tico que los ganadores hagan prevalecer sus ideas sobre las de los derrotados, es decir sobre los que han hegemonizado largamente el poder en un pa\u00eds cruzado por las desigualdades e injusticias.<\/p>\n<p>Todo el peso de la Ley se nos proclama contra los manifestantes que delinquen en las calles. Muy de acuerdo con ello si no fuera porque en el propio palacio de la Moneda permanece el principal de los delincuentes del pa\u00eds, uno de los facinerosos que m\u00e1s da\u00f1o le han hecho al erario nacional y a la poblaci\u00f3n, mediante sus espurias empresas, escandalosas evasiones tributarias e il\u00edcita concurrencia a los llamados para\u00edsos fiscales. Solo que estos delincuentes son de cuello y corbata.<\/p>\n<p>Consideraci\u00f3n especial se le pide a los jueces y a la prensa respecto de los generales cuatreros que ahora en Carabineros y la polic\u00eda civil, como antes en las tres ramas de las FFAA, se hicieron de los gastos reservados y salieron a retiro con millonarios botines: \u00bfde guerra, acaso? Qu\u00e9 duda cabe que, por mucho menos, existen gobiernos que hasta han condenado al cadalso a aquellos oficiales tentados por el narcotr\u00e1fico o la codicia. Porque los delitos de estos sin duda son peores y m\u00e1s abusivos que los que cometen los civiles comunes y corrientes.<\/p>\n<p>Qu\u00e9 horrible es el doble est\u00e1ndar practican los gobernantes de toda la casta pol\u00edtica chilena cuando nos convocan a \u201ccelebrar\u201d el 18 de septiembre como efem\u00e9ride de una Independencia que solo se lograra con las guerras contra Espa\u00f1a solo cuatro a\u00f1os m\u00e1s tarde de aquella Junta de Gobierno provisional. Que ahora la prensa uniformada y ese conjunto de desvergonzados pol\u00edticos concuerden en que el 18 de octubre del 2019 solo puede ser \u201cconmemorado\u201d. Porque las armas y la violencia de los patriotas solo despu\u00e9s de doscientos a\u00f1os les parecen leg\u00edtimas, pero las barricadas y piedras de los j\u00f3venes y abusados de hoy deben ser severamente impugnadas, adem\u00e1s de encarcelados o exterminados sus ejecutores.<\/p>\n<p>\u00bfEs que Chile perdi\u00f3 el sentido com\u00fan? \u00bfPuede creer alguien que, abogando por el entendimiento, se va a lograr que el Estado reconozca como justa la demanda mapuche y act\u00fae en consecuencia? \u00bfPuede alguien en su sano juicio pensar que las AFPs les van a pagar a los jubilados una pensi\u00f3n justa despu\u00e9s de tantas d\u00e9cadas en que se han apropiado y obtenido tan lucrativo r\u00e9dito de sus cotizaciones? \u00bfSe podr\u00eda confiar en que los empresarios lleguen al convencimiento de que deben pagar a los trabajadores un salario justo si se quiere aspirar a la paz social? \u00bfO que las isapres, por una prodigiosa decisi\u00f3n, convengan espont\u00e1neamente en un sistema p\u00fablico de salud, renunciando a los enormes beneficios que les proporciona su actual administraci\u00f3n privada?<\/p>\n<p>\u201cA Dios rogando, pero con el mazo dando\u201d dec\u00eda el cardenal Ra\u00fal Silva Henr\u00edquez cuando decidiera crear la Vicar\u00eda de la Solidaridad en tiempos de la Dictadura y cuando las v\u00edctimas ni siquiera estaban en posibilidad de demand\u00e1rselo. \u201cEl pueblo no se debe dejar acribillar\u201d, dijo Allende antes de su muerte, pero al mismo tiempo advirti\u00f3, que m\u00e1s temprano que tarde, de nuevo se abrir\u00edan las grandes alamedas por donde pasen el hombre y las mujeres libres, para construir una sociedad mejor.<\/p>\n","protected":false},"excerpt":{"rendered":"<p>Al menos en pol\u00edtica, siempre debieran provocarnos desconfianza los ponderados y nunca condescender con las posiciones ecl\u00e9cticas. Es cuesti\u00f3n de observar la historia para concluir que los que marcan huella son los empecinados, los irreductibles en su prop\u00f3sitos e ideas.&hellip;<\/p>\n","protected":false},"author":1739,"featured_media":1457798,"comment_status":"closed","ping_status":"closed","sticky":false,"template":"","format":"standard","meta":{"footnotes":""},"categories":[11389,161,74,67],"tags":[29],"class_list":["post-1457794","post","type-post","status-publish","format-standard","has-post-thumbnail","hentry","category-contenido-original","category-opiniones","category-politica-es","category-sudamerica","tag-chile"],"yoast_head":"<!-- This site is optimized with the Yoast SEO plugin v27.1.1 - https:\/\/yoast.com\/product\/yoast-seo-wordpress\/ -->\n<title>No a la transacci\u00f3n<\/title>\n<meta name=\"description\" content=\"Al menos en pol\u00edtica, siempre debieran provocarnos desconfianza los ponderados y nunca condescender con las posiciones ecl\u00e9cticas. Es cuesti\u00f3n de observar\" \/>\n<meta name=\"robots\" content=\"index, follow, max-snippet:-1, max-image-preview:large, max-video-preview:-1\" \/>\n<link rel=\"canonical\" href=\"https:\/\/www.pressenza.com\/es\/2021\/10\/no-a-la-transaccion\/\" \/>\n<meta property=\"og:locale\" content=\"es_ES\" \/>\n<meta property=\"og:type\" content=\"article\" \/>\n<meta property=\"og:title\" content=\"No a la transacci\u00f3n\" \/>\n<meta property=\"og:description\" content=\"Al menos en pol\u00edtica, siempre debieran provocarnos desconfianza los ponderados y nunca condescender con las posiciones ecl\u00e9cticas. Es cuesti\u00f3n de observar\" \/>\n<meta property=\"og:url\" content=\"https:\/\/www.pressenza.com\/es\/2021\/10\/no-a-la-transaccion\/\" \/>\n<meta property=\"og:site_name\" content=\"Pressenza\" \/>\n<meta property=\"article:publisher\" content=\"https:\/\/www.facebook.com\/PressenzaItalia\" \/>\n<meta property=\"article:published_time\" content=\"2021-10-24T14:12:37+00:00\" \/>\n<meta property=\"og:image\" content=\"https:\/\/www.pressenza.com\/wp-content\/uploads\/2021\/10\/IMG_1721.jpg\" \/>\n\t<meta property=\"og:image:width\" content=\"1920\" \/>\n\t<meta property=\"og:image:height\" content=\"1281\" \/>\n\t<meta property=\"og:image:type\" content=\"image\/jpeg\" \/>\n<meta name=\"author\" content=\"Juan Pablo C\u00e1rdenas\" \/>\n<meta name=\"twitter:card\" content=\"summary_large_image\" \/>\n<meta name=\"twitter:creator\" content=\"@PressenzaIPA\" \/>\n<meta name=\"twitter:site\" content=\"@PressenzaIPA\" \/>\n<meta name=\"twitter:label1\" content=\"Escrito por\" \/>\n\t<meta name=\"twitter:data1\" content=\"Juan Pablo C\u00e1rdenas\" \/>\n\t<meta name=\"twitter:label2\" content=\"Tiempo de lectura\" \/>\n\t<meta name=\"twitter:data2\" content=\"6 minutos\" \/>\n<script type=\"application\/ld+json\" class=\"yoast-schema-graph\">{\"@context\":\"https:\/\/schema.org\",\"@graph\":[{\"@type\":\"Article\",\"@id\":\"https:\/\/www.pressenza.com\/es\/2021\/10\/no-a-la-transaccion\/#article\",\"isPartOf\":{\"@id\":\"https:\/\/www.pressenza.com\/es\/2021\/10\/no-a-la-transaccion\/\"},\"author\":{\"name\":\"Juan Pablo C\u00e1rdenas\",\"@id\":\"https:\/\/www.pressenza.com\/es\/#\/schema\/person\/d72a7c8c014dcbfa2ef9e9976103ea0d\"},\"headline\":\"No a la transacci\u00f3n\",\"datePublished\":\"2021-10-24T14:12:37+00:00\",\"mainEntityOfPage\":{\"@id\":\"https:\/\/www.pressenza.com\/es\/2021\/10\/no-a-la-transaccion\/\"},\"wordCount\":1173,\"publisher\":{\"@id\":\"https:\/\/www.pressenza.com\/es\/#organization\"},\"image\":{\"@id\":\"https:\/\/www.pressenza.com\/es\/2021\/10\/no-a-la-transaccion\/#primaryimage\"},\"thumbnailUrl\":\"https:\/\/www.pressenza.com\/wp-content\/uploads\/2021\/10\/IMG_1721.jpg\",\"keywords\":[\"Chile\"],\"articleSection\":[\"Contenido Original\",\"Opiniones\",\"Pol\u00edtica\",\"Sudam\u00e9rica\"],\"inLanguage\":\"es\"},{\"@type\":\"WebPage\",\"@id\":\"https:\/\/www.pressenza.com\/es\/2021\/10\/no-a-la-transaccion\/\",\"url\":\"https:\/\/www.pressenza.com\/es\/2021\/10\/no-a-la-transaccion\/\",\"name\":\"No a la transacci\u00f3n\",\"isPartOf\":{\"@id\":\"https:\/\/www.pressenza.com\/es\/#website\"},\"primaryImageOfPage\":{\"@id\":\"https:\/\/www.pressenza.com\/es\/2021\/10\/no-a-la-transaccion\/#primaryimage\"},\"image\":{\"@id\":\"https:\/\/www.pressenza.com\/es\/2021\/10\/no-a-la-transaccion\/#primaryimage\"},\"thumbnailUrl\":\"https:\/\/www.pressenza.com\/wp-content\/uploads\/2021\/10\/IMG_1721.jpg\",\"datePublished\":\"2021-10-24T14:12:37+00:00\",\"description\":\"Al menos en pol\u00edtica, siempre debieran provocarnos desconfianza los ponderados y nunca condescender con las posiciones ecl\u00e9cticas. Es cuesti\u00f3n de observar\",\"breadcrumb\":{\"@id\":\"https:\/\/www.pressenza.com\/es\/2021\/10\/no-a-la-transaccion\/#breadcrumb\"},\"inLanguage\":\"es\",\"potentialAction\":[{\"@type\":\"ReadAction\",\"target\":[\"https:\/\/www.pressenza.com\/es\/2021\/10\/no-a-la-transaccion\/\"]}]},{\"@type\":\"ImageObject\",\"inLanguage\":\"es\",\"@id\":\"https:\/\/www.pressenza.com\/es\/2021\/10\/no-a-la-transaccion\/#primaryimage\",\"url\":\"https:\/\/www.pressenza.com\/wp-content\/uploads\/2021\/10\/IMG_1721.jpg\",\"contentUrl\":\"https:\/\/www.pressenza.com\/wp-content\/uploads\/2021\/10\/IMG_1721.jpg\",\"width\":1920,\"height\":1281,\"caption\":\"Enzo Blondel\"},{\"@type\":\"BreadcrumbList\",\"@id\":\"https:\/\/www.pressenza.com\/es\/2021\/10\/no-a-la-transaccion\/#breadcrumb\",\"itemListElement\":[{\"@type\":\"ListItem\",\"position\":1,\"name\":\"Accueil\",\"item\":\"https:\/\/www.pressenza.com\/es\/\"},{\"@type\":\"ListItem\",\"position\":2,\"name\":\"No a la transacci\u00f3n\"}]},{\"@type\":\"WebSite\",\"@id\":\"https:\/\/www.pressenza.com\/es\/#website\",\"url\":\"https:\/\/www.pressenza.com\/es\/\",\"name\":\"Pressenza\",\"description\":\"International Press Agency\",\"publisher\":{\"@id\":\"https:\/\/www.pressenza.com\/es\/#organization\"},\"potentialAction\":[{\"@type\":\"SearchAction\",\"target\":{\"@type\":\"EntryPoint\",\"urlTemplate\":\"https:\/\/www.pressenza.com\/es\/?s={search_term_string}\"},\"query-input\":{\"@type\":\"PropertyValueSpecification\",\"valueRequired\":true,\"valueName\":\"search_term_string\"}}],\"inLanguage\":\"es\"},{\"@type\":\"Organization\",\"@id\":\"https:\/\/www.pressenza.com\/es\/#organization\",\"name\":\"Pressenza\",\"url\":\"https:\/\/www.pressenza.com\/es\/\",\"logo\":{\"@type\":\"ImageObject\",\"inLanguage\":\"es\",\"@id\":\"https:\/\/www.pressenza.com\/es\/#\/schema\/logo\/image\/\",\"url\":\"https:\/\/www.pressenza.com\/wp-content\/uploads\/2022\/10\/pressenza_logo_200x200.jpg\",\"contentUrl\":\"https:\/\/www.pressenza.com\/wp-content\/uploads\/2022\/10\/pressenza_logo_200x200.jpg\",\"width\":200,\"height\":200,\"caption\":\"Pressenza\"},\"image\":{\"@id\":\"https:\/\/www.pressenza.com\/es\/#\/schema\/logo\/image\/\"},\"sameAs\":[\"https:\/\/www.facebook.com\/PressenzaItalia\",\"https:\/\/x.com\/PressenzaIPA\"]},{\"@type\":\"Person\",\"@id\":\"https:\/\/www.pressenza.com\/es\/#\/schema\/person\/d72a7c8c014dcbfa2ef9e9976103ea0d\",\"name\":\"Juan Pablo C\u00e1rdenas\",\"description\":\"Juan Pablo C\u00e1rdenas Squella es un periodista y profesor universitario de vasta trayectoria. En el 2005 recibi\u00f3 en premio nacional de Periodismo y, antes, la Pluma de Oro de la Libertad, otorgada por la Federaci\u00f3n Mundial de la Prensa. Tambi\u00e9n obtuvo el Premio Latinoamericano de Periodismo, la Houten Camara de Holanda (1989) entre otras m\u00faltiples distinciones nacionales y extranjeras. Forma parte de los sesenta periodistas del mundo considerados H\u00e9roes de la Libertad de Expresi\u00f3n, reconocimiento hecho por la Federaci\u00f3n Internacional de Periodistas. Ha sido director y columnista de las revistas Debate Universitario, An\u00e1lisis y Los Tiempos, as\u00ed como del diario electr\u00f3nico primeral\u00ednea.cl. Tambi\u00e9n fue por m\u00e1s 18 a\u00f1os director de la Radio Universidad de Chile y de su diario digital. Se ha desempe\u00f1ado como profesor de varias escuelas de periodismo de Santiago y Valpara\u00edso y en la Universidad de Chile alcanz\u00f3 el grado de profesor titular y senador universitario.\",\"url\":\"https:\/\/www.pressenza.com\/es\/author\/juan-pablo-cardenas\/\"}]}<\/script>\n<!-- \/ Yoast SEO plugin. -->","yoast_head_json":{"title":"No a la transacci\u00f3n","description":"Al menos en pol\u00edtica, siempre debieran provocarnos desconfianza los ponderados y nunca condescender con las posiciones ecl\u00e9cticas. Es cuesti\u00f3n de observar","robots":{"index":"index","follow":"follow","max-snippet":"max-snippet:-1","max-image-preview":"max-image-preview:large","max-video-preview":"max-video-preview:-1"},"canonical":"https:\/\/www.pressenza.com\/es\/2021\/10\/no-a-la-transaccion\/","og_locale":"es_ES","og_type":"article","og_title":"No a la transacci\u00f3n","og_description":"Al menos en pol\u00edtica, siempre debieran provocarnos desconfianza los ponderados y nunca condescender con las posiciones ecl\u00e9cticas. Es cuesti\u00f3n de observar","og_url":"https:\/\/www.pressenza.com\/es\/2021\/10\/no-a-la-transaccion\/","og_site_name":"Pressenza","article_publisher":"https:\/\/www.facebook.com\/PressenzaItalia","article_published_time":"2021-10-24T14:12:37+00:00","og_image":[{"width":1920,"height":1281,"url":"https:\/\/www.pressenza.com\/wp-content\/uploads\/2021\/10\/IMG_1721.jpg","type":"image\/jpeg"}],"author":"Juan Pablo C\u00e1rdenas","twitter_card":"summary_large_image","twitter_creator":"@PressenzaIPA","twitter_site":"@PressenzaIPA","twitter_misc":{"Escrito por":"Juan Pablo C\u00e1rdenas","Tiempo de lectura":"6 minutos"},"schema":{"@context":"https:\/\/schema.org","@graph":[{"@type":"Article","@id":"https:\/\/www.pressenza.com\/es\/2021\/10\/no-a-la-transaccion\/#article","isPartOf":{"@id":"https:\/\/www.pressenza.com\/es\/2021\/10\/no-a-la-transaccion\/"},"author":{"name":"Juan Pablo C\u00e1rdenas","@id":"https:\/\/www.pressenza.com\/es\/#\/schema\/person\/d72a7c8c014dcbfa2ef9e9976103ea0d"},"headline":"No a la transacci\u00f3n","datePublished":"2021-10-24T14:12:37+00:00","mainEntityOfPage":{"@id":"https:\/\/www.pressenza.com\/es\/2021\/10\/no-a-la-transaccion\/"},"wordCount":1173,"publisher":{"@id":"https:\/\/www.pressenza.com\/es\/#organization"},"image":{"@id":"https:\/\/www.pressenza.com\/es\/2021\/10\/no-a-la-transaccion\/#primaryimage"},"thumbnailUrl":"https:\/\/www.pressenza.com\/wp-content\/uploads\/2021\/10\/IMG_1721.jpg","keywords":["Chile"],"articleSection":["Contenido Original","Opiniones","Pol\u00edtica","Sudam\u00e9rica"],"inLanguage":"es"},{"@type":"WebPage","@id":"https:\/\/www.pressenza.com\/es\/2021\/10\/no-a-la-transaccion\/","url":"https:\/\/www.pressenza.com\/es\/2021\/10\/no-a-la-transaccion\/","name":"No a la transacci\u00f3n","isPartOf":{"@id":"https:\/\/www.pressenza.com\/es\/#website"},"primaryImageOfPage":{"@id":"https:\/\/www.pressenza.com\/es\/2021\/10\/no-a-la-transaccion\/#primaryimage"},"image":{"@id":"https:\/\/www.pressenza.com\/es\/2021\/10\/no-a-la-transaccion\/#primaryimage"},"thumbnailUrl":"https:\/\/www.pressenza.com\/wp-content\/uploads\/2021\/10\/IMG_1721.jpg","datePublished":"2021-10-24T14:12:37+00:00","description":"Al menos en pol\u00edtica, siempre debieran provocarnos desconfianza los ponderados y nunca condescender con las posiciones ecl\u00e9cticas. Es cuesti\u00f3n de observar","breadcrumb":{"@id":"https:\/\/www.pressenza.com\/es\/2021\/10\/no-a-la-transaccion\/#breadcrumb"},"inLanguage":"es","potentialAction":[{"@type":"ReadAction","target":["https:\/\/www.pressenza.com\/es\/2021\/10\/no-a-la-transaccion\/"]}]},{"@type":"ImageObject","inLanguage":"es","@id":"https:\/\/www.pressenza.com\/es\/2021\/10\/no-a-la-transaccion\/#primaryimage","url":"https:\/\/www.pressenza.com\/wp-content\/uploads\/2021\/10\/IMG_1721.jpg","contentUrl":"https:\/\/www.pressenza.com\/wp-content\/uploads\/2021\/10\/IMG_1721.jpg","width":1920,"height":1281,"caption":"Enzo Blondel"},{"@type":"BreadcrumbList","@id":"https:\/\/www.pressenza.com\/es\/2021\/10\/no-a-la-transaccion\/#breadcrumb","itemListElement":[{"@type":"ListItem","position":1,"name":"Accueil","item":"https:\/\/www.pressenza.com\/es\/"},{"@type":"ListItem","position":2,"name":"No a la transacci\u00f3n"}]},{"@type":"WebSite","@id":"https:\/\/www.pressenza.com\/es\/#website","url":"https:\/\/www.pressenza.com\/es\/","name":"Pressenza","description":"International Press Agency","publisher":{"@id":"https:\/\/www.pressenza.com\/es\/#organization"},"potentialAction":[{"@type":"SearchAction","target":{"@type":"EntryPoint","urlTemplate":"https:\/\/www.pressenza.com\/es\/?s={search_term_string}"},"query-input":{"@type":"PropertyValueSpecification","valueRequired":true,"valueName":"search_term_string"}}],"inLanguage":"es"},{"@type":"Organization","@id":"https:\/\/www.pressenza.com\/es\/#organization","name":"Pressenza","url":"https:\/\/www.pressenza.com\/es\/","logo":{"@type":"ImageObject","inLanguage":"es","@id":"https:\/\/www.pressenza.com\/es\/#\/schema\/logo\/image\/","url":"https:\/\/www.pressenza.com\/wp-content\/uploads\/2022\/10\/pressenza_logo_200x200.jpg","contentUrl":"https:\/\/www.pressenza.com\/wp-content\/uploads\/2022\/10\/pressenza_logo_200x200.jpg","width":200,"height":200,"caption":"Pressenza"},"image":{"@id":"https:\/\/www.pressenza.com\/es\/#\/schema\/logo\/image\/"},"sameAs":["https:\/\/www.facebook.com\/PressenzaItalia","https:\/\/x.com\/PressenzaIPA"]},{"@type":"Person","@id":"https:\/\/www.pressenza.com\/es\/#\/schema\/person\/d72a7c8c014dcbfa2ef9e9976103ea0d","name":"Juan Pablo C\u00e1rdenas","description":"Juan Pablo C\u00e1rdenas Squella es un periodista y profesor universitario de vasta trayectoria. En el 2005 recibi\u00f3 en premio nacional de Periodismo y, antes, la Pluma de Oro de la Libertad, otorgada por la Federaci\u00f3n Mundial de la Prensa. Tambi\u00e9n obtuvo el Premio Latinoamericano de Periodismo, la Houten Camara de Holanda (1989) entre otras m\u00faltiples distinciones nacionales y extranjeras. Forma parte de los sesenta periodistas del mundo considerados H\u00e9roes de la Libertad de Expresi\u00f3n, reconocimiento hecho por la Federaci\u00f3n Internacional de Periodistas. Ha sido director y columnista de las revistas Debate Universitario, An\u00e1lisis y Los Tiempos, as\u00ed como del diario electr\u00f3nico primeral\u00ednea.cl. Tambi\u00e9n fue por m\u00e1s 18 a\u00f1os director de la Radio Universidad de Chile y de su diario digital. Se ha desempe\u00f1ado como profesor de varias escuelas de periodismo de Santiago y Valpara\u00edso y en la Universidad de Chile alcanz\u00f3 el grado de profesor titular y senador universitario.","url":"https:\/\/www.pressenza.com\/es\/author\/juan-pablo-cardenas\/"}]}},"place":"Santiago de Chile","original_article_url":"","_links":{"self":[{"href":"https:\/\/www.pressenza.com\/es\/wp-json\/wp\/v2\/posts\/1457794","targetHints":{"allow":["GET"]}}],"collection":[{"href":"https:\/\/www.pressenza.com\/es\/wp-json\/wp\/v2\/posts"}],"about":[{"href":"https:\/\/www.pressenza.com\/es\/wp-json\/wp\/v2\/types\/post"}],"author":[{"embeddable":true,"href":"https:\/\/www.pressenza.com\/es\/wp-json\/wp\/v2\/users\/1739"}],"replies":[{"embeddable":true,"href":"https:\/\/www.pressenza.com\/es\/wp-json\/wp\/v2\/comments?post=1457794"}],"version-history":[{"count":0,"href":"https:\/\/www.pressenza.com\/es\/wp-json\/wp\/v2\/posts\/1457794\/revisions"}],"wp:featuredmedia":[{"embeddable":true,"href":"https:\/\/www.pressenza.com\/es\/wp-json\/wp\/v2\/media\/1457798"}],"wp:attachment":[{"href":"https:\/\/www.pressenza.com\/es\/wp-json\/wp\/v2\/media?parent=1457794"}],"wp:term":[{"taxonomy":"category","embeddable":true,"href":"https:\/\/www.pressenza.com\/es\/wp-json\/wp\/v2\/categories?post=1457794"},{"taxonomy":"post_tag","embeddable":true,"href":"https:\/\/www.pressenza.com\/es\/wp-json\/wp\/v2\/tags?post=1457794"}],"curies":[{"name":"wp","href":"https:\/\/api.w.org\/{rel}","templated":true}]}}