{"id":1454352,"date":"2021-10-18T22:11:58","date_gmt":"2021-10-18T21:11:58","guid":{"rendered":"https:\/\/www.pressenza.com\/?p=1454352"},"modified":"2021-10-18T22:11:58","modified_gmt":"2021-10-18T21:11:58","slug":"nueva-protesta-masiva-contra-las-politicas-de-bukele","status":"publish","type":"post","link":"https:\/\/www.pressenza.com\/es\/2021\/10\/nueva-protesta-masiva-contra-las-politicas-de-bukele\/","title":{"rendered":"Nueva protesta masiva contra las pol\u00edticas de Bukele"},"content":{"rendered":"<p>Por G. Villarroel \/ S. Alas \/ O. Mach\u00f3n<\/p>\n<p>Ciudadanos y organizaciones de la sociedad civil salieron a las calle este 17 de octubre, en una nueva marcha para protestar en contra de las pol\u00edticas implementadas por el Gobierno de Nayib Bukele.<\/p>\n<p>Entre los motivos de la marcha est\u00e1n la implementaci\u00f3n de la ley bitcoin, las reformas constitucionales impulsadas por el Ejecutivo, el fallo de la reelecci\u00f3n aprobada por la Sala de lo Constitucional, dominada por el oficialismo, y los permisos que pretenden incluirse en la ley de agua que estudia la Asamblea Legislativa.<\/p>\n<p>A la marcha han llegado grupos feministas, sindicatos, defensores de derechos humanos, ambientalistas, jueces salvadore\u00f1os y ciudadanos particulares.<\/p>\n<p>La convocatoria de hoy es un segundo gran pulso de las organizaciones, miembros de oposici\u00f3n y ciudadanos desde la masiva concentraci\u00f3n del 15 de septiembre pasado, en la que participaron numerosos sectores que se unieron para exigir respeto a la democracia y separaci\u00f3n de poderes; as\u00ed como la derogaci\u00f3n de la ley bitcoin.<\/p>\n<p>Los manifestantes se reunieron en dos puntos: la Plaza de la Salud, frente al Hospital Rosales; y el parque Cuscatl\u00e1n, en la alameda Roosevelt.<\/p>\n<p>Ambas protestas confluir\u00e1n en la plaza c\u00edvica del Centro Hist\u00f3rico de San Salvador, la plaza Gerardo Barrios.<\/p>\n<p>Amalia L\u00f3pez, l\u00edder del Movimiento de Mujeres de Santo Tom\u00e1s, que forma parte de la Alianza Nacional contra la Privatizaci\u00f3n del Agua, asegur\u00f3 que este domingo se manifiestan en contra de la decisi\u00f3n de diputados de Nuevas Ideas de otorgar permisos por hasta 15 a\u00f1os, renovables, para la explotaci\u00f3n de agua por parte de empresas privadas.<\/p>\n<p>La activista y artista perform\u00e1tico, Lady Drag, tambi\u00e9n lleg\u00f3 a la marcha para protestar en contra de la decisi\u00f3n de diputados oficialistas. Asegura que esta es una forma de privatizar el recurso.<\/p>\n<p>Por su parte, el presidente de la organizaci\u00f3n ecologista CESTA, Ricardo Navarro, asegur\u00f3 que el Gobierno teme a las marchas y por esa raz\u00f3n ha colocado retenes en varios puntos de acceso a la capital. La Polic\u00eda Nacional Civil y las Fuerzas Armadas han retenido a cientos de ciudadanos que se transportaban la manifestaci\u00f3n esta ma\u00f1ana.<\/p>\n<p>&nbsp;<\/p>\n","protected":false},"excerpt":{"rendered":"<p>Por G. Villarroel \/ S. Alas \/ O. Mach\u00f3n Ciudadanos y organizaciones de la sociedad civil salieron a las calle este 17 de octubre, en una nueva marcha para protestar en contra de las pol\u00edticas implementadas por el Gobierno de&hellip;<\/p>\n","protected":false},"author":1075,"featured_media":1454353,"comment_status":"closed","ping_status":"closed","sticky":false,"template":"","format":"standard","meta":{"footnotes":""},"categories":[69,74],"tags":[54550,12175,394],"class_list":["post-1454352","post","type-post","status-publish","format-standard","has-post-thumbnail","hentry","category-america-central","category-politica-es","tag-bukele-es","tag-el-salvador-es","tag-protestas-sociales"],"yoast_head":"<!-- This site is optimized with the Yoast SEO plugin v27.1.1 - https:\/\/yoast.com\/product\/yoast-seo-wordpress\/ -->\n<title>Nueva protesta masiva contra las pol\u00edticas de Bukele<\/title>\n<meta name=\"description\" content=\"Por G. Villarroel \/ S. Alas \/ O. Mach\u00f3n Ciudadanos y organizaciones de la sociedad civil salieron a las calle este 17 de octubre, en una nueva marcha para\" \/>\n<meta name=\"robots\" content=\"index, follow, max-snippet:-1, max-image-preview:large, max-video-preview:-1\" \/>\n<link rel=\"canonical\" href=\"https:\/\/www.pressenza.com\/es\/2021\/10\/nueva-protesta-masiva-contra-las-politicas-de-bukele\/\" \/>\n<meta property=\"og:locale\" content=\"es_ES\" \/>\n<meta property=\"og:type\" content=\"article\" \/>\n<meta property=\"og:title\" content=\"Nueva protesta masiva contra las pol\u00edticas de Bukele\" \/>\n<meta property=\"og:description\" content=\"Por G. Villarroel \/ S. Alas \/ O. Mach\u00f3n Ciudadanos y organizaciones de la sociedad civil salieron a las calle este 17 de octubre, en una nueva marcha para\" \/>\n<meta property=\"og:url\" content=\"https:\/\/www.pressenza.com\/es\/2021\/10\/nueva-protesta-masiva-contra-las-politicas-de-bukele\/\" \/>\n<meta property=\"og:site_name\" content=\"Pressenza\" \/>\n<meta property=\"article:publisher\" content=\"https:\/\/www.facebook.com\/PressenzaItalia\" \/>\n<meta property=\"article:author\" content=\"https:\/\/www.facebook.com\/pages\/NODAL\/504497112975235\" \/>\n<meta property=\"article:published_time\" content=\"2021-10-18T21:11:58+00:00\" \/>\n<meta property=\"og:image\" content=\"https:\/\/www.pressenza.com\/wp-content\/uploads\/2021\/10\/page-77-750x430-1.jpg\" \/>\n\t<meta property=\"og:image:width\" content=\"750\" \/>\n\t<meta property=\"og:image:height\" content=\"430\" \/>\n\t<meta property=\"og:image:type\" content=\"image\/jpeg\" \/>\n<meta name=\"author\" content=\"Noticias de Am\u00e9rica Latina y el Caribe\" \/>\n<meta name=\"twitter:card\" content=\"summary_large_image\" \/>\n<meta name=\"twitter:creator\" content=\"@infoNodal\" \/>\n<meta name=\"twitter:site\" content=\"@PressenzaIPA\" \/>\n<meta name=\"twitter:label1\" content=\"Escrito por\" \/>\n\t<meta name=\"twitter:data1\" content=\"Noticias de Am\u00e9rica Latina y el Caribe\" \/>\n\t<meta name=\"twitter:label2\" content=\"Tiempo de lectura\" \/>\n\t<meta name=\"twitter:data2\" content=\"2 minutos\" \/>\n<script type=\"application\/ld+json\" class=\"yoast-schema-graph\">{\"@context\":\"https:\/\/schema.org\",\"@graph\":[{\"@type\":\"Article\",\"@id\":\"https:\/\/www.pressenza.com\/es\/2021\/10\/nueva-protesta-masiva-contra-las-politicas-de-bukele\/#article\",\"isPartOf\":{\"@id\":\"https:\/\/www.pressenza.com\/es\/2021\/10\/nueva-protesta-masiva-contra-las-politicas-de-bukele\/\"},\"author\":{\"name\":\"Noticias de Am\u00e9rica Latina y el Caribe\",\"@id\":\"https:\/\/www.pressenza.com\/es\/#\/schema\/person\/2589ceb48064b9d4249652e5d275a2ec\"},\"headline\":\"Nueva protesta masiva contra las pol\u00edticas de Bukele\",\"datePublished\":\"2021-10-18T21:11:58+00:00\",\"mainEntityOfPage\":{\"@id\":\"https:\/\/www.pressenza.com\/es\/2021\/10\/nueva-protesta-masiva-contra-las-politicas-de-bukele\/\"},\"wordCount\":384,\"publisher\":{\"@id\":\"https:\/\/www.pressenza.com\/es\/#organization\"},\"image\":{\"@id\":\"https:\/\/www.pressenza.com\/es\/2021\/10\/nueva-protesta-masiva-contra-las-politicas-de-bukele\/#primaryimage\"},\"thumbnailUrl\":\"https:\/\/www.pressenza.com\/wp-content\/uploads\/2021\/10\/page-77-750x430-1.jpg\",\"keywords\":[\"Bukele\",\"El Salvador\",\"protestas sociales\"],\"articleSection\":[\"Am\u00e9rica Central\",\"Pol\u00edtica\"],\"inLanguage\":\"es\"},{\"@type\":\"WebPage\",\"@id\":\"https:\/\/www.pressenza.com\/es\/2021\/10\/nueva-protesta-masiva-contra-las-politicas-de-bukele\/\",\"url\":\"https:\/\/www.pressenza.com\/es\/2021\/10\/nueva-protesta-masiva-contra-las-politicas-de-bukele\/\",\"name\":\"Nueva protesta masiva contra las pol\u00edticas de Bukele\",\"isPartOf\":{\"@id\":\"https:\/\/www.pressenza.com\/es\/#website\"},\"primaryImageOfPage\":{\"@id\":\"https:\/\/www.pressenza.com\/es\/2021\/10\/nueva-protesta-masiva-contra-las-politicas-de-bukele\/#primaryimage\"},\"image\":{\"@id\":\"https:\/\/www.pressenza.com\/es\/2021\/10\/nueva-protesta-masiva-contra-las-politicas-de-bukele\/#primaryimage\"},\"thumbnailUrl\":\"https:\/\/www.pressenza.com\/wp-content\/uploads\/2021\/10\/page-77-750x430-1.jpg\",\"datePublished\":\"2021-10-18T21:11:58+00:00\",\"description\":\"Por G. Villarroel \/ S. Alas \/ O. Mach\u00f3n Ciudadanos y organizaciones de la sociedad civil salieron a las calle este 17 de octubre, en una nueva marcha para\",\"breadcrumb\":{\"@id\":\"https:\/\/www.pressenza.com\/es\/2021\/10\/nueva-protesta-masiva-contra-las-politicas-de-bukele\/#breadcrumb\"},\"inLanguage\":\"es\",\"potentialAction\":[{\"@type\":\"ReadAction\",\"target\":[\"https:\/\/www.pressenza.com\/es\/2021\/10\/nueva-protesta-masiva-contra-las-politicas-de-bukele\/\"]}]},{\"@type\":\"ImageObject\",\"inLanguage\":\"es\",\"@id\":\"https:\/\/www.pressenza.com\/es\/2021\/10\/nueva-protesta-masiva-contra-las-politicas-de-bukele\/#primaryimage\",\"url\":\"https:\/\/www.pressenza.com\/wp-content\/uploads\/2021\/10\/page-77-750x430-1.jpg\",\"contentUrl\":\"https:\/\/www.pressenza.com\/wp-content\/uploads\/2021\/10\/page-77-750x430-1.jpg\",\"width\":750,\"height\":430,\"caption\":\"NODAL\"},{\"@type\":\"BreadcrumbList\",\"@id\":\"https:\/\/www.pressenza.com\/es\/2021\/10\/nueva-protesta-masiva-contra-las-politicas-de-bukele\/#breadcrumb\",\"itemListElement\":[{\"@type\":\"ListItem\",\"position\":1,\"name\":\"Accueil\",\"item\":\"https:\/\/www.pressenza.com\/es\/\"},{\"@type\":\"ListItem\",\"position\":2,\"name\":\"Nueva protesta masiva contra las pol\u00edticas de Bukele\"}]},{\"@type\":\"WebSite\",\"@id\":\"https:\/\/www.pressenza.com\/es\/#website\",\"url\":\"https:\/\/www.pressenza.com\/es\/\",\"name\":\"Pressenza\",\"description\":\"International Press Agency\",\"publisher\":{\"@id\":\"https:\/\/www.pressenza.com\/es\/#organization\"},\"potentialAction\":[{\"@type\":\"SearchAction\",\"target\":{\"@type\":\"EntryPoint\",\"urlTemplate\":\"https:\/\/www.pressenza.com\/es\/?s={search_term_string}\"},\"query-input\":{\"@type\":\"PropertyValueSpecification\",\"valueRequired\":true,\"valueName\":\"search_term_string\"}}],\"inLanguage\":\"es\"},{\"@type\":\"Organization\",\"@id\":\"https:\/\/www.pressenza.com\/es\/#organization\",\"name\":\"Pressenza\",\"url\":\"https:\/\/www.pressenza.com\/es\/\",\"logo\":{\"@type\":\"ImageObject\",\"inLanguage\":\"es\",\"@id\":\"https:\/\/www.pressenza.com\/es\/#\/schema\/logo\/image\/\",\"url\":\"https:\/\/www.pressenza.com\/wp-content\/uploads\/2022\/10\/pressenza_logo_200x200.jpg\",\"contentUrl\":\"https:\/\/www.pressenza.com\/wp-content\/uploads\/2022\/10\/pressenza_logo_200x200.jpg\",\"width\":200,\"height\":200,\"caption\":\"Pressenza\"},\"image\":{\"@id\":\"https:\/\/www.pressenza.com\/es\/#\/schema\/logo\/image\/\"},\"sameAs\":[\"https:\/\/www.facebook.com\/PressenzaItalia\",\"https:\/\/x.com\/PressenzaIPA\"]},{\"@type\":\"Person\",\"@id\":\"https:\/\/www.pressenza.com\/es\/#\/schema\/person\/2589ceb48064b9d4249652e5d275a2ec\",\"name\":\"Noticias de Am\u00e9rica Latina y el Caribe\",\"description\":\"Primer portal de noticias de Am\u00e9rica Latina y el Caribe. Director: Pedro Brieger Con el apoyo de la Fundaci\u00f3n para la Integraci\u00f3n Latinoamericana (FILA) www.nodal.am\",\"sameAs\":[\"https:\/\/www.facebook.com\/pages\/NODAL\/504497112975235\",\"https:\/\/x.com\/infoNodal\"],\"url\":\"https:\/\/www.pressenza.com\/es\/author\/nodal\/\"}]}<\/script>\n<!-- \/ Yoast SEO plugin. -->","yoast_head_json":{"title":"Nueva protesta masiva contra las pol\u00edticas de Bukele","description":"Por G. Villarroel \/ S. Alas \/ O. Mach\u00f3n Ciudadanos y organizaciones de la sociedad civil salieron a las calle este 17 de octubre, en una nueva marcha para","robots":{"index":"index","follow":"follow","max-snippet":"max-snippet:-1","max-image-preview":"max-image-preview:large","max-video-preview":"max-video-preview:-1"},"canonical":"https:\/\/www.pressenza.com\/es\/2021\/10\/nueva-protesta-masiva-contra-las-politicas-de-bukele\/","og_locale":"es_ES","og_type":"article","og_title":"Nueva protesta masiva contra las pol\u00edticas de Bukele","og_description":"Por G. Villarroel \/ S. Alas \/ O. Mach\u00f3n Ciudadanos y organizaciones de la sociedad civil salieron a las calle este 17 de octubre, en una nueva marcha para","og_url":"https:\/\/www.pressenza.com\/es\/2021\/10\/nueva-protesta-masiva-contra-las-politicas-de-bukele\/","og_site_name":"Pressenza","article_publisher":"https:\/\/www.facebook.com\/PressenzaItalia","article_author":"https:\/\/www.facebook.com\/pages\/NODAL\/504497112975235","article_published_time":"2021-10-18T21:11:58+00:00","og_image":[{"width":750,"height":430,"url":"https:\/\/www.pressenza.com\/wp-content\/uploads\/2021\/10\/page-77-750x430-1.jpg","type":"image\/jpeg"}],"author":"Noticias de Am\u00e9rica Latina y el Caribe","twitter_card":"summary_large_image","twitter_creator":"@infoNodal","twitter_site":"@PressenzaIPA","twitter_misc":{"Escrito por":"Noticias de Am\u00e9rica Latina y el Caribe","Tiempo de lectura":"2 minutos"},"schema":{"@context":"https:\/\/schema.org","@graph":[{"@type":"Article","@id":"https:\/\/www.pressenza.com\/es\/2021\/10\/nueva-protesta-masiva-contra-las-politicas-de-bukele\/#article","isPartOf":{"@id":"https:\/\/www.pressenza.com\/es\/2021\/10\/nueva-protesta-masiva-contra-las-politicas-de-bukele\/"},"author":{"name":"Noticias de Am\u00e9rica Latina y el Caribe","@id":"https:\/\/www.pressenza.com\/es\/#\/schema\/person\/2589ceb48064b9d4249652e5d275a2ec"},"headline":"Nueva protesta masiva contra las pol\u00edticas de Bukele","datePublished":"2021-10-18T21:11:58+00:00","mainEntityOfPage":{"@id":"https:\/\/www.pressenza.com\/es\/2021\/10\/nueva-protesta-masiva-contra-las-politicas-de-bukele\/"},"wordCount":384,"publisher":{"@id":"https:\/\/www.pressenza.com\/es\/#organization"},"image":{"@id":"https:\/\/www.pressenza.com\/es\/2021\/10\/nueva-protesta-masiva-contra-las-politicas-de-bukele\/#primaryimage"},"thumbnailUrl":"https:\/\/www.pressenza.com\/wp-content\/uploads\/2021\/10\/page-77-750x430-1.jpg","keywords":["Bukele","El Salvador","protestas sociales"],"articleSection":["Am\u00e9rica Central","Pol\u00edtica"],"inLanguage":"es"},{"@type":"WebPage","@id":"https:\/\/www.pressenza.com\/es\/2021\/10\/nueva-protesta-masiva-contra-las-politicas-de-bukele\/","url":"https:\/\/www.pressenza.com\/es\/2021\/10\/nueva-protesta-masiva-contra-las-politicas-de-bukele\/","name":"Nueva protesta masiva contra las pol\u00edticas de Bukele","isPartOf":{"@id":"https:\/\/www.pressenza.com\/es\/#website"},"primaryImageOfPage":{"@id":"https:\/\/www.pressenza.com\/es\/2021\/10\/nueva-protesta-masiva-contra-las-politicas-de-bukele\/#primaryimage"},"image":{"@id":"https:\/\/www.pressenza.com\/es\/2021\/10\/nueva-protesta-masiva-contra-las-politicas-de-bukele\/#primaryimage"},"thumbnailUrl":"https:\/\/www.pressenza.com\/wp-content\/uploads\/2021\/10\/page-77-750x430-1.jpg","datePublished":"2021-10-18T21:11:58+00:00","description":"Por G. Villarroel \/ S. Alas \/ O. Mach\u00f3n Ciudadanos y organizaciones de la sociedad civil salieron a las calle este 17 de octubre, en una nueva marcha para","breadcrumb":{"@id":"https:\/\/www.pressenza.com\/es\/2021\/10\/nueva-protesta-masiva-contra-las-politicas-de-bukele\/#breadcrumb"},"inLanguage":"es","potentialAction":[{"@type":"ReadAction","target":["https:\/\/www.pressenza.com\/es\/2021\/10\/nueva-protesta-masiva-contra-las-politicas-de-bukele\/"]}]},{"@type":"ImageObject","inLanguage":"es","@id":"https:\/\/www.pressenza.com\/es\/2021\/10\/nueva-protesta-masiva-contra-las-politicas-de-bukele\/#primaryimage","url":"https:\/\/www.pressenza.com\/wp-content\/uploads\/2021\/10\/page-77-750x430-1.jpg","contentUrl":"https:\/\/www.pressenza.com\/wp-content\/uploads\/2021\/10\/page-77-750x430-1.jpg","width":750,"height":430,"caption":"NODAL"},{"@type":"BreadcrumbList","@id":"https:\/\/www.pressenza.com\/es\/2021\/10\/nueva-protesta-masiva-contra-las-politicas-de-bukele\/#breadcrumb","itemListElement":[{"@type":"ListItem","position":1,"name":"Accueil","item":"https:\/\/www.pressenza.com\/es\/"},{"@type":"ListItem","position":2,"name":"Nueva protesta masiva contra las pol\u00edticas de Bukele"}]},{"@type":"WebSite","@id":"https:\/\/www.pressenza.com\/es\/#website","url":"https:\/\/www.pressenza.com\/es\/","name":"Pressenza","description":"International Press Agency","publisher":{"@id":"https:\/\/www.pressenza.com\/es\/#organization"},"potentialAction":[{"@type":"SearchAction","target":{"@type":"EntryPoint","urlTemplate":"https:\/\/www.pressenza.com\/es\/?s={search_term_string}"},"query-input":{"@type":"PropertyValueSpecification","valueRequired":true,"valueName":"search_term_string"}}],"inLanguage":"es"},{"@type":"Organization","@id":"https:\/\/www.pressenza.com\/es\/#organization","name":"Pressenza","url":"https:\/\/www.pressenza.com\/es\/","logo":{"@type":"ImageObject","inLanguage":"es","@id":"https:\/\/www.pressenza.com\/es\/#\/schema\/logo\/image\/","url":"https:\/\/www.pressenza.com\/wp-content\/uploads\/2022\/10\/pressenza_logo_200x200.jpg","contentUrl":"https:\/\/www.pressenza.com\/wp-content\/uploads\/2022\/10\/pressenza_logo_200x200.jpg","width":200,"height":200,"caption":"Pressenza"},"image":{"@id":"https:\/\/www.pressenza.com\/es\/#\/schema\/logo\/image\/"},"sameAs":["https:\/\/www.facebook.com\/PressenzaItalia","https:\/\/x.com\/PressenzaIPA"]},{"@type":"Person","@id":"https:\/\/www.pressenza.com\/es\/#\/schema\/person\/2589ceb48064b9d4249652e5d275a2ec","name":"Noticias de Am\u00e9rica Latina y el Caribe","description":"Primer portal de noticias de Am\u00e9rica Latina y el Caribe. Director: Pedro Brieger Con el apoyo de la Fundaci\u00f3n para la Integraci\u00f3n Latinoamericana (FILA) www.nodal.am","sameAs":["https:\/\/www.facebook.com\/pages\/NODAL\/504497112975235","https:\/\/x.com\/infoNodal"],"url":"https:\/\/www.pressenza.com\/es\/author\/nodal\/"}]}},"place":"El Salvador","original_article_url":"https:\/\/www.nodal.am\/2021\/10\/el-salvador-nueva-protesta-masiva-contra-las-politicas-de-bukele\/","_links":{"self":[{"href":"https:\/\/www.pressenza.com\/es\/wp-json\/wp\/v2\/posts\/1454352","targetHints":{"allow":["GET"]}}],"collection":[{"href":"https:\/\/www.pressenza.com\/es\/wp-json\/wp\/v2\/posts"}],"about":[{"href":"https:\/\/www.pressenza.com\/es\/wp-json\/wp\/v2\/types\/post"}],"author":[{"embeddable":true,"href":"https:\/\/www.pressenza.com\/es\/wp-json\/wp\/v2\/users\/1075"}],"replies":[{"embeddable":true,"href":"https:\/\/www.pressenza.com\/es\/wp-json\/wp\/v2\/comments?post=1454352"}],"version-history":[{"count":0,"href":"https:\/\/www.pressenza.com\/es\/wp-json\/wp\/v2\/posts\/1454352\/revisions"}],"wp:featuredmedia":[{"embeddable":true,"href":"https:\/\/www.pressenza.com\/es\/wp-json\/wp\/v2\/media\/1454353"}],"wp:attachment":[{"href":"https:\/\/www.pressenza.com\/es\/wp-json\/wp\/v2\/media?parent=1454352"}],"wp:term":[{"taxonomy":"category","embeddable":true,"href":"https:\/\/www.pressenza.com\/es\/wp-json\/wp\/v2\/categories?post=1454352"},{"taxonomy":"post_tag","embeddable":true,"href":"https:\/\/www.pressenza.com\/es\/wp-json\/wp\/v2\/tags?post=1454352"}],"curies":[{"name":"wp","href":"https:\/\/api.w.org\/{rel}","templated":true}]}}