{"id":1453750,"date":"2021-10-17T19:29:33","date_gmt":"2021-10-17T18:29:33","guid":{"rendered":"https:\/\/www.pressenza.com\/?p=1453750"},"modified":"2021-10-17T23:14:02","modified_gmt":"2021-10-17T22:14:02","slug":"msgysv-panama-y-la-marcha-latinoamericana","status":"publish","type":"post","link":"https:\/\/www.pressenza.com\/es\/2021\/10\/msgysv-panama-y-la-marcha-latinoamericana\/","title":{"rendered":"MSGySV Panam\u00e1 y la Marcha Latinoamericana"},"content":{"rendered":"<h2>Mundo Sin Guerras y Sin Violencia Panam\u00e1 transmite este comunicado sobre la Marcha Latinoamericana<\/h2>\n<p>Mundo Sin Guerras y Sin Violencia Panam\u00e1 transmite este comunicado compartiendo las actividades realizadas en la\u00a0<a href=\"https:\/\/www.pressenza.com\/es\/2021\/09\/exitoso-inicio-de-la-marcha-latinoamericana\/\" target=\"_blank\" rel=\"noreferrer noopener\">1\u00aa Marcha Latinoamericana por la Noviolencia<\/a>\u00a0y su agradecimiento a los participantes y las entidades colaboradoras:<\/p>\n<p>Mundo sin guerras y sin violencia, envi\u00f3 una invitaci\u00f3n especial a diversas organizaciones, entidades y medios de comunicaci\u00f3n, para su adhesi\u00f3n a las actividades que organizamos en el marco de la Marcha Latinoamericana de la noviolencia, llevadas a cabo en conjunto con la Ciudad del Saber en la comunidad de Clayton, ciudad de Panam\u00e1, conmemorando de igual manera, el d\u00eda internacional de la paz el 21 de septiembre y el d\u00eda de la noviolencia el 02 de octubre de 2021.<\/p>\n<p>La juventud paname\u00f1a estuvo bastante participativa en los eventos realizados por Mundo sin guerras y sin violencia Panam\u00e1, celebrando la Marcha Latinoamericana, gracias al apoyo de la\u00a0<em>Ciudad del Saber y la\u00a0<a href=\"https:\/\/www.sgipanama.com\/\" target=\"_blank\" rel=\"noreferrer noopener\">Soka Gakkai<\/a>\u00a0de Panam\u00e1<\/em>, quienes dijeron s\u00ed a la paz y la noviolencia en nuestro pa\u00eds.<\/p>\n<p><img loading=\"lazy\" decoding=\"async\" class=\"wp-image-1453765 size-large aligncenter\" src=\"https:\/\/www.pressenza.com\/wp-content\/uploads\/2021\/10\/01-octubre-Panama-celebra-la-Marcha-con-la-juventud-03-820x509.jpeg\" alt=\"\" width=\"820\" height=\"509\" srcset=\"https:\/\/www.pressenza.com\/wp-content\/uploads\/2021\/10\/01-octubre-Panama-celebra-la-Marcha-con-la-juventud-03-820x509.jpeg 820w, https:\/\/www.pressenza.com\/wp-content\/uploads\/2021\/10\/01-octubre-Panama-celebra-la-Marcha-con-la-juventud-03-300x186.jpeg 300w, https:\/\/www.pressenza.com\/wp-content\/uploads\/2021\/10\/01-octubre-Panama-celebra-la-Marcha-con-la-juventud-03.jpeg 1280w\" sizes=\"auto, (max-width: 820px) 100vw, 820px\" \/><\/p>\n<p>Manteniendo las medidas de bioseguridad, en un soleado martes 21 de septiembre, se llev\u00f3 a cabo la primera actividad, una imagen humana del s\u00edmbolo de la paz, con el distanciamiento solicitado por las autoridades paname\u00f1as, contando con la representaci\u00f3n de la juventud\u00a0<em>Soka Gakkai<\/em>\u00a0y estudiantes de la\u00a0<em>Academia Biling\u00fce Panam\u00e1 para el Futuro<\/em>, cuyos j\u00f3venes han sido seleccionados entre los m\u00e1s sobresalientes de distintas \u00e1reas del pa\u00eds, por su excelencia acad\u00e9mica.<\/p>\n<p><iframe loading=\"lazy\" title=\"S\u00edmbolo humano por la paz realizado en Panam\u00e1 el d\u00eda Internacional de la Paz.\" width=\"500\" height=\"281\" src=\"https:\/\/www.youtube.com\/embed\/B4r2DRQisUw?feature=oembed\" frameborder=\"0\" allow=\"accelerometer; autoplay; clipboard-write; encrypted-media; gyroscope; picture-in-picture; web-share\" referrerpolicy=\"strict-origin-when-cross-origin\" allowfullscreen><\/iframe><\/p>\n<p>En un brillante viernes 01 de octubre, muy temprano, se realiz\u00f3 una caminata silenciosa en el parque de la Ciudad del Saber, recordando los fallecidos v\u00edctima de todo tipo de violencia, as\u00ed como por el COVID-19, en Panam\u00e1 y resto del mundo. En la caminata, contamos con la asistencia de j\u00f3venes voluntarios de la\u00a0<em>Cruz Roja de Panam\u00e1<\/em>, estudiantes y Profesores del\u00a0<em>Colegio Isaac Rabin<\/em>\u00a0y j\u00f3venes de la organizaci\u00f3n budista sin fin de lucro,\u00a0<em>Soka Gakkai de Panam\u00e1<\/em>.<\/p>\n<p>La cantante\u00a0<em>Grettel Garibaldi<\/em>, realiz\u00f3 la grabaci\u00f3n de una propaganda radial y audiovisual que fue enviada a las principales emisoras y televisoras de la ciudad de Panam\u00e1, de igual manera, la joven cantante cedi\u00f3 su tema musical: \u201cBuscando Paz\u201d, interpretado junto a las cantantes\u00a0<em>Margarita Henr\u00edquez, Yamilka Pitre y Brenda Lao<\/em>, el cual fue designado como himno de la Marcha Latinoamericana en Panam\u00e1, realizamos la edici\u00f3n audiovisual del tema, ilustr\u00e1ndolo con diversas im\u00e1genes de las actividades que se estuvieron realizando en los pa\u00edses latinoamericanos de la regi\u00f3n durante la marcha y algunos de los flyers que realiz\u00f3 Mundo sin guerras Panam\u00e1, para promover la Marcha Latinoamericana; importante destacar que el logo que se utiliz\u00f3 en todos los pa\u00edses para la parafernalia de la marcha, fue realizado por Mundo sin guerras Panam\u00e1.<\/p>\n<p><iframe loading=\"lazy\" title=\"[Mensaje de Gretti Garibaldi] - Marcha Latinoamericana por la No Violencia - 2021\" width=\"500\" height=\"281\" src=\"https:\/\/www.youtube.com\/embed\/B9uPAAXmo00?feature=oembed\" frameborder=\"0\" allow=\"accelerometer; autoplay; clipboard-write; encrypted-media; gyroscope; picture-in-picture; web-share\" referrerpolicy=\"strict-origin-when-cross-origin\" allowfullscreen><\/iframe><\/p>\n<p>Para promover las actividades en Panam\u00e1, se realizaron entrevistas en vivo a\u00a0<em>Belquis De Gracia<\/em>, de Mundo sin guerras Panam\u00e1, en los siguientes medios: El s\u00e1bado 18 de septiembre, a las 8:00 horas, en el programa radial,\u00a0<em>\u201cAl filo de la verdad\u201d<\/em>, conducido por el periodista\u00a0<em>Aquilino Ortega<\/em>; el martes 21 de septiembre, a las 14:00 horas, se particip\u00f3 en el programa radial, \u201cTarde Espectacular\u201d conducido por la periodista\u00a0<em>Didia Gallardo<\/em>, ambos programas forman parte de la parrilla de programaci\u00f3n de la emisora RPC radio, que tiene cobertura nacional. Tambi\u00e9n se realiz\u00f3 una entrevista en el programa \u201c<em>Somos Cultura 247<\/em>\u201d, emisi\u00f3n simult\u00e1nea tanto en la televisora como en la emisora Plus, conducido por el\u00a0<em>Comunicador Social Kristian Alvelo<\/em>, el miercoles 29 de septiembre a las 21:30 horas, la entrevista tambi\u00e9n se emiti\u00f3 en vivo simult\u00e1neamente a trav\u00e9s del Facebook de Plus.<\/p>\n<p><iframe loading=\"lazy\" title=\"Kristian Alvelo entrevista a Belquis De Gracia - Marcha Latinoamericana por la No Violencia - 2021\" width=\"500\" height=\"281\" src=\"https:\/\/www.youtube.com\/embed\/13H1SBUnNp0?feature=oembed\" frameborder=\"0\" allow=\"accelerometer; autoplay; clipboard-write; encrypted-media; gyroscope; picture-in-picture; web-share\" referrerpolicy=\"strict-origin-when-cross-origin\" allowfullscreen><\/iframe><\/p>\n<p><em>Grettel Garibaldi<\/em>\u00a0tambi\u00e9n fue entrevistada en un segmento de cultura que aparece en el noticiero\u00a0<em>Estelar de Sertv, canal 11<\/em>, conducido por\u00a0<em>Lorena Noriega<\/em>, al respecto del tema musical \u201cBuscando Paz\u201d, compuesto e interpretado por la cantante, y como coment\u00e1ramos, el mismo fue consignado como himno de la Marcha Latinoamericana en Panam\u00e1.<\/p>\n<p><iframe loading=\"lazy\" title=\"Canci\u00f3n &quot;Buscando Paz&quot; de #GrettelGaribaldi - Marcha Latinoamericana por la No Violencia - 2021\" width=\"500\" height=\"281\" src=\"https:\/\/www.youtube.com\/embed\/mILQ1CkfH2w?feature=oembed\" frameborder=\"0\" allow=\"accelerometer; autoplay; clipboard-write; encrypted-media; gyroscope; picture-in-picture; web-share\" referrerpolicy=\"strict-origin-when-cross-origin\" allowfullscreen><\/iframe><\/p>\n<p><em>La Ciudad del Saber y el Colegio Isaac Rabin<\/em>, hicieron publicaciones en sus redes sociales, aunando sus mensajes, con los de\u00a0<em>Mundo sin guerras y sin violencia Panam\u00e1<\/em>\u00a0en las redes sociales, sobre los eventos conmemorativos al d\u00eda de la paz y al d\u00eda de la noviolencia.<\/p>\n<p>Las dos actividades realizadas en la Ciudad del Saber, Panam\u00e1, tuvieron la cobertura del operador de dron, se\u00f1or Eric S\u00e1nchez, quien don\u00f3 la grabaci\u00f3n de las im\u00e1genes a\u00e9reas de los eventos, utilizando su propio equipo y tiempo para la cobertura de los mencionados eventos. Los miembros de Mundo sin guerras y sin violencia, estamos complacidos por la participaci\u00f3n de la juventud paname\u00f1a en las actividades llevadas a cabo en la Ciudad del Saber, nos alegra saber que los futuros adultos est\u00e1n en sinton\u00eda con la paz y la noviolencia en nuestro pa\u00eds.<\/p>\n<hr \/>\n<p>Redacci\u00f3n:\u00a0<em>Belquis De Gracia<\/em>, Mundo sin guerras y sin Violencia Panam\u00e1.<\/p>\n","protected":false},"excerpt":{"rendered":"<p>MSGySV Panam\u00e1 y la Marcha Latinoamericana. Mundo Sin Guerras y Sin Violencia Panam\u00e1 transmite este comunicado sobre la Marcha Latinoamericana <\/p>\n","protected":false},"author":1619,"featured_media":1453861,"comment_status":"closed","ping_status":"closed","sticky":false,"template":"","format":"standard","meta":{"footnotes":""},"categories":[79,1242,1243],"tags":[50526,383],"class_list":["post-1453750","post","type-post","status-publish","format-standard","has-post-thumbnail","hentry","category-derechos-humanos","category-noviolencia-tema","category-paz-desarme","tag-marcha-latinoamericana","tag-noviolencia"],"yoast_head":"<!-- This site is optimized with the Yoast SEO plugin v27.1.1 - https:\/\/yoast.com\/product\/yoast-seo-wordpress\/ -->\n<title>MSGySV Panam\u00e1 y la Marcha Latinoamericana<\/title>\n<meta name=\"description\" content=\"MSGySV Panam\u00e1 y la Marcha Latinoamericana. Mundo Sin Guerras y Sin Violencia Panam\u00e1 transmite este comunicado sobre la Marcha Latinoamericana\" \/>\n<meta name=\"robots\" content=\"index, follow, max-snippet:-1, max-image-preview:large, max-video-preview:-1\" \/>\n<link rel=\"canonical\" href=\"https:\/\/www.pressenza.com\/es\/2021\/10\/msgysv-panama-y-la-marcha-latinoamericana\/\" \/>\n<meta property=\"og:locale\" content=\"es_ES\" \/>\n<meta property=\"og:type\" content=\"article\" \/>\n<meta property=\"og:title\" content=\"MSGySV Panam\u00e1 y la Marcha Latinoamericana\" \/>\n<meta property=\"og:description\" content=\"MSGySV Panam\u00e1 y la Marcha Latinoamericana. Mundo Sin Guerras y Sin Violencia Panam\u00e1 transmite este comunicado sobre la Marcha Latinoamericana\" \/>\n<meta property=\"og:url\" content=\"https:\/\/www.pressenza.com\/es\/2021\/10\/msgysv-panama-y-la-marcha-latinoamericana\/\" \/>\n<meta property=\"og:site_name\" content=\"Pressenza\" \/>\n<meta property=\"article:publisher\" content=\"https:\/\/www.facebook.com\/PressenzaItalia\" \/>\n<meta property=\"article:published_time\" content=\"2021-10-17T18:29:33+00:00\" \/>\n<meta property=\"article:modified_time\" content=\"2021-10-17T22:14:02+00:00\" \/>\n<meta property=\"og:image\" content=\"https:\/\/www.pressenza.com\/wp-content\/uploads\/2021\/10\/Comunicado-1a-M-Latinoamericana-PANAMA-720-1.jpg\" \/>\n\t<meta property=\"og:image:width\" content=\"720\" \/>\n\t<meta property=\"og:image:height\" content=\"405\" \/>\n\t<meta property=\"og:image:type\" content=\"image\/jpeg\" \/>\n<meta name=\"author\" content=\"Antonio Gancedo\" \/>\n<meta name=\"twitter:card\" content=\"summary_large_image\" \/>\n<meta name=\"twitter:creator\" content=\"@PressenzaIPA\" \/>\n<meta name=\"twitter:site\" content=\"@PressenzaIPA\" \/>\n<meta name=\"twitter:label1\" content=\"Escrito por\" \/>\n\t<meta name=\"twitter:data1\" content=\"Antonio Gancedo\" \/>\n\t<meta name=\"twitter:label2\" content=\"Tiempo de lectura\" \/>\n\t<meta name=\"twitter:data2\" content=\"4 minutos\" \/>\n<script type=\"application\/ld+json\" class=\"yoast-schema-graph\">{\"@context\":\"https:\/\/schema.org\",\"@graph\":[{\"@type\":\"Article\",\"@id\":\"https:\/\/www.pressenza.com\/es\/2021\/10\/msgysv-panama-y-la-marcha-latinoamericana\/#article\",\"isPartOf\":{\"@id\":\"https:\/\/www.pressenza.com\/es\/2021\/10\/msgysv-panama-y-la-marcha-latinoamericana\/\"},\"author\":{\"name\":\"Antonio Gancedo\",\"@id\":\"https:\/\/www.pressenza.com\/es\/#\/schema\/person\/0889c8e06f27db8f8ee7faaf15aa3439\"},\"headline\":\"MSGySV Panam\u00e1 y la Marcha Latinoamericana\",\"datePublished\":\"2021-10-17T18:29:33+00:00\",\"dateModified\":\"2021-10-17T22:14:02+00:00\",\"mainEntityOfPage\":{\"@id\":\"https:\/\/www.pressenza.com\/es\/2021\/10\/msgysv-panama-y-la-marcha-latinoamericana\/\"},\"wordCount\":863,\"publisher\":{\"@id\":\"https:\/\/www.pressenza.com\/es\/#organization\"},\"image\":{\"@id\":\"https:\/\/www.pressenza.com\/es\/2021\/10\/msgysv-panama-y-la-marcha-latinoamericana\/#primaryimage\"},\"thumbnailUrl\":\"https:\/\/www.pressenza.com\/wp-content\/uploads\/2021\/10\/Comunicado-1a-M-Latinoamericana-PANAMA-720-1.jpg\",\"keywords\":[\"marcha latinoamericana\",\"Noviolencia\"],\"articleSection\":[\"Derechos Humanos\",\"Noviolencia\",\"Paz y Desarme\"],\"inLanguage\":\"es\"},{\"@type\":\"WebPage\",\"@id\":\"https:\/\/www.pressenza.com\/es\/2021\/10\/msgysv-panama-y-la-marcha-latinoamericana\/\",\"url\":\"https:\/\/www.pressenza.com\/es\/2021\/10\/msgysv-panama-y-la-marcha-latinoamericana\/\",\"name\":\"MSGySV Panam\u00e1 y la Marcha Latinoamericana\",\"isPartOf\":{\"@id\":\"https:\/\/www.pressenza.com\/es\/#website\"},\"primaryImageOfPage\":{\"@id\":\"https:\/\/www.pressenza.com\/es\/2021\/10\/msgysv-panama-y-la-marcha-latinoamericana\/#primaryimage\"},\"image\":{\"@id\":\"https:\/\/www.pressenza.com\/es\/2021\/10\/msgysv-panama-y-la-marcha-latinoamericana\/#primaryimage\"},\"thumbnailUrl\":\"https:\/\/www.pressenza.com\/wp-content\/uploads\/2021\/10\/Comunicado-1a-M-Latinoamericana-PANAMA-720-1.jpg\",\"datePublished\":\"2021-10-17T18:29:33+00:00\",\"dateModified\":\"2021-10-17T22:14:02+00:00\",\"description\":\"MSGySV Panam\u00e1 y la Marcha Latinoamericana. Mundo Sin Guerras y Sin Violencia Panam\u00e1 transmite este comunicado sobre la Marcha Latinoamericana\",\"breadcrumb\":{\"@id\":\"https:\/\/www.pressenza.com\/es\/2021\/10\/msgysv-panama-y-la-marcha-latinoamericana\/#breadcrumb\"},\"inLanguage\":\"es\",\"potentialAction\":[{\"@type\":\"ReadAction\",\"target\":[\"https:\/\/www.pressenza.com\/es\/2021\/10\/msgysv-panama-y-la-marcha-latinoamericana\/\"]}]},{\"@type\":\"ImageObject\",\"inLanguage\":\"es\",\"@id\":\"https:\/\/www.pressenza.com\/es\/2021\/10\/msgysv-panama-y-la-marcha-latinoamericana\/#primaryimage\",\"url\":\"https:\/\/www.pressenza.com\/wp-content\/uploads\/2021\/10\/Comunicado-1a-M-Latinoamericana-PANAMA-720-1.jpg\",\"contentUrl\":\"https:\/\/www.pressenza.com\/wp-content\/uploads\/2021\/10\/Comunicado-1a-M-Latinoamericana-PANAMA-720-1.jpg\",\"width\":720,\"height\":405,\"caption\":\"MSGySV Panam\u00e1 y la Marcha Latinoamericana\"},{\"@type\":\"BreadcrumbList\",\"@id\":\"https:\/\/www.pressenza.com\/es\/2021\/10\/msgysv-panama-y-la-marcha-latinoamericana\/#breadcrumb\",\"itemListElement\":[{\"@type\":\"ListItem\",\"position\":1,\"name\":\"Accueil\",\"item\":\"https:\/\/www.pressenza.com\/es\/\"},{\"@type\":\"ListItem\",\"position\":2,\"name\":\"MSGySV Panam\u00e1 y la Marcha Latinoamericana\"}]},{\"@type\":\"WebSite\",\"@id\":\"https:\/\/www.pressenza.com\/es\/#website\",\"url\":\"https:\/\/www.pressenza.com\/es\/\",\"name\":\"Pressenza\",\"description\":\"International Press Agency\",\"publisher\":{\"@id\":\"https:\/\/www.pressenza.com\/es\/#organization\"},\"potentialAction\":[{\"@type\":\"SearchAction\",\"target\":{\"@type\":\"EntryPoint\",\"urlTemplate\":\"https:\/\/www.pressenza.com\/es\/?s={search_term_string}\"},\"query-input\":{\"@type\":\"PropertyValueSpecification\",\"valueRequired\":true,\"valueName\":\"search_term_string\"}}],\"inLanguage\":\"es\"},{\"@type\":\"Organization\",\"@id\":\"https:\/\/www.pressenza.com\/es\/#organization\",\"name\":\"Pressenza\",\"url\":\"https:\/\/www.pressenza.com\/es\/\",\"logo\":{\"@type\":\"ImageObject\",\"inLanguage\":\"es\",\"@id\":\"https:\/\/www.pressenza.com\/es\/#\/schema\/logo\/image\/\",\"url\":\"https:\/\/www.pressenza.com\/wp-content\/uploads\/2022\/10\/pressenza_logo_200x200.jpg\",\"contentUrl\":\"https:\/\/www.pressenza.com\/wp-content\/uploads\/2022\/10\/pressenza_logo_200x200.jpg\",\"width\":200,\"height\":200,\"caption\":\"Pressenza\"},\"image\":{\"@id\":\"https:\/\/www.pressenza.com\/es\/#\/schema\/logo\/image\/\"},\"sameAs\":[\"https:\/\/www.facebook.com\/PressenzaItalia\",\"https:\/\/x.com\/PressenzaIPA\"]},{\"@type\":\"Person\",\"@id\":\"https:\/\/www.pressenza.com\/es\/#\/schema\/person\/0889c8e06f27db8f8ee7faaf15aa3439\",\"name\":\"Antonio Gancedo\",\"description\":\"Redactor de Pressenza. Redactor de theworldmarch.org. Militante Humanista.\",\"url\":\"https:\/\/www.pressenza.com\/es\/author\/antonio-gancedo\/\"}]}<\/script>\n<!-- \/ Yoast SEO plugin. -->","yoast_head_json":{"title":"MSGySV Panam\u00e1 y la Marcha Latinoamericana","description":"MSGySV Panam\u00e1 y la Marcha Latinoamericana. Mundo Sin Guerras y Sin Violencia Panam\u00e1 transmite este comunicado sobre la Marcha Latinoamericana","robots":{"index":"index","follow":"follow","max-snippet":"max-snippet:-1","max-image-preview":"max-image-preview:large","max-video-preview":"max-video-preview:-1"},"canonical":"https:\/\/www.pressenza.com\/es\/2021\/10\/msgysv-panama-y-la-marcha-latinoamericana\/","og_locale":"es_ES","og_type":"article","og_title":"MSGySV Panam\u00e1 y la Marcha Latinoamericana","og_description":"MSGySV Panam\u00e1 y la Marcha Latinoamericana. Mundo Sin Guerras y Sin Violencia Panam\u00e1 transmite este comunicado sobre la Marcha Latinoamericana","og_url":"https:\/\/www.pressenza.com\/es\/2021\/10\/msgysv-panama-y-la-marcha-latinoamericana\/","og_site_name":"Pressenza","article_publisher":"https:\/\/www.facebook.com\/PressenzaItalia","article_published_time":"2021-10-17T18:29:33+00:00","article_modified_time":"2021-10-17T22:14:02+00:00","og_image":[{"width":720,"height":405,"url":"https:\/\/www.pressenza.com\/wp-content\/uploads\/2021\/10\/Comunicado-1a-M-Latinoamericana-PANAMA-720-1.jpg","type":"image\/jpeg"}],"author":"Antonio Gancedo","twitter_card":"summary_large_image","twitter_creator":"@PressenzaIPA","twitter_site":"@PressenzaIPA","twitter_misc":{"Escrito por":"Antonio Gancedo","Tiempo de lectura":"4 minutos"},"schema":{"@context":"https:\/\/schema.org","@graph":[{"@type":"Article","@id":"https:\/\/www.pressenza.com\/es\/2021\/10\/msgysv-panama-y-la-marcha-latinoamericana\/#article","isPartOf":{"@id":"https:\/\/www.pressenza.com\/es\/2021\/10\/msgysv-panama-y-la-marcha-latinoamericana\/"},"author":{"name":"Antonio Gancedo","@id":"https:\/\/www.pressenza.com\/es\/#\/schema\/person\/0889c8e06f27db8f8ee7faaf15aa3439"},"headline":"MSGySV Panam\u00e1 y la Marcha Latinoamericana","datePublished":"2021-10-17T18:29:33+00:00","dateModified":"2021-10-17T22:14:02+00:00","mainEntityOfPage":{"@id":"https:\/\/www.pressenza.com\/es\/2021\/10\/msgysv-panama-y-la-marcha-latinoamericana\/"},"wordCount":863,"publisher":{"@id":"https:\/\/www.pressenza.com\/es\/#organization"},"image":{"@id":"https:\/\/www.pressenza.com\/es\/2021\/10\/msgysv-panama-y-la-marcha-latinoamericana\/#primaryimage"},"thumbnailUrl":"https:\/\/www.pressenza.com\/wp-content\/uploads\/2021\/10\/Comunicado-1a-M-Latinoamericana-PANAMA-720-1.jpg","keywords":["marcha latinoamericana","Noviolencia"],"articleSection":["Derechos Humanos","Noviolencia","Paz y Desarme"],"inLanguage":"es"},{"@type":"WebPage","@id":"https:\/\/www.pressenza.com\/es\/2021\/10\/msgysv-panama-y-la-marcha-latinoamericana\/","url":"https:\/\/www.pressenza.com\/es\/2021\/10\/msgysv-panama-y-la-marcha-latinoamericana\/","name":"MSGySV Panam\u00e1 y la Marcha Latinoamericana","isPartOf":{"@id":"https:\/\/www.pressenza.com\/es\/#website"},"primaryImageOfPage":{"@id":"https:\/\/www.pressenza.com\/es\/2021\/10\/msgysv-panama-y-la-marcha-latinoamericana\/#primaryimage"},"image":{"@id":"https:\/\/www.pressenza.com\/es\/2021\/10\/msgysv-panama-y-la-marcha-latinoamericana\/#primaryimage"},"thumbnailUrl":"https:\/\/www.pressenza.com\/wp-content\/uploads\/2021\/10\/Comunicado-1a-M-Latinoamericana-PANAMA-720-1.jpg","datePublished":"2021-10-17T18:29:33+00:00","dateModified":"2021-10-17T22:14:02+00:00","description":"MSGySV Panam\u00e1 y la Marcha Latinoamericana. Mundo Sin Guerras y Sin Violencia Panam\u00e1 transmite este comunicado sobre la Marcha Latinoamericana","breadcrumb":{"@id":"https:\/\/www.pressenza.com\/es\/2021\/10\/msgysv-panama-y-la-marcha-latinoamericana\/#breadcrumb"},"inLanguage":"es","potentialAction":[{"@type":"ReadAction","target":["https:\/\/www.pressenza.com\/es\/2021\/10\/msgysv-panama-y-la-marcha-latinoamericana\/"]}]},{"@type":"ImageObject","inLanguage":"es","@id":"https:\/\/www.pressenza.com\/es\/2021\/10\/msgysv-panama-y-la-marcha-latinoamericana\/#primaryimage","url":"https:\/\/www.pressenza.com\/wp-content\/uploads\/2021\/10\/Comunicado-1a-M-Latinoamericana-PANAMA-720-1.jpg","contentUrl":"https:\/\/www.pressenza.com\/wp-content\/uploads\/2021\/10\/Comunicado-1a-M-Latinoamericana-PANAMA-720-1.jpg","width":720,"height":405,"caption":"MSGySV Panam\u00e1 y la Marcha Latinoamericana"},{"@type":"BreadcrumbList","@id":"https:\/\/www.pressenza.com\/es\/2021\/10\/msgysv-panama-y-la-marcha-latinoamericana\/#breadcrumb","itemListElement":[{"@type":"ListItem","position":1,"name":"Accueil","item":"https:\/\/www.pressenza.com\/es\/"},{"@type":"ListItem","position":2,"name":"MSGySV Panam\u00e1 y la Marcha Latinoamericana"}]},{"@type":"WebSite","@id":"https:\/\/www.pressenza.com\/es\/#website","url":"https:\/\/www.pressenza.com\/es\/","name":"Pressenza","description":"International Press Agency","publisher":{"@id":"https:\/\/www.pressenza.com\/es\/#organization"},"potentialAction":[{"@type":"SearchAction","target":{"@type":"EntryPoint","urlTemplate":"https:\/\/www.pressenza.com\/es\/?s={search_term_string}"},"query-input":{"@type":"PropertyValueSpecification","valueRequired":true,"valueName":"search_term_string"}}],"inLanguage":"es"},{"@type":"Organization","@id":"https:\/\/www.pressenza.com\/es\/#organization","name":"Pressenza","url":"https:\/\/www.pressenza.com\/es\/","logo":{"@type":"ImageObject","inLanguage":"es","@id":"https:\/\/www.pressenza.com\/es\/#\/schema\/logo\/image\/","url":"https:\/\/www.pressenza.com\/wp-content\/uploads\/2022\/10\/pressenza_logo_200x200.jpg","contentUrl":"https:\/\/www.pressenza.com\/wp-content\/uploads\/2022\/10\/pressenza_logo_200x200.jpg","width":200,"height":200,"caption":"Pressenza"},"image":{"@id":"https:\/\/www.pressenza.com\/es\/#\/schema\/logo\/image\/"},"sameAs":["https:\/\/www.facebook.com\/PressenzaItalia","https:\/\/x.com\/PressenzaIPA"]},{"@type":"Person","@id":"https:\/\/www.pressenza.com\/es\/#\/schema\/person\/0889c8e06f27db8f8ee7faaf15aa3439","name":"Antonio Gancedo","description":"Redactor de Pressenza. Redactor de theworldmarch.org. Militante Humanista.","url":"https:\/\/www.pressenza.com\/es\/author\/antonio-gancedo\/"}]}},"place":"","original_article_url":"https:\/\/theworldmarch.org\/msgysv-panama-y-la-marcha-latinoamericana\/","_links":{"self":[{"href":"https:\/\/www.pressenza.com\/es\/wp-json\/wp\/v2\/posts\/1453750","targetHints":{"allow":["GET"]}}],"collection":[{"href":"https:\/\/www.pressenza.com\/es\/wp-json\/wp\/v2\/posts"}],"about":[{"href":"https:\/\/www.pressenza.com\/es\/wp-json\/wp\/v2\/types\/post"}],"author":[{"embeddable":true,"href":"https:\/\/www.pressenza.com\/es\/wp-json\/wp\/v2\/users\/1619"}],"replies":[{"embeddable":true,"href":"https:\/\/www.pressenza.com\/es\/wp-json\/wp\/v2\/comments?post=1453750"}],"version-history":[{"count":0,"href":"https:\/\/www.pressenza.com\/es\/wp-json\/wp\/v2\/posts\/1453750\/revisions"}],"wp:featuredmedia":[{"embeddable":true,"href":"https:\/\/www.pressenza.com\/es\/wp-json\/wp\/v2\/media\/1453861"}],"wp:attachment":[{"href":"https:\/\/www.pressenza.com\/es\/wp-json\/wp\/v2\/media?parent=1453750"}],"wp:term":[{"taxonomy":"category","embeddable":true,"href":"https:\/\/www.pressenza.com\/es\/wp-json\/wp\/v2\/categories?post=1453750"},{"taxonomy":"post_tag","embeddable":true,"href":"https:\/\/www.pressenza.com\/es\/wp-json\/wp\/v2\/tags?post=1453750"}],"curies":[{"name":"wp","href":"https:\/\/api.w.org\/{rel}","templated":true}]}}