{"id":1453628,"date":"2021-10-17T19:54:17","date_gmt":"2021-10-17T18:54:17","guid":{"rendered":"https:\/\/www.pressenza.com\/?p=1453628"},"modified":"2021-10-17T21:13:47","modified_gmt":"2021-10-17T20:13:47","slug":"foro-hacia-el-futuro-noviolento","status":"publish","type":"post","link":"https:\/\/www.pressenza.com\/es\/2021\/10\/foro-hacia-el-futuro-noviolento\/","title":{"rendered":"Foro Hacia el futuro noviolento"},"content":{"rendered":"<h2>La Marcha Latinoamericana cerr\u00f3 con el Foro \u201cHacia el futuro noviolento de Latinoam\u00e9rica\u201d<\/h2>\n<p>La Marcha Latinoamericana cerr\u00f3 con el\u00a0Foro\u00a0\u201cHacia el futuro noviolento de Latinoam\u00e9rica\u201d que se realiz\u00f3 en modo virtual por conexi\u00f3n Zoom y retransmisi\u00f3n en Facebook entre los d\u00edas 1 y 2 de octubre de 2021.<\/p>\n<p>El Foro se orden\u00f3 en 6 Ejes Tem\u00e1ticos con el trasfondo de la acci\u00f3n positiva noviolenta, que est\u00e1n descritos en los siguientes p\u00e1rrafos:<\/p>\n<h2 id=\"h-primer-d-a-1-de-octubre-de-2021\">Primer d\u00eda, 1 de octubre de 2021<\/h2>\n<div class=\"wp-block-column\">\n<div class=\"wp-block-column\"><strong>1.-<\/strong>\u00a0Convivencia Pluricultural en armon\u00eda, valoraci\u00f3n del aporte ancestral de los pueblos originarios y c\u00f3mo la interculturalidad nos puede brindar la posibilidad de incorporar este aporte en el futuro noviolento que queremos para Latinoam\u00e9rica.Dentro de este apartado, se desenvolvi\u00f3 el conversatorio Sabidur\u00eda de los\u00a0<a href=\"https:\/\/es.wikipedia.org\/wiki\/Pueblos_originarios\" target=\"_blank\" rel=\"noreferrer noopener\">Pueblos Originarios<\/a>\u00a0como aporte hacia el futuro noviolento de la regi\u00f3n.<\/div>\n<div class=\"wp-block-column\">\n<p>Moder\u00f3: Prof. Victor Madrigal S\u00e1nchez. U.N.A. (Costa Rica).<\/p>\n<p>Expositores:<\/p>\n<ul>\n<li>Ildefonso Palemon Hernandez, del Pueblo Chatino (M\u00e9xico)<\/li>\n<li>Ovidio L\u00f3pez Julian, Mesa Nacional Ind\u00edgena de Costa Rica (Costa Rica)<\/li>\n<li>Shiraig\u00f3 Silvia Lanche, del Pueblo Mocovi (Argentina)<\/li>\n<li>Almir Narayamoga Surui, del Pueblo Paiter Surui (Brasil)<\/li>\n<li>Nelise Wielewski particip\u00f3 como traductora de Portugu\u00e9s a Espa\u00f1ol<\/li>\n<\/ul>\n<\/div>\n<\/div>\n<p><iframe loading=\"lazy\" title=\"Sabidur\u00eda de los Pueblos Originarios - Marcha Latinoamericana por la No Violencia - 2021\" width=\"500\" height=\"281\" src=\"https:\/\/www.youtube.com\/embed\/XGTw_iCfqAI?feature=oembed\" frameborder=\"0\" allow=\"accelerometer; autoplay; clipboard-write; encrypted-media; gyroscope; picture-in-picture; web-share\" referrerpolicy=\"strict-origin-when-cross-origin\" allowfullscreen><\/iframe><\/p>\n<div class=\"wp-block-column\">\n<p><strong>2.-<\/strong>\u00a0Sociedades amigables, multi\u00e9tnicas e inclusivas para todas las personas y ecosistemas:<\/p>\n<p>Hacia la construcci\u00f3n de Sociedades Inclusivas, noviolentas y con desarrollo sostenible.<\/p>\n<p>Creaci\u00f3n de legislaci\u00f3n y cultura en pro de la Igualdad de derechos y oportunidades para todas las poblaciones excluidas, discriminadas e inmigrantes.<\/p>\n<p>As\u00ed como para garantizar nuestra supervivencia con bienestar y la de las distintas formas de vida en el planeta.<\/p>\n<p>Sobre este eje trataba el conversatorio Sociedades inclusivas para todas las personas y ecosistemas, hacia el futuro noviolento de Latinoam\u00e9rica.<\/p>\n<p>Moder\u00f3: Jos\u00e9 Rafael Quesada (Costa Rica).<\/p>\n<p>Expositores:<\/p>\n<ul>\n<li>Kathlewn Maynard y Jobana Moya (Wamis) Brasil.<\/li>\n<li>Natalia Camacho, (Direcci\u00f3n General de Paz) Costa Rica.<\/li>\n<li>Rub\u00e9n Esper Ader, (Foro Socioambiental Mendoza) Argentina.<\/li>\n<li>Alejandra Aillap\u00e1n Huiriqueo, (Comunidad del Wallmapu, Villarrica) Chile<\/li>\n<li>Iremar Antonio Ferreira (Instituto Madeira Vivo) \u2013 IMV. \u2013 Brasil<\/li>\n<\/ul>\n<\/div>\n<p><iframe loading=\"lazy\" title=\"Sociedades inclusivas para todas las personas - Marcha Latinoamericana por la No Violencia - 2021\" width=\"500\" height=\"281\" src=\"https:\/\/www.youtube.com\/embed\/RK62pe6P8DA?feature=oembed\" frameborder=\"0\" allow=\"accelerometer; autoplay; clipboard-write; encrypted-media; gyroscope; picture-in-picture; web-share\" referrerpolicy=\"strict-origin-when-cross-origin\" allowfullscreen><\/iframe><\/p>\n<p><strong>3.-<\/strong> Propuestas y acciones noviolentas que puedan servir de modelo, para mitigar los grandes problemas de violencia estructural en Latinoamerica:<\/p>\n<p>Propuestas regionales o comunitarias de soluciones noviolentas, organizadas para recuperaci\u00f3n de espacios y de sociedades en busca de revertir las problem\u00e1ticas de violencia estructural, violencia econ\u00f3mica, violencia pol\u00edtica, as\u00ed como las violencias provocadas por el narcotr\u00e1fico.<\/p>\n<p>El conversatorio incluido fue Propuestas noviolentas para mitigar la violencia estructural en Latinoam\u00e9rica.<\/p>\n<p>Moder\u00f3: Juan Carlos Chavarria (Costa Rica).<\/p>\n<p>Expositores:<\/p>\n<ul>\n<li>MEd. Andres Salazar White, (Coneidhu) Colombia.<\/li>\n<li>Lic. Omar Navarrete Rojas, Secretar\u00eda de Gobernaci\u00f3n de M\u00e9xico.<\/li>\n<li>Dr. Mario Humberto Helizondo Salazar, Instituto de Control de Drogas de Costa Rica.<\/li>\n<\/ul>\n<p><iframe loading=\"lazy\" title=\"Propuestas noviolentas para mitigar la violencia - Marcha Latinoamericana por la No Violencia - 2021\" width=\"500\" height=\"281\" src=\"https:\/\/www.youtube.com\/embed\/6mHz8rEtmLI?feature=oembed\" frameborder=\"0\" allow=\"accelerometer; autoplay; clipboard-write; encrypted-media; gyroscope; picture-in-picture; web-share\" referrerpolicy=\"strict-origin-when-cross-origin\" allowfullscreen><\/iframe><\/p>\n<div class=\"wp-block-column\">\n<p><strong>4.-<\/strong>\u00a0Acciones en pro del desarme y favor de que las Armas Nucleares sean ilegales en toda la Regi\u00f3n:<\/p>\n<p>Visibilizaci\u00f3n de acciones en pro del desarme, la conversi\u00f3n del papel de los ej\u00e9rcitos y de las fuerzas policiales en la regi\u00f3n, por una polic\u00eda ciudadana preventiva, de la disminuci\u00f3n de presupuestos militares y de la prohibici\u00f3n de las Guerras como medio para resolver conflictos, as\u00ed como de la prohibici\u00f3n y estigmatizaci\u00f3n de las armas nucleares , en la Regi\u00f3n.<\/p>\n<p>La disertaci\u00f3n fue Acciones en Pro del desarme en la regi\u00f3n.<\/p>\n<p>Moder\u00f3: Juan G\u00f3mez (Chile).<\/p>\n<p>Expositores:<\/p>\n<ul>\n<li>Juan Pablo Lazo, (Caravana por la Paz) Chile.<\/li>\n<li>Carlos Uma\u00f1a, (ICAN) Costa Rica.<\/li>\n<li>Sergio Aranibar, (Campa\u00f1a Internacional contra Minas) Chile.<\/li>\n<li>Juan C. Chavarr\u00eda (F. Transformaci\u00f3n en Tiempos Violentos) Costa Rica.<\/li>\n<\/ul>\n<\/div>\n<p><iframe loading=\"lazy\" title=\"Acciones en Pro del desarme en la regi\u00f3n - Marcha Latinoamericana por la No Violencia - 2021\" width=\"500\" height=\"281\" src=\"https:\/\/www.youtube.com\/embed\/8nroE37yu_0?feature=oembed\" frameborder=\"0\" allow=\"accelerometer; autoplay; clipboard-write; encrypted-media; gyroscope; picture-in-picture; web-share\" referrerpolicy=\"strict-origin-when-cross-origin\" allowfullscreen><\/iframe><\/p>\n<h2>Segundo d\u00eda, 2 de octubre<\/h2>\n<div class=\"wp-block-columns\">\n<div class=\"wp-block-column\">\n<p><strong>5.-<\/strong>\u00a0La Marcha por el camino interno para la noviolencia personal y social simult\u00e1neamente:<\/p>\n<p>Desarrollo personal e interpersonal, salud mental y paz interior necesarias para construir comunidades noviolentas.<\/p>\n<p>Se mantuvo un conversatorio sobre Salud mental y paz interior necesaria para la noviolencia personal y social simult\u00e1neamente.<\/p>\n<p>Moder\u00f3: Marli Pati\u00f1o, Coneidhu, (Colombia).<\/p>\n<p>Expositores:<\/p>\n<ul>\n<li>Jaqueline Mera, (Corriente Pedag\u00f3gica Humanista) Per\u00fa.<\/li>\n<li>Edgard Barrero, (C\u00e1tedra Libre Mart\u00edn Baro) Colombia.<\/li>\n<li>Ana Catalina Calder\u00f3n, (Ministerio de Salud) Costa Rica.<\/li>\n<li>Mar\u00eda del Pilar Orrego (Brigadas Blancas del Colegio de Psic\u00f3logos) Per\u00fa.<\/li>\n<li>\u00c1ngeles Guevara, (Universidad del Aconcagua), Mendoza, Argentina.<\/li>\n<\/ul>\n<\/div>\n<\/div>\n<p><iframe loading=\"lazy\" title=\"Salud mental y paz interior necesaria - Marcha Latinoamericana por la No Violencia - 2021\" width=\"500\" height=\"281\" src=\"https:\/\/www.youtube.com\/embed\/Bnqi1LLFRvg?feature=oembed\" frameborder=\"0\" allow=\"accelerometer; autoplay; clipboard-write; encrypted-media; gyroscope; picture-in-picture; web-share\" referrerpolicy=\"strict-origin-when-cross-origin\" allowfullscreen><\/iframe><\/p>\n<p><strong>6.-<\/strong>\u00a0\u00bfQu\u00e9 Latinoam\u00e9rica quieren las Nuevas Generaciones?<\/p>\n<p>\u00bfCu\u00e1l es el futuro que quieren las nuevas generaciones?<\/p>\n<p>\u00bfCu\u00e1les son sus aspiraciones y como generar espacios para su expresi\u00f3n, as\u00ed como para visibilizar las acciones positivas que ellas generan en funci\u00f3n de la creaci\u00f3n de nuevas realidades?<\/p>\n<p>La conversaci\u00f3n se refiri\u00f3 a Intercambio de experiencias de las nuevas generaciones.<\/p>\n<p>Moder\u00f3: Mercedes Hidalgo C.P.J. (Costa Rica).<\/p>\n<p>Expositores:<\/p>\n<ul>\n<li>Foro de Juventudes, (Costa Rica).<\/li>\n<li>Comisi\u00f3n de j\u00f3venes de Derechos Humanos, C\u00f3rdoba, (Argentina).<\/li>\n<li>Comit\u00e9 Cantonal de la Persona J\u00f3ven de Ca\u00f1az, Gte. (Costa Rica).<\/li>\n<\/ul>\n<p><iframe loading=\"lazy\" title=\"Experiencias de las nuevas generaciones - Marcha Latinoamericana por la No Violencia - 2021\" width=\"500\" height=\"281\" src=\"https:\/\/www.youtube.com\/embed\/Gtizybbl8S0?feature=oembed\" frameborder=\"0\" allow=\"accelerometer; autoplay; clipboard-write; encrypted-media; gyroscope; picture-in-picture; web-share\" referrerpolicy=\"strict-origin-when-cross-origin\" allowfullscreen><\/iframe><\/p>\n<p>Agradecemos el esfuerzo de tantos y tantos ponentes, participantes y oyentes de diversos pa\u00edses, Latinoamericanos y no, que han hecho posible este Foro, que desde sus diferentes vertientes ha mostrado que hay un modo de ver y de construir el mundo que implica el establecimiento de unas relaciones humanas y sociales cooperativas basadas en una actitud de noviolencia activa, comprensi\u00f3n, respeto y cooperaci\u00f3n.<\/p>\n<p>De este modo, las diferentes etnias y culturas no separan a las poblaciones sino que por el contrario las impulsan hacia un intercambio que las enriquece en su singularidad y su diversidad afianzando paso a paso la tendencia hist\u00f3rica que entreteje a los pueblos en la creaci\u00f3n de una Naci\u00f3n Humana Universal.<\/p>\n<p>&nbsp;<\/p>\n","protected":false},"excerpt":{"rendered":"<p>Foro Hacia el futuro noviolento. La Marcha Latinoamericana cerr\u00f3 con el Foro \u201cHacia el futuro noviolento de Latinoam\u00e9rica\u201d<\/p>\n","protected":false},"author":1619,"featured_media":1453735,"comment_status":"closed","ping_status":"closed","sticky":false,"template":"","format":"standard","meta":{"footnotes":""},"categories":[79,1242,1243],"tags":[],"class_list":["post-1453628","post","type-post","status-publish","format-standard","has-post-thumbnail","hentry","category-derechos-humanos","category-noviolencia-tema","category-paz-desarme"],"yoast_head":"<!-- This site is optimized with the Yoast SEO plugin v27.1.1 - https:\/\/yoast.com\/product\/yoast-seo-wordpress\/ -->\n<title>Foro Hacia el futuro noviolento<\/title>\n<meta name=\"description\" content=\"Foro Hacia el futuro noviolento. La Marcha Latinoamericana cerr\u00f3 con el Foro \u201cHacia el futuro noviolento de Latinoam\u00e9rica\u201d\" \/>\n<meta name=\"robots\" content=\"index, follow, max-snippet:-1, max-image-preview:large, max-video-preview:-1\" \/>\n<link rel=\"canonical\" href=\"https:\/\/www.pressenza.com\/es\/2021\/10\/foro-hacia-el-futuro-noviolento\/\" \/>\n<meta property=\"og:locale\" content=\"es_ES\" \/>\n<meta property=\"og:type\" content=\"article\" \/>\n<meta property=\"og:title\" content=\"Foro Hacia el futuro noviolento\" \/>\n<meta property=\"og:description\" content=\"Foro Hacia el futuro noviolento. La Marcha Latinoamericana cerr\u00f3 con el Foro \u201cHacia el futuro noviolento de Latinoam\u00e9rica\u201d\" \/>\n<meta property=\"og:url\" content=\"https:\/\/www.pressenza.com\/es\/2021\/10\/foro-hacia-el-futuro-noviolento\/\" \/>\n<meta property=\"og:site_name\" content=\"Pressenza\" \/>\n<meta property=\"article:publisher\" content=\"https:\/\/www.facebook.com\/PressenzaItalia\" \/>\n<meta property=\"article:published_time\" content=\"2021-10-17T18:54:17+00:00\" \/>\n<meta property=\"article:modified_time\" content=\"2021-10-17T20:13:47+00:00\" \/>\n<meta property=\"og:image\" content=\"https:\/\/www.pressenza.com\/wp-content\/uploads\/2021\/10\/Hacia-el-Futuro-Noviolento-de-Latinoamerica-720.jpg\" \/>\n\t<meta property=\"og:image:width\" content=\"720\" \/>\n\t<meta property=\"og:image:height\" content=\"405\" \/>\n\t<meta property=\"og:image:type\" content=\"image\/jpeg\" \/>\n<meta name=\"author\" content=\"Antonio Gancedo\" \/>\n<meta name=\"twitter:card\" content=\"summary_large_image\" \/>\n<meta name=\"twitter:creator\" content=\"@PressenzaIPA\" \/>\n<meta name=\"twitter:site\" content=\"@PressenzaIPA\" \/>\n<meta name=\"twitter:label1\" content=\"Escrito por\" \/>\n\t<meta name=\"twitter:data1\" content=\"Antonio Gancedo\" \/>\n\t<meta name=\"twitter:label2\" content=\"Tiempo de lectura\" \/>\n\t<meta name=\"twitter:data2\" content=\"5 minutos\" \/>\n<script type=\"application\/ld+json\" class=\"yoast-schema-graph\">{\"@context\":\"https:\/\/schema.org\",\"@graph\":[{\"@type\":\"Article\",\"@id\":\"https:\/\/www.pressenza.com\/es\/2021\/10\/foro-hacia-el-futuro-noviolento\/#article\",\"isPartOf\":{\"@id\":\"https:\/\/www.pressenza.com\/es\/2021\/10\/foro-hacia-el-futuro-noviolento\/\"},\"author\":{\"name\":\"Antonio Gancedo\",\"@id\":\"https:\/\/www.pressenza.com\/es\/#\/schema\/person\/0889c8e06f27db8f8ee7faaf15aa3439\"},\"headline\":\"Foro Hacia el futuro noviolento\",\"datePublished\":\"2021-10-17T18:54:17+00:00\",\"dateModified\":\"2021-10-17T20:13:47+00:00\",\"mainEntityOfPage\":{\"@id\":\"https:\/\/www.pressenza.com\/es\/2021\/10\/foro-hacia-el-futuro-noviolento\/\"},\"wordCount\":969,\"publisher\":{\"@id\":\"https:\/\/www.pressenza.com\/es\/#organization\"},\"image\":{\"@id\":\"https:\/\/www.pressenza.com\/es\/2021\/10\/foro-hacia-el-futuro-noviolento\/#primaryimage\"},\"thumbnailUrl\":\"https:\/\/www.pressenza.com\/wp-content\/uploads\/2021\/10\/Hacia-el-Futuro-Noviolento-de-Latinoamerica-720.jpg\",\"articleSection\":[\"Derechos Humanos\",\"Noviolencia\",\"Paz y Desarme\"],\"inLanguage\":\"es\"},{\"@type\":\"WebPage\",\"@id\":\"https:\/\/www.pressenza.com\/es\/2021\/10\/foro-hacia-el-futuro-noviolento\/\",\"url\":\"https:\/\/www.pressenza.com\/es\/2021\/10\/foro-hacia-el-futuro-noviolento\/\",\"name\":\"Foro Hacia el futuro noviolento\",\"isPartOf\":{\"@id\":\"https:\/\/www.pressenza.com\/es\/#website\"},\"primaryImageOfPage\":{\"@id\":\"https:\/\/www.pressenza.com\/es\/2021\/10\/foro-hacia-el-futuro-noviolento\/#primaryimage\"},\"image\":{\"@id\":\"https:\/\/www.pressenza.com\/es\/2021\/10\/foro-hacia-el-futuro-noviolento\/#primaryimage\"},\"thumbnailUrl\":\"https:\/\/www.pressenza.com\/wp-content\/uploads\/2021\/10\/Hacia-el-Futuro-Noviolento-de-Latinoamerica-720.jpg\",\"datePublished\":\"2021-10-17T18:54:17+00:00\",\"dateModified\":\"2021-10-17T20:13:47+00:00\",\"description\":\"Foro Hacia el futuro noviolento. La Marcha Latinoamericana cerr\u00f3 con el Foro \u201cHacia el futuro noviolento de Latinoam\u00e9rica\u201d\",\"breadcrumb\":{\"@id\":\"https:\/\/www.pressenza.com\/es\/2021\/10\/foro-hacia-el-futuro-noviolento\/#breadcrumb\"},\"inLanguage\":\"es\",\"potentialAction\":[{\"@type\":\"ReadAction\",\"target\":[\"https:\/\/www.pressenza.com\/es\/2021\/10\/foro-hacia-el-futuro-noviolento\/\"]}]},{\"@type\":\"ImageObject\",\"inLanguage\":\"es\",\"@id\":\"https:\/\/www.pressenza.com\/es\/2021\/10\/foro-hacia-el-futuro-noviolento\/#primaryimage\",\"url\":\"https:\/\/www.pressenza.com\/wp-content\/uploads\/2021\/10\/Hacia-el-Futuro-Noviolento-de-Latinoamerica-720.jpg\",\"contentUrl\":\"https:\/\/www.pressenza.com\/wp-content\/uploads\/2021\/10\/Hacia-el-Futuro-Noviolento-de-Latinoamerica-720.jpg\",\"width\":720,\"height\":405,\"caption\":\"Foro Hacia el futuro noviolento\"},{\"@type\":\"BreadcrumbList\",\"@id\":\"https:\/\/www.pressenza.com\/es\/2021\/10\/foro-hacia-el-futuro-noviolento\/#breadcrumb\",\"itemListElement\":[{\"@type\":\"ListItem\",\"position\":1,\"name\":\"Accueil\",\"item\":\"https:\/\/www.pressenza.com\/es\/\"},{\"@type\":\"ListItem\",\"position\":2,\"name\":\"Foro Hacia el futuro noviolento\"}]},{\"@type\":\"WebSite\",\"@id\":\"https:\/\/www.pressenza.com\/es\/#website\",\"url\":\"https:\/\/www.pressenza.com\/es\/\",\"name\":\"Pressenza\",\"description\":\"International Press Agency\",\"publisher\":{\"@id\":\"https:\/\/www.pressenza.com\/es\/#organization\"},\"potentialAction\":[{\"@type\":\"SearchAction\",\"target\":{\"@type\":\"EntryPoint\",\"urlTemplate\":\"https:\/\/www.pressenza.com\/es\/?s={search_term_string}\"},\"query-input\":{\"@type\":\"PropertyValueSpecification\",\"valueRequired\":true,\"valueName\":\"search_term_string\"}}],\"inLanguage\":\"es\"},{\"@type\":\"Organization\",\"@id\":\"https:\/\/www.pressenza.com\/es\/#organization\",\"name\":\"Pressenza\",\"url\":\"https:\/\/www.pressenza.com\/es\/\",\"logo\":{\"@type\":\"ImageObject\",\"inLanguage\":\"es\",\"@id\":\"https:\/\/www.pressenza.com\/es\/#\/schema\/logo\/image\/\",\"url\":\"https:\/\/www.pressenza.com\/wp-content\/uploads\/2022\/10\/pressenza_logo_200x200.jpg\",\"contentUrl\":\"https:\/\/www.pressenza.com\/wp-content\/uploads\/2022\/10\/pressenza_logo_200x200.jpg\",\"width\":200,\"height\":200,\"caption\":\"Pressenza\"},\"image\":{\"@id\":\"https:\/\/www.pressenza.com\/es\/#\/schema\/logo\/image\/\"},\"sameAs\":[\"https:\/\/www.facebook.com\/PressenzaItalia\",\"https:\/\/x.com\/PressenzaIPA\"]},{\"@type\":\"Person\",\"@id\":\"https:\/\/www.pressenza.com\/es\/#\/schema\/person\/0889c8e06f27db8f8ee7faaf15aa3439\",\"name\":\"Antonio Gancedo\",\"description\":\"Redactor de Pressenza. Redactor de theworldmarch.org. Militante Humanista.\",\"url\":\"https:\/\/www.pressenza.com\/es\/author\/antonio-gancedo\/\"}]}<\/script>\n<!-- \/ Yoast SEO plugin. -->","yoast_head_json":{"title":"Foro Hacia el futuro noviolento","description":"Foro Hacia el futuro noviolento. La Marcha Latinoamericana cerr\u00f3 con el Foro \u201cHacia el futuro noviolento de Latinoam\u00e9rica\u201d","robots":{"index":"index","follow":"follow","max-snippet":"max-snippet:-1","max-image-preview":"max-image-preview:large","max-video-preview":"max-video-preview:-1"},"canonical":"https:\/\/www.pressenza.com\/es\/2021\/10\/foro-hacia-el-futuro-noviolento\/","og_locale":"es_ES","og_type":"article","og_title":"Foro Hacia el futuro noviolento","og_description":"Foro Hacia el futuro noviolento. La Marcha Latinoamericana cerr\u00f3 con el Foro \u201cHacia el futuro noviolento de Latinoam\u00e9rica\u201d","og_url":"https:\/\/www.pressenza.com\/es\/2021\/10\/foro-hacia-el-futuro-noviolento\/","og_site_name":"Pressenza","article_publisher":"https:\/\/www.facebook.com\/PressenzaItalia","article_published_time":"2021-10-17T18:54:17+00:00","article_modified_time":"2021-10-17T20:13:47+00:00","og_image":[{"width":720,"height":405,"url":"https:\/\/www.pressenza.com\/wp-content\/uploads\/2021\/10\/Hacia-el-Futuro-Noviolento-de-Latinoamerica-720.jpg","type":"image\/jpeg"}],"author":"Antonio Gancedo","twitter_card":"summary_large_image","twitter_creator":"@PressenzaIPA","twitter_site":"@PressenzaIPA","twitter_misc":{"Escrito por":"Antonio Gancedo","Tiempo de lectura":"5 minutos"},"schema":{"@context":"https:\/\/schema.org","@graph":[{"@type":"Article","@id":"https:\/\/www.pressenza.com\/es\/2021\/10\/foro-hacia-el-futuro-noviolento\/#article","isPartOf":{"@id":"https:\/\/www.pressenza.com\/es\/2021\/10\/foro-hacia-el-futuro-noviolento\/"},"author":{"name":"Antonio Gancedo","@id":"https:\/\/www.pressenza.com\/es\/#\/schema\/person\/0889c8e06f27db8f8ee7faaf15aa3439"},"headline":"Foro Hacia el futuro noviolento","datePublished":"2021-10-17T18:54:17+00:00","dateModified":"2021-10-17T20:13:47+00:00","mainEntityOfPage":{"@id":"https:\/\/www.pressenza.com\/es\/2021\/10\/foro-hacia-el-futuro-noviolento\/"},"wordCount":969,"publisher":{"@id":"https:\/\/www.pressenza.com\/es\/#organization"},"image":{"@id":"https:\/\/www.pressenza.com\/es\/2021\/10\/foro-hacia-el-futuro-noviolento\/#primaryimage"},"thumbnailUrl":"https:\/\/www.pressenza.com\/wp-content\/uploads\/2021\/10\/Hacia-el-Futuro-Noviolento-de-Latinoamerica-720.jpg","articleSection":["Derechos Humanos","Noviolencia","Paz y Desarme"],"inLanguage":"es"},{"@type":"WebPage","@id":"https:\/\/www.pressenza.com\/es\/2021\/10\/foro-hacia-el-futuro-noviolento\/","url":"https:\/\/www.pressenza.com\/es\/2021\/10\/foro-hacia-el-futuro-noviolento\/","name":"Foro Hacia el futuro noviolento","isPartOf":{"@id":"https:\/\/www.pressenza.com\/es\/#website"},"primaryImageOfPage":{"@id":"https:\/\/www.pressenza.com\/es\/2021\/10\/foro-hacia-el-futuro-noviolento\/#primaryimage"},"image":{"@id":"https:\/\/www.pressenza.com\/es\/2021\/10\/foro-hacia-el-futuro-noviolento\/#primaryimage"},"thumbnailUrl":"https:\/\/www.pressenza.com\/wp-content\/uploads\/2021\/10\/Hacia-el-Futuro-Noviolento-de-Latinoamerica-720.jpg","datePublished":"2021-10-17T18:54:17+00:00","dateModified":"2021-10-17T20:13:47+00:00","description":"Foro Hacia el futuro noviolento. La Marcha Latinoamericana cerr\u00f3 con el Foro \u201cHacia el futuro noviolento de Latinoam\u00e9rica\u201d","breadcrumb":{"@id":"https:\/\/www.pressenza.com\/es\/2021\/10\/foro-hacia-el-futuro-noviolento\/#breadcrumb"},"inLanguage":"es","potentialAction":[{"@type":"ReadAction","target":["https:\/\/www.pressenza.com\/es\/2021\/10\/foro-hacia-el-futuro-noviolento\/"]}]},{"@type":"ImageObject","inLanguage":"es","@id":"https:\/\/www.pressenza.com\/es\/2021\/10\/foro-hacia-el-futuro-noviolento\/#primaryimage","url":"https:\/\/www.pressenza.com\/wp-content\/uploads\/2021\/10\/Hacia-el-Futuro-Noviolento-de-Latinoamerica-720.jpg","contentUrl":"https:\/\/www.pressenza.com\/wp-content\/uploads\/2021\/10\/Hacia-el-Futuro-Noviolento-de-Latinoamerica-720.jpg","width":720,"height":405,"caption":"Foro Hacia el futuro noviolento"},{"@type":"BreadcrumbList","@id":"https:\/\/www.pressenza.com\/es\/2021\/10\/foro-hacia-el-futuro-noviolento\/#breadcrumb","itemListElement":[{"@type":"ListItem","position":1,"name":"Accueil","item":"https:\/\/www.pressenza.com\/es\/"},{"@type":"ListItem","position":2,"name":"Foro Hacia el futuro noviolento"}]},{"@type":"WebSite","@id":"https:\/\/www.pressenza.com\/es\/#website","url":"https:\/\/www.pressenza.com\/es\/","name":"Pressenza","description":"International Press Agency","publisher":{"@id":"https:\/\/www.pressenza.com\/es\/#organization"},"potentialAction":[{"@type":"SearchAction","target":{"@type":"EntryPoint","urlTemplate":"https:\/\/www.pressenza.com\/es\/?s={search_term_string}"},"query-input":{"@type":"PropertyValueSpecification","valueRequired":true,"valueName":"search_term_string"}}],"inLanguage":"es"},{"@type":"Organization","@id":"https:\/\/www.pressenza.com\/es\/#organization","name":"Pressenza","url":"https:\/\/www.pressenza.com\/es\/","logo":{"@type":"ImageObject","inLanguage":"es","@id":"https:\/\/www.pressenza.com\/es\/#\/schema\/logo\/image\/","url":"https:\/\/www.pressenza.com\/wp-content\/uploads\/2022\/10\/pressenza_logo_200x200.jpg","contentUrl":"https:\/\/www.pressenza.com\/wp-content\/uploads\/2022\/10\/pressenza_logo_200x200.jpg","width":200,"height":200,"caption":"Pressenza"},"image":{"@id":"https:\/\/www.pressenza.com\/es\/#\/schema\/logo\/image\/"},"sameAs":["https:\/\/www.facebook.com\/PressenzaItalia","https:\/\/x.com\/PressenzaIPA"]},{"@type":"Person","@id":"https:\/\/www.pressenza.com\/es\/#\/schema\/person\/0889c8e06f27db8f8ee7faaf15aa3439","name":"Antonio Gancedo","description":"Redactor de Pressenza. Redactor de theworldmarch.org. Militante Humanista.","url":"https:\/\/www.pressenza.com\/es\/author\/antonio-gancedo\/"}]}},"place":"","original_article_url":"https:\/\/theworldmarch.org\/foro-hacia-el-futuro-noviolento\/","_links":{"self":[{"href":"https:\/\/www.pressenza.com\/es\/wp-json\/wp\/v2\/posts\/1453628","targetHints":{"allow":["GET"]}}],"collection":[{"href":"https:\/\/www.pressenza.com\/es\/wp-json\/wp\/v2\/posts"}],"about":[{"href":"https:\/\/www.pressenza.com\/es\/wp-json\/wp\/v2\/types\/post"}],"author":[{"embeddable":true,"href":"https:\/\/www.pressenza.com\/es\/wp-json\/wp\/v2\/users\/1619"}],"replies":[{"embeddable":true,"href":"https:\/\/www.pressenza.com\/es\/wp-json\/wp\/v2\/comments?post=1453628"}],"version-history":[{"count":0,"href":"https:\/\/www.pressenza.com\/es\/wp-json\/wp\/v2\/posts\/1453628\/revisions"}],"wp:featuredmedia":[{"embeddable":true,"href":"https:\/\/www.pressenza.com\/es\/wp-json\/wp\/v2\/media\/1453735"}],"wp:attachment":[{"href":"https:\/\/www.pressenza.com\/es\/wp-json\/wp\/v2\/media?parent=1453628"}],"wp:term":[{"taxonomy":"category","embeddable":true,"href":"https:\/\/www.pressenza.com\/es\/wp-json\/wp\/v2\/categories?post=1453628"},{"taxonomy":"post_tag","embeddable":true,"href":"https:\/\/www.pressenza.com\/es\/wp-json\/wp\/v2\/tags?post=1453628"}],"curies":[{"name":"wp","href":"https:\/\/api.w.org\/{rel}","templated":true}]}}