{"id":1453562,"date":"2021-10-17T15:26:39","date_gmt":"2021-10-17T14:26:39","guid":{"rendered":"https:\/\/www.pressenza.com\/?p=1453562"},"modified":"2021-10-17T15:26:39","modified_gmt":"2021-10-17T14:26:39","slug":"chile-hacia-el-fin-de-la-posdictadura","status":"publish","type":"post","link":"https:\/\/www.pressenza.com\/es\/2021\/10\/chile-hacia-el-fin-de-la-posdictadura\/","title":{"rendered":"Chile: Hacia el fin de la Posdictadura"},"content":{"rendered":"<p>Sea o no destituido de su cargo, Sebasti\u00e1n Pi\u00f1era ser\u00e1 indefectiblemente el \u00faltimo presidente de la Posdictadura. Aun en la eventualidad de un fracaso de la Convenci\u00f3n Constituyente, el pa\u00eds sabe que la Carta Magna y las secuelas del r\u00e9gimen de Pinochet tienen, por fin, sus d\u00edas contados.<\/p>\n<p>M\u00e1s de treinta a\u00f1os y siete sucesivas administraciones se demostraron renuentes a cumplir con el mandato popular que los obligaba a impulsar una nueva Constituci\u00f3n, como a ponerle t\u00e9rmino al r\u00e9gimen econ\u00f3mico causante de la m\u00e1s escandalosa concentraci\u00f3n de la riqueza y desigualdad social. El llamado capitalismo salvaje finalmente mostr\u00f3 su completa insolvencia y ya no habr\u00e1 gobierno alguno que pueda evitar el advenimiento de la democracia y de la justicia. As\u00ed como la recuperaci\u00f3n para todos los chilenos de sus riquezas b\u00e1sicas y recursos naturales estrat\u00e9gicos cedidos a precio vil a empresas privadas y consorcios extranjeros.<\/p>\n<p>De paso, es posible que la nueva institucionalidad le ponga t\u00e9rmino tambi\u00e9n a la corrupci\u00f3n entronizada en todas las organizaciones del Estado y que acabe con la impunidad de los empresarios, pol\u00edticos y uniformados inescrupulosos, cebados por las pr\u00e1cticas del cohecho, la malversaci\u00f3n de caudales p\u00fablicos y toda esa serie de vicios que hoy nos hacen competir en verg\u00fcenza con los pa\u00edses o reg\u00edmenes m\u00e1s desacreditados del mundo.<\/p>\n<p>Hay que reconocer que toda la falta de pudor se inici\u00f3 en el comienzo mismo de lo que se llam\u00f3 jactanciosamente \u201cTransici\u00f3n a la Democracia\u201d y que resultara, en realidad, solo en la continuidad de los grandes ejes del r\u00e9gimen autoritario respecto de los sistem\u00e1ticos atropellos a la dignidad humana, el neoliberalismo y la genuflexi\u00f3n oficial de nuestro Estado ante las potencias mundiales, como especialmente los intereses defendidos por la Casa Blanca. Incluyendo aquella \u201cjusticia en la medida de lo posible\u201d, neg\u00e1ndose a castigar las expoliaciones fomentadas por la Dictadura, las nuevas privatizaciones y aquel sinn\u00famero de episodios il\u00edcitos vinculados a la concesi\u00f3n de carreteras y otorgamiento de sobresueldos a funcionarios \u201cde confianza\u201d u operadores. As\u00ed como tambi\u00e9n la hip\u00f3crita resistencia, por a\u00f1os, a cambiar el sistema electoral binominal, la consolidaci\u00f3n del sistema previsional de las AFP, cuanto otros disparates que se extendieron durante estas tres \u00faltimas d\u00e9cadas. Una situaci\u00f3n a la que el pueblo movilizado le dijo \u201cbasta\u201d con el contundente Estallido Social de octubre del 2019 que, de no haber sido por la irrupci\u00f3n de la pandemia del coronavirus, habr\u00eda derribado del poder al actual mandatario.<\/p>\n<p>Los esc\u00e1ndalos de Sebasti\u00e1n Pi\u00f1era no deben nublar la realidad de toda una posdictadura en que se le perdi\u00f3 el respeto a la pol\u00edtica, se desnaturalizaron los partidos y se inst\u00f3 finalmente a los ciudadanos a preferir mayoritariamente la abstenci\u00f3n electoral como a desapegarse de sus derechos c\u00edvicos. Hasta que una concurrida y contundente elecci\u00f3n manifestara que un ochenta por ciento de los votantes optaba por constituir un leg\u00edtimo poder constituyente, aunque resultara limitado en sus atribuciones por algunas normas abusivas impuestas por una confabulaci\u00f3n legislativa. Por los senadores y diputados que, en colusi\u00f3n con La Moneda y los poderes f\u00e1cticos del pa\u00eds, ven a la Convenci\u00f3n encargada de redactar una nueva Carta Magna como una entidad peligrosa para las intenciones de perpetuarse y medrar en el poder.\u00a0 En una maniobra urdida desde la llamada clase o casta pol\u00edtica, salvo algunas dignas excepciones.<\/p>\n<p>Por su condici\u00f3n de multimillonario siempre a la sombra del poder pol\u00edtico y la lenidad de algunos jueces y tribunales, Pi\u00f1era pasar\u00e1 a la historia como el m\u00e1s voraz de todos nuestros gobernantes y que, en su af\u00e1n de hacerse m\u00e1s rico abusara de sus dos administraciones para elevar su peculio personal al precio, adem\u00e1s, de reprimir criminalmente a sus adversarios. Un balance que suma por cientos a las v\u00edctimas de nuestro pueblo mapuche que reclama la recuperaci\u00f3n de sus propiedades y derechos arrebatados por la Dictadura y tambi\u00e9n los otros gobiernos autoritarios anteriores. En un fatal balance que cuenta por decenas a los j\u00f3venes asesinados y torturados por Carabineros y el desd\u00e9n hacia cientos de miles a los trabajadores despojados de sus derechos laborales, sueldos o pensiones dignas, cuanto acceso a la educaci\u00f3n, la salud y la vivienda.<\/p>\n<p>Si se hace justicia alg\u00fan d\u00eda, no vemos c\u00f3mo Pi\u00f1era podr\u00eda escapar al estigma de criminal que hoy recae en presidentes como Arturo Alessandri Palma y un tirano como Augusto Pinochet, junto a todas esas divisiones de polic\u00edas y militares que han ejecutado tan basto conjunto de masacres en el campo, en las salitreras, en las minas de carb\u00f3n y, ahora, del cobre. Sembrando de cad\u00e1veres toda nuestra geograf\u00eda con hechos tan luctuosos como la Pacificaci\u00f3n de la Araucan\u00eda, la Caravana de la Muerte y los diversos campos de exterminio y tortura. Desde nuestro Estadio Nacional hasta Pisagua, as\u00ed como la horrenda aniquilaci\u00f3n de algunas de nuestras etnias, a objeto de instalar en la Araucan\u00eda y la Patagonia a colonos de piel blanca y ojos claros para \u201cpurificar nuestra raza\u201d, como se dijera entonces tan desembozadamente.<\/p>\n<p>Ser\u00eda conveniente que el juicio del que salvaron varios de nuestros presidentes esta vez no incluya al gobernante actual y que, antes o despu\u00e9s de su mandato, sea condenado ejemplarmente, al igual que otros mandatarios o dictadores del mundo. Para que as\u00ed, Chile pueda recuperar su plena dignidad, porque los delitos cometidos por Pi\u00f1era y otros que lo antecedieron han afectado la honra de nuestro Estado y, por cierto, de su supuesta democracia.<\/p>\n","protected":false},"excerpt":{"rendered":"<p>Sea o no destituido de su cargo, Sebasti\u00e1n Pi\u00f1era ser\u00e1 indefectiblemente el \u00faltimo presidente de la Posdictadura. Aun en la eventualidad de un fracaso de la Convenci\u00f3n Constituyente, el pa\u00eds sabe que la Carta Magna y las secuelas del r\u00e9gimen&hellip;<\/p>\n","protected":false},"author":1739,"featured_media":1453563,"comment_status":"closed","ping_status":"closed","sticky":false,"template":"","format":"standard","meta":{"footnotes":""},"categories":[11389,161,74,67],"tags":[29,95860],"class_list":["post-1453562","post","type-post","status-publish","format-standard","has-post-thumbnail","hentry","category-contenido-original","category-opiniones","category-politica-es","category-sudamerica","tag-chile","tag-posdictadura"],"yoast_head":"<!-- This site is optimized with the Yoast SEO plugin v27.1.1 - https:\/\/yoast.com\/product\/yoast-seo-wordpress\/ -->\n<title>Chile: Hacia el fin de la Posdictadura<\/title>\n<meta name=\"description\" content=\"Sea o no destituido de su cargo, Sebasti\u00e1n Pi\u00f1era ser\u00e1 indefectiblemente el \u00faltimo presidente de la Posdictadura. Aun en la eventualidad de un fracaso de\" \/>\n<meta name=\"robots\" content=\"index, follow, max-snippet:-1, max-image-preview:large, max-video-preview:-1\" \/>\n<link rel=\"canonical\" href=\"https:\/\/www.pressenza.com\/es\/2021\/10\/chile-hacia-el-fin-de-la-posdictadura\/\" \/>\n<meta property=\"og:locale\" content=\"es_ES\" \/>\n<meta property=\"og:type\" content=\"article\" \/>\n<meta property=\"og:title\" content=\"Chile: Hacia el fin de la Posdictadura\" \/>\n<meta property=\"og:description\" content=\"Sea o no destituido de su cargo, Sebasti\u00e1n Pi\u00f1era ser\u00e1 indefectiblemente el \u00faltimo presidente de la Posdictadura. Aun en la eventualidad de un fracaso de\" \/>\n<meta property=\"og:url\" content=\"https:\/\/www.pressenza.com\/es\/2021\/10\/chile-hacia-el-fin-de-la-posdictadura\/\" \/>\n<meta property=\"og:site_name\" content=\"Pressenza\" \/>\n<meta property=\"article:publisher\" content=\"https:\/\/www.facebook.com\/PressenzaItalia\" \/>\n<meta property=\"article:published_time\" content=\"2021-10-17T14:26:39+00:00\" \/>\n<meta property=\"og:image\" content=\"https:\/\/www.pressenza.com\/wp-content\/uploads\/2021\/10\/Fuera-pin\u0303era.jpeg\" \/>\n\t<meta property=\"og:image:width\" content=\"512\" \/>\n\t<meta property=\"og:image:height\" content=\"341\" \/>\n\t<meta property=\"og:image:type\" content=\"image\/jpeg\" \/>\n<meta name=\"author\" content=\"Juan Pablo C\u00e1rdenas\" \/>\n<meta name=\"twitter:card\" content=\"summary_large_image\" \/>\n<meta name=\"twitter:creator\" content=\"@PressenzaIPA\" \/>\n<meta name=\"twitter:site\" content=\"@PressenzaIPA\" \/>\n<meta name=\"twitter:label1\" content=\"Escrito por\" \/>\n\t<meta name=\"twitter:data1\" content=\"Juan Pablo C\u00e1rdenas\" \/>\n\t<meta name=\"twitter:label2\" content=\"Tiempo de lectura\" \/>\n\t<meta name=\"twitter:data2\" content=\"5 minutos\" \/>\n<script type=\"application\/ld+json\" class=\"yoast-schema-graph\">{\"@context\":\"https:\/\/schema.org\",\"@graph\":[{\"@type\":\"Article\",\"@id\":\"https:\/\/www.pressenza.com\/es\/2021\/10\/chile-hacia-el-fin-de-la-posdictadura\/#article\",\"isPartOf\":{\"@id\":\"https:\/\/www.pressenza.com\/es\/2021\/10\/chile-hacia-el-fin-de-la-posdictadura\/\"},\"author\":{\"name\":\"Juan Pablo C\u00e1rdenas\",\"@id\":\"https:\/\/www.pressenza.com\/es\/#\/schema\/person\/d72a7c8c014dcbfa2ef9e9976103ea0d\"},\"headline\":\"Chile: Hacia el fin de la Posdictadura\",\"datePublished\":\"2021-10-17T14:26:39+00:00\",\"mainEntityOfPage\":{\"@id\":\"https:\/\/www.pressenza.com\/es\/2021\/10\/chile-hacia-el-fin-de-la-posdictadura\/\"},\"wordCount\":985,\"publisher\":{\"@id\":\"https:\/\/www.pressenza.com\/es\/#organization\"},\"image\":{\"@id\":\"https:\/\/www.pressenza.com\/es\/2021\/10\/chile-hacia-el-fin-de-la-posdictadura\/#primaryimage\"},\"thumbnailUrl\":\"https:\/\/www.pressenza.com\/wp-content\/uploads\/2021\/10\/Fuera-pin\u0303era.jpeg\",\"keywords\":[\"Chile\",\"Posdictadura\"],\"articleSection\":[\"Contenido Original\",\"Opiniones\",\"Pol\u00edtica\",\"Sudam\u00e9rica\"],\"inLanguage\":\"es\"},{\"@type\":\"WebPage\",\"@id\":\"https:\/\/www.pressenza.com\/es\/2021\/10\/chile-hacia-el-fin-de-la-posdictadura\/\",\"url\":\"https:\/\/www.pressenza.com\/es\/2021\/10\/chile-hacia-el-fin-de-la-posdictadura\/\",\"name\":\"Chile: Hacia el fin de la Posdictadura\",\"isPartOf\":{\"@id\":\"https:\/\/www.pressenza.com\/es\/#website\"},\"primaryImageOfPage\":{\"@id\":\"https:\/\/www.pressenza.com\/es\/2021\/10\/chile-hacia-el-fin-de-la-posdictadura\/#primaryimage\"},\"image\":{\"@id\":\"https:\/\/www.pressenza.com\/es\/2021\/10\/chile-hacia-el-fin-de-la-posdictadura\/#primaryimage\"},\"thumbnailUrl\":\"https:\/\/www.pressenza.com\/wp-content\/uploads\/2021\/10\/Fuera-pin\u0303era.jpeg\",\"datePublished\":\"2021-10-17T14:26:39+00:00\",\"description\":\"Sea o no destituido de su cargo, Sebasti\u00e1n Pi\u00f1era ser\u00e1 indefectiblemente el \u00faltimo presidente de la Posdictadura. Aun en la eventualidad de un fracaso de\",\"breadcrumb\":{\"@id\":\"https:\/\/www.pressenza.com\/es\/2021\/10\/chile-hacia-el-fin-de-la-posdictadura\/#breadcrumb\"},\"inLanguage\":\"es\",\"potentialAction\":[{\"@type\":\"ReadAction\",\"target\":[\"https:\/\/www.pressenza.com\/es\/2021\/10\/chile-hacia-el-fin-de-la-posdictadura\/\"]}]},{\"@type\":\"ImageObject\",\"inLanguage\":\"es\",\"@id\":\"https:\/\/www.pressenza.com\/es\/2021\/10\/chile-hacia-el-fin-de-la-posdictadura\/#primaryimage\",\"url\":\"https:\/\/www.pressenza.com\/wp-content\/uploads\/2021\/10\/Fuera-pin\u0303era.jpeg\",\"contentUrl\":\"https:\/\/www.pressenza.com\/wp-content\/uploads\/2021\/10\/Fuera-pin\u0303era.jpeg\",\"width\":512,\"height\":341,\"caption\":\"juanpablocardenas.cl\"},{\"@type\":\"BreadcrumbList\",\"@id\":\"https:\/\/www.pressenza.com\/es\/2021\/10\/chile-hacia-el-fin-de-la-posdictadura\/#breadcrumb\",\"itemListElement\":[{\"@type\":\"ListItem\",\"position\":1,\"name\":\"Accueil\",\"item\":\"https:\/\/www.pressenza.com\/es\/\"},{\"@type\":\"ListItem\",\"position\":2,\"name\":\"Chile: Hacia el fin de la Posdictadura\"}]},{\"@type\":\"WebSite\",\"@id\":\"https:\/\/www.pressenza.com\/es\/#website\",\"url\":\"https:\/\/www.pressenza.com\/es\/\",\"name\":\"Pressenza\",\"description\":\"International Press Agency\",\"publisher\":{\"@id\":\"https:\/\/www.pressenza.com\/es\/#organization\"},\"potentialAction\":[{\"@type\":\"SearchAction\",\"target\":{\"@type\":\"EntryPoint\",\"urlTemplate\":\"https:\/\/www.pressenza.com\/es\/?s={search_term_string}\"},\"query-input\":{\"@type\":\"PropertyValueSpecification\",\"valueRequired\":true,\"valueName\":\"search_term_string\"}}],\"inLanguage\":\"es\"},{\"@type\":\"Organization\",\"@id\":\"https:\/\/www.pressenza.com\/es\/#organization\",\"name\":\"Pressenza\",\"url\":\"https:\/\/www.pressenza.com\/es\/\",\"logo\":{\"@type\":\"ImageObject\",\"inLanguage\":\"es\",\"@id\":\"https:\/\/www.pressenza.com\/es\/#\/schema\/logo\/image\/\",\"url\":\"https:\/\/www.pressenza.com\/wp-content\/uploads\/2022\/10\/pressenza_logo_200x200.jpg\",\"contentUrl\":\"https:\/\/www.pressenza.com\/wp-content\/uploads\/2022\/10\/pressenza_logo_200x200.jpg\",\"width\":200,\"height\":200,\"caption\":\"Pressenza\"},\"image\":{\"@id\":\"https:\/\/www.pressenza.com\/es\/#\/schema\/logo\/image\/\"},\"sameAs\":[\"https:\/\/www.facebook.com\/PressenzaItalia\",\"https:\/\/x.com\/PressenzaIPA\"]},{\"@type\":\"Person\",\"@id\":\"https:\/\/www.pressenza.com\/es\/#\/schema\/person\/d72a7c8c014dcbfa2ef9e9976103ea0d\",\"name\":\"Juan Pablo C\u00e1rdenas\",\"description\":\"Juan Pablo C\u00e1rdenas Squella es un periodista y profesor universitario de vasta trayectoria. En el 2005 recibi\u00f3 en premio nacional de Periodismo y, antes, la Pluma de Oro de la Libertad, otorgada por la Federaci\u00f3n Mundial de la Prensa. Tambi\u00e9n obtuvo el Premio Latinoamericano de Periodismo, la Houten Camara de Holanda (1989) entre otras m\u00faltiples distinciones nacionales y extranjeras. Forma parte de los sesenta periodistas del mundo considerados H\u00e9roes de la Libertad de Expresi\u00f3n, reconocimiento hecho por la Federaci\u00f3n Internacional de Periodistas. Ha sido director y columnista de las revistas Debate Universitario, An\u00e1lisis y Los Tiempos, as\u00ed como del diario electr\u00f3nico primeral\u00ednea.cl. Tambi\u00e9n fue por m\u00e1s 18 a\u00f1os director de la Radio Universidad de Chile y de su diario digital. Se ha desempe\u00f1ado como profesor de varias escuelas de periodismo de Santiago y Valpara\u00edso y en la Universidad de Chile alcanz\u00f3 el grado de profesor titular y senador universitario.\",\"url\":\"https:\/\/www.pressenza.com\/es\/author\/juan-pablo-cardenas\/\"}]}<\/script>\n<!-- \/ Yoast SEO plugin. -->","yoast_head_json":{"title":"Chile: Hacia el fin de la Posdictadura","description":"Sea o no destituido de su cargo, Sebasti\u00e1n Pi\u00f1era ser\u00e1 indefectiblemente el \u00faltimo presidente de la Posdictadura. Aun en la eventualidad de un fracaso de","robots":{"index":"index","follow":"follow","max-snippet":"max-snippet:-1","max-image-preview":"max-image-preview:large","max-video-preview":"max-video-preview:-1"},"canonical":"https:\/\/www.pressenza.com\/es\/2021\/10\/chile-hacia-el-fin-de-la-posdictadura\/","og_locale":"es_ES","og_type":"article","og_title":"Chile: Hacia el fin de la Posdictadura","og_description":"Sea o no destituido de su cargo, Sebasti\u00e1n Pi\u00f1era ser\u00e1 indefectiblemente el \u00faltimo presidente de la Posdictadura. Aun en la eventualidad de un fracaso de","og_url":"https:\/\/www.pressenza.com\/es\/2021\/10\/chile-hacia-el-fin-de-la-posdictadura\/","og_site_name":"Pressenza","article_publisher":"https:\/\/www.facebook.com\/PressenzaItalia","article_published_time":"2021-10-17T14:26:39+00:00","og_image":[{"width":512,"height":341,"url":"https:\/\/www.pressenza.com\/wp-content\/uploads\/2021\/10\/Fuera-pin\u0303era.jpeg","type":"image\/jpeg"}],"author":"Juan Pablo C\u00e1rdenas","twitter_card":"summary_large_image","twitter_creator":"@PressenzaIPA","twitter_site":"@PressenzaIPA","twitter_misc":{"Escrito por":"Juan Pablo C\u00e1rdenas","Tiempo de lectura":"5 minutos"},"schema":{"@context":"https:\/\/schema.org","@graph":[{"@type":"Article","@id":"https:\/\/www.pressenza.com\/es\/2021\/10\/chile-hacia-el-fin-de-la-posdictadura\/#article","isPartOf":{"@id":"https:\/\/www.pressenza.com\/es\/2021\/10\/chile-hacia-el-fin-de-la-posdictadura\/"},"author":{"name":"Juan Pablo C\u00e1rdenas","@id":"https:\/\/www.pressenza.com\/es\/#\/schema\/person\/d72a7c8c014dcbfa2ef9e9976103ea0d"},"headline":"Chile: Hacia el fin de la Posdictadura","datePublished":"2021-10-17T14:26:39+00:00","mainEntityOfPage":{"@id":"https:\/\/www.pressenza.com\/es\/2021\/10\/chile-hacia-el-fin-de-la-posdictadura\/"},"wordCount":985,"publisher":{"@id":"https:\/\/www.pressenza.com\/es\/#organization"},"image":{"@id":"https:\/\/www.pressenza.com\/es\/2021\/10\/chile-hacia-el-fin-de-la-posdictadura\/#primaryimage"},"thumbnailUrl":"https:\/\/www.pressenza.com\/wp-content\/uploads\/2021\/10\/Fuera-pin\u0303era.jpeg","keywords":["Chile","Posdictadura"],"articleSection":["Contenido Original","Opiniones","Pol\u00edtica","Sudam\u00e9rica"],"inLanguage":"es"},{"@type":"WebPage","@id":"https:\/\/www.pressenza.com\/es\/2021\/10\/chile-hacia-el-fin-de-la-posdictadura\/","url":"https:\/\/www.pressenza.com\/es\/2021\/10\/chile-hacia-el-fin-de-la-posdictadura\/","name":"Chile: Hacia el fin de la Posdictadura","isPartOf":{"@id":"https:\/\/www.pressenza.com\/es\/#website"},"primaryImageOfPage":{"@id":"https:\/\/www.pressenza.com\/es\/2021\/10\/chile-hacia-el-fin-de-la-posdictadura\/#primaryimage"},"image":{"@id":"https:\/\/www.pressenza.com\/es\/2021\/10\/chile-hacia-el-fin-de-la-posdictadura\/#primaryimage"},"thumbnailUrl":"https:\/\/www.pressenza.com\/wp-content\/uploads\/2021\/10\/Fuera-pin\u0303era.jpeg","datePublished":"2021-10-17T14:26:39+00:00","description":"Sea o no destituido de su cargo, Sebasti\u00e1n Pi\u00f1era ser\u00e1 indefectiblemente el \u00faltimo presidente de la Posdictadura. Aun en la eventualidad de un fracaso de","breadcrumb":{"@id":"https:\/\/www.pressenza.com\/es\/2021\/10\/chile-hacia-el-fin-de-la-posdictadura\/#breadcrumb"},"inLanguage":"es","potentialAction":[{"@type":"ReadAction","target":["https:\/\/www.pressenza.com\/es\/2021\/10\/chile-hacia-el-fin-de-la-posdictadura\/"]}]},{"@type":"ImageObject","inLanguage":"es","@id":"https:\/\/www.pressenza.com\/es\/2021\/10\/chile-hacia-el-fin-de-la-posdictadura\/#primaryimage","url":"https:\/\/www.pressenza.com\/wp-content\/uploads\/2021\/10\/Fuera-pin\u0303era.jpeg","contentUrl":"https:\/\/www.pressenza.com\/wp-content\/uploads\/2021\/10\/Fuera-pin\u0303era.jpeg","width":512,"height":341,"caption":"juanpablocardenas.cl"},{"@type":"BreadcrumbList","@id":"https:\/\/www.pressenza.com\/es\/2021\/10\/chile-hacia-el-fin-de-la-posdictadura\/#breadcrumb","itemListElement":[{"@type":"ListItem","position":1,"name":"Accueil","item":"https:\/\/www.pressenza.com\/es\/"},{"@type":"ListItem","position":2,"name":"Chile: Hacia el fin de la Posdictadura"}]},{"@type":"WebSite","@id":"https:\/\/www.pressenza.com\/es\/#website","url":"https:\/\/www.pressenza.com\/es\/","name":"Pressenza","description":"International Press Agency","publisher":{"@id":"https:\/\/www.pressenza.com\/es\/#organization"},"potentialAction":[{"@type":"SearchAction","target":{"@type":"EntryPoint","urlTemplate":"https:\/\/www.pressenza.com\/es\/?s={search_term_string}"},"query-input":{"@type":"PropertyValueSpecification","valueRequired":true,"valueName":"search_term_string"}}],"inLanguage":"es"},{"@type":"Organization","@id":"https:\/\/www.pressenza.com\/es\/#organization","name":"Pressenza","url":"https:\/\/www.pressenza.com\/es\/","logo":{"@type":"ImageObject","inLanguage":"es","@id":"https:\/\/www.pressenza.com\/es\/#\/schema\/logo\/image\/","url":"https:\/\/www.pressenza.com\/wp-content\/uploads\/2022\/10\/pressenza_logo_200x200.jpg","contentUrl":"https:\/\/www.pressenza.com\/wp-content\/uploads\/2022\/10\/pressenza_logo_200x200.jpg","width":200,"height":200,"caption":"Pressenza"},"image":{"@id":"https:\/\/www.pressenza.com\/es\/#\/schema\/logo\/image\/"},"sameAs":["https:\/\/www.facebook.com\/PressenzaItalia","https:\/\/x.com\/PressenzaIPA"]},{"@type":"Person","@id":"https:\/\/www.pressenza.com\/es\/#\/schema\/person\/d72a7c8c014dcbfa2ef9e9976103ea0d","name":"Juan Pablo C\u00e1rdenas","description":"Juan Pablo C\u00e1rdenas Squella es un periodista y profesor universitario de vasta trayectoria. En el 2005 recibi\u00f3 en premio nacional de Periodismo y, antes, la Pluma de Oro de la Libertad, otorgada por la Federaci\u00f3n Mundial de la Prensa. Tambi\u00e9n obtuvo el Premio Latinoamericano de Periodismo, la Houten Camara de Holanda (1989) entre otras m\u00faltiples distinciones nacionales y extranjeras. Forma parte de los sesenta periodistas del mundo considerados H\u00e9roes de la Libertad de Expresi\u00f3n, reconocimiento hecho por la Federaci\u00f3n Internacional de Periodistas. Ha sido director y columnista de las revistas Debate Universitario, An\u00e1lisis y Los Tiempos, as\u00ed como del diario electr\u00f3nico primeral\u00ednea.cl. Tambi\u00e9n fue por m\u00e1s 18 a\u00f1os director de la Radio Universidad de Chile y de su diario digital. Se ha desempe\u00f1ado como profesor de varias escuelas de periodismo de Santiago y Valpara\u00edso y en la Universidad de Chile alcanz\u00f3 el grado de profesor titular y senador universitario.","url":"https:\/\/www.pressenza.com\/es\/author\/juan-pablo-cardenas\/"}]}},"place":"Santiago de Chile","original_article_url":"","_links":{"self":[{"href":"https:\/\/www.pressenza.com\/es\/wp-json\/wp\/v2\/posts\/1453562","targetHints":{"allow":["GET"]}}],"collection":[{"href":"https:\/\/www.pressenza.com\/es\/wp-json\/wp\/v2\/posts"}],"about":[{"href":"https:\/\/www.pressenza.com\/es\/wp-json\/wp\/v2\/types\/post"}],"author":[{"embeddable":true,"href":"https:\/\/www.pressenza.com\/es\/wp-json\/wp\/v2\/users\/1739"}],"replies":[{"embeddable":true,"href":"https:\/\/www.pressenza.com\/es\/wp-json\/wp\/v2\/comments?post=1453562"}],"version-history":[{"count":0,"href":"https:\/\/www.pressenza.com\/es\/wp-json\/wp\/v2\/posts\/1453562\/revisions"}],"wp:featuredmedia":[{"embeddable":true,"href":"https:\/\/www.pressenza.com\/es\/wp-json\/wp\/v2\/media\/1453563"}],"wp:attachment":[{"href":"https:\/\/www.pressenza.com\/es\/wp-json\/wp\/v2\/media?parent=1453562"}],"wp:term":[{"taxonomy":"category","embeddable":true,"href":"https:\/\/www.pressenza.com\/es\/wp-json\/wp\/v2\/categories?post=1453562"},{"taxonomy":"post_tag","embeddable":true,"href":"https:\/\/www.pressenza.com\/es\/wp-json\/wp\/v2\/tags?post=1453562"}],"curies":[{"name":"wp","href":"https:\/\/api.w.org\/{rel}","templated":true}]}}