{"id":1452768,"date":"2021-10-18T02:43:41","date_gmt":"2021-10-18T01:43:41","guid":{"rendered":"https:\/\/www.pressenza.com\/?p=1452768"},"modified":"2021-10-18T19:13:20","modified_gmt":"2021-10-18T18:13:20","slug":"paulina-bravo-abogada-activista-por-los-derechos-de-los-discapacitados-la-ley-dice-que-somos-sujetos-de-derecho-pero-la-sociedad-nos-trata-como-sujetos-de-asistencia-ahi-hay-un-tremendo-trabajo","status":"publish","type":"post","link":"https:\/\/www.pressenza.com\/es\/2021\/10\/paulina-bravo-abogada-activista-por-los-derechos-de-los-discapacitados-la-ley-dice-que-somos-sujetos-de-derecho-pero-la-sociedad-nos-trata-como-sujetos-de-asistencia-ahi-hay-un-tremendo-trabajo\/","title":{"rendered":"Paulina Bravo, abogada activista por los derechos de los discapacitados: \u00abLa ley dice que somos sujetos de derecho, pero la sociedad nos trata como sujetos de asistencia. Ah\u00ed hay un tremendo trabajo por hacer\u00bb"},"content":{"rendered":"<p>Paulina Bravo es una activista por los derechos de las personas con discapacidad. Puede hablar con propiedad de este tema: ella misma perdi\u00f3 la visi\u00f3n a los 24 a\u00f1os.<\/p>\n<p>Desde hace una d\u00e9cada trabaja como abogada en la Corporaci\u00f3n de Asistencia Judicial, especializ\u00e1ndose en la defensa y promoci\u00f3n de los derechos humanos de las personas con discapacidad. Adem\u00e1s, preside el Observatorio de los Derechos Sexuales y Reproductivos de las Personas con Discapacidad (Odisex) y consejera de la Asociaci\u00f3n de Abogadas Feministas (Abofem), y es una frecuente asesora y conferencista en asuntos jur\u00eddicos relacionados con la discapacidad.<\/p>\n<p>Abogada, feminista, lesbiana, activista por los derechos humanos&#8230; por si fuera poco, tambi\u00e9n es candidata a diputada por el Partido Humanista en el distrito 10 para las elecciones del pr\u00f3ximo 21 de noviembre de 2021.<\/p>\n<p>Siempre acompa\u00f1ada de Holly, su perra gu\u00eda, Paulina es una persona asertiva, emp\u00e1tica y plenamente empoderada que disfruta de la vida como pocos, y que lucha por una sociedad m\u00e1s inclusiva y en que nunca m\u00e1s sobren personas. Como dice ella: \u00abporque la Inclusi\u00f3n es un Derecho de toda la Humanidad, y Humanidad es igual a Diversidad\u00bb.<\/p>\n<p>La contact\u00e9 porque Ernesto y Carlos, del Parque de Estudio y Reflexi\u00f3n Paine, me hablaron de ella como un ejemplo de ser humano que, pasando por encima de muchas adversidades que para otros son irremontables en el actual sistema social y econ\u00f3mico, ha logrado aceptarlas y usarlas como trampol\u00edn para luchar por el cambio y la dignidad social para todos, sin exclusiones por ning\u00fan tipo de diferencia, sea esta de discapacidad, orientaci\u00f3n sexual, origen \u00e9tnico, religi\u00f3n o cultura.<\/p>\n<p>Y esto es particularmente valioso en estos momentos de cambio hist\u00f3rico que tiene por delante Chile, en que por primera vez en su historia el pa\u00eds tiene la oportunidad de redactar y aprobar una Constituci\u00f3n no impuesta desde arriba, sino elaborada desde la democracia y la participaci\u00f3n. Nada de ello ha sido gratuito: fue necesaria la confluencia de muchas causas y reclamos sectoriales en un despertar social que se expres\u00f3 a partir del 18 de octubre de 2019, y del cual se cumple hoy el segundo aniversario. Cost\u00f3 muchas v\u00edctimas de la represi\u00f3n y presos pol\u00edticos que, incre\u00edblemente, a\u00fan no son liberados.<\/p>\n<p>Con todo, Chile vive tiempos de cambio y evoluci\u00f3n impensables hace apenas 10 a\u00f1os.<\/p>\n<p>Para m\u00ed, entrevistarla fue una verdadera inspiraci\u00f3n de todo lo que se puede alcanzar si se mira m\u00e1s all\u00e1 de los condicionamientos y prejuicios para dar nacimiento al pr\u00f3ximo salto evolutivo de la especie humana. Sin duda, Paulina es una de las imprescindibles en este camino.<\/p>\n<p>Puedes ver la entrevista completa <a href=\"https:\/\/youtu.be\/v4ozUKTyuP8\">AQU\u00cd<\/a><\/p>\n<p>&nbsp;<\/p>\n<p><iframe loading=\"lazy\" title=\"Paulina Bravo, activista chilena por los derechos de los discapacitados y candidata a diputada\" width=\"500\" height=\"281\" src=\"https:\/\/www.youtube.com\/embed\/v4ozUKTyuP8?feature=oembed\" frameborder=\"0\" allow=\"accelerometer; autoplay; clipboard-write; encrypted-media; gyroscope; picture-in-picture; web-share\" referrerpolicy=\"strict-origin-when-cross-origin\" allowfullscreen><\/iframe><\/p>\n","protected":false},"excerpt":{"rendered":"<p>Paulina Bravo es una activista por los derechos de las personas con discapacidad. Puede hablar con propiedad de este tema: ella misma perdi\u00f3 la visi\u00f3n a los 24 a\u00f1os. Desde hace una d\u00e9cada trabaja como abogada en la Corporaci\u00f3n de&hellip;<\/p>\n","protected":false},"author":1657,"featured_media":1452801,"comment_status":"closed","ping_status":"closed","sticky":false,"template":"","format":"standard","meta":{"footnotes":""},"categories":[1241,155,54515,67,25678],"tags":[95830,95831,95829,95832,70213,17571],"class_list":["post-1452768","post","type-post","status-publish","format-standard","has-post-thumbnail","hentry","category-diversidad","category-entrevistas","category-genero-y-feminismos","category-sudamerica","category-video-es","tag-asesoria-juridica-sobre-discapacidad","tag-candidata-a-diputada","tag-derechos-de-los-discapacitados-en-chile","tag-discapacidad-visual","tag-feminismo-humanista","tag-lgtbi"],"yoast_head":"<!-- This site is optimized with the Yoast SEO plugin v27.1.1 - https:\/\/yoast.com\/product\/yoast-seo-wordpress\/ -->\n<title>Paulina Bravo, abogada activista por los derechos de los discapacitados: &quot;La ley dice que somos sujetos de derecho, pero la sociedad nos trata como sujetos de asistencia. Ah\u00ed hay un tremendo trabajo por hacer&quot;<\/title>\n<meta name=\"description\" content=\"Paulina Bravo es una activista por los derechos de las personas con discapacidad. Puede hablar con propiedad de este tema: ella misma perdi\u00f3 la visi\u00f3n a\" \/>\n<meta name=\"robots\" content=\"index, follow, max-snippet:-1, max-image-preview:large, max-video-preview:-1\" \/>\n<link rel=\"canonical\" href=\"https:\/\/www.pressenza.com\/es\/2021\/10\/paulina-bravo-abogada-activista-por-los-derechos-de-los-discapacitados-la-ley-dice-que-somos-sujetos-de-derecho-pero-la-sociedad-nos-trata-como-sujetos-de-asistencia-ahi-hay-un-tremendo-trabajo\/\" \/>\n<meta property=\"og:locale\" content=\"es_ES\" \/>\n<meta property=\"og:type\" content=\"article\" \/>\n<meta property=\"og:title\" content=\"Paulina Bravo, abogada activista por los derechos de los discapacitados: &quot;La ley dice que somos sujetos de derecho, pero la sociedad nos trata como sujetos de asistencia. Ah\u00ed hay un tremendo trabajo por hacer&quot;\" \/>\n<meta property=\"og:description\" content=\"Paulina Bravo es una activista por los derechos de las personas con discapacidad. Puede hablar con propiedad de este tema: ella misma perdi\u00f3 la visi\u00f3n a\" \/>\n<meta property=\"og:url\" content=\"https:\/\/www.pressenza.com\/es\/2021\/10\/paulina-bravo-abogada-activista-por-los-derechos-de-los-discapacitados-la-ley-dice-que-somos-sujetos-de-derecho-pero-la-sociedad-nos-trata-como-sujetos-de-asistencia-ahi-hay-un-tremendo-trabajo\/\" \/>\n<meta property=\"og:site_name\" content=\"Pressenza\" \/>\n<meta property=\"article:publisher\" content=\"https:\/\/www.facebook.com\/PressenzaItalia\" \/>\n<meta property=\"article:published_time\" content=\"2021-10-18T01:43:41+00:00\" \/>\n<meta property=\"article:modified_time\" content=\"2021-10-18T18:13:20+00:00\" \/>\n<meta property=\"og:image\" content=\"https:\/\/www.pressenza.com\/wp-content\/uploads\/2021\/10\/DSC0535.jpg\" \/>\n\t<meta property=\"og:image:width\" content=\"1920\" \/>\n\t<meta property=\"og:image:height\" content=\"1280\" \/>\n\t<meta property=\"og:image:type\" content=\"image\/jpeg\" \/>\n<meta name=\"author\" content=\"David Mel\u00e9ndez Tormen\" \/>\n<meta name=\"twitter:card\" content=\"summary_large_image\" \/>\n<meta name=\"twitter:creator\" content=\"@PressenzaIPA\" \/>\n<meta name=\"twitter:site\" content=\"@PressenzaIPA\" \/>\n<meta name=\"twitter:label1\" content=\"Escrito por\" \/>\n\t<meta name=\"twitter:data1\" content=\"David Mel\u00e9ndez Tormen\" \/>\n\t<meta name=\"twitter:label2\" content=\"Tiempo de lectura\" \/>\n\t<meta name=\"twitter:data2\" content=\"2 minutos\" \/>\n<script type=\"application\/ld+json\" class=\"yoast-schema-graph\">{\"@context\":\"https:\/\/schema.org\",\"@graph\":[{\"@type\":\"Article\",\"@id\":\"https:\/\/www.pressenza.com\/es\/2021\/10\/paulina-bravo-abogada-activista-por-los-derechos-de-los-discapacitados-la-ley-dice-que-somos-sujetos-de-derecho-pero-la-sociedad-nos-trata-como-sujetos-de-asistencia-ahi-hay-un-tremendo-trabajo\/#article\",\"isPartOf\":{\"@id\":\"https:\/\/www.pressenza.com\/es\/2021\/10\/paulina-bravo-abogada-activista-por-los-derechos-de-los-discapacitados-la-ley-dice-que-somos-sujetos-de-derecho-pero-la-sociedad-nos-trata-como-sujetos-de-asistencia-ahi-hay-un-tremendo-trabajo\/\"},\"author\":{\"name\":\"David Mel\u00e9ndez Tormen\",\"@id\":\"https:\/\/www.pressenza.com\/es\/#\/schema\/person\/70f60c9c4fac1fd1dfead42691972065\"},\"headline\":\"Paulina Bravo, abogada activista por los derechos de los discapacitados: \u00abLa ley dice que somos sujetos de derecho, pero la sociedad nos trata como sujetos de asistencia. Ah\u00ed hay un tremendo trabajo por hacer\u00bb\",\"datePublished\":\"2021-10-18T01:43:41+00:00\",\"dateModified\":\"2021-10-18T18:13:20+00:00\",\"mainEntityOfPage\":{\"@id\":\"https:\/\/www.pressenza.com\/es\/2021\/10\/paulina-bravo-abogada-activista-por-los-derechos-de-los-discapacitados-la-ley-dice-que-somos-sujetos-de-derecho-pero-la-sociedad-nos-trata-como-sujetos-de-asistencia-ahi-hay-un-tremendo-trabajo\/\"},\"wordCount\":504,\"publisher\":{\"@id\":\"https:\/\/www.pressenza.com\/es\/#organization\"},\"image\":{\"@id\":\"https:\/\/www.pressenza.com\/es\/2021\/10\/paulina-bravo-abogada-activista-por-los-derechos-de-los-discapacitados-la-ley-dice-que-somos-sujetos-de-derecho-pero-la-sociedad-nos-trata-como-sujetos-de-asistencia-ahi-hay-un-tremendo-trabajo\/#primaryimage\"},\"thumbnailUrl\":\"https:\/\/www.pressenza.com\/wp-content\/uploads\/2021\/10\/DSC0535.jpg\",\"keywords\":[\"asesor\u00eda jur\u00eddica sobre discapacidad\",\"candidata a diputada\",\"derechos de los discapacitados en Chile\",\"discapacidad visual\",\"feminismo humanista\",\"LGTBI\"],\"articleSection\":[\"Diversidad\",\"Entrevistas\",\"G\u00e9nero y Feminismos\",\"Sudam\u00e9rica\",\"Video\"],\"inLanguage\":\"es\"},{\"@type\":\"WebPage\",\"@id\":\"https:\/\/www.pressenza.com\/es\/2021\/10\/paulina-bravo-abogada-activista-por-los-derechos-de-los-discapacitados-la-ley-dice-que-somos-sujetos-de-derecho-pero-la-sociedad-nos-trata-como-sujetos-de-asistencia-ahi-hay-un-tremendo-trabajo\/\",\"url\":\"https:\/\/www.pressenza.com\/es\/2021\/10\/paulina-bravo-abogada-activista-por-los-derechos-de-los-discapacitados-la-ley-dice-que-somos-sujetos-de-derecho-pero-la-sociedad-nos-trata-como-sujetos-de-asistencia-ahi-hay-un-tremendo-trabajo\/\",\"name\":\"Paulina Bravo, abogada activista por los derechos de los discapacitados: \\\"La ley dice que somos sujetos de derecho, pero la sociedad nos trata como sujetos de asistencia. Ah\u00ed hay un tremendo trabajo por hacer\\\"\",\"isPartOf\":{\"@id\":\"https:\/\/www.pressenza.com\/es\/#website\"},\"primaryImageOfPage\":{\"@id\":\"https:\/\/www.pressenza.com\/es\/2021\/10\/paulina-bravo-abogada-activista-por-los-derechos-de-los-discapacitados-la-ley-dice-que-somos-sujetos-de-derecho-pero-la-sociedad-nos-trata-como-sujetos-de-asistencia-ahi-hay-un-tremendo-trabajo\/#primaryimage\"},\"image\":{\"@id\":\"https:\/\/www.pressenza.com\/es\/2021\/10\/paulina-bravo-abogada-activista-por-los-derechos-de-los-discapacitados-la-ley-dice-que-somos-sujetos-de-derecho-pero-la-sociedad-nos-trata-como-sujetos-de-asistencia-ahi-hay-un-tremendo-trabajo\/#primaryimage\"},\"thumbnailUrl\":\"https:\/\/www.pressenza.com\/wp-content\/uploads\/2021\/10\/DSC0535.jpg\",\"datePublished\":\"2021-10-18T01:43:41+00:00\",\"dateModified\":\"2021-10-18T18:13:20+00:00\",\"description\":\"Paulina Bravo es una activista por los derechos de las personas con discapacidad. Puede hablar con propiedad de este tema: ella misma perdi\u00f3 la visi\u00f3n a\",\"breadcrumb\":{\"@id\":\"https:\/\/www.pressenza.com\/es\/2021\/10\/paulina-bravo-abogada-activista-por-los-derechos-de-los-discapacitados-la-ley-dice-que-somos-sujetos-de-derecho-pero-la-sociedad-nos-trata-como-sujetos-de-asistencia-ahi-hay-un-tremendo-trabajo\/#breadcrumb\"},\"inLanguage\":\"es\",\"potentialAction\":[{\"@type\":\"ReadAction\",\"target\":[\"https:\/\/www.pressenza.com\/es\/2021\/10\/paulina-bravo-abogada-activista-por-los-derechos-de-los-discapacitados-la-ley-dice-que-somos-sujetos-de-derecho-pero-la-sociedad-nos-trata-como-sujetos-de-asistencia-ahi-hay-un-tremendo-trabajo\/\"]}]},{\"@type\":\"ImageObject\",\"inLanguage\":\"es\",\"@id\":\"https:\/\/www.pressenza.com\/es\/2021\/10\/paulina-bravo-abogada-activista-por-los-derechos-de-los-discapacitados-la-ley-dice-que-somos-sujetos-de-derecho-pero-la-sociedad-nos-trata-como-sujetos-de-asistencia-ahi-hay-un-tremendo-trabajo\/#primaryimage\",\"url\":\"https:\/\/www.pressenza.com\/wp-content\/uploads\/2021\/10\/DSC0535.jpg\",\"contentUrl\":\"https:\/\/www.pressenza.com\/wp-content\/uploads\/2021\/10\/DSC0535.jpg\",\"width\":1920,\"height\":1280},{\"@type\":\"BreadcrumbList\",\"@id\":\"https:\/\/www.pressenza.com\/es\/2021\/10\/paulina-bravo-abogada-activista-por-los-derechos-de-los-discapacitados-la-ley-dice-que-somos-sujetos-de-derecho-pero-la-sociedad-nos-trata-como-sujetos-de-asistencia-ahi-hay-un-tremendo-trabajo\/#breadcrumb\",\"itemListElement\":[{\"@type\":\"ListItem\",\"position\":1,\"name\":\"Accueil\",\"item\":\"https:\/\/www.pressenza.com\/es\/\"},{\"@type\":\"ListItem\",\"position\":2,\"name\":\"Paulina Bravo, abogada activista por los derechos de los discapacitados: \u00abLa ley dice que somos sujetos de derecho, pero la sociedad nos trata como sujetos de asistencia. Ah\u00ed hay un tremendo trabajo por hacer\u00bb\"}]},{\"@type\":\"WebSite\",\"@id\":\"https:\/\/www.pressenza.com\/es\/#website\",\"url\":\"https:\/\/www.pressenza.com\/es\/\",\"name\":\"Pressenza\",\"description\":\"International Press Agency\",\"publisher\":{\"@id\":\"https:\/\/www.pressenza.com\/es\/#organization\"},\"potentialAction\":[{\"@type\":\"SearchAction\",\"target\":{\"@type\":\"EntryPoint\",\"urlTemplate\":\"https:\/\/www.pressenza.com\/es\/?s={search_term_string}\"},\"query-input\":{\"@type\":\"PropertyValueSpecification\",\"valueRequired\":true,\"valueName\":\"search_term_string\"}}],\"inLanguage\":\"es\"},{\"@type\":\"Organization\",\"@id\":\"https:\/\/www.pressenza.com\/es\/#organization\",\"name\":\"Pressenza\",\"url\":\"https:\/\/www.pressenza.com\/es\/\",\"logo\":{\"@type\":\"ImageObject\",\"inLanguage\":\"es\",\"@id\":\"https:\/\/www.pressenza.com\/es\/#\/schema\/logo\/image\/\",\"url\":\"https:\/\/www.pressenza.com\/wp-content\/uploads\/2022\/10\/pressenza_logo_200x200.jpg\",\"contentUrl\":\"https:\/\/www.pressenza.com\/wp-content\/uploads\/2022\/10\/pressenza_logo_200x200.jpg\",\"width\":200,\"height\":200,\"caption\":\"Pressenza\"},\"image\":{\"@id\":\"https:\/\/www.pressenza.com\/es\/#\/schema\/logo\/image\/\"},\"sameAs\":[\"https:\/\/www.facebook.com\/PressenzaItalia\",\"https:\/\/x.com\/PressenzaIPA\"]},{\"@type\":\"Person\",\"@id\":\"https:\/\/www.pressenza.com\/es\/#\/schema\/person\/70f60c9c4fac1fd1dfead42691972065\",\"name\":\"David Mel\u00e9ndez Tormen\",\"description\":\"Humanist and diversity activist. Born in 1972 in Santiago de Chile. Bachelor\u2019s Degree in Humanities and German-English to Spanish Translator, with studies in journalism. Currently doing a M.A. on Social Transformations. Collaborator in Pressenza since 2018. Co-author, with Riccardo Marinai, of the book Mjuros que Hablan, a compilation of graffitis from the Chilean \\\"estallido social\\\" of 2019.\",\"url\":\"https:\/\/www.pressenza.com\/es\/author\/david-melendez\/\"}]}<\/script>\n<!-- \/ Yoast SEO plugin. -->","yoast_head_json":{"title":"Paulina Bravo, abogada activista por los derechos de los discapacitados: \"La ley dice que somos sujetos de derecho, pero la sociedad nos trata como sujetos de asistencia. Ah\u00ed hay un tremendo trabajo por hacer\"","description":"Paulina Bravo es una activista por los derechos de las personas con discapacidad. Puede hablar con propiedad de este tema: ella misma perdi\u00f3 la visi\u00f3n a","robots":{"index":"index","follow":"follow","max-snippet":"max-snippet:-1","max-image-preview":"max-image-preview:large","max-video-preview":"max-video-preview:-1"},"canonical":"https:\/\/www.pressenza.com\/es\/2021\/10\/paulina-bravo-abogada-activista-por-los-derechos-de-los-discapacitados-la-ley-dice-que-somos-sujetos-de-derecho-pero-la-sociedad-nos-trata-como-sujetos-de-asistencia-ahi-hay-un-tremendo-trabajo\/","og_locale":"es_ES","og_type":"article","og_title":"Paulina Bravo, abogada activista por los derechos de los discapacitados: \"La ley dice que somos sujetos de derecho, pero la sociedad nos trata como sujetos de asistencia. Ah\u00ed hay un tremendo trabajo por hacer\"","og_description":"Paulina Bravo es una activista por los derechos de las personas con discapacidad. Puede hablar con propiedad de este tema: ella misma perdi\u00f3 la visi\u00f3n a","og_url":"https:\/\/www.pressenza.com\/es\/2021\/10\/paulina-bravo-abogada-activista-por-los-derechos-de-los-discapacitados-la-ley-dice-que-somos-sujetos-de-derecho-pero-la-sociedad-nos-trata-como-sujetos-de-asistencia-ahi-hay-un-tremendo-trabajo\/","og_site_name":"Pressenza","article_publisher":"https:\/\/www.facebook.com\/PressenzaItalia","article_published_time":"2021-10-18T01:43:41+00:00","article_modified_time":"2021-10-18T18:13:20+00:00","og_image":[{"width":1920,"height":1280,"url":"https:\/\/www.pressenza.com\/wp-content\/uploads\/2021\/10\/DSC0535.jpg","type":"image\/jpeg"}],"author":"David Mel\u00e9ndez Tormen","twitter_card":"summary_large_image","twitter_creator":"@PressenzaIPA","twitter_site":"@PressenzaIPA","twitter_misc":{"Escrito por":"David Mel\u00e9ndez Tormen","Tiempo de lectura":"2 minutos"},"schema":{"@context":"https:\/\/schema.org","@graph":[{"@type":"Article","@id":"https:\/\/www.pressenza.com\/es\/2021\/10\/paulina-bravo-abogada-activista-por-los-derechos-de-los-discapacitados-la-ley-dice-que-somos-sujetos-de-derecho-pero-la-sociedad-nos-trata-como-sujetos-de-asistencia-ahi-hay-un-tremendo-trabajo\/#article","isPartOf":{"@id":"https:\/\/www.pressenza.com\/es\/2021\/10\/paulina-bravo-abogada-activista-por-los-derechos-de-los-discapacitados-la-ley-dice-que-somos-sujetos-de-derecho-pero-la-sociedad-nos-trata-como-sujetos-de-asistencia-ahi-hay-un-tremendo-trabajo\/"},"author":{"name":"David Mel\u00e9ndez Tormen","@id":"https:\/\/www.pressenza.com\/es\/#\/schema\/person\/70f60c9c4fac1fd1dfead42691972065"},"headline":"Paulina Bravo, abogada activista por los derechos de los discapacitados: \u00abLa ley dice que somos sujetos de derecho, pero la sociedad nos trata como sujetos de asistencia. Ah\u00ed hay un tremendo trabajo por hacer\u00bb","datePublished":"2021-10-18T01:43:41+00:00","dateModified":"2021-10-18T18:13:20+00:00","mainEntityOfPage":{"@id":"https:\/\/www.pressenza.com\/es\/2021\/10\/paulina-bravo-abogada-activista-por-los-derechos-de-los-discapacitados-la-ley-dice-que-somos-sujetos-de-derecho-pero-la-sociedad-nos-trata-como-sujetos-de-asistencia-ahi-hay-un-tremendo-trabajo\/"},"wordCount":504,"publisher":{"@id":"https:\/\/www.pressenza.com\/es\/#organization"},"image":{"@id":"https:\/\/www.pressenza.com\/es\/2021\/10\/paulina-bravo-abogada-activista-por-los-derechos-de-los-discapacitados-la-ley-dice-que-somos-sujetos-de-derecho-pero-la-sociedad-nos-trata-como-sujetos-de-asistencia-ahi-hay-un-tremendo-trabajo\/#primaryimage"},"thumbnailUrl":"https:\/\/www.pressenza.com\/wp-content\/uploads\/2021\/10\/DSC0535.jpg","keywords":["asesor\u00eda jur\u00eddica sobre discapacidad","candidata a diputada","derechos de los discapacitados en Chile","discapacidad visual","feminismo humanista","LGTBI"],"articleSection":["Diversidad","Entrevistas","G\u00e9nero y Feminismos","Sudam\u00e9rica","Video"],"inLanguage":"es"},{"@type":"WebPage","@id":"https:\/\/www.pressenza.com\/es\/2021\/10\/paulina-bravo-abogada-activista-por-los-derechos-de-los-discapacitados-la-ley-dice-que-somos-sujetos-de-derecho-pero-la-sociedad-nos-trata-como-sujetos-de-asistencia-ahi-hay-un-tremendo-trabajo\/","url":"https:\/\/www.pressenza.com\/es\/2021\/10\/paulina-bravo-abogada-activista-por-los-derechos-de-los-discapacitados-la-ley-dice-que-somos-sujetos-de-derecho-pero-la-sociedad-nos-trata-como-sujetos-de-asistencia-ahi-hay-un-tremendo-trabajo\/","name":"Paulina Bravo, abogada activista por los derechos de los discapacitados: \"La ley dice que somos sujetos de derecho, pero la sociedad nos trata como sujetos de asistencia. Ah\u00ed hay un tremendo trabajo por hacer\"","isPartOf":{"@id":"https:\/\/www.pressenza.com\/es\/#website"},"primaryImageOfPage":{"@id":"https:\/\/www.pressenza.com\/es\/2021\/10\/paulina-bravo-abogada-activista-por-los-derechos-de-los-discapacitados-la-ley-dice-que-somos-sujetos-de-derecho-pero-la-sociedad-nos-trata-como-sujetos-de-asistencia-ahi-hay-un-tremendo-trabajo\/#primaryimage"},"image":{"@id":"https:\/\/www.pressenza.com\/es\/2021\/10\/paulina-bravo-abogada-activista-por-los-derechos-de-los-discapacitados-la-ley-dice-que-somos-sujetos-de-derecho-pero-la-sociedad-nos-trata-como-sujetos-de-asistencia-ahi-hay-un-tremendo-trabajo\/#primaryimage"},"thumbnailUrl":"https:\/\/www.pressenza.com\/wp-content\/uploads\/2021\/10\/DSC0535.jpg","datePublished":"2021-10-18T01:43:41+00:00","dateModified":"2021-10-18T18:13:20+00:00","description":"Paulina Bravo es una activista por los derechos de las personas con discapacidad. Puede hablar con propiedad de este tema: ella misma perdi\u00f3 la visi\u00f3n a","breadcrumb":{"@id":"https:\/\/www.pressenza.com\/es\/2021\/10\/paulina-bravo-abogada-activista-por-los-derechos-de-los-discapacitados-la-ley-dice-que-somos-sujetos-de-derecho-pero-la-sociedad-nos-trata-como-sujetos-de-asistencia-ahi-hay-un-tremendo-trabajo\/#breadcrumb"},"inLanguage":"es","potentialAction":[{"@type":"ReadAction","target":["https:\/\/www.pressenza.com\/es\/2021\/10\/paulina-bravo-abogada-activista-por-los-derechos-de-los-discapacitados-la-ley-dice-que-somos-sujetos-de-derecho-pero-la-sociedad-nos-trata-como-sujetos-de-asistencia-ahi-hay-un-tremendo-trabajo\/"]}]},{"@type":"ImageObject","inLanguage":"es","@id":"https:\/\/www.pressenza.com\/es\/2021\/10\/paulina-bravo-abogada-activista-por-los-derechos-de-los-discapacitados-la-ley-dice-que-somos-sujetos-de-derecho-pero-la-sociedad-nos-trata-como-sujetos-de-asistencia-ahi-hay-un-tremendo-trabajo\/#primaryimage","url":"https:\/\/www.pressenza.com\/wp-content\/uploads\/2021\/10\/DSC0535.jpg","contentUrl":"https:\/\/www.pressenza.com\/wp-content\/uploads\/2021\/10\/DSC0535.jpg","width":1920,"height":1280},{"@type":"BreadcrumbList","@id":"https:\/\/www.pressenza.com\/es\/2021\/10\/paulina-bravo-abogada-activista-por-los-derechos-de-los-discapacitados-la-ley-dice-que-somos-sujetos-de-derecho-pero-la-sociedad-nos-trata-como-sujetos-de-asistencia-ahi-hay-un-tremendo-trabajo\/#breadcrumb","itemListElement":[{"@type":"ListItem","position":1,"name":"Accueil","item":"https:\/\/www.pressenza.com\/es\/"},{"@type":"ListItem","position":2,"name":"Paulina Bravo, abogada activista por los derechos de los discapacitados: \u00abLa ley dice que somos sujetos de derecho, pero la sociedad nos trata como sujetos de asistencia. Ah\u00ed hay un tremendo trabajo por hacer\u00bb"}]},{"@type":"WebSite","@id":"https:\/\/www.pressenza.com\/es\/#website","url":"https:\/\/www.pressenza.com\/es\/","name":"Pressenza","description":"International Press Agency","publisher":{"@id":"https:\/\/www.pressenza.com\/es\/#organization"},"potentialAction":[{"@type":"SearchAction","target":{"@type":"EntryPoint","urlTemplate":"https:\/\/www.pressenza.com\/es\/?s={search_term_string}"},"query-input":{"@type":"PropertyValueSpecification","valueRequired":true,"valueName":"search_term_string"}}],"inLanguage":"es"},{"@type":"Organization","@id":"https:\/\/www.pressenza.com\/es\/#organization","name":"Pressenza","url":"https:\/\/www.pressenza.com\/es\/","logo":{"@type":"ImageObject","inLanguage":"es","@id":"https:\/\/www.pressenza.com\/es\/#\/schema\/logo\/image\/","url":"https:\/\/www.pressenza.com\/wp-content\/uploads\/2022\/10\/pressenza_logo_200x200.jpg","contentUrl":"https:\/\/www.pressenza.com\/wp-content\/uploads\/2022\/10\/pressenza_logo_200x200.jpg","width":200,"height":200,"caption":"Pressenza"},"image":{"@id":"https:\/\/www.pressenza.com\/es\/#\/schema\/logo\/image\/"},"sameAs":["https:\/\/www.facebook.com\/PressenzaItalia","https:\/\/x.com\/PressenzaIPA"]},{"@type":"Person","@id":"https:\/\/www.pressenza.com\/es\/#\/schema\/person\/70f60c9c4fac1fd1dfead42691972065","name":"David Mel\u00e9ndez Tormen","description":"Humanist and diversity activist. Born in 1972 in Santiago de Chile. Bachelor\u2019s Degree in Humanities and German-English to Spanish Translator, with studies in journalism. Currently doing a M.A. on Social Transformations. Collaborator in Pressenza since 2018. Co-author, with Riccardo Marinai, of the book Mjuros que Hablan, a compilation of graffitis from the Chilean \"estallido social\" of 2019.","url":"https:\/\/www.pressenza.com\/es\/author\/david-melendez\/"}]}},"place":"Santiago de Chile","original_article_url":"","_links":{"self":[{"href":"https:\/\/www.pressenza.com\/es\/wp-json\/wp\/v2\/posts\/1452768","targetHints":{"allow":["GET"]}}],"collection":[{"href":"https:\/\/www.pressenza.com\/es\/wp-json\/wp\/v2\/posts"}],"about":[{"href":"https:\/\/www.pressenza.com\/es\/wp-json\/wp\/v2\/types\/post"}],"author":[{"embeddable":true,"href":"https:\/\/www.pressenza.com\/es\/wp-json\/wp\/v2\/users\/1657"}],"replies":[{"embeddable":true,"href":"https:\/\/www.pressenza.com\/es\/wp-json\/wp\/v2\/comments?post=1452768"}],"version-history":[{"count":0,"href":"https:\/\/www.pressenza.com\/es\/wp-json\/wp\/v2\/posts\/1452768\/revisions"}],"wp:featuredmedia":[{"embeddable":true,"href":"https:\/\/www.pressenza.com\/es\/wp-json\/wp\/v2\/media\/1452801"}],"wp:attachment":[{"href":"https:\/\/www.pressenza.com\/es\/wp-json\/wp\/v2\/media?parent=1452768"}],"wp:term":[{"taxonomy":"category","embeddable":true,"href":"https:\/\/www.pressenza.com\/es\/wp-json\/wp\/v2\/categories?post=1452768"},{"taxonomy":"post_tag","embeddable":true,"href":"https:\/\/www.pressenza.com\/es\/wp-json\/wp\/v2\/tags?post=1452768"}],"curies":[{"name":"wp","href":"https:\/\/api.w.org\/{rel}","templated":true}]}}