{"id":1451371,"date":"2021-10-14T22:58:03","date_gmt":"2021-10-14T21:58:03","guid":{"rendered":"https:\/\/www.pressenza.com\/?p=1451371"},"modified":"2021-10-14T22:58:03","modified_gmt":"2021-10-14T21:58:03","slug":"arrestan-a-155-activistas-durante-movilizaciones-contra-el-cambio-climatico-en-washington-d-c-lideres-indigenas-organizan-marchas-en-america-latina","status":"publish","type":"post","link":"https:\/\/www.pressenza.com\/es\/2021\/10\/arrestan-a-155-activistas-durante-movilizaciones-contra-el-cambio-climatico-en-washington-d-c-lideres-indigenas-organizan-marchas-en-america-latina\/","title":{"rendered":"Arrestan a 155 activistas durante movilizaciones contra el cambio clim\u00e1tico en Washington D.C.; l\u00edderes ind\u00edgenas organizan marchas en Am\u00e9rica Latina"},"content":{"rendered":"<p>En Washington, D.C., al menos 155 l\u00edderes ind\u00edgenas y activistas en defensa de la justicia clim\u00e1tica fueron arrestados el martes en los alrededores de la Casa Blanca mientras contin\u00faan las movilizaciones de esta semana en contra del cambio clim\u00e1tico. Los manifestantes exigen que el Gobierno de Biden deje de invertir en la industria de los combustibles f\u00f3siles y que declare una emergencia clim\u00e1tica. Los activistas tambi\u00e9n presentaron el martes una petici\u00f3n con m\u00e1s de un mill\u00f3n de firmas al Cuerpo de Ingenieros del Ej\u00e9rcito para detener el oleoducto L\u00ednea 3 de la empresa Enbridge.<\/p>\n<p>Mientras tanto, la vicepresidenta Kamala Harris pronunci\u00f3 el martes un discurso virtual ante el Congreso Nacional de Ind\u00edgenas Estadounidenses.<\/p>\n<blockquote><p><strong>Vicepresidenta Kamala Harris<\/strong>: \u201cLos colonizadores marcaron el comienzo de una ola de devastaci\u00f3n para las naciones tribales, perpetrando la violencia, robando tierras y propagando enfermedades. No debemos rehuir este pasado vergonzoso. Debemos aclarar lo que pas\u00f3 y hacer todo lo posible para abordar el impacto del pasado en las comunidades ind\u00edgenas de hoy\u201d.<\/p><\/blockquote>\n<p>En toda Am\u00e9rica Latina, miles de l\u00edderes ind\u00edgenas y sus simpatizantes salieron a las calles para conmemorar los 529 a\u00f1os de resistencia ind\u00edgena. En la Ciudad de Guatemala, una estatua colonial de un expresidente fue manchada con pintura roja, derribada y decapitada, al tiempo que los manifestantes denunciaban el racismo perpetrado por el Estado. Algunos manifestantes tambi\u00e9n intentaron derribar una estatua de Crist\u00f3bal Col\u00f3n. En Bolivia, cientos de personas salieron a las calles de la capital, La Paz, para conmemorar el D\u00eda de la Descolonizaci\u00f3n.<\/p>\n<blockquote><p><strong>Ang\u00e9lica Ponce<\/strong>: \u201cLas mujeres estamos aqu\u00ed para luchar. No vamos a descansar de defender nuestra patria. Vamos a seguir unidas. M\u00e1s que nunca, ahora mismo, decimos a la injerencia norteamericana, a los derechistas de Bolivia: Vamos a seguir luchando y nos van a respetar\u201d.<\/p><\/blockquote>\n","protected":false},"excerpt":{"rendered":"<p>En Washington, D.C., al menos 155 l\u00edderes ind\u00edgenas y activistas en defensa de la justicia clim\u00e1tica fueron arrestados el martes en los alrededores de la Casa Blanca mientras contin\u00faan las movilizaciones de esta semana en contra del cambio clim\u00e1tico. Los&hellip;<\/p>\n","protected":false},"author":77,"featured_media":1451394,"comment_status":"closed","ping_status":"closed","sticky":false,"template":"","format":"standard","meta":{"footnotes":""},"categories":[69,76,68,80,67],"tags":[15662,1646,55341,54082,32753,26018],"class_list":["post-1451371","post","type-post","status-publish","format-standard","has-post-thumbnail","hentry","category-america-central","category-relaciones-exteriores","category-norteamerica","category-pueblos-originarios","category-sudamerica","tag-america-latina-es","tag-bolivia","tag-crisis-climatica","tag-indigenas-es","tag-oleoducto","tag-protestas"],"yoast_head":"<!-- This site is optimized with the Yoast SEO plugin v27.1.1 - https:\/\/yoast.com\/product\/yoast-seo-wordpress\/ -->\n<title>Arrestan a 155 activistas durante movilizaciones contra el cambio clim\u00e1tico en Washington D.C.; l\u00edderes ind\u00edgenas organizan marchas en Am\u00e9rica Latina<\/title>\n<meta name=\"description\" content=\"En Washington, D.C., al menos 155 l\u00edderes ind\u00edgenas y activistas en defensa de la justicia clim\u00e1tica fueron arrestados el martes en los alrededores de la\" \/>\n<meta name=\"robots\" content=\"index, follow, max-snippet:-1, max-image-preview:large, max-video-preview:-1\" \/>\n<link rel=\"canonical\" href=\"https:\/\/www.pressenza.com\/es\/2021\/10\/arrestan-a-155-activistas-durante-movilizaciones-contra-el-cambio-climatico-en-washington-d-c-lideres-indigenas-organizan-marchas-en-america-latina\/\" \/>\n<meta property=\"og:locale\" content=\"es_ES\" \/>\n<meta property=\"og:type\" content=\"article\" \/>\n<meta property=\"og:title\" content=\"Arrestan a 155 activistas durante movilizaciones contra el cambio clim\u00e1tico en Washington D.C.; l\u00edderes ind\u00edgenas organizan marchas en Am\u00e9rica Latina\" \/>\n<meta property=\"og:description\" content=\"En Washington, D.C., al menos 155 l\u00edderes ind\u00edgenas y activistas en defensa de la justicia clim\u00e1tica fueron arrestados el martes en los alrededores de la\" \/>\n<meta property=\"og:url\" content=\"https:\/\/www.pressenza.com\/es\/2021\/10\/arrestan-a-155-activistas-durante-movilizaciones-contra-el-cambio-climatico-en-washington-d-c-lideres-indigenas-organizan-marchas-en-america-latina\/\" \/>\n<meta property=\"og:site_name\" content=\"Pressenza\" \/>\n<meta property=\"article:publisher\" content=\"https:\/\/www.facebook.com\/PressenzaItalia\" \/>\n<meta property=\"article:author\" content=\"https:\/\/www.facebook.com\/democracynow\/?fref=ts\" \/>\n<meta property=\"article:published_time\" content=\"2021-10-14T21:58:03+00:00\" \/>\n<meta property=\"og:image\" content=\"https:\/\/www.pressenza.com\/wp-content\/uploads\/2021\/10\/h5-155-activists-arrested-Democracy-now.jpg\" \/>\n\t<meta property=\"og:image:width\" content=\"960\" \/>\n\t<meta property=\"og:image:height\" content=\"540\" \/>\n\t<meta property=\"og:image:type\" content=\"image\/jpeg\" \/>\n<meta name=\"author\" content=\"Democracy Now!\" \/>\n<meta name=\"twitter:card\" content=\"summary_large_image\" \/>\n<meta name=\"twitter:creator\" content=\"@democracynow\" \/>\n<meta name=\"twitter:site\" content=\"@PressenzaIPA\" \/>\n<meta name=\"twitter:label1\" content=\"Escrito por\" \/>\n\t<meta name=\"twitter:data1\" content=\"Democracy Now!\" \/>\n\t<meta name=\"twitter:label2\" content=\"Tiempo de lectura\" \/>\n\t<meta name=\"twitter:data2\" content=\"2 minutos\" \/>\n<script type=\"application\/ld+json\" class=\"yoast-schema-graph\">{\"@context\":\"https:\/\/schema.org\",\"@graph\":[{\"@type\":\"Article\",\"@id\":\"https:\/\/www.pressenza.com\/es\/2021\/10\/arrestan-a-155-activistas-durante-movilizaciones-contra-el-cambio-climatico-en-washington-d-c-lideres-indigenas-organizan-marchas-en-america-latina\/#article\",\"isPartOf\":{\"@id\":\"https:\/\/www.pressenza.com\/es\/2021\/10\/arrestan-a-155-activistas-durante-movilizaciones-contra-el-cambio-climatico-en-washington-d-c-lideres-indigenas-organizan-marchas-en-america-latina\/\"},\"author\":{\"name\":\"Democracy Now!\",\"@id\":\"https:\/\/www.pressenza.com\/es\/#\/schema\/person\/6dbfa31ebecf081166f6ed11c10f262c\"},\"headline\":\"Arrestan a 155 activistas durante movilizaciones contra el cambio clim\u00e1tico en Washington D.C.; l\u00edderes ind\u00edgenas organizan marchas en Am\u00e9rica Latina\",\"datePublished\":\"2021-10-14T21:58:03+00:00\",\"mainEntityOfPage\":{\"@id\":\"https:\/\/www.pressenza.com\/es\/2021\/10\/arrestan-a-155-activistas-durante-movilizaciones-contra-el-cambio-climatico-en-washington-d-c-lideres-indigenas-organizan-marchas-en-america-latina\/\"},\"wordCount\":345,\"publisher\":{\"@id\":\"https:\/\/www.pressenza.com\/es\/#organization\"},\"image\":{\"@id\":\"https:\/\/www.pressenza.com\/es\/2021\/10\/arrestan-a-155-activistas-durante-movilizaciones-contra-el-cambio-climatico-en-washington-d-c-lideres-indigenas-organizan-marchas-en-america-latina\/#primaryimage\"},\"thumbnailUrl\":\"https:\/\/www.pressenza.com\/wp-content\/uploads\/2021\/10\/h5-155-activists-arrested-Democracy-now.jpg\",\"keywords\":[\"America Latina\",\"Bolivia\",\"crisis clim\u00e1tica\",\"indigenas\",\"oleoducto\",\"protestas\"],\"articleSection\":[\"Am\u00e9rica Central\",\"Asuntos internacionales\",\"Norteam\u00e9rica\",\"Pueblos Originarios\",\"Sudam\u00e9rica\"],\"inLanguage\":\"es\"},{\"@type\":\"WebPage\",\"@id\":\"https:\/\/www.pressenza.com\/es\/2021\/10\/arrestan-a-155-activistas-durante-movilizaciones-contra-el-cambio-climatico-en-washington-d-c-lideres-indigenas-organizan-marchas-en-america-latina\/\",\"url\":\"https:\/\/www.pressenza.com\/es\/2021\/10\/arrestan-a-155-activistas-durante-movilizaciones-contra-el-cambio-climatico-en-washington-d-c-lideres-indigenas-organizan-marchas-en-america-latina\/\",\"name\":\"Arrestan a 155 activistas durante movilizaciones contra el cambio clim\u00e1tico en Washington D.C.; l\u00edderes ind\u00edgenas organizan marchas en Am\u00e9rica Latina\",\"isPartOf\":{\"@id\":\"https:\/\/www.pressenza.com\/es\/#website\"},\"primaryImageOfPage\":{\"@id\":\"https:\/\/www.pressenza.com\/es\/2021\/10\/arrestan-a-155-activistas-durante-movilizaciones-contra-el-cambio-climatico-en-washington-d-c-lideres-indigenas-organizan-marchas-en-america-latina\/#primaryimage\"},\"image\":{\"@id\":\"https:\/\/www.pressenza.com\/es\/2021\/10\/arrestan-a-155-activistas-durante-movilizaciones-contra-el-cambio-climatico-en-washington-d-c-lideres-indigenas-organizan-marchas-en-america-latina\/#primaryimage\"},\"thumbnailUrl\":\"https:\/\/www.pressenza.com\/wp-content\/uploads\/2021\/10\/h5-155-activists-arrested-Democracy-now.jpg\",\"datePublished\":\"2021-10-14T21:58:03+00:00\",\"description\":\"En Washington, D.C., al menos 155 l\u00edderes ind\u00edgenas y activistas en defensa de la justicia clim\u00e1tica fueron arrestados el martes en los alrededores de la\",\"breadcrumb\":{\"@id\":\"https:\/\/www.pressenza.com\/es\/2021\/10\/arrestan-a-155-activistas-durante-movilizaciones-contra-el-cambio-climatico-en-washington-d-c-lideres-indigenas-organizan-marchas-en-america-latina\/#breadcrumb\"},\"inLanguage\":\"es\",\"potentialAction\":[{\"@type\":\"ReadAction\",\"target\":[\"https:\/\/www.pressenza.com\/es\/2021\/10\/arrestan-a-155-activistas-durante-movilizaciones-contra-el-cambio-climatico-en-washington-d-c-lideres-indigenas-organizan-marchas-en-america-latina\/\"]}]},{\"@type\":\"ImageObject\",\"inLanguage\":\"es\",\"@id\":\"https:\/\/www.pressenza.com\/es\/2021\/10\/arrestan-a-155-activistas-durante-movilizaciones-contra-el-cambio-climatico-en-washington-d-c-lideres-indigenas-organizan-marchas-en-america-latina\/#primaryimage\",\"url\":\"https:\/\/www.pressenza.com\/wp-content\/uploads\/2021\/10\/h5-155-activists-arrested-Democracy-now.jpg\",\"contentUrl\":\"https:\/\/www.pressenza.com\/wp-content\/uploads\/2021\/10\/h5-155-activists-arrested-Democracy-now.jpg\",\"width\":960,\"height\":540},{\"@type\":\"BreadcrumbList\",\"@id\":\"https:\/\/www.pressenza.com\/es\/2021\/10\/arrestan-a-155-activistas-durante-movilizaciones-contra-el-cambio-climatico-en-washington-d-c-lideres-indigenas-organizan-marchas-en-america-latina\/#breadcrumb\",\"itemListElement\":[{\"@type\":\"ListItem\",\"position\":1,\"name\":\"Accueil\",\"item\":\"https:\/\/www.pressenza.com\/es\/\"},{\"@type\":\"ListItem\",\"position\":2,\"name\":\"Arrestan a 155 activistas durante movilizaciones contra el cambio clim\u00e1tico en Washington D.C.; l\u00edderes ind\u00edgenas organizan marchas en Am\u00e9rica Latina\"}]},{\"@type\":\"WebSite\",\"@id\":\"https:\/\/www.pressenza.com\/es\/#website\",\"url\":\"https:\/\/www.pressenza.com\/es\/\",\"name\":\"Pressenza\",\"description\":\"International Press Agency\",\"publisher\":{\"@id\":\"https:\/\/www.pressenza.com\/es\/#organization\"},\"potentialAction\":[{\"@type\":\"SearchAction\",\"target\":{\"@type\":\"EntryPoint\",\"urlTemplate\":\"https:\/\/www.pressenza.com\/es\/?s={search_term_string}\"},\"query-input\":{\"@type\":\"PropertyValueSpecification\",\"valueRequired\":true,\"valueName\":\"search_term_string\"}}],\"inLanguage\":\"es\"},{\"@type\":\"Organization\",\"@id\":\"https:\/\/www.pressenza.com\/es\/#organization\",\"name\":\"Pressenza\",\"url\":\"https:\/\/www.pressenza.com\/es\/\",\"logo\":{\"@type\":\"ImageObject\",\"inLanguage\":\"es\",\"@id\":\"https:\/\/www.pressenza.com\/es\/#\/schema\/logo\/image\/\",\"url\":\"https:\/\/www.pressenza.com\/wp-content\/uploads\/2022\/10\/pressenza_logo_200x200.jpg\",\"contentUrl\":\"https:\/\/www.pressenza.com\/wp-content\/uploads\/2022\/10\/pressenza_logo_200x200.jpg\",\"width\":200,\"height\":200,\"caption\":\"Pressenza\"},\"image\":{\"@id\":\"https:\/\/www.pressenza.com\/es\/#\/schema\/logo\/image\/\"},\"sameAs\":[\"https:\/\/www.facebook.com\/PressenzaItalia\",\"https:\/\/x.com\/PressenzaIPA\"]},{\"@type\":\"Person\",\"@id\":\"https:\/\/www.pressenza.com\/es\/#\/schema\/person\/6dbfa31ebecf081166f6ed11c10f262c\",\"name\":\"Democracy Now!\",\"description\":\"Democracy Now! is a national, daily, independent, award-winning news program hosted by journalists Amy Goodman and Juan Gonzalez. www.democracynow.org\",\"sameAs\":[\"http:\/\/www.democracynow.org\",\"https:\/\/www.facebook.com\/democracynow\/?fref=ts\",\"https:\/\/x.com\/democracynow\"],\"url\":\"https:\/\/www.pressenza.com\/es\/author\/democracy-now\/\"}]}<\/script>\n<!-- \/ Yoast SEO plugin. -->","yoast_head_json":{"title":"Arrestan a 155 activistas durante movilizaciones contra el cambio clim\u00e1tico en Washington D.C.; l\u00edderes ind\u00edgenas organizan marchas en Am\u00e9rica Latina","description":"En Washington, D.C., al menos 155 l\u00edderes ind\u00edgenas y activistas en defensa de la justicia clim\u00e1tica fueron arrestados el martes en los alrededores de la","robots":{"index":"index","follow":"follow","max-snippet":"max-snippet:-1","max-image-preview":"max-image-preview:large","max-video-preview":"max-video-preview:-1"},"canonical":"https:\/\/www.pressenza.com\/es\/2021\/10\/arrestan-a-155-activistas-durante-movilizaciones-contra-el-cambio-climatico-en-washington-d-c-lideres-indigenas-organizan-marchas-en-america-latina\/","og_locale":"es_ES","og_type":"article","og_title":"Arrestan a 155 activistas durante movilizaciones contra el cambio clim\u00e1tico en Washington D.C.; l\u00edderes ind\u00edgenas organizan marchas en Am\u00e9rica Latina","og_description":"En Washington, D.C., al menos 155 l\u00edderes ind\u00edgenas y activistas en defensa de la justicia clim\u00e1tica fueron arrestados el martes en los alrededores de la","og_url":"https:\/\/www.pressenza.com\/es\/2021\/10\/arrestan-a-155-activistas-durante-movilizaciones-contra-el-cambio-climatico-en-washington-d-c-lideres-indigenas-organizan-marchas-en-america-latina\/","og_site_name":"Pressenza","article_publisher":"https:\/\/www.facebook.com\/PressenzaItalia","article_author":"https:\/\/www.facebook.com\/democracynow\/?fref=ts","article_published_time":"2021-10-14T21:58:03+00:00","og_image":[{"width":960,"height":540,"url":"https:\/\/www.pressenza.com\/wp-content\/uploads\/2021\/10\/h5-155-activists-arrested-Democracy-now.jpg","type":"image\/jpeg"}],"author":"Democracy Now!","twitter_card":"summary_large_image","twitter_creator":"@democracynow","twitter_site":"@PressenzaIPA","twitter_misc":{"Escrito por":"Democracy Now!","Tiempo de lectura":"2 minutos"},"schema":{"@context":"https:\/\/schema.org","@graph":[{"@type":"Article","@id":"https:\/\/www.pressenza.com\/es\/2021\/10\/arrestan-a-155-activistas-durante-movilizaciones-contra-el-cambio-climatico-en-washington-d-c-lideres-indigenas-organizan-marchas-en-america-latina\/#article","isPartOf":{"@id":"https:\/\/www.pressenza.com\/es\/2021\/10\/arrestan-a-155-activistas-durante-movilizaciones-contra-el-cambio-climatico-en-washington-d-c-lideres-indigenas-organizan-marchas-en-america-latina\/"},"author":{"name":"Democracy Now!","@id":"https:\/\/www.pressenza.com\/es\/#\/schema\/person\/6dbfa31ebecf081166f6ed11c10f262c"},"headline":"Arrestan a 155 activistas durante movilizaciones contra el cambio clim\u00e1tico en Washington D.C.; l\u00edderes ind\u00edgenas organizan marchas en Am\u00e9rica Latina","datePublished":"2021-10-14T21:58:03+00:00","mainEntityOfPage":{"@id":"https:\/\/www.pressenza.com\/es\/2021\/10\/arrestan-a-155-activistas-durante-movilizaciones-contra-el-cambio-climatico-en-washington-d-c-lideres-indigenas-organizan-marchas-en-america-latina\/"},"wordCount":345,"publisher":{"@id":"https:\/\/www.pressenza.com\/es\/#organization"},"image":{"@id":"https:\/\/www.pressenza.com\/es\/2021\/10\/arrestan-a-155-activistas-durante-movilizaciones-contra-el-cambio-climatico-en-washington-d-c-lideres-indigenas-organizan-marchas-en-america-latina\/#primaryimage"},"thumbnailUrl":"https:\/\/www.pressenza.com\/wp-content\/uploads\/2021\/10\/h5-155-activists-arrested-Democracy-now.jpg","keywords":["America Latina","Bolivia","crisis clim\u00e1tica","indigenas","oleoducto","protestas"],"articleSection":["Am\u00e9rica Central","Asuntos internacionales","Norteam\u00e9rica","Pueblos Originarios","Sudam\u00e9rica"],"inLanguage":"es"},{"@type":"WebPage","@id":"https:\/\/www.pressenza.com\/es\/2021\/10\/arrestan-a-155-activistas-durante-movilizaciones-contra-el-cambio-climatico-en-washington-d-c-lideres-indigenas-organizan-marchas-en-america-latina\/","url":"https:\/\/www.pressenza.com\/es\/2021\/10\/arrestan-a-155-activistas-durante-movilizaciones-contra-el-cambio-climatico-en-washington-d-c-lideres-indigenas-organizan-marchas-en-america-latina\/","name":"Arrestan a 155 activistas durante movilizaciones contra el cambio clim\u00e1tico en Washington D.C.; l\u00edderes ind\u00edgenas organizan marchas en Am\u00e9rica Latina","isPartOf":{"@id":"https:\/\/www.pressenza.com\/es\/#website"},"primaryImageOfPage":{"@id":"https:\/\/www.pressenza.com\/es\/2021\/10\/arrestan-a-155-activistas-durante-movilizaciones-contra-el-cambio-climatico-en-washington-d-c-lideres-indigenas-organizan-marchas-en-america-latina\/#primaryimage"},"image":{"@id":"https:\/\/www.pressenza.com\/es\/2021\/10\/arrestan-a-155-activistas-durante-movilizaciones-contra-el-cambio-climatico-en-washington-d-c-lideres-indigenas-organizan-marchas-en-america-latina\/#primaryimage"},"thumbnailUrl":"https:\/\/www.pressenza.com\/wp-content\/uploads\/2021\/10\/h5-155-activists-arrested-Democracy-now.jpg","datePublished":"2021-10-14T21:58:03+00:00","description":"En Washington, D.C., al menos 155 l\u00edderes ind\u00edgenas y activistas en defensa de la justicia clim\u00e1tica fueron arrestados el martes en los alrededores de la","breadcrumb":{"@id":"https:\/\/www.pressenza.com\/es\/2021\/10\/arrestan-a-155-activistas-durante-movilizaciones-contra-el-cambio-climatico-en-washington-d-c-lideres-indigenas-organizan-marchas-en-america-latina\/#breadcrumb"},"inLanguage":"es","potentialAction":[{"@type":"ReadAction","target":["https:\/\/www.pressenza.com\/es\/2021\/10\/arrestan-a-155-activistas-durante-movilizaciones-contra-el-cambio-climatico-en-washington-d-c-lideres-indigenas-organizan-marchas-en-america-latina\/"]}]},{"@type":"ImageObject","inLanguage":"es","@id":"https:\/\/www.pressenza.com\/es\/2021\/10\/arrestan-a-155-activistas-durante-movilizaciones-contra-el-cambio-climatico-en-washington-d-c-lideres-indigenas-organizan-marchas-en-america-latina\/#primaryimage","url":"https:\/\/www.pressenza.com\/wp-content\/uploads\/2021\/10\/h5-155-activists-arrested-Democracy-now.jpg","contentUrl":"https:\/\/www.pressenza.com\/wp-content\/uploads\/2021\/10\/h5-155-activists-arrested-Democracy-now.jpg","width":960,"height":540},{"@type":"BreadcrumbList","@id":"https:\/\/www.pressenza.com\/es\/2021\/10\/arrestan-a-155-activistas-durante-movilizaciones-contra-el-cambio-climatico-en-washington-d-c-lideres-indigenas-organizan-marchas-en-america-latina\/#breadcrumb","itemListElement":[{"@type":"ListItem","position":1,"name":"Accueil","item":"https:\/\/www.pressenza.com\/es\/"},{"@type":"ListItem","position":2,"name":"Arrestan a 155 activistas durante movilizaciones contra el cambio clim\u00e1tico en Washington D.C.; l\u00edderes ind\u00edgenas organizan marchas en Am\u00e9rica Latina"}]},{"@type":"WebSite","@id":"https:\/\/www.pressenza.com\/es\/#website","url":"https:\/\/www.pressenza.com\/es\/","name":"Pressenza","description":"International Press Agency","publisher":{"@id":"https:\/\/www.pressenza.com\/es\/#organization"},"potentialAction":[{"@type":"SearchAction","target":{"@type":"EntryPoint","urlTemplate":"https:\/\/www.pressenza.com\/es\/?s={search_term_string}"},"query-input":{"@type":"PropertyValueSpecification","valueRequired":true,"valueName":"search_term_string"}}],"inLanguage":"es"},{"@type":"Organization","@id":"https:\/\/www.pressenza.com\/es\/#organization","name":"Pressenza","url":"https:\/\/www.pressenza.com\/es\/","logo":{"@type":"ImageObject","inLanguage":"es","@id":"https:\/\/www.pressenza.com\/es\/#\/schema\/logo\/image\/","url":"https:\/\/www.pressenza.com\/wp-content\/uploads\/2022\/10\/pressenza_logo_200x200.jpg","contentUrl":"https:\/\/www.pressenza.com\/wp-content\/uploads\/2022\/10\/pressenza_logo_200x200.jpg","width":200,"height":200,"caption":"Pressenza"},"image":{"@id":"https:\/\/www.pressenza.com\/es\/#\/schema\/logo\/image\/"},"sameAs":["https:\/\/www.facebook.com\/PressenzaItalia","https:\/\/x.com\/PressenzaIPA"]},{"@type":"Person","@id":"https:\/\/www.pressenza.com\/es\/#\/schema\/person\/6dbfa31ebecf081166f6ed11c10f262c","name":"Democracy Now!","description":"Democracy Now! is a national, daily, independent, award-winning news program hosted by journalists Amy Goodman and Juan Gonzalez. www.democracynow.org","sameAs":["http:\/\/www.democracynow.org","https:\/\/www.facebook.com\/democracynow\/?fref=ts","https:\/\/x.com\/democracynow"],"url":"https:\/\/www.pressenza.com\/es\/author\/democracy-now\/"}]}},"place":"","original_article_url":"https:\/\/www.democracynow.org\/es\/2021\/10\/13\/titulares\/155_activists_arrested_as_climate_actions_continue_in_dc_indigenous_leaders_march_in_latin_america","_links":{"self":[{"href":"https:\/\/www.pressenza.com\/es\/wp-json\/wp\/v2\/posts\/1451371","targetHints":{"allow":["GET"]}}],"collection":[{"href":"https:\/\/www.pressenza.com\/es\/wp-json\/wp\/v2\/posts"}],"about":[{"href":"https:\/\/www.pressenza.com\/es\/wp-json\/wp\/v2\/types\/post"}],"author":[{"embeddable":true,"href":"https:\/\/www.pressenza.com\/es\/wp-json\/wp\/v2\/users\/77"}],"replies":[{"embeddable":true,"href":"https:\/\/www.pressenza.com\/es\/wp-json\/wp\/v2\/comments?post=1451371"}],"version-history":[{"count":0,"href":"https:\/\/www.pressenza.com\/es\/wp-json\/wp\/v2\/posts\/1451371\/revisions"}],"wp:featuredmedia":[{"embeddable":true,"href":"https:\/\/www.pressenza.com\/es\/wp-json\/wp\/v2\/media\/1451394"}],"wp:attachment":[{"href":"https:\/\/www.pressenza.com\/es\/wp-json\/wp\/v2\/media?parent=1451371"}],"wp:term":[{"taxonomy":"category","embeddable":true,"href":"https:\/\/www.pressenza.com\/es\/wp-json\/wp\/v2\/categories?post=1451371"},{"taxonomy":"post_tag","embeddable":true,"href":"https:\/\/www.pressenza.com\/es\/wp-json\/wp\/v2\/tags?post=1451371"}],"curies":[{"name":"wp","href":"https:\/\/api.w.org\/{rel}","templated":true}]}}