{"id":1450,"date":"2009-09-28T00:00:00","date_gmt":"2009-09-28T00:00:00","guid":{"rendered":""},"modified":"2009-09-28T10:00:49","modified_gmt":"2009-09-28T10:00:49","slug":"red-de-solidaridad-internacional-con-el-pueblo-mapuche","status":"publish","type":"post","link":"https:\/\/www.pressenza.com\/es\/2009\/09\/red-de-solidaridad-internacional-con-el-pueblo-mapuche\/","title":{"rendered":"Red de solidaridad Internacional con el Pueblo Mapuche"},"content":{"rendered":"<p>Con ocasi\u00f3n del 12\u00ba Per\u00edodo de Sesiones del Consejo de Derechos Humanos de Naciones Unidas y de la adopci\u00f3n del informe del Estado chileno sobre el Examen Peri\u00f3dico, el 24 de septiembre, la Sra. Danielle Mitterrand, representando l\u2019ONG \u00abFrance-Libert\u00e9s\u00bb y la Red  de Solidaridad Internacional con Elena Varela y el Pueblo Mapuche, intervino en la sesi\u00f3n se\u00f1alando el car\u00e1cter abusivo e injustificado de la criminalizaci\u00f3n de las manifestaciones de este pueblo por la salvaguardia de sus derechos fundamentales y territorios ancestrales. Indic\u00f3 adem\u00e1s, que esta criminalizaci\u00f3n est\u00e1 ilustrada por la aplicaci\u00f3n de la Ley antiterrorista y la detenci\u00f3n de documentalistas quienes efect\u00faan reportajes sobre los conflictos entre las comunidades mapuches y el Estado chileno y los intereses privados. Subray\u00f3 adem\u00e1s,  que esta criminalizaci\u00f3n se acompa\u00f1a de una cruel represi\u00f3n -de la cual ella fue testigo- terminando su intervenci\u00f3n con la petici\u00f3n de que el Consejo de Derechos Humanos intervenga para que el Estado chileno ponga fin a esta criminalizaci\u00f3n, a la aplicaci\u00f3n de la Ley antiterrorista y que garantice a trav\u00e9s del Alto Comisariado de DDHH,  un di\u00e1logo de igual a igual con el gobierno para resolver los conflictos existentes.<\/p>\n<p>En paralelo a esta sesi\u00f3n, una Conferencia denominada \u201cChile: criminalizaci\u00f3n del movimiento social Mapuche a trav\u00e9s de la ley antiterrorista\u201d fue organizada,  por las mismas organizaciones en la sede de la ONU, en la cual se contrarrestaron los argumentos emitidos previamente, en la sesi\u00f3n del Consejo, por el Embajador Permanente del Estado chileno ante la ONU, Carlos Portales. En este evento intervino nuevamente la Sra. Mitterrand quien habl\u00f3 de su visita a Chile efectuada en el marco de una Misi\u00f3n de su instituci\u00f3n en abril de 2009 y ratific\u00f3 sus argumentos expresados en la sesi\u00f3n del Consejo.<\/p>\n<p>El antrop\u00f3logo franc\u00e9s Fabien Le Bonniec situ\u00f3 el marco social, pol\u00edtico y econ\u00f3mico en el cual se est\u00e1n produciendo estos conflictos. <\/p>\n<p>Intervino adem\u00e1s, el abogado de Elena Varela, Jaime Madariaga, quien se\u00f1al\u00f3 que el informe presentado por el gobierno chileno,  describe a Chile como un  para\u00edso de los Derechos Humanos y remarc\u00f3 la falsedad de las afirmaciones sobre el n\u00famero de casos de mapuches a quienes se les ha aplicado la ley antiterrorista. Son cinco y no dos las personas de origen mapuche a quienes se les ha aplicado esta ley durante el gobierno de Bachelet, a pesar de su promesa durante su campa\u00f1a presidencial de no aplicar esta ley dentro del contexto de lo que ella llam\u00f3, al hacer su promesa, \u00abEl Conflicto Mapuche\u00bb. La misma ley se ha aplicado tambi\u00e9n, a personas no mapuches que est\u00e1n  relacionadas con la lucha de este pueblo en sus demandas de recuperaci\u00f3n de tierras, autonom\u00eda y derechos territoriales.<br \/>\nIndic\u00f3 que todas las acusaciones han sido establecidas por supuestos delitos contra la propiedad o de da\u00f1o material, y ninguna lo ha sido por delitos contra la vida. Existen condenas basadas \u00fanicamente las declaraciones de testigos sin rostro. Se\u00f1al\u00f3 adem\u00e1s, que el Estado ha perseguido a los violadores de Derechos humanos durante la dictadura, pero que no lo ha hecho contra quienes violan actualmente los derechos humanos esenciales de gente Mapuche. Dos de los \u00faltimos homicidios contra j\u00f3venes mapuche, han sido mediante disparos por la espalda y estando ellos desarmados [El abogado de Elena Varela defiende tambi\u00e9n dos de las familias de los mapuches asesinados].<\/p>\n<p>La documentalista Elena Varela testimoni\u00f3 sobre su detenci\u00f3n producto de su investigaci\u00f3n y producci\u00f3n de un documental sobre la realidad del pueblo mapuche,  el proceso establecido en su contra, su reclusi\u00f3n en la C\u00e1rcel de Alta Seguridad de Rancagua, su trato y acusaciones injustas y su situaci\u00f3n actual (reclusi\u00f3n nocturna). Se\u00f1al\u00f3 que su caso fue un golpe en la conciencia de Chile y que este demuestra que la libertad de expresi\u00f3n no existe en el pa\u00eds. Gran parte del material audiovisual ha sido confiscado.<\/p>\n<p>Christophe Harrison, documentalista franc\u00e9s \u2013quien efectu\u00f3 en marzo de 2008 con el realizador Joffrey Rossi, un documental sobre la situaci\u00f3n de las comunidades Mapuche en proceso de recuperaci\u00f3n de tierras- testimoni\u00f3 sobre su detenci\u00f3n por Carabineros, la confiscaci\u00f3n de su material y su pasaporte y sobre la acusaci\u00f3n de infracci\u00f3n a la ley de extranjer\u00eda.  No fueron  expulsados, pero debieron salir r\u00e1pidamente del pa\u00eds.<\/p>\n<p>Jos\u00e9 Venturelli, m\u00e9dico pediatra, hizo alusi\u00f3n a las consecuencias de la represi\u00f3n en las comunidades y los efectos que estos vej\u00e1menes tienen en la salud de las personas  expuestas. Calific\u00f3 adem\u00e1s a Chile, como un \u201cEstado de Apartheid\u201d contra el pueblo mapuche y los pueblos ind\u00edgenas y lo compar\u00f3 con las pol\u00edticas y pr\u00e1cticas de \u00c1frica del Sur, en el pasado reciente.<\/p>\n<p>Se rebati\u00f3 igualmente como una falsedad, la afirmaci\u00f3n de Carlos Portales, quien se\u00f1al\u00f3 ante el Consejo de DDHH, que la libertad de expresi\u00f3n est\u00e1 protegida por la Constituci\u00f3n, puesto que acaba de ser rechazada en el Senado la modificaci\u00f3n a esta ley, por la que se pretend\u00eda asegurar y proteger el trabajo de documentalistas, como Elena Varela, con respecto al secreto profesional y la seguridad de la fuente de informaci\u00f3n, en especial.<\/p>\n<p>Sobre lo planteado por el gobierno  referido a la creaci\u00f3n del Instituto Nacional de Derechos Humanos, se aclar\u00f3 que su alcance est\u00e1 limitado, pues concierne \u00fanicamente a  la memoria y est\u00e1  basado esencialmente en el pasado, lo que es importante, pero sin duda hoy en Chile, tambi\u00e9n se violan derechos humanos esenciales de los pueblos ind\u00edgenas y del pueblo chileno, pero ello parece  no importarles.<\/p>\n<p>Miembros de la familia Calfunao testimoniaron sobre la persecuci\u00f3n a su comunidad (familiares presos y otros exilados) e hicieron preguntas al representante del gobierno presente en la sala, sobre los presos pol\u00edticos, quien respondi\u00f3 invocando el discurso de Carlos Portales en la sesi\u00f3n y evadiendo la pregunta. Finalmente, sus argumentos fueron rebatidos por el abogado Jaime Madariaga, instando al gobierno a ocuparse seriamente del conflicto.<\/p>\n<p>*Red de solidaridad Internacional con Elena Varela y con el Pueblo Mapuche*<\/p>\n<p>La Red de Solidaridad Internacional est\u00e1 integrada por las Asociaciones:<br \/>\nTerre et Libert\u00e9 pour Arauco (France), le Collectif pour les Droits de l\u2019Homme au Chili (France), le Comit\u00e9 de Solidarit\u00e9 avec les Indiens des Am\u00e9riques \u2013 CSIA Nitassinan-(France), R\u00e9seau d\u2019information et Soutien au Peuple mapuche (France), Asociaci\u00f3n Apatapela (Francia), Defensor\u00eda Internacional de los Derechos de los Pueblos (DIDEPU) (Suiza), Comision de Apoyo a los Pueblos Originarios (Suiza), Comit\u00e9 Memoria y Justicia (Suiza), Association Culturelle Mapuche &#8211; Radio Regi\u00f3n 14 (Gotenburg, Su\u00e8de), Comit\u00e9 Mapuche Belgique (Bruxelles), Komiteen for Mapuche (Noruega), Comitato Lavoratori Cileni Esiliati (Italia), Asociaci\u00f3n Wenuykan (Italia), Jos\u00e9 Venturelli (Canad\u00e1), Comisi\u00f3n Etica contra la tortura \u2013 Secretariado Europeo, Osservatorio della Pace \u2013 Capannori (Italia)<br \/>\nApoyan este comunicado: Association Relmu (Paris)  <\/p>\n<p>Para m\u00e1s informaci\u00f3n. Contactos:<br \/>\nCollectif Droits de l\u2019Homme au Chili (France) : hzavalaL@hotmail.com<br \/>\nTerre et Libert\u00e9 pour Arauco (France) : libertadarauco@gmail.com<\/p>\n","protected":false},"excerpt":{"rendered":"<p>Diversos testimonios sobre la situaci\u00f3n que padece el `pueblo Mapuche de Chile fueron expuestos en el 12\u00aa Periodo de Sesiones del Consejo de Derechos Humanos de Naciones Unidas, ante el cual expuso Danielle Mitterrand, quien estuvo en Chile en el mes de Abril pasado en una misi\u00f3n de la Asociaci\u00f3n \u00abFrance Libert\u00e9s\u00bb que ella dirige<\/p>\n","protected":false},"author":19,"featured_media":0,"comment_status":"closed","ping_status":"open","sticky":false,"template":"","format":"standard","meta":{"footnotes":""},"categories":[76,149,66,39],"tags":[],"class_list":["post-1450","post","type-post","status-publish","format-standard","hentry","category-relaciones-exteriores","category-comunicados-de-prensa","category-europa-es","category-internacional"],"yoast_head":"<!-- This site is optimized with the Yoast SEO plugin v27.1.1 - https:\/\/yoast.com\/product\/yoast-seo-wordpress\/ -->\n<title>Red de solidaridad Internacional con el Pueblo Mapuche<\/title>\n<meta name=\"description\" content=\"Diversos testimonios sobre la situaci\u00f3n que padece el `pueblo Mapuche de Chile fueron expuestos en el 12\u00aa Periodo de Sesiones del Consejo de Derechos Humanos de Naciones Unidas, ante el cual expuso Danielle Mitterrand, quien estuvo en Chile en el mes de Abril pasado en una misi\u00f3n de la Asociaci\u00f3n &quot;France Libert\u00e9s&quot; que ella dirige\" \/>\n<meta name=\"robots\" content=\"index, follow, max-snippet:-1, max-image-preview:large, max-video-preview:-1\" \/>\n<link rel=\"canonical\" href=\"https:\/\/www.pressenza.com\/es\/2009\/09\/red-de-solidaridad-internacional-con-el-pueblo-mapuche\/\" \/>\n<meta property=\"og:locale\" content=\"es_ES\" \/>\n<meta property=\"og:type\" content=\"article\" \/>\n<meta property=\"og:title\" content=\"Red de solidaridad Internacional con el Pueblo Mapuche\" \/>\n<meta property=\"og:description\" content=\"Diversos testimonios sobre la situaci\u00f3n que padece el `pueblo Mapuche de Chile fueron expuestos en el 12\u00aa Periodo de Sesiones del Consejo de Derechos Humanos de Naciones Unidas, ante el cual expuso Danielle Mitterrand, quien estuvo en Chile en el mes de Abril pasado en una misi\u00f3n de la Asociaci\u00f3n &quot;France Libert\u00e9s&quot; que ella dirige\" \/>\n<meta property=\"og:url\" content=\"https:\/\/www.pressenza.com\/es\/2009\/09\/red-de-solidaridad-internacional-con-el-pueblo-mapuche\/\" \/>\n<meta property=\"og:site_name\" content=\"Pressenza\" \/>\n<meta property=\"article:publisher\" content=\"https:\/\/www.facebook.com\/PressenzaItalia\" \/>\n<meta property=\"article:author\" content=\"https:\/\/www.facebook.com\/pressenza\" \/>\n<meta property=\"article:published_time\" content=\"2009-09-28T00:00:00+00:00\" \/>\n<meta property=\"article:modified_time\" content=\"2009-09-28T10:00:49+00:00\" \/>\n<meta name=\"author\" content=\"Pressenza IPA\" \/>\n<meta name=\"twitter:card\" content=\"summary_large_image\" \/>\n<meta name=\"twitter:creator\" content=\"@PressenzaIPA\" \/>\n<meta name=\"twitter:site\" content=\"@PressenzaIPA\" \/>\n<meta name=\"twitter:label1\" content=\"Escrito por\" \/>\n\t<meta name=\"twitter:data1\" content=\"Pressenza IPA\" \/>\n\t<meta name=\"twitter:label2\" content=\"Tiempo de lectura\" \/>\n\t<meta name=\"twitter:data2\" content=\"6 minutos\" \/>\n<script type=\"application\/ld+json\" class=\"yoast-schema-graph\">{\"@context\":\"https:\/\/schema.org\",\"@graph\":[{\"@type\":\"Article\",\"@id\":\"https:\/\/www.pressenza.com\/es\/2009\/09\/red-de-solidaridad-internacional-con-el-pueblo-mapuche\/#article\",\"isPartOf\":{\"@id\":\"https:\/\/www.pressenza.com\/es\/2009\/09\/red-de-solidaridad-internacional-con-el-pueblo-mapuche\/\"},\"author\":{\"name\":\"Pressenza IPA\",\"@id\":\"https:\/\/www.pressenza.com\/es\/#\/schema\/person\/010e5d02bcf40965427a1289a4cc8d75\"},\"headline\":\"Red de solidaridad Internacional con el Pueblo Mapuche\",\"datePublished\":\"2009-09-28T00:00:00+00:00\",\"dateModified\":\"2009-09-28T10:00:49+00:00\",\"mainEntityOfPage\":{\"@id\":\"https:\/\/www.pressenza.com\/es\/2009\/09\/red-de-solidaridad-internacional-con-el-pueblo-mapuche\/\"},\"wordCount\":1221,\"publisher\":{\"@id\":\"https:\/\/www.pressenza.com\/es\/#organization\"},\"articleSection\":[\"Asuntos internacionales\",\"Comunicados de Prensa\",\"Europa\",\"Internacional\"],\"inLanguage\":\"es\"},{\"@type\":\"WebPage\",\"@id\":\"https:\/\/www.pressenza.com\/es\/2009\/09\/red-de-solidaridad-internacional-con-el-pueblo-mapuche\/\",\"url\":\"https:\/\/www.pressenza.com\/es\/2009\/09\/red-de-solidaridad-internacional-con-el-pueblo-mapuche\/\",\"name\":\"Red de solidaridad Internacional con el Pueblo Mapuche\",\"isPartOf\":{\"@id\":\"https:\/\/www.pressenza.com\/es\/#website\"},\"datePublished\":\"2009-09-28T00:00:00+00:00\",\"dateModified\":\"2009-09-28T10:00:49+00:00\",\"description\":\"Diversos testimonios sobre la situaci\u00f3n que padece el `pueblo Mapuche de Chile fueron expuestos en el 12\u00aa Periodo de Sesiones del Consejo de Derechos Humanos de Naciones Unidas, ante el cual expuso Danielle Mitterrand, quien estuvo en Chile en el mes de Abril pasado en una misi\u00f3n de la Asociaci\u00f3n \\\"France Libert\u00e9s\\\" que ella dirige\",\"breadcrumb\":{\"@id\":\"https:\/\/www.pressenza.com\/es\/2009\/09\/red-de-solidaridad-internacional-con-el-pueblo-mapuche\/#breadcrumb\"},\"inLanguage\":\"es\",\"potentialAction\":[{\"@type\":\"ReadAction\",\"target\":[\"https:\/\/www.pressenza.com\/es\/2009\/09\/red-de-solidaridad-internacional-con-el-pueblo-mapuche\/\"]}]},{\"@type\":\"BreadcrumbList\",\"@id\":\"https:\/\/www.pressenza.com\/es\/2009\/09\/red-de-solidaridad-internacional-con-el-pueblo-mapuche\/#breadcrumb\",\"itemListElement\":[{\"@type\":\"ListItem\",\"position\":1,\"name\":\"Accueil\",\"item\":\"https:\/\/www.pressenza.com\/es\/\"},{\"@type\":\"ListItem\",\"position\":2,\"name\":\"Red de solidaridad Internacional con el Pueblo Mapuche\"}]},{\"@type\":\"WebSite\",\"@id\":\"https:\/\/www.pressenza.com\/es\/#website\",\"url\":\"https:\/\/www.pressenza.com\/es\/\",\"name\":\"Pressenza\",\"description\":\"International Press Agency\",\"publisher\":{\"@id\":\"https:\/\/www.pressenza.com\/es\/#organization\"},\"potentialAction\":[{\"@type\":\"SearchAction\",\"target\":{\"@type\":\"EntryPoint\",\"urlTemplate\":\"https:\/\/www.pressenza.com\/es\/?s={search_term_string}\"},\"query-input\":{\"@type\":\"PropertyValueSpecification\",\"valueRequired\":true,\"valueName\":\"search_term_string\"}}],\"inLanguage\":\"es\"},{\"@type\":\"Organization\",\"@id\":\"https:\/\/www.pressenza.com\/es\/#organization\",\"name\":\"Pressenza\",\"url\":\"https:\/\/www.pressenza.com\/es\/\",\"logo\":{\"@type\":\"ImageObject\",\"inLanguage\":\"es\",\"@id\":\"https:\/\/www.pressenza.com\/es\/#\/schema\/logo\/image\/\",\"url\":\"https:\/\/www.pressenza.com\/wp-content\/uploads\/2022\/10\/pressenza_logo_200x200.jpg\",\"contentUrl\":\"https:\/\/www.pressenza.com\/wp-content\/uploads\/2022\/10\/pressenza_logo_200x200.jpg\",\"width\":200,\"height\":200,\"caption\":\"Pressenza\"},\"image\":{\"@id\":\"https:\/\/www.pressenza.com\/es\/#\/schema\/logo\/image\/\"},\"sameAs\":[\"https:\/\/www.facebook.com\/PressenzaItalia\",\"https:\/\/x.com\/PressenzaIPA\"]},{\"@type\":\"Person\",\"@id\":\"https:\/\/www.pressenza.com\/es\/#\/schema\/person\/010e5d02bcf40965427a1289a4cc8d75\",\"name\":\"Pressenza IPA\",\"description\":\"News from Pressenza IPA correspondents\",\"sameAs\":[\"https:\/\/www.facebook.com\/pressenza\",\"https:\/\/x.com\/PressenzaIPA\"],\"url\":\"https:\/\/www.pressenza.com\/es\/author\/pressenza-ipa\/\"}]}<\/script>\n<!-- \/ Yoast SEO plugin. -->","yoast_head_json":{"title":"Red de solidaridad Internacional con el Pueblo Mapuche","description":"Diversos testimonios sobre la situaci\u00f3n que padece el `pueblo Mapuche de Chile fueron expuestos en el 12\u00aa Periodo de Sesiones del Consejo de Derechos Humanos de Naciones Unidas, ante el cual expuso Danielle Mitterrand, quien estuvo en Chile en el mes de Abril pasado en una misi\u00f3n de la Asociaci\u00f3n \"France Libert\u00e9s\" que ella dirige","robots":{"index":"index","follow":"follow","max-snippet":"max-snippet:-1","max-image-preview":"max-image-preview:large","max-video-preview":"max-video-preview:-1"},"canonical":"https:\/\/www.pressenza.com\/es\/2009\/09\/red-de-solidaridad-internacional-con-el-pueblo-mapuche\/","og_locale":"es_ES","og_type":"article","og_title":"Red de solidaridad Internacional con el Pueblo Mapuche","og_description":"Diversos testimonios sobre la situaci\u00f3n que padece el `pueblo Mapuche de Chile fueron expuestos en el 12\u00aa Periodo de Sesiones del Consejo de Derechos Humanos de Naciones Unidas, ante el cual expuso Danielle Mitterrand, quien estuvo en Chile en el mes de Abril pasado en una misi\u00f3n de la Asociaci\u00f3n \"France Libert\u00e9s\" que ella dirige","og_url":"https:\/\/www.pressenza.com\/es\/2009\/09\/red-de-solidaridad-internacional-con-el-pueblo-mapuche\/","og_site_name":"Pressenza","article_publisher":"https:\/\/www.facebook.com\/PressenzaItalia","article_author":"https:\/\/www.facebook.com\/pressenza","article_published_time":"2009-09-28T00:00:00+00:00","article_modified_time":"2009-09-28T10:00:49+00:00","author":"Pressenza IPA","twitter_card":"summary_large_image","twitter_creator":"@PressenzaIPA","twitter_site":"@PressenzaIPA","twitter_misc":{"Escrito por":"Pressenza IPA","Tiempo de lectura":"6 minutos"},"schema":{"@context":"https:\/\/schema.org","@graph":[{"@type":"Article","@id":"https:\/\/www.pressenza.com\/es\/2009\/09\/red-de-solidaridad-internacional-con-el-pueblo-mapuche\/#article","isPartOf":{"@id":"https:\/\/www.pressenza.com\/es\/2009\/09\/red-de-solidaridad-internacional-con-el-pueblo-mapuche\/"},"author":{"name":"Pressenza IPA","@id":"https:\/\/www.pressenza.com\/es\/#\/schema\/person\/010e5d02bcf40965427a1289a4cc8d75"},"headline":"Red de solidaridad Internacional con el Pueblo Mapuche","datePublished":"2009-09-28T00:00:00+00:00","dateModified":"2009-09-28T10:00:49+00:00","mainEntityOfPage":{"@id":"https:\/\/www.pressenza.com\/es\/2009\/09\/red-de-solidaridad-internacional-con-el-pueblo-mapuche\/"},"wordCount":1221,"publisher":{"@id":"https:\/\/www.pressenza.com\/es\/#organization"},"articleSection":["Asuntos internacionales","Comunicados de Prensa","Europa","Internacional"],"inLanguage":"es"},{"@type":"WebPage","@id":"https:\/\/www.pressenza.com\/es\/2009\/09\/red-de-solidaridad-internacional-con-el-pueblo-mapuche\/","url":"https:\/\/www.pressenza.com\/es\/2009\/09\/red-de-solidaridad-internacional-con-el-pueblo-mapuche\/","name":"Red de solidaridad Internacional con el Pueblo Mapuche","isPartOf":{"@id":"https:\/\/www.pressenza.com\/es\/#website"},"datePublished":"2009-09-28T00:00:00+00:00","dateModified":"2009-09-28T10:00:49+00:00","description":"Diversos testimonios sobre la situaci\u00f3n que padece el `pueblo Mapuche de Chile fueron expuestos en el 12\u00aa Periodo de Sesiones del Consejo de Derechos Humanos de Naciones Unidas, ante el cual expuso Danielle Mitterrand, quien estuvo en Chile en el mes de Abril pasado en una misi\u00f3n de la Asociaci\u00f3n \"France Libert\u00e9s\" que ella dirige","breadcrumb":{"@id":"https:\/\/www.pressenza.com\/es\/2009\/09\/red-de-solidaridad-internacional-con-el-pueblo-mapuche\/#breadcrumb"},"inLanguage":"es","potentialAction":[{"@type":"ReadAction","target":["https:\/\/www.pressenza.com\/es\/2009\/09\/red-de-solidaridad-internacional-con-el-pueblo-mapuche\/"]}]},{"@type":"BreadcrumbList","@id":"https:\/\/www.pressenza.com\/es\/2009\/09\/red-de-solidaridad-internacional-con-el-pueblo-mapuche\/#breadcrumb","itemListElement":[{"@type":"ListItem","position":1,"name":"Accueil","item":"https:\/\/www.pressenza.com\/es\/"},{"@type":"ListItem","position":2,"name":"Red de solidaridad Internacional con el Pueblo Mapuche"}]},{"@type":"WebSite","@id":"https:\/\/www.pressenza.com\/es\/#website","url":"https:\/\/www.pressenza.com\/es\/","name":"Pressenza","description":"International Press Agency","publisher":{"@id":"https:\/\/www.pressenza.com\/es\/#organization"},"potentialAction":[{"@type":"SearchAction","target":{"@type":"EntryPoint","urlTemplate":"https:\/\/www.pressenza.com\/es\/?s={search_term_string}"},"query-input":{"@type":"PropertyValueSpecification","valueRequired":true,"valueName":"search_term_string"}}],"inLanguage":"es"},{"@type":"Organization","@id":"https:\/\/www.pressenza.com\/es\/#organization","name":"Pressenza","url":"https:\/\/www.pressenza.com\/es\/","logo":{"@type":"ImageObject","inLanguage":"es","@id":"https:\/\/www.pressenza.com\/es\/#\/schema\/logo\/image\/","url":"https:\/\/www.pressenza.com\/wp-content\/uploads\/2022\/10\/pressenza_logo_200x200.jpg","contentUrl":"https:\/\/www.pressenza.com\/wp-content\/uploads\/2022\/10\/pressenza_logo_200x200.jpg","width":200,"height":200,"caption":"Pressenza"},"image":{"@id":"https:\/\/www.pressenza.com\/es\/#\/schema\/logo\/image\/"},"sameAs":["https:\/\/www.facebook.com\/PressenzaItalia","https:\/\/x.com\/PressenzaIPA"]},{"@type":"Person","@id":"https:\/\/www.pressenza.com\/es\/#\/schema\/person\/010e5d02bcf40965427a1289a4cc8d75","name":"Pressenza IPA","description":"News from Pressenza IPA correspondents","sameAs":["https:\/\/www.facebook.com\/pressenza","https:\/\/x.com\/PressenzaIPA"],"url":"https:\/\/www.pressenza.com\/es\/author\/pressenza-ipa\/"}]}},"place":"Ginebra","original_article_url":"","_links":{"self":[{"href":"https:\/\/www.pressenza.com\/es\/wp-json\/wp\/v2\/posts\/1450","targetHints":{"allow":["GET"]}}],"collection":[{"href":"https:\/\/www.pressenza.com\/es\/wp-json\/wp\/v2\/posts"}],"about":[{"href":"https:\/\/www.pressenza.com\/es\/wp-json\/wp\/v2\/types\/post"}],"author":[{"embeddable":true,"href":"https:\/\/www.pressenza.com\/es\/wp-json\/wp\/v2\/users\/19"}],"replies":[{"embeddable":true,"href":"https:\/\/www.pressenza.com\/es\/wp-json\/wp\/v2\/comments?post=1450"}],"version-history":[{"count":0,"href":"https:\/\/www.pressenza.com\/es\/wp-json\/wp\/v2\/posts\/1450\/revisions"}],"wp:attachment":[{"href":"https:\/\/www.pressenza.com\/es\/wp-json\/wp\/v2\/media?parent=1450"}],"wp:term":[{"taxonomy":"category","embeddable":true,"href":"https:\/\/www.pressenza.com\/es\/wp-json\/wp\/v2\/categories?post=1450"},{"taxonomy":"post_tag","embeddable":true,"href":"https:\/\/www.pressenza.com\/es\/wp-json\/wp\/v2\/tags?post=1450"}],"curies":[{"name":"wp","href":"https:\/\/api.w.org\/{rel}","templated":true}]}}