{"id":1447060,"date":"2021-10-09T15:56:38","date_gmt":"2021-10-09T14:56:38","guid":{"rendered":"https:\/\/www.pressenza.com\/?p=1447060"},"modified":"2021-10-09T16:04:02","modified_gmt":"2021-10-09T15:04:02","slug":"tras-revelaciones-de-denunciante-de-facebook-es-hora-de-eliminar-esta-red-social-de-nuestra-lista-de-amigos","status":"publish","type":"post","link":"https:\/\/www.pressenza.com\/es\/2021\/10\/tras-revelaciones-de-denunciante-de-facebook-es-hora-de-eliminar-esta-red-social-de-nuestra-lista-de-amigos\/","title":{"rendered":"Tras revelaciones de denunciante de Facebook, es hora de eliminar esta red social de nuestra lista de amigos"},"content":{"rendered":"<p>Facebook se ha convertido en una empresa de alcance mundial cuyo valor de mercado supera el bill\u00f3n de d\u00f3lares. Sus plataformas permiten que las personas de todo el mundo se conecten en l\u00ednea con familiares y amigos, compartan fotos y den \u201cme gusta\u201d a las publicaciones de los dem\u00e1s. Pero detr\u00e1s de esta fachada ben\u00e9vola e inofensiva se encuentra una vasta red de informaci\u00f3n de la que Facebook obtiene ganancias al promover la discordia, la violencia y la trata de personas. Sus plataformas tambi\u00e9n causan que muchas personas j\u00f3venes, en particular ni\u00f1as y adolescentes, se sientan mal consigo mismas y, en algunos casos, sufran depresi\u00f3n y tengan pensamientos suicidas. Y Facebook lo sabe. Una filtraci\u00f3n sin precedentes de documentos internos de la empresa propici\u00f3 la publicaci\u00f3n de una serie de art\u00edculos con revelaciones explosivas en el peri\u00f3dico The Wall Street Journal. La denunciante que dio a conocer los documentos, Frances Haugen, hizo el domingo su primera aparici\u00f3n p\u00fablica para exponer su caso en el programa \u201c60 Minutes\u201d de la cadena CBS; y este martes testific\u00f3 ante un subcomit\u00e9 de la Comisi\u00f3n de Comercio del Senado de Estados Unidos.<\/p>\n<p>\u201cLo que vi en Facebook una y otra vez fue que hab\u00eda conflicto de intereses entre lo que era bueno para sus ganancias y la seguridad de los usuarios\u201d, expres\u00f3 Haugen. \u201cY Facebook resolvi\u00f3 estos conflictos una y otra vez a favor de sus propias ganancias. El resultado ha sido m\u00e1s divisi\u00f3n, m\u00e1s da\u00f1o, m\u00e1s mentiras, m\u00e1s amenazas y m\u00e1s combate. Esta peligrosa conversaci\u00f3n en l\u00ednea conduce a una violencia real que da\u00f1a a las personas y que, incluso, provoca muertes\u201d.<\/p>\n<p>Se estima que Facebook tiene tres mil millones de usuarios en todo el mundo, y tambi\u00e9n es propietaria de las redes sociales Instagram y WhatsApp, que entre ambas suman otros tres mil millones de usuarios. La red social Instagram, popular entre los adolescentes, anima a los usuarios a publicar selfis y videos. La cantidad de seguidores que una persona tiene, el n\u00famero de \u201cme gusta\u201d y \u201cno me gusta\u201d, as\u00ed como las veces que una publicaci\u00f3n es compartida, pesan mucho en la psique de muchos de estos usuarios j\u00f3venes, a menudo de manera negativa.<\/p>\n<p>El siguiente intercambio entre Haugen y el periodista Scott Pelley en el programa \u201d60 Minutes\u201d ilustra muy bien este problema.<\/p>\n<p>Scott Pelley coment\u00f3: \u201cEn un estudio, el 13,5% de las adolescentes entrevistadas dijo que Instagram aumenta los pensamientos suicidas; y el 17% de las entrevistadas se\u00f1al\u00f3 que dicha red social empeora los trastornos alimentarios\u201d.<\/p>\n<p>Frances Haugen respondi\u00f3: \u201cLo que es sumamente lamentable es que la propia investigaci\u00f3n de Facebook indica que las j\u00f3venes que comienzan a consumir este contenido relacionado con los trastornos alimentarios se deprimen cada vez m\u00e1s. Y, a su vez, eso hace que usen la aplicaci\u00f3n cada vez con mayor frecuencia. Es un ciclo de retroalimentaci\u00f3n en el que odian sus cuerpos cada vez m\u00e1s. El estudio interno de Facebook concluye que Instagram no solo es peligrosa para las adolescentes, sino que les hace da\u00f1o; es claramente peor que otras redes sociales\u201d.<\/p>\n<p>Entre los documentos obtenidos por The Wall Street Journal en la filtraci\u00f3n se encuentra una diapositiva de una presentaci\u00f3n interna de Facebook\/Instagram de 2019 titulada \u201cAn\u00e1lisis profundo de la salud mental de los adolescentes\u201d. En ella, los investigadores de la empresa admiten que la plataforma empeora \u201clos problemas de imagen corporal en una de cada tres adolescentes\u201d. Se muestra luego una lista de c\u00f3mo funciona este c\u00edrculo. La diapositiva detalla:<\/p>\n<p>\u201cLas adolescentes precisaron las formas en que Instagram da\u00f1a su salud mental:<\/p>\n<p>&#8211; presi\u00f3n para ajustarse a los estereotipos sociales<\/p>\n<p>&#8211; presi\u00f3n para igualar el dinero y la imagen corporal de los influencers<\/p>\n<p>&#8211; necesidad de sentirse aprobados: cantidad de vistas, \u201cme gusta\u201d y seguidores<\/p>\n<p>&#8211; conflictos con las amistades, hostigamiento y discursos de odio<\/p>\n<p>&#8211; sobresexualizaci\u00f3n de las ni\u00f1as<\/p>\n<p>&#8211; anuncios inapropiados dirigidos a grupos vulnerables\u201d.<\/p>\n<p>La mira de Facebook en los adolescentes se ha comparado con el accionar de las grandes empresas tabacaleras, que durante d\u00e9cadas ocultaron las propiedades da\u00f1inas y adictivas de los cigarrillos, a la vez que captaban a fumadores cada vez m\u00e1s j\u00f3venes.<\/p>\n<p>La destructiva red de contenido t\u00f3xico impulsada a trav\u00e9s de Facebook e Instagram va mucho m\u00e1s all\u00e1. Como revelan los documentos filtrados, Facebook sabe desde hace a\u00f1os que sus plataformas son utilizadas por organizaciones criminales. Los c\u00e1rteles mexicanos de la droga han utilizado la red social para captar a j\u00f3venes y convertirlos en asesinos, as\u00ed como tambi\u00e9n para publicar videos en los que celebran sus actos violentos.<\/p>\n<p>Asimismo, las organizaciones de trata de personas usan Facebook para reclutar trabajadores dom\u00e9sticos para puestos laborales en Medio Oriente. Confiscan los pasaportes de estas personas, muchas de las cuales provienen de \u00c1frica, y luego venden sus contratos de trabajo. Estos trabajadores son a menudo sometidos a condiciones similares a la esclavitud, y a algunos incluso les colocan grilletes para evitar que se escapen.<\/p>\n<p>En las zonas de conflicto, Facebook ha desempe\u00f1ado un papel clave en avivar las llamas del odio racial y \u00e9tnico, alentando la violencia que ha contribuido a asesinatos masivos y a la limpieza \u00e9tnica contra poblaciones minoritarias como los musulmanes rohiny\u00e1 en Birmania y contra el pueblo de Tigray en Etiop\u00eda.<\/p>\n<p>Facebook sabe que su plataforma est\u00e1 causando da\u00f1os, pero se ha negado a tomar medidas. El propio director ejecutivo del gigante tecnol\u00f3gico, Mark Zuckerberg, ha intervenido y ha apartado a los investigadores de la empresa que sugieren soluciones que podr\u00edan afectar la rentabilidad de Facebook. Facebook y Zuckerberg se niegan a contratar m\u00e1s supervisores de contenido \u2014especialmente en idiomas distintos del ingl\u00e9s, que constituyen los idiomas de la gran mayor\u00eda de los usuarios\u2014 o ajustar el algoritmo secreto que impulsa las enormes ganancias de la empresa.<\/p>\n<p>\u201cLo que realmente impacta aqu\u00ed es la cantidad de mentiras descaradas que se repiten una y otra vez\u201d, expres\u00f3 en una entrevista con Democracy Now! Jessica Gonz\u00e1lez, codirectora ejecutiva de la organizaci\u00f3n Free Press, que trabaja por la democratizaci\u00f3n de los medios de comunicaci\u00f3n. \u201cEsto demuestra con claridad que Facebook no est\u00e1 capacitado para regularse a s\u00ed mismo y que necesitamos que el Congreso y el Gobierno de Estados Unidos intervengan y brinden transparencia y responsabilidad\u201d.<\/p>\n<p>Nosotros \u2014nuestra atenci\u00f3n y el tiempo que pasamos en estos sitios y aplicaciones\u2014 son el producto que Facebook vende a los anunciantes. Debemos exigir que la empresa rinda cuentas de sus actos. Es necesario que el Congreso intervenga y que se tomen medidas antimonopolio para controlar a esta red mundial en expansi\u00f3n que obtiene ganancias a partir del dolor.<\/p>\n","protected":false},"excerpt":{"rendered":"<p>Facebook se ha convertido en una empresa de alcance mundial cuyo valor de mercado supera el bill\u00f3n de d\u00f3lares. Sus plataformas permiten que las personas de todo el mundo se conecten en l\u00ednea con familiares y amigos, compartan fotos y&hellip;<\/p>\n","protected":false},"author":38,"featured_media":1447078,"comment_status":"closed","ping_status":"closed","sticky":false,"template":"","format":"standard","meta":{"footnotes":""},"categories":[497,39,161],"tags":[358],"class_list":["post-1447060","post","type-post","status-publish","format-standard","has-post-thumbnail","hentry","category-ciencia-tecnologia","category-internacional","category-opiniones","tag-facebook-es"],"yoast_head":"<!-- This site is optimized with the Yoast SEO plugin v27.1.1 - https:\/\/yoast.com\/product\/yoast-seo-wordpress\/ -->\n<title>Tras revelaciones de denunciante de Facebook, es hora de eliminar esta red social de nuestra lista de amigos<\/title>\n<meta name=\"description\" content=\"Facebook se ha convertido en una empresa de alcance mundial cuyo valor de mercado supera el bill\u00f3n de d\u00f3lares. Sus plataformas permiten que las personas\" \/>\n<meta name=\"robots\" content=\"index, follow, max-snippet:-1, max-image-preview:large, max-video-preview:-1\" \/>\n<link rel=\"canonical\" href=\"https:\/\/www.pressenza.com\/es\/2021\/10\/tras-revelaciones-de-denunciante-de-facebook-es-hora-de-eliminar-esta-red-social-de-nuestra-lista-de-amigos\/\" \/>\n<meta property=\"og:locale\" content=\"es_ES\" \/>\n<meta property=\"og:type\" content=\"article\" \/>\n<meta property=\"og:title\" content=\"Tras revelaciones de denunciante de Facebook, es hora de eliminar esta red social de nuestra lista de amigos\" \/>\n<meta property=\"og:description\" content=\"Facebook se ha convertido en una empresa de alcance mundial cuyo valor de mercado supera el bill\u00f3n de d\u00f3lares. Sus plataformas permiten que las personas\" \/>\n<meta property=\"og:url\" content=\"https:\/\/www.pressenza.com\/es\/2021\/10\/tras-revelaciones-de-denunciante-de-facebook-es-hora-de-eliminar-esta-red-social-de-nuestra-lista-de-amigos\/\" \/>\n<meta property=\"og:site_name\" content=\"Pressenza\" \/>\n<meta property=\"article:publisher\" content=\"https:\/\/www.facebook.com\/PressenzaItalia\" \/>\n<meta property=\"article:published_time\" content=\"2021-10-09T14:56:38+00:00\" \/>\n<meta property=\"article:modified_time\" content=\"2021-10-09T15:04:02+00:00\" \/>\n<meta property=\"og:image\" content=\"https:\/\/www.pressenza.com\/wp-content\/uploads\/2021\/10\/indice.png\" \/>\n\t<meta property=\"og:image:width\" content=\"225\" \/>\n\t<meta property=\"og:image:height\" content=\"225\" \/>\n\t<meta property=\"og:image:type\" content=\"image\/png\" \/>\n<meta name=\"author\" content=\"Amy Goodman\" \/>\n<meta name=\"twitter:card\" content=\"summary_large_image\" \/>\n<meta name=\"twitter:creator\" content=\"@PressenzaIPA\" \/>\n<meta name=\"twitter:site\" content=\"@PressenzaIPA\" \/>\n<meta name=\"twitter:label1\" content=\"Escrito por\" \/>\n\t<meta name=\"twitter:data1\" content=\"Amy Goodman\" \/>\n\t<meta name=\"twitter:label2\" content=\"Tiempo de lectura\" \/>\n\t<meta name=\"twitter:data2\" content=\"6 minutos\" \/>\n<script type=\"application\/ld+json\" class=\"yoast-schema-graph\">{\"@context\":\"https:\/\/schema.org\",\"@graph\":[{\"@type\":\"Article\",\"@id\":\"https:\/\/www.pressenza.com\/es\/2021\/10\/tras-revelaciones-de-denunciante-de-facebook-es-hora-de-eliminar-esta-red-social-de-nuestra-lista-de-amigos\/#article\",\"isPartOf\":{\"@id\":\"https:\/\/www.pressenza.com\/es\/2021\/10\/tras-revelaciones-de-denunciante-de-facebook-es-hora-de-eliminar-esta-red-social-de-nuestra-lista-de-amigos\/\"},\"author\":{\"name\":\"Amy Goodman\",\"@id\":\"https:\/\/www.pressenza.com\/es\/#\/schema\/person\/fb76c4542b791ee101e00d9e2f9817ee\"},\"headline\":\"Tras revelaciones de denunciante de Facebook, es hora de eliminar esta red social de nuestra lista de amigos\",\"datePublished\":\"2021-10-09T14:56:38+00:00\",\"dateModified\":\"2021-10-09T15:04:02+00:00\",\"mainEntityOfPage\":{\"@id\":\"https:\/\/www.pressenza.com\/es\/2021\/10\/tras-revelaciones-de-denunciante-de-facebook-es-hora-de-eliminar-esta-red-social-de-nuestra-lista-de-amigos\/\"},\"wordCount\":1179,\"publisher\":{\"@id\":\"https:\/\/www.pressenza.com\/es\/#organization\"},\"image\":{\"@id\":\"https:\/\/www.pressenza.com\/es\/2021\/10\/tras-revelaciones-de-denunciante-de-facebook-es-hora-de-eliminar-esta-red-social-de-nuestra-lista-de-amigos\/#primaryimage\"},\"thumbnailUrl\":\"https:\/\/www.pressenza.com\/wp-content\/uploads\/2021\/10\/indice.png\",\"keywords\":[\"Facebook\"],\"articleSection\":[\"Ciencia y Tecnolog\u00eda\",\"Internacional\",\"Opiniones\"],\"inLanguage\":\"es\"},{\"@type\":\"WebPage\",\"@id\":\"https:\/\/www.pressenza.com\/es\/2021\/10\/tras-revelaciones-de-denunciante-de-facebook-es-hora-de-eliminar-esta-red-social-de-nuestra-lista-de-amigos\/\",\"url\":\"https:\/\/www.pressenza.com\/es\/2021\/10\/tras-revelaciones-de-denunciante-de-facebook-es-hora-de-eliminar-esta-red-social-de-nuestra-lista-de-amigos\/\",\"name\":\"Tras revelaciones de denunciante de Facebook, es hora de eliminar esta red social de nuestra lista de amigos\",\"isPartOf\":{\"@id\":\"https:\/\/www.pressenza.com\/es\/#website\"},\"primaryImageOfPage\":{\"@id\":\"https:\/\/www.pressenza.com\/es\/2021\/10\/tras-revelaciones-de-denunciante-de-facebook-es-hora-de-eliminar-esta-red-social-de-nuestra-lista-de-amigos\/#primaryimage\"},\"image\":{\"@id\":\"https:\/\/www.pressenza.com\/es\/2021\/10\/tras-revelaciones-de-denunciante-de-facebook-es-hora-de-eliminar-esta-red-social-de-nuestra-lista-de-amigos\/#primaryimage\"},\"thumbnailUrl\":\"https:\/\/www.pressenza.com\/wp-content\/uploads\/2021\/10\/indice.png\",\"datePublished\":\"2021-10-09T14:56:38+00:00\",\"dateModified\":\"2021-10-09T15:04:02+00:00\",\"description\":\"Facebook se ha convertido en una empresa de alcance mundial cuyo valor de mercado supera el bill\u00f3n de d\u00f3lares. Sus plataformas permiten que las personas\",\"breadcrumb\":{\"@id\":\"https:\/\/www.pressenza.com\/es\/2021\/10\/tras-revelaciones-de-denunciante-de-facebook-es-hora-de-eliminar-esta-red-social-de-nuestra-lista-de-amigos\/#breadcrumb\"},\"inLanguage\":\"es\",\"potentialAction\":[{\"@type\":\"ReadAction\",\"target\":[\"https:\/\/www.pressenza.com\/es\/2021\/10\/tras-revelaciones-de-denunciante-de-facebook-es-hora-de-eliminar-esta-red-social-de-nuestra-lista-de-amigos\/\"]}]},{\"@type\":\"ImageObject\",\"inLanguage\":\"es\",\"@id\":\"https:\/\/www.pressenza.com\/es\/2021\/10\/tras-revelaciones-de-denunciante-de-facebook-es-hora-de-eliminar-esta-red-social-de-nuestra-lista-de-amigos\/#primaryimage\",\"url\":\"https:\/\/www.pressenza.com\/wp-content\/uploads\/2021\/10\/indice.png\",\"contentUrl\":\"https:\/\/www.pressenza.com\/wp-content\/uploads\/2021\/10\/indice.png\",\"width\":225,\"height\":225,\"caption\":\"es-la.facebook.com\"},{\"@type\":\"BreadcrumbList\",\"@id\":\"https:\/\/www.pressenza.com\/es\/2021\/10\/tras-revelaciones-de-denunciante-de-facebook-es-hora-de-eliminar-esta-red-social-de-nuestra-lista-de-amigos\/#breadcrumb\",\"itemListElement\":[{\"@type\":\"ListItem\",\"position\":1,\"name\":\"Accueil\",\"item\":\"https:\/\/www.pressenza.com\/es\/\"},{\"@type\":\"ListItem\",\"position\":2,\"name\":\"Tras revelaciones de denunciante de Facebook, es hora de eliminar esta red social de nuestra lista de amigos\"}]},{\"@type\":\"WebSite\",\"@id\":\"https:\/\/www.pressenza.com\/es\/#website\",\"url\":\"https:\/\/www.pressenza.com\/es\/\",\"name\":\"Pressenza\",\"description\":\"International Press Agency\",\"publisher\":{\"@id\":\"https:\/\/www.pressenza.com\/es\/#organization\"},\"potentialAction\":[{\"@type\":\"SearchAction\",\"target\":{\"@type\":\"EntryPoint\",\"urlTemplate\":\"https:\/\/www.pressenza.com\/es\/?s={search_term_string}\"},\"query-input\":{\"@type\":\"PropertyValueSpecification\",\"valueRequired\":true,\"valueName\":\"search_term_string\"}}],\"inLanguage\":\"es\"},{\"@type\":\"Organization\",\"@id\":\"https:\/\/www.pressenza.com\/es\/#organization\",\"name\":\"Pressenza\",\"url\":\"https:\/\/www.pressenza.com\/es\/\",\"logo\":{\"@type\":\"ImageObject\",\"inLanguage\":\"es\",\"@id\":\"https:\/\/www.pressenza.com\/es\/#\/schema\/logo\/image\/\",\"url\":\"https:\/\/www.pressenza.com\/wp-content\/uploads\/2022\/10\/pressenza_logo_200x200.jpg\",\"contentUrl\":\"https:\/\/www.pressenza.com\/wp-content\/uploads\/2022\/10\/pressenza_logo_200x200.jpg\",\"width\":200,\"height\":200,\"caption\":\"Pressenza\"},\"image\":{\"@id\":\"https:\/\/www.pressenza.com\/es\/#\/schema\/logo\/image\/\"},\"sameAs\":[\"https:\/\/www.facebook.com\/PressenzaItalia\",\"https:\/\/x.com\/PressenzaIPA\"]},{\"@type\":\"Person\",\"@id\":\"https:\/\/www.pressenza.com\/es\/#\/schema\/person\/fb76c4542b791ee101e00d9e2f9817ee\",\"name\":\"Amy Goodman\",\"description\":\"Award-winning investigative journalist and syndicated columnist, author and host\/executive producer of Democracy Now! www.democracynow.org\",\"url\":\"https:\/\/www.pressenza.com\/es\/author\/amy-goodman\/\"}]}<\/script>\n<!-- \/ Yoast SEO plugin. -->","yoast_head_json":{"title":"Tras revelaciones de denunciante de Facebook, es hora de eliminar esta red social de nuestra lista de amigos","description":"Facebook se ha convertido en una empresa de alcance mundial cuyo valor de mercado supera el bill\u00f3n de d\u00f3lares. Sus plataformas permiten que las personas","robots":{"index":"index","follow":"follow","max-snippet":"max-snippet:-1","max-image-preview":"max-image-preview:large","max-video-preview":"max-video-preview:-1"},"canonical":"https:\/\/www.pressenza.com\/es\/2021\/10\/tras-revelaciones-de-denunciante-de-facebook-es-hora-de-eliminar-esta-red-social-de-nuestra-lista-de-amigos\/","og_locale":"es_ES","og_type":"article","og_title":"Tras revelaciones de denunciante de Facebook, es hora de eliminar esta red social de nuestra lista de amigos","og_description":"Facebook se ha convertido en una empresa de alcance mundial cuyo valor de mercado supera el bill\u00f3n de d\u00f3lares. Sus plataformas permiten que las personas","og_url":"https:\/\/www.pressenza.com\/es\/2021\/10\/tras-revelaciones-de-denunciante-de-facebook-es-hora-de-eliminar-esta-red-social-de-nuestra-lista-de-amigos\/","og_site_name":"Pressenza","article_publisher":"https:\/\/www.facebook.com\/PressenzaItalia","article_published_time":"2021-10-09T14:56:38+00:00","article_modified_time":"2021-10-09T15:04:02+00:00","og_image":[{"width":225,"height":225,"url":"https:\/\/www.pressenza.com\/wp-content\/uploads\/2021\/10\/indice.png","type":"image\/png"}],"author":"Amy Goodman","twitter_card":"summary_large_image","twitter_creator":"@PressenzaIPA","twitter_site":"@PressenzaIPA","twitter_misc":{"Escrito por":"Amy Goodman","Tiempo de lectura":"6 minutos"},"schema":{"@context":"https:\/\/schema.org","@graph":[{"@type":"Article","@id":"https:\/\/www.pressenza.com\/es\/2021\/10\/tras-revelaciones-de-denunciante-de-facebook-es-hora-de-eliminar-esta-red-social-de-nuestra-lista-de-amigos\/#article","isPartOf":{"@id":"https:\/\/www.pressenza.com\/es\/2021\/10\/tras-revelaciones-de-denunciante-de-facebook-es-hora-de-eliminar-esta-red-social-de-nuestra-lista-de-amigos\/"},"author":{"name":"Amy Goodman","@id":"https:\/\/www.pressenza.com\/es\/#\/schema\/person\/fb76c4542b791ee101e00d9e2f9817ee"},"headline":"Tras revelaciones de denunciante de Facebook, es hora de eliminar esta red social de nuestra lista de amigos","datePublished":"2021-10-09T14:56:38+00:00","dateModified":"2021-10-09T15:04:02+00:00","mainEntityOfPage":{"@id":"https:\/\/www.pressenza.com\/es\/2021\/10\/tras-revelaciones-de-denunciante-de-facebook-es-hora-de-eliminar-esta-red-social-de-nuestra-lista-de-amigos\/"},"wordCount":1179,"publisher":{"@id":"https:\/\/www.pressenza.com\/es\/#organization"},"image":{"@id":"https:\/\/www.pressenza.com\/es\/2021\/10\/tras-revelaciones-de-denunciante-de-facebook-es-hora-de-eliminar-esta-red-social-de-nuestra-lista-de-amigos\/#primaryimage"},"thumbnailUrl":"https:\/\/www.pressenza.com\/wp-content\/uploads\/2021\/10\/indice.png","keywords":["Facebook"],"articleSection":["Ciencia y Tecnolog\u00eda","Internacional","Opiniones"],"inLanguage":"es"},{"@type":"WebPage","@id":"https:\/\/www.pressenza.com\/es\/2021\/10\/tras-revelaciones-de-denunciante-de-facebook-es-hora-de-eliminar-esta-red-social-de-nuestra-lista-de-amigos\/","url":"https:\/\/www.pressenza.com\/es\/2021\/10\/tras-revelaciones-de-denunciante-de-facebook-es-hora-de-eliminar-esta-red-social-de-nuestra-lista-de-amigos\/","name":"Tras revelaciones de denunciante de Facebook, es hora de eliminar esta red social de nuestra lista de amigos","isPartOf":{"@id":"https:\/\/www.pressenza.com\/es\/#website"},"primaryImageOfPage":{"@id":"https:\/\/www.pressenza.com\/es\/2021\/10\/tras-revelaciones-de-denunciante-de-facebook-es-hora-de-eliminar-esta-red-social-de-nuestra-lista-de-amigos\/#primaryimage"},"image":{"@id":"https:\/\/www.pressenza.com\/es\/2021\/10\/tras-revelaciones-de-denunciante-de-facebook-es-hora-de-eliminar-esta-red-social-de-nuestra-lista-de-amigos\/#primaryimage"},"thumbnailUrl":"https:\/\/www.pressenza.com\/wp-content\/uploads\/2021\/10\/indice.png","datePublished":"2021-10-09T14:56:38+00:00","dateModified":"2021-10-09T15:04:02+00:00","description":"Facebook se ha convertido en una empresa de alcance mundial cuyo valor de mercado supera el bill\u00f3n de d\u00f3lares. Sus plataformas permiten que las personas","breadcrumb":{"@id":"https:\/\/www.pressenza.com\/es\/2021\/10\/tras-revelaciones-de-denunciante-de-facebook-es-hora-de-eliminar-esta-red-social-de-nuestra-lista-de-amigos\/#breadcrumb"},"inLanguage":"es","potentialAction":[{"@type":"ReadAction","target":["https:\/\/www.pressenza.com\/es\/2021\/10\/tras-revelaciones-de-denunciante-de-facebook-es-hora-de-eliminar-esta-red-social-de-nuestra-lista-de-amigos\/"]}]},{"@type":"ImageObject","inLanguage":"es","@id":"https:\/\/www.pressenza.com\/es\/2021\/10\/tras-revelaciones-de-denunciante-de-facebook-es-hora-de-eliminar-esta-red-social-de-nuestra-lista-de-amigos\/#primaryimage","url":"https:\/\/www.pressenza.com\/wp-content\/uploads\/2021\/10\/indice.png","contentUrl":"https:\/\/www.pressenza.com\/wp-content\/uploads\/2021\/10\/indice.png","width":225,"height":225,"caption":"es-la.facebook.com"},{"@type":"BreadcrumbList","@id":"https:\/\/www.pressenza.com\/es\/2021\/10\/tras-revelaciones-de-denunciante-de-facebook-es-hora-de-eliminar-esta-red-social-de-nuestra-lista-de-amigos\/#breadcrumb","itemListElement":[{"@type":"ListItem","position":1,"name":"Accueil","item":"https:\/\/www.pressenza.com\/es\/"},{"@type":"ListItem","position":2,"name":"Tras revelaciones de denunciante de Facebook, es hora de eliminar esta red social de nuestra lista de amigos"}]},{"@type":"WebSite","@id":"https:\/\/www.pressenza.com\/es\/#website","url":"https:\/\/www.pressenza.com\/es\/","name":"Pressenza","description":"International Press Agency","publisher":{"@id":"https:\/\/www.pressenza.com\/es\/#organization"},"potentialAction":[{"@type":"SearchAction","target":{"@type":"EntryPoint","urlTemplate":"https:\/\/www.pressenza.com\/es\/?s={search_term_string}"},"query-input":{"@type":"PropertyValueSpecification","valueRequired":true,"valueName":"search_term_string"}}],"inLanguage":"es"},{"@type":"Organization","@id":"https:\/\/www.pressenza.com\/es\/#organization","name":"Pressenza","url":"https:\/\/www.pressenza.com\/es\/","logo":{"@type":"ImageObject","inLanguage":"es","@id":"https:\/\/www.pressenza.com\/es\/#\/schema\/logo\/image\/","url":"https:\/\/www.pressenza.com\/wp-content\/uploads\/2022\/10\/pressenza_logo_200x200.jpg","contentUrl":"https:\/\/www.pressenza.com\/wp-content\/uploads\/2022\/10\/pressenza_logo_200x200.jpg","width":200,"height":200,"caption":"Pressenza"},"image":{"@id":"https:\/\/www.pressenza.com\/es\/#\/schema\/logo\/image\/"},"sameAs":["https:\/\/www.facebook.com\/PressenzaItalia","https:\/\/x.com\/PressenzaIPA"]},{"@type":"Person","@id":"https:\/\/www.pressenza.com\/es\/#\/schema\/person\/fb76c4542b791ee101e00d9e2f9817ee","name":"Amy Goodman","description":"Award-winning investigative journalist and syndicated columnist, author and host\/executive producer of Democracy Now! www.democracynow.org","url":"https:\/\/www.pressenza.com\/es\/author\/amy-goodman\/"}]}},"place":"Nueva York","original_article_url":"","_links":{"self":[{"href":"https:\/\/www.pressenza.com\/es\/wp-json\/wp\/v2\/posts\/1447060","targetHints":{"allow":["GET"]}}],"collection":[{"href":"https:\/\/www.pressenza.com\/es\/wp-json\/wp\/v2\/posts"}],"about":[{"href":"https:\/\/www.pressenza.com\/es\/wp-json\/wp\/v2\/types\/post"}],"author":[{"embeddable":true,"href":"https:\/\/www.pressenza.com\/es\/wp-json\/wp\/v2\/users\/38"}],"replies":[{"embeddable":true,"href":"https:\/\/www.pressenza.com\/es\/wp-json\/wp\/v2\/comments?post=1447060"}],"version-history":[{"count":0,"href":"https:\/\/www.pressenza.com\/es\/wp-json\/wp\/v2\/posts\/1447060\/revisions"}],"wp:featuredmedia":[{"embeddable":true,"href":"https:\/\/www.pressenza.com\/es\/wp-json\/wp\/v2\/media\/1447078"}],"wp:attachment":[{"href":"https:\/\/www.pressenza.com\/es\/wp-json\/wp\/v2\/media?parent=1447060"}],"wp:term":[{"taxonomy":"category","embeddable":true,"href":"https:\/\/www.pressenza.com\/es\/wp-json\/wp\/v2\/categories?post=1447060"},{"taxonomy":"post_tag","embeddable":true,"href":"https:\/\/www.pressenza.com\/es\/wp-json\/wp\/v2\/tags?post=1447060"}],"curies":[{"name":"wp","href":"https:\/\/api.w.org\/{rel}","templated":true}]}}