{"id":1443809,"date":"2021-10-05T00:47:56","date_gmt":"2021-10-04T23:47:56","guid":{"rendered":"https:\/\/www.pressenza.com\/?p=1443809"},"modified":"2021-10-05T01:08:45","modified_gmt":"2021-10-05T00:08:45","slug":"pobres-contra-pobres","status":"publish","type":"post","link":"https:\/\/www.pressenza.com\/es\/2021\/10\/pobres-contra-pobres\/","title":{"rendered":"Pobres contra pobres"},"content":{"rendered":"<p>Muy complacidos deben sentirse los promotores del consumismo y del individualismo con las confrontaciones entre los pobres que viven en Chile o llegan del extranjero. Cuando estos abandonan sus lazos de hermandad y desestiman aquellas convicciones que los llevaron a ser solidarios y enfrentar unidos la adversidad com\u00fan de la injusticia, por encima de las fronteras artificiales impuestas por los estados. Cuando alguna vez la necesidad de prosperar los indujo a organizarse interna y continentalmente, abrazar los mismos ideales e identificar a sus verdaderos enemigos. Es decir, para condenar el capitalismo salvaje y renunciar a toda forma de patrioterismo, en el entendido que los pobres y discriminados forman parte de un mismo universo de seres, sin dejarse aprisionar por aquellos l\u00edmites que marcan arbitrariamente los mapas.<\/p>\n<p>En el pasado, la solidaridad de clase, el sindicalismo y las ideolog\u00edas progresistas remontaron en el internacionalismo, en la necesidad de lucha mancomunada de todos los explotados del mundo, as\u00ed como en asumir la lucha contra el imperialismo. Es cuesti\u00f3n de recordar aquellas distintas expresiones ideol\u00f3gicas que conclu\u00edan en la necesidad de traspasar las fronteras pol\u00edticas impuestas a los pueblos, lo que dio existencia en nuestro Continente a ese panamericanismo abrazado desde la primera hora por todos nuestros libertadores. Como tambi\u00e9n estimularon los m\u00faltiples esfuerzos por reconocernos en un presente y destino com\u00fan con los segregados del mundo entero. El propio Manifiesto Comunista y las enc\u00edclicas sociales de algunos papas coincidieron en mucho y calaron hondo en nuestra pol\u00edtica, proponi\u00e9ndonos el imperativo de una patria com\u00fan, como la necesidad de una misi\u00f3n liberadora universal.<\/p>\n<p>Junto con proscribir las ideolog\u00edas, los partidos y las organizaciones sociales, la dictadura de Pinochet se propuso que cada chileno velara solo por s\u00ed mismo y le diera la espalda a sus semejantes. De ello da cuenta, entre otros, el sistema previsional de las AFP, la educaci\u00f3n diferenciada por niveles socioecon\u00f3micos y la pulverizaci\u00f3n de una inmensa cantidad de asociaciones civiles y de ayuda mutua. Se sacraliz\u00f3, por tanto, la \u201clibre competencia\u201d y se le hizo creer a los chilenos que viv\u00edamos en un oasis de \u201cpaz y tranquilidad\u201d, mientras en el mundo imperaba el caos. Para lo cual le insuflaban a la poblaci\u00f3n una andanada de patrioterismo, inst\u00e1ndonos a demarcarnos de los pa\u00edses vecinos y de las ideas for\u00e1neas y universales.<\/p>\n<p>Chile fue convertido en un \u201cjaguar\u201d y muchos se tragaron el cuento. Chile era un \u201cgran pa\u00eds solo que en un mal barrio\u201d. Los chilenos constitu\u00edamos una raza distinta, homog\u00e9nea y privilegiada, as\u00ed como nuestra bandera e himno nacional eran reconocidos como los mejores del mundo. Tal como se nos convenc\u00eda de las inigualables bondades de nuestro clima, del vino, las frutas, mariscos y otras especies. De esta forma, tambi\u00e9n ten\u00edamos que creer que nuestros conflictos fronterizos hab\u00edan sido provocados por los peruanos y bolivianos, los que pagaron su atrevimiento con las enormes extensiones que perdieron de manos de los \u201cvalientes soldados chilenos, jam\u00e1s vencidos\u201d.<\/p>\n<p>En distinta medida, todos fuimos influidos por aquello que en Chile eran irrelevantes los habitantes ind\u00edgenas, como los mapuches, los atacame\u00f1os y varias otras etnias que reci\u00e9n pr\u00e1cticamente se descubren. Que tampoco ten\u00edamos territorios y culturas colonizadas, como hoy nos lo reprochan los rapanui de Isla de Pascua, a muchos miles de kil\u00f3metros de distancia de nuestras costas. Hasta las clases de historia se empe\u00f1aban en convencernos de que por nuestro pa\u00eds por suerte solo estuvieron de paso los negros provenientes de \u00c1frica, ya que finalmente se establecieron al otro lado de nuestras fronteras. Con lo que prosper\u00f3 otra gran mentira: la que de aqu\u00ed no ten\u00edamos esclavos.<\/p>\n<p>De all\u00ed que no sea tan extra\u00f1o lo que acaba de suceder en Iquique, donde algunos pobres emigrantes venezolanos fueron agredidos por una turba de unos cinco mil chilenos, simplemente por el delito de querer avecindarse en Chile, despu\u00e9s de que el propio Pi\u00f1era los invitara a nuestro pa\u00eds en un viaje anterior a Colombia. Claro, en un momento en que est\u00e1bamos faltos de mano de obra barata y todav\u00eda no sufr\u00edamos los rigores de la pandemia\u2026<\/p>\n<p>Todos pudimos observar la semana pasada a decenas de hermanos venezolanos a quienes les quemaron sus modestas pertenencias a vista y paciencia de Carabineros, dej\u00e1ndolos m\u00e1s a la intemperie de lo que ya estaban. \u00a1Vaya qu\u00e9 verg\u00fcenza se siente por este criminal atentado ante un mundo que recibi\u00f3 a cientos de miles de refugiados chilenos durante el R\u00e9gimen Militar, muchos de los cuales se quedaron para siempre y bien acogidos en Suecia, Francia, Alemania y tantas otras naciones.\u00a0 Acogidos por pueblos m\u00e1s pobres que el nuestro, como los que se establecieron en Centro Am\u00e9rica y el Caribe.<\/p>\n<p>Claro, estos iracundos connacionales tan pobres, adem\u00e1s, de esp\u00edritu ignoran el don de la solidaridad. Solo creen que para triunfar hay que \u201crascarse con sus propia u\u00f1as\u201d y no permitir por ning\u00fan motivo que vengan otros a disputarles sus puestos de trabajo, adem\u00e1s de amenazarnos a todos con un mestizaje que ser\u00eda indigno, de acuerdo al racismo que en Chile est\u00e1 tan entronizado. Salvo si se trata de blancos y rubios europeos, como los que los gobiernos de nuestro pa\u00eds importaron en el pasado a fin de asentarlos en la Araucan\u00eda o la Patagonia, para as\u00ed \u201cmejorar nuestra raza\u201d y elevar la productividad.<\/p>\n<p>Felizmente, la mayor\u00eda del pa\u00eds ha sabido sobreponerse al ego\u00edsmo y la xenofobia, repudiando lo acometido por esta turba de maleantes. Con la emigraci\u00f3n, aseguran los agresores, llegan los delincuentes, los traficantes y toda suerte de malhechores, ignorando la enorme contribuci\u00f3n que en la agricultura y la miner\u00eda, por ejemplo, han hecho estos trabajadores venidos a Chile y sin los cuales el pa\u00eds no podr\u00eda estar cosechando y exportando tantas frutas , ni ganar un socio comercial tan poderoso como la comunista China, la que sabemos hincha los bolsillos de empresarios agr\u00edcolas y exportadores de materias primas, que es lo \u00fanico que pr\u00e1cticamente producimos desde que los \u201cgenios de la econom\u00eda neoliberal\u201d descubrieron que era m\u00e1s f\u00e1cil y m\u00e1s rentable dedicarse a los llamados\u00a0comodities\u00a0y abandonar la industrializaci\u00f3n y la autarqu\u00eda que avanzaban con br\u00edos.<\/p>\n<p>Qu\u00e9 duda cabe que el enfrentamiento de pobres contra pobres es provocado por las ideas imperantes en La Moneda y el Parlamento. Por los que buscan perpetuar la Constituci\u00f3n de 1980, un sistema previsional cuatrero y la m\u00e1s horrenda concentraci\u00f3n de la riqueza en Chile. Ciertamente, no son los grandes beneficiados del sistema los que salen a agredir a los emigrantes. Ellos ya probaron que les pueden ser muy \u00fatiles a sus intereses, porque trabajan mucho y hay que pagarles lo m\u00ednimo.<\/p>\n<p>Los agresores de Iquique pertenecen m\u00e1s bien a la poblaci\u00f3n m\u00e1s ignorante, vulnerable e incauta de pa\u00eds. La que todav\u00eda cree en las ilusiones sembradas por las AFP, las isapres, los pol\u00edticos de las dos derechas que se han estado turnando en el poder despu\u00e9s del Dictador.<\/p>\n<p>\u00a1Vaya qu\u00e9 buen negocio para los due\u00f1os de Chile que surjan las desavenencias entre nuestros pueblos y estados!\u00a0 Y a prop\u00f3sito, cu\u00e1nta falta les har\u00eda a nuestros corruptos uniformados la posibilidad de un conflicto que les redit\u00fae m\u00e1s armas y charreteras, cuando saben que no son los militares, sino el pueblo armado, el que aporta pr\u00e1cticamente todos los muertos en los campos de batalla. Ahora que se hace muy dif\u00edcil otra guerra de las Fuerzas Armadas contra su propio pueblo, como las que se hicieron con la llamada Pacificaci\u00f3n de la Araucan\u00eda o en la represi\u00f3n brutal pos golpe de 1973.<\/p>\n<p>Sin embargo, la acogida que nos brind\u00f3 generosamente el mundo no ha podido ser borrada de nuestra conciencia nacional, por lo que los provocadores iquique\u00f1os solo son apenas un pu\u00f1ado. Pero v\u00edctimas, tambi\u00e9n, del racismo tan adherido a la ideolog\u00eda oficial en un pa\u00eds que todav\u00eda no se convence de que somos tal como los otros. Por lo que nuestro porvenir tanto depende de la conciencia y unidad de los pueblos afligidos por el hambre, las enfermedades y la escandalosa desigualdad.<\/p>\n<p>&nbsp;<\/p>\n","protected":false},"excerpt":{"rendered":"<p>Muy complacidos deben sentirse los promotores del consumismo y del individualismo con las confrontaciones entre los pobres que viven en Chile o llegan del extranjero. Cuando estos abandonan sus lazos de hermandad y desestiman aquellas convicciones que los llevaron a&hellip;<\/p>\n","protected":false},"author":1739,"featured_media":1443810,"comment_status":"closed","ping_status":"closed","sticky":false,"template":"","format":"standard","meta":{"footnotes":""},"categories":[11389,54574,161,67],"tags":[29,1812],"class_list":["post-1443809","post","type-post","status-publish","format-standard","has-post-thumbnail","hentry","category-contenido-original","category-migrantes-es","category-opiniones","category-sudamerica","tag-chile","tag-inmigrantes"],"yoast_head":"<!-- This site is optimized with the Yoast SEO plugin v27.1.1 - https:\/\/yoast.com\/product\/yoast-seo-wordpress\/ -->\n<title>Pobres contra pobres<\/title>\n<meta name=\"description\" content=\"Muy complacidos deben sentirse los promotores del consumismo y del individualismo con las confrontaciones entre los pobres que viven en Chile o llegan del\" \/>\n<meta name=\"robots\" content=\"index, follow, max-snippet:-1, max-image-preview:large, max-video-preview:-1\" \/>\n<link rel=\"canonical\" href=\"https:\/\/www.pressenza.com\/es\/2021\/10\/pobres-contra-pobres\/\" \/>\n<meta property=\"og:locale\" content=\"es_ES\" \/>\n<meta property=\"og:type\" content=\"article\" \/>\n<meta property=\"og:title\" content=\"Pobres contra pobres\" \/>\n<meta property=\"og:description\" content=\"Muy complacidos deben sentirse los promotores del consumismo y del individualismo con las confrontaciones entre los pobres que viven en Chile o llegan del\" \/>\n<meta property=\"og:url\" content=\"https:\/\/www.pressenza.com\/es\/2021\/10\/pobres-contra-pobres\/\" \/>\n<meta property=\"og:site_name\" content=\"Pressenza\" \/>\n<meta property=\"article:publisher\" content=\"https:\/\/www.facebook.com\/PressenzaItalia\" \/>\n<meta property=\"article:published_time\" content=\"2021-10-04T23:47:56+00:00\" \/>\n<meta property=\"article:modified_time\" content=\"2021-10-05T00:08:45+00:00\" \/>\n<meta property=\"og:image\" content=\"https:\/\/www.pressenza.com\/wp-content\/uploads\/2021\/10\/Iquique-1-edited.jpeg\" \/>\n\t<meta property=\"og:image:width\" content=\"700\" \/>\n\t<meta property=\"og:image:height\" content=\"469\" \/>\n\t<meta property=\"og:image:type\" content=\"image\/jpeg\" \/>\n<meta name=\"author\" content=\"Juan Pablo C\u00e1rdenas\" \/>\n<meta name=\"twitter:card\" content=\"summary_large_image\" \/>\n<meta name=\"twitter:creator\" content=\"@PressenzaIPA\" \/>\n<meta name=\"twitter:site\" content=\"@PressenzaIPA\" \/>\n<meta name=\"twitter:label1\" content=\"Escrito por\" \/>\n\t<meta name=\"twitter:data1\" content=\"Juan Pablo C\u00e1rdenas\" \/>\n\t<meta name=\"twitter:label2\" content=\"Tiempo de lectura\" \/>\n\t<meta name=\"twitter:data2\" content=\"7 minutos\" \/>\n<script type=\"application\/ld+json\" class=\"yoast-schema-graph\">{\"@context\":\"https:\/\/schema.org\",\"@graph\":[{\"@type\":\"Article\",\"@id\":\"https:\/\/www.pressenza.com\/es\/2021\/10\/pobres-contra-pobres\/#article\",\"isPartOf\":{\"@id\":\"https:\/\/www.pressenza.com\/es\/2021\/10\/pobres-contra-pobres\/\"},\"author\":{\"name\":\"Juan Pablo C\u00e1rdenas\",\"@id\":\"https:\/\/www.pressenza.com\/es\/#\/schema\/person\/d72a7c8c014dcbfa2ef9e9976103ea0d\"},\"headline\":\"Pobres contra pobres\",\"datePublished\":\"2021-10-04T23:47:56+00:00\",\"dateModified\":\"2021-10-05T00:08:45+00:00\",\"mainEntityOfPage\":{\"@id\":\"https:\/\/www.pressenza.com\/es\/2021\/10\/pobres-contra-pobres\/\"},\"wordCount\":1428,\"publisher\":{\"@id\":\"https:\/\/www.pressenza.com\/es\/#organization\"},\"image\":{\"@id\":\"https:\/\/www.pressenza.com\/es\/2021\/10\/pobres-contra-pobres\/#primaryimage\"},\"thumbnailUrl\":\"https:\/\/www.pressenza.com\/wp-content\/uploads\/2021\/10\/Iquique-1-edited.jpeg\",\"keywords\":[\"Chile\",\"inmigrantes\"],\"articleSection\":[\"Contenido Original\",\"Migrantes\",\"Opiniones\",\"Sudam\u00e9rica\"],\"inLanguage\":\"es\"},{\"@type\":\"WebPage\",\"@id\":\"https:\/\/www.pressenza.com\/es\/2021\/10\/pobres-contra-pobres\/\",\"url\":\"https:\/\/www.pressenza.com\/es\/2021\/10\/pobres-contra-pobres\/\",\"name\":\"Pobres contra pobres\",\"isPartOf\":{\"@id\":\"https:\/\/www.pressenza.com\/es\/#website\"},\"primaryImageOfPage\":{\"@id\":\"https:\/\/www.pressenza.com\/es\/2021\/10\/pobres-contra-pobres\/#primaryimage\"},\"image\":{\"@id\":\"https:\/\/www.pressenza.com\/es\/2021\/10\/pobres-contra-pobres\/#primaryimage\"},\"thumbnailUrl\":\"https:\/\/www.pressenza.com\/wp-content\/uploads\/2021\/10\/Iquique-1-edited.jpeg\",\"datePublished\":\"2021-10-04T23:47:56+00:00\",\"dateModified\":\"2021-10-05T00:08:45+00:00\",\"description\":\"Muy complacidos deben sentirse los promotores del consumismo y del individualismo con las confrontaciones entre los pobres que viven en Chile o llegan del\",\"breadcrumb\":{\"@id\":\"https:\/\/www.pressenza.com\/es\/2021\/10\/pobres-contra-pobres\/#breadcrumb\"},\"inLanguage\":\"es\",\"potentialAction\":[{\"@type\":\"ReadAction\",\"target\":[\"https:\/\/www.pressenza.com\/es\/2021\/10\/pobres-contra-pobres\/\"]}]},{\"@type\":\"ImageObject\",\"inLanguage\":\"es\",\"@id\":\"https:\/\/www.pressenza.com\/es\/2021\/10\/pobres-contra-pobres\/#primaryimage\",\"url\":\"https:\/\/www.pressenza.com\/wp-content\/uploads\/2021\/10\/Iquique-1-edited.jpeg\",\"contentUrl\":\"https:\/\/www.pressenza.com\/wp-content\/uploads\/2021\/10\/Iquique-1-edited.jpeg\",\"width\":700,\"height\":469,\"caption\":\"juanpablocardenas.cl\"},{\"@type\":\"BreadcrumbList\",\"@id\":\"https:\/\/www.pressenza.com\/es\/2021\/10\/pobres-contra-pobres\/#breadcrumb\",\"itemListElement\":[{\"@type\":\"ListItem\",\"position\":1,\"name\":\"Accueil\",\"item\":\"https:\/\/www.pressenza.com\/es\/\"},{\"@type\":\"ListItem\",\"position\":2,\"name\":\"Pobres contra pobres\"}]},{\"@type\":\"WebSite\",\"@id\":\"https:\/\/www.pressenza.com\/es\/#website\",\"url\":\"https:\/\/www.pressenza.com\/es\/\",\"name\":\"Pressenza\",\"description\":\"International Press Agency\",\"publisher\":{\"@id\":\"https:\/\/www.pressenza.com\/es\/#organization\"},\"potentialAction\":[{\"@type\":\"SearchAction\",\"target\":{\"@type\":\"EntryPoint\",\"urlTemplate\":\"https:\/\/www.pressenza.com\/es\/?s={search_term_string}\"},\"query-input\":{\"@type\":\"PropertyValueSpecification\",\"valueRequired\":true,\"valueName\":\"search_term_string\"}}],\"inLanguage\":\"es\"},{\"@type\":\"Organization\",\"@id\":\"https:\/\/www.pressenza.com\/es\/#organization\",\"name\":\"Pressenza\",\"url\":\"https:\/\/www.pressenza.com\/es\/\",\"logo\":{\"@type\":\"ImageObject\",\"inLanguage\":\"es\",\"@id\":\"https:\/\/www.pressenza.com\/es\/#\/schema\/logo\/image\/\",\"url\":\"https:\/\/www.pressenza.com\/wp-content\/uploads\/2022\/10\/pressenza_logo_200x200.jpg\",\"contentUrl\":\"https:\/\/www.pressenza.com\/wp-content\/uploads\/2022\/10\/pressenza_logo_200x200.jpg\",\"width\":200,\"height\":200,\"caption\":\"Pressenza\"},\"image\":{\"@id\":\"https:\/\/www.pressenza.com\/es\/#\/schema\/logo\/image\/\"},\"sameAs\":[\"https:\/\/www.facebook.com\/PressenzaItalia\",\"https:\/\/x.com\/PressenzaIPA\"]},{\"@type\":\"Person\",\"@id\":\"https:\/\/www.pressenza.com\/es\/#\/schema\/person\/d72a7c8c014dcbfa2ef9e9976103ea0d\",\"name\":\"Juan Pablo C\u00e1rdenas\",\"description\":\"Juan Pablo C\u00e1rdenas Squella es un periodista y profesor universitario de vasta trayectoria. En el 2005 recibi\u00f3 en premio nacional de Periodismo y, antes, la Pluma de Oro de la Libertad, otorgada por la Federaci\u00f3n Mundial de la Prensa. Tambi\u00e9n obtuvo el Premio Latinoamericano de Periodismo, la Houten Camara de Holanda (1989) entre otras m\u00faltiples distinciones nacionales y extranjeras. Forma parte de los sesenta periodistas del mundo considerados H\u00e9roes de la Libertad de Expresi\u00f3n, reconocimiento hecho por la Federaci\u00f3n Internacional de Periodistas. Ha sido director y columnista de las revistas Debate Universitario, An\u00e1lisis y Los Tiempos, as\u00ed como del diario electr\u00f3nico primeral\u00ednea.cl. Tambi\u00e9n fue por m\u00e1s 18 a\u00f1os director de la Radio Universidad de Chile y de su diario digital. Se ha desempe\u00f1ado como profesor de varias escuelas de periodismo de Santiago y Valpara\u00edso y en la Universidad de Chile alcanz\u00f3 el grado de profesor titular y senador universitario.\",\"url\":\"https:\/\/www.pressenza.com\/es\/author\/juan-pablo-cardenas\/\"}]}<\/script>\n<!-- \/ Yoast SEO plugin. -->","yoast_head_json":{"title":"Pobres contra pobres","description":"Muy complacidos deben sentirse los promotores del consumismo y del individualismo con las confrontaciones entre los pobres que viven en Chile o llegan del","robots":{"index":"index","follow":"follow","max-snippet":"max-snippet:-1","max-image-preview":"max-image-preview:large","max-video-preview":"max-video-preview:-1"},"canonical":"https:\/\/www.pressenza.com\/es\/2021\/10\/pobres-contra-pobres\/","og_locale":"es_ES","og_type":"article","og_title":"Pobres contra pobres","og_description":"Muy complacidos deben sentirse los promotores del consumismo y del individualismo con las confrontaciones entre los pobres que viven en Chile o llegan del","og_url":"https:\/\/www.pressenza.com\/es\/2021\/10\/pobres-contra-pobres\/","og_site_name":"Pressenza","article_publisher":"https:\/\/www.facebook.com\/PressenzaItalia","article_published_time":"2021-10-04T23:47:56+00:00","article_modified_time":"2021-10-05T00:08:45+00:00","og_image":[{"width":700,"height":469,"url":"https:\/\/www.pressenza.com\/wp-content\/uploads\/2021\/10\/Iquique-1-edited.jpeg","type":"image\/jpeg"}],"author":"Juan Pablo C\u00e1rdenas","twitter_card":"summary_large_image","twitter_creator":"@PressenzaIPA","twitter_site":"@PressenzaIPA","twitter_misc":{"Escrito por":"Juan Pablo C\u00e1rdenas","Tiempo de lectura":"7 minutos"},"schema":{"@context":"https:\/\/schema.org","@graph":[{"@type":"Article","@id":"https:\/\/www.pressenza.com\/es\/2021\/10\/pobres-contra-pobres\/#article","isPartOf":{"@id":"https:\/\/www.pressenza.com\/es\/2021\/10\/pobres-contra-pobres\/"},"author":{"name":"Juan Pablo C\u00e1rdenas","@id":"https:\/\/www.pressenza.com\/es\/#\/schema\/person\/d72a7c8c014dcbfa2ef9e9976103ea0d"},"headline":"Pobres contra pobres","datePublished":"2021-10-04T23:47:56+00:00","dateModified":"2021-10-05T00:08:45+00:00","mainEntityOfPage":{"@id":"https:\/\/www.pressenza.com\/es\/2021\/10\/pobres-contra-pobres\/"},"wordCount":1428,"publisher":{"@id":"https:\/\/www.pressenza.com\/es\/#organization"},"image":{"@id":"https:\/\/www.pressenza.com\/es\/2021\/10\/pobres-contra-pobres\/#primaryimage"},"thumbnailUrl":"https:\/\/www.pressenza.com\/wp-content\/uploads\/2021\/10\/Iquique-1-edited.jpeg","keywords":["Chile","inmigrantes"],"articleSection":["Contenido Original","Migrantes","Opiniones","Sudam\u00e9rica"],"inLanguage":"es"},{"@type":"WebPage","@id":"https:\/\/www.pressenza.com\/es\/2021\/10\/pobres-contra-pobres\/","url":"https:\/\/www.pressenza.com\/es\/2021\/10\/pobres-contra-pobres\/","name":"Pobres contra pobres","isPartOf":{"@id":"https:\/\/www.pressenza.com\/es\/#website"},"primaryImageOfPage":{"@id":"https:\/\/www.pressenza.com\/es\/2021\/10\/pobres-contra-pobres\/#primaryimage"},"image":{"@id":"https:\/\/www.pressenza.com\/es\/2021\/10\/pobres-contra-pobres\/#primaryimage"},"thumbnailUrl":"https:\/\/www.pressenza.com\/wp-content\/uploads\/2021\/10\/Iquique-1-edited.jpeg","datePublished":"2021-10-04T23:47:56+00:00","dateModified":"2021-10-05T00:08:45+00:00","description":"Muy complacidos deben sentirse los promotores del consumismo y del individualismo con las confrontaciones entre los pobres que viven en Chile o llegan del","breadcrumb":{"@id":"https:\/\/www.pressenza.com\/es\/2021\/10\/pobres-contra-pobres\/#breadcrumb"},"inLanguage":"es","potentialAction":[{"@type":"ReadAction","target":["https:\/\/www.pressenza.com\/es\/2021\/10\/pobres-contra-pobres\/"]}]},{"@type":"ImageObject","inLanguage":"es","@id":"https:\/\/www.pressenza.com\/es\/2021\/10\/pobres-contra-pobres\/#primaryimage","url":"https:\/\/www.pressenza.com\/wp-content\/uploads\/2021\/10\/Iquique-1-edited.jpeg","contentUrl":"https:\/\/www.pressenza.com\/wp-content\/uploads\/2021\/10\/Iquique-1-edited.jpeg","width":700,"height":469,"caption":"juanpablocardenas.cl"},{"@type":"BreadcrumbList","@id":"https:\/\/www.pressenza.com\/es\/2021\/10\/pobres-contra-pobres\/#breadcrumb","itemListElement":[{"@type":"ListItem","position":1,"name":"Accueil","item":"https:\/\/www.pressenza.com\/es\/"},{"@type":"ListItem","position":2,"name":"Pobres contra pobres"}]},{"@type":"WebSite","@id":"https:\/\/www.pressenza.com\/es\/#website","url":"https:\/\/www.pressenza.com\/es\/","name":"Pressenza","description":"International Press Agency","publisher":{"@id":"https:\/\/www.pressenza.com\/es\/#organization"},"potentialAction":[{"@type":"SearchAction","target":{"@type":"EntryPoint","urlTemplate":"https:\/\/www.pressenza.com\/es\/?s={search_term_string}"},"query-input":{"@type":"PropertyValueSpecification","valueRequired":true,"valueName":"search_term_string"}}],"inLanguage":"es"},{"@type":"Organization","@id":"https:\/\/www.pressenza.com\/es\/#organization","name":"Pressenza","url":"https:\/\/www.pressenza.com\/es\/","logo":{"@type":"ImageObject","inLanguage":"es","@id":"https:\/\/www.pressenza.com\/es\/#\/schema\/logo\/image\/","url":"https:\/\/www.pressenza.com\/wp-content\/uploads\/2022\/10\/pressenza_logo_200x200.jpg","contentUrl":"https:\/\/www.pressenza.com\/wp-content\/uploads\/2022\/10\/pressenza_logo_200x200.jpg","width":200,"height":200,"caption":"Pressenza"},"image":{"@id":"https:\/\/www.pressenza.com\/es\/#\/schema\/logo\/image\/"},"sameAs":["https:\/\/www.facebook.com\/PressenzaItalia","https:\/\/x.com\/PressenzaIPA"]},{"@type":"Person","@id":"https:\/\/www.pressenza.com\/es\/#\/schema\/person\/d72a7c8c014dcbfa2ef9e9976103ea0d","name":"Juan Pablo C\u00e1rdenas","description":"Juan Pablo C\u00e1rdenas Squella es un periodista y profesor universitario de vasta trayectoria. En el 2005 recibi\u00f3 en premio nacional de Periodismo y, antes, la Pluma de Oro de la Libertad, otorgada por la Federaci\u00f3n Mundial de la Prensa. Tambi\u00e9n obtuvo el Premio Latinoamericano de Periodismo, la Houten Camara de Holanda (1989) entre otras m\u00faltiples distinciones nacionales y extranjeras. Forma parte de los sesenta periodistas del mundo considerados H\u00e9roes de la Libertad de Expresi\u00f3n, reconocimiento hecho por la Federaci\u00f3n Internacional de Periodistas. Ha sido director y columnista de las revistas Debate Universitario, An\u00e1lisis y Los Tiempos, as\u00ed como del diario electr\u00f3nico primeral\u00ednea.cl. Tambi\u00e9n fue por m\u00e1s 18 a\u00f1os director de la Radio Universidad de Chile y de su diario digital. Se ha desempe\u00f1ado como profesor de varias escuelas de periodismo de Santiago y Valpara\u00edso y en la Universidad de Chile alcanz\u00f3 el grado de profesor titular y senador universitario.","url":"https:\/\/www.pressenza.com\/es\/author\/juan-pablo-cardenas\/"}]}},"place":"Santiago de Chile","original_article_url":"","_links":{"self":[{"href":"https:\/\/www.pressenza.com\/es\/wp-json\/wp\/v2\/posts\/1443809","targetHints":{"allow":["GET"]}}],"collection":[{"href":"https:\/\/www.pressenza.com\/es\/wp-json\/wp\/v2\/posts"}],"about":[{"href":"https:\/\/www.pressenza.com\/es\/wp-json\/wp\/v2\/types\/post"}],"author":[{"embeddable":true,"href":"https:\/\/www.pressenza.com\/es\/wp-json\/wp\/v2\/users\/1739"}],"replies":[{"embeddable":true,"href":"https:\/\/www.pressenza.com\/es\/wp-json\/wp\/v2\/comments?post=1443809"}],"version-history":[{"count":0,"href":"https:\/\/www.pressenza.com\/es\/wp-json\/wp\/v2\/posts\/1443809\/revisions"}],"wp:featuredmedia":[{"embeddable":true,"href":"https:\/\/www.pressenza.com\/es\/wp-json\/wp\/v2\/media\/1443810"}],"wp:attachment":[{"href":"https:\/\/www.pressenza.com\/es\/wp-json\/wp\/v2\/media?parent=1443809"}],"wp:term":[{"taxonomy":"category","embeddable":true,"href":"https:\/\/www.pressenza.com\/es\/wp-json\/wp\/v2\/categories?post=1443809"},{"taxonomy":"post_tag","embeddable":true,"href":"https:\/\/www.pressenza.com\/es\/wp-json\/wp\/v2\/tags?post=1443809"}],"curies":[{"name":"wp","href":"https:\/\/api.w.org\/{rel}","templated":true}]}}