{"id":1443210,"date":"2021-10-04T17:41:56","date_gmt":"2021-10-04T16:41:56","guid":{"rendered":"https:\/\/www.pressenza.com\/?p=1443210"},"modified":"2021-10-04T17:41:56","modified_gmt":"2021-10-04T16:41:56","slug":"espana-celebracion-del-dia-de-la-no-violencia-en-valencia","status":"publish","type":"post","link":"https:\/\/www.pressenza.com\/es\/2021\/10\/espana-celebracion-del-dia-de-la-no-violencia-en-valencia\/","title":{"rendered":"Espa\u00f1a: Celebraci\u00f3n del D\u00eda de la No Violencia en Valencia"},"content":{"rendered":"<div>\n<p>En un d\u00eda soleado y c\u00e1lido, se ha celebrado un a\u00f1o m\u00e1s en Valencia (Espa\u00f1a) el D\u00eda Internacional de la No Violencia.<\/p>\n<\/div>\n<div>\n<p>En la jornada del 2 de octubre, se llevaron a cabo dos actividades. Por la ma\u00f1ana, en la Plaza del Ayuntamiento, mensajeros del Mensaje de Silo, humanistas, representantes de organismos y asociaciones, amigos, etc. se juntaron por dos horas en un acto sencillo, pero emotivo y sentido, en el que intervinieron las asociaciones, organismos y personas participantes, dando testimonios sobre sus denuncias ante situaciones violentas; se ley\u00f3 un \u00a0Manifiesto por la No Violencia para finalizar con un Pedido p\u00fablico alrededor del s\u00edmbolo de la No Violencia que hab\u00eda sido dibujado en el suelo.<\/p>\n<\/div>\n<div>\n<p>En la tarde, y en la salita del Mensaje de Silo, se present\u00f3 la Campa\u00f1a Medita Valencia, <em>\u00abinspirada en las que llevan a cabo amigas y amigos de otras ciudades de todo el mundo. Con entusiasmo lanzamos esta Campa\u00f1a desde el Mensaje de Silo, que tiene como objetivo irradiar y difundir nuestro Mensaje a trav\u00e9s de distintas actividades ya planificadas y otras por planificar, y que a lo largo del tiempo iremos realizando. Son, un intento m\u00e1s, de encontrar formas, que de un modo claro, sencillo y verdadero logremos llegar al coraz\u00f3n de la gente, en el barrio, en la ciudad o donde podamos&#8230; Toda la jornada transcurri\u00f3 suave y con el registro de que continuamos en el intento de poder lograr que nuestro Mensaje se abra a nuestro medio y que pueda &#8216;tocar los corazones necesitados de sentido, afecto y esperanza&#8217;\u201d.<\/em><\/p>\n<\/div>\n<div>\n<p>\u00ab<em>Recibimos, adem\u00e1s, el apoyo de los amigos de Lisboa Medita, de Le\u00f3n, y amigos del Mensaje de Silo de Argentina&#8230; y que agradecemos profundamente\u00bb,\u00a0<\/em>declaraban algunos impulsores de la campa\u00f1a.<\/p>\n<\/div>\n<div>\n<p>El d\u00eda finaliz\u00f3 con una <a href=\"https:\/\/www.elmensajedesilo.net\">Ceremonia de Bienestar.<\/a><\/p>\n<\/div>\n<div>\n<p>Durante los d\u00edas 3 y 4 de octubre preside el balc\u00f3n del Ayuntamiento de Valencia una pancarta con el texto: <strong>La No Violencia es la fuerza que transformar\u00e1 el mundo<\/strong>.<\/p>\n<\/div>\n<div>\n<p>&nbsp;<\/p>\n<\/div>\n","protected":false},"excerpt":{"rendered":"<p>En un d\u00eda soleado y c\u00e1lido, se ha celebrado un a\u00f1o m\u00e1s en Valencia (Espa\u00f1a) el D\u00eda Internacional de la No Violencia. En la jornada del 2 de octubre, se llevaron a cabo dos actividades. Por la ma\u00f1ana, en la&hellip;<\/p>\n","protected":false},"author":1681,"featured_media":1443212,"comment_status":"closed","ping_status":"closed","sticky":false,"template":"","format":"standard","meta":{"footnotes":""},"categories":[11389,1240,1242],"tags":[7046,546,543],"class_list":["post-1443210","post","type-post","status-publish","format-standard","has-post-thumbnail","hentry","category-contenido-original","category-humanismo-espiritualidad","category-noviolencia-tema","tag-dia-internacional-de-la-no-violencia","tag-el-mensaje-de-silo","tag-silo-es"],"yoast_head":"<!-- This site is optimized with the Yoast SEO plugin v27.1.1 - https:\/\/yoast.com\/product\/yoast-seo-wordpress\/ -->\n<title>Espa\u00f1a: Celebraci\u00f3n del D\u00eda de la No Violencia en Valencia<\/title>\n<meta name=\"description\" content=\"En un d\u00eda soleado y c\u00e1lido, se ha celebrado un a\u00f1o m\u00e1s en Valencia (Espa\u00f1a) el D\u00eda Internacional de la No Violencia. En la jornada del 2 de octubre, se\" \/>\n<meta name=\"robots\" content=\"index, follow, max-snippet:-1, max-image-preview:large, max-video-preview:-1\" \/>\n<link rel=\"canonical\" href=\"https:\/\/www.pressenza.com\/es\/2021\/10\/espana-celebracion-del-dia-de-la-no-violencia-en-valencia\/\" \/>\n<meta property=\"og:locale\" content=\"es_ES\" \/>\n<meta property=\"og:type\" content=\"article\" \/>\n<meta property=\"og:title\" content=\"Espa\u00f1a: Celebraci\u00f3n del D\u00eda de la No Violencia en Valencia\" \/>\n<meta property=\"og:description\" content=\"En un d\u00eda soleado y c\u00e1lido, se ha celebrado un a\u00f1o m\u00e1s en Valencia (Espa\u00f1a) el D\u00eda Internacional de la No Violencia. En la jornada del 2 de octubre, se\" \/>\n<meta property=\"og:url\" content=\"https:\/\/www.pressenza.com\/es\/2021\/10\/espana-celebracion-del-dia-de-la-no-violencia-en-valencia\/\" \/>\n<meta property=\"og:site_name\" content=\"Pressenza\" \/>\n<meta property=\"article:publisher\" content=\"https:\/\/www.facebook.com\/PressenzaItalia\" \/>\n<meta property=\"article:published_time\" content=\"2021-10-04T16:41:56+00:00\" \/>\n<meta property=\"og:image\" content=\"https:\/\/www.pressenza.com\/wp-content\/uploads\/2021\/10\/VALENCIA-2-OCTUBRE-.jpg\" \/>\n\t<meta property=\"og:image:width\" content=\"1600\" \/>\n\t<meta property=\"og:image:height\" content=\"901\" \/>\n\t<meta property=\"og:image:type\" content=\"image\/jpeg\" \/>\n<meta name=\"author\" content=\"Redacci\u00f3n Espa\u00f1a\" \/>\n<meta name=\"twitter:card\" content=\"summary_large_image\" \/>\n<meta name=\"twitter:creator\" content=\"@PressenzaIPA\" \/>\n<meta name=\"twitter:site\" content=\"@PressenzaIPA\" \/>\n<meta name=\"twitter:label1\" content=\"Escrito por\" \/>\n\t<meta name=\"twitter:data1\" content=\"Redacci\u00f3n Espa\u00f1a\" \/>\n\t<meta name=\"twitter:label2\" content=\"Tiempo de lectura\" \/>\n\t<meta name=\"twitter:data2\" content=\"2 minutos\" \/>\n<script type=\"application\/ld+json\" class=\"yoast-schema-graph\">{\"@context\":\"https:\/\/schema.org\",\"@graph\":[{\"@type\":\"Article\",\"@id\":\"https:\/\/www.pressenza.com\/es\/2021\/10\/espana-celebracion-del-dia-de-la-no-violencia-en-valencia\/#article\",\"isPartOf\":{\"@id\":\"https:\/\/www.pressenza.com\/es\/2021\/10\/espana-celebracion-del-dia-de-la-no-violencia-en-valencia\/\"},\"author\":{\"name\":\"Redacci\u00f3n Espa\u00f1a\",\"@id\":\"https:\/\/www.pressenza.com\/es\/#\/schema\/person\/fffbbe2f14495897417f313a954dae23\"},\"headline\":\"Espa\u00f1a: Celebraci\u00f3n del D\u00eda de la No Violencia en Valencia\",\"datePublished\":\"2021-10-04T16:41:56+00:00\",\"mainEntityOfPage\":{\"@id\":\"https:\/\/www.pressenza.com\/es\/2021\/10\/espana-celebracion-del-dia-de-la-no-violencia-en-valencia\/\"},\"wordCount\":357,\"publisher\":{\"@id\":\"https:\/\/www.pressenza.com\/es\/#organization\"},\"image\":{\"@id\":\"https:\/\/www.pressenza.com\/es\/2021\/10\/espana-celebracion-del-dia-de-la-no-violencia-en-valencia\/#primaryimage\"},\"thumbnailUrl\":\"https:\/\/www.pressenza.com\/wp-content\/uploads\/2021\/10\/VALENCIA-2-OCTUBRE-.jpg\",\"keywords\":[\"D\u00eda Internacional de la Noviolencia\",\"El Mensaje de Silo\",\"Silo\"],\"articleSection\":[\"Contenido Original\",\"Humanismo y Espiritualidad\",\"Noviolencia\"],\"inLanguage\":\"es\"},{\"@type\":\"WebPage\",\"@id\":\"https:\/\/www.pressenza.com\/es\/2021\/10\/espana-celebracion-del-dia-de-la-no-violencia-en-valencia\/\",\"url\":\"https:\/\/www.pressenza.com\/es\/2021\/10\/espana-celebracion-del-dia-de-la-no-violencia-en-valencia\/\",\"name\":\"Espa\u00f1a: Celebraci\u00f3n del D\u00eda de la No Violencia en Valencia\",\"isPartOf\":{\"@id\":\"https:\/\/www.pressenza.com\/es\/#website\"},\"primaryImageOfPage\":{\"@id\":\"https:\/\/www.pressenza.com\/es\/2021\/10\/espana-celebracion-del-dia-de-la-no-violencia-en-valencia\/#primaryimage\"},\"image\":{\"@id\":\"https:\/\/www.pressenza.com\/es\/2021\/10\/espana-celebracion-del-dia-de-la-no-violencia-en-valencia\/#primaryimage\"},\"thumbnailUrl\":\"https:\/\/www.pressenza.com\/wp-content\/uploads\/2021\/10\/VALENCIA-2-OCTUBRE-.jpg\",\"datePublished\":\"2021-10-04T16:41:56+00:00\",\"description\":\"En un d\u00eda soleado y c\u00e1lido, se ha celebrado un a\u00f1o m\u00e1s en Valencia (Espa\u00f1a) el D\u00eda Internacional de la No Violencia. En la jornada del 2 de octubre, se\",\"breadcrumb\":{\"@id\":\"https:\/\/www.pressenza.com\/es\/2021\/10\/espana-celebracion-del-dia-de-la-no-violencia-en-valencia\/#breadcrumb\"},\"inLanguage\":\"es\",\"potentialAction\":[{\"@type\":\"ReadAction\",\"target\":[\"https:\/\/www.pressenza.com\/es\/2021\/10\/espana-celebracion-del-dia-de-la-no-violencia-en-valencia\/\"]}]},{\"@type\":\"ImageObject\",\"inLanguage\":\"es\",\"@id\":\"https:\/\/www.pressenza.com\/es\/2021\/10\/espana-celebracion-del-dia-de-la-no-violencia-en-valencia\/#primaryimage\",\"url\":\"https:\/\/www.pressenza.com\/wp-content\/uploads\/2021\/10\/VALENCIA-2-OCTUBRE-.jpg\",\"contentUrl\":\"https:\/\/www.pressenza.com\/wp-content\/uploads\/2021\/10\/VALENCIA-2-OCTUBRE-.jpg\",\"width\":1600,\"height\":901},{\"@type\":\"BreadcrumbList\",\"@id\":\"https:\/\/www.pressenza.com\/es\/2021\/10\/espana-celebracion-del-dia-de-la-no-violencia-en-valencia\/#breadcrumb\",\"itemListElement\":[{\"@type\":\"ListItem\",\"position\":1,\"name\":\"Accueil\",\"item\":\"https:\/\/www.pressenza.com\/es\/\"},{\"@type\":\"ListItem\",\"position\":2,\"name\":\"Espa\u00f1a: Celebraci\u00f3n del D\u00eda de la No Violencia en Valencia\"}]},{\"@type\":\"WebSite\",\"@id\":\"https:\/\/www.pressenza.com\/es\/#website\",\"url\":\"https:\/\/www.pressenza.com\/es\/\",\"name\":\"Pressenza\",\"description\":\"International Press Agency\",\"publisher\":{\"@id\":\"https:\/\/www.pressenza.com\/es\/#organization\"},\"potentialAction\":[{\"@type\":\"SearchAction\",\"target\":{\"@type\":\"EntryPoint\",\"urlTemplate\":\"https:\/\/www.pressenza.com\/es\/?s={search_term_string}\"},\"query-input\":{\"@type\":\"PropertyValueSpecification\",\"valueRequired\":true,\"valueName\":\"search_term_string\"}}],\"inLanguage\":\"es\"},{\"@type\":\"Organization\",\"@id\":\"https:\/\/www.pressenza.com\/es\/#organization\",\"name\":\"Pressenza\",\"url\":\"https:\/\/www.pressenza.com\/es\/\",\"logo\":{\"@type\":\"ImageObject\",\"inLanguage\":\"es\",\"@id\":\"https:\/\/www.pressenza.com\/es\/#\/schema\/logo\/image\/\",\"url\":\"https:\/\/www.pressenza.com\/wp-content\/uploads\/2022\/10\/pressenza_logo_200x200.jpg\",\"contentUrl\":\"https:\/\/www.pressenza.com\/wp-content\/uploads\/2022\/10\/pressenza_logo_200x200.jpg\",\"width\":200,\"height\":200,\"caption\":\"Pressenza\"},\"image\":{\"@id\":\"https:\/\/www.pressenza.com\/es\/#\/schema\/logo\/image\/\"},\"sameAs\":[\"https:\/\/www.facebook.com\/PressenzaItalia\",\"https:\/\/x.com\/PressenzaIPA\"]},{\"@type\":\"Person\",\"@id\":\"https:\/\/www.pressenza.com\/es\/#\/schema\/person\/fffbbe2f14495897417f313a954dae23\",\"name\":\"Redacci\u00f3n Espa\u00f1a\",\"url\":\"https:\/\/www.pressenza.com\/es\/author\/redaccion-espana\/\"}]}<\/script>\n<!-- \/ Yoast SEO plugin. -->","yoast_head_json":{"title":"Espa\u00f1a: Celebraci\u00f3n del D\u00eda de la No Violencia en Valencia","description":"En un d\u00eda soleado y c\u00e1lido, se ha celebrado un a\u00f1o m\u00e1s en Valencia (Espa\u00f1a) el D\u00eda Internacional de la No Violencia. En la jornada del 2 de octubre, se","robots":{"index":"index","follow":"follow","max-snippet":"max-snippet:-1","max-image-preview":"max-image-preview:large","max-video-preview":"max-video-preview:-1"},"canonical":"https:\/\/www.pressenza.com\/es\/2021\/10\/espana-celebracion-del-dia-de-la-no-violencia-en-valencia\/","og_locale":"es_ES","og_type":"article","og_title":"Espa\u00f1a: Celebraci\u00f3n del D\u00eda de la No Violencia en Valencia","og_description":"En un d\u00eda soleado y c\u00e1lido, se ha celebrado un a\u00f1o m\u00e1s en Valencia (Espa\u00f1a) el D\u00eda Internacional de la No Violencia. En la jornada del 2 de octubre, se","og_url":"https:\/\/www.pressenza.com\/es\/2021\/10\/espana-celebracion-del-dia-de-la-no-violencia-en-valencia\/","og_site_name":"Pressenza","article_publisher":"https:\/\/www.facebook.com\/PressenzaItalia","article_published_time":"2021-10-04T16:41:56+00:00","og_image":[{"width":1600,"height":901,"url":"https:\/\/www.pressenza.com\/wp-content\/uploads\/2021\/10\/VALENCIA-2-OCTUBRE-.jpg","type":"image\/jpeg"}],"author":"Redacci\u00f3n Espa\u00f1a","twitter_card":"summary_large_image","twitter_creator":"@PressenzaIPA","twitter_site":"@PressenzaIPA","twitter_misc":{"Escrito por":"Redacci\u00f3n Espa\u00f1a","Tiempo de lectura":"2 minutos"},"schema":{"@context":"https:\/\/schema.org","@graph":[{"@type":"Article","@id":"https:\/\/www.pressenza.com\/es\/2021\/10\/espana-celebracion-del-dia-de-la-no-violencia-en-valencia\/#article","isPartOf":{"@id":"https:\/\/www.pressenza.com\/es\/2021\/10\/espana-celebracion-del-dia-de-la-no-violencia-en-valencia\/"},"author":{"name":"Redacci\u00f3n Espa\u00f1a","@id":"https:\/\/www.pressenza.com\/es\/#\/schema\/person\/fffbbe2f14495897417f313a954dae23"},"headline":"Espa\u00f1a: Celebraci\u00f3n del D\u00eda de la No Violencia en Valencia","datePublished":"2021-10-04T16:41:56+00:00","mainEntityOfPage":{"@id":"https:\/\/www.pressenza.com\/es\/2021\/10\/espana-celebracion-del-dia-de-la-no-violencia-en-valencia\/"},"wordCount":357,"publisher":{"@id":"https:\/\/www.pressenza.com\/es\/#organization"},"image":{"@id":"https:\/\/www.pressenza.com\/es\/2021\/10\/espana-celebracion-del-dia-de-la-no-violencia-en-valencia\/#primaryimage"},"thumbnailUrl":"https:\/\/www.pressenza.com\/wp-content\/uploads\/2021\/10\/VALENCIA-2-OCTUBRE-.jpg","keywords":["D\u00eda Internacional de la Noviolencia","El Mensaje de Silo","Silo"],"articleSection":["Contenido Original","Humanismo y Espiritualidad","Noviolencia"],"inLanguage":"es"},{"@type":"WebPage","@id":"https:\/\/www.pressenza.com\/es\/2021\/10\/espana-celebracion-del-dia-de-la-no-violencia-en-valencia\/","url":"https:\/\/www.pressenza.com\/es\/2021\/10\/espana-celebracion-del-dia-de-la-no-violencia-en-valencia\/","name":"Espa\u00f1a: Celebraci\u00f3n del D\u00eda de la No Violencia en Valencia","isPartOf":{"@id":"https:\/\/www.pressenza.com\/es\/#website"},"primaryImageOfPage":{"@id":"https:\/\/www.pressenza.com\/es\/2021\/10\/espana-celebracion-del-dia-de-la-no-violencia-en-valencia\/#primaryimage"},"image":{"@id":"https:\/\/www.pressenza.com\/es\/2021\/10\/espana-celebracion-del-dia-de-la-no-violencia-en-valencia\/#primaryimage"},"thumbnailUrl":"https:\/\/www.pressenza.com\/wp-content\/uploads\/2021\/10\/VALENCIA-2-OCTUBRE-.jpg","datePublished":"2021-10-04T16:41:56+00:00","description":"En un d\u00eda soleado y c\u00e1lido, se ha celebrado un a\u00f1o m\u00e1s en Valencia (Espa\u00f1a) el D\u00eda Internacional de la No Violencia. En la jornada del 2 de octubre, se","breadcrumb":{"@id":"https:\/\/www.pressenza.com\/es\/2021\/10\/espana-celebracion-del-dia-de-la-no-violencia-en-valencia\/#breadcrumb"},"inLanguage":"es","potentialAction":[{"@type":"ReadAction","target":["https:\/\/www.pressenza.com\/es\/2021\/10\/espana-celebracion-del-dia-de-la-no-violencia-en-valencia\/"]}]},{"@type":"ImageObject","inLanguage":"es","@id":"https:\/\/www.pressenza.com\/es\/2021\/10\/espana-celebracion-del-dia-de-la-no-violencia-en-valencia\/#primaryimage","url":"https:\/\/www.pressenza.com\/wp-content\/uploads\/2021\/10\/VALENCIA-2-OCTUBRE-.jpg","contentUrl":"https:\/\/www.pressenza.com\/wp-content\/uploads\/2021\/10\/VALENCIA-2-OCTUBRE-.jpg","width":1600,"height":901},{"@type":"BreadcrumbList","@id":"https:\/\/www.pressenza.com\/es\/2021\/10\/espana-celebracion-del-dia-de-la-no-violencia-en-valencia\/#breadcrumb","itemListElement":[{"@type":"ListItem","position":1,"name":"Accueil","item":"https:\/\/www.pressenza.com\/es\/"},{"@type":"ListItem","position":2,"name":"Espa\u00f1a: Celebraci\u00f3n del D\u00eda de la No Violencia en Valencia"}]},{"@type":"WebSite","@id":"https:\/\/www.pressenza.com\/es\/#website","url":"https:\/\/www.pressenza.com\/es\/","name":"Pressenza","description":"International Press Agency","publisher":{"@id":"https:\/\/www.pressenza.com\/es\/#organization"},"potentialAction":[{"@type":"SearchAction","target":{"@type":"EntryPoint","urlTemplate":"https:\/\/www.pressenza.com\/es\/?s={search_term_string}"},"query-input":{"@type":"PropertyValueSpecification","valueRequired":true,"valueName":"search_term_string"}}],"inLanguage":"es"},{"@type":"Organization","@id":"https:\/\/www.pressenza.com\/es\/#organization","name":"Pressenza","url":"https:\/\/www.pressenza.com\/es\/","logo":{"@type":"ImageObject","inLanguage":"es","@id":"https:\/\/www.pressenza.com\/es\/#\/schema\/logo\/image\/","url":"https:\/\/www.pressenza.com\/wp-content\/uploads\/2022\/10\/pressenza_logo_200x200.jpg","contentUrl":"https:\/\/www.pressenza.com\/wp-content\/uploads\/2022\/10\/pressenza_logo_200x200.jpg","width":200,"height":200,"caption":"Pressenza"},"image":{"@id":"https:\/\/www.pressenza.com\/es\/#\/schema\/logo\/image\/"},"sameAs":["https:\/\/www.facebook.com\/PressenzaItalia","https:\/\/x.com\/PressenzaIPA"]},{"@type":"Person","@id":"https:\/\/www.pressenza.com\/es\/#\/schema\/person\/fffbbe2f14495897417f313a954dae23","name":"Redacci\u00f3n Espa\u00f1a","url":"https:\/\/www.pressenza.com\/es\/author\/redaccion-espana\/"}]}},"place":"Valencia, Espa\u00f1a","original_article_url":"","_links":{"self":[{"href":"https:\/\/www.pressenza.com\/es\/wp-json\/wp\/v2\/posts\/1443210","targetHints":{"allow":["GET"]}}],"collection":[{"href":"https:\/\/www.pressenza.com\/es\/wp-json\/wp\/v2\/posts"}],"about":[{"href":"https:\/\/www.pressenza.com\/es\/wp-json\/wp\/v2\/types\/post"}],"author":[{"embeddable":true,"href":"https:\/\/www.pressenza.com\/es\/wp-json\/wp\/v2\/users\/1681"}],"replies":[{"embeddable":true,"href":"https:\/\/www.pressenza.com\/es\/wp-json\/wp\/v2\/comments?post=1443210"}],"version-history":[{"count":0,"href":"https:\/\/www.pressenza.com\/es\/wp-json\/wp\/v2\/posts\/1443210\/revisions"}],"wp:featuredmedia":[{"embeddable":true,"href":"https:\/\/www.pressenza.com\/es\/wp-json\/wp\/v2\/media\/1443212"}],"wp:attachment":[{"href":"https:\/\/www.pressenza.com\/es\/wp-json\/wp\/v2\/media?parent=1443210"}],"wp:term":[{"taxonomy":"category","embeddable":true,"href":"https:\/\/www.pressenza.com\/es\/wp-json\/wp\/v2\/categories?post=1443210"},{"taxonomy":"post_tag","embeddable":true,"href":"https:\/\/www.pressenza.com\/es\/wp-json\/wp\/v2\/tags?post=1443210"}],"curies":[{"name":"wp","href":"https:\/\/api.w.org\/{rel}","templated":true}]}}