{"id":1442920,"date":"2021-10-03T18:55:40","date_gmt":"2021-10-03T17:55:40","guid":{"rendered":"https:\/\/www.pressenza.com\/?p=1442920"},"modified":"2021-10-03T18:55:40","modified_gmt":"2021-10-03T17:55:40","slug":"imputaron-por-falso-testimonio-a-dos-testigos-clave-para-la-condena-de-milagro-sala","status":"publish","type":"post","link":"https:\/\/www.pressenza.com\/es\/2021\/10\/imputaron-por-falso-testimonio-a-dos-testigos-clave-para-la-condena-de-milagro-sala\/","title":{"rendered":"Imputaron por falso testimonio a dos testigos clave para la condena de Milagro Sala"},"content":{"rendered":"<div class=\"addtoany_share_save_container addtoany_content addtoany_content_top\">\n<div data-a2a-url=\"https:\/\/elsubmarinojujuy.com.ar\/imputaron-por-falso-testimonio-a-dos-testigos-clave-para-la-condena-de-milagro-sala\/\" data-a2a-title=\"Imputaron por falso testimonio a dos testigos clave para la condena de Milagro Sala\u00a0\u00a0\"><em><strong>por El Submarino de Jujuy<\/strong><\/em><\/div>\n<div data-a2a-url=\"https:\/\/elsubmarinojujuy.com.ar\/imputaron-por-falso-testimonio-a-dos-testigos-clave-para-la-condena-de-milagro-sala\/\" data-a2a-title=\"Imputaron por falso testimonio a dos testigos clave para la condena de Milagro Sala\u00a0\u00a0\"><\/div>\n<div class=\"a2a_kit a2a_kit_size_32 addtoany_list\" data-a2a-url=\"https:\/\/elsubmarinojujuy.com.ar\/imputaron-por-falso-testimonio-a-dos-testigos-clave-para-la-condena-de-milagro-sala\/\" data-a2a-title=\"Imputaron por falso testimonio a dos testigos clave para la condena de Milagro Sala\u00a0\u00a0\">Los dos testigos considerados clave para la condena de Milagro Sala en la causa conocida como \u00abde los huevazos\u00bb fueron imputados por falso testimonio, a instancias del fiscal la C\u00e1mara federal de Casaci\u00f3n, Javier de Luca.<\/div>\n<\/div>\n<p>Se trata de Ren\u00e9 Orlando Arellano y Cristina Noem\u00ed Chauque, quienes testimoniaron en el juicio oral y p\u00fablico que se llev\u00f3 adelante en 2016, en el que fueron acusados Milagro Sala, Gustavo Salvatierra y Graciela L\u00f3pez por el escrache en 2009 contra el entonces senador Gerardo Morales en el que manifestantes le tiraron huevos.<\/p>\n<p>\u00abArellano y Chauque fueron imputados por falso testimonio esta semana porque las pruebas del expediente revelan que mintieron en un juicio oral y p\u00fablico, lo cual tiene una gravedad inusitada\u00bb, se\u00f1al\u00f3 Luis Paz, abogado que integra el equipo de defensa de Sala y que en ese proceso judicial represent\u00f3 a Graciela L\u00f3pez.<\/p>\n<p>En di\u00e1logo con el programa\u00a0<strong>D\u00eda 6 (FM Conectar 91.5),<\/strong>\u00a0Paz repas\u00f3: \u00abEsa causa ten\u00eda una serie de testigos que han ido participando en la etapa de investigaci\u00f3n y despu\u00e9s en el juicio, testigos que tanto Milagro como los defensores y defensoras hab\u00edamos dicho que hab\u00edan sido comprados por el gobierno provincial, por el entonces senador Gerardo Morales, luego gobernador de la provincia\u00bb.<\/p>\n<p>En efecto, en medio de las audiencias del juicio oral y p\u00fablico, dijeron ante el Tribunal que Sala hab\u00eda instigado la protesta contra Morales. Las abogadas de la dirigente social en ese proceso, Elizabeth G\u00f3mez Alcorta y Paula \u00c1lvarez Carreras, presentaron documentaci\u00f3n que demostraba que Arellano era empleado de la Gobernaci\u00f3n. \u00abSin embargo, esta situaci\u00f3n no tuvo relevancia para el fiscal del juicio y mucho menos para los jueces\u00bb, remarc\u00f3 Paz.<\/p>\n<p>De todos modos, la denuncia qued\u00f3 presentada. El expediente fue a la C\u00e1mara de Casaci\u00f3n Federal y el fiscal de la Sala IV, Javier de Luca, retom\u00f3 la investigaci\u00f3n. \u00abLa denuncia vino a Jujuy y tuvo impulso reci\u00e9n a partir de este a\u00f1o\u00bb, indic\u00f3 Luis Paz.<\/p>\n<p>\u00abCon las revelaciones que tuvimos en estos d\u00edas,\u00a0Milagro se present\u00f3 como querellante\u00a0 y estamos esperando que el juzgado federal nos d\u00e9 la debida participaci\u00f3n\u00bb, precis\u00f3 Paz, y estim\u00f3 que la pr\u00f3xima semana acceder\u00e1n a las actuaciones.<\/p>\n<p>La denuncia no alcanza solo a Arellano y Chauque. \u00abQueremos colaborar para que esta investigaci\u00f3n tenga otro de camino, porque llegaron al juicio de la mano de Luciano Rivas y de Normando \u00c1lvarez Garc\u00eda\u00bb, afirm\u00f3 el letrado, en referencia al abogado de Morales al momento del juicio y al actual ministro de Trabajo y Empleo de la provincia, embajador argentino en Bolivia cuando se cometi\u00f3 el golpe de Estado contra Evo Morales.<\/p>\n<p>\u00abEn ese juicio se cometieron delitos y esos delitos fueron cometidos por dos personas, pero esas personas fueron instigadas a cometer esos delitos -ampli\u00f3 Paz-. Vamos a investigar qui\u00e9nes fueron los instigadores. Seguramente tanto Rivas como \u00c1lvarez Garc\u00eda han tenido alguna participaci\u00f3n, pero debe haber m\u00e1s instigadores en este sentido. Hay muchas casualidades\u00bb.<\/p>\n<p>&nbsp;<\/p>\n<p><em>&#8211; \u00bfQu\u00e9 consecuencias puede tener esta novedad en la causa original?\u00a0<\/em><\/p>\n<p>-Ese proceso ya ha concluido y la condena a Milagro ha sido anulada. Esto va por carriles paralelos.<\/p>\n<p><em>-La \u00faltima imputaci\u00f3n contra Milagro Sala fue por los hechos en el barrio Campo Verde. Apareci\u00f3 un supuesto testigo diciendo que Milagro le hab\u00eda pagado para que llevara adelante las protestas y ella se present\u00f3 en la justicia para declarar que no conoc\u00eda a ese hombre. \u00bfSe repite un patr\u00f3n?\u00a0<\/em><\/p>\n<p>-Hay un patr\u00f3n de persecuci\u00f3n y hay un patr\u00f3n de armado de causas. Pero tenemos que advertir que este patr\u00f3n se ha trasladado tambi\u00e9n a otros sectores de la sociedad juje\u00f1a. Recientemente fue denunciada una lista opositora en el Partido Justicialista. \u00bfY qu\u00e9 utilizan? Una denuncia penal de una ignota persona. Lo grave es que nuestra democracia se est\u00e1 deteriorando diariamente por la mercantilizaci\u00f3n de la pol\u00edtica. Act\u00faan sectores y factores en la pol\u00edtica juje\u00f1a que con el bolsillo largo compran voluntades y denunciantes. Ha desaparecido la discusi\u00f3n pol\u00edtica en el \u00e1mbito de la provincia de Jujuy. Y hay claramente dos responsables: en esta tarea se embarc\u00f3 Gerardo Morales en 2016 y la sigue claramente Rub\u00e9n Rivarola.<\/p>\n<p><em>-Se conoci\u00f3 este s\u00e1bado un comunicado de presos y presas pol\u00edticas en el que advierten sobre el deterioro de la salud de Milagro Sala. \u00bfCu\u00e1l es su reflexi\u00f3n?\u00a0<\/em><\/p>\n<p>-El comunicado de las compa\u00f1eras y compa\u00f1eros presos pol\u00edticos Jujuy se enmarca en esta tremenda persecuci\u00f3n y hostigamiento que vive diariamente Milagro, que es la cara visible de los presos pol\u00edticos de Argentina. Los compa\u00f1eros han dicho \u2018basta\u2019, como Milagro dijo \u2018basta\u2019 en la nota con Juan Grabois. Entre esos compa\u00f1eros est\u00e1 Mar\u00eda Graciela L\u00f3pez; Javier Nieva; Mar\u00eda y Adriana Condor\u00ed; Patricia Margarita Cabana, \u2018Pachila\u2019, Mirtha Guerrero; Iv\u00e1n Altamirano y Miguel Sivila. Son compa\u00f1eras\/os que ya han cumplido los dos tercios de la condena y sin embargo el Poder Judicial de Jujuy las sigue teniendo detenidas\/os. Estos compa\u00f1eros ya han pagado. No s\u00e9 si se entiende. Eso tambi\u00e9n se enmarca en toda esta situaci\u00f3n de angustia, de deterioro f\u00edsico que tiene Milagro.<\/p>\n<p><em>-Junto a otros colegas, usted present\u00f3\u00a0<\/em><a href=\"https:\/\/elsubmarinojujuy.com.ar\/el-tribunal-federal-de-jujuy-fue-denunciado-ante-el-consejo-de-la-magistratura\/\" target=\"_blank\" rel=\"noopener\">una denuncia<\/a>\u00a0<em>ante el Consejo de la Magistratura contra los integrantes actuales del Tribunal Oral Federal 1 de Jujuy. \u00bfEn qu\u00e9 situaci\u00f3n est\u00e1 ese tr\u00e1mite?\u00a0\u00a0<\/em><\/p>\n<p>-Ese expediente se est\u00e1 tramitando en el \u00e1mbito del Consejo de la Magistratura, que le requiri\u00f3 hace poco al TOF de Jujuy que manden los originales del expediente. Ya hay un consejero que est\u00e1 a cargo de la investigaci\u00f3n y tiene movimiento.\u00a0Pero la verdad, darle un coto a esta situaci\u00f3n tiene que ver con la movilizaci\u00f3n social. Ya pas\u00f3 la pandemia, que nos atraves\u00f3 a todos. La reforma judicial que esgrim\u00eda o que ped\u00eda el presidente, no va a ser posible porque se necesita fuerza pol\u00edtica, seg\u00fan el presidente. Pero yo recuerdo que en el 2003 asumi\u00f3 la presidencia N\u00e9stor Kirchner con el 22 por ciento del voto popular y reform\u00f3 la Corte Suprema.\u00a0Claramente, no podemos seguir esperando la voluntad de los representantes pol\u00edticos.\u00a0Los sindicatos, las organizaciones sociales, la sociedad en su conjunto tiene que decirle basta a esta situaci\u00f3n. Los salarios en Argentina y particularmente en Jujuy est\u00e1n depreciados. Un aumento del 12 por ciento para los estatales en la provincia es vergonzoso. Hay que salir a la calle.\u00a0Si no lo van a hacer los pol\u00edticos, lo haremos en la calle nosotros.\u00a0La demostraci\u00f3n de las organizaciones sociales en Jujuy m\u00e1s el camino de la unidad con el movimiento obrero de Jujuy es la respuesta que merecemos los juje\u00f1os.<\/p>\n<p>&nbsp;<\/p>\n","protected":false},"excerpt":{"rendered":"<p>por El Submarino de Jujuy Los dos testigos considerados clave para la condena de Milagro Sala en la causa conocida como \u00abde los huevazos\u00bb fueron imputados por falso testimonio, a instancias del fiscal la C\u00e1mara federal de Casaci\u00f3n, Javier de&hellip;<\/p>\n","protected":false},"author":87,"featured_media":847281,"comment_status":"closed","ping_status":"closed","sticky":false,"template":"","format":"standard","meta":{"footnotes":""},"categories":[79,74,80,67],"tags":[26,19264,7399,52859,28506,1266,3411,1096],"class_list":["post-1442920","post","type-post","status-publish","format-standard","has-post-thumbnail","hentry","category-derechos-humanos","category-politica-es","category-pueblos-originarios","category-sudamerica","tag-argentina","tag-gerardo-morales","tag-jujuy","tag-libertad-a-los-presos-politicos","tag-libertad-a-milagro-sala","tag-milagro-sala","tag-presos-politicos","tag-tupac-amaru"],"yoast_head":"<!-- This site is optimized with the Yoast SEO plugin v27.1.1 - https:\/\/yoast.com\/product\/yoast-seo-wordpress\/ -->\n<title>Imputaron por falso testimonio a dos testigos clave para la condena de Milagro Sala<\/title>\n<meta name=\"description\" content=\"por El Submarino de Jujuy Los dos testigos considerados clave para la condena de Milagro Sala en la causa conocida como \u00abde los huevazos\u00bb fueron imputados\" \/>\n<meta name=\"robots\" content=\"index, follow, max-snippet:-1, max-image-preview:large, max-video-preview:-1\" \/>\n<link rel=\"canonical\" href=\"https:\/\/www.pressenza.com\/es\/2021\/10\/imputaron-por-falso-testimonio-a-dos-testigos-clave-para-la-condena-de-milagro-sala\/\" \/>\n<meta property=\"og:locale\" content=\"es_ES\" \/>\n<meta property=\"og:type\" content=\"article\" \/>\n<meta property=\"og:title\" content=\"Imputaron por falso testimonio a dos testigos clave para la condena de Milagro Sala\" \/>\n<meta property=\"og:description\" content=\"por El Submarino de Jujuy Los dos testigos considerados clave para la condena de Milagro Sala en la causa conocida como \u00abde los huevazos\u00bb fueron imputados\" \/>\n<meta property=\"og:url\" content=\"https:\/\/www.pressenza.com\/es\/2021\/10\/imputaron-por-falso-testimonio-a-dos-testigos-clave-para-la-condena-de-milagro-sala\/\" \/>\n<meta property=\"og:site_name\" content=\"Pressenza\" \/>\n<meta property=\"article:publisher\" content=\"https:\/\/www.facebook.com\/PressenzaItalia\" \/>\n<meta property=\"article:published_time\" content=\"2021-10-03T17:55:40+00:00\" \/>\n<meta property=\"og:image\" content=\"https:\/\/www.pressenza.com\/wp-content\/uploads\/2019\/04\/MilagroSala-paco-urondo.jpg\" \/>\n\t<meta property=\"og:image:width\" content=\"800\" \/>\n\t<meta property=\"og:image:height\" content=\"500\" \/>\n\t<meta property=\"og:image:type\" content=\"image\/jpeg\" \/>\n<meta name=\"author\" content=\"Redacci\u00f3n Argentina\" \/>\n<meta name=\"twitter:card\" content=\"summary_large_image\" \/>\n<meta name=\"twitter:creator\" content=\"@pressenza\" \/>\n<meta name=\"twitter:site\" content=\"@PressenzaIPA\" \/>\n<meta name=\"twitter:label1\" content=\"Escrito por\" \/>\n\t<meta name=\"twitter:data1\" content=\"Redacci\u00f3n Argentina\" \/>\n\t<meta name=\"twitter:label2\" content=\"Tiempo de lectura\" \/>\n\t<meta name=\"twitter:data2\" content=\"6 minutos\" \/>\n<script type=\"application\/ld+json\" class=\"yoast-schema-graph\">{\"@context\":\"https:\/\/schema.org\",\"@graph\":[{\"@type\":\"Article\",\"@id\":\"https:\/\/www.pressenza.com\/es\/2021\/10\/imputaron-por-falso-testimonio-a-dos-testigos-clave-para-la-condena-de-milagro-sala\/#article\",\"isPartOf\":{\"@id\":\"https:\/\/www.pressenza.com\/es\/2021\/10\/imputaron-por-falso-testimonio-a-dos-testigos-clave-para-la-condena-de-milagro-sala\/\"},\"author\":{\"name\":\"Redacci\u00f3n Argentina\",\"@id\":\"https:\/\/www.pressenza.com\/es\/#\/schema\/person\/0dda7d1b68267ad95b1e1d83abc98c89\"},\"headline\":\"Imputaron por falso testimonio a dos testigos clave para la condena de Milagro Sala\",\"datePublished\":\"2021-10-03T17:55:40+00:00\",\"mainEntityOfPage\":{\"@id\":\"https:\/\/www.pressenza.com\/es\/2021\/10\/imputaron-por-falso-testimonio-a-dos-testigos-clave-para-la-condena-de-milagro-sala\/\"},\"wordCount\":1179,\"publisher\":{\"@id\":\"https:\/\/www.pressenza.com\/es\/#organization\"},\"image\":{\"@id\":\"https:\/\/www.pressenza.com\/es\/2021\/10\/imputaron-por-falso-testimonio-a-dos-testigos-clave-para-la-condena-de-milagro-sala\/#primaryimage\"},\"thumbnailUrl\":\"https:\/\/www.pressenza.com\/wp-content\/uploads\/2019\/04\/MilagroSala-paco-urondo.jpg\",\"keywords\":[\"Argentina\",\"Gerardo Morales\",\"Jujuy\",\"libertad a los presos pol\u00edticos\",\"Libertad a Milagro Sala\",\"Milagro Sala\",\"presos pol\u00edticos\",\"Tupac Amaru\"],\"articleSection\":[\"Derechos Humanos\",\"Pol\u00edtica\",\"Pueblos Originarios\",\"Sudam\u00e9rica\"],\"inLanguage\":\"es\"},{\"@type\":\"WebPage\",\"@id\":\"https:\/\/www.pressenza.com\/es\/2021\/10\/imputaron-por-falso-testimonio-a-dos-testigos-clave-para-la-condena-de-milagro-sala\/\",\"url\":\"https:\/\/www.pressenza.com\/es\/2021\/10\/imputaron-por-falso-testimonio-a-dos-testigos-clave-para-la-condena-de-milagro-sala\/\",\"name\":\"Imputaron por falso testimonio a dos testigos clave para la condena de Milagro Sala\",\"isPartOf\":{\"@id\":\"https:\/\/www.pressenza.com\/es\/#website\"},\"primaryImageOfPage\":{\"@id\":\"https:\/\/www.pressenza.com\/es\/2021\/10\/imputaron-por-falso-testimonio-a-dos-testigos-clave-para-la-condena-de-milagro-sala\/#primaryimage\"},\"image\":{\"@id\":\"https:\/\/www.pressenza.com\/es\/2021\/10\/imputaron-por-falso-testimonio-a-dos-testigos-clave-para-la-condena-de-milagro-sala\/#primaryimage\"},\"thumbnailUrl\":\"https:\/\/www.pressenza.com\/wp-content\/uploads\/2019\/04\/MilagroSala-paco-urondo.jpg\",\"datePublished\":\"2021-10-03T17:55:40+00:00\",\"description\":\"por El Submarino de Jujuy Los dos testigos considerados clave para la condena de Milagro Sala en la causa conocida como \u00abde los huevazos\u00bb fueron imputados\",\"breadcrumb\":{\"@id\":\"https:\/\/www.pressenza.com\/es\/2021\/10\/imputaron-por-falso-testimonio-a-dos-testigos-clave-para-la-condena-de-milagro-sala\/#breadcrumb\"},\"inLanguage\":\"es\",\"potentialAction\":[{\"@type\":\"ReadAction\",\"target\":[\"https:\/\/www.pressenza.com\/es\/2021\/10\/imputaron-por-falso-testimonio-a-dos-testigos-clave-para-la-condena-de-milagro-sala\/\"]}]},{\"@type\":\"ImageObject\",\"inLanguage\":\"es\",\"@id\":\"https:\/\/www.pressenza.com\/es\/2021\/10\/imputaron-por-falso-testimonio-a-dos-testigos-clave-para-la-condena-de-milagro-sala\/#primaryimage\",\"url\":\"https:\/\/www.pressenza.com\/wp-content\/uploads\/2019\/04\/MilagroSala-paco-urondo.jpg\",\"contentUrl\":\"https:\/\/www.pressenza.com\/wp-content\/uploads\/2019\/04\/MilagroSala-paco-urondo.jpg\",\"width\":800,\"height\":500,\"caption\":\"Argentinien: die politische und gerichtliche Verfolgung von Milagro Sala und Mitgliedern von Tupac Amaru reisst nicht ab\"},{\"@type\":\"BreadcrumbList\",\"@id\":\"https:\/\/www.pressenza.com\/es\/2021\/10\/imputaron-por-falso-testimonio-a-dos-testigos-clave-para-la-condena-de-milagro-sala\/#breadcrumb\",\"itemListElement\":[{\"@type\":\"ListItem\",\"position\":1,\"name\":\"Accueil\",\"item\":\"https:\/\/www.pressenza.com\/es\/\"},{\"@type\":\"ListItem\",\"position\":2,\"name\":\"Imputaron por falso testimonio a dos testigos clave para la condena de Milagro Sala\"}]},{\"@type\":\"WebSite\",\"@id\":\"https:\/\/www.pressenza.com\/es\/#website\",\"url\":\"https:\/\/www.pressenza.com\/es\/\",\"name\":\"Pressenza\",\"description\":\"International Press Agency\",\"publisher\":{\"@id\":\"https:\/\/www.pressenza.com\/es\/#organization\"},\"potentialAction\":[{\"@type\":\"SearchAction\",\"target\":{\"@type\":\"EntryPoint\",\"urlTemplate\":\"https:\/\/www.pressenza.com\/es\/?s={search_term_string}\"},\"query-input\":{\"@type\":\"PropertyValueSpecification\",\"valueRequired\":true,\"valueName\":\"search_term_string\"}}],\"inLanguage\":\"es\"},{\"@type\":\"Organization\",\"@id\":\"https:\/\/www.pressenza.com\/es\/#organization\",\"name\":\"Pressenza\",\"url\":\"https:\/\/www.pressenza.com\/es\/\",\"logo\":{\"@type\":\"ImageObject\",\"inLanguage\":\"es\",\"@id\":\"https:\/\/www.pressenza.com\/es\/#\/schema\/logo\/image\/\",\"url\":\"https:\/\/www.pressenza.com\/wp-content\/uploads\/2022\/10\/pressenza_logo_200x200.jpg\",\"contentUrl\":\"https:\/\/www.pressenza.com\/wp-content\/uploads\/2022\/10\/pressenza_logo_200x200.jpg\",\"width\":200,\"height\":200,\"caption\":\"Pressenza\"},\"image\":{\"@id\":\"https:\/\/www.pressenza.com\/es\/#\/schema\/logo\/image\/\"},\"sameAs\":[\"https:\/\/www.facebook.com\/PressenzaItalia\",\"https:\/\/x.com\/PressenzaIPA\"]},{\"@type\":\"Person\",\"@id\":\"https:\/\/www.pressenza.com\/es\/#\/schema\/person\/0dda7d1b68267ad95b1e1d83abc98c89\",\"name\":\"Redacci\u00f3n Argentina\",\"description\":\"News from the Pressenza Bureau in Argentina.\",\"sameAs\":[\"https:\/\/x.com\/pressenza\"],\"url\":\"https:\/\/www.pressenza.com\/es\/author\/redaccion-argentina\/\"}]}<\/script>\n<!-- \/ Yoast SEO plugin. -->","yoast_head_json":{"title":"Imputaron por falso testimonio a dos testigos clave para la condena de Milagro Sala","description":"por El Submarino de Jujuy Los dos testigos considerados clave para la condena de Milagro Sala en la causa conocida como \u00abde los huevazos\u00bb fueron imputados","robots":{"index":"index","follow":"follow","max-snippet":"max-snippet:-1","max-image-preview":"max-image-preview:large","max-video-preview":"max-video-preview:-1"},"canonical":"https:\/\/www.pressenza.com\/es\/2021\/10\/imputaron-por-falso-testimonio-a-dos-testigos-clave-para-la-condena-de-milagro-sala\/","og_locale":"es_ES","og_type":"article","og_title":"Imputaron por falso testimonio a dos testigos clave para la condena de Milagro Sala","og_description":"por El Submarino de Jujuy Los dos testigos considerados clave para la condena de Milagro Sala en la causa conocida como \u00abde los huevazos\u00bb fueron imputados","og_url":"https:\/\/www.pressenza.com\/es\/2021\/10\/imputaron-por-falso-testimonio-a-dos-testigos-clave-para-la-condena-de-milagro-sala\/","og_site_name":"Pressenza","article_publisher":"https:\/\/www.facebook.com\/PressenzaItalia","article_published_time":"2021-10-03T17:55:40+00:00","og_image":[{"width":800,"height":500,"url":"https:\/\/www.pressenza.com\/wp-content\/uploads\/2019\/04\/MilagroSala-paco-urondo.jpg","type":"image\/jpeg"}],"author":"Redacci\u00f3n Argentina","twitter_card":"summary_large_image","twitter_creator":"@pressenza","twitter_site":"@PressenzaIPA","twitter_misc":{"Escrito por":"Redacci\u00f3n Argentina","Tiempo de lectura":"6 minutos"},"schema":{"@context":"https:\/\/schema.org","@graph":[{"@type":"Article","@id":"https:\/\/www.pressenza.com\/es\/2021\/10\/imputaron-por-falso-testimonio-a-dos-testigos-clave-para-la-condena-de-milagro-sala\/#article","isPartOf":{"@id":"https:\/\/www.pressenza.com\/es\/2021\/10\/imputaron-por-falso-testimonio-a-dos-testigos-clave-para-la-condena-de-milagro-sala\/"},"author":{"name":"Redacci\u00f3n Argentina","@id":"https:\/\/www.pressenza.com\/es\/#\/schema\/person\/0dda7d1b68267ad95b1e1d83abc98c89"},"headline":"Imputaron por falso testimonio a dos testigos clave para la condena de Milagro Sala","datePublished":"2021-10-03T17:55:40+00:00","mainEntityOfPage":{"@id":"https:\/\/www.pressenza.com\/es\/2021\/10\/imputaron-por-falso-testimonio-a-dos-testigos-clave-para-la-condena-de-milagro-sala\/"},"wordCount":1179,"publisher":{"@id":"https:\/\/www.pressenza.com\/es\/#organization"},"image":{"@id":"https:\/\/www.pressenza.com\/es\/2021\/10\/imputaron-por-falso-testimonio-a-dos-testigos-clave-para-la-condena-de-milagro-sala\/#primaryimage"},"thumbnailUrl":"https:\/\/www.pressenza.com\/wp-content\/uploads\/2019\/04\/MilagroSala-paco-urondo.jpg","keywords":["Argentina","Gerardo Morales","Jujuy","libertad a los presos pol\u00edticos","Libertad a Milagro Sala","Milagro Sala","presos pol\u00edticos","Tupac Amaru"],"articleSection":["Derechos Humanos","Pol\u00edtica","Pueblos Originarios","Sudam\u00e9rica"],"inLanguage":"es"},{"@type":"WebPage","@id":"https:\/\/www.pressenza.com\/es\/2021\/10\/imputaron-por-falso-testimonio-a-dos-testigos-clave-para-la-condena-de-milagro-sala\/","url":"https:\/\/www.pressenza.com\/es\/2021\/10\/imputaron-por-falso-testimonio-a-dos-testigos-clave-para-la-condena-de-milagro-sala\/","name":"Imputaron por falso testimonio a dos testigos clave para la condena de Milagro Sala","isPartOf":{"@id":"https:\/\/www.pressenza.com\/es\/#website"},"primaryImageOfPage":{"@id":"https:\/\/www.pressenza.com\/es\/2021\/10\/imputaron-por-falso-testimonio-a-dos-testigos-clave-para-la-condena-de-milagro-sala\/#primaryimage"},"image":{"@id":"https:\/\/www.pressenza.com\/es\/2021\/10\/imputaron-por-falso-testimonio-a-dos-testigos-clave-para-la-condena-de-milagro-sala\/#primaryimage"},"thumbnailUrl":"https:\/\/www.pressenza.com\/wp-content\/uploads\/2019\/04\/MilagroSala-paco-urondo.jpg","datePublished":"2021-10-03T17:55:40+00:00","description":"por El Submarino de Jujuy Los dos testigos considerados clave para la condena de Milagro Sala en la causa conocida como \u00abde los huevazos\u00bb fueron imputados","breadcrumb":{"@id":"https:\/\/www.pressenza.com\/es\/2021\/10\/imputaron-por-falso-testimonio-a-dos-testigos-clave-para-la-condena-de-milagro-sala\/#breadcrumb"},"inLanguage":"es","potentialAction":[{"@type":"ReadAction","target":["https:\/\/www.pressenza.com\/es\/2021\/10\/imputaron-por-falso-testimonio-a-dos-testigos-clave-para-la-condena-de-milagro-sala\/"]}]},{"@type":"ImageObject","inLanguage":"es","@id":"https:\/\/www.pressenza.com\/es\/2021\/10\/imputaron-por-falso-testimonio-a-dos-testigos-clave-para-la-condena-de-milagro-sala\/#primaryimage","url":"https:\/\/www.pressenza.com\/wp-content\/uploads\/2019\/04\/MilagroSala-paco-urondo.jpg","contentUrl":"https:\/\/www.pressenza.com\/wp-content\/uploads\/2019\/04\/MilagroSala-paco-urondo.jpg","width":800,"height":500,"caption":"Argentinien: die politische und gerichtliche Verfolgung von Milagro Sala und Mitgliedern von Tupac Amaru reisst nicht ab"},{"@type":"BreadcrumbList","@id":"https:\/\/www.pressenza.com\/es\/2021\/10\/imputaron-por-falso-testimonio-a-dos-testigos-clave-para-la-condena-de-milagro-sala\/#breadcrumb","itemListElement":[{"@type":"ListItem","position":1,"name":"Accueil","item":"https:\/\/www.pressenza.com\/es\/"},{"@type":"ListItem","position":2,"name":"Imputaron por falso testimonio a dos testigos clave para la condena de Milagro Sala"}]},{"@type":"WebSite","@id":"https:\/\/www.pressenza.com\/es\/#website","url":"https:\/\/www.pressenza.com\/es\/","name":"Pressenza","description":"International Press Agency","publisher":{"@id":"https:\/\/www.pressenza.com\/es\/#organization"},"potentialAction":[{"@type":"SearchAction","target":{"@type":"EntryPoint","urlTemplate":"https:\/\/www.pressenza.com\/es\/?s={search_term_string}"},"query-input":{"@type":"PropertyValueSpecification","valueRequired":true,"valueName":"search_term_string"}}],"inLanguage":"es"},{"@type":"Organization","@id":"https:\/\/www.pressenza.com\/es\/#organization","name":"Pressenza","url":"https:\/\/www.pressenza.com\/es\/","logo":{"@type":"ImageObject","inLanguage":"es","@id":"https:\/\/www.pressenza.com\/es\/#\/schema\/logo\/image\/","url":"https:\/\/www.pressenza.com\/wp-content\/uploads\/2022\/10\/pressenza_logo_200x200.jpg","contentUrl":"https:\/\/www.pressenza.com\/wp-content\/uploads\/2022\/10\/pressenza_logo_200x200.jpg","width":200,"height":200,"caption":"Pressenza"},"image":{"@id":"https:\/\/www.pressenza.com\/es\/#\/schema\/logo\/image\/"},"sameAs":["https:\/\/www.facebook.com\/PressenzaItalia","https:\/\/x.com\/PressenzaIPA"]},{"@type":"Person","@id":"https:\/\/www.pressenza.com\/es\/#\/schema\/person\/0dda7d1b68267ad95b1e1d83abc98c89","name":"Redacci\u00f3n Argentina","description":"News from the Pressenza Bureau in Argentina.","sameAs":["https:\/\/x.com\/pressenza"],"url":"https:\/\/www.pressenza.com\/es\/author\/redaccion-argentina\/"}]}},"place":"San Salvador de Jujuy, Argentina","original_article_url":"https:\/\/elsubmarinojujuy.com.ar\/imputaron-por-falso-testimonio-a-dos-testigos-clave-para-la-condena-de-milagro-sala\/","_links":{"self":[{"href":"https:\/\/www.pressenza.com\/es\/wp-json\/wp\/v2\/posts\/1442920","targetHints":{"allow":["GET"]}}],"collection":[{"href":"https:\/\/www.pressenza.com\/es\/wp-json\/wp\/v2\/posts"}],"about":[{"href":"https:\/\/www.pressenza.com\/es\/wp-json\/wp\/v2\/types\/post"}],"author":[{"embeddable":true,"href":"https:\/\/www.pressenza.com\/es\/wp-json\/wp\/v2\/users\/87"}],"replies":[{"embeddable":true,"href":"https:\/\/www.pressenza.com\/es\/wp-json\/wp\/v2\/comments?post=1442920"}],"version-history":[{"count":0,"href":"https:\/\/www.pressenza.com\/es\/wp-json\/wp\/v2\/posts\/1442920\/revisions"}],"wp:featuredmedia":[{"embeddable":true,"href":"https:\/\/www.pressenza.com\/es\/wp-json\/wp\/v2\/media\/847281"}],"wp:attachment":[{"href":"https:\/\/www.pressenza.com\/es\/wp-json\/wp\/v2\/media?parent=1442920"}],"wp:term":[{"taxonomy":"category","embeddable":true,"href":"https:\/\/www.pressenza.com\/es\/wp-json\/wp\/v2\/categories?post=1442920"},{"taxonomy":"post_tag","embeddable":true,"href":"https:\/\/www.pressenza.com\/es\/wp-json\/wp\/v2\/tags?post=1442920"}],"curies":[{"name":"wp","href":"https:\/\/api.w.org\/{rel}","templated":true}]}}