{"id":1439954,"date":"2021-09-30T00:27:30","date_gmt":"2021-09-29T23:27:30","guid":{"rendered":"https:\/\/www.pressenza.com\/?p=1439954"},"modified":"2021-09-30T00:27:30","modified_gmt":"2021-09-29T23:27:30","slug":"nuevo-ataque-contra-comunidad-lgbti","status":"publish","type":"post","link":"https:\/\/www.pressenza.com\/es\/2021\/09\/nuevo-ataque-contra-comunidad-lgbti\/","title":{"rendered":"Nuevo ataque contra comunidad LGBTI"},"content":{"rendered":"<p>La comunidad LGBTI en Honduras est\u00e1 nuevamente de luto tras el asesinato de Tatiana Mart\u00ednez Garc\u00eda, mujer trans de 32 a\u00f1os y activista en la promoci\u00f3n y protecci\u00f3n de derechos humanos, incluyendo el acompa\u00f1amiento y asesor\u00eda a personas LGBTI para la denuncia de los delitos de los cuales eran v\u00edctimas.<\/p>\n<p>Seg\u00fan las primeras informaciones, el cuerpo de la joven fue encontrado el domingo 26 de septiembre con heridas de arma blanca en su casa, en la ciudad de Santa Rosa de Cop\u00e1n.<\/p>\n<p>En un comunicado de ayer, la Oficina en Honduras del Alto Comisionado de las Naciones Unidas para los Derechos Humanos (OACNUDH) conden\u00f3 el asesinato de la reconocida integrante de la comunidad LGBTI y defensora de derechos humanos.<\/p>\n<p>De acuerdo con la informaci\u00f3n recibida por este organismo multilateral, Tatiana Mart\u00ednez Garc\u00eda hab\u00eda sido v\u00edctima de amenazas y ataques previos.<\/p>\n<p>Seg\u00fan el Observatorio de Muertes Violentas de la Red L\u00e9sbica Cattrachas, se trata de la cuarta mujer trans asesinada este a\u00f1o en Honduras, de un total de 17 personas LGBTI muertas de forma violenta.<\/p>\n<p>En poco m\u00e1s de 12 a\u00f1os son 390 las personas LGBTI asesinadas en este pa\u00eds. El 91 por ciento de los casos queda en total olvido e impunidad. Solamente el 9 por ciento logra sentencia condenatoria.<\/p>\n<p>El informe de Sin Violencia se\u00f1ala que entre 2014 y 2020 al menos 1949 personas LGBTI fueron asesinadas en Am\u00e9rica Latina. Honduras est\u00e1 entre los pa\u00edses m\u00e1s letales de la regi\u00f3n para dicha comunidad.<\/p>\n<p>\u201cLas personas defensoras de derechos humanos de la poblaci\u00f3n LGBTI enfrentan particulares riesgos por la violencia ejercida en su contra. El asesinato de Tatiana debe ser esclarecido por medio de una investigaci\u00f3n pronta, imparcial y exhaustiva que contemple todas las posibles l\u00edneas, incluida la posibilidad de un crimen de odio o una represalia por su actividad de defensa de derechos humanos\u201d, manifest\u00f3 Isabel Albaladejo, representante de OACNUDH en Honduras.<\/p>\n<p>Vicky Hern\u00e1ndez, un precedente importante<\/p>\n<p>A ese prop\u00f3sito, es importante recordar que el 26 de marzo pasado, el Estado de Honduras fue condenado por la Corte Interamericana de Derechos Humanos por la muerte violenta de Vicky Hern\u00e1ndez, mujer trans de 26 a\u00f1os y activista del Colectivo Unidad Color Rosa [1].<\/p>\n<p>Ella fue ultimada por integrantes de la fuerza p\u00fablica la madrugada del 28 de junio de 2009, mientras en el pa\u00eds se fraguaba un sangriento golpe de estado.<\/p>\n<p>En aquella ocasi\u00f3n, Indyra Mendoza, directora de la Red L\u00e9sbica Cattrachas, explic\u00f3 a La Rel que se trataba de un gran precedente judicial para las personas LGBTI en Honduras y Am\u00e9rica Latina, y para la lucha contra la violencia y discriminaci\u00f3n.<\/p>\n<p>El \u00f3rgano judicial con sede en Costa Rica fij\u00f3 cinco medidas de verdad, justicia y reparaci\u00f3n para las v\u00edctimas y las personas LGBTI, entre otras, investigar, juzgar y sancionar a los responsables del asesinato y crear una beca educativa (anual) que lleve su nombre, a favor de mujeres trans.<\/p>\n<p>Tambi\u00e9n inst\u00f3 a adoptar un procedimiento para el reconocimiento de la identidad de g\u00e9nero en los documentos y en los registros p\u00fablicos de Honduras, as\u00ed como adoptar un protocolo de investigaci\u00f3n y administraci\u00f3n de justicia durante los procesos penales para casos de personas LGBTI v\u00edctimas de violencia.<\/p>\n<p>[1]\u00a0<a href=\"http:\/\/www.rel-uita.org\/honduras\/fallo-historico-vicky\/\">http:\/\/www.rel-uita.org\/honduras\/fallo-historico-vicky\/<\/a><\/p>\n<p>Fuente:\u00a0<a href=\"http:\/\/www.rel-uita.org\/honduras\/nuevo-ataque-comunidad-lgbti\/\">Rel UITA<\/a><\/p>\n","protected":false},"excerpt":{"rendered":"<p>La comunidad LGBTI en Honduras est\u00e1 nuevamente de luto tras el asesinato de Tatiana Mart\u00ednez Garc\u00eda, mujer trans de 32 a\u00f1os y activista en la promoci\u00f3n y protecci\u00f3n de derechos humanos, incluyendo el acompa\u00f1amiento y asesor\u00eda a personas LGBTI para&hellip;<\/p>\n","protected":false},"author":1800,"featured_media":1439956,"comment_status":"closed","ping_status":"closed","sticky":false,"template":"","format":"standard","meta":{"footnotes":""},"categories":[69,11389,1241],"tags":[4341,27190],"class_list":["post-1439954","post","type-post","status-publish","format-standard","has-post-thumbnail","hentry","category-america-central","category-contenido-original","category-diversidad","tag-honduras-es","tag-lgbti"],"yoast_head":"<!-- This site is optimized with the Yoast SEO plugin v27.1.1 - https:\/\/yoast.com\/product\/yoast-seo-wordpress\/ -->\n<title>Nuevo ataque contra comunidad LGBTI<\/title>\n<meta name=\"description\" content=\"La comunidad LGBTI en Honduras est\u00e1 nuevamente de luto tras el asesinato de Tatiana Mart\u00ednez Garc\u00eda, mujer trans de 32 a\u00f1os y activista en la promoci\u00f3n y\" \/>\n<meta name=\"robots\" content=\"index, follow, max-snippet:-1, max-image-preview:large, max-video-preview:-1\" \/>\n<link rel=\"canonical\" href=\"https:\/\/www.pressenza.com\/es\/2021\/09\/nuevo-ataque-contra-comunidad-lgbti\/\" \/>\n<meta property=\"og:locale\" content=\"es_ES\" \/>\n<meta property=\"og:type\" content=\"article\" \/>\n<meta property=\"og:title\" content=\"Nuevo ataque contra comunidad LGBTI\" \/>\n<meta property=\"og:description\" content=\"La comunidad LGBTI en Honduras est\u00e1 nuevamente de luto tras el asesinato de Tatiana Mart\u00ednez Garc\u00eda, mujer trans de 32 a\u00f1os y activista en la promoci\u00f3n y\" \/>\n<meta property=\"og:url\" content=\"https:\/\/www.pressenza.com\/es\/2021\/09\/nuevo-ataque-contra-comunidad-lgbti\/\" \/>\n<meta property=\"og:site_name\" content=\"Pressenza\" \/>\n<meta property=\"article:publisher\" content=\"https:\/\/www.facebook.com\/PressenzaItalia\" \/>\n<meta property=\"article:published_time\" content=\"2021-09-29T23:27:30+00:00\" \/>\n<meta property=\"og:image\" content=\"https:\/\/www.pressenza.com\/wp-content\/uploads\/2021\/09\/20210929_bandera-trans-1400x796-1.jpg\" \/>\n\t<meta property=\"og:image:width\" content=\"1400\" \/>\n\t<meta property=\"og:image:height\" content=\"796\" \/>\n\t<meta property=\"og:image:type\" content=\"image\/jpeg\" \/>\n<meta name=\"author\" content=\"Giorgio Trucchi\" \/>\n<meta name=\"twitter:card\" content=\"summary_large_image\" \/>\n<meta name=\"twitter:creator\" content=\"@PressenzaIPA\" \/>\n<meta name=\"twitter:site\" content=\"@PressenzaIPA\" \/>\n<meta name=\"twitter:label1\" content=\"Escrito por\" \/>\n\t<meta name=\"twitter:data1\" content=\"Giorgio Trucchi\" \/>\n\t<meta name=\"twitter:label2\" content=\"Tiempo de lectura\" \/>\n\t<meta name=\"twitter:data2\" content=\"3 minutos\" \/>\n<script type=\"application\/ld+json\" class=\"yoast-schema-graph\">{\"@context\":\"https:\/\/schema.org\",\"@graph\":[{\"@type\":\"Article\",\"@id\":\"https:\/\/www.pressenza.com\/es\/2021\/09\/nuevo-ataque-contra-comunidad-lgbti\/#article\",\"isPartOf\":{\"@id\":\"https:\/\/www.pressenza.com\/es\/2021\/09\/nuevo-ataque-contra-comunidad-lgbti\/\"},\"author\":{\"name\":\"Giorgio Trucchi\",\"@id\":\"https:\/\/www.pressenza.com\/es\/#\/schema\/person\/55ec2a8f1b3e718010691e4aba073020\"},\"headline\":\"Nuevo ataque contra comunidad LGBTI\",\"datePublished\":\"2021-09-29T23:27:30+00:00\",\"mainEntityOfPage\":{\"@id\":\"https:\/\/www.pressenza.com\/es\/2021\/09\/nuevo-ataque-contra-comunidad-lgbti\/\"},\"wordCount\":574,\"publisher\":{\"@id\":\"https:\/\/www.pressenza.com\/es\/#organization\"},\"image\":{\"@id\":\"https:\/\/www.pressenza.com\/es\/2021\/09\/nuevo-ataque-contra-comunidad-lgbti\/#primaryimage\"},\"thumbnailUrl\":\"https:\/\/www.pressenza.com\/wp-content\/uploads\/2021\/09\/20210929_bandera-trans-1400x796-1.jpg\",\"keywords\":[\"Honduras\",\"LGBTI\"],\"articleSection\":[\"Am\u00e9rica Central\",\"Contenido Original\",\"Diversidad\"],\"inLanguage\":\"es\"},{\"@type\":\"WebPage\",\"@id\":\"https:\/\/www.pressenza.com\/es\/2021\/09\/nuevo-ataque-contra-comunidad-lgbti\/\",\"url\":\"https:\/\/www.pressenza.com\/es\/2021\/09\/nuevo-ataque-contra-comunidad-lgbti\/\",\"name\":\"Nuevo ataque contra comunidad LGBTI\",\"isPartOf\":{\"@id\":\"https:\/\/www.pressenza.com\/es\/#website\"},\"primaryImageOfPage\":{\"@id\":\"https:\/\/www.pressenza.com\/es\/2021\/09\/nuevo-ataque-contra-comunidad-lgbti\/#primaryimage\"},\"image\":{\"@id\":\"https:\/\/www.pressenza.com\/es\/2021\/09\/nuevo-ataque-contra-comunidad-lgbti\/#primaryimage\"},\"thumbnailUrl\":\"https:\/\/www.pressenza.com\/wp-content\/uploads\/2021\/09\/20210929_bandera-trans-1400x796-1.jpg\",\"datePublished\":\"2021-09-29T23:27:30+00:00\",\"description\":\"La comunidad LGBTI en Honduras est\u00e1 nuevamente de luto tras el asesinato de Tatiana Mart\u00ednez Garc\u00eda, mujer trans de 32 a\u00f1os y activista en la promoci\u00f3n y\",\"breadcrumb\":{\"@id\":\"https:\/\/www.pressenza.com\/es\/2021\/09\/nuevo-ataque-contra-comunidad-lgbti\/#breadcrumb\"},\"inLanguage\":\"es\",\"potentialAction\":[{\"@type\":\"ReadAction\",\"target\":[\"https:\/\/www.pressenza.com\/es\/2021\/09\/nuevo-ataque-contra-comunidad-lgbti\/\"]}]},{\"@type\":\"ImageObject\",\"inLanguage\":\"es\",\"@id\":\"https:\/\/www.pressenza.com\/es\/2021\/09\/nuevo-ataque-contra-comunidad-lgbti\/#primaryimage\",\"url\":\"https:\/\/www.pressenza.com\/wp-content\/uploads\/2021\/09\/20210929_bandera-trans-1400x796-1.jpg\",\"contentUrl\":\"https:\/\/www.pressenza.com\/wp-content\/uploads\/2021\/09\/20210929_bandera-trans-1400x796-1.jpg\",\"width\":1400,\"height\":796,\"caption\":\"P\u00fablico\"},{\"@type\":\"BreadcrumbList\",\"@id\":\"https:\/\/www.pressenza.com\/es\/2021\/09\/nuevo-ataque-contra-comunidad-lgbti\/#breadcrumb\",\"itemListElement\":[{\"@type\":\"ListItem\",\"position\":1,\"name\":\"Accueil\",\"item\":\"https:\/\/www.pressenza.com\/es\/\"},{\"@type\":\"ListItem\",\"position\":2,\"name\":\"Nuevo ataque contra comunidad LGBTI\"}]},{\"@type\":\"WebSite\",\"@id\":\"https:\/\/www.pressenza.com\/es\/#website\",\"url\":\"https:\/\/www.pressenza.com\/es\/\",\"name\":\"Pressenza\",\"description\":\"International Press Agency\",\"publisher\":{\"@id\":\"https:\/\/www.pressenza.com\/es\/#organization\"},\"potentialAction\":[{\"@type\":\"SearchAction\",\"target\":{\"@type\":\"EntryPoint\",\"urlTemplate\":\"https:\/\/www.pressenza.com\/es\/?s={search_term_string}\"},\"query-input\":{\"@type\":\"PropertyValueSpecification\",\"valueRequired\":true,\"valueName\":\"search_term_string\"}}],\"inLanguage\":\"es\"},{\"@type\":\"Organization\",\"@id\":\"https:\/\/www.pressenza.com\/es\/#organization\",\"name\":\"Pressenza\",\"url\":\"https:\/\/www.pressenza.com\/es\/\",\"logo\":{\"@type\":\"ImageObject\",\"inLanguage\":\"es\",\"@id\":\"https:\/\/www.pressenza.com\/es\/#\/schema\/logo\/image\/\",\"url\":\"https:\/\/www.pressenza.com\/wp-content\/uploads\/2022\/10\/pressenza_logo_200x200.jpg\",\"contentUrl\":\"https:\/\/www.pressenza.com\/wp-content\/uploads\/2022\/10\/pressenza_logo_200x200.jpg\",\"width\":200,\"height\":200,\"caption\":\"Pressenza\"},\"image\":{\"@id\":\"https:\/\/www.pressenza.com\/es\/#\/schema\/logo\/image\/\"},\"sameAs\":[\"https:\/\/www.facebook.com\/PressenzaItalia\",\"https:\/\/x.com\/PressenzaIPA\"]},{\"@type\":\"Person\",\"@id\":\"https:\/\/www.pressenza.com\/es\/#\/schema\/person\/55ec2a8f1b3e718010691e4aba073020\",\"name\":\"Giorgio Trucchi\",\"url\":\"https:\/\/www.pressenza.com\/es\/author\/giorgio-trucchi\/\"}]}<\/script>\n<!-- \/ Yoast SEO plugin. -->","yoast_head_json":{"title":"Nuevo ataque contra comunidad LGBTI","description":"La comunidad LGBTI en Honduras est\u00e1 nuevamente de luto tras el asesinato de Tatiana Mart\u00ednez Garc\u00eda, mujer trans de 32 a\u00f1os y activista en la promoci\u00f3n y","robots":{"index":"index","follow":"follow","max-snippet":"max-snippet:-1","max-image-preview":"max-image-preview:large","max-video-preview":"max-video-preview:-1"},"canonical":"https:\/\/www.pressenza.com\/es\/2021\/09\/nuevo-ataque-contra-comunidad-lgbti\/","og_locale":"es_ES","og_type":"article","og_title":"Nuevo ataque contra comunidad LGBTI","og_description":"La comunidad LGBTI en Honduras est\u00e1 nuevamente de luto tras el asesinato de Tatiana Mart\u00ednez Garc\u00eda, mujer trans de 32 a\u00f1os y activista en la promoci\u00f3n y","og_url":"https:\/\/www.pressenza.com\/es\/2021\/09\/nuevo-ataque-contra-comunidad-lgbti\/","og_site_name":"Pressenza","article_publisher":"https:\/\/www.facebook.com\/PressenzaItalia","article_published_time":"2021-09-29T23:27:30+00:00","og_image":[{"width":1400,"height":796,"url":"https:\/\/www.pressenza.com\/wp-content\/uploads\/2021\/09\/20210929_bandera-trans-1400x796-1.jpg","type":"image\/jpeg"}],"author":"Giorgio Trucchi","twitter_card":"summary_large_image","twitter_creator":"@PressenzaIPA","twitter_site":"@PressenzaIPA","twitter_misc":{"Escrito por":"Giorgio Trucchi","Tiempo de lectura":"3 minutos"},"schema":{"@context":"https:\/\/schema.org","@graph":[{"@type":"Article","@id":"https:\/\/www.pressenza.com\/es\/2021\/09\/nuevo-ataque-contra-comunidad-lgbti\/#article","isPartOf":{"@id":"https:\/\/www.pressenza.com\/es\/2021\/09\/nuevo-ataque-contra-comunidad-lgbti\/"},"author":{"name":"Giorgio Trucchi","@id":"https:\/\/www.pressenza.com\/es\/#\/schema\/person\/55ec2a8f1b3e718010691e4aba073020"},"headline":"Nuevo ataque contra comunidad LGBTI","datePublished":"2021-09-29T23:27:30+00:00","mainEntityOfPage":{"@id":"https:\/\/www.pressenza.com\/es\/2021\/09\/nuevo-ataque-contra-comunidad-lgbti\/"},"wordCount":574,"publisher":{"@id":"https:\/\/www.pressenza.com\/es\/#organization"},"image":{"@id":"https:\/\/www.pressenza.com\/es\/2021\/09\/nuevo-ataque-contra-comunidad-lgbti\/#primaryimage"},"thumbnailUrl":"https:\/\/www.pressenza.com\/wp-content\/uploads\/2021\/09\/20210929_bandera-trans-1400x796-1.jpg","keywords":["Honduras","LGBTI"],"articleSection":["Am\u00e9rica Central","Contenido Original","Diversidad"],"inLanguage":"es"},{"@type":"WebPage","@id":"https:\/\/www.pressenza.com\/es\/2021\/09\/nuevo-ataque-contra-comunidad-lgbti\/","url":"https:\/\/www.pressenza.com\/es\/2021\/09\/nuevo-ataque-contra-comunidad-lgbti\/","name":"Nuevo ataque contra comunidad LGBTI","isPartOf":{"@id":"https:\/\/www.pressenza.com\/es\/#website"},"primaryImageOfPage":{"@id":"https:\/\/www.pressenza.com\/es\/2021\/09\/nuevo-ataque-contra-comunidad-lgbti\/#primaryimage"},"image":{"@id":"https:\/\/www.pressenza.com\/es\/2021\/09\/nuevo-ataque-contra-comunidad-lgbti\/#primaryimage"},"thumbnailUrl":"https:\/\/www.pressenza.com\/wp-content\/uploads\/2021\/09\/20210929_bandera-trans-1400x796-1.jpg","datePublished":"2021-09-29T23:27:30+00:00","description":"La comunidad LGBTI en Honduras est\u00e1 nuevamente de luto tras el asesinato de Tatiana Mart\u00ednez Garc\u00eda, mujer trans de 32 a\u00f1os y activista en la promoci\u00f3n y","breadcrumb":{"@id":"https:\/\/www.pressenza.com\/es\/2021\/09\/nuevo-ataque-contra-comunidad-lgbti\/#breadcrumb"},"inLanguage":"es","potentialAction":[{"@type":"ReadAction","target":["https:\/\/www.pressenza.com\/es\/2021\/09\/nuevo-ataque-contra-comunidad-lgbti\/"]}]},{"@type":"ImageObject","inLanguage":"es","@id":"https:\/\/www.pressenza.com\/es\/2021\/09\/nuevo-ataque-contra-comunidad-lgbti\/#primaryimage","url":"https:\/\/www.pressenza.com\/wp-content\/uploads\/2021\/09\/20210929_bandera-trans-1400x796-1.jpg","contentUrl":"https:\/\/www.pressenza.com\/wp-content\/uploads\/2021\/09\/20210929_bandera-trans-1400x796-1.jpg","width":1400,"height":796,"caption":"P\u00fablico"},{"@type":"BreadcrumbList","@id":"https:\/\/www.pressenza.com\/es\/2021\/09\/nuevo-ataque-contra-comunidad-lgbti\/#breadcrumb","itemListElement":[{"@type":"ListItem","position":1,"name":"Accueil","item":"https:\/\/www.pressenza.com\/es\/"},{"@type":"ListItem","position":2,"name":"Nuevo ataque contra comunidad LGBTI"}]},{"@type":"WebSite","@id":"https:\/\/www.pressenza.com\/es\/#website","url":"https:\/\/www.pressenza.com\/es\/","name":"Pressenza","description":"International Press Agency","publisher":{"@id":"https:\/\/www.pressenza.com\/es\/#organization"},"potentialAction":[{"@type":"SearchAction","target":{"@type":"EntryPoint","urlTemplate":"https:\/\/www.pressenza.com\/es\/?s={search_term_string}"},"query-input":{"@type":"PropertyValueSpecification","valueRequired":true,"valueName":"search_term_string"}}],"inLanguage":"es"},{"@type":"Organization","@id":"https:\/\/www.pressenza.com\/es\/#organization","name":"Pressenza","url":"https:\/\/www.pressenza.com\/es\/","logo":{"@type":"ImageObject","inLanguage":"es","@id":"https:\/\/www.pressenza.com\/es\/#\/schema\/logo\/image\/","url":"https:\/\/www.pressenza.com\/wp-content\/uploads\/2022\/10\/pressenza_logo_200x200.jpg","contentUrl":"https:\/\/www.pressenza.com\/wp-content\/uploads\/2022\/10\/pressenza_logo_200x200.jpg","width":200,"height":200,"caption":"Pressenza"},"image":{"@id":"https:\/\/www.pressenza.com\/es\/#\/schema\/logo\/image\/"},"sameAs":["https:\/\/www.facebook.com\/PressenzaItalia","https:\/\/x.com\/PressenzaIPA"]},{"@type":"Person","@id":"https:\/\/www.pressenza.com\/es\/#\/schema\/person\/55ec2a8f1b3e718010691e4aba073020","name":"Giorgio Trucchi","url":"https:\/\/www.pressenza.com\/es\/author\/giorgio-trucchi\/"}]}},"place":"Honduras","original_article_url":"http:\/\/www.rel-uita.org\/honduras\/nuevo-ataque-comunidad-lgbti\/","_links":{"self":[{"href":"https:\/\/www.pressenza.com\/es\/wp-json\/wp\/v2\/posts\/1439954","targetHints":{"allow":["GET"]}}],"collection":[{"href":"https:\/\/www.pressenza.com\/es\/wp-json\/wp\/v2\/posts"}],"about":[{"href":"https:\/\/www.pressenza.com\/es\/wp-json\/wp\/v2\/types\/post"}],"author":[{"embeddable":true,"href":"https:\/\/www.pressenza.com\/es\/wp-json\/wp\/v2\/users\/1800"}],"replies":[{"embeddable":true,"href":"https:\/\/www.pressenza.com\/es\/wp-json\/wp\/v2\/comments?post=1439954"}],"version-history":[{"count":0,"href":"https:\/\/www.pressenza.com\/es\/wp-json\/wp\/v2\/posts\/1439954\/revisions"}],"wp:featuredmedia":[{"embeddable":true,"href":"https:\/\/www.pressenza.com\/es\/wp-json\/wp\/v2\/media\/1439956"}],"wp:attachment":[{"href":"https:\/\/www.pressenza.com\/es\/wp-json\/wp\/v2\/media?parent=1439954"}],"wp:term":[{"taxonomy":"category","embeddable":true,"href":"https:\/\/www.pressenza.com\/es\/wp-json\/wp\/v2\/categories?post=1439954"},{"taxonomy":"post_tag","embeddable":true,"href":"https:\/\/www.pressenza.com\/es\/wp-json\/wp\/v2\/tags?post=1439954"}],"curies":[{"name":"wp","href":"https:\/\/api.w.org\/{rel}","templated":true}]}}