{"id":1439368,"date":"2021-09-28T23:36:28","date_gmt":"2021-09-28T22:36:28","guid":{"rendered":"https:\/\/www.pressenza.com\/?p=1439368"},"modified":"2021-09-28T23:36:28","modified_gmt":"2021-09-28T22:36:28","slug":"panama-situacion-de-la-agricultura-familiar","status":"publish","type":"post","link":"https:\/\/www.pressenza.com\/es\/2021\/09\/panama-situacion-de-la-agricultura-familiar\/","title":{"rendered":"Panam\u00e1: Situaci\u00f3n de la Agricultura Familiar"},"content":{"rendered":"<p>Contenido original: <a href=\"https:\/\/www.radiotemblor.org\/panama-situacion-de-la-agricultura-familiar-podcast\/\">RadioTemblor.org<\/a><\/p>\n<p><em>La Agricultura familiar (AF) produce entre el 70% y el 80% de los alimentos que se consumen en Centroam\u00e9rica. En su contexto m\u00e1s amplio (agricultura, pecuaria, pesca y acuicultura), constituye una fuente de alimentos sanos, nutritivos y con un adecuado nivel de procesamiento, aptos para su consumo.\u00a0<\/em><\/p>\n<p>En Panam\u00e1, de acuerdo a la Organizaci\u00f3n de las Naciones Unidas para la Alimentaci\u00f3n y la Agricultura (FAO), la agricultura familiar est\u00e1 representada por m\u00e1s del 63% de los productores y productoras que genera m\u00e1s del 70% de la mano de obra en el \u00e1rea rural. Tiene la capacidad para producir alimentos adicionales para un gran n\u00famero de la poblaci\u00f3n rural y urbana.<\/p>\n<p>Presentamos los avances, posicionamiento y perspectivas en Panam\u00e1, considerando la visi\u00f3n desde el gobierno paname\u00f1o, as\u00ed como productores\/as, sus organizaciones y los organismos de cooperaci\u00f3n.<\/p>\n<p>\u201cRese\u00f1as de Agricultura Familiar\u201d<strong>,\u00a0<\/strong><strong>es un producto comunicacional que<\/strong>\u00a0proporciona informaci\u00f3n \u00fatil sobre implementaci\u00f3n de pol\u00edticas p\u00fablicas, perspectiva de las organizaciones de productores y desarrollo de innovaciones para los agricultores familiares.<\/p>\n<p>Te invitamos a escuchar el episodio completo <a href=\"https:\/\/go.ivoox.com\/rf\/76050260\">Panam\u00e1. Situaci\u00f3n de la Agricultura Familiar<\/a><\/p>\n<!--[if lt IE 9]><script>document.createElement('audio');<\/script><![endif]-->\n<audio class=\"wp-audio-shortcode\" id=\"audio-1439368-1\" preload=\"none\" style=\"width: 100%;\" controls=\"controls\"><source type=\"audio\/mpeg\" src=\"https:\/\/www.pressenza.com\/wp-content\/uploads\/2021\/09\/panamasituacionagriculturafamiliar-radiotembloraudios-ivoox76050260.mp3?_=1\" \/><a href=\"https:\/\/www.pressenza.com\/wp-content\/uploads\/2021\/09\/panamasituacionagriculturafamiliar-radiotembloraudios-ivoox76050260.mp3\">https:\/\/www.pressenza.com\/wp-content\/uploads\/2021\/09\/panamasituacionagriculturafamiliar-radiotembloraudios-ivoox76050260.mp3<\/a><\/audio>\n<p>Esta es una producci\u00f3n de CIESPAL-ALER \/ Mar\u00eda Cianci Bastidas, y la Coordinaci\u00f3n General ALER.<\/p>\n","protected":false},"excerpt":{"rendered":"<p>Contenido original: RadioTemblor.org La Agricultura familiar (AF) produce entre el 70% y el 80% de los alimentos que se consumen en Centroam\u00e9rica. En su contexto m\u00e1s amplio (agricultura, pecuaria, pesca y acuicultura), constituye una fuente de alimentos sanos, nutritivos y&hellip;<\/p>\n","protected":false},"author":1053,"featured_media":1439413,"comment_status":"closed","ping_status":"closed","sticky":false,"template":"","format":"standard","meta":{"footnotes":""},"categories":[79,39,67],"tags":[54779,5166],"class_list":["post-1439368","post","type-post","status-publish","format-standard","has-post-thumbnail","hentry","category-derechos-humanos","category-internacional","category-sudamerica","tag-agricultura-familiar-es-2","tag-panama"],"yoast_head":"<!-- This site is optimized with the Yoast SEO plugin v27.1.1 - https:\/\/yoast.com\/product\/yoast-seo-wordpress\/ -->\n<title>Panam\u00e1: Situaci\u00f3n de la Agricultura Familiar<\/title>\n<meta name=\"description\" content=\"La Agricultura familiar (AF) produce entre el 70% y el 80% de los alimentos que se consumen en Centroam\u00e9rica. En su contexto m\u00e1s amplio (agricultura, pecuaria, pesca y acuicultura), constituye una fuente de alimentos sanos, nutritivos y con un adecuado nivel de procesamiento, aptos para su consumo.\u00a0\" \/>\n<meta name=\"robots\" content=\"index, follow, max-snippet:-1, max-image-preview:large, max-video-preview:-1\" \/>\n<link rel=\"canonical\" href=\"https:\/\/www.pressenza.com\/es\/2021\/09\/panama-situacion-de-la-agricultura-familiar\/\" \/>\n<meta property=\"og:locale\" content=\"es_ES\" \/>\n<meta property=\"og:type\" content=\"article\" \/>\n<meta property=\"og:title\" content=\"Panam\u00e1: Situaci\u00f3n de la Agricultura Familiar\" \/>\n<meta property=\"og:description\" content=\"La Agricultura familiar (AF) produce entre el 70% y el 80% de los alimentos que se consumen en Centroam\u00e9rica. En su contexto m\u00e1s amplio (agricultura, pecuaria, pesca y acuicultura), constituye una fuente de alimentos sanos, nutritivos y con un adecuado nivel de procesamiento, aptos para su consumo.\u00a0\" \/>\n<meta property=\"og:url\" content=\"https:\/\/www.pressenza.com\/es\/2021\/09\/panama-situacion-de-la-agricultura-familiar\/\" \/>\n<meta property=\"og:site_name\" content=\"Pressenza\" \/>\n<meta property=\"article:publisher\" content=\"https:\/\/www.facebook.com\/PressenzaItalia\" \/>\n<meta property=\"article:published_time\" content=\"2021-09-28T22:36:28+00:00\" \/>\n<meta property=\"og:image\" content=\"https:\/\/www.pressenza.com\/wp-content\/uploads\/2021\/09\/agricultura-Panama.jpg\" \/>\n\t<meta property=\"og:image:width\" content=\"1125\" \/>\n\t<meta property=\"og:image:height\" content=\"650\" \/>\n\t<meta property=\"og:image:type\" content=\"image\/jpeg\" \/>\n<meta name=\"author\" content=\"Redacci\u00f3n Colombia\" \/>\n<meta name=\"twitter:card\" content=\"summary_large_image\" \/>\n<meta name=\"twitter:creator\" content=\"@PressenzaIPA\" \/>\n<meta name=\"twitter:site\" content=\"@PressenzaIPA\" \/>\n<meta name=\"twitter:label1\" content=\"Escrito por\" \/>\n\t<meta name=\"twitter:data1\" content=\"Redacci\u00f3n Colombia\" \/>\n\t<meta name=\"twitter:label2\" content=\"Tiempo de lectura\" \/>\n\t<meta name=\"twitter:data2\" content=\"1 minuto\" \/>\n<script type=\"application\/ld+json\" class=\"yoast-schema-graph\">{\"@context\":\"https:\/\/schema.org\",\"@graph\":[{\"@type\":\"Article\",\"@id\":\"https:\/\/www.pressenza.com\/es\/2021\/09\/panama-situacion-de-la-agricultura-familiar\/#article\",\"isPartOf\":{\"@id\":\"https:\/\/www.pressenza.com\/es\/2021\/09\/panama-situacion-de-la-agricultura-familiar\/\"},\"author\":{\"name\":\"Redacci\u00f3n Colombia\",\"@id\":\"https:\/\/www.pressenza.com\/es\/#\/schema\/person\/7c8ee170a4502d638436c91e385315f2\"},\"headline\":\"Panam\u00e1: Situaci\u00f3n de la Agricultura Familiar\",\"datePublished\":\"2021-09-28T22:36:28+00:00\",\"mainEntityOfPage\":{\"@id\":\"https:\/\/www.pressenza.com\/es\/2021\/09\/panama-situacion-de-la-agricultura-familiar\/\"},\"wordCount\":232,\"publisher\":{\"@id\":\"https:\/\/www.pressenza.com\/es\/#organization\"},\"image\":{\"@id\":\"https:\/\/www.pressenza.com\/es\/2021\/09\/panama-situacion-de-la-agricultura-familiar\/#primaryimage\"},\"thumbnailUrl\":\"https:\/\/www.pressenza.com\/wp-content\/uploads\/2021\/09\/agricultura-Panama.jpg\",\"keywords\":[\"agricultura familiar\",\"Panam\u00e1\"],\"articleSection\":[\"Derechos Humanos\",\"Internacional\",\"Sudam\u00e9rica\"],\"inLanguage\":\"es\"},{\"@type\":\"WebPage\",\"@id\":\"https:\/\/www.pressenza.com\/es\/2021\/09\/panama-situacion-de-la-agricultura-familiar\/\",\"url\":\"https:\/\/www.pressenza.com\/es\/2021\/09\/panama-situacion-de-la-agricultura-familiar\/\",\"name\":\"Panam\u00e1: Situaci\u00f3n de la Agricultura Familiar\",\"isPartOf\":{\"@id\":\"https:\/\/www.pressenza.com\/es\/#website\"},\"primaryImageOfPage\":{\"@id\":\"https:\/\/www.pressenza.com\/es\/2021\/09\/panama-situacion-de-la-agricultura-familiar\/#primaryimage\"},\"image\":{\"@id\":\"https:\/\/www.pressenza.com\/es\/2021\/09\/panama-situacion-de-la-agricultura-familiar\/#primaryimage\"},\"thumbnailUrl\":\"https:\/\/www.pressenza.com\/wp-content\/uploads\/2021\/09\/agricultura-Panama.jpg\",\"datePublished\":\"2021-09-28T22:36:28+00:00\",\"description\":\"La Agricultura familiar (AF) produce entre el 70% y el 80% de los alimentos que se consumen en Centroam\u00e9rica. En su contexto m\u00e1s amplio (agricultura, pecuaria, pesca y acuicultura), constituye una fuente de alimentos sanos, nutritivos y con un adecuado nivel de procesamiento, aptos para su consumo.\u00a0\",\"breadcrumb\":{\"@id\":\"https:\/\/www.pressenza.com\/es\/2021\/09\/panama-situacion-de-la-agricultura-familiar\/#breadcrumb\"},\"inLanguage\":\"es\",\"potentialAction\":[{\"@type\":\"ReadAction\",\"target\":[\"https:\/\/www.pressenza.com\/es\/2021\/09\/panama-situacion-de-la-agricultura-familiar\/\"]}]},{\"@type\":\"ImageObject\",\"inLanguage\":\"es\",\"@id\":\"https:\/\/www.pressenza.com\/es\/2021\/09\/panama-situacion-de-la-agricultura-familiar\/#primaryimage\",\"url\":\"https:\/\/www.pressenza.com\/wp-content\/uploads\/2021\/09\/agricultura-Panama.jpg\",\"contentUrl\":\"https:\/\/www.pressenza.com\/wp-content\/uploads\/2021\/09\/agricultura-Panama.jpg\",\"width\":1125,\"height\":650},{\"@type\":\"BreadcrumbList\",\"@id\":\"https:\/\/www.pressenza.com\/es\/2021\/09\/panama-situacion-de-la-agricultura-familiar\/#breadcrumb\",\"itemListElement\":[{\"@type\":\"ListItem\",\"position\":1,\"name\":\"Accueil\",\"item\":\"https:\/\/www.pressenza.com\/es\/\"},{\"@type\":\"ListItem\",\"position\":2,\"name\":\"Panam\u00e1: Situaci\u00f3n de la Agricultura Familiar\"}]},{\"@type\":\"WebSite\",\"@id\":\"https:\/\/www.pressenza.com\/es\/#website\",\"url\":\"https:\/\/www.pressenza.com\/es\/\",\"name\":\"Pressenza\",\"description\":\"International Press Agency\",\"publisher\":{\"@id\":\"https:\/\/www.pressenza.com\/es\/#organization\"},\"potentialAction\":[{\"@type\":\"SearchAction\",\"target\":{\"@type\":\"EntryPoint\",\"urlTemplate\":\"https:\/\/www.pressenza.com\/es\/?s={search_term_string}\"},\"query-input\":{\"@type\":\"PropertyValueSpecification\",\"valueRequired\":true,\"valueName\":\"search_term_string\"}}],\"inLanguage\":\"es\"},{\"@type\":\"Organization\",\"@id\":\"https:\/\/www.pressenza.com\/es\/#organization\",\"name\":\"Pressenza\",\"url\":\"https:\/\/www.pressenza.com\/es\/\",\"logo\":{\"@type\":\"ImageObject\",\"inLanguage\":\"es\",\"@id\":\"https:\/\/www.pressenza.com\/es\/#\/schema\/logo\/image\/\",\"url\":\"https:\/\/www.pressenza.com\/wp-content\/uploads\/2022\/10\/pressenza_logo_200x200.jpg\",\"contentUrl\":\"https:\/\/www.pressenza.com\/wp-content\/uploads\/2022\/10\/pressenza_logo_200x200.jpg\",\"width\":200,\"height\":200,\"caption\":\"Pressenza\"},\"image\":{\"@id\":\"https:\/\/www.pressenza.com\/es\/#\/schema\/logo\/image\/\"},\"sameAs\":[\"https:\/\/www.facebook.com\/PressenzaItalia\",\"https:\/\/x.com\/PressenzaIPA\"]},{\"@type\":\"Person\",\"@id\":\"https:\/\/www.pressenza.com\/es\/#\/schema\/person\/7c8ee170a4502d638436c91e385315f2\",\"name\":\"Redacci\u00f3n Colombia\",\"description\":\"News published by the Pressenza bureau in Colombia\",\"url\":\"https:\/\/www.pressenza.com\/es\/author\/redaccion-colombia\/\"}]}<\/script>\n<!-- \/ Yoast SEO plugin. -->","yoast_head_json":{"title":"Panam\u00e1: Situaci\u00f3n de la Agricultura Familiar","description":"La Agricultura familiar (AF) produce entre el 70% y el 80% de los alimentos que se consumen en Centroam\u00e9rica. En su contexto m\u00e1s amplio (agricultura, pecuaria, pesca y acuicultura), constituye una fuente de alimentos sanos, nutritivos y con un adecuado nivel de procesamiento, aptos para su consumo.\u00a0","robots":{"index":"index","follow":"follow","max-snippet":"max-snippet:-1","max-image-preview":"max-image-preview:large","max-video-preview":"max-video-preview:-1"},"canonical":"https:\/\/www.pressenza.com\/es\/2021\/09\/panama-situacion-de-la-agricultura-familiar\/","og_locale":"es_ES","og_type":"article","og_title":"Panam\u00e1: Situaci\u00f3n de la Agricultura Familiar","og_description":"La Agricultura familiar (AF) produce entre el 70% y el 80% de los alimentos que se consumen en Centroam\u00e9rica. En su contexto m\u00e1s amplio (agricultura, pecuaria, pesca y acuicultura), constituye una fuente de alimentos sanos, nutritivos y con un adecuado nivel de procesamiento, aptos para su consumo.\u00a0","og_url":"https:\/\/www.pressenza.com\/es\/2021\/09\/panama-situacion-de-la-agricultura-familiar\/","og_site_name":"Pressenza","article_publisher":"https:\/\/www.facebook.com\/PressenzaItalia","article_published_time":"2021-09-28T22:36:28+00:00","og_image":[{"width":1125,"height":650,"url":"https:\/\/www.pressenza.com\/wp-content\/uploads\/2021\/09\/agricultura-Panama.jpg","type":"image\/jpeg"}],"author":"Redacci\u00f3n Colombia","twitter_card":"summary_large_image","twitter_creator":"@PressenzaIPA","twitter_site":"@PressenzaIPA","twitter_misc":{"Escrito por":"Redacci\u00f3n Colombia","Tiempo de lectura":"1 minuto"},"schema":{"@context":"https:\/\/schema.org","@graph":[{"@type":"Article","@id":"https:\/\/www.pressenza.com\/es\/2021\/09\/panama-situacion-de-la-agricultura-familiar\/#article","isPartOf":{"@id":"https:\/\/www.pressenza.com\/es\/2021\/09\/panama-situacion-de-la-agricultura-familiar\/"},"author":{"name":"Redacci\u00f3n Colombia","@id":"https:\/\/www.pressenza.com\/es\/#\/schema\/person\/7c8ee170a4502d638436c91e385315f2"},"headline":"Panam\u00e1: Situaci\u00f3n de la Agricultura Familiar","datePublished":"2021-09-28T22:36:28+00:00","mainEntityOfPage":{"@id":"https:\/\/www.pressenza.com\/es\/2021\/09\/panama-situacion-de-la-agricultura-familiar\/"},"wordCount":232,"publisher":{"@id":"https:\/\/www.pressenza.com\/es\/#organization"},"image":{"@id":"https:\/\/www.pressenza.com\/es\/2021\/09\/panama-situacion-de-la-agricultura-familiar\/#primaryimage"},"thumbnailUrl":"https:\/\/www.pressenza.com\/wp-content\/uploads\/2021\/09\/agricultura-Panama.jpg","keywords":["agricultura familiar","Panam\u00e1"],"articleSection":["Derechos Humanos","Internacional","Sudam\u00e9rica"],"inLanguage":"es"},{"@type":"WebPage","@id":"https:\/\/www.pressenza.com\/es\/2021\/09\/panama-situacion-de-la-agricultura-familiar\/","url":"https:\/\/www.pressenza.com\/es\/2021\/09\/panama-situacion-de-la-agricultura-familiar\/","name":"Panam\u00e1: Situaci\u00f3n de la Agricultura Familiar","isPartOf":{"@id":"https:\/\/www.pressenza.com\/es\/#website"},"primaryImageOfPage":{"@id":"https:\/\/www.pressenza.com\/es\/2021\/09\/panama-situacion-de-la-agricultura-familiar\/#primaryimage"},"image":{"@id":"https:\/\/www.pressenza.com\/es\/2021\/09\/panama-situacion-de-la-agricultura-familiar\/#primaryimage"},"thumbnailUrl":"https:\/\/www.pressenza.com\/wp-content\/uploads\/2021\/09\/agricultura-Panama.jpg","datePublished":"2021-09-28T22:36:28+00:00","description":"La Agricultura familiar (AF) produce entre el 70% y el 80% de los alimentos que se consumen en Centroam\u00e9rica. En su contexto m\u00e1s amplio (agricultura, pecuaria, pesca y acuicultura), constituye una fuente de alimentos sanos, nutritivos y con un adecuado nivel de procesamiento, aptos para su consumo.\u00a0","breadcrumb":{"@id":"https:\/\/www.pressenza.com\/es\/2021\/09\/panama-situacion-de-la-agricultura-familiar\/#breadcrumb"},"inLanguage":"es","potentialAction":[{"@type":"ReadAction","target":["https:\/\/www.pressenza.com\/es\/2021\/09\/panama-situacion-de-la-agricultura-familiar\/"]}]},{"@type":"ImageObject","inLanguage":"es","@id":"https:\/\/www.pressenza.com\/es\/2021\/09\/panama-situacion-de-la-agricultura-familiar\/#primaryimage","url":"https:\/\/www.pressenza.com\/wp-content\/uploads\/2021\/09\/agricultura-Panama.jpg","contentUrl":"https:\/\/www.pressenza.com\/wp-content\/uploads\/2021\/09\/agricultura-Panama.jpg","width":1125,"height":650},{"@type":"BreadcrumbList","@id":"https:\/\/www.pressenza.com\/es\/2021\/09\/panama-situacion-de-la-agricultura-familiar\/#breadcrumb","itemListElement":[{"@type":"ListItem","position":1,"name":"Accueil","item":"https:\/\/www.pressenza.com\/es\/"},{"@type":"ListItem","position":2,"name":"Panam\u00e1: Situaci\u00f3n de la Agricultura Familiar"}]},{"@type":"WebSite","@id":"https:\/\/www.pressenza.com\/es\/#website","url":"https:\/\/www.pressenza.com\/es\/","name":"Pressenza","description":"International Press Agency","publisher":{"@id":"https:\/\/www.pressenza.com\/es\/#organization"},"potentialAction":[{"@type":"SearchAction","target":{"@type":"EntryPoint","urlTemplate":"https:\/\/www.pressenza.com\/es\/?s={search_term_string}"},"query-input":{"@type":"PropertyValueSpecification","valueRequired":true,"valueName":"search_term_string"}}],"inLanguage":"es"},{"@type":"Organization","@id":"https:\/\/www.pressenza.com\/es\/#organization","name":"Pressenza","url":"https:\/\/www.pressenza.com\/es\/","logo":{"@type":"ImageObject","inLanguage":"es","@id":"https:\/\/www.pressenza.com\/es\/#\/schema\/logo\/image\/","url":"https:\/\/www.pressenza.com\/wp-content\/uploads\/2022\/10\/pressenza_logo_200x200.jpg","contentUrl":"https:\/\/www.pressenza.com\/wp-content\/uploads\/2022\/10\/pressenza_logo_200x200.jpg","width":200,"height":200,"caption":"Pressenza"},"image":{"@id":"https:\/\/www.pressenza.com\/es\/#\/schema\/logo\/image\/"},"sameAs":["https:\/\/www.facebook.com\/PressenzaItalia","https:\/\/x.com\/PressenzaIPA"]},{"@type":"Person","@id":"https:\/\/www.pressenza.com\/es\/#\/schema\/person\/7c8ee170a4502d638436c91e385315f2","name":"Redacci\u00f3n Colombia","description":"News published by the Pressenza bureau in Colombia","url":"https:\/\/www.pressenza.com\/es\/author\/redaccion-colombia\/"}]}},"place":"RadioTemblorInternacional.org","original_article_url":"","_links":{"self":[{"href":"https:\/\/www.pressenza.com\/es\/wp-json\/wp\/v2\/posts\/1439368","targetHints":{"allow":["GET"]}}],"collection":[{"href":"https:\/\/www.pressenza.com\/es\/wp-json\/wp\/v2\/posts"}],"about":[{"href":"https:\/\/www.pressenza.com\/es\/wp-json\/wp\/v2\/types\/post"}],"author":[{"embeddable":true,"href":"https:\/\/www.pressenza.com\/es\/wp-json\/wp\/v2\/users\/1053"}],"replies":[{"embeddable":true,"href":"https:\/\/www.pressenza.com\/es\/wp-json\/wp\/v2\/comments?post=1439368"}],"version-history":[{"count":0,"href":"https:\/\/www.pressenza.com\/es\/wp-json\/wp\/v2\/posts\/1439368\/revisions"}],"wp:featuredmedia":[{"embeddable":true,"href":"https:\/\/www.pressenza.com\/es\/wp-json\/wp\/v2\/media\/1439413"}],"wp:attachment":[{"href":"https:\/\/www.pressenza.com\/es\/wp-json\/wp\/v2\/media?parent=1439368"}],"wp:term":[{"taxonomy":"category","embeddable":true,"href":"https:\/\/www.pressenza.com\/es\/wp-json\/wp\/v2\/categories?post=1439368"},{"taxonomy":"post_tag","embeddable":true,"href":"https:\/\/www.pressenza.com\/es\/wp-json\/wp\/v2\/tags?post=1439368"}],"curies":[{"name":"wp","href":"https:\/\/api.w.org\/{rel}","templated":true}]}}