{"id":1438882,"date":"2021-09-28T00:41:47","date_gmt":"2021-09-27T23:41:47","guid":{"rendered":"https:\/\/www.pressenza.com\/?p=1438882"},"modified":"2021-09-28T00:41:47","modified_gmt":"2021-09-27T23:41:47","slug":"skm-llama-a-un-bandh-completo-el-27-de-septiembre-de-6-am-a-4-pm-preparacion-de-un-bandh-generalizado-en-el-este-de-up","status":"publish","type":"post","link":"https:\/\/www.pressenza.com\/es\/2021\/09\/skm-llama-a-un-bandh-completo-el-27-de-septiembre-de-6-am-a-4-pm-preparacion-de-un-bandh-generalizado-en-el-este-de-up\/","title":{"rendered":"SKM llama a un Bandh completo el 27 de septiembre, de 6 am a 4 pm. Preparaci\u00f3n de un bandh generalizado en el este de UP."},"content":{"rendered":"<p class=\"Body\" style=\"text-align: center;\"><span lang=\"ES-TRAD\">Sanyukt Kisan Morcha<\/span><\/p>\n<p style=\"text-align: center;\">Comunicado de prensa 25 de septiembre de 2021<\/p>\n<p>Los Vyapar Mandals, las Asociaciones Tempo, los organismos de abogados en el este de Uttar Pradesh se est\u00e1n uniendo a los agricultores para hacer cumplir el bandh.<\/p>\n<p>La ira de la gente contra el mal gobierno del RSS BJP est\u00e1 aumentando.<\/p>\n<p>Hoy se cumplen 10 meses de protesta de los agricultores en Delhi y m\u00e1s de 700 m\u00e1rtires.<\/p>\n<p>El SKM ha convocado un Bandh (huelga general) para el 27 de septiembre de 2021 desde las 6 de la ma\u00f1ana hasta las 4 de la tarde, con el cierre de los transportes y los mercados. La gente est\u00e1 harta del continuo aumento de los precios de los art\u00edculos de primera necesidad, en particular del gas de cocina y de la gasolina y el gas\u00f3leo, que proporcionan enormes beneficios a las grandes empresas y multinacionales y enormes ingresos al Gobierno.<\/p>\n<p>El aumento del control corporativo de los patrones de cultivo, de los precios de los mandados y del suministro de alimentos est\u00e1 amenazando a los campesinos que trabajan duro con el control de las semillas y los costosos insumos, as\u00ed como a todos los que compran alimentos. El control corporativo sobre la industria, la construcci\u00f3n, el sector inmobiliario, la sanidad, la educaci\u00f3n y los mercados minoristas est\u00e1 privando a amplios sectores de sus medios de vida.<\/p>\n<p>El SKM tambi\u00e9n se felicita por el amplio apoyo procedente de diversos sectores en el este de Uttar Pradesh. En varios distritos, se ha planificado la aplicaci\u00f3n conjunta\u2077, y los sindicatos de agricultores, los sindicatos, los mandatos vyapar, los organismos de abogados junto con los estudiantes y los j\u00f3venes se est\u00e1n uniendo para hacer cumplir el bandh.<\/p>\n<p>SKM hace un llamamiento a todas las fuerzas pol\u00edticas que realmente apoyan las demandas de los agricultores para la derogaci\u00f3n de las 3 leyes agr\u00edcolas pro corporativas, la derogaci\u00f3n del proyecto de ley de electricidad de 2021 y para el derecho legal de MSP para todos los cultivos seg\u00fan la f\u00f3rmula Swaminathan, para que den un paso adelante y apliquen este bandh, y no s\u00f3lo presten un apoyo silencioso.<\/p>\n<p>(Dr. Ashish Mital)<br \/>\nGS, AIKMS y<br \/>\nMiembro de Sanyukt Kisan Morcha<\/p>\n","protected":false},"excerpt":{"rendered":"<p>Sanyukt Kisan Morcha Comunicado de prensa 25 de septiembre de 2021 Los Vyapar Mandals, las Asociaciones Tempo, los organismos de abogados en el este de Uttar Pradesh se est\u00e1n uniendo a los agricultores para hacer cumplir el bandh. La ira&hellip;<\/p>\n","protected":false},"author":19,"featured_media":1437689,"comment_status":"closed","ping_status":"closed","sticky":false,"template":"","format":"standard","meta":{"footnotes":""},"categories":[65,149,74],"tags":[],"class_list":["post-1438882","post","type-post","status-publish","format-standard","has-post-thumbnail","hentry","category-asia-es","category-comunicados-de-prensa","category-politica-es"],"yoast_head":"<!-- This site is optimized with the Yoast SEO plugin v27.1.1 - https:\/\/yoast.com\/product\/yoast-seo-wordpress\/ -->\n<title>SKM llama a un Bandh completo el 27 de septiembre, de 6 am a 4 pm. Preparaci\u00f3n de un bandh generalizado en el este de UP.<\/title>\n<meta name=\"description\" content=\"Sanyukt Kisan Morcha Comunicado de prensa 25 de septiembre de 2021 Los Vyapar Mandals, las Asociaciones Tempo, los organismos de abogados en el este de\" \/>\n<meta name=\"robots\" content=\"index, follow, max-snippet:-1, max-image-preview:large, max-video-preview:-1\" \/>\n<link rel=\"canonical\" href=\"https:\/\/www.pressenza.com\/es\/2021\/09\/skm-llama-a-un-bandh-completo-el-27-de-septiembre-de-6-am-a-4-pm-preparacion-de-un-bandh-generalizado-en-el-este-de-up\/\" \/>\n<meta property=\"og:locale\" content=\"es_ES\" \/>\n<meta property=\"og:type\" content=\"article\" \/>\n<meta property=\"og:title\" content=\"SKM llama a un Bandh completo el 27 de septiembre, de 6 am a 4 pm. Preparaci\u00f3n de un bandh generalizado en el este de UP.\" \/>\n<meta property=\"og:description\" content=\"Sanyukt Kisan Morcha Comunicado de prensa 25 de septiembre de 2021 Los Vyapar Mandals, las Asociaciones Tempo, los organismos de abogados en el este de\" \/>\n<meta property=\"og:url\" content=\"https:\/\/www.pressenza.com\/es\/2021\/09\/skm-llama-a-un-bandh-completo-el-27-de-septiembre-de-6-am-a-4-pm-preparacion-de-un-bandh-generalizado-en-el-este-de-up\/\" \/>\n<meta property=\"og:site_name\" content=\"Pressenza\" \/>\n<meta property=\"article:publisher\" content=\"https:\/\/www.facebook.com\/PressenzaItalia\" \/>\n<meta property=\"article:author\" content=\"https:\/\/www.facebook.com\/pressenza\" \/>\n<meta property=\"article:published_time\" content=\"2021-09-27T23:41:47+00:00\" \/>\n<meta property=\"og:image\" content=\"https:\/\/www.pressenza.com\/wp-content\/uploads\/2021\/09\/178597215_167893961883642_6835148543890610297_n.jpg\" \/>\n\t<meta property=\"og:image:width\" content=\"854\" \/>\n\t<meta property=\"og:image:height\" content=\"570\" \/>\n\t<meta property=\"og:image:type\" content=\"image\/jpeg\" \/>\n<meta name=\"author\" content=\"Pressenza IPA\" \/>\n<meta name=\"twitter:card\" content=\"summary_large_image\" \/>\n<meta name=\"twitter:creator\" content=\"@PressenzaIPA\" \/>\n<meta name=\"twitter:site\" content=\"@PressenzaIPA\" \/>\n<meta name=\"twitter:label1\" content=\"Escrito por\" \/>\n\t<meta name=\"twitter:data1\" content=\"Pressenza IPA\" \/>\n\t<meta name=\"twitter:label2\" content=\"Tiempo de lectura\" \/>\n\t<meta name=\"twitter:data2\" content=\"2 minutos\" \/>\n<script type=\"application\/ld+json\" class=\"yoast-schema-graph\">{\"@context\":\"https:\/\/schema.org\",\"@graph\":[{\"@type\":\"Article\",\"@id\":\"https:\/\/www.pressenza.com\/es\/2021\/09\/skm-llama-a-un-bandh-completo-el-27-de-septiembre-de-6-am-a-4-pm-preparacion-de-un-bandh-generalizado-en-el-este-de-up\/#article\",\"isPartOf\":{\"@id\":\"https:\/\/www.pressenza.com\/es\/2021\/09\/skm-llama-a-un-bandh-completo-el-27-de-septiembre-de-6-am-a-4-pm-preparacion-de-un-bandh-generalizado-en-el-este-de-up\/\"},\"author\":{\"name\":\"Pressenza IPA\",\"@id\":\"https:\/\/www.pressenza.com\/es\/#\/schema\/person\/010e5d02bcf40965427a1289a4cc8d75\"},\"headline\":\"SKM llama a un Bandh completo el 27 de septiembre, de 6 am a 4 pm. Preparaci\u00f3n de un bandh generalizado en el este de UP.\",\"datePublished\":\"2021-09-27T23:41:47+00:00\",\"mainEntityOfPage\":{\"@id\":\"https:\/\/www.pressenza.com\/es\/2021\/09\/skm-llama-a-un-bandh-completo-el-27-de-septiembre-de-6-am-a-4-pm-preparacion-de-un-bandh-generalizado-en-el-este-de-up\/\"},\"wordCount\":395,\"publisher\":{\"@id\":\"https:\/\/www.pressenza.com\/es\/#organization\"},\"image\":{\"@id\":\"https:\/\/www.pressenza.com\/es\/2021\/09\/skm-llama-a-un-bandh-completo-el-27-de-septiembre-de-6-am-a-4-pm-preparacion-de-un-bandh-generalizado-en-el-este-de-up\/#primaryimage\"},\"thumbnailUrl\":\"https:\/\/www.pressenza.com\/wp-content\/uploads\/2021\/09\/178597215_167893961883642_6835148543890610297_n.jpg\",\"articleSection\":[\"Asia\",\"Comunicados de Prensa\",\"Pol\u00edtica\"],\"inLanguage\":\"es\"},{\"@type\":\"WebPage\",\"@id\":\"https:\/\/www.pressenza.com\/es\/2021\/09\/skm-llama-a-un-bandh-completo-el-27-de-septiembre-de-6-am-a-4-pm-preparacion-de-un-bandh-generalizado-en-el-este-de-up\/\",\"url\":\"https:\/\/www.pressenza.com\/es\/2021\/09\/skm-llama-a-un-bandh-completo-el-27-de-septiembre-de-6-am-a-4-pm-preparacion-de-un-bandh-generalizado-en-el-este-de-up\/\",\"name\":\"SKM llama a un Bandh completo el 27 de septiembre, de 6 am a 4 pm. Preparaci\u00f3n de un bandh generalizado en el este de UP.\",\"isPartOf\":{\"@id\":\"https:\/\/www.pressenza.com\/es\/#website\"},\"primaryImageOfPage\":{\"@id\":\"https:\/\/www.pressenza.com\/es\/2021\/09\/skm-llama-a-un-bandh-completo-el-27-de-septiembre-de-6-am-a-4-pm-preparacion-de-un-bandh-generalizado-en-el-este-de-up\/#primaryimage\"},\"image\":{\"@id\":\"https:\/\/www.pressenza.com\/es\/2021\/09\/skm-llama-a-un-bandh-completo-el-27-de-septiembre-de-6-am-a-4-pm-preparacion-de-un-bandh-generalizado-en-el-este-de-up\/#primaryimage\"},\"thumbnailUrl\":\"https:\/\/www.pressenza.com\/wp-content\/uploads\/2021\/09\/178597215_167893961883642_6835148543890610297_n.jpg\",\"datePublished\":\"2021-09-27T23:41:47+00:00\",\"description\":\"Sanyukt Kisan Morcha Comunicado de prensa 25 de septiembre de 2021 Los Vyapar Mandals, las Asociaciones Tempo, los organismos de abogados en el este de\",\"breadcrumb\":{\"@id\":\"https:\/\/www.pressenza.com\/es\/2021\/09\/skm-llama-a-un-bandh-completo-el-27-de-septiembre-de-6-am-a-4-pm-preparacion-de-un-bandh-generalizado-en-el-este-de-up\/#breadcrumb\"},\"inLanguage\":\"es\",\"potentialAction\":[{\"@type\":\"ReadAction\",\"target\":[\"https:\/\/www.pressenza.com\/es\/2021\/09\/skm-llama-a-un-bandh-completo-el-27-de-septiembre-de-6-am-a-4-pm-preparacion-de-un-bandh-generalizado-en-el-este-de-up\/\"]}]},{\"@type\":\"ImageObject\",\"inLanguage\":\"es\",\"@id\":\"https:\/\/www.pressenza.com\/es\/2021\/09\/skm-llama-a-un-bandh-completo-el-27-de-septiembre-de-6-am-a-4-pm-preparacion-de-un-bandh-generalizado-en-el-este-de-up\/#primaryimage\",\"url\":\"https:\/\/www.pressenza.com\/wp-content\/uploads\/2021\/09\/178597215_167893961883642_6835148543890610297_n.jpg\",\"contentUrl\":\"https:\/\/www.pressenza.com\/wp-content\/uploads\/2021\/09\/178597215_167893961883642_6835148543890610297_n.jpg\",\"width\":854,\"height\":570,\"caption\":\"Source: Kisan Morcha Delhi FB page.\"},{\"@type\":\"BreadcrumbList\",\"@id\":\"https:\/\/www.pressenza.com\/es\/2021\/09\/skm-llama-a-un-bandh-completo-el-27-de-septiembre-de-6-am-a-4-pm-preparacion-de-un-bandh-generalizado-en-el-este-de-up\/#breadcrumb\",\"itemListElement\":[{\"@type\":\"ListItem\",\"position\":1,\"name\":\"Accueil\",\"item\":\"https:\/\/www.pressenza.com\/es\/\"},{\"@type\":\"ListItem\",\"position\":2,\"name\":\"SKM llama a un Bandh completo el 27 de septiembre, de 6 am a 4 pm. Preparaci\u00f3n de un bandh generalizado en el este de UP.\"}]},{\"@type\":\"WebSite\",\"@id\":\"https:\/\/www.pressenza.com\/es\/#website\",\"url\":\"https:\/\/www.pressenza.com\/es\/\",\"name\":\"Pressenza\",\"description\":\"International Press Agency\",\"publisher\":{\"@id\":\"https:\/\/www.pressenza.com\/es\/#organization\"},\"potentialAction\":[{\"@type\":\"SearchAction\",\"target\":{\"@type\":\"EntryPoint\",\"urlTemplate\":\"https:\/\/www.pressenza.com\/es\/?s={search_term_string}\"},\"query-input\":{\"@type\":\"PropertyValueSpecification\",\"valueRequired\":true,\"valueName\":\"search_term_string\"}}],\"inLanguage\":\"es\"},{\"@type\":\"Organization\",\"@id\":\"https:\/\/www.pressenza.com\/es\/#organization\",\"name\":\"Pressenza\",\"url\":\"https:\/\/www.pressenza.com\/es\/\",\"logo\":{\"@type\":\"ImageObject\",\"inLanguage\":\"es\",\"@id\":\"https:\/\/www.pressenza.com\/es\/#\/schema\/logo\/image\/\",\"url\":\"https:\/\/www.pressenza.com\/wp-content\/uploads\/2022\/10\/pressenza_logo_200x200.jpg\",\"contentUrl\":\"https:\/\/www.pressenza.com\/wp-content\/uploads\/2022\/10\/pressenza_logo_200x200.jpg\",\"width\":200,\"height\":200,\"caption\":\"Pressenza\"},\"image\":{\"@id\":\"https:\/\/www.pressenza.com\/es\/#\/schema\/logo\/image\/\"},\"sameAs\":[\"https:\/\/www.facebook.com\/PressenzaItalia\",\"https:\/\/x.com\/PressenzaIPA\"]},{\"@type\":\"Person\",\"@id\":\"https:\/\/www.pressenza.com\/es\/#\/schema\/person\/010e5d02bcf40965427a1289a4cc8d75\",\"name\":\"Pressenza IPA\",\"description\":\"News from Pressenza IPA correspondents\",\"sameAs\":[\"https:\/\/www.facebook.com\/pressenza\",\"https:\/\/x.com\/PressenzaIPA\"],\"url\":\"https:\/\/www.pressenza.com\/es\/author\/pressenza-ipa\/\"}]}<\/script>\n<!-- \/ Yoast SEO plugin. -->","yoast_head_json":{"title":"SKM llama a un Bandh completo el 27 de septiembre, de 6 am a 4 pm. Preparaci\u00f3n de un bandh generalizado en el este de UP.","description":"Sanyukt Kisan Morcha Comunicado de prensa 25 de septiembre de 2021 Los Vyapar Mandals, las Asociaciones Tempo, los organismos de abogados en el este de","robots":{"index":"index","follow":"follow","max-snippet":"max-snippet:-1","max-image-preview":"max-image-preview:large","max-video-preview":"max-video-preview:-1"},"canonical":"https:\/\/www.pressenza.com\/es\/2021\/09\/skm-llama-a-un-bandh-completo-el-27-de-septiembre-de-6-am-a-4-pm-preparacion-de-un-bandh-generalizado-en-el-este-de-up\/","og_locale":"es_ES","og_type":"article","og_title":"SKM llama a un Bandh completo el 27 de septiembre, de 6 am a 4 pm. Preparaci\u00f3n de un bandh generalizado en el este de UP.","og_description":"Sanyukt Kisan Morcha Comunicado de prensa 25 de septiembre de 2021 Los Vyapar Mandals, las Asociaciones Tempo, los organismos de abogados en el este de","og_url":"https:\/\/www.pressenza.com\/es\/2021\/09\/skm-llama-a-un-bandh-completo-el-27-de-septiembre-de-6-am-a-4-pm-preparacion-de-un-bandh-generalizado-en-el-este-de-up\/","og_site_name":"Pressenza","article_publisher":"https:\/\/www.facebook.com\/PressenzaItalia","article_author":"https:\/\/www.facebook.com\/pressenza","article_published_time":"2021-09-27T23:41:47+00:00","og_image":[{"width":854,"height":570,"url":"https:\/\/www.pressenza.com\/wp-content\/uploads\/2021\/09\/178597215_167893961883642_6835148543890610297_n.jpg","type":"image\/jpeg"}],"author":"Pressenza IPA","twitter_card":"summary_large_image","twitter_creator":"@PressenzaIPA","twitter_site":"@PressenzaIPA","twitter_misc":{"Escrito por":"Pressenza IPA","Tiempo de lectura":"2 minutos"},"schema":{"@context":"https:\/\/schema.org","@graph":[{"@type":"Article","@id":"https:\/\/www.pressenza.com\/es\/2021\/09\/skm-llama-a-un-bandh-completo-el-27-de-septiembre-de-6-am-a-4-pm-preparacion-de-un-bandh-generalizado-en-el-este-de-up\/#article","isPartOf":{"@id":"https:\/\/www.pressenza.com\/es\/2021\/09\/skm-llama-a-un-bandh-completo-el-27-de-septiembre-de-6-am-a-4-pm-preparacion-de-un-bandh-generalizado-en-el-este-de-up\/"},"author":{"name":"Pressenza IPA","@id":"https:\/\/www.pressenza.com\/es\/#\/schema\/person\/010e5d02bcf40965427a1289a4cc8d75"},"headline":"SKM llama a un Bandh completo el 27 de septiembre, de 6 am a 4 pm. Preparaci\u00f3n de un bandh generalizado en el este de UP.","datePublished":"2021-09-27T23:41:47+00:00","mainEntityOfPage":{"@id":"https:\/\/www.pressenza.com\/es\/2021\/09\/skm-llama-a-un-bandh-completo-el-27-de-septiembre-de-6-am-a-4-pm-preparacion-de-un-bandh-generalizado-en-el-este-de-up\/"},"wordCount":395,"publisher":{"@id":"https:\/\/www.pressenza.com\/es\/#organization"},"image":{"@id":"https:\/\/www.pressenza.com\/es\/2021\/09\/skm-llama-a-un-bandh-completo-el-27-de-septiembre-de-6-am-a-4-pm-preparacion-de-un-bandh-generalizado-en-el-este-de-up\/#primaryimage"},"thumbnailUrl":"https:\/\/www.pressenza.com\/wp-content\/uploads\/2021\/09\/178597215_167893961883642_6835148543890610297_n.jpg","articleSection":["Asia","Comunicados de Prensa","Pol\u00edtica"],"inLanguage":"es"},{"@type":"WebPage","@id":"https:\/\/www.pressenza.com\/es\/2021\/09\/skm-llama-a-un-bandh-completo-el-27-de-septiembre-de-6-am-a-4-pm-preparacion-de-un-bandh-generalizado-en-el-este-de-up\/","url":"https:\/\/www.pressenza.com\/es\/2021\/09\/skm-llama-a-un-bandh-completo-el-27-de-septiembre-de-6-am-a-4-pm-preparacion-de-un-bandh-generalizado-en-el-este-de-up\/","name":"SKM llama a un Bandh completo el 27 de septiembre, de 6 am a 4 pm. Preparaci\u00f3n de un bandh generalizado en el este de UP.","isPartOf":{"@id":"https:\/\/www.pressenza.com\/es\/#website"},"primaryImageOfPage":{"@id":"https:\/\/www.pressenza.com\/es\/2021\/09\/skm-llama-a-un-bandh-completo-el-27-de-septiembre-de-6-am-a-4-pm-preparacion-de-un-bandh-generalizado-en-el-este-de-up\/#primaryimage"},"image":{"@id":"https:\/\/www.pressenza.com\/es\/2021\/09\/skm-llama-a-un-bandh-completo-el-27-de-septiembre-de-6-am-a-4-pm-preparacion-de-un-bandh-generalizado-en-el-este-de-up\/#primaryimage"},"thumbnailUrl":"https:\/\/www.pressenza.com\/wp-content\/uploads\/2021\/09\/178597215_167893961883642_6835148543890610297_n.jpg","datePublished":"2021-09-27T23:41:47+00:00","description":"Sanyukt Kisan Morcha Comunicado de prensa 25 de septiembre de 2021 Los Vyapar Mandals, las Asociaciones Tempo, los organismos de abogados en el este de","breadcrumb":{"@id":"https:\/\/www.pressenza.com\/es\/2021\/09\/skm-llama-a-un-bandh-completo-el-27-de-septiembre-de-6-am-a-4-pm-preparacion-de-un-bandh-generalizado-en-el-este-de-up\/#breadcrumb"},"inLanguage":"es","potentialAction":[{"@type":"ReadAction","target":["https:\/\/www.pressenza.com\/es\/2021\/09\/skm-llama-a-un-bandh-completo-el-27-de-septiembre-de-6-am-a-4-pm-preparacion-de-un-bandh-generalizado-en-el-este-de-up\/"]}]},{"@type":"ImageObject","inLanguage":"es","@id":"https:\/\/www.pressenza.com\/es\/2021\/09\/skm-llama-a-un-bandh-completo-el-27-de-septiembre-de-6-am-a-4-pm-preparacion-de-un-bandh-generalizado-en-el-este-de-up\/#primaryimage","url":"https:\/\/www.pressenza.com\/wp-content\/uploads\/2021\/09\/178597215_167893961883642_6835148543890610297_n.jpg","contentUrl":"https:\/\/www.pressenza.com\/wp-content\/uploads\/2021\/09\/178597215_167893961883642_6835148543890610297_n.jpg","width":854,"height":570,"caption":"Source: Kisan Morcha Delhi FB page."},{"@type":"BreadcrumbList","@id":"https:\/\/www.pressenza.com\/es\/2021\/09\/skm-llama-a-un-bandh-completo-el-27-de-septiembre-de-6-am-a-4-pm-preparacion-de-un-bandh-generalizado-en-el-este-de-up\/#breadcrumb","itemListElement":[{"@type":"ListItem","position":1,"name":"Accueil","item":"https:\/\/www.pressenza.com\/es\/"},{"@type":"ListItem","position":2,"name":"SKM llama a un Bandh completo el 27 de septiembre, de 6 am a 4 pm. Preparaci\u00f3n de un bandh generalizado en el este de UP."}]},{"@type":"WebSite","@id":"https:\/\/www.pressenza.com\/es\/#website","url":"https:\/\/www.pressenza.com\/es\/","name":"Pressenza","description":"International Press Agency","publisher":{"@id":"https:\/\/www.pressenza.com\/es\/#organization"},"potentialAction":[{"@type":"SearchAction","target":{"@type":"EntryPoint","urlTemplate":"https:\/\/www.pressenza.com\/es\/?s={search_term_string}"},"query-input":{"@type":"PropertyValueSpecification","valueRequired":true,"valueName":"search_term_string"}}],"inLanguage":"es"},{"@type":"Organization","@id":"https:\/\/www.pressenza.com\/es\/#organization","name":"Pressenza","url":"https:\/\/www.pressenza.com\/es\/","logo":{"@type":"ImageObject","inLanguage":"es","@id":"https:\/\/www.pressenza.com\/es\/#\/schema\/logo\/image\/","url":"https:\/\/www.pressenza.com\/wp-content\/uploads\/2022\/10\/pressenza_logo_200x200.jpg","contentUrl":"https:\/\/www.pressenza.com\/wp-content\/uploads\/2022\/10\/pressenza_logo_200x200.jpg","width":200,"height":200,"caption":"Pressenza"},"image":{"@id":"https:\/\/www.pressenza.com\/es\/#\/schema\/logo\/image\/"},"sameAs":["https:\/\/www.facebook.com\/PressenzaItalia","https:\/\/x.com\/PressenzaIPA"]},{"@type":"Person","@id":"https:\/\/www.pressenza.com\/es\/#\/schema\/person\/010e5d02bcf40965427a1289a4cc8d75","name":"Pressenza IPA","description":"News from Pressenza IPA correspondents","sameAs":["https:\/\/www.facebook.com\/pressenza","https:\/\/x.com\/PressenzaIPA"],"url":"https:\/\/www.pressenza.com\/es\/author\/pressenza-ipa\/"}]}},"place":"India","original_article_url":"","_links":{"self":[{"href":"https:\/\/www.pressenza.com\/es\/wp-json\/wp\/v2\/posts\/1438882","targetHints":{"allow":["GET"]}}],"collection":[{"href":"https:\/\/www.pressenza.com\/es\/wp-json\/wp\/v2\/posts"}],"about":[{"href":"https:\/\/www.pressenza.com\/es\/wp-json\/wp\/v2\/types\/post"}],"author":[{"embeddable":true,"href":"https:\/\/www.pressenza.com\/es\/wp-json\/wp\/v2\/users\/19"}],"replies":[{"embeddable":true,"href":"https:\/\/www.pressenza.com\/es\/wp-json\/wp\/v2\/comments?post=1438882"}],"version-history":[{"count":0,"href":"https:\/\/www.pressenza.com\/es\/wp-json\/wp\/v2\/posts\/1438882\/revisions"}],"wp:featuredmedia":[{"embeddable":true,"href":"https:\/\/www.pressenza.com\/es\/wp-json\/wp\/v2\/media\/1437689"}],"wp:attachment":[{"href":"https:\/\/www.pressenza.com\/es\/wp-json\/wp\/v2\/media?parent=1438882"}],"wp:term":[{"taxonomy":"category","embeddable":true,"href":"https:\/\/www.pressenza.com\/es\/wp-json\/wp\/v2\/categories?post=1438882"},{"taxonomy":"post_tag","embeddable":true,"href":"https:\/\/www.pressenza.com\/es\/wp-json\/wp\/v2\/tags?post=1438882"}],"curies":[{"name":"wp","href":"https:\/\/api.w.org\/{rel}","templated":true}]}}