{"id":1437959,"date":"2021-09-26T15:08:00","date_gmt":"2021-09-26T14:08:00","guid":{"rendered":"https:\/\/www.pressenza.com\/?p=1437959"},"modified":"2021-09-26T15:08:00","modified_gmt":"2021-09-26T14:08:00","slug":"chile-ratifica-el-tpan","status":"publish","type":"post","link":"https:\/\/www.pressenza.com\/es\/2021\/09\/chile-ratifica-el-tpan\/","title":{"rendered":"Chile ratifica el TPAN"},"content":{"rendered":"<h2>Chile es el treceavo pa\u00eds latinoamericano en ratificar el Tratado de Prohibici\u00f3n de Armas Nucleares<\/h2>\n<p>Con la ratificaci\u00f3n de Chile, 13 pa\u00edses de Am\u00e9rica Latina ya han ratificado el Tratado de Prohibici\u00f3n de Armas Nucleares: Bolivia, Chile, Costa Rica, Cuba, Ecuador, El Salvador, Honduras, M\u00e9xico, Nicaragua, Panam\u00e1, Paragua, Uruguay y Venezuela.<\/p>\n<p>Otros cinco pa\u00edses de la regi\u00f3n han firmado el tratado y est\u00e1n trabajando para ratificarlo: Brasil, Colombia, Per\u00fa, Guatemala y Rep\u00fablica Dominicana.<\/p>\n<p>Con esta ratificaci\u00f3n, son 86 pa\u00edses los que han firmado el\u00a0<a href=\"https:\/\/theworldmarch.org\/paises-tpan\/\">TPAN<\/a>\u00a0y 56 los que han lo han ratificado.<\/p>\n<p>El 7 de julio de 2017, despu\u00e9s de una d\u00e9cada de trabajo por parte de\u00a0<a href=\"https:\/\/www.icanw.org\/\" target=\"_blank\" rel=\"noreferrer noopener\">ICAN<\/a>\u00a0y sus socios, una abrumadora mayor\u00eda de las naciones del mundo adoptaron un acuerdo mundial hist\u00f3rico para prohibir las armas nucleares, conocido oficialmente como el Tratado de Prohibici\u00f3n de Armas Nucleares.<\/p>\n<p>El tratado, tras llegar a su hito m\u00ednimo de 50 ratificaciones, entr\u00f3 en vigor el 20 de enero de 2021.<\/p>\n<p>Proh\u00edbe espec\u00edficamente a los Estados partes desarrollar, probar, producir, fabricar, adquirir, poseer, desplegar, usar o amenazar con usar armas nucleares y ayudar o alentar tales actos.<\/p>\n<p>Se tratar\u00e1 de reforzar el derecho internacional existente que obliga a\u00a0todos los\u00a0estados a no probar, usar o amenazar con el uso de armas nucleares.<\/p>\n<p>La firma de ratificaci\u00f3n por parte de Chile, coincide con el desarrollo de la Marcha Latinoamericana por la Noviolencia, que est\u00e1 recorriendo Latinoam\u00e9rica entre entre el 15 de septiembre 2021, Bicentenario de la Independencia de pa\u00edses Centroamericanos y el 2 de octubre, D\u00eda Internacional de la Noviolencia.<\/p>\n","protected":false},"excerpt":{"rendered":"<p>Chile es el treceavo pa\u00eds latinoamericano en ratificar el Tratado de Prohibici\u00f3n de Armas Nucleares Con la ratificaci\u00f3n de Chile, 13 pa\u00edses de Am\u00e9rica Latina ya han ratificado el Tratado de Prohibici\u00f3n de Armas Nucleares: Bolivia, Chile, Costa Rica, Cuba,&hellip;<\/p>\n","protected":false},"author":1619,"featured_media":1437960,"comment_status":"closed","ping_status":"closed","sticky":false,"template":"","format":"standard","meta":{"footnotes":""},"categories":[1243],"tags":[29,383,93128],"class_list":["post-1437959","post","type-post","status-publish","format-standard","has-post-thumbnail","hentry","category-paz-desarme","tag-chile","tag-noviolencia","tag-tpan-tratado-de-prohibicion-de-armas-nucleares"],"yoast_head":"<!-- This site is optimized with the Yoast SEO plugin v27.1.1 - https:\/\/yoast.com\/product\/yoast-seo-wordpress\/ -->\n<title>Chile ratifica el TPAN<\/title>\n<meta name=\"description\" content=\"Chile ratifica el TPAN. Chile es el treceavo pa\u00eds latinoamericano en ratificar el Tratado de Prohibici\u00f3n de Armas Nucleares\" \/>\n<meta name=\"robots\" content=\"index, follow, max-snippet:-1, max-image-preview:large, max-video-preview:-1\" \/>\n<link rel=\"canonical\" href=\"https:\/\/www.pressenza.com\/es\/2021\/09\/chile-ratifica-el-tpan\/\" \/>\n<meta property=\"og:locale\" content=\"es_ES\" \/>\n<meta property=\"og:type\" content=\"article\" \/>\n<meta property=\"og:title\" content=\"Chile ratifica el TPAN\" \/>\n<meta property=\"og:description\" content=\"Chile ratifica el TPAN. Chile es el treceavo pa\u00eds latinoamericano en ratificar el Tratado de Prohibici\u00f3n de Armas Nucleares\" \/>\n<meta property=\"og:url\" content=\"https:\/\/www.pressenza.com\/es\/2021\/09\/chile-ratifica-el-tpan\/\" \/>\n<meta property=\"og:site_name\" content=\"Pressenza\" \/>\n<meta property=\"article:publisher\" content=\"https:\/\/www.facebook.com\/PressenzaItalia\" \/>\n<meta property=\"article:published_time\" content=\"2021-09-26T14:08:00+00:00\" \/>\n<meta property=\"og:image\" content=\"https:\/\/www.pressenza.com\/wp-content\/uploads\/2021\/09\/Chile-ratifica-el-TPAN-720.jpg\" \/>\n\t<meta property=\"og:image:width\" content=\"720\" \/>\n\t<meta property=\"og:image:height\" content=\"405\" \/>\n\t<meta property=\"og:image:type\" content=\"image\/jpeg\" \/>\n<meta name=\"author\" content=\"Antonio Gancedo\" \/>\n<meta name=\"twitter:card\" content=\"summary_large_image\" \/>\n<meta name=\"twitter:creator\" content=\"@PressenzaIPA\" \/>\n<meta name=\"twitter:site\" content=\"@PressenzaIPA\" \/>\n<meta name=\"twitter:label1\" content=\"Escrito por\" \/>\n\t<meta name=\"twitter:data1\" content=\"Antonio Gancedo\" \/>\n\t<meta name=\"twitter:label2\" content=\"Tiempo de lectura\" \/>\n\t<meta name=\"twitter:data2\" content=\"1 minuto\" \/>\n<script type=\"application\/ld+json\" class=\"yoast-schema-graph\">{\"@context\":\"https:\/\/schema.org\",\"@graph\":[{\"@type\":\"Article\",\"@id\":\"https:\/\/www.pressenza.com\/es\/2021\/09\/chile-ratifica-el-tpan\/#article\",\"isPartOf\":{\"@id\":\"https:\/\/www.pressenza.com\/es\/2021\/09\/chile-ratifica-el-tpan\/\"},\"author\":{\"name\":\"Antonio Gancedo\",\"@id\":\"https:\/\/www.pressenza.com\/es\/#\/schema\/person\/0889c8e06f27db8f8ee7faaf15aa3439\"},\"headline\":\"Chile ratifica el TPAN\",\"datePublished\":\"2021-09-26T14:08:00+00:00\",\"mainEntityOfPage\":{\"@id\":\"https:\/\/www.pressenza.com\/es\/2021\/09\/chile-ratifica-el-tpan\/\"},\"wordCount\":277,\"publisher\":{\"@id\":\"https:\/\/www.pressenza.com\/es\/#organization\"},\"image\":{\"@id\":\"https:\/\/www.pressenza.com\/es\/2021\/09\/chile-ratifica-el-tpan\/#primaryimage\"},\"thumbnailUrl\":\"https:\/\/www.pressenza.com\/wp-content\/uploads\/2021\/09\/Chile-ratifica-el-TPAN-720.jpg\",\"keywords\":[\"Chile\",\"Noviolencia\",\"TPAN (Tratado de Prohibici\u00f3n de Armas Nucleares)\"],\"articleSection\":[\"Paz y Desarme\"],\"inLanguage\":\"es\"},{\"@type\":\"WebPage\",\"@id\":\"https:\/\/www.pressenza.com\/es\/2021\/09\/chile-ratifica-el-tpan\/\",\"url\":\"https:\/\/www.pressenza.com\/es\/2021\/09\/chile-ratifica-el-tpan\/\",\"name\":\"Chile ratifica el TPAN\",\"isPartOf\":{\"@id\":\"https:\/\/www.pressenza.com\/es\/#website\"},\"primaryImageOfPage\":{\"@id\":\"https:\/\/www.pressenza.com\/es\/2021\/09\/chile-ratifica-el-tpan\/#primaryimage\"},\"image\":{\"@id\":\"https:\/\/www.pressenza.com\/es\/2021\/09\/chile-ratifica-el-tpan\/#primaryimage\"},\"thumbnailUrl\":\"https:\/\/www.pressenza.com\/wp-content\/uploads\/2021\/09\/Chile-ratifica-el-TPAN-720.jpg\",\"datePublished\":\"2021-09-26T14:08:00+00:00\",\"description\":\"Chile ratifica el TPAN. Chile es el treceavo pa\u00eds latinoamericano en ratificar el Tratado de Prohibici\u00f3n de Armas Nucleares\",\"breadcrumb\":{\"@id\":\"https:\/\/www.pressenza.com\/es\/2021\/09\/chile-ratifica-el-tpan\/#breadcrumb\"},\"inLanguage\":\"es\",\"potentialAction\":[{\"@type\":\"ReadAction\",\"target\":[\"https:\/\/www.pressenza.com\/es\/2021\/09\/chile-ratifica-el-tpan\/\"]}]},{\"@type\":\"ImageObject\",\"inLanguage\":\"es\",\"@id\":\"https:\/\/www.pressenza.com\/es\/2021\/09\/chile-ratifica-el-tpan\/#primaryimage\",\"url\":\"https:\/\/www.pressenza.com\/wp-content\/uploads\/2021\/09\/Chile-ratifica-el-TPAN-720.jpg\",\"contentUrl\":\"https:\/\/www.pressenza.com\/wp-content\/uploads\/2021\/09\/Chile-ratifica-el-TPAN-720.jpg\",\"width\":720,\"height\":405,\"caption\":\"Chile ratifica el TPAN\"},{\"@type\":\"BreadcrumbList\",\"@id\":\"https:\/\/www.pressenza.com\/es\/2021\/09\/chile-ratifica-el-tpan\/#breadcrumb\",\"itemListElement\":[{\"@type\":\"ListItem\",\"position\":1,\"name\":\"Accueil\",\"item\":\"https:\/\/www.pressenza.com\/es\/\"},{\"@type\":\"ListItem\",\"position\":2,\"name\":\"Chile ratifica el TPAN\"}]},{\"@type\":\"WebSite\",\"@id\":\"https:\/\/www.pressenza.com\/es\/#website\",\"url\":\"https:\/\/www.pressenza.com\/es\/\",\"name\":\"Pressenza\",\"description\":\"International Press Agency\",\"publisher\":{\"@id\":\"https:\/\/www.pressenza.com\/es\/#organization\"},\"potentialAction\":[{\"@type\":\"SearchAction\",\"target\":{\"@type\":\"EntryPoint\",\"urlTemplate\":\"https:\/\/www.pressenza.com\/es\/?s={search_term_string}\"},\"query-input\":{\"@type\":\"PropertyValueSpecification\",\"valueRequired\":true,\"valueName\":\"search_term_string\"}}],\"inLanguage\":\"es\"},{\"@type\":\"Organization\",\"@id\":\"https:\/\/www.pressenza.com\/es\/#organization\",\"name\":\"Pressenza\",\"url\":\"https:\/\/www.pressenza.com\/es\/\",\"logo\":{\"@type\":\"ImageObject\",\"inLanguage\":\"es\",\"@id\":\"https:\/\/www.pressenza.com\/es\/#\/schema\/logo\/image\/\",\"url\":\"https:\/\/www.pressenza.com\/wp-content\/uploads\/2022\/10\/pressenza_logo_200x200.jpg\",\"contentUrl\":\"https:\/\/www.pressenza.com\/wp-content\/uploads\/2022\/10\/pressenza_logo_200x200.jpg\",\"width\":200,\"height\":200,\"caption\":\"Pressenza\"},\"image\":{\"@id\":\"https:\/\/www.pressenza.com\/es\/#\/schema\/logo\/image\/\"},\"sameAs\":[\"https:\/\/www.facebook.com\/PressenzaItalia\",\"https:\/\/x.com\/PressenzaIPA\"]},{\"@type\":\"Person\",\"@id\":\"https:\/\/www.pressenza.com\/es\/#\/schema\/person\/0889c8e06f27db8f8ee7faaf15aa3439\",\"name\":\"Antonio Gancedo\",\"description\":\"Redactor de Pressenza. Redactor de theworldmarch.org. Militante Humanista.\",\"url\":\"https:\/\/www.pressenza.com\/es\/author\/antonio-gancedo\/\"}]}<\/script>\n<!-- \/ Yoast SEO plugin. -->","yoast_head_json":{"title":"Chile ratifica el TPAN","description":"Chile ratifica el TPAN. Chile es el treceavo pa\u00eds latinoamericano en ratificar el Tratado de Prohibici\u00f3n de Armas Nucleares","robots":{"index":"index","follow":"follow","max-snippet":"max-snippet:-1","max-image-preview":"max-image-preview:large","max-video-preview":"max-video-preview:-1"},"canonical":"https:\/\/www.pressenza.com\/es\/2021\/09\/chile-ratifica-el-tpan\/","og_locale":"es_ES","og_type":"article","og_title":"Chile ratifica el TPAN","og_description":"Chile ratifica el TPAN. Chile es el treceavo pa\u00eds latinoamericano en ratificar el Tratado de Prohibici\u00f3n de Armas Nucleares","og_url":"https:\/\/www.pressenza.com\/es\/2021\/09\/chile-ratifica-el-tpan\/","og_site_name":"Pressenza","article_publisher":"https:\/\/www.facebook.com\/PressenzaItalia","article_published_time":"2021-09-26T14:08:00+00:00","og_image":[{"width":720,"height":405,"url":"https:\/\/www.pressenza.com\/wp-content\/uploads\/2021\/09\/Chile-ratifica-el-TPAN-720.jpg","type":"image\/jpeg"}],"author":"Antonio Gancedo","twitter_card":"summary_large_image","twitter_creator":"@PressenzaIPA","twitter_site":"@PressenzaIPA","twitter_misc":{"Escrito por":"Antonio Gancedo","Tiempo de lectura":"1 minuto"},"schema":{"@context":"https:\/\/schema.org","@graph":[{"@type":"Article","@id":"https:\/\/www.pressenza.com\/es\/2021\/09\/chile-ratifica-el-tpan\/#article","isPartOf":{"@id":"https:\/\/www.pressenza.com\/es\/2021\/09\/chile-ratifica-el-tpan\/"},"author":{"name":"Antonio Gancedo","@id":"https:\/\/www.pressenza.com\/es\/#\/schema\/person\/0889c8e06f27db8f8ee7faaf15aa3439"},"headline":"Chile ratifica el TPAN","datePublished":"2021-09-26T14:08:00+00:00","mainEntityOfPage":{"@id":"https:\/\/www.pressenza.com\/es\/2021\/09\/chile-ratifica-el-tpan\/"},"wordCount":277,"publisher":{"@id":"https:\/\/www.pressenza.com\/es\/#organization"},"image":{"@id":"https:\/\/www.pressenza.com\/es\/2021\/09\/chile-ratifica-el-tpan\/#primaryimage"},"thumbnailUrl":"https:\/\/www.pressenza.com\/wp-content\/uploads\/2021\/09\/Chile-ratifica-el-TPAN-720.jpg","keywords":["Chile","Noviolencia","TPAN (Tratado de Prohibici\u00f3n de Armas Nucleares)"],"articleSection":["Paz y Desarme"],"inLanguage":"es"},{"@type":"WebPage","@id":"https:\/\/www.pressenza.com\/es\/2021\/09\/chile-ratifica-el-tpan\/","url":"https:\/\/www.pressenza.com\/es\/2021\/09\/chile-ratifica-el-tpan\/","name":"Chile ratifica el TPAN","isPartOf":{"@id":"https:\/\/www.pressenza.com\/es\/#website"},"primaryImageOfPage":{"@id":"https:\/\/www.pressenza.com\/es\/2021\/09\/chile-ratifica-el-tpan\/#primaryimage"},"image":{"@id":"https:\/\/www.pressenza.com\/es\/2021\/09\/chile-ratifica-el-tpan\/#primaryimage"},"thumbnailUrl":"https:\/\/www.pressenza.com\/wp-content\/uploads\/2021\/09\/Chile-ratifica-el-TPAN-720.jpg","datePublished":"2021-09-26T14:08:00+00:00","description":"Chile ratifica el TPAN. Chile es el treceavo pa\u00eds latinoamericano en ratificar el Tratado de Prohibici\u00f3n de Armas Nucleares","breadcrumb":{"@id":"https:\/\/www.pressenza.com\/es\/2021\/09\/chile-ratifica-el-tpan\/#breadcrumb"},"inLanguage":"es","potentialAction":[{"@type":"ReadAction","target":["https:\/\/www.pressenza.com\/es\/2021\/09\/chile-ratifica-el-tpan\/"]}]},{"@type":"ImageObject","inLanguage":"es","@id":"https:\/\/www.pressenza.com\/es\/2021\/09\/chile-ratifica-el-tpan\/#primaryimage","url":"https:\/\/www.pressenza.com\/wp-content\/uploads\/2021\/09\/Chile-ratifica-el-TPAN-720.jpg","contentUrl":"https:\/\/www.pressenza.com\/wp-content\/uploads\/2021\/09\/Chile-ratifica-el-TPAN-720.jpg","width":720,"height":405,"caption":"Chile ratifica el TPAN"},{"@type":"BreadcrumbList","@id":"https:\/\/www.pressenza.com\/es\/2021\/09\/chile-ratifica-el-tpan\/#breadcrumb","itemListElement":[{"@type":"ListItem","position":1,"name":"Accueil","item":"https:\/\/www.pressenza.com\/es\/"},{"@type":"ListItem","position":2,"name":"Chile ratifica el TPAN"}]},{"@type":"WebSite","@id":"https:\/\/www.pressenza.com\/es\/#website","url":"https:\/\/www.pressenza.com\/es\/","name":"Pressenza","description":"International Press Agency","publisher":{"@id":"https:\/\/www.pressenza.com\/es\/#organization"},"potentialAction":[{"@type":"SearchAction","target":{"@type":"EntryPoint","urlTemplate":"https:\/\/www.pressenza.com\/es\/?s={search_term_string}"},"query-input":{"@type":"PropertyValueSpecification","valueRequired":true,"valueName":"search_term_string"}}],"inLanguage":"es"},{"@type":"Organization","@id":"https:\/\/www.pressenza.com\/es\/#organization","name":"Pressenza","url":"https:\/\/www.pressenza.com\/es\/","logo":{"@type":"ImageObject","inLanguage":"es","@id":"https:\/\/www.pressenza.com\/es\/#\/schema\/logo\/image\/","url":"https:\/\/www.pressenza.com\/wp-content\/uploads\/2022\/10\/pressenza_logo_200x200.jpg","contentUrl":"https:\/\/www.pressenza.com\/wp-content\/uploads\/2022\/10\/pressenza_logo_200x200.jpg","width":200,"height":200,"caption":"Pressenza"},"image":{"@id":"https:\/\/www.pressenza.com\/es\/#\/schema\/logo\/image\/"},"sameAs":["https:\/\/www.facebook.com\/PressenzaItalia","https:\/\/x.com\/PressenzaIPA"]},{"@type":"Person","@id":"https:\/\/www.pressenza.com\/es\/#\/schema\/person\/0889c8e06f27db8f8ee7faaf15aa3439","name":"Antonio Gancedo","description":"Redactor de Pressenza. Redactor de theworldmarch.org. Militante Humanista.","url":"https:\/\/www.pressenza.com\/es\/author\/antonio-gancedo\/"}]}},"place":"","original_article_url":"https:\/\/theworldmarch.org\/chile-ratifica-el-tpan\/","_links":{"self":[{"href":"https:\/\/www.pressenza.com\/es\/wp-json\/wp\/v2\/posts\/1437959","targetHints":{"allow":["GET"]}}],"collection":[{"href":"https:\/\/www.pressenza.com\/es\/wp-json\/wp\/v2\/posts"}],"about":[{"href":"https:\/\/www.pressenza.com\/es\/wp-json\/wp\/v2\/types\/post"}],"author":[{"embeddable":true,"href":"https:\/\/www.pressenza.com\/es\/wp-json\/wp\/v2\/users\/1619"}],"replies":[{"embeddable":true,"href":"https:\/\/www.pressenza.com\/es\/wp-json\/wp\/v2\/comments?post=1437959"}],"version-history":[{"count":0,"href":"https:\/\/www.pressenza.com\/es\/wp-json\/wp\/v2\/posts\/1437959\/revisions"}],"wp:featuredmedia":[{"embeddable":true,"href":"https:\/\/www.pressenza.com\/es\/wp-json\/wp\/v2\/media\/1437960"}],"wp:attachment":[{"href":"https:\/\/www.pressenza.com\/es\/wp-json\/wp\/v2\/media?parent=1437959"}],"wp:term":[{"taxonomy":"category","embeddable":true,"href":"https:\/\/www.pressenza.com\/es\/wp-json\/wp\/v2\/categories?post=1437959"},{"taxonomy":"post_tag","embeddable":true,"href":"https:\/\/www.pressenza.com\/es\/wp-json\/wp\/v2\/tags?post=1437959"}],"curies":[{"name":"wp","href":"https:\/\/api.w.org\/{rel}","templated":true}]}}