{"id":1433419,"date":"2021-09-21T00:38:33","date_gmt":"2021-09-20T23:38:33","guid":{"rendered":"https:\/\/www.pressenza.com\/?p=1433419"},"modified":"2021-09-21T00:38:33","modified_gmt":"2021-09-20T23:38:33","slug":"chile-tras-dos-anos-elige-cultura-es-la-gran-plataforma-colaborativa-que-reune-lo-mejor-de-la-programacion-artistica-cultural-y-patrimonial","status":"publish","type":"post","link":"https:\/\/www.pressenza.com\/es\/2021\/09\/chile-tras-dos-anos-elige-cultura-es-la-gran-plataforma-colaborativa-que-reune-lo-mejor-de-la-programacion-artistica-cultural-y-patrimonial\/","title":{"rendered":"Chile: Tras dos a\u00f1os Elige Cultura es la gran plataforma colaborativa que re\u00fane lo mejor de la programaci\u00f3n art\u00edstica, cultural y patrimonial"},"content":{"rendered":"<p>Chile ha vivido un acelerado proceso de transformaci\u00f3n que le ha permitido sumarse velozmente a la revoluci\u00f3n digital. En agosto de 2020, la Comisi\u00f3n Econ\u00f3mica para Am\u00e9rica Latina y el Caribe (CEPAL) destac\u00f3 a Chile entre los tres primeros pa\u00edses de la regi\u00f3n con mejores niveles de conectividad a la tecnolog\u00eda digital. Sin lugar a duda la pandemia aceler\u00f3 esta revoluci\u00f3n, la que es visible en la experiencia que ha desarrollado Elige Cultura que el a\u00f1o pasadofue visitada por 790 mil personas, el doble respecto de 2019 y en la que en un proceso de un a\u00f1o se han sumadocasi 900 organizaciones culturales de todo Chile.<\/p>\n<p>Elige Cultura (www.eligecultura.cl)\u00a0 re\u00fane de forma atractiva la programaci\u00f3n art\u00edstica, cultural y patrimonial del pa\u00eds. Permite, de una manera innovadora y transversal, acceder a contenidos culturales virtuales, tanto nacionales como internacionales.A trav\u00e9s de su sitio web y redes sociales, re\u00fane contenidos relevantes y valiosos del acervo cultural nacional, facilitando el acceso a la ciudadan\u00eda, generando un di\u00e1logo y una comunidad activa.<\/p>\n<p>La plataforma presenta una cartelera de eventos culturales de todas las regiones del pa\u00eds, adem\u00e1s de material multimedial que permite acceder a diversas instituciones y espacios culturales del mundo. Tiene acceso a recorridos virtuales de museos, colecciones de arte en l\u00ednea, galer\u00edas de fotos, documentales y aplicaciones m\u00f3viles. Recientemente lanz\u00f3 una aplicaci\u00f3n m\u00f3vil disponible para descarga gratuita para sistemas iOS y Android.<\/p>\n<div id=\"attachment_1433430\" class=\"wp-caption alignnone\"><img loading=\"lazy\" decoding=\"async\" aria-describedby=\"caption-attachment-1433430\" class=\"wp-image-1433430 size-full\" src=\"https:\/\/www.pressenza.com\/wp-content\/uploads\/2021\/09\/51346967814_24b618297c_o.jpg\" alt=\"\" width=\"1920\" height=\"1280\" srcset=\"https:\/\/www.pressenza.com\/wp-content\/uploads\/2021\/09\/51346967814_24b618297c_o.jpg 1920w, https:\/\/www.pressenza.com\/wp-content\/uploads\/2021\/09\/51346967814_24b618297c_o-300x200.jpg 300w, https:\/\/www.pressenza.com\/wp-content\/uploads\/2021\/09\/51346967814_24b618297c_o-820x547.jpg 820w\" sizes=\"auto, (max-width: 1920px) 100vw, 1920px\" \/><p id=\"caption-attachment-1433430\" class=\"wp-caption-text\">Ministra de las Culturas y alcaldesa de la comuna anuncian reapertura del Teatro Municipal de Las Condes<br \/>Fotos: Mario Ruiz<\/p><\/div>\n<p>\u201cElige Cultura ha sido una manera de llevar a la ciudadan\u00eda actividades y contenidos digitales de las m\u00e1s variadas disciplinas, pero tambi\u00e9n una vitrina para que las instituciones den a conocer el trabajo que han seguido desarrollando durante la pandemia. Desde que se inicia la pandemia, Elige Cultura, se convirti\u00f3 en una plataforma que no solo logr\u00f3 posicionarse a lo largo de todo Chile, sino que tambi\u00e9n en el extranjero. Nuestro desaf\u00edo es seguir evolucionando con m\u00e1s y mejores herramientas para que la plataforma pueda seguir entregando mayores contenidos a futuro\u201d, dice Luz Mar\u00eda D\u00edaz de Vald\u00e9s, Jefa de la Unidad de Cultura Digital.<\/p>\n<p>La plataforma cuenta con 845 organizaciones culturales inscritas, de todas las regiones. Entre ellas se encuentran el Instituto de M\u00fasica UC, el Museo Violeta Parra, GAM, la Biblioteca Regional de Antofagasta, la Casa de la Cultura Chiguayante, el Centro Arte Alameda, la Cineteca Nacional de Chile y la Corporaci\u00f3n Cultural de Las Condes.<\/p>\n<p>Adem\u00e1s de la cartelera, Elige Cultura incluye recorridos virtuales, piezas audiovisuales, podcast, sitios multimedia, galer\u00edas de fotos, entre otros. Tambi\u00e9n el sitio web tiene especiales dedicados a las artes esc\u00e9nicas, m\u00fasica y cine chileno, mujeres creadoras, artesan\u00edas, libros, p\u00fablicos y cultura digital.<\/p>\n<p>Descarga la app<\/p>\n<p><a href=\"https:\/\/bit.ly\/AppEligeCulturaAndroid\">https:\/\/bit.ly\/AppEligeCulturaAndroid<\/a><br \/>\n<a href=\"https:\/\/bit.ly\/AppEligeCulturaios\">https:\/\/bit.ly\/AppEligeCulturaios<\/a><br \/>\n<a href=\"https:\/\/www.youtube.com\/watch?v=84DT73LXJt0&amp;feature=emb_imp_woyt\">https:\/\/www.youtube.com\/watch?v=84DT73LXJt0&amp;feature=emb_imp_woyt<\/a><\/p>\n<div id=\"attachment_1433440\" class=\"wp-caption alignnone\"><img loading=\"lazy\" decoding=\"async\" aria-describedby=\"caption-attachment-1433440\" class=\"wp-image-1433440 size-full\" src=\"https:\/\/www.pressenza.com\/wp-content\/uploads\/2021\/09\/51425364843_f3dc934f90_o-1.jpg\" alt=\"\" width=\"1920\" height=\"1280\" srcset=\"https:\/\/www.pressenza.com\/wp-content\/uploads\/2021\/09\/51425364843_f3dc934f90_o-1.jpg 1920w, https:\/\/www.pressenza.com\/wp-content\/uploads\/2021\/09\/51425364843_f3dc934f90_o-1-300x200.jpg 300w, https:\/\/www.pressenza.com\/wp-content\/uploads\/2021\/09\/51425364843_f3dc934f90_o-1-820x547.jpg 820w\" sizes=\"auto, (max-width: 1920px) 100vw, 1920px\" \/><p id=\"caption-attachment-1433440\" class=\"wp-caption-text\">100 espacios culturales ya son parte de la red nacional de fibra \u0097ptica implementada por el Ministerio de las Culturas<br \/>Fotos: Mario Ruiz<\/p><\/div>\n<p>&nbsp;<\/p>\n","protected":false},"excerpt":{"rendered":"<p>Chile ha vivido un acelerado proceso de transformaci\u00f3n que le ha permitido sumarse velozmente a la revoluci\u00f3n digital. En agosto de 2020, la Comisi\u00f3n Econ\u00f3mica para Am\u00e9rica Latina y el Caribe (CEPAL) destac\u00f3 a Chile entre los tres primeros pa\u00edses&hellip;<\/p>\n","protected":false},"author":2011,"featured_media":1433420,"comment_status":"closed","ping_status":"closed","sticky":false,"template":"","format":"standard","meta":{"footnotes":""},"categories":[149,11389,75,67],"tags":[29,95044],"class_list":["post-1433419","post","type-post","status-publish","format-standard","has-post-thumbnail","hentry","category-comunicados-de-prensa","category-contenido-original","category-cultura-es","category-sudamerica","tag-chile","tag-elige-cultura"],"yoast_head":"<!-- This site is optimized with the Yoast SEO plugin v27.1.1 - https:\/\/yoast.com\/product\/yoast-seo-wordpress\/ -->\n<title>Chile: Tras dos a\u00f1os Elige Cultura es la gran plataforma colaborativa que re\u00fane lo mejor de la programaci\u00f3n art\u00edstica, cultural y patrimonial<\/title>\n<meta name=\"description\" content=\"Chile ha vivido un acelerado proceso de transformaci\u00f3n que le ha permitido sumarse velozmente a la revoluci\u00f3n digital. En agosto de 2020, la Comisi\u00f3n\" \/>\n<meta name=\"robots\" content=\"index, follow, max-snippet:-1, max-image-preview:large, max-video-preview:-1\" \/>\n<link rel=\"canonical\" href=\"https:\/\/www.pressenza.com\/es\/2021\/09\/chile-tras-dos-anos-elige-cultura-es-la-gran-plataforma-colaborativa-que-reune-lo-mejor-de-la-programacion-artistica-cultural-y-patrimonial\/\" \/>\n<meta property=\"og:locale\" content=\"es_ES\" \/>\n<meta property=\"og:type\" content=\"article\" \/>\n<meta property=\"og:title\" content=\"Chile: Tras dos a\u00f1os Elige Cultura es la gran plataforma colaborativa que re\u00fane lo mejor de la programaci\u00f3n art\u00edstica, cultural y patrimonial\" \/>\n<meta property=\"og:description\" content=\"Chile ha vivido un acelerado proceso de transformaci\u00f3n que le ha permitido sumarse velozmente a la revoluci\u00f3n digital. En agosto de 2020, la Comisi\u00f3n\" \/>\n<meta property=\"og:url\" content=\"https:\/\/www.pressenza.com\/es\/2021\/09\/chile-tras-dos-anos-elige-cultura-es-la-gran-plataforma-colaborativa-que-reune-lo-mejor-de-la-programacion-artistica-cultural-y-patrimonial\/\" \/>\n<meta property=\"og:site_name\" content=\"Pressenza\" \/>\n<meta property=\"article:publisher\" content=\"https:\/\/www.facebook.com\/PressenzaItalia\" \/>\n<meta property=\"article:published_time\" content=\"2021-09-20T23:38:33+00:00\" \/>\n<meta property=\"og:image\" content=\"https:\/\/www.pressenza.com\/wp-content\/uploads\/2021\/09\/51425364903_82795cfa05_o-1.jpg\" \/>\n\t<meta property=\"og:image:width\" content=\"1920\" \/>\n\t<meta property=\"og:image:height\" content=\"1280\" \/>\n\t<meta property=\"og:image:type\" content=\"image\/jpeg\" \/>\n<meta name=\"author\" content=\"Mariana Hales Beseler\" \/>\n<meta name=\"twitter:card\" content=\"summary_large_image\" \/>\n<meta name=\"twitter:creator\" content=\"@PressenzaIPA\" \/>\n<meta name=\"twitter:site\" content=\"@PressenzaIPA\" \/>\n<meta name=\"twitter:label1\" content=\"Escrito por\" \/>\n\t<meta name=\"twitter:data1\" content=\"Mariana Hales Beseler\" \/>\n\t<meta name=\"twitter:label2\" content=\"Tiempo de lectura\" \/>\n\t<meta name=\"twitter:data2\" content=\"3 minutos\" \/>\n<script type=\"application\/ld+json\" class=\"yoast-schema-graph\">{\"@context\":\"https:\/\/schema.org\",\"@graph\":[{\"@type\":\"Article\",\"@id\":\"https:\/\/www.pressenza.com\/es\/2021\/09\/chile-tras-dos-anos-elige-cultura-es-la-gran-plataforma-colaborativa-que-reune-lo-mejor-de-la-programacion-artistica-cultural-y-patrimonial\/#article\",\"isPartOf\":{\"@id\":\"https:\/\/www.pressenza.com\/es\/2021\/09\/chile-tras-dos-anos-elige-cultura-es-la-gran-plataforma-colaborativa-que-reune-lo-mejor-de-la-programacion-artistica-cultural-y-patrimonial\/\"},\"author\":{\"name\":\"Mariana Hales Beseler\",\"@id\":\"https:\/\/www.pressenza.com\/es\/#\/schema\/person\/03ad45693deae00354a5a14ad538ed1e\"},\"headline\":\"Chile: Tras dos a\u00f1os Elige Cultura es la gran plataforma colaborativa que re\u00fane lo mejor de la programaci\u00f3n art\u00edstica, cultural y patrimonial\",\"datePublished\":\"2021-09-20T23:38:33+00:00\",\"mainEntityOfPage\":{\"@id\":\"https:\/\/www.pressenza.com\/es\/2021\/09\/chile-tras-dos-anos-elige-cultura-es-la-gran-plataforma-colaborativa-que-reune-lo-mejor-de-la-programacion-artistica-cultural-y-patrimonial\/\"},\"wordCount\":575,\"publisher\":{\"@id\":\"https:\/\/www.pressenza.com\/es\/#organization\"},\"image\":{\"@id\":\"https:\/\/www.pressenza.com\/es\/2021\/09\/chile-tras-dos-anos-elige-cultura-es-la-gran-plataforma-colaborativa-que-reune-lo-mejor-de-la-programacion-artistica-cultural-y-patrimonial\/#primaryimage\"},\"thumbnailUrl\":\"https:\/\/www.pressenza.com\/wp-content\/uploads\/2021\/09\/51425364903_82795cfa05_o-1.jpg\",\"keywords\":[\"Chile\",\"Elige Cultura\"],\"articleSection\":[\"Comunicados de Prensa\",\"Contenido Original\",\"Cultura y Medios\",\"Sudam\u00e9rica\"],\"inLanguage\":\"es\"},{\"@type\":\"WebPage\",\"@id\":\"https:\/\/www.pressenza.com\/es\/2021\/09\/chile-tras-dos-anos-elige-cultura-es-la-gran-plataforma-colaborativa-que-reune-lo-mejor-de-la-programacion-artistica-cultural-y-patrimonial\/\",\"url\":\"https:\/\/www.pressenza.com\/es\/2021\/09\/chile-tras-dos-anos-elige-cultura-es-la-gran-plataforma-colaborativa-que-reune-lo-mejor-de-la-programacion-artistica-cultural-y-patrimonial\/\",\"name\":\"Chile: Tras dos a\u00f1os Elige Cultura es la gran plataforma colaborativa que re\u00fane lo mejor de la programaci\u00f3n art\u00edstica, cultural y patrimonial\",\"isPartOf\":{\"@id\":\"https:\/\/www.pressenza.com\/es\/#website\"},\"primaryImageOfPage\":{\"@id\":\"https:\/\/www.pressenza.com\/es\/2021\/09\/chile-tras-dos-anos-elige-cultura-es-la-gran-plataforma-colaborativa-que-reune-lo-mejor-de-la-programacion-artistica-cultural-y-patrimonial\/#primaryimage\"},\"image\":{\"@id\":\"https:\/\/www.pressenza.com\/es\/2021\/09\/chile-tras-dos-anos-elige-cultura-es-la-gran-plataforma-colaborativa-que-reune-lo-mejor-de-la-programacion-artistica-cultural-y-patrimonial\/#primaryimage\"},\"thumbnailUrl\":\"https:\/\/www.pressenza.com\/wp-content\/uploads\/2021\/09\/51425364903_82795cfa05_o-1.jpg\",\"datePublished\":\"2021-09-20T23:38:33+00:00\",\"description\":\"Chile ha vivido un acelerado proceso de transformaci\u00f3n que le ha permitido sumarse velozmente a la revoluci\u00f3n digital. En agosto de 2020, la Comisi\u00f3n\",\"breadcrumb\":{\"@id\":\"https:\/\/www.pressenza.com\/es\/2021\/09\/chile-tras-dos-anos-elige-cultura-es-la-gran-plataforma-colaborativa-que-reune-lo-mejor-de-la-programacion-artistica-cultural-y-patrimonial\/#breadcrumb\"},\"inLanguage\":\"es\",\"potentialAction\":[{\"@type\":\"ReadAction\",\"target\":[\"https:\/\/www.pressenza.com\/es\/2021\/09\/chile-tras-dos-anos-elige-cultura-es-la-gran-plataforma-colaborativa-que-reune-lo-mejor-de-la-programacion-artistica-cultural-y-patrimonial\/\"]}]},{\"@type\":\"ImageObject\",\"inLanguage\":\"es\",\"@id\":\"https:\/\/www.pressenza.com\/es\/2021\/09\/chile-tras-dos-anos-elige-cultura-es-la-gran-plataforma-colaborativa-que-reune-lo-mejor-de-la-programacion-artistica-cultural-y-patrimonial\/#primaryimage\",\"url\":\"https:\/\/www.pressenza.com\/wp-content\/uploads\/2021\/09\/51425364903_82795cfa05_o-1.jpg\",\"contentUrl\":\"https:\/\/www.pressenza.com\/wp-content\/uploads\/2021\/09\/51425364903_82795cfa05_o-1.jpg\",\"width\":1920,\"height\":1280,\"caption\":\"100 espacios culturales ya son parte de la red nacional de fibra \u0097ptica implementada por el Ministerio de las Culturas Fotos: Mario Ruiz\"},{\"@type\":\"BreadcrumbList\",\"@id\":\"https:\/\/www.pressenza.com\/es\/2021\/09\/chile-tras-dos-anos-elige-cultura-es-la-gran-plataforma-colaborativa-que-reune-lo-mejor-de-la-programacion-artistica-cultural-y-patrimonial\/#breadcrumb\",\"itemListElement\":[{\"@type\":\"ListItem\",\"position\":1,\"name\":\"Accueil\",\"item\":\"https:\/\/www.pressenza.com\/es\/\"},{\"@type\":\"ListItem\",\"position\":2,\"name\":\"Chile: Tras dos a\u00f1os Elige Cultura es la gran plataforma colaborativa que re\u00fane lo mejor de la programaci\u00f3n art\u00edstica, cultural y patrimonial\"}]},{\"@type\":\"WebSite\",\"@id\":\"https:\/\/www.pressenza.com\/es\/#website\",\"url\":\"https:\/\/www.pressenza.com\/es\/\",\"name\":\"Pressenza\",\"description\":\"International Press Agency\",\"publisher\":{\"@id\":\"https:\/\/www.pressenza.com\/es\/#organization\"},\"potentialAction\":[{\"@type\":\"SearchAction\",\"target\":{\"@type\":\"EntryPoint\",\"urlTemplate\":\"https:\/\/www.pressenza.com\/es\/?s={search_term_string}\"},\"query-input\":{\"@type\":\"PropertyValueSpecification\",\"valueRequired\":true,\"valueName\":\"search_term_string\"}}],\"inLanguage\":\"es\"},{\"@type\":\"Organization\",\"@id\":\"https:\/\/www.pressenza.com\/es\/#organization\",\"name\":\"Pressenza\",\"url\":\"https:\/\/www.pressenza.com\/es\/\",\"logo\":{\"@type\":\"ImageObject\",\"inLanguage\":\"es\",\"@id\":\"https:\/\/www.pressenza.com\/es\/#\/schema\/logo\/image\/\",\"url\":\"https:\/\/www.pressenza.com\/wp-content\/uploads\/2022\/10\/pressenza_logo_200x200.jpg\",\"contentUrl\":\"https:\/\/www.pressenza.com\/wp-content\/uploads\/2022\/10\/pressenza_logo_200x200.jpg\",\"width\":200,\"height\":200,\"caption\":\"Pressenza\"},\"image\":{\"@id\":\"https:\/\/www.pressenza.com\/es\/#\/schema\/logo\/image\/\"},\"sameAs\":[\"https:\/\/www.facebook.com\/PressenzaItalia\",\"https:\/\/x.com\/PressenzaIPA\"]},{\"@type\":\"Person\",\"@id\":\"https:\/\/www.pressenza.com\/es\/#\/schema\/person\/03ad45693deae00354a5a14ad538ed1e\",\"name\":\"Mariana Hales Beseler\",\"description\":\"Periodista chilena. Desde el a\u00f1o 2003 trabaja en distintas editoriales como encargada de comunicaciones, en relaci\u00f3n con muchos autores y sus creaciones. El a\u00f1o 2012 cre\u00f3 una oficina de servicios editoriales y comunicacionales a trav\u00e9s de la cual hace prensa y difusi\u00f3n, asesor\u00edas para autores y temas relacionados a la edici\u00f3n y publicaci\u00f3n de libros. Desde ese mismo a\u00f1o trabaja con Chilevisi\u00f3n para la concreci\u00f3n del proyecto audiovisual \\\"In\u00e9s\\\", basado en el libro \\\"In\u00e9s del Alma M\u00eda\\\" de Isabel Allende, el que pr\u00f3ximamente ser\u00e1 exhibido en Chile.\",\"sameAs\":[\"http:\/\/www.marianahales.com\/\"],\"url\":\"https:\/\/www.pressenza.com\/es\/author\/mariana-hales-beseler\/\"}]}<\/script>\n<!-- \/ Yoast SEO plugin. -->","yoast_head_json":{"title":"Chile: Tras dos a\u00f1os Elige Cultura es la gran plataforma colaborativa que re\u00fane lo mejor de la programaci\u00f3n art\u00edstica, cultural y patrimonial","description":"Chile ha vivido un acelerado proceso de transformaci\u00f3n que le ha permitido sumarse velozmente a la revoluci\u00f3n digital. En agosto de 2020, la Comisi\u00f3n","robots":{"index":"index","follow":"follow","max-snippet":"max-snippet:-1","max-image-preview":"max-image-preview:large","max-video-preview":"max-video-preview:-1"},"canonical":"https:\/\/www.pressenza.com\/es\/2021\/09\/chile-tras-dos-anos-elige-cultura-es-la-gran-plataforma-colaborativa-que-reune-lo-mejor-de-la-programacion-artistica-cultural-y-patrimonial\/","og_locale":"es_ES","og_type":"article","og_title":"Chile: Tras dos a\u00f1os Elige Cultura es la gran plataforma colaborativa que re\u00fane lo mejor de la programaci\u00f3n art\u00edstica, cultural y patrimonial","og_description":"Chile ha vivido un acelerado proceso de transformaci\u00f3n que le ha permitido sumarse velozmente a la revoluci\u00f3n digital. En agosto de 2020, la Comisi\u00f3n","og_url":"https:\/\/www.pressenza.com\/es\/2021\/09\/chile-tras-dos-anos-elige-cultura-es-la-gran-plataforma-colaborativa-que-reune-lo-mejor-de-la-programacion-artistica-cultural-y-patrimonial\/","og_site_name":"Pressenza","article_publisher":"https:\/\/www.facebook.com\/PressenzaItalia","article_published_time":"2021-09-20T23:38:33+00:00","og_image":[{"width":1920,"height":1280,"url":"https:\/\/www.pressenza.com\/wp-content\/uploads\/2021\/09\/51425364903_82795cfa05_o-1.jpg","type":"image\/jpeg"}],"author":"Mariana Hales Beseler","twitter_card":"summary_large_image","twitter_creator":"@PressenzaIPA","twitter_site":"@PressenzaIPA","twitter_misc":{"Escrito por":"Mariana Hales Beseler","Tiempo de lectura":"3 minutos"},"schema":{"@context":"https:\/\/schema.org","@graph":[{"@type":"Article","@id":"https:\/\/www.pressenza.com\/es\/2021\/09\/chile-tras-dos-anos-elige-cultura-es-la-gran-plataforma-colaborativa-que-reune-lo-mejor-de-la-programacion-artistica-cultural-y-patrimonial\/#article","isPartOf":{"@id":"https:\/\/www.pressenza.com\/es\/2021\/09\/chile-tras-dos-anos-elige-cultura-es-la-gran-plataforma-colaborativa-que-reune-lo-mejor-de-la-programacion-artistica-cultural-y-patrimonial\/"},"author":{"name":"Mariana Hales Beseler","@id":"https:\/\/www.pressenza.com\/es\/#\/schema\/person\/03ad45693deae00354a5a14ad538ed1e"},"headline":"Chile: Tras dos a\u00f1os Elige Cultura es la gran plataforma colaborativa que re\u00fane lo mejor de la programaci\u00f3n art\u00edstica, cultural y patrimonial","datePublished":"2021-09-20T23:38:33+00:00","mainEntityOfPage":{"@id":"https:\/\/www.pressenza.com\/es\/2021\/09\/chile-tras-dos-anos-elige-cultura-es-la-gran-plataforma-colaborativa-que-reune-lo-mejor-de-la-programacion-artistica-cultural-y-patrimonial\/"},"wordCount":575,"publisher":{"@id":"https:\/\/www.pressenza.com\/es\/#organization"},"image":{"@id":"https:\/\/www.pressenza.com\/es\/2021\/09\/chile-tras-dos-anos-elige-cultura-es-la-gran-plataforma-colaborativa-que-reune-lo-mejor-de-la-programacion-artistica-cultural-y-patrimonial\/#primaryimage"},"thumbnailUrl":"https:\/\/www.pressenza.com\/wp-content\/uploads\/2021\/09\/51425364903_82795cfa05_o-1.jpg","keywords":["Chile","Elige Cultura"],"articleSection":["Comunicados de Prensa","Contenido Original","Cultura y Medios","Sudam\u00e9rica"],"inLanguage":"es"},{"@type":"WebPage","@id":"https:\/\/www.pressenza.com\/es\/2021\/09\/chile-tras-dos-anos-elige-cultura-es-la-gran-plataforma-colaborativa-que-reune-lo-mejor-de-la-programacion-artistica-cultural-y-patrimonial\/","url":"https:\/\/www.pressenza.com\/es\/2021\/09\/chile-tras-dos-anos-elige-cultura-es-la-gran-plataforma-colaborativa-que-reune-lo-mejor-de-la-programacion-artistica-cultural-y-patrimonial\/","name":"Chile: Tras dos a\u00f1os Elige Cultura es la gran plataforma colaborativa que re\u00fane lo mejor de la programaci\u00f3n art\u00edstica, cultural y patrimonial","isPartOf":{"@id":"https:\/\/www.pressenza.com\/es\/#website"},"primaryImageOfPage":{"@id":"https:\/\/www.pressenza.com\/es\/2021\/09\/chile-tras-dos-anos-elige-cultura-es-la-gran-plataforma-colaborativa-que-reune-lo-mejor-de-la-programacion-artistica-cultural-y-patrimonial\/#primaryimage"},"image":{"@id":"https:\/\/www.pressenza.com\/es\/2021\/09\/chile-tras-dos-anos-elige-cultura-es-la-gran-plataforma-colaborativa-que-reune-lo-mejor-de-la-programacion-artistica-cultural-y-patrimonial\/#primaryimage"},"thumbnailUrl":"https:\/\/www.pressenza.com\/wp-content\/uploads\/2021\/09\/51425364903_82795cfa05_o-1.jpg","datePublished":"2021-09-20T23:38:33+00:00","description":"Chile ha vivido un acelerado proceso de transformaci\u00f3n que le ha permitido sumarse velozmente a la revoluci\u00f3n digital. En agosto de 2020, la Comisi\u00f3n","breadcrumb":{"@id":"https:\/\/www.pressenza.com\/es\/2021\/09\/chile-tras-dos-anos-elige-cultura-es-la-gran-plataforma-colaborativa-que-reune-lo-mejor-de-la-programacion-artistica-cultural-y-patrimonial\/#breadcrumb"},"inLanguage":"es","potentialAction":[{"@type":"ReadAction","target":["https:\/\/www.pressenza.com\/es\/2021\/09\/chile-tras-dos-anos-elige-cultura-es-la-gran-plataforma-colaborativa-que-reune-lo-mejor-de-la-programacion-artistica-cultural-y-patrimonial\/"]}]},{"@type":"ImageObject","inLanguage":"es","@id":"https:\/\/www.pressenza.com\/es\/2021\/09\/chile-tras-dos-anos-elige-cultura-es-la-gran-plataforma-colaborativa-que-reune-lo-mejor-de-la-programacion-artistica-cultural-y-patrimonial\/#primaryimage","url":"https:\/\/www.pressenza.com\/wp-content\/uploads\/2021\/09\/51425364903_82795cfa05_o-1.jpg","contentUrl":"https:\/\/www.pressenza.com\/wp-content\/uploads\/2021\/09\/51425364903_82795cfa05_o-1.jpg","width":1920,"height":1280,"caption":"100 espacios culturales ya son parte de la red nacional de fibra \u0097ptica implementada por el Ministerio de las Culturas Fotos: Mario Ruiz"},{"@type":"BreadcrumbList","@id":"https:\/\/www.pressenza.com\/es\/2021\/09\/chile-tras-dos-anos-elige-cultura-es-la-gran-plataforma-colaborativa-que-reune-lo-mejor-de-la-programacion-artistica-cultural-y-patrimonial\/#breadcrumb","itemListElement":[{"@type":"ListItem","position":1,"name":"Accueil","item":"https:\/\/www.pressenza.com\/es\/"},{"@type":"ListItem","position":2,"name":"Chile: Tras dos a\u00f1os Elige Cultura es la gran plataforma colaborativa que re\u00fane lo mejor de la programaci\u00f3n art\u00edstica, cultural y patrimonial"}]},{"@type":"WebSite","@id":"https:\/\/www.pressenza.com\/es\/#website","url":"https:\/\/www.pressenza.com\/es\/","name":"Pressenza","description":"International Press Agency","publisher":{"@id":"https:\/\/www.pressenza.com\/es\/#organization"},"potentialAction":[{"@type":"SearchAction","target":{"@type":"EntryPoint","urlTemplate":"https:\/\/www.pressenza.com\/es\/?s={search_term_string}"},"query-input":{"@type":"PropertyValueSpecification","valueRequired":true,"valueName":"search_term_string"}}],"inLanguage":"es"},{"@type":"Organization","@id":"https:\/\/www.pressenza.com\/es\/#organization","name":"Pressenza","url":"https:\/\/www.pressenza.com\/es\/","logo":{"@type":"ImageObject","inLanguage":"es","@id":"https:\/\/www.pressenza.com\/es\/#\/schema\/logo\/image\/","url":"https:\/\/www.pressenza.com\/wp-content\/uploads\/2022\/10\/pressenza_logo_200x200.jpg","contentUrl":"https:\/\/www.pressenza.com\/wp-content\/uploads\/2022\/10\/pressenza_logo_200x200.jpg","width":200,"height":200,"caption":"Pressenza"},"image":{"@id":"https:\/\/www.pressenza.com\/es\/#\/schema\/logo\/image\/"},"sameAs":["https:\/\/www.facebook.com\/PressenzaItalia","https:\/\/x.com\/PressenzaIPA"]},{"@type":"Person","@id":"https:\/\/www.pressenza.com\/es\/#\/schema\/person\/03ad45693deae00354a5a14ad538ed1e","name":"Mariana Hales Beseler","description":"Periodista chilena. Desde el a\u00f1o 2003 trabaja en distintas editoriales como encargada de comunicaciones, en relaci\u00f3n con muchos autores y sus creaciones. El a\u00f1o 2012 cre\u00f3 una oficina de servicios editoriales y comunicacionales a trav\u00e9s de la cual hace prensa y difusi\u00f3n, asesor\u00edas para autores y temas relacionados a la edici\u00f3n y publicaci\u00f3n de libros. Desde ese mismo a\u00f1o trabaja con Chilevisi\u00f3n para la concreci\u00f3n del proyecto audiovisual \"In\u00e9s\", basado en el libro \"In\u00e9s del Alma M\u00eda\" de Isabel Allende, el que pr\u00f3ximamente ser\u00e1 exhibido en Chile.","sameAs":["http:\/\/www.marianahales.com\/"],"url":"https:\/\/www.pressenza.com\/es\/author\/mariana-hales-beseler\/"}]}},"place":"Santiago de Chile","original_article_url":"","_links":{"self":[{"href":"https:\/\/www.pressenza.com\/es\/wp-json\/wp\/v2\/posts\/1433419","targetHints":{"allow":["GET"]}}],"collection":[{"href":"https:\/\/www.pressenza.com\/es\/wp-json\/wp\/v2\/posts"}],"about":[{"href":"https:\/\/www.pressenza.com\/es\/wp-json\/wp\/v2\/types\/post"}],"author":[{"embeddable":true,"href":"https:\/\/www.pressenza.com\/es\/wp-json\/wp\/v2\/users\/2011"}],"replies":[{"embeddable":true,"href":"https:\/\/www.pressenza.com\/es\/wp-json\/wp\/v2\/comments?post=1433419"}],"version-history":[{"count":0,"href":"https:\/\/www.pressenza.com\/es\/wp-json\/wp\/v2\/posts\/1433419\/revisions"}],"wp:featuredmedia":[{"embeddable":true,"href":"https:\/\/www.pressenza.com\/es\/wp-json\/wp\/v2\/media\/1433420"}],"wp:attachment":[{"href":"https:\/\/www.pressenza.com\/es\/wp-json\/wp\/v2\/media?parent=1433419"}],"wp:term":[{"taxonomy":"category","embeddable":true,"href":"https:\/\/www.pressenza.com\/es\/wp-json\/wp\/v2\/categories?post=1433419"},{"taxonomy":"post_tag","embeddable":true,"href":"https:\/\/www.pressenza.com\/es\/wp-json\/wp\/v2\/tags?post=1433419"}],"curies":[{"name":"wp","href":"https:\/\/api.w.org\/{rel}","templated":true}]}}