{"id":1431,"date":"2009-09-26T00:00:00","date_gmt":"2009-09-26T00:00:00","guid":{"rendered":""},"modified":"2009-09-26T21:49:35","modified_gmt":"2009-09-26T21:49:35","slug":"un-caminar-conversado-y-compartido","status":"publish","type":"post","link":"https:\/\/www.pressenza.com\/es\/2009\/09\/un-caminar-conversado-y-compartido\/","title":{"rendered":"Un caminar conversado y compartido"},"content":{"rendered":"<p>El ruido de la guerra se confunde con los otros sonidos de la violencia como la injusticia, la desigualdad, la exclusi\u00f3n, la intolerancia y especialmente el abuso que afecta a millones de personas en sus relaciones laborales, en su dependencia con el endeudamiento o la falta de dinero para acceder a los alimentos, la salud y la educaci\u00f3n.<\/p>\n<p>La ca\u00edda de los muros del mercado, en la que todo era posible,para facilitar la acumulaci\u00f3n de riqueza y poder; curiosamente no afecta tanto a los responsables de una mala practica de la econom\u00eda, lesiona nuevamente a los trabajadores que sienten el peso del desempleo,la inestabilidad laboral y una calidad de vida que tiene m\u00e1s amenaza que esperanza.<\/p>\n<p>La diferencia con el fin de la Uni\u00f3n Sovi\u00e9tica y de los socialismos reales, es que la ca\u00edda de los muros del mercado, se reagrupan comunicacionalmente y perseveran en mantener a costa de los recursos de los Estados, el mismo sistema que reconoce al dinero y al mundo de los bancos como factor clave de un modelo que hace ganancia de las necesidades y del trabajo de la mayor\u00eda de la poblaci\u00f3n mundial.<br \/>\nLa antigua izquierda se relaciona con los brotes nuevos del llamado progresismo y en algunos pa\u00edses logra incluso movilizaciones sociales importantes; en el caso chileno, pareciera que deberemos pasar m\u00e1s tiempo en los rigores de una crisis que afecta la econom\u00eda, gatilla el desplome social y busca liderazgos que sumen, que  logren la fuerza necesaria para establecer un nuevo y buen trato entre productores y trabajadores, con mayor presencia del Estado en el mercado y una participaci\u00f3n organizada, real y efectiva de la comunidad.<\/p>\n<p>En la mayor parte de los pa\u00edses, se siente la vibraci\u00f3n de una nueva conciencia, convocada por necesidades reales, que intenta vencer la adversidad y construir un nuevo sentido com\u00fan.<\/p>\n<p>Es posible construir una arquitectura social m\u00e1s solidaria, comprometida sin temores con la verdad, la sabidur\u00eda y la armon\u00eda.<br \/>\nLa organizaci\u00f3n de la Marcha Mundial por la Paz y la No Violencia es una manifestaci\u00f3n del inter\u00e9s de la poblaci\u00f3n mundial para entender; entre otros factores, que otro mundo es posible si somos capaces de compartir una regla de dignidad y vida, que considere que nadie debe explotar a otro y nadie debe aceptar ser explotado por personas o sistemas.<\/p>\n<p>La crisis de la econom\u00eda, el abuso reconocido de los bancos, la explotaci\u00f3n irracional de los recursos naturales, los da\u00f1os provocados al medioambiente, la destrucci\u00f3n de los tejidos sociales inteligentes que permitan la participaci\u00f3n y la organizaci\u00f3n, la necesidad de devolver la calidad de vida al aire, la tierra, el agua y el fuego de la energ\u00eda natural, son todas tareas ineludibles para quienes dejar a las generaciones que vienen un planeta vivo y una sociedad en paz<\/p>\n<p>El 2 de octubre puede y deber ser un d\u00eda importante para pueblos y personas, en la que sin temores ni miedos, nos atrevamos a pensar que es posible una nueva relaci\u00f3n con la vida,m\u00e1s amable y m\u00e1s justa, un caminar conversado y compartido, como parte de la Marcha Mundial por la Paz.<\/p>\n","protected":false},"excerpt":{"rendered":"<p>En la mayor parte de los pa\u00edses, se siente la vibraci\u00f3n de una nueva conciencia, convocada por necesidades reales, que intenta vencer la adversidad y construir un nuevo sentido com\u00fan. Es posible construir una arquitectura social m\u00e1s solidaria, comprometida sin temores con la verdad, la sabidur\u00eda y la armon\u00eda. Otro mundo es posible<\/p>\n","protected":false},"author":19,"featured_media":0,"comment_status":"closed","ping_status":"open","sticky":false,"template":"","format":"standard","meta":{"footnotes":""},"categories":[75,161,67],"tags":[],"class_list":["post-1431","post","type-post","status-publish","format-standard","hentry","category-cultura-es","category-opiniones","category-sudamerica"],"yoast_head":"<!-- This site is optimized with the Yoast SEO plugin v27.1.1 - https:\/\/yoast.com\/product\/yoast-seo-wordpress\/ -->\n<title>Un caminar conversado y compartido<\/title>\n<meta name=\"description\" content=\"En la mayor parte de los pa\u00edses, se siente la vibraci\u00f3n de una nueva conciencia, convocada por necesidades reales, que intenta vencer la adversidad y construir un nuevo sentido com\u00fan. Es posible construir una arquitectura social m\u00e1s solidaria, comprometida sin temores con la verdad, la sabidur\u00eda y la armon\u00eda. Otro mundo es posible\" \/>\n<meta name=\"robots\" content=\"index, follow, max-snippet:-1, max-image-preview:large, max-video-preview:-1\" \/>\n<link rel=\"canonical\" href=\"https:\/\/www.pressenza.com\/es\/2009\/09\/un-caminar-conversado-y-compartido\/\" \/>\n<meta property=\"og:locale\" content=\"es_ES\" \/>\n<meta property=\"og:type\" content=\"article\" \/>\n<meta property=\"og:title\" content=\"Un caminar conversado y compartido\" \/>\n<meta property=\"og:description\" content=\"En la mayor parte de los pa\u00edses, se siente la vibraci\u00f3n de una nueva conciencia, convocada por necesidades reales, que intenta vencer la adversidad y construir un nuevo sentido com\u00fan. Es posible construir una arquitectura social m\u00e1s solidaria, comprometida sin temores con la verdad, la sabidur\u00eda y la armon\u00eda. Otro mundo es posible\" \/>\n<meta property=\"og:url\" content=\"https:\/\/www.pressenza.com\/es\/2009\/09\/un-caminar-conversado-y-compartido\/\" \/>\n<meta property=\"og:site_name\" content=\"Pressenza\" \/>\n<meta property=\"article:publisher\" content=\"https:\/\/www.facebook.com\/PressenzaItalia\" \/>\n<meta property=\"article:author\" content=\"https:\/\/www.facebook.com\/pressenza\" \/>\n<meta property=\"article:published_time\" content=\"2009-09-26T00:00:00+00:00\" \/>\n<meta property=\"article:modified_time\" content=\"2009-09-26T21:49:35+00:00\" \/>\n<meta name=\"author\" content=\"Pressenza IPA\" \/>\n<meta name=\"twitter:card\" content=\"summary_large_image\" \/>\n<meta name=\"twitter:creator\" content=\"@PressenzaIPA\" \/>\n<meta name=\"twitter:site\" content=\"@PressenzaIPA\" \/>\n<meta name=\"twitter:label1\" content=\"Escrito por\" \/>\n\t<meta name=\"twitter:data1\" content=\"Pressenza IPA\" \/>\n\t<meta name=\"twitter:label2\" content=\"Tiempo de lectura\" \/>\n\t<meta name=\"twitter:data2\" content=\"3 minutos\" \/>\n<script type=\"application\/ld+json\" class=\"yoast-schema-graph\">{\"@context\":\"https:\/\/schema.org\",\"@graph\":[{\"@type\":\"Article\",\"@id\":\"https:\/\/www.pressenza.com\/es\/2009\/09\/un-caminar-conversado-y-compartido\/#article\",\"isPartOf\":{\"@id\":\"https:\/\/www.pressenza.com\/es\/2009\/09\/un-caminar-conversado-y-compartido\/\"},\"author\":{\"name\":\"Pressenza IPA\",\"@id\":\"https:\/\/www.pressenza.com\/es\/#\/schema\/person\/010e5d02bcf40965427a1289a4cc8d75\"},\"headline\":\"Un caminar conversado y compartido\",\"datePublished\":\"2009-09-26T00:00:00+00:00\",\"dateModified\":\"2009-09-26T21:49:35+00:00\",\"mainEntityOfPage\":{\"@id\":\"https:\/\/www.pressenza.com\/es\/2009\/09\/un-caminar-conversado-y-compartido\/\"},\"wordCount\":557,\"publisher\":{\"@id\":\"https:\/\/www.pressenza.com\/es\/#organization\"},\"articleSection\":[\"Cultura y Medios\",\"Opiniones\",\"Sudam\u00e9rica\"],\"inLanguage\":\"es\"},{\"@type\":\"WebPage\",\"@id\":\"https:\/\/www.pressenza.com\/es\/2009\/09\/un-caminar-conversado-y-compartido\/\",\"url\":\"https:\/\/www.pressenza.com\/es\/2009\/09\/un-caminar-conversado-y-compartido\/\",\"name\":\"Un caminar conversado y compartido\",\"isPartOf\":{\"@id\":\"https:\/\/www.pressenza.com\/es\/#website\"},\"datePublished\":\"2009-09-26T00:00:00+00:00\",\"dateModified\":\"2009-09-26T21:49:35+00:00\",\"description\":\"En la mayor parte de los pa\u00edses, se siente la vibraci\u00f3n de una nueva conciencia, convocada por necesidades reales, que intenta vencer la adversidad y construir un nuevo sentido com\u00fan. Es posible construir una arquitectura social m\u00e1s solidaria, comprometida sin temores con la verdad, la sabidur\u00eda y la armon\u00eda. Otro mundo es posible\",\"breadcrumb\":{\"@id\":\"https:\/\/www.pressenza.com\/es\/2009\/09\/un-caminar-conversado-y-compartido\/#breadcrumb\"},\"inLanguage\":\"es\",\"potentialAction\":[{\"@type\":\"ReadAction\",\"target\":[\"https:\/\/www.pressenza.com\/es\/2009\/09\/un-caminar-conversado-y-compartido\/\"]}]},{\"@type\":\"BreadcrumbList\",\"@id\":\"https:\/\/www.pressenza.com\/es\/2009\/09\/un-caminar-conversado-y-compartido\/#breadcrumb\",\"itemListElement\":[{\"@type\":\"ListItem\",\"position\":1,\"name\":\"Accueil\",\"item\":\"https:\/\/www.pressenza.com\/es\/\"},{\"@type\":\"ListItem\",\"position\":2,\"name\":\"Un caminar conversado y compartido\"}]},{\"@type\":\"WebSite\",\"@id\":\"https:\/\/www.pressenza.com\/es\/#website\",\"url\":\"https:\/\/www.pressenza.com\/es\/\",\"name\":\"Pressenza\",\"description\":\"International Press Agency\",\"publisher\":{\"@id\":\"https:\/\/www.pressenza.com\/es\/#organization\"},\"potentialAction\":[{\"@type\":\"SearchAction\",\"target\":{\"@type\":\"EntryPoint\",\"urlTemplate\":\"https:\/\/www.pressenza.com\/es\/?s={search_term_string}\"},\"query-input\":{\"@type\":\"PropertyValueSpecification\",\"valueRequired\":true,\"valueName\":\"search_term_string\"}}],\"inLanguage\":\"es\"},{\"@type\":\"Organization\",\"@id\":\"https:\/\/www.pressenza.com\/es\/#organization\",\"name\":\"Pressenza\",\"url\":\"https:\/\/www.pressenza.com\/es\/\",\"logo\":{\"@type\":\"ImageObject\",\"inLanguage\":\"es\",\"@id\":\"https:\/\/www.pressenza.com\/es\/#\/schema\/logo\/image\/\",\"url\":\"https:\/\/www.pressenza.com\/wp-content\/uploads\/2022\/10\/pressenza_logo_200x200.jpg\",\"contentUrl\":\"https:\/\/www.pressenza.com\/wp-content\/uploads\/2022\/10\/pressenza_logo_200x200.jpg\",\"width\":200,\"height\":200,\"caption\":\"Pressenza\"},\"image\":{\"@id\":\"https:\/\/www.pressenza.com\/es\/#\/schema\/logo\/image\/\"},\"sameAs\":[\"https:\/\/www.facebook.com\/PressenzaItalia\",\"https:\/\/x.com\/PressenzaIPA\"]},{\"@type\":\"Person\",\"@id\":\"https:\/\/www.pressenza.com\/es\/#\/schema\/person\/010e5d02bcf40965427a1289a4cc8d75\",\"name\":\"Pressenza IPA\",\"description\":\"News from Pressenza IPA correspondents\",\"sameAs\":[\"https:\/\/www.facebook.com\/pressenza\",\"https:\/\/x.com\/PressenzaIPA\"],\"url\":\"https:\/\/www.pressenza.com\/es\/author\/pressenza-ipa\/\"}]}<\/script>\n<!-- \/ Yoast SEO plugin. -->","yoast_head_json":{"title":"Un caminar conversado y compartido","description":"En la mayor parte de los pa\u00edses, se siente la vibraci\u00f3n de una nueva conciencia, convocada por necesidades reales, que intenta vencer la adversidad y construir un nuevo sentido com\u00fan. Es posible construir una arquitectura social m\u00e1s solidaria, comprometida sin temores con la verdad, la sabidur\u00eda y la armon\u00eda. Otro mundo es posible","robots":{"index":"index","follow":"follow","max-snippet":"max-snippet:-1","max-image-preview":"max-image-preview:large","max-video-preview":"max-video-preview:-1"},"canonical":"https:\/\/www.pressenza.com\/es\/2009\/09\/un-caminar-conversado-y-compartido\/","og_locale":"es_ES","og_type":"article","og_title":"Un caminar conversado y compartido","og_description":"En la mayor parte de los pa\u00edses, se siente la vibraci\u00f3n de una nueva conciencia, convocada por necesidades reales, que intenta vencer la adversidad y construir un nuevo sentido com\u00fan. Es posible construir una arquitectura social m\u00e1s solidaria, comprometida sin temores con la verdad, la sabidur\u00eda y la armon\u00eda. Otro mundo es posible","og_url":"https:\/\/www.pressenza.com\/es\/2009\/09\/un-caminar-conversado-y-compartido\/","og_site_name":"Pressenza","article_publisher":"https:\/\/www.facebook.com\/PressenzaItalia","article_author":"https:\/\/www.facebook.com\/pressenza","article_published_time":"2009-09-26T00:00:00+00:00","article_modified_time":"2009-09-26T21:49:35+00:00","author":"Pressenza IPA","twitter_card":"summary_large_image","twitter_creator":"@PressenzaIPA","twitter_site":"@PressenzaIPA","twitter_misc":{"Escrito por":"Pressenza IPA","Tiempo de lectura":"3 minutos"},"schema":{"@context":"https:\/\/schema.org","@graph":[{"@type":"Article","@id":"https:\/\/www.pressenza.com\/es\/2009\/09\/un-caminar-conversado-y-compartido\/#article","isPartOf":{"@id":"https:\/\/www.pressenza.com\/es\/2009\/09\/un-caminar-conversado-y-compartido\/"},"author":{"name":"Pressenza IPA","@id":"https:\/\/www.pressenza.com\/es\/#\/schema\/person\/010e5d02bcf40965427a1289a4cc8d75"},"headline":"Un caminar conversado y compartido","datePublished":"2009-09-26T00:00:00+00:00","dateModified":"2009-09-26T21:49:35+00:00","mainEntityOfPage":{"@id":"https:\/\/www.pressenza.com\/es\/2009\/09\/un-caminar-conversado-y-compartido\/"},"wordCount":557,"publisher":{"@id":"https:\/\/www.pressenza.com\/es\/#organization"},"articleSection":["Cultura y Medios","Opiniones","Sudam\u00e9rica"],"inLanguage":"es"},{"@type":"WebPage","@id":"https:\/\/www.pressenza.com\/es\/2009\/09\/un-caminar-conversado-y-compartido\/","url":"https:\/\/www.pressenza.com\/es\/2009\/09\/un-caminar-conversado-y-compartido\/","name":"Un caminar conversado y compartido","isPartOf":{"@id":"https:\/\/www.pressenza.com\/es\/#website"},"datePublished":"2009-09-26T00:00:00+00:00","dateModified":"2009-09-26T21:49:35+00:00","description":"En la mayor parte de los pa\u00edses, se siente la vibraci\u00f3n de una nueva conciencia, convocada por necesidades reales, que intenta vencer la adversidad y construir un nuevo sentido com\u00fan. Es posible construir una arquitectura social m\u00e1s solidaria, comprometida sin temores con la verdad, la sabidur\u00eda y la armon\u00eda. Otro mundo es posible","breadcrumb":{"@id":"https:\/\/www.pressenza.com\/es\/2009\/09\/un-caminar-conversado-y-compartido\/#breadcrumb"},"inLanguage":"es","potentialAction":[{"@type":"ReadAction","target":["https:\/\/www.pressenza.com\/es\/2009\/09\/un-caminar-conversado-y-compartido\/"]}]},{"@type":"BreadcrumbList","@id":"https:\/\/www.pressenza.com\/es\/2009\/09\/un-caminar-conversado-y-compartido\/#breadcrumb","itemListElement":[{"@type":"ListItem","position":1,"name":"Accueil","item":"https:\/\/www.pressenza.com\/es\/"},{"@type":"ListItem","position":2,"name":"Un caminar conversado y compartido"}]},{"@type":"WebSite","@id":"https:\/\/www.pressenza.com\/es\/#website","url":"https:\/\/www.pressenza.com\/es\/","name":"Pressenza","description":"International Press Agency","publisher":{"@id":"https:\/\/www.pressenza.com\/es\/#organization"},"potentialAction":[{"@type":"SearchAction","target":{"@type":"EntryPoint","urlTemplate":"https:\/\/www.pressenza.com\/es\/?s={search_term_string}"},"query-input":{"@type":"PropertyValueSpecification","valueRequired":true,"valueName":"search_term_string"}}],"inLanguage":"es"},{"@type":"Organization","@id":"https:\/\/www.pressenza.com\/es\/#organization","name":"Pressenza","url":"https:\/\/www.pressenza.com\/es\/","logo":{"@type":"ImageObject","inLanguage":"es","@id":"https:\/\/www.pressenza.com\/es\/#\/schema\/logo\/image\/","url":"https:\/\/www.pressenza.com\/wp-content\/uploads\/2022\/10\/pressenza_logo_200x200.jpg","contentUrl":"https:\/\/www.pressenza.com\/wp-content\/uploads\/2022\/10\/pressenza_logo_200x200.jpg","width":200,"height":200,"caption":"Pressenza"},"image":{"@id":"https:\/\/www.pressenza.com\/es\/#\/schema\/logo\/image\/"},"sameAs":["https:\/\/www.facebook.com\/PressenzaItalia","https:\/\/x.com\/PressenzaIPA"]},{"@type":"Person","@id":"https:\/\/www.pressenza.com\/es\/#\/schema\/person\/010e5d02bcf40965427a1289a4cc8d75","name":"Pressenza IPA","description":"News from Pressenza IPA correspondents","sameAs":["https:\/\/www.facebook.com\/pressenza","https:\/\/x.com\/PressenzaIPA"],"url":"https:\/\/www.pressenza.com\/es\/author\/pressenza-ipa\/"}]}},"place":"Chill\u00e1n","original_article_url":"","_links":{"self":[{"href":"https:\/\/www.pressenza.com\/es\/wp-json\/wp\/v2\/posts\/1431","targetHints":{"allow":["GET"]}}],"collection":[{"href":"https:\/\/www.pressenza.com\/es\/wp-json\/wp\/v2\/posts"}],"about":[{"href":"https:\/\/www.pressenza.com\/es\/wp-json\/wp\/v2\/types\/post"}],"author":[{"embeddable":true,"href":"https:\/\/www.pressenza.com\/es\/wp-json\/wp\/v2\/users\/19"}],"replies":[{"embeddable":true,"href":"https:\/\/www.pressenza.com\/es\/wp-json\/wp\/v2\/comments?post=1431"}],"version-history":[{"count":0,"href":"https:\/\/www.pressenza.com\/es\/wp-json\/wp\/v2\/posts\/1431\/revisions"}],"wp:attachment":[{"href":"https:\/\/www.pressenza.com\/es\/wp-json\/wp\/v2\/media?parent=1431"}],"wp:term":[{"taxonomy":"category","embeddable":true,"href":"https:\/\/www.pressenza.com\/es\/wp-json\/wp\/v2\/categories?post=1431"},{"taxonomy":"post_tag","embeddable":true,"href":"https:\/\/www.pressenza.com\/es\/wp-json\/wp\/v2\/tags?post=1431"}],"curies":[{"name":"wp","href":"https:\/\/api.w.org\/{rel}","templated":true}]}}