{"id":1430728,"date":"2021-09-16T04:41:44","date_gmt":"2021-09-16T03:41:44","guid":{"rendered":"https:\/\/www.pressenza.com\/?p=1430728"},"modified":"2021-09-16T04:41:44","modified_gmt":"2021-09-16T03:41:44","slug":"necesitamos-una-nueva-prensa-urgente","status":"publish","type":"post","link":"https:\/\/www.pressenza.com\/es\/2021\/09\/necesitamos-una-nueva-prensa-urgente\/","title":{"rendered":"Necesitamos una nueva prensa\u2026 \u00a1Urgente!"},"content":{"rendered":"<p>Actualmente, en el Per\u00fa la gente no quiere ver los noticieros. \u00bfNo se quieren informar? Pues claro que s\u00ed, pero la \u201coferta\u201d que encuentran d\u00eda a d\u00eda, hora tras hora, es de una lucha sin cuartel para derribarse el primer gobierno de izquierda, presidido por el profesor Pedro Castillo. Se suma a la agenda, la exacerbaci\u00f3n de la delincuencia, que \u201cvende espect\u00e1culo\u201d y desplaza los temas trascendentes para el pa\u00eds.<\/p>\n<p>La guerra est\u00e1 declarada. Liderado por el monopolio del grupo El Comercio, todos los medios de comunicaci\u00f3n muestran las mismas noticias, el mismo enfoque y los mismos entrevistados. En vano es el esfuerzo de recorrer los canales de televisi\u00f3n 2, 4, 5, 8, 9, 10, 16, o los medios impresos como Gesti\u00f3n, Trome, Correo, Ojo, Expreso, entre otros. No hay diferencia alguna, solo matices.<\/p>\n<p>El \u00faltimo marco es el \u201cterruqueo\u201d de todo aquel que se atreva a asumir cargos p\u00fablicos; la renovaci\u00f3n de cuadros pol\u00edticos es un \u201csacrilegio\u201d. Antes de terruquear con ventilador, tambi\u00e9n se estilaba la difamaci\u00f3n, la intriga, la noticia tendenciosa con el consabido \u201cmiente, miente, que algo queda\u201d.<\/p>\n<p>\u00bfD\u00f3nde quedaron los principios de la libertad de prensa y con ello, el fortalecimiento de la libertad de opini\u00f3n, del rol social de los medios de comunicaci\u00f3n? \u00a0\u00bfLa influencia del mercado lo ha desvirtuado todo?<\/p>\n<p>La CONPYMAP (Coordinadora de Prensa Popular y Medios Alternativos) y la agencia de noticias PRESSENZA conversaron con Javier Torres Seoane, antrop\u00f3logo y comunicador del portal La Mula sobre el decadente papel que desarrolla actualmente la prensa nacional y que, influyen en la informaci\u00f3n (o desinformaci\u00f3n) que llega a los hogares peruanos.<\/p>\n<p>De entrada, Javier Torres advierte: \u201cLos medios de comunicaci\u00f3n se han convertido en los \u00faltimos tiempos en los defensores de intereses de los grupos de poder de la derecha peruana. Est\u00e1n conformando una l\u00ednea pro empresa, pero siempre tuvo esa l\u00ednea, la diferencia es que hoy presentan matices antigobierno, al filo de la legalidad\u201d.<\/p>\n<p>Seg\u00fan el antrop\u00f3logo, \u201clos temores llevan a los medios a un cuestionamiento frontal. Antes s\u00ed hubo cuestionamiento, pero hoy, la cobertura noticiosa presenta entrevistados b\u00e1sicamente del espectro opositor, Canal N por ejemplo, siempre est\u00e1 editorializando\u201d.<\/p>\n<p>Este es un fen\u00f3meno global que se ha dado en otros lugares. Fox News por ejemplo, en la gesti\u00f3n de Donald Trump, adem\u00e1s de la producci\u00f3n de fake news. Depende de los due\u00f1os del peri\u00f3dico, qu\u00e9 quieren hacer. El problema es que los medios pierden credibilidad, aunque hay matices, indica.<\/p>\n<p>Y a\u00f1ade: \u201cEntramos en una zona gris donde se dicen medias verdades, la informaci\u00f3n a medias. El mismo trabajo se hace con las figuras p\u00fablicas. Ante esto, tienes que aclarar, deben hacer sus descargos, no esperar que lo interpelen en el Parlamento. Yo creo que ah\u00ed no hay que dejarse\u201d.<\/p>\n<p><strong>\u00bfEste tipo de prensa refleja una posici\u00f3n ultra conservadora, ultra opositora? <\/strong><\/p>\n<p>\u201cAnte este tipo de noticias, el ciudadano de a pie tiene tres reacciones: Un sector que cree lo que escucha y se expresa del gobierno. Es como una droga, toman conocimiento de esa verdad, porque es lo \u00fanico que ven. El segundo sector, lo conforma el peruano que es muy desconfiado, incluso en sus relaciones interpersonales, sospecha del emisor y no le cree; y en el caso peruano, el impacto de las noticias de Lima es bastante bajo, lo asocian a los grupos de poder o simplemente lo rechazan. Y el tercer grupo, es el indiferente. Es el que muestra una suerte de desafecci\u00f3n pol\u00edtica porque todo lo que ven en los medios, es nulo.<\/p>\n<p>Lo que creo es que esta prensa genera rechazo, por lo que el lector deja de consumir esta informaci\u00f3n, como similares titulares que ve todos los d\u00edas. Esto genera una actitud permanente frente al pa\u00eds.<\/p>\n<p><strong>Frente a esta situaci\u00f3n, han surgido nuevos medios que cumplen el rol de Prensa Alternativa \u00bfCu\u00e1l es su valor?<\/strong><\/p>\n<p>Es muy importante que existan muchos medios de comunicaci\u00f3n. No me preocupa que haya muchos medios ultraconservadores, sino que solo sean estos. \u00a1Que haya m\u00e1s medios accesibles a la ciudadan\u00eda!<\/p>\n<p>La prensa alternativa juega un rol importante porque da una idea diferente de la realidad, te permite ver otras fuentes que pueden pasar de los diez o veinte que circulan en el grupo de El Comercio, por ejemplo. \u00bfPor qu\u00e9 declara permanentemente el general Montoya? \u00bfPor qu\u00e9 no aparecen otros? O en el gobierno de PPK o Vizcarra, aparec\u00edan a diario Vel\u00e1squez Quesqu\u00e9n y Jorge del Castillo, principalmente. Eso no es malo, pero s\u00ed lo es si solo opinan ellos. La opini\u00f3n debe ser diversa. \u00a0\u00a0 Es lo valioso.<\/p>\n<p>Estos medios, como IDL radio, La Mula, Ojo P\u00fablico, Convoca investigan pero no dependen de los due\u00f1os. En Noticias Ser, nosotros somos quienes recogemos la noticia en las regiones. La oferta debe existir, tiene que haber de alg\u00fan lado.<\/p>\n<p>Incluso, los grandes medios se han visto forzados a incluir analistas muy j\u00f3venes, pero estos no hubieran aparecido sino estaban en los espacios de prensa alternativa, veo tambi\u00e9n analistas de regiones en RPP, por ejemplo. Hay momentos en que la prensa de se\u00f1al abierta se abre a estas cosas, el programa de Jaime Chincha por ejemplo, es una isla en RPP. \u00a0Las islas pueden existir, como fue Exitosa en un momento.<\/p>\n<p>Y lo otro que ves, hay toda una legi\u00f3n de periodistas de los grandes medios que se han ganado un espacio. Josefina Towsend por ejemplo, est\u00e1 en La Mula, Rosa Mar\u00eda Palacios se encuentra en Radio Santa Rosa de propiedad de los dominicos, C\u00e9sar Hildebrandt quien se cre\u00f3 su propio medio que funciona con suscriptores, Gustavo Gorriti\u2026 la lista es largu\u00edsima. Han surgido con sus propios medios. La gente los sigue porque son serios, grandes periodistas, as\u00ed sea que no comparten su posici\u00f3n, hacen periodismo de calidad\u201d concluy\u00f3.<\/p>\n<p>Fuente Foto: La Mula.<\/p>\n","protected":false},"excerpt":{"rendered":"<p>Actualmente, en el Per\u00fa la gente no quiere ver los noticieros. \u00bfNo se quieren informar? Pues claro que s\u00ed, pero la \u201coferta\u201d que encuentran d\u00eda a d\u00eda, hora tras hora, es de una lucha sin cuartel para derribarse el primer&hellip;<\/p>\n","protected":false},"author":831,"featured_media":1430729,"comment_status":"closed","ping_status":"closed","sticky":false,"template":"","format":"standard","meta":{"footnotes":""},"categories":[11389,75,79,155,46976,67],"tags":[94897,94894,94893,94887,94890,94889,5522,94898,94891,94895,94892,94885,94888,63997,94884,49948,94896,94886],"class_list":["post-1430728","post","type-post","status-publish","format-standard","has-post-thumbnail","hentry","category-contenido-original","category-cultura-es","category-derechos-humanos","category-entrevistas","category-jovenes","category-sudamerica","tag-cesar-hildebrandt","tag-conpymap","tag-convoca","tag-correo","tag-el-comercio","tag-expreso","tag-gestion","tag-gustavo-gorriti","tag-idl-radio","tag-josefina-towsend","tag-la-mula","tag-monopolio-de-medios-de-comunicacion","tag-ojo","tag-ojo-publico","tag-prensa-alternativa","tag-pressenza-it-es","tag-rosa-maria-palacios","tag-trome"],"yoast_head":"<!-- This site is optimized with the Yoast SEO plugin v27.1.1 - https:\/\/yoast.com\/product\/yoast-seo-wordpress\/ -->\n<title>Necesitamos una nueva prensa\u2026 \u00a1Urgente!<\/title>\n<meta name=\"description\" content=\"Actualmente, en el Per\u00fa la gente no quiere ver los noticieros. \u00bfNo se quieren informar? Pues claro que s\u00ed, pero la \u201coferta\u201d que encuentran d\u00eda a d\u00eda, hora\" \/>\n<meta name=\"robots\" content=\"index, follow, max-snippet:-1, max-image-preview:large, max-video-preview:-1\" \/>\n<link rel=\"canonical\" href=\"https:\/\/www.pressenza.com\/es\/2021\/09\/necesitamos-una-nueva-prensa-urgente\/\" \/>\n<meta property=\"og:locale\" content=\"es_ES\" \/>\n<meta property=\"og:type\" content=\"article\" \/>\n<meta property=\"og:title\" content=\"Necesitamos una nueva prensa\u2026 \u00a1Urgente!\" \/>\n<meta property=\"og:description\" content=\"Actualmente, en el Per\u00fa la gente no quiere ver los noticieros. \u00bfNo se quieren informar? Pues claro que s\u00ed, pero la \u201coferta\u201d que encuentran d\u00eda a d\u00eda, hora\" \/>\n<meta property=\"og:url\" content=\"https:\/\/www.pressenza.com\/es\/2021\/09\/necesitamos-una-nueva-prensa-urgente\/\" \/>\n<meta property=\"og:site_name\" content=\"Pressenza\" \/>\n<meta property=\"article:publisher\" content=\"https:\/\/www.facebook.com\/PressenzaItalia\" \/>\n<meta property=\"article:published_time\" content=\"2021-09-16T03:41:44+00:00\" \/>\n<meta property=\"og:image\" content=\"https:\/\/www.pressenza.com\/wp-content\/uploads\/2021\/09\/javier.jpg\" \/>\n\t<meta property=\"og:image:width\" content=\"640\" \/>\n\t<meta property=\"og:image:height\" content=\"424\" \/>\n\t<meta property=\"og:image:type\" content=\"image\/jpeg\" \/>\n<meta name=\"author\" content=\"Redacci\u00f3n Per\u00fa\" \/>\n<meta name=\"twitter:card\" content=\"summary_large_image\" \/>\n<meta name=\"twitter:creator\" content=\"@PressenzaIPA\" \/>\n<meta name=\"twitter:site\" content=\"@PressenzaIPA\" \/>\n<meta name=\"twitter:label1\" content=\"Escrito por\" \/>\n\t<meta name=\"twitter:data1\" content=\"Redacci\u00f3n Per\u00fa\" \/>\n\t<meta name=\"twitter:label2\" content=\"Tiempo de lectura\" \/>\n\t<meta name=\"twitter:data2\" content=\"5 minutos\" \/>\n<script type=\"application\/ld+json\" class=\"yoast-schema-graph\">{\"@context\":\"https:\/\/schema.org\",\"@graph\":[{\"@type\":\"Article\",\"@id\":\"https:\/\/www.pressenza.com\/es\/2021\/09\/necesitamos-una-nueva-prensa-urgente\/#article\",\"isPartOf\":{\"@id\":\"https:\/\/www.pressenza.com\/es\/2021\/09\/necesitamos-una-nueva-prensa-urgente\/\"},\"author\":{\"name\":\"Redacci\u00f3n Per\u00fa\",\"@id\":\"https:\/\/www.pressenza.com\/es\/#\/schema\/person\/e86c29a41185b85084a478822f5de81b\"},\"headline\":\"Necesitamos una nueva prensa\u2026 \u00a1Urgente!\",\"datePublished\":\"2021-09-16T03:41:44+00:00\",\"mainEntityOfPage\":{\"@id\":\"https:\/\/www.pressenza.com\/es\/2021\/09\/necesitamos-una-nueva-prensa-urgente\/\"},\"wordCount\":1015,\"publisher\":{\"@id\":\"https:\/\/www.pressenza.com\/es\/#organization\"},\"image\":{\"@id\":\"https:\/\/www.pressenza.com\/es\/2021\/09\/necesitamos-una-nueva-prensa-urgente\/#primaryimage\"},\"thumbnailUrl\":\"https:\/\/www.pressenza.com\/wp-content\/uploads\/2021\/09\/javier.jpg\",\"keywords\":[\"C\u00e9sar Hildebrandt\",\"CONPYMAP\",\"Convoca\",\"Correo\",\"El Comercio\",\"Expreso\",\"gestion\",\"Gustavo Gorriti\",\"IDL radio\",\"Josefina Towsend\",\"La Mula\",\"monopolio de medios de comunicaci\u00f3n\",\"Ojo\",\"Ojo Publico\",\"Prensa alternativa\",\"Pressenza\",\"Rosa Mar\u00eda Palacios\",\"Trome\"],\"articleSection\":[\"Contenido Original\",\"Cultura y Medios\",\"Derechos Humanos\",\"Entrevistas\",\"J\u00f3venes\",\"Sudam\u00e9rica\"],\"inLanguage\":\"es\"},{\"@type\":\"WebPage\",\"@id\":\"https:\/\/www.pressenza.com\/es\/2021\/09\/necesitamos-una-nueva-prensa-urgente\/\",\"url\":\"https:\/\/www.pressenza.com\/es\/2021\/09\/necesitamos-una-nueva-prensa-urgente\/\",\"name\":\"Necesitamos una nueva prensa\u2026 \u00a1Urgente!\",\"isPartOf\":{\"@id\":\"https:\/\/www.pressenza.com\/es\/#website\"},\"primaryImageOfPage\":{\"@id\":\"https:\/\/www.pressenza.com\/es\/2021\/09\/necesitamos-una-nueva-prensa-urgente\/#primaryimage\"},\"image\":{\"@id\":\"https:\/\/www.pressenza.com\/es\/2021\/09\/necesitamos-una-nueva-prensa-urgente\/#primaryimage\"},\"thumbnailUrl\":\"https:\/\/www.pressenza.com\/wp-content\/uploads\/2021\/09\/javier.jpg\",\"datePublished\":\"2021-09-16T03:41:44+00:00\",\"description\":\"Actualmente, en el Per\u00fa la gente no quiere ver los noticieros. \u00bfNo se quieren informar? Pues claro que s\u00ed, pero la \u201coferta\u201d que encuentran d\u00eda a d\u00eda, hora\",\"breadcrumb\":{\"@id\":\"https:\/\/www.pressenza.com\/es\/2021\/09\/necesitamos-una-nueva-prensa-urgente\/#breadcrumb\"},\"inLanguage\":\"es\",\"potentialAction\":[{\"@type\":\"ReadAction\",\"target\":[\"https:\/\/www.pressenza.com\/es\/2021\/09\/necesitamos-una-nueva-prensa-urgente\/\"]}]},{\"@type\":\"ImageObject\",\"inLanguage\":\"es\",\"@id\":\"https:\/\/www.pressenza.com\/es\/2021\/09\/necesitamos-una-nueva-prensa-urgente\/#primaryimage\",\"url\":\"https:\/\/www.pressenza.com\/wp-content\/uploads\/2021\/09\/javier.jpg\",\"contentUrl\":\"https:\/\/www.pressenza.com\/wp-content\/uploads\/2021\/09\/javier.jpg\",\"width\":640,\"height\":424},{\"@type\":\"BreadcrumbList\",\"@id\":\"https:\/\/www.pressenza.com\/es\/2021\/09\/necesitamos-una-nueva-prensa-urgente\/#breadcrumb\",\"itemListElement\":[{\"@type\":\"ListItem\",\"position\":1,\"name\":\"Accueil\",\"item\":\"https:\/\/www.pressenza.com\/es\/\"},{\"@type\":\"ListItem\",\"position\":2,\"name\":\"Necesitamos una nueva prensa\u2026 \u00a1Urgente!\"}]},{\"@type\":\"WebSite\",\"@id\":\"https:\/\/www.pressenza.com\/es\/#website\",\"url\":\"https:\/\/www.pressenza.com\/es\/\",\"name\":\"Pressenza\",\"description\":\"International Press Agency\",\"publisher\":{\"@id\":\"https:\/\/www.pressenza.com\/es\/#organization\"},\"potentialAction\":[{\"@type\":\"SearchAction\",\"target\":{\"@type\":\"EntryPoint\",\"urlTemplate\":\"https:\/\/www.pressenza.com\/es\/?s={search_term_string}\"},\"query-input\":{\"@type\":\"PropertyValueSpecification\",\"valueRequired\":true,\"valueName\":\"search_term_string\"}}],\"inLanguage\":\"es\"},{\"@type\":\"Organization\",\"@id\":\"https:\/\/www.pressenza.com\/es\/#organization\",\"name\":\"Pressenza\",\"url\":\"https:\/\/www.pressenza.com\/es\/\",\"logo\":{\"@type\":\"ImageObject\",\"inLanguage\":\"es\",\"@id\":\"https:\/\/www.pressenza.com\/es\/#\/schema\/logo\/image\/\",\"url\":\"https:\/\/www.pressenza.com\/wp-content\/uploads\/2022\/10\/pressenza_logo_200x200.jpg\",\"contentUrl\":\"https:\/\/www.pressenza.com\/wp-content\/uploads\/2022\/10\/pressenza_logo_200x200.jpg\",\"width\":200,\"height\":200,\"caption\":\"Pressenza\"},\"image\":{\"@id\":\"https:\/\/www.pressenza.com\/es\/#\/schema\/logo\/image\/\"},\"sameAs\":[\"https:\/\/www.facebook.com\/PressenzaItalia\",\"https:\/\/x.com\/PressenzaIPA\"]},{\"@type\":\"Person\",\"@id\":\"https:\/\/www.pressenza.com\/es\/#\/schema\/person\/e86c29a41185b85084a478822f5de81b\",\"name\":\"Redacci\u00f3n Per\u00fa\",\"description\":\"News published by the Pressenza bureau in Peru\",\"url\":\"https:\/\/www.pressenza.com\/es\/author\/redaccion-peru\/\"}]}<\/script>\n<!-- \/ Yoast SEO plugin. -->","yoast_head_json":{"title":"Necesitamos una nueva prensa\u2026 \u00a1Urgente!","description":"Actualmente, en el Per\u00fa la gente no quiere ver los noticieros. \u00bfNo se quieren informar? Pues claro que s\u00ed, pero la \u201coferta\u201d que encuentran d\u00eda a d\u00eda, hora","robots":{"index":"index","follow":"follow","max-snippet":"max-snippet:-1","max-image-preview":"max-image-preview:large","max-video-preview":"max-video-preview:-1"},"canonical":"https:\/\/www.pressenza.com\/es\/2021\/09\/necesitamos-una-nueva-prensa-urgente\/","og_locale":"es_ES","og_type":"article","og_title":"Necesitamos una nueva prensa\u2026 \u00a1Urgente!","og_description":"Actualmente, en el Per\u00fa la gente no quiere ver los noticieros. \u00bfNo se quieren informar? Pues claro que s\u00ed, pero la \u201coferta\u201d que encuentran d\u00eda a d\u00eda, hora","og_url":"https:\/\/www.pressenza.com\/es\/2021\/09\/necesitamos-una-nueva-prensa-urgente\/","og_site_name":"Pressenza","article_publisher":"https:\/\/www.facebook.com\/PressenzaItalia","article_published_time":"2021-09-16T03:41:44+00:00","og_image":[{"width":640,"height":424,"url":"https:\/\/www.pressenza.com\/wp-content\/uploads\/2021\/09\/javier.jpg","type":"image\/jpeg"}],"author":"Redacci\u00f3n Per\u00fa","twitter_card":"summary_large_image","twitter_creator":"@PressenzaIPA","twitter_site":"@PressenzaIPA","twitter_misc":{"Escrito por":"Redacci\u00f3n Per\u00fa","Tiempo de lectura":"5 minutos"},"schema":{"@context":"https:\/\/schema.org","@graph":[{"@type":"Article","@id":"https:\/\/www.pressenza.com\/es\/2021\/09\/necesitamos-una-nueva-prensa-urgente\/#article","isPartOf":{"@id":"https:\/\/www.pressenza.com\/es\/2021\/09\/necesitamos-una-nueva-prensa-urgente\/"},"author":{"name":"Redacci\u00f3n Per\u00fa","@id":"https:\/\/www.pressenza.com\/es\/#\/schema\/person\/e86c29a41185b85084a478822f5de81b"},"headline":"Necesitamos una nueva prensa\u2026 \u00a1Urgente!","datePublished":"2021-09-16T03:41:44+00:00","mainEntityOfPage":{"@id":"https:\/\/www.pressenza.com\/es\/2021\/09\/necesitamos-una-nueva-prensa-urgente\/"},"wordCount":1015,"publisher":{"@id":"https:\/\/www.pressenza.com\/es\/#organization"},"image":{"@id":"https:\/\/www.pressenza.com\/es\/2021\/09\/necesitamos-una-nueva-prensa-urgente\/#primaryimage"},"thumbnailUrl":"https:\/\/www.pressenza.com\/wp-content\/uploads\/2021\/09\/javier.jpg","keywords":["C\u00e9sar Hildebrandt","CONPYMAP","Convoca","Correo","El Comercio","Expreso","gestion","Gustavo Gorriti","IDL radio","Josefina Towsend","La Mula","monopolio de medios de comunicaci\u00f3n","Ojo","Ojo Publico","Prensa alternativa","Pressenza","Rosa Mar\u00eda Palacios","Trome"],"articleSection":["Contenido Original","Cultura y Medios","Derechos Humanos","Entrevistas","J\u00f3venes","Sudam\u00e9rica"],"inLanguage":"es"},{"@type":"WebPage","@id":"https:\/\/www.pressenza.com\/es\/2021\/09\/necesitamos-una-nueva-prensa-urgente\/","url":"https:\/\/www.pressenza.com\/es\/2021\/09\/necesitamos-una-nueva-prensa-urgente\/","name":"Necesitamos una nueva prensa\u2026 \u00a1Urgente!","isPartOf":{"@id":"https:\/\/www.pressenza.com\/es\/#website"},"primaryImageOfPage":{"@id":"https:\/\/www.pressenza.com\/es\/2021\/09\/necesitamos-una-nueva-prensa-urgente\/#primaryimage"},"image":{"@id":"https:\/\/www.pressenza.com\/es\/2021\/09\/necesitamos-una-nueva-prensa-urgente\/#primaryimage"},"thumbnailUrl":"https:\/\/www.pressenza.com\/wp-content\/uploads\/2021\/09\/javier.jpg","datePublished":"2021-09-16T03:41:44+00:00","description":"Actualmente, en el Per\u00fa la gente no quiere ver los noticieros. \u00bfNo se quieren informar? Pues claro que s\u00ed, pero la \u201coferta\u201d que encuentran d\u00eda a d\u00eda, hora","breadcrumb":{"@id":"https:\/\/www.pressenza.com\/es\/2021\/09\/necesitamos-una-nueva-prensa-urgente\/#breadcrumb"},"inLanguage":"es","potentialAction":[{"@type":"ReadAction","target":["https:\/\/www.pressenza.com\/es\/2021\/09\/necesitamos-una-nueva-prensa-urgente\/"]}]},{"@type":"ImageObject","inLanguage":"es","@id":"https:\/\/www.pressenza.com\/es\/2021\/09\/necesitamos-una-nueva-prensa-urgente\/#primaryimage","url":"https:\/\/www.pressenza.com\/wp-content\/uploads\/2021\/09\/javier.jpg","contentUrl":"https:\/\/www.pressenza.com\/wp-content\/uploads\/2021\/09\/javier.jpg","width":640,"height":424},{"@type":"BreadcrumbList","@id":"https:\/\/www.pressenza.com\/es\/2021\/09\/necesitamos-una-nueva-prensa-urgente\/#breadcrumb","itemListElement":[{"@type":"ListItem","position":1,"name":"Accueil","item":"https:\/\/www.pressenza.com\/es\/"},{"@type":"ListItem","position":2,"name":"Necesitamos una nueva prensa\u2026 \u00a1Urgente!"}]},{"@type":"WebSite","@id":"https:\/\/www.pressenza.com\/es\/#website","url":"https:\/\/www.pressenza.com\/es\/","name":"Pressenza","description":"International Press Agency","publisher":{"@id":"https:\/\/www.pressenza.com\/es\/#organization"},"potentialAction":[{"@type":"SearchAction","target":{"@type":"EntryPoint","urlTemplate":"https:\/\/www.pressenza.com\/es\/?s={search_term_string}"},"query-input":{"@type":"PropertyValueSpecification","valueRequired":true,"valueName":"search_term_string"}}],"inLanguage":"es"},{"@type":"Organization","@id":"https:\/\/www.pressenza.com\/es\/#organization","name":"Pressenza","url":"https:\/\/www.pressenza.com\/es\/","logo":{"@type":"ImageObject","inLanguage":"es","@id":"https:\/\/www.pressenza.com\/es\/#\/schema\/logo\/image\/","url":"https:\/\/www.pressenza.com\/wp-content\/uploads\/2022\/10\/pressenza_logo_200x200.jpg","contentUrl":"https:\/\/www.pressenza.com\/wp-content\/uploads\/2022\/10\/pressenza_logo_200x200.jpg","width":200,"height":200,"caption":"Pressenza"},"image":{"@id":"https:\/\/www.pressenza.com\/es\/#\/schema\/logo\/image\/"},"sameAs":["https:\/\/www.facebook.com\/PressenzaItalia","https:\/\/x.com\/PressenzaIPA"]},{"@type":"Person","@id":"https:\/\/www.pressenza.com\/es\/#\/schema\/person\/e86c29a41185b85084a478822f5de81b","name":"Redacci\u00f3n Per\u00fa","description":"News published by the Pressenza bureau in Peru","url":"https:\/\/www.pressenza.com\/es\/author\/redaccion-peru\/"}]}},"place":"","original_article_url":"","_links":{"self":[{"href":"https:\/\/www.pressenza.com\/es\/wp-json\/wp\/v2\/posts\/1430728","targetHints":{"allow":["GET"]}}],"collection":[{"href":"https:\/\/www.pressenza.com\/es\/wp-json\/wp\/v2\/posts"}],"about":[{"href":"https:\/\/www.pressenza.com\/es\/wp-json\/wp\/v2\/types\/post"}],"author":[{"embeddable":true,"href":"https:\/\/www.pressenza.com\/es\/wp-json\/wp\/v2\/users\/831"}],"replies":[{"embeddable":true,"href":"https:\/\/www.pressenza.com\/es\/wp-json\/wp\/v2\/comments?post=1430728"}],"version-history":[{"count":0,"href":"https:\/\/www.pressenza.com\/es\/wp-json\/wp\/v2\/posts\/1430728\/revisions"}],"wp:featuredmedia":[{"embeddable":true,"href":"https:\/\/www.pressenza.com\/es\/wp-json\/wp\/v2\/media\/1430729"}],"wp:attachment":[{"href":"https:\/\/www.pressenza.com\/es\/wp-json\/wp\/v2\/media?parent=1430728"}],"wp:term":[{"taxonomy":"category","embeddable":true,"href":"https:\/\/www.pressenza.com\/es\/wp-json\/wp\/v2\/categories?post=1430728"},{"taxonomy":"post_tag","embeddable":true,"href":"https:\/\/www.pressenza.com\/es\/wp-json\/wp\/v2\/tags?post=1430728"}],"curies":[{"name":"wp","href":"https:\/\/api.w.org\/{rel}","templated":true}]}}