{"id":1430,"date":"2009-09-26T00:00:00","date_gmt":"2009-09-26T00:00:00","guid":{"rendered":""},"modified":"2009-09-26T21:36:08","modified_gmt":"2009-09-26T21:36:08","slug":"hospitalidad-guatemalteca-a-equipo-internacional-de-peregrinos","status":"publish","type":"post","link":"https:\/\/www.pressenza.com\/es\/2009\/09\/hospitalidad-guatemalteca-a-equipo-internacional-de-peregrinos\/","title":{"rendered":"Hospitalidad guatemalteca a equipo internacional de peregrinos"},"content":{"rendered":"<p>Por intermedio de Maritza Vel\u00e1squez, Miembro del grupo promotor de la Marcha Mundial por la Paz y la No Violencia de Guatemala, se hizo p\u00fablica la invitaci\u00f3n de hospedar a 30 integrantes del equipo de marchantes que ya se est\u00e1 congregando en Nueva Zelanda para dar inicio a la marcha que, ya acerc\u00e1ndose al final de su recorrido, en el cono sur americano, pasar\u00e1 el d\u00eda 7 de diciembre por Guatemala, m\u00e1s espec\u00edficamente por la Ciudad de Esquipulas.<\/p>\n<p>Esta ciudad, seg\u00fan se\u00f1ala Maritza Vel\u00e1squez, tiene condiciones y atributos especiales con los cuales se pretende retribuir el regalo que implica acoger a los peregrinos de la paz, a los cuales ellos agregan uno m\u00e1s con su paso por la ciudad.<\/p>\n<p>Tales atributos son:<br \/>\n1. Esquipulas es un centro hist\u00f3rico, de espiritualidad para los centroamericanos, cuenta con el Cristo Negro, esculpido por Quirio Cata\u00f1o que se remonta a \u00e9pocas de la colonia Guatemalteca.<br \/>\n2. Esquipulas es la sede donde se iniciaron las negociaciones de los Acuerdos de Paz de Esquipulas I y II y el foco de atenci\u00f3n para el Plan Arias de Oscar Arias de Costa Rica.<br \/>\n3. Esquipulas es parte del Trifinio *(regi\u00f3n multinacional protegida)* que une a El Salvador, Honduras y Guatemala.<br \/>\n4. Esquipulas cuenta este a\u00f1o con el Jubileo, privilegio otorgado por la Santa Sede.<br \/>\n5. Esquipulas es parte del recorrido de la Marcha Mundial por la Paz y la No Violencia.   <\/p>\n<p>Junto con la invitaci\u00f3n, los promotores de la Marcha undial gualtemaltecos, anuncian la instalaci\u00f3n de un monumento de conmemoraci\u00f3n de la Marcha Mundial que ser\u00e1 erigido en el municipio y a cuya inauguraci\u00f3n cuentan con invitar a la Premio Nobel de la Paz, Rigoberta Mench\u00fa, quien adhiri\u00f3 a la Marcha Mundial.<\/p>\n","protected":false},"excerpt":{"rendered":"<p>Organizaciones promotoras de la Marcha Mundial por la Paz de Guatemala, junto a las autoridades edilicias de la Ciudad de Esquipulas, ciudad sede de los acuerdos de paz convenidos entre las naciones centroamericanas en 1986 y 1987, extienden una invitaci\u00f3n a los integrantes del equipo internacional que llegar\u00e1n a esa ciudad en el mes diciembre pr\u00f3ximo<\/p>\n","protected":false},"author":19,"featured_media":0,"comment_status":"closed","ping_status":"open","sticky":false,"template":"","format":"standard","meta":{"footnotes":""},"categories":[69,75,39],"tags":[],"class_list":["post-1430","post","type-post","status-publish","format-standard","hentry","category-america-central","category-cultura-es","category-internacional"],"yoast_head":"<!-- This site is optimized with the Yoast SEO plugin v27.1.1 - https:\/\/yoast.com\/product\/yoast-seo-wordpress\/ -->\n<title>Hospitalidad guatemalteca a equipo internacional de peregrinos<\/title>\n<meta name=\"description\" content=\"Organizaciones promotoras de la Marcha Mundial por la Paz de Guatemala, junto a las autoridades edilicias de la Ciudad de Esquipulas, ciudad sede de los acuerdos de paz convenidos entre las naciones centroamericanas en 1986 y 1987, extienden una invitaci\u00f3n a los integrantes del equipo internacional que llegar\u00e1n a esa ciudad en el mes diciembre pr\u00f3ximo\" \/>\n<meta name=\"robots\" content=\"index, follow, max-snippet:-1, max-image-preview:large, max-video-preview:-1\" \/>\n<link rel=\"canonical\" href=\"https:\/\/www.pressenza.com\/es\/2009\/09\/hospitalidad-guatemalteca-a-equipo-internacional-de-peregrinos\/\" \/>\n<meta property=\"og:locale\" content=\"es_ES\" \/>\n<meta property=\"og:type\" content=\"article\" \/>\n<meta property=\"og:title\" content=\"Hospitalidad guatemalteca a equipo internacional de peregrinos\" \/>\n<meta property=\"og:description\" content=\"Organizaciones promotoras de la Marcha Mundial por la Paz de Guatemala, junto a las autoridades edilicias de la Ciudad de Esquipulas, ciudad sede de los acuerdos de paz convenidos entre las naciones centroamericanas en 1986 y 1987, extienden una invitaci\u00f3n a los integrantes del equipo internacional que llegar\u00e1n a esa ciudad en el mes diciembre pr\u00f3ximo\" \/>\n<meta property=\"og:url\" content=\"https:\/\/www.pressenza.com\/es\/2009\/09\/hospitalidad-guatemalteca-a-equipo-internacional-de-peregrinos\/\" \/>\n<meta property=\"og:site_name\" content=\"Pressenza\" \/>\n<meta property=\"article:publisher\" content=\"https:\/\/www.facebook.com\/PressenzaItalia\" \/>\n<meta property=\"article:author\" content=\"https:\/\/www.facebook.com\/pressenza\" \/>\n<meta property=\"article:published_time\" content=\"2009-09-26T00:00:00+00:00\" \/>\n<meta property=\"article:modified_time\" content=\"2009-09-26T21:36:08+00:00\" \/>\n<meta name=\"author\" content=\"Pressenza IPA\" \/>\n<meta name=\"twitter:card\" content=\"summary_large_image\" \/>\n<meta name=\"twitter:creator\" content=\"@PressenzaIPA\" \/>\n<meta name=\"twitter:site\" content=\"@PressenzaIPA\" \/>\n<meta name=\"twitter:label1\" content=\"Escrito por\" \/>\n\t<meta name=\"twitter:data1\" content=\"Pressenza IPA\" \/>\n\t<meta name=\"twitter:label2\" content=\"Tiempo de lectura\" \/>\n\t<meta name=\"twitter:data2\" content=\"1 minuto\" \/>\n<script type=\"application\/ld+json\" class=\"yoast-schema-graph\">{\"@context\":\"https:\/\/schema.org\",\"@graph\":[{\"@type\":\"Article\",\"@id\":\"https:\/\/www.pressenza.com\/es\/2009\/09\/hospitalidad-guatemalteca-a-equipo-internacional-de-peregrinos\/#article\",\"isPartOf\":{\"@id\":\"https:\/\/www.pressenza.com\/es\/2009\/09\/hospitalidad-guatemalteca-a-equipo-internacional-de-peregrinos\/\"},\"author\":{\"name\":\"Pressenza IPA\",\"@id\":\"https:\/\/www.pressenza.com\/es\/#\/schema\/person\/010e5d02bcf40965427a1289a4cc8d75\"},\"headline\":\"Hospitalidad guatemalteca a equipo internacional de peregrinos\",\"datePublished\":\"2009-09-26T00:00:00+00:00\",\"dateModified\":\"2009-09-26T21:36:08+00:00\",\"mainEntityOfPage\":{\"@id\":\"https:\/\/www.pressenza.com\/es\/2009\/09\/hospitalidad-guatemalteca-a-equipo-internacional-de-peregrinos\/\"},\"wordCount\":305,\"publisher\":{\"@id\":\"https:\/\/www.pressenza.com\/es\/#organization\"},\"articleSection\":[\"Am\u00e9rica Central\",\"Cultura y Medios\",\"Internacional\"],\"inLanguage\":\"es\"},{\"@type\":\"WebPage\",\"@id\":\"https:\/\/www.pressenza.com\/es\/2009\/09\/hospitalidad-guatemalteca-a-equipo-internacional-de-peregrinos\/\",\"url\":\"https:\/\/www.pressenza.com\/es\/2009\/09\/hospitalidad-guatemalteca-a-equipo-internacional-de-peregrinos\/\",\"name\":\"Hospitalidad guatemalteca a equipo internacional de peregrinos\",\"isPartOf\":{\"@id\":\"https:\/\/www.pressenza.com\/es\/#website\"},\"datePublished\":\"2009-09-26T00:00:00+00:00\",\"dateModified\":\"2009-09-26T21:36:08+00:00\",\"description\":\"Organizaciones promotoras de la Marcha Mundial por la Paz de Guatemala, junto a las autoridades edilicias de la Ciudad de Esquipulas, ciudad sede de los acuerdos de paz convenidos entre las naciones centroamericanas en 1986 y 1987, extienden una invitaci\u00f3n a los integrantes del equipo internacional que llegar\u00e1n a esa ciudad en el mes diciembre pr\u00f3ximo\",\"breadcrumb\":{\"@id\":\"https:\/\/www.pressenza.com\/es\/2009\/09\/hospitalidad-guatemalteca-a-equipo-internacional-de-peregrinos\/#breadcrumb\"},\"inLanguage\":\"es\",\"potentialAction\":[{\"@type\":\"ReadAction\",\"target\":[\"https:\/\/www.pressenza.com\/es\/2009\/09\/hospitalidad-guatemalteca-a-equipo-internacional-de-peregrinos\/\"]}]},{\"@type\":\"BreadcrumbList\",\"@id\":\"https:\/\/www.pressenza.com\/es\/2009\/09\/hospitalidad-guatemalteca-a-equipo-internacional-de-peregrinos\/#breadcrumb\",\"itemListElement\":[{\"@type\":\"ListItem\",\"position\":1,\"name\":\"Accueil\",\"item\":\"https:\/\/www.pressenza.com\/es\/\"},{\"@type\":\"ListItem\",\"position\":2,\"name\":\"Hospitalidad guatemalteca a equipo internacional de peregrinos\"}]},{\"@type\":\"WebSite\",\"@id\":\"https:\/\/www.pressenza.com\/es\/#website\",\"url\":\"https:\/\/www.pressenza.com\/es\/\",\"name\":\"Pressenza\",\"description\":\"International Press Agency\",\"publisher\":{\"@id\":\"https:\/\/www.pressenza.com\/es\/#organization\"},\"potentialAction\":[{\"@type\":\"SearchAction\",\"target\":{\"@type\":\"EntryPoint\",\"urlTemplate\":\"https:\/\/www.pressenza.com\/es\/?s={search_term_string}\"},\"query-input\":{\"@type\":\"PropertyValueSpecification\",\"valueRequired\":true,\"valueName\":\"search_term_string\"}}],\"inLanguage\":\"es\"},{\"@type\":\"Organization\",\"@id\":\"https:\/\/www.pressenza.com\/es\/#organization\",\"name\":\"Pressenza\",\"url\":\"https:\/\/www.pressenza.com\/es\/\",\"logo\":{\"@type\":\"ImageObject\",\"inLanguage\":\"es\",\"@id\":\"https:\/\/www.pressenza.com\/es\/#\/schema\/logo\/image\/\",\"url\":\"https:\/\/www.pressenza.com\/wp-content\/uploads\/2022\/10\/pressenza_logo_200x200.jpg\",\"contentUrl\":\"https:\/\/www.pressenza.com\/wp-content\/uploads\/2022\/10\/pressenza_logo_200x200.jpg\",\"width\":200,\"height\":200,\"caption\":\"Pressenza\"},\"image\":{\"@id\":\"https:\/\/www.pressenza.com\/es\/#\/schema\/logo\/image\/\"},\"sameAs\":[\"https:\/\/www.facebook.com\/PressenzaItalia\",\"https:\/\/x.com\/PressenzaIPA\"]},{\"@type\":\"Person\",\"@id\":\"https:\/\/www.pressenza.com\/es\/#\/schema\/person\/010e5d02bcf40965427a1289a4cc8d75\",\"name\":\"Pressenza IPA\",\"description\":\"News from Pressenza IPA correspondents\",\"sameAs\":[\"https:\/\/www.facebook.com\/pressenza\",\"https:\/\/x.com\/PressenzaIPA\"],\"url\":\"https:\/\/www.pressenza.com\/es\/author\/pressenza-ipa\/\"}]}<\/script>\n<!-- \/ Yoast SEO plugin. -->","yoast_head_json":{"title":"Hospitalidad guatemalteca a equipo internacional de peregrinos","description":"Organizaciones promotoras de la Marcha Mundial por la Paz de Guatemala, junto a las autoridades edilicias de la Ciudad de Esquipulas, ciudad sede de los acuerdos de paz convenidos entre las naciones centroamericanas en 1986 y 1987, extienden una invitaci\u00f3n a los integrantes del equipo internacional que llegar\u00e1n a esa ciudad en el mes diciembre pr\u00f3ximo","robots":{"index":"index","follow":"follow","max-snippet":"max-snippet:-1","max-image-preview":"max-image-preview:large","max-video-preview":"max-video-preview:-1"},"canonical":"https:\/\/www.pressenza.com\/es\/2009\/09\/hospitalidad-guatemalteca-a-equipo-internacional-de-peregrinos\/","og_locale":"es_ES","og_type":"article","og_title":"Hospitalidad guatemalteca a equipo internacional de peregrinos","og_description":"Organizaciones promotoras de la Marcha Mundial por la Paz de Guatemala, junto a las autoridades edilicias de la Ciudad de Esquipulas, ciudad sede de los acuerdos de paz convenidos entre las naciones centroamericanas en 1986 y 1987, extienden una invitaci\u00f3n a los integrantes del equipo internacional que llegar\u00e1n a esa ciudad en el mes diciembre pr\u00f3ximo","og_url":"https:\/\/www.pressenza.com\/es\/2009\/09\/hospitalidad-guatemalteca-a-equipo-internacional-de-peregrinos\/","og_site_name":"Pressenza","article_publisher":"https:\/\/www.facebook.com\/PressenzaItalia","article_author":"https:\/\/www.facebook.com\/pressenza","article_published_time":"2009-09-26T00:00:00+00:00","article_modified_time":"2009-09-26T21:36:08+00:00","author":"Pressenza IPA","twitter_card":"summary_large_image","twitter_creator":"@PressenzaIPA","twitter_site":"@PressenzaIPA","twitter_misc":{"Escrito por":"Pressenza IPA","Tiempo de lectura":"1 minuto"},"schema":{"@context":"https:\/\/schema.org","@graph":[{"@type":"Article","@id":"https:\/\/www.pressenza.com\/es\/2009\/09\/hospitalidad-guatemalteca-a-equipo-internacional-de-peregrinos\/#article","isPartOf":{"@id":"https:\/\/www.pressenza.com\/es\/2009\/09\/hospitalidad-guatemalteca-a-equipo-internacional-de-peregrinos\/"},"author":{"name":"Pressenza IPA","@id":"https:\/\/www.pressenza.com\/es\/#\/schema\/person\/010e5d02bcf40965427a1289a4cc8d75"},"headline":"Hospitalidad guatemalteca a equipo internacional de peregrinos","datePublished":"2009-09-26T00:00:00+00:00","dateModified":"2009-09-26T21:36:08+00:00","mainEntityOfPage":{"@id":"https:\/\/www.pressenza.com\/es\/2009\/09\/hospitalidad-guatemalteca-a-equipo-internacional-de-peregrinos\/"},"wordCount":305,"publisher":{"@id":"https:\/\/www.pressenza.com\/es\/#organization"},"articleSection":["Am\u00e9rica Central","Cultura y Medios","Internacional"],"inLanguage":"es"},{"@type":"WebPage","@id":"https:\/\/www.pressenza.com\/es\/2009\/09\/hospitalidad-guatemalteca-a-equipo-internacional-de-peregrinos\/","url":"https:\/\/www.pressenza.com\/es\/2009\/09\/hospitalidad-guatemalteca-a-equipo-internacional-de-peregrinos\/","name":"Hospitalidad guatemalteca a equipo internacional de peregrinos","isPartOf":{"@id":"https:\/\/www.pressenza.com\/es\/#website"},"datePublished":"2009-09-26T00:00:00+00:00","dateModified":"2009-09-26T21:36:08+00:00","description":"Organizaciones promotoras de la Marcha Mundial por la Paz de Guatemala, junto a las autoridades edilicias de la Ciudad de Esquipulas, ciudad sede de los acuerdos de paz convenidos entre las naciones centroamericanas en 1986 y 1987, extienden una invitaci\u00f3n a los integrantes del equipo internacional que llegar\u00e1n a esa ciudad en el mes diciembre pr\u00f3ximo","breadcrumb":{"@id":"https:\/\/www.pressenza.com\/es\/2009\/09\/hospitalidad-guatemalteca-a-equipo-internacional-de-peregrinos\/#breadcrumb"},"inLanguage":"es","potentialAction":[{"@type":"ReadAction","target":["https:\/\/www.pressenza.com\/es\/2009\/09\/hospitalidad-guatemalteca-a-equipo-internacional-de-peregrinos\/"]}]},{"@type":"BreadcrumbList","@id":"https:\/\/www.pressenza.com\/es\/2009\/09\/hospitalidad-guatemalteca-a-equipo-internacional-de-peregrinos\/#breadcrumb","itemListElement":[{"@type":"ListItem","position":1,"name":"Accueil","item":"https:\/\/www.pressenza.com\/es\/"},{"@type":"ListItem","position":2,"name":"Hospitalidad guatemalteca a equipo internacional de peregrinos"}]},{"@type":"WebSite","@id":"https:\/\/www.pressenza.com\/es\/#website","url":"https:\/\/www.pressenza.com\/es\/","name":"Pressenza","description":"International Press Agency","publisher":{"@id":"https:\/\/www.pressenza.com\/es\/#organization"},"potentialAction":[{"@type":"SearchAction","target":{"@type":"EntryPoint","urlTemplate":"https:\/\/www.pressenza.com\/es\/?s={search_term_string}"},"query-input":{"@type":"PropertyValueSpecification","valueRequired":true,"valueName":"search_term_string"}}],"inLanguage":"es"},{"@type":"Organization","@id":"https:\/\/www.pressenza.com\/es\/#organization","name":"Pressenza","url":"https:\/\/www.pressenza.com\/es\/","logo":{"@type":"ImageObject","inLanguage":"es","@id":"https:\/\/www.pressenza.com\/es\/#\/schema\/logo\/image\/","url":"https:\/\/www.pressenza.com\/wp-content\/uploads\/2022\/10\/pressenza_logo_200x200.jpg","contentUrl":"https:\/\/www.pressenza.com\/wp-content\/uploads\/2022\/10\/pressenza_logo_200x200.jpg","width":200,"height":200,"caption":"Pressenza"},"image":{"@id":"https:\/\/www.pressenza.com\/es\/#\/schema\/logo\/image\/"},"sameAs":["https:\/\/www.facebook.com\/PressenzaItalia","https:\/\/x.com\/PressenzaIPA"]},{"@type":"Person","@id":"https:\/\/www.pressenza.com\/es\/#\/schema\/person\/010e5d02bcf40965427a1289a4cc8d75","name":"Pressenza IPA","description":"News from Pressenza IPA correspondents","sameAs":["https:\/\/www.facebook.com\/pressenza","https:\/\/x.com\/PressenzaIPA"],"url":"https:\/\/www.pressenza.com\/es\/author\/pressenza-ipa\/"}]}},"place":"Esquipulas","original_article_url":"","_links":{"self":[{"href":"https:\/\/www.pressenza.com\/es\/wp-json\/wp\/v2\/posts\/1430","targetHints":{"allow":["GET"]}}],"collection":[{"href":"https:\/\/www.pressenza.com\/es\/wp-json\/wp\/v2\/posts"}],"about":[{"href":"https:\/\/www.pressenza.com\/es\/wp-json\/wp\/v2\/types\/post"}],"author":[{"embeddable":true,"href":"https:\/\/www.pressenza.com\/es\/wp-json\/wp\/v2\/users\/19"}],"replies":[{"embeddable":true,"href":"https:\/\/www.pressenza.com\/es\/wp-json\/wp\/v2\/comments?post=1430"}],"version-history":[{"count":0,"href":"https:\/\/www.pressenza.com\/es\/wp-json\/wp\/v2\/posts\/1430\/revisions"}],"wp:attachment":[{"href":"https:\/\/www.pressenza.com\/es\/wp-json\/wp\/v2\/media?parent=1430"}],"wp:term":[{"taxonomy":"category","embeddable":true,"href":"https:\/\/www.pressenza.com\/es\/wp-json\/wp\/v2\/categories?post=1430"},{"taxonomy":"post_tag","embeddable":true,"href":"https:\/\/www.pressenza.com\/es\/wp-json\/wp\/v2\/tags?post=1430"}],"curies":[{"name":"wp","href":"https:\/\/api.w.org\/{rel}","templated":true}]}}