{"id":1429169,"date":"2021-09-12T16:30:03","date_gmt":"2021-09-12T15:30:03","guid":{"rendered":"https:\/\/www.pressenza.com\/?p=1429169"},"modified":"2021-09-12T16:30:03","modified_gmt":"2021-09-12T15:30:03","slug":"la-mentira-es-hija-tambien-de-la-impunidad","status":"publish","type":"post","link":"https:\/\/www.pressenza.com\/es\/2021\/09\/la-mentira-es-hija-tambien-de-la-impunidad\/","title":{"rendered":"La mentira es hija tambi\u00e9n de la impunidad"},"content":{"rendered":"<p>El enga\u00f1o perpetrado por un constituyente, que para resultar elegido hizo creer al electorado que ten\u00eda un c\u00e1ncer terminal, y hasta anduvo disfrazado de paciente grave, es, sin duda, uno de los m\u00e1s severos bochornos de nuestra pol\u00edtica. Rodrigo Rojas Vade, adem\u00e1s de mentir, cometi\u00f3 una serie de otros delitos que, esperamos, la justicia investigue concienzudamente.<\/p>\n<p>Pero no sabemos si alg\u00fan d\u00eda este impostor ser\u00e1 sancionado por los Tribunales porque, como nos consta, las causas judiciales que afectan a las autoridades corrientemente quedan impunes o reciben sanciones muy discretas. Paralelo a este esc\u00e1ndalo, un candidato de la derecha pretende ahora llegar al Senado de la Rep\u00fablica despu\u00e9s de haber sido condenado, incluso, por fraude al fisco. Y lo m\u00e1s incre\u00edble es que ninguno de los dos, descubiertas sus incompetencias y faltas de idoneidad, han renunciado o \u201cdado un paso al costado\u201d, como se dice ahora.<\/p>\n<p>Lo que hoy observamos ha sido continuo en toda la posdictadura. Pinochet mismo jam\u00e1s debi\u00f3 haberse constituido como senador y con \u00e9l un alto n\u00famero de parlamentarios involucrados en los m\u00e1s deleznables episodios de la Dictadura, lo que incluye a ministros y subsecretarios del R\u00e9gimen Militar, altos funcionarios p\u00fablicos y empresarios que se enriquecieron il\u00edcitamente durante el per\u00edodo en que los chilenos estuvimos interdictos respecto de nuestros derechos c\u00edvicos.<\/p>\n<p>Mucho antes de los desprop\u00f3sitos de este constituyente y militante de la llamada Lista del Pueblo hubo muchos que asumieron el disfraz de dem\u00f3cratas especialmente promovidos por los partidos de derecha, pero con el asentimiento c\u00f3mplice de las organizaciones pol\u00edticas que formaron parte de los gobiernos de la Concertaci\u00f3n y de la Nueva Mayor\u00eda. Ya en el mundo caus\u00f3 mucha extra\u00f1eza que el primer presidente de la Rep\u00fablica despu\u00e9s del Dictador haya sido uno de los principales promotores del Golpe de Estado de 1973 y, por largo tiempo, un f\u00e9rreo defensor de la legitimidad del cruento alzamiento militar.<\/p>\n<p>A la Moneda y a los distintos poderes del Estado han llegado muchos personajes corruptos o al menos c\u00f3mplices de las sistem\u00e1ticas violaciones de los Derechos Humanos, adem\u00e1s de ejecutores de una pol\u00edtica econ\u00f3mica criminal que dio origen a la m\u00e1s pavorosa concentraci\u00f3n de la riqueza, la desnacionalizaci\u00f3n de nuestros recursos naturales y, como corolario, la m\u00e1s aguda inequidad social de toda nuestra historia republicana.<\/p>\n<p>Todo esto dio existencia, por lo dem\u00e1s, a la clase pol\u00edtica, casta integrada por dirigentes y partidos de todo el espectro ideol\u00f3gico representado en el actual Poder Legislativo. Es decir, desde la extrema derecha hasta la izquierda m\u00e1s radical. Aunque en estos \u00faltimos meses est\u00e9n destacando figuras que est\u00e1n m\u00e1s all\u00e1 del per\u00edmetro que abarca a todos los gobernantes. Muchos de los cuales tambi\u00e9n quisieran integrarse a esta clase o casta y \u00a1vaya que hacen m\u00e9ritos para ser aceptados por esta al comprobar que pueden ser tan corruptos e impostores como aquellos! Si consideramos el episodio de Rojas Vade y la forma en los numerosos militantes de la Lista del Pueblo en menos de dos meses se desafilian de esta entidad e intentan formar o integrarse a otros referentes.<\/p>\n<p>Lo mismo ha ocurrido en la derecha con las postulaciones al nuevo Parlamento de varias figuras que antes se situaron en Renovaci\u00f3n Nacional y la UDI y que ahora buscan acomodo en otras expresiones que hoy les puedan aportar m\u00e1s votos que los alica\u00eddos partidos digitados todav\u00eda por Sebasti\u00e1n Pi\u00f1era. Deserciones que tambi\u00e9n han sido habituales en la Democracia Cristiana, el Partido Socialista y el Partido por la Democracia y dentro de la montonera cantidad de referentes de la Izquierda Unida, primero, y, despu\u00e9s, Frente Amplio y Apruebo Dignidad.<\/p>\n<p>El Servicio Electoral desgraciadamente solo tiene atribuciones para dejar fuera de las cartillas de postulantes a quienes incurran en errores u omisiones de procedimiento, dejando en evidencia, de paso, la falta de rigurosidad y pulcritud de los partidos para encarar las m\u00ednimas exigencias electorales bajo las leyes que estos mismos han aprobado.<\/p>\n<p>Desgraciadamente no tenemos en nuestra institucionalidad algo as\u00ed como un Tribunal de Honor que tenga facultades para impugnar a los que por su trayectoria pol\u00edtica debieran quedar de por vida ausentes de las pr\u00e1cticas y contiendas democr\u00e1ticas, sobre todo si no han cumplido sentencia alguna de parte de los jueces, muchos de los cuales tambi\u00e9n destacan por su falta de probidad.<\/p>\n<p>Se supone que los partidos pol\u00edticos tienen tribunales de disciplina y de honor para evaluar la solvencia ideol\u00f3gica y \u00e9tica de sus militantes y candidatos. Sin embargo, estas instancias est\u00e1n desahuciadas de hecho donde reina el caciquismo y se imponen los parentescos y el dinero que sean capaces de aportar de su propio peculio, de los favores que le hacen al gran empresariado chileno, como de su fluida relaci\u00f3n con gobiernos y partidos extranjeros.<\/p>\n<p>Todos los vicios que se descubren a diario dan cuenta de la complicidad mutua que existe dentro de la clase pol\u00edtica para tolerarlos, lo cual implica la p\u00e9rdida del perfil ideol\u00f3gico, doctrinario y program\u00e1tico de los partidos. Y, de all\u00ed, el encantamiento tan amplio con las pol\u00edticas neoliberales, como el r\u00e1pido y solapado acuerdo parlamentario para imponer trampas a la Convenci\u00f3n Constituyente, las cuales ya empiezan a exteriorizarse.<\/p>\n<p>Muchas dudas nos quedan respecto de las posibilidades que tengan los constituyentes para arribar a una nueva Constituci\u00f3n y que esta llegue a ser refrendada por el pueblo. Ya sabemos que el pinochetismo seguir\u00e1 velando para que se renueven los preceptos de la Constituci\u00f3n de 1980, buscando alianzas con otros sectores del centrismo pol\u00edtico. Pero lo que s\u00ed hay que reconocer es que los tropiezos de la Convenci\u00f3n, hasta aqu\u00ed, han sido provocados fundamentalmente por el desorden, falta de unidad y solvencia \u00e9tica de los sectores de la izquierda y de los movimientos sociales que fueron encomendados para proponernos una nueva Carta Magna.<\/p>\n","protected":false},"excerpt":{"rendered":"<p>El enga\u00f1o perpetrado por un constituyente, que para resultar elegido hizo creer al electorado que ten\u00eda un c\u00e1ncer terminal, y hasta anduvo disfrazado de paciente grave, es, sin duda, uno de los m\u00e1s severos bochornos de nuestra pol\u00edtica. Rodrigo Rojas&hellip;<\/p>\n","protected":false},"author":1739,"featured_media":1429229,"comment_status":"closed","ping_status":"closed","sticky":false,"template":"","format":"standard","meta":{"footnotes":""},"categories":[11389,161,74,67],"tags":[29,71761],"class_list":["post-1429169","post","type-post","status-publish","format-standard","has-post-thumbnail","hentry","category-contenido-original","category-opiniones","category-politica-es","category-sudamerica","tag-chile","tag-convencion-constituyente"],"yoast_head":"<!-- This site is optimized with the Yoast SEO plugin v27.1.1 - https:\/\/yoast.com\/product\/yoast-seo-wordpress\/ -->\n<title>La mentira es hija tambi\u00e9n de la impunidad<\/title>\n<meta name=\"description\" content=\"El enga\u00f1o perpetrado por un constituyente, que para resultar elegido hizo creer al electorado que ten\u00eda un c\u00e1ncer terminal, y hasta anduvo disfrazado de\" \/>\n<meta name=\"robots\" content=\"index, follow, max-snippet:-1, max-image-preview:large, max-video-preview:-1\" \/>\n<link rel=\"canonical\" href=\"https:\/\/www.pressenza.com\/es\/2021\/09\/la-mentira-es-hija-tambien-de-la-impunidad\/\" \/>\n<meta property=\"og:locale\" content=\"es_ES\" \/>\n<meta property=\"og:type\" content=\"article\" \/>\n<meta property=\"og:title\" content=\"La mentira es hija tambi\u00e9n de la impunidad\" \/>\n<meta property=\"og:description\" content=\"El enga\u00f1o perpetrado por un constituyente, que para resultar elegido hizo creer al electorado que ten\u00eda un c\u00e1ncer terminal, y hasta anduvo disfrazado de\" \/>\n<meta property=\"og:url\" content=\"https:\/\/www.pressenza.com\/es\/2021\/09\/la-mentira-es-hija-tambien-de-la-impunidad\/\" \/>\n<meta property=\"og:site_name\" content=\"Pressenza\" \/>\n<meta property=\"article:publisher\" content=\"https:\/\/www.facebook.com\/PressenzaItalia\" \/>\n<meta property=\"article:published_time\" content=\"2021-09-12T15:30:03+00:00\" \/>\n<meta property=\"og:image\" content=\"https:\/\/www.pressenza.com\/wp-content\/uploads\/2021\/09\/Rojas-Vade-2-768x474-1.jpeg\" \/>\n\t<meta property=\"og:image:width\" content=\"768\" \/>\n\t<meta property=\"og:image:height\" content=\"474\" \/>\n\t<meta property=\"og:image:type\" content=\"image\/jpeg\" \/>\n<meta name=\"author\" content=\"Juan Pablo C\u00e1rdenas\" \/>\n<meta name=\"twitter:card\" content=\"summary_large_image\" \/>\n<meta name=\"twitter:creator\" content=\"@PressenzaIPA\" \/>\n<meta name=\"twitter:site\" content=\"@PressenzaIPA\" \/>\n<meta name=\"twitter:label1\" content=\"Escrito por\" \/>\n\t<meta name=\"twitter:data1\" content=\"Juan Pablo C\u00e1rdenas\" \/>\n\t<meta name=\"twitter:label2\" content=\"Tiempo de lectura\" \/>\n\t<meta name=\"twitter:data2\" content=\"5 minutos\" \/>\n<script type=\"application\/ld+json\" class=\"yoast-schema-graph\">{\"@context\":\"https:\/\/schema.org\",\"@graph\":[{\"@type\":\"Article\",\"@id\":\"https:\/\/www.pressenza.com\/es\/2021\/09\/la-mentira-es-hija-tambien-de-la-impunidad\/#article\",\"isPartOf\":{\"@id\":\"https:\/\/www.pressenza.com\/es\/2021\/09\/la-mentira-es-hija-tambien-de-la-impunidad\/\"},\"author\":{\"name\":\"Juan Pablo C\u00e1rdenas\",\"@id\":\"https:\/\/www.pressenza.com\/es\/#\/schema\/person\/d72a7c8c014dcbfa2ef9e9976103ea0d\"},\"headline\":\"La mentira es hija tambi\u00e9n de la impunidad\",\"datePublished\":\"2021-09-12T15:30:03+00:00\",\"mainEntityOfPage\":{\"@id\":\"https:\/\/www.pressenza.com\/es\/2021\/09\/la-mentira-es-hija-tambien-de-la-impunidad\/\"},\"wordCount\":1038,\"publisher\":{\"@id\":\"https:\/\/www.pressenza.com\/es\/#organization\"},\"image\":{\"@id\":\"https:\/\/www.pressenza.com\/es\/2021\/09\/la-mentira-es-hija-tambien-de-la-impunidad\/#primaryimage\"},\"thumbnailUrl\":\"https:\/\/www.pressenza.com\/wp-content\/uploads\/2021\/09\/Rojas-Vade-2-768x474-1.jpeg\",\"keywords\":[\"Chile\",\"Convenci\u00f3n Constituyente\"],\"articleSection\":[\"Contenido Original\",\"Opiniones\",\"Pol\u00edtica\",\"Sudam\u00e9rica\"],\"inLanguage\":\"es\"},{\"@type\":\"WebPage\",\"@id\":\"https:\/\/www.pressenza.com\/es\/2021\/09\/la-mentira-es-hija-tambien-de-la-impunidad\/\",\"url\":\"https:\/\/www.pressenza.com\/es\/2021\/09\/la-mentira-es-hija-tambien-de-la-impunidad\/\",\"name\":\"La mentira es hija tambi\u00e9n de la impunidad\",\"isPartOf\":{\"@id\":\"https:\/\/www.pressenza.com\/es\/#website\"},\"primaryImageOfPage\":{\"@id\":\"https:\/\/www.pressenza.com\/es\/2021\/09\/la-mentira-es-hija-tambien-de-la-impunidad\/#primaryimage\"},\"image\":{\"@id\":\"https:\/\/www.pressenza.com\/es\/2021\/09\/la-mentira-es-hija-tambien-de-la-impunidad\/#primaryimage\"},\"thumbnailUrl\":\"https:\/\/www.pressenza.com\/wp-content\/uploads\/2021\/09\/Rojas-Vade-2-768x474-1.jpeg\",\"datePublished\":\"2021-09-12T15:30:03+00:00\",\"description\":\"El enga\u00f1o perpetrado por un constituyente, que para resultar elegido hizo creer al electorado que ten\u00eda un c\u00e1ncer terminal, y hasta anduvo disfrazado de\",\"breadcrumb\":{\"@id\":\"https:\/\/www.pressenza.com\/es\/2021\/09\/la-mentira-es-hija-tambien-de-la-impunidad\/#breadcrumb\"},\"inLanguage\":\"es\",\"potentialAction\":[{\"@type\":\"ReadAction\",\"target\":[\"https:\/\/www.pressenza.com\/es\/2021\/09\/la-mentira-es-hija-tambien-de-la-impunidad\/\"]}]},{\"@type\":\"ImageObject\",\"inLanguage\":\"es\",\"@id\":\"https:\/\/www.pressenza.com\/es\/2021\/09\/la-mentira-es-hija-tambien-de-la-impunidad\/#primaryimage\",\"url\":\"https:\/\/www.pressenza.com\/wp-content\/uploads\/2021\/09\/Rojas-Vade-2-768x474-1.jpeg\",\"contentUrl\":\"https:\/\/www.pressenza.com\/wp-content\/uploads\/2021\/09\/Rojas-Vade-2-768x474-1.jpeg\",\"width\":768,\"height\":474,\"caption\":\"juanpablocardenas.cl\"},{\"@type\":\"BreadcrumbList\",\"@id\":\"https:\/\/www.pressenza.com\/es\/2021\/09\/la-mentira-es-hija-tambien-de-la-impunidad\/#breadcrumb\",\"itemListElement\":[{\"@type\":\"ListItem\",\"position\":1,\"name\":\"Accueil\",\"item\":\"https:\/\/www.pressenza.com\/es\/\"},{\"@type\":\"ListItem\",\"position\":2,\"name\":\"La mentira es hija tambi\u00e9n de la impunidad\"}]},{\"@type\":\"WebSite\",\"@id\":\"https:\/\/www.pressenza.com\/es\/#website\",\"url\":\"https:\/\/www.pressenza.com\/es\/\",\"name\":\"Pressenza\",\"description\":\"International Press Agency\",\"publisher\":{\"@id\":\"https:\/\/www.pressenza.com\/es\/#organization\"},\"potentialAction\":[{\"@type\":\"SearchAction\",\"target\":{\"@type\":\"EntryPoint\",\"urlTemplate\":\"https:\/\/www.pressenza.com\/es\/?s={search_term_string}\"},\"query-input\":{\"@type\":\"PropertyValueSpecification\",\"valueRequired\":true,\"valueName\":\"search_term_string\"}}],\"inLanguage\":\"es\"},{\"@type\":\"Organization\",\"@id\":\"https:\/\/www.pressenza.com\/es\/#organization\",\"name\":\"Pressenza\",\"url\":\"https:\/\/www.pressenza.com\/es\/\",\"logo\":{\"@type\":\"ImageObject\",\"inLanguage\":\"es\",\"@id\":\"https:\/\/www.pressenza.com\/es\/#\/schema\/logo\/image\/\",\"url\":\"https:\/\/www.pressenza.com\/wp-content\/uploads\/2022\/10\/pressenza_logo_200x200.jpg\",\"contentUrl\":\"https:\/\/www.pressenza.com\/wp-content\/uploads\/2022\/10\/pressenza_logo_200x200.jpg\",\"width\":200,\"height\":200,\"caption\":\"Pressenza\"},\"image\":{\"@id\":\"https:\/\/www.pressenza.com\/es\/#\/schema\/logo\/image\/\"},\"sameAs\":[\"https:\/\/www.facebook.com\/PressenzaItalia\",\"https:\/\/x.com\/PressenzaIPA\"]},{\"@type\":\"Person\",\"@id\":\"https:\/\/www.pressenza.com\/es\/#\/schema\/person\/d72a7c8c014dcbfa2ef9e9976103ea0d\",\"name\":\"Juan Pablo C\u00e1rdenas\",\"description\":\"Juan Pablo C\u00e1rdenas Squella es un periodista y profesor universitario de vasta trayectoria. En el 2005 recibi\u00f3 en premio nacional de Periodismo y, antes, la Pluma de Oro de la Libertad, otorgada por la Federaci\u00f3n Mundial de la Prensa. Tambi\u00e9n obtuvo el Premio Latinoamericano de Periodismo, la Houten Camara de Holanda (1989) entre otras m\u00faltiples distinciones nacionales y extranjeras. Forma parte de los sesenta periodistas del mundo considerados H\u00e9roes de la Libertad de Expresi\u00f3n, reconocimiento hecho por la Federaci\u00f3n Internacional de Periodistas. Ha sido director y columnista de las revistas Debate Universitario, An\u00e1lisis y Los Tiempos, as\u00ed como del diario electr\u00f3nico primeral\u00ednea.cl. Tambi\u00e9n fue por m\u00e1s 18 a\u00f1os director de la Radio Universidad de Chile y de su diario digital. Se ha desempe\u00f1ado como profesor de varias escuelas de periodismo de Santiago y Valpara\u00edso y en la Universidad de Chile alcanz\u00f3 el grado de profesor titular y senador universitario.\",\"url\":\"https:\/\/www.pressenza.com\/es\/author\/juan-pablo-cardenas\/\"}]}<\/script>\n<!-- \/ Yoast SEO plugin. -->","yoast_head_json":{"title":"La mentira es hija tambi\u00e9n de la impunidad","description":"El enga\u00f1o perpetrado por un constituyente, que para resultar elegido hizo creer al electorado que ten\u00eda un c\u00e1ncer terminal, y hasta anduvo disfrazado de","robots":{"index":"index","follow":"follow","max-snippet":"max-snippet:-1","max-image-preview":"max-image-preview:large","max-video-preview":"max-video-preview:-1"},"canonical":"https:\/\/www.pressenza.com\/es\/2021\/09\/la-mentira-es-hija-tambien-de-la-impunidad\/","og_locale":"es_ES","og_type":"article","og_title":"La mentira es hija tambi\u00e9n de la impunidad","og_description":"El enga\u00f1o perpetrado por un constituyente, que para resultar elegido hizo creer al electorado que ten\u00eda un c\u00e1ncer terminal, y hasta anduvo disfrazado de","og_url":"https:\/\/www.pressenza.com\/es\/2021\/09\/la-mentira-es-hija-tambien-de-la-impunidad\/","og_site_name":"Pressenza","article_publisher":"https:\/\/www.facebook.com\/PressenzaItalia","article_published_time":"2021-09-12T15:30:03+00:00","og_image":[{"width":768,"height":474,"url":"https:\/\/www.pressenza.com\/wp-content\/uploads\/2021\/09\/Rojas-Vade-2-768x474-1.jpeg","type":"image\/jpeg"}],"author":"Juan Pablo C\u00e1rdenas","twitter_card":"summary_large_image","twitter_creator":"@PressenzaIPA","twitter_site":"@PressenzaIPA","twitter_misc":{"Escrito por":"Juan Pablo C\u00e1rdenas","Tiempo de lectura":"5 minutos"},"schema":{"@context":"https:\/\/schema.org","@graph":[{"@type":"Article","@id":"https:\/\/www.pressenza.com\/es\/2021\/09\/la-mentira-es-hija-tambien-de-la-impunidad\/#article","isPartOf":{"@id":"https:\/\/www.pressenza.com\/es\/2021\/09\/la-mentira-es-hija-tambien-de-la-impunidad\/"},"author":{"name":"Juan Pablo C\u00e1rdenas","@id":"https:\/\/www.pressenza.com\/es\/#\/schema\/person\/d72a7c8c014dcbfa2ef9e9976103ea0d"},"headline":"La mentira es hija tambi\u00e9n de la impunidad","datePublished":"2021-09-12T15:30:03+00:00","mainEntityOfPage":{"@id":"https:\/\/www.pressenza.com\/es\/2021\/09\/la-mentira-es-hija-tambien-de-la-impunidad\/"},"wordCount":1038,"publisher":{"@id":"https:\/\/www.pressenza.com\/es\/#organization"},"image":{"@id":"https:\/\/www.pressenza.com\/es\/2021\/09\/la-mentira-es-hija-tambien-de-la-impunidad\/#primaryimage"},"thumbnailUrl":"https:\/\/www.pressenza.com\/wp-content\/uploads\/2021\/09\/Rojas-Vade-2-768x474-1.jpeg","keywords":["Chile","Convenci\u00f3n Constituyente"],"articleSection":["Contenido Original","Opiniones","Pol\u00edtica","Sudam\u00e9rica"],"inLanguage":"es"},{"@type":"WebPage","@id":"https:\/\/www.pressenza.com\/es\/2021\/09\/la-mentira-es-hija-tambien-de-la-impunidad\/","url":"https:\/\/www.pressenza.com\/es\/2021\/09\/la-mentira-es-hija-tambien-de-la-impunidad\/","name":"La mentira es hija tambi\u00e9n de la impunidad","isPartOf":{"@id":"https:\/\/www.pressenza.com\/es\/#website"},"primaryImageOfPage":{"@id":"https:\/\/www.pressenza.com\/es\/2021\/09\/la-mentira-es-hija-tambien-de-la-impunidad\/#primaryimage"},"image":{"@id":"https:\/\/www.pressenza.com\/es\/2021\/09\/la-mentira-es-hija-tambien-de-la-impunidad\/#primaryimage"},"thumbnailUrl":"https:\/\/www.pressenza.com\/wp-content\/uploads\/2021\/09\/Rojas-Vade-2-768x474-1.jpeg","datePublished":"2021-09-12T15:30:03+00:00","description":"El enga\u00f1o perpetrado por un constituyente, que para resultar elegido hizo creer al electorado que ten\u00eda un c\u00e1ncer terminal, y hasta anduvo disfrazado de","breadcrumb":{"@id":"https:\/\/www.pressenza.com\/es\/2021\/09\/la-mentira-es-hija-tambien-de-la-impunidad\/#breadcrumb"},"inLanguage":"es","potentialAction":[{"@type":"ReadAction","target":["https:\/\/www.pressenza.com\/es\/2021\/09\/la-mentira-es-hija-tambien-de-la-impunidad\/"]}]},{"@type":"ImageObject","inLanguage":"es","@id":"https:\/\/www.pressenza.com\/es\/2021\/09\/la-mentira-es-hija-tambien-de-la-impunidad\/#primaryimage","url":"https:\/\/www.pressenza.com\/wp-content\/uploads\/2021\/09\/Rojas-Vade-2-768x474-1.jpeg","contentUrl":"https:\/\/www.pressenza.com\/wp-content\/uploads\/2021\/09\/Rojas-Vade-2-768x474-1.jpeg","width":768,"height":474,"caption":"juanpablocardenas.cl"},{"@type":"BreadcrumbList","@id":"https:\/\/www.pressenza.com\/es\/2021\/09\/la-mentira-es-hija-tambien-de-la-impunidad\/#breadcrumb","itemListElement":[{"@type":"ListItem","position":1,"name":"Accueil","item":"https:\/\/www.pressenza.com\/es\/"},{"@type":"ListItem","position":2,"name":"La mentira es hija tambi\u00e9n de la impunidad"}]},{"@type":"WebSite","@id":"https:\/\/www.pressenza.com\/es\/#website","url":"https:\/\/www.pressenza.com\/es\/","name":"Pressenza","description":"International Press Agency","publisher":{"@id":"https:\/\/www.pressenza.com\/es\/#organization"},"potentialAction":[{"@type":"SearchAction","target":{"@type":"EntryPoint","urlTemplate":"https:\/\/www.pressenza.com\/es\/?s={search_term_string}"},"query-input":{"@type":"PropertyValueSpecification","valueRequired":true,"valueName":"search_term_string"}}],"inLanguage":"es"},{"@type":"Organization","@id":"https:\/\/www.pressenza.com\/es\/#organization","name":"Pressenza","url":"https:\/\/www.pressenza.com\/es\/","logo":{"@type":"ImageObject","inLanguage":"es","@id":"https:\/\/www.pressenza.com\/es\/#\/schema\/logo\/image\/","url":"https:\/\/www.pressenza.com\/wp-content\/uploads\/2022\/10\/pressenza_logo_200x200.jpg","contentUrl":"https:\/\/www.pressenza.com\/wp-content\/uploads\/2022\/10\/pressenza_logo_200x200.jpg","width":200,"height":200,"caption":"Pressenza"},"image":{"@id":"https:\/\/www.pressenza.com\/es\/#\/schema\/logo\/image\/"},"sameAs":["https:\/\/www.facebook.com\/PressenzaItalia","https:\/\/x.com\/PressenzaIPA"]},{"@type":"Person","@id":"https:\/\/www.pressenza.com\/es\/#\/schema\/person\/d72a7c8c014dcbfa2ef9e9976103ea0d","name":"Juan Pablo C\u00e1rdenas","description":"Juan Pablo C\u00e1rdenas Squella es un periodista y profesor universitario de vasta trayectoria. En el 2005 recibi\u00f3 en premio nacional de Periodismo y, antes, la Pluma de Oro de la Libertad, otorgada por la Federaci\u00f3n Mundial de la Prensa. Tambi\u00e9n obtuvo el Premio Latinoamericano de Periodismo, la Houten Camara de Holanda (1989) entre otras m\u00faltiples distinciones nacionales y extranjeras. Forma parte de los sesenta periodistas del mundo considerados H\u00e9roes de la Libertad de Expresi\u00f3n, reconocimiento hecho por la Federaci\u00f3n Internacional de Periodistas. Ha sido director y columnista de las revistas Debate Universitario, An\u00e1lisis y Los Tiempos, as\u00ed como del diario electr\u00f3nico primeral\u00ednea.cl. Tambi\u00e9n fue por m\u00e1s 18 a\u00f1os director de la Radio Universidad de Chile y de su diario digital. Se ha desempe\u00f1ado como profesor de varias escuelas de periodismo de Santiago y Valpara\u00edso y en la Universidad de Chile alcanz\u00f3 el grado de profesor titular y senador universitario.","url":"https:\/\/www.pressenza.com\/es\/author\/juan-pablo-cardenas\/"}]}},"place":"","original_article_url":"","_links":{"self":[{"href":"https:\/\/www.pressenza.com\/es\/wp-json\/wp\/v2\/posts\/1429169","targetHints":{"allow":["GET"]}}],"collection":[{"href":"https:\/\/www.pressenza.com\/es\/wp-json\/wp\/v2\/posts"}],"about":[{"href":"https:\/\/www.pressenza.com\/es\/wp-json\/wp\/v2\/types\/post"}],"author":[{"embeddable":true,"href":"https:\/\/www.pressenza.com\/es\/wp-json\/wp\/v2\/users\/1739"}],"replies":[{"embeddable":true,"href":"https:\/\/www.pressenza.com\/es\/wp-json\/wp\/v2\/comments?post=1429169"}],"version-history":[{"count":0,"href":"https:\/\/www.pressenza.com\/es\/wp-json\/wp\/v2\/posts\/1429169\/revisions"}],"wp:featuredmedia":[{"embeddable":true,"href":"https:\/\/www.pressenza.com\/es\/wp-json\/wp\/v2\/media\/1429229"}],"wp:attachment":[{"href":"https:\/\/www.pressenza.com\/es\/wp-json\/wp\/v2\/media?parent=1429169"}],"wp:term":[{"taxonomy":"category","embeddable":true,"href":"https:\/\/www.pressenza.com\/es\/wp-json\/wp\/v2\/categories?post=1429169"},{"taxonomy":"post_tag","embeddable":true,"href":"https:\/\/www.pressenza.com\/es\/wp-json\/wp\/v2\/tags?post=1429169"}],"curies":[{"name":"wp","href":"https:\/\/api.w.org\/{rel}","templated":true}]}}