{"id":1428568,"date":"2021-09-12T01:06:53","date_gmt":"2021-09-12T00:06:53","guid":{"rendered":"https:\/\/www.pressenza.com\/?p=1428568"},"modified":"2021-09-12T01:06:53","modified_gmt":"2021-09-12T00:06:53","slug":"veinte-anos-no-es-nada","status":"publish","type":"post","link":"https:\/\/www.pressenza.com\/es\/2021\/09\/veinte-anos-no-es-nada\/","title":{"rendered":"Veinte a\u00f1os \u00bfno es nada?"},"content":{"rendered":"<p><strong><em>Aram Aharonian<\/em><\/strong><\/p>\n<p>Los ataques de septiembre de 2001 llevaron a Estados Unidos a la campa\u00f1a m\u00e1s larga y costosa de su historia: la llamada \u201cguerra contra el terror\u201d. Las operaciones internacionales, apoyadas por pa\u00edses aliados y la OTAN, conllevaron no solo a abrir frentes de batalla en varias naciones del Medio Oriente, sino tambi\u00e9n a una cacer\u00eda de los principales l\u00edderes y miembros de lo que Washington consideraba \u201corganizaciones terroristas\u201d.<\/p>\n<p>Desde inicios de la d\u00e9cada del 2000, las cabezas de supuestos miembros de Al Qaeda, el Talib\u00e1n y otros grupos extremistas comenzaron a figurar en la lista de los m\u00e1s buscados del mundo. El \u201cacta patri\u00f3tica\u201d de EEUU calific\u00f3 de terroristas (prohibiendo la entrada al pa\u00eds) a miles de antiimperialistas, que no es lo mismo que terroristas.<\/p>\n<p>El fracaso de la CIA a la hora de detectar las se\u00f1ales que advert\u00edan de los ataques del 11 de septiembre de 2001 se ha convertido en uno de los temas m\u00e1s controvertidos en la historia de los servicios de inteligencia. Ha habido comisiones, revisiones, investigaciones internas y m\u00e1s.\u00a0 Y, sin embargo, dos d\u00e9cadas despu\u00e9s de aquellos atentados nadie ha sido juzgado. Osama bin Laden, el esquivo supuesto l\u00edder de Al Qaeda, muri\u00f3 en mayo de 2011 en una operaci\u00f3n secreta \u201ca lo Rambo\u201d en Paquist\u00e1n. Pero otros cinco sospechosos, entre ellos la \u201cmente detr\u00e1s de los ataques\u201d, est\u00e1n\u00a0presos en la base naval estadounidense de Guant\u00e1namo, en la isla de Cuba.<\/p>\n<p>En 2014, el Comit\u00e9 de Inteligencia del Senado revel\u00f3 que la prisi\u00f3n de Guant\u00e1namo era parte de un \u201cprograma de detenci\u00f3n secreta indefinida\u201d, en el que se hac\u00eda uso de violentos m\u00e9todos de tortura, los que brindan un amplio margen para posibles apelaciones contra cualquier condena que se prolongar\u00e1n durante a\u00f1os.\u00a0 De acuerdo con Human Right First, los prisioneros de Guant\u00e1namo\u00a0se encuentran en un limbo que no solo les impide ser trasladados a Estados Unidos en caso de emergencia, sino tambi\u00e9n de ser llevados a las cortes federales.<\/p>\n<p>Es una de las tantas razones que -incluso teniendo presuntos responsables- el mayor atentado en la historia de la Estados Unidos no haya llegado a juicio en 20 a\u00f1os. Pareciera que nadie est\u00e1 interesado en un juicio, que podr\u00eda revelar demasiadas manzanas podridas.<\/p>\n<p>Aunque desde 2008 el presidente Barack Obama orden\u00f3 el cierre de dichos centros de detenci\u00f3n a lo largo del mundo, Guant\u00e1namo en Cuba sigue abierta y all\u00ed se sigue torturando a los cinco principales (sindicados como) organizadores de los atentados:\u00a0el kuwait\u00ed Jalid Sheij Mohammed, quien\u00a0estudi\u00f3 en Estados Unidos antes de luchar en Afganist\u00e1n en la d\u00e9cada de 1980,\u00a0es presentado como el \u201ccerebro detr\u00e1s de los ataques del 11 de septiembre\u201d.\u00a0 Junto a \u00e9l est\u00e1n el paquistan\u00ed\u00a0Ammar al Baluchi, detenido en abril de 2003 en Karachi, los yemenitas Walid bin Attash y Ramzi bin al Shibh,\u00a0y el saudita\u00a0Mustafa al Hawsawi.<\/p>\n<p>En octubre de 2016, el entonces presidente George W. Bush aprob\u00f3 un nuevo mecanismo para juzgar a los convictos de la \u201cguerra contra el terrorismo\u201d a trav\u00e9s de un sistema de tribunales militares que desconoce los derechos fundamentales de los acusados. Despu\u00e9s de m\u00e1s de 15 a\u00f1os de juicios militares en Guant\u00e1namo, todav\u00eda no se sabe qu\u00e9 leyes sustantivas se aplican en estos casos.\u00a0 Los cinco presuntos \u201ccoconspiradores\u201d del 11S fueron acusados por ese sistema, pero luego\u00a0el presidente Obama detuvo el caso y suspendi\u00f3 los tribunales militares<strong>\u00a0<\/strong>para agregar m\u00e1s protecciones al debido proceso. Pero desde aquel 11 de septiembre, m\u00e1s de 650 personas han sido condenadas por delitos relacionados con el terrorismo<\/p>\n<p>La \u00fanica manera de saber con certeza si estas personas son realmente responsables de los terribles eventos del 11 de septiembre es permiti\u00e9ndoles un juicio justo. M\u00e1s all\u00e1 de 20 a\u00f1os m\u00e1s de injerencismo, terrorismo medi\u00e1tico y militar y amenazas a granel, es algo que la justicia estadounidense le debe a los cientos de familias que perdieron a tres mil de los suyos ese d\u00eda: la posibilidad de que se haga justicia.<\/p>\n<p>Estados Unidos export\u00f3 la cat\u00e1strofe, pero al priorizar las ganancias de la industria armamentista, se infringi\u00f3 una grave herida al desviar para fines militares unos recursos que debi\u00f3 emplear para el combate a la pobreza, el rescate de la educaci\u00f3n p\u00fablica, la atenci\u00f3n sanitaria para los millones de estadunidenses que no cuentan con ella o la rehabilitaci\u00f3n de unas infraestructuras que hoy lo colocan lejos del resto del mundo desarrollado en casi cualquier par\u00e1metro de bienestar.<\/p>\n<p>Un informe de la Universidad de Boston se\u00f1ala que el costo de lo que sobrevino despu\u00e9s del 11-S en la llamada guerra de terror supuestamente contra el terrorismo fue de ocho billones de d\u00f3lares (ocho millones de millones), mientras 40 millones de estadounidenses viven debajo de la l\u00ednea de pobreza, 27 millones no tienen acceso a un seguro m\u00e9dico, la educaci\u00f3n est\u00e1 alarmamente deteriorada, y las condiciones de infraestuctura est\u00e1n por debajo de los est\u00e1ndares nacionales e internacionales.<\/p>\n<p>Los halcones de EEUU no est\u00e1n solos, tienen de su lado a la derecha y extrema derecha. El ex primer ministro brit\u00e1nico Tony Blair, en una conferencia conmemorativa del vig\u00e9simo aniversario de los atentados terroristas de 2001 en Nueva York, insisti\u00f3: \u201cnecesitamos m\u00e1s botas [soldados] en el campo de batalla para combatir el terrorismo\u201d.<\/p>\n<p>Blair dio una conferencia sobre Irak en 2014 en Florida, en la que abund\u00f3 en bromas y an\u00e9cdotas divertidas sobre la guerra y la posguerra, por lo cual cobr\u00f3 una fortuna. Pero se abstuvo de hablar sobre lo que unos a\u00f1os atr\u00e1s, con absoluta impunidad, el mismo expresidente George Bush hab\u00eda reconocido: las razones (\u201cexcusas\u201d) para ir a la guerra hab\u00edan sido \u201cbasadas en errores de inteligencia\u201d.<\/p>\n<p>\u201cYo adivino el parpadeo de las luces que a lo lejos van marcando mi retorno.<br \/>\nSon las mismas que alumbraron con sus p\u00e1lidos reflejos, hondas horas de dolor. Volver, con la frente marchita\u201d, cantaba ya hace casi un siglo Carlos Gardel.<\/p>\n<p>Desde que a principios del siglo XIX se estableciese en Estados Unidos la llamada Doctrina Monroe, el intervencionismo estadounidense en el continente americano ha sido una pr\u00e1ctica habitual y creciente, hasta convertirlo en el derecho a tener un \u00e1rea de influencia propia y exclusiva. Cuando comenz\u00f3 la Guerra Fr\u00eda, Estados Unidos llev\u00f3 a cabo numerosas intervenciones militares y de sus servicios secretos con el fin de desestabilizar gobiernos no alineados con Washington, acus\u00e1ndolos de comunistas o terroristas.<\/p>\n<p>El entonces senador John F. Kennedy se\u00f1alaba en 1959 que \u201cEn Am\u00e9rica Latina los ej\u00e9rcitos son las instituciones m\u00e1s importantes. El dinero que les enviamos es un dinero tirado por el ca\u00f1o en un sentido militar, pero es un dinero invertido en sentido pol\u00edtico\u201d.<\/p>\n<p>Algunas cosas, como la enorme asimetr\u00eda de poder, no han cambiado, pero Washington ya no despliega una sola pol\u00edtica latinoamericana, sino diferentes estrategias bilaterales o subregionales: M\u00e9xico, Am\u00e9rica Central y el Caribe conforman un \u00e1rea profundamente integrada (a trav\u00e9s de la migraci\u00f3n y el comercio) a Estados Unidos; la zona andina constituye el foco de mayor preocupaci\u00f3n, debido a la inestabilidad pol\u00edtica (que ellos provocan) y el narcotr\u00e1fico; mientras que los pa\u00edses del Cono Sur cuentan con un margen de maniobra que no exist\u00eda en el pasado.<\/p>\n<p>El patr\u00f3n de las relaciones interamericanas es en la actualidad muy diferente del de los 60\u00b4, 70\u00b4, 80\u00b4 y principios de los 90\u00b4 del siglo pasado. Hoy las autoridades estadounidenses sustituyeron\u00a0\u00a0\u00abcomunismo\u00bb por \u00abterrorismo\u00bb como prisma distorsionado a trav\u00e9s del cual se abordan otras cuestiones, como las drogas o la inmigraci\u00f3n.<\/p>\n<p>O cuando un funcionario estadounidense de alto nivel quiere intimidar a l\u00edderes pol\u00edticos de un pa\u00eds como lo hicieron con el Brasil de Lula da Silva\u00a0o la Bolivia de Evo Morales, y que se encaraman con los gobernantes de Nicaragua o\u00a0\u00a0Venezuela con disparatas acusaciones y sanciones, o cuando miembros del Congreso o de los medios estadounidenses (e incluso las series de televisi\u00f3n)\u00a0\u00a0implantan en el imaginario colectivo el confuso eje \u00abCastro-Ch\u00e1vez-Lula-Morales-Correa, o de un giro a la izquierda en Am\u00e9rica Latina, o incluso de una supuesta amenaza china a Am\u00e9rica.<\/p>\n<p>EEUU ya no cuenta con la solidaridad panamericana \u2013con una Organizaci\u00f3n de Estados Americanos demasiada atada a los dictados de Washington- en franco declive para lidiar con la mayor parte de las cuestiones internacionales. Las intervenciones de Chile y M\u00e9xico en los debates de la ONU previos a la invasi\u00f3n a Iraq, el apoyo sudamericano al intento de Venezuela de ocupar el asiento regional en el Consejo de Seguridad y las amplias diferencias en el modo en que los pa\u00edses latinoamericanos y EEUU tratan a Venezuela y a Cuba ilustran este punto.<\/p>\n<p>Pero la presencia militar en \u201cAm\u00e9rica Lapobre\u201d sigue vigente: Acaba de enviar 400 marines como ayuda humanitaria a Hait\u00ed.\u00a0 Ante el fracaso de los hombre el presidente Joe Biden eligi\u00f3 a la generala Laura Richardson para dirigir el Comando Sur, la primera mujer que tendr\u00e1 una posici\u00f3n de tal envergadura.<\/p>\n<p>Su unidad es la integrada por bases en toda la regi\u00f3n y tambi\u00e9n la Escuela de las Am\u00e9ricas que perge\u00f1\u00f3 y aval\u00f3 los peores golpes de Estado.\u00a0 Ahora est\u00e1n bajo su mando la base de Valpara\u00edso, Chile; los laboratorios de la Naval Medical Research Unit (NAMRU) en Per\u00fa, Honduras y Gal\u00e1pagos; la versi\u00f3n judicial de la Escuela de las Am\u00e9ricas, en El Salvador, y la aut\u00e9ntica Escuela de las Am\u00e9ricas, la gran f\u00e1brica de genocidas y torturadores situada en Fort Benning (Georgia).<\/p>\n<p>En su gira regional par\u00f3 en El Salvador, donde opera la Law International Enforcement Academies\u00a0 (ILEA), considerada la nueva Escuela de las Am\u00e9ricas, para entrenar a polic\u00edas, jueces y fiscales en la cacer\u00eda del \u201ccrimen organizado\u201d, esos delitos \u201cextraordinariamente peligrosos para la seguridad interna de Estados Unidos\u201d, seg\u00fan la definici\u00f3n de Barack Obama.\u00a0 En Honduras visit\u00f3 la Base A\u00e9rea Soto Cano, donde recientemente la NAMRU abri\u00f3 una nueva sede \u2013hermana de las radicadas en Per\u00fa y Ecuador\u2013\u00a0 destinada a desarrollar armas biol\u00f3gicas. Luego vio las instalaciones en las caribe\u00f1as Aruba y Cura\u00e7ao, bajo bandera de Holanda y las siete bases militares en Colombia.<\/p>\n<p>Richardson tambi\u00e9n tiene bajo su mando el Centro de Lanzamientos Aeroespaciales de Alc\u00e1ntara en Brasil y, en Chile el Centro de Entrenamiento para Operaciones de Paz de Fuerte Aguayo, Valpara\u00edso, una construcci\u00f3n de alto nivel que simula una verdadera ciudad (nunca se dijo por qu\u00e9 el Comando Sur la financi\u00f3).\u00a0\u00a0 Los investigadores chilenos Pablo Ruiz y Alicia Lira, opinan que en realidad se trata de una base de\u00a0 entrenamiento \u201cen contrainsurgencia donde se dio instrucci\u00f3n militar y donde hubo y quiz\u00e1s siga habiendo presencia de marines\u201d. Ruiz agrega que \u201clos militares norteamericanos compran gasolina en nuestro territorio, lo que hace suponer que Chile es una base de tr\u00e1nsito para el ej\u00e9rcito de Estados Unidos\u201d.<\/p>\n<p>Aunque desde hace seis a\u00f1os el Pent\u00e1gono despliega un programa llamado Proyecto C\u00edber, o Plan X, orientado a desarrollar las \u201ccibercapacidades\u201d de los mejores alumnos egresados de la prestigiosa Academia de West Point, en Nueva York, poco se sabe sobre \u00e9l. Es, seg\u00fan<em> Army Times<\/em>, \u201cla \u00faltima y m\u00e1s novedosa rama de la carrera militar del ej\u00e9rcito\u201d. Richardson no tiene antecedentes en la materia, pero si un papel distinguido la Agencia de Proyectos de Investigaci\u00f3n Avanzados de Defensa (DARPA).<\/p>\n<p>Andr\u00e9s Gaud\u00edn considera que si el Plan marcha y DARPA hace honor a sus antecedentes \u2013el lanzamiento de Arpanet, el programa precursor de Internet, y luego la tecnolog\u00eda en la que se sustenta el sistema de navegaci\u00f3n GPS\u2013 la generala podr\u00eda tener desde all\u00ed una nunca imaginada plataforma de lanzamiento.\u00a0 A su vez, Jorge Majfud se\u00f1ala que, cada vez que Washington puso \u201cbotas en tierras\u201d, fracas\u00f3. O tuvo un \u00e9xito parasitario, como en el desembarco en Cuba en 1898, cuando los \u201cnegros rebeldes\u201d ten\u00edan su independencia casi ganada y hab\u00eda que evitar una nueva Hait\u00ed tan cerca.<\/p>\n<p>O como en Normand\u00eda, conocido como <em>D\u00eda D<\/em>, cuando los rusos ya hab\u00edan puesto 27 millones de muertos sobre tierra antes que los occidentales secuestraran toda la gloria de haber derrotado al nazismo, esa cosa tan querida y popular entre los grandes empresarios estadounidenses.<\/p>\n<p>Carolina V\u00e1zquez por su parte indica que los hechos han demostrado c\u00f3mo la vida humana es un factor ausente en los planes geopol\u00edticos de naciones con un poder tan ilimitado como sus ambiciones. Lo m\u00e1s preocupante de la ecuaci\u00f3n es la certeza de que esas naciones superdesarrolladas han creado a sus propios monstruos, sistemas cuya infalibilidad no est\u00e1 garantizada y\u00a0su hegemon\u00eda es tan fuerte como el m\u00e1s d\u00e9bil de sus estrategas.<\/p>\n<p>Dicen que la humanidad solo se detiene ante las evidencias. Las pruebas las conocemos de sobra. Y hoy, a 20 a\u00f1os del 11 de setiembre neoyorquino y la invasi\u00f3n a Afganist\u00e1n, el cambio clim\u00e1tico no es ya una advertencia ni un peligro sino un hecho,\u00a0como colof\u00f3n de una pandemia que sigue matando, que lleva al desempleo y al hambre a millones de personas y que deja el futuro entre signos de interrogaci\u00f3n.<\/p>\n<p>Y ah\u00ed, desde el viejo filme, Carlitos Gardel, con el sombrero gacho ca\u00eddo sobre la frente y en la cubierta del barco que lo devuelve al R\u00edo de la Plata, nos ecita los versos de Lepera: \u201c\u2026sentir, que es un soplo la vida, que veinte a\u00f1os no es nada\u2026\u201d<\/p>\n<p>&nbsp;<\/p>\n<p>&nbsp;<\/p>\n","protected":false},"excerpt":{"rendered":"<p>Aram Aharonian Los ataques de septiembre de 2001 llevaron a Estados Unidos a la campa\u00f1a m\u00e1s larga y costosa de su historia: la llamada \u201cguerra contra el terror\u201d. Las operaciones internacionales, apoyadas por pa\u00edses aliados y la OTAN, conllevaron no&hellip;<\/p>\n","protected":false},"author":1415,"featured_media":1428569,"comment_status":"closed","ping_status":"closed","sticky":false,"template":"","format":"standard","meta":{"footnotes":""},"categories":[68,161,74],"tags":[2422,7260,6196,94794],"class_list":["post-1428568","post","type-post","status-publish","format-standard","has-post-thumbnail","hentry","category-norteamerica","category-opiniones","category-politica-es","tag-cia","tag-guantanamo-es","tag-torres-gemelas","tag-unipolaridad"],"yoast_head":"<!-- This site is optimized with the Yoast SEO plugin v27.1.1 - https:\/\/yoast.com\/product\/yoast-seo-wordpress\/ -->\n<title>Veinte a\u00f1os \u00bfno es nada?<\/title>\n<meta name=\"description\" content=\"Aram Aharonian Los ataques de septiembre de 2001 llevaron a Estados Unidos a la campa\u00f1a m\u00e1s larga y costosa de su historia: la llamada \u201cguerra contra el\" \/>\n<meta name=\"robots\" content=\"index, follow, max-snippet:-1, max-image-preview:large, max-video-preview:-1\" \/>\n<link rel=\"canonical\" href=\"https:\/\/www.pressenza.com\/es\/2021\/09\/veinte-anos-no-es-nada\/\" \/>\n<meta property=\"og:locale\" content=\"es_ES\" \/>\n<meta property=\"og:type\" content=\"article\" \/>\n<meta property=\"og:title\" content=\"Veinte a\u00f1os \u00bfno es nada?\" \/>\n<meta property=\"og:description\" content=\"Aram Aharonian Los ataques de septiembre de 2001 llevaron a Estados Unidos a la campa\u00f1a m\u00e1s larga y costosa de su historia: la llamada \u201cguerra contra el\" \/>\n<meta property=\"og:url\" content=\"https:\/\/www.pressenza.com\/es\/2021\/09\/veinte-anos-no-es-nada\/\" \/>\n<meta property=\"og:site_name\" content=\"Pressenza\" \/>\n<meta property=\"article:publisher\" content=\"https:\/\/www.facebook.com\/PressenzaItalia\" \/>\n<meta property=\"article:published_time\" content=\"2021-09-12T00:06:53+00:00\" \/>\n<meta property=\"og:image\" content=\"https:\/\/www.pressenza.com\/wp-content\/uploads\/2021\/09\/WTCgroundzero.jpg\" \/>\n\t<meta property=\"og:image:width\" content=\"1024\" \/>\n\t<meta property=\"og:image:height\" content=\"768\" \/>\n\t<meta property=\"og:image:type\" content=\"image\/jpeg\" \/>\n<meta name=\"author\" content=\"Aram Aharonian\" \/>\n<meta name=\"twitter:card\" content=\"summary_large_image\" \/>\n<meta name=\"twitter:creator\" content=\"@PressenzaIPA\" \/>\n<meta name=\"twitter:site\" content=\"@PressenzaIPA\" \/>\n<meta name=\"twitter:label1\" content=\"Escrito por\" \/>\n\t<meta name=\"twitter:data1\" content=\"Aram Aharonian\" \/>\n\t<meta name=\"twitter:label2\" content=\"Tiempo de lectura\" \/>\n\t<meta name=\"twitter:data2\" content=\"12 minutos\" \/>\n<script type=\"application\/ld+json\" class=\"yoast-schema-graph\">{\"@context\":\"https:\/\/schema.org\",\"@graph\":[{\"@type\":\"Article\",\"@id\":\"https:\/\/www.pressenza.com\/es\/2021\/09\/veinte-anos-no-es-nada\/#article\",\"isPartOf\":{\"@id\":\"https:\/\/www.pressenza.com\/es\/2021\/09\/veinte-anos-no-es-nada\/\"},\"author\":{\"name\":\"Aram Aharonian\",\"@id\":\"https:\/\/www.pressenza.com\/es\/#\/schema\/person\/777c39c93856c085c6d5931778fbf85f\"},\"headline\":\"Veinte a\u00f1os \u00bfno es nada?\",\"datePublished\":\"2021-09-12T00:06:53+00:00\",\"mainEntityOfPage\":{\"@id\":\"https:\/\/www.pressenza.com\/es\/2021\/09\/veinte-anos-no-es-nada\/\"},\"wordCount\":2338,\"publisher\":{\"@id\":\"https:\/\/www.pressenza.com\/es\/#organization\"},\"image\":{\"@id\":\"https:\/\/www.pressenza.com\/es\/2021\/09\/veinte-anos-no-es-nada\/#primaryimage\"},\"thumbnailUrl\":\"https:\/\/www.pressenza.com\/wp-content\/uploads\/2021\/09\/WTCgroundzero.jpg\",\"keywords\":[\"CIA\",\"Guantanamo\",\"torres gemelas\",\"unipolaridad\"],\"articleSection\":[\"Norteam\u00e9rica\",\"Opiniones\",\"Pol\u00edtica\"],\"inLanguage\":\"es\"},{\"@type\":\"WebPage\",\"@id\":\"https:\/\/www.pressenza.com\/es\/2021\/09\/veinte-anos-no-es-nada\/\",\"url\":\"https:\/\/www.pressenza.com\/es\/2021\/09\/veinte-anos-no-es-nada\/\",\"name\":\"Veinte a\u00f1os \u00bfno es nada?\",\"isPartOf\":{\"@id\":\"https:\/\/www.pressenza.com\/es\/#website\"},\"primaryImageOfPage\":{\"@id\":\"https:\/\/www.pressenza.com\/es\/2021\/09\/veinte-anos-no-es-nada\/#primaryimage\"},\"image\":{\"@id\":\"https:\/\/www.pressenza.com\/es\/2021\/09\/veinte-anos-no-es-nada\/#primaryimage\"},\"thumbnailUrl\":\"https:\/\/www.pressenza.com\/wp-content\/uploads\/2021\/09\/WTCgroundzero.jpg\",\"datePublished\":\"2021-09-12T00:06:53+00:00\",\"description\":\"Aram Aharonian Los ataques de septiembre de 2001 llevaron a Estados Unidos a la campa\u00f1a m\u00e1s larga y costosa de su historia: la llamada \u201cguerra contra el\",\"breadcrumb\":{\"@id\":\"https:\/\/www.pressenza.com\/es\/2021\/09\/veinte-anos-no-es-nada\/#breadcrumb\"},\"inLanguage\":\"es\",\"potentialAction\":[{\"@type\":\"ReadAction\",\"target\":[\"https:\/\/www.pressenza.com\/es\/2021\/09\/veinte-anos-no-es-nada\/\"]}]},{\"@type\":\"ImageObject\",\"inLanguage\":\"es\",\"@id\":\"https:\/\/www.pressenza.com\/es\/2021\/09\/veinte-anos-no-es-nada\/#primaryimage\",\"url\":\"https:\/\/www.pressenza.com\/wp-content\/uploads\/2021\/09\/WTCgroundzero.jpg\",\"contentUrl\":\"https:\/\/www.pressenza.com\/wp-content\/uploads\/2021\/09\/WTCgroundzero.jpg\",\"width\":1024,\"height\":768},{\"@type\":\"BreadcrumbList\",\"@id\":\"https:\/\/www.pressenza.com\/es\/2021\/09\/veinte-anos-no-es-nada\/#breadcrumb\",\"itemListElement\":[{\"@type\":\"ListItem\",\"position\":1,\"name\":\"Accueil\",\"item\":\"https:\/\/www.pressenza.com\/es\/\"},{\"@type\":\"ListItem\",\"position\":2,\"name\":\"Veinte a\u00f1os \u00bfno es nada?\"}]},{\"@type\":\"WebSite\",\"@id\":\"https:\/\/www.pressenza.com\/es\/#website\",\"url\":\"https:\/\/www.pressenza.com\/es\/\",\"name\":\"Pressenza\",\"description\":\"International Press Agency\",\"publisher\":{\"@id\":\"https:\/\/www.pressenza.com\/es\/#organization\"},\"potentialAction\":[{\"@type\":\"SearchAction\",\"target\":{\"@type\":\"EntryPoint\",\"urlTemplate\":\"https:\/\/www.pressenza.com\/es\/?s={search_term_string}\"},\"query-input\":{\"@type\":\"PropertyValueSpecification\",\"valueRequired\":true,\"valueName\":\"search_term_string\"}}],\"inLanguage\":\"es\"},{\"@type\":\"Organization\",\"@id\":\"https:\/\/www.pressenza.com\/es\/#organization\",\"name\":\"Pressenza\",\"url\":\"https:\/\/www.pressenza.com\/es\/\",\"logo\":{\"@type\":\"ImageObject\",\"inLanguage\":\"es\",\"@id\":\"https:\/\/www.pressenza.com\/es\/#\/schema\/logo\/image\/\",\"url\":\"https:\/\/www.pressenza.com\/wp-content\/uploads\/2022\/10\/pressenza_logo_200x200.jpg\",\"contentUrl\":\"https:\/\/www.pressenza.com\/wp-content\/uploads\/2022\/10\/pressenza_logo_200x200.jpg\",\"width\":200,\"height\":200,\"caption\":\"Pressenza\"},\"image\":{\"@id\":\"https:\/\/www.pressenza.com\/es\/#\/schema\/logo\/image\/\"},\"sameAs\":[\"https:\/\/www.facebook.com\/PressenzaItalia\",\"https:\/\/x.com\/PressenzaIPA\"]},{\"@type\":\"Person\",\"@id\":\"https:\/\/www.pressenza.com\/es\/#\/schema\/person\/777c39c93856c085c6d5931778fbf85f\",\"name\":\"Aram Aharonian\",\"description\":\"Magister en Integraci\u00f3n, periodista y docente uruguayo, fundador de Telesur, director del Observatorio en Comunicaci\u00f3n y Democracia, presidente de la Fundaci\u00f3n para la Integraci\u00f3n Latinoamericana.\",\"url\":\"https:\/\/www.pressenza.com\/es\/author\/aram-aharonian\/\"}]}<\/script>\n<!-- \/ Yoast SEO plugin. -->","yoast_head_json":{"title":"Veinte a\u00f1os \u00bfno es nada?","description":"Aram Aharonian Los ataques de septiembre de 2001 llevaron a Estados Unidos a la campa\u00f1a m\u00e1s larga y costosa de su historia: la llamada \u201cguerra contra el","robots":{"index":"index","follow":"follow","max-snippet":"max-snippet:-1","max-image-preview":"max-image-preview:large","max-video-preview":"max-video-preview:-1"},"canonical":"https:\/\/www.pressenza.com\/es\/2021\/09\/veinte-anos-no-es-nada\/","og_locale":"es_ES","og_type":"article","og_title":"Veinte a\u00f1os \u00bfno es nada?","og_description":"Aram Aharonian Los ataques de septiembre de 2001 llevaron a Estados Unidos a la campa\u00f1a m\u00e1s larga y costosa de su historia: la llamada \u201cguerra contra el","og_url":"https:\/\/www.pressenza.com\/es\/2021\/09\/veinte-anos-no-es-nada\/","og_site_name":"Pressenza","article_publisher":"https:\/\/www.facebook.com\/PressenzaItalia","article_published_time":"2021-09-12T00:06:53+00:00","og_image":[{"width":1024,"height":768,"url":"https:\/\/www.pressenza.com\/wp-content\/uploads\/2021\/09\/WTCgroundzero.jpg","type":"image\/jpeg"}],"author":"Aram Aharonian","twitter_card":"summary_large_image","twitter_creator":"@PressenzaIPA","twitter_site":"@PressenzaIPA","twitter_misc":{"Escrito por":"Aram Aharonian","Tiempo de lectura":"12 minutos"},"schema":{"@context":"https:\/\/schema.org","@graph":[{"@type":"Article","@id":"https:\/\/www.pressenza.com\/es\/2021\/09\/veinte-anos-no-es-nada\/#article","isPartOf":{"@id":"https:\/\/www.pressenza.com\/es\/2021\/09\/veinte-anos-no-es-nada\/"},"author":{"name":"Aram Aharonian","@id":"https:\/\/www.pressenza.com\/es\/#\/schema\/person\/777c39c93856c085c6d5931778fbf85f"},"headline":"Veinte a\u00f1os \u00bfno es nada?","datePublished":"2021-09-12T00:06:53+00:00","mainEntityOfPage":{"@id":"https:\/\/www.pressenza.com\/es\/2021\/09\/veinte-anos-no-es-nada\/"},"wordCount":2338,"publisher":{"@id":"https:\/\/www.pressenza.com\/es\/#organization"},"image":{"@id":"https:\/\/www.pressenza.com\/es\/2021\/09\/veinte-anos-no-es-nada\/#primaryimage"},"thumbnailUrl":"https:\/\/www.pressenza.com\/wp-content\/uploads\/2021\/09\/WTCgroundzero.jpg","keywords":["CIA","Guantanamo","torres gemelas","unipolaridad"],"articleSection":["Norteam\u00e9rica","Opiniones","Pol\u00edtica"],"inLanguage":"es"},{"@type":"WebPage","@id":"https:\/\/www.pressenza.com\/es\/2021\/09\/veinte-anos-no-es-nada\/","url":"https:\/\/www.pressenza.com\/es\/2021\/09\/veinte-anos-no-es-nada\/","name":"Veinte a\u00f1os \u00bfno es nada?","isPartOf":{"@id":"https:\/\/www.pressenza.com\/es\/#website"},"primaryImageOfPage":{"@id":"https:\/\/www.pressenza.com\/es\/2021\/09\/veinte-anos-no-es-nada\/#primaryimage"},"image":{"@id":"https:\/\/www.pressenza.com\/es\/2021\/09\/veinte-anos-no-es-nada\/#primaryimage"},"thumbnailUrl":"https:\/\/www.pressenza.com\/wp-content\/uploads\/2021\/09\/WTCgroundzero.jpg","datePublished":"2021-09-12T00:06:53+00:00","description":"Aram Aharonian Los ataques de septiembre de 2001 llevaron a Estados Unidos a la campa\u00f1a m\u00e1s larga y costosa de su historia: la llamada \u201cguerra contra el","breadcrumb":{"@id":"https:\/\/www.pressenza.com\/es\/2021\/09\/veinte-anos-no-es-nada\/#breadcrumb"},"inLanguage":"es","potentialAction":[{"@type":"ReadAction","target":["https:\/\/www.pressenza.com\/es\/2021\/09\/veinte-anos-no-es-nada\/"]}]},{"@type":"ImageObject","inLanguage":"es","@id":"https:\/\/www.pressenza.com\/es\/2021\/09\/veinte-anos-no-es-nada\/#primaryimage","url":"https:\/\/www.pressenza.com\/wp-content\/uploads\/2021\/09\/WTCgroundzero.jpg","contentUrl":"https:\/\/www.pressenza.com\/wp-content\/uploads\/2021\/09\/WTCgroundzero.jpg","width":1024,"height":768},{"@type":"BreadcrumbList","@id":"https:\/\/www.pressenza.com\/es\/2021\/09\/veinte-anos-no-es-nada\/#breadcrumb","itemListElement":[{"@type":"ListItem","position":1,"name":"Accueil","item":"https:\/\/www.pressenza.com\/es\/"},{"@type":"ListItem","position":2,"name":"Veinte a\u00f1os \u00bfno es nada?"}]},{"@type":"WebSite","@id":"https:\/\/www.pressenza.com\/es\/#website","url":"https:\/\/www.pressenza.com\/es\/","name":"Pressenza","description":"International Press Agency","publisher":{"@id":"https:\/\/www.pressenza.com\/es\/#organization"},"potentialAction":[{"@type":"SearchAction","target":{"@type":"EntryPoint","urlTemplate":"https:\/\/www.pressenza.com\/es\/?s={search_term_string}"},"query-input":{"@type":"PropertyValueSpecification","valueRequired":true,"valueName":"search_term_string"}}],"inLanguage":"es"},{"@type":"Organization","@id":"https:\/\/www.pressenza.com\/es\/#organization","name":"Pressenza","url":"https:\/\/www.pressenza.com\/es\/","logo":{"@type":"ImageObject","inLanguage":"es","@id":"https:\/\/www.pressenza.com\/es\/#\/schema\/logo\/image\/","url":"https:\/\/www.pressenza.com\/wp-content\/uploads\/2022\/10\/pressenza_logo_200x200.jpg","contentUrl":"https:\/\/www.pressenza.com\/wp-content\/uploads\/2022\/10\/pressenza_logo_200x200.jpg","width":200,"height":200,"caption":"Pressenza"},"image":{"@id":"https:\/\/www.pressenza.com\/es\/#\/schema\/logo\/image\/"},"sameAs":["https:\/\/www.facebook.com\/PressenzaItalia","https:\/\/x.com\/PressenzaIPA"]},{"@type":"Person","@id":"https:\/\/www.pressenza.com\/es\/#\/schema\/person\/777c39c93856c085c6d5931778fbf85f","name":"Aram Aharonian","description":"Magister en Integraci\u00f3n, periodista y docente uruguayo, fundador de Telesur, director del Observatorio en Comunicaci\u00f3n y Democracia, presidente de la Fundaci\u00f3n para la Integraci\u00f3n Latinoamericana.","url":"https:\/\/www.pressenza.com\/es\/author\/aram-aharonian\/"}]}},"place":"","original_article_url":"https:\/\/estrategia.la\/2021\/09\/11\/veinte-anos-no-es-nada\/","_links":{"self":[{"href":"https:\/\/www.pressenza.com\/es\/wp-json\/wp\/v2\/posts\/1428568","targetHints":{"allow":["GET"]}}],"collection":[{"href":"https:\/\/www.pressenza.com\/es\/wp-json\/wp\/v2\/posts"}],"about":[{"href":"https:\/\/www.pressenza.com\/es\/wp-json\/wp\/v2\/types\/post"}],"author":[{"embeddable":true,"href":"https:\/\/www.pressenza.com\/es\/wp-json\/wp\/v2\/users\/1415"}],"replies":[{"embeddable":true,"href":"https:\/\/www.pressenza.com\/es\/wp-json\/wp\/v2\/comments?post=1428568"}],"version-history":[{"count":0,"href":"https:\/\/www.pressenza.com\/es\/wp-json\/wp\/v2\/posts\/1428568\/revisions"}],"wp:featuredmedia":[{"embeddable":true,"href":"https:\/\/www.pressenza.com\/es\/wp-json\/wp\/v2\/media\/1428569"}],"wp:attachment":[{"href":"https:\/\/www.pressenza.com\/es\/wp-json\/wp\/v2\/media?parent=1428568"}],"wp:term":[{"taxonomy":"category","embeddable":true,"href":"https:\/\/www.pressenza.com\/es\/wp-json\/wp\/v2\/categories?post=1428568"},{"taxonomy":"post_tag","embeddable":true,"href":"https:\/\/www.pressenza.com\/es\/wp-json\/wp\/v2\/tags?post=1428568"}],"curies":[{"name":"wp","href":"https:\/\/api.w.org\/{rel}","templated":true}]}}