{"id":1417056,"date":"2021-08-21T16:34:53","date_gmt":"2021-08-21T15:34:53","guid":{"rendered":"https:\/\/www.pressenza.com\/?p=1417056"},"modified":"2021-08-21T16:34:53","modified_gmt":"2021-08-21T15:34:53","slug":"despues-de-decadas-de-guerra-el-pueblo-afgano-merece-la-paz","status":"publish","type":"post","link":"https:\/\/www.pressenza.com\/es\/2021\/08\/despues-de-decadas-de-guerra-el-pueblo-afgano-merece-la-paz\/","title":{"rendered":"Despu\u00e9s de d\u00e9cadas de guerra, el pueblo afgano merece la paz"},"content":{"rendered":"<p>Despu\u00e9s de dos d\u00e9cadas de guerra, derramamiento de sangre y ocupaci\u00f3n estadounidense en Afganist\u00e1n , el Gobierno de Biden ha sido acusado de no haber previsto la velocidad con la que colapsar\u00eda el Gobierno afgano, un gobierno que se ha sostenido con el apoyo de las fuerzas armadas de Estados Unidos y con el aporte de billones de d\u00f3lares de los contribuyentes estadounidenses.<\/p>\n<p>Zabihullah Mujahid, principal portavoz del Talib\u00e1n, dijo en una conferencia de prensa realizada el martes en la ciudad de Kabul: \u201cLa enemistad entre las partes en el conflicto ha terminado. Se debe formar un Gobierno inclusivo; todas las partes y todos los afganos deben participar en \u00e9l\u201d. Mujahid hizo estas declaraciones desde el asiento que hasta hace poco pertenec\u00eda al principal portavoz del Gobierno afgano, Dawa Khan Menapal, que fue asesinado por los talibanes diez d\u00edas antes, durante las oraciones del viernes.<\/p>\n<p>Bilal Sarwary, un periodista afgano que reside en la ciudad de Kabul, dijo a Democracy Now!: \u201cAl pueblo afgano le gustar\u00eda saber a d\u00f3nde conduce este camino, porque la gente ans\u00eda un acuerdo pol\u00edtico. La gente tiene sed de paz\u201d.<\/p>\n<p>Bilal se convirti\u00f3 en un refugiado de la guerra civil que sufri\u00f3 el pa\u00eds durante la d\u00e9cada de 1990, luego de que concluy\u00f3 el sangriento conflicto con la Uni\u00f3n Sovi\u00e9tica. El periodista afgano aprendi\u00f3 ingl\u00e9s en la ciudad pakistan\u00ed de Peshawar y regres\u00f3 a Afganist\u00e1n como coordinador de un equipo noticioso de televisi\u00f3n en 2001, poco despu\u00e9s de que Estados Unidos invadiera su pa\u00eds tras los atentados del 11 de septiembre. Durante los 20 a\u00f1os de guerra y de ocupaci\u00f3n, Bilal se convirti\u00f3 en un experimentado periodista en la primera l\u00ednea del conflicto.<\/p>\n<p>En un art\u00edculo recientemente publicado por el peri\u00f3dico brit\u00e1nico The Telegraph, Bilal describi\u00f3 el impacto que la cobertura de la violencia ha tenido en su vida: \u201cMe ha quebrado por completo [\u2026]. La peor sensaci\u00f3n ha sido ver la enorme cantidad de ata\u00fades apilados en peque\u00f1os pueblos y valles de todo el pa\u00eds: eso fue como si 1.000 cuchillos afilados apu\u00f1alaran mi coraz\u00f3n\u201d.<\/p>\n<p>Miembros del Congreso de Estados Unidos han prometido iniciar investigaciones sobre la fallida retirada de las tropas estadounidenses de Afganist\u00e1n. Las indagaciones deber\u00edan examinar no solo las \u00faltimas dos semanas o dos meses, sino las dos d\u00e9cadas completas de esta desastrosa guerra y ocupaci\u00f3n.<\/p>\n<p>El Instituto Watson calcula que m\u00e1s de 47.000 civiles afganos murieron y m\u00e1s de 75.000 resultaron heridos durante las hostilidades. La Oficina del Inspector General Especial para la Reconstrucci\u00f3n de Afganist\u00e1n, un organismo de supervisi\u00f3n estadounidense, sostiene que \u201cambas cifras son probablemente mucho mayores\u201d. Mientras tanto, se estima que a lo largo del conflicto militar murieron alrededor de 70.000 soldados y polic\u00edas afganos; 50.000 talibanes y combatientes opositores; m\u00e1s de 2.400 miembros de las fuerzas armadas de Estados Unidos; y cerca de 4.000 contratistas estadounidenses. Incluyendo a los periodistas, trabajadores humanitarios y soldados de la OTAN, han muerto al menos 170.000 personas en total.<\/p>\n<p>Esta semana, la casi fren\u00e9tica retirada de las tropas de Estados Unidos desat\u00f3 el caos. Varias personas se treparon y aferraron al exterior de las aeronaves militares estadounidenses que despegaban del aeropuerto de la ciudad de Kabul y luego cayeron al vac\u00edo desde decenas de metros de altura o murieron durante el viaje en la cavidad de las ruedas del avi\u00f3n. Seg\u00fan se informa, las fuerzas armadas estadounidenses est\u00e1n negociando con las fuerzas talibanes para mantener el orden en el aeropuerto de Kabul. Varios civiles han muerto a manos de ambos grupos al querer conseguir de manera desesperada un vuelo para irse del pa\u00eds.<\/p>\n<p>Matthew Hoh fue el primer funcionario del Departamento de Estado de Estados Unidos que renunci\u00f3 en se\u00f1al de protesta contra la escalada de la guerra en Afganist\u00e1n que tuvo lugar en 2009. En conversaci\u00f3n con Democracy Now!, Hoh describi\u00f3 as\u00ed la estrategia fallida de Estados Unidos en Afganist\u00e1n: \u201c[Estados Unidos] ha bombardeado poblaciones enteras y ha realizado redadas nocturnas, en las que ha llegado a enviar hasta 20 veces por noche comandos militares a los pueblos afganos para entrar en los hogares y matar gente. Y ahora vemos el resultado de todo eso. El resultado es que, a\u00f1o tras a\u00f1o, los talibanes se hicieron m\u00e1s fuertes y obtuvieron cada vez m\u00e1s apoyo de la poblaci\u00f3n\u201d.<\/p>\n<p>Hoh no es optimista: \u201cLo \u00fanico que es a\u00fan m\u00e1s tr\u00e1gico que lo que le sucedi\u00f3 al pueblo afgano es que en unos d\u00edas Estados Unidos se habr\u00e1 olvidado de Afganist\u00e1n nuevamente\u201d.<\/p>\n<p>Sin embargo, las y los afganos no se olvidar\u00e1n de Estados Unidos. Zahra Nader es una estudiante de posgrado que reside en Toronto, Canad\u00e1. Naci\u00f3 en la ciudad afgana de Bamiy\u00e1n y huy\u00f3 a Ir\u00e1n con su familia, donde creci\u00f3 como refugiada, sin poder asistir a la escuela. En 2004, Zahra regres\u00f3 junto con su familia a Afganist\u00e1n y despu\u00e9s de unos a\u00f1os de estudio se convirti\u00f3 en periodista y lleg\u00f3 a escribir para el peri\u00f3dico The New York Times. Zahra dej\u00f3 ese trabajo so\u00f1ado para mudarse a Canad\u00e1 y asegurarse de que su hijo peque\u00f1o tuviera m\u00e1s oportunidades de las que ella tuvo cuando era ni\u00f1a. En una conversaci\u00f3n telef\u00f3nica, Zahra ofreci\u00f3 un cr\u00edtico resumen del papel de Estados Unidos en Afganist\u00e1n a partir de finales de la d\u00e9cada de 1970:<\/p>\n<p>\u201cEstados Unidos apoy\u00f3 a los muyahidines afganos, un grupo fundamentalista isl\u00e1mico, para librar una guerra indirecta contra los sovi\u00e9ticos. Hasta 2001, los derechos de las mujeres y los derechos humanos no le importaban a nadie, ni a Estados Unidos ni a otros pa\u00edses occidentales. Antes de esa fecha parec\u00eda que no exist\u00edamos. Luego nos usaron para justificar la guerra\u201d.<\/p>\n<p>Para Zahra Nader, Bilal Sarwary y decenas de millones de afganos y afganas, comienza de nuevo la dif\u00edcil tarea de reconstruir Afganist\u00e1n. Estados Unidos tiene el deber de apoyar estos esfuerzos, sin intentar controlarlos. Estados Unidos, el \u00faltimo imperio en huir de Afganist\u00e1n, tambi\u00e9n deber\u00eda aprender, de una vez por todas, que no se puede bombardear el camino hacia la paz.<\/p>\n<p>&nbsp;<\/p>\n","protected":false},"excerpt":{"rendered":"<p>Despu\u00e9s de dos d\u00e9cadas de guerra, derramamiento de sangre y ocupaci\u00f3n estadounidense en Afganist\u00e1n , el Gobierno de Biden ha sido acusado de no haber previsto la velocidad con la que colapsar\u00eda el Gobierno afgano, un gobierno que se ha&hellip;<\/p>\n","protected":false},"author":38,"featured_media":1417057,"comment_status":"closed","ping_status":"closed","sticky":false,"template":"","format":"standard","meta":{"footnotes":""},"categories":[65,76,161],"tags":[7279],"class_list":["post-1417056","post","type-post","status-publish","format-standard","has-post-thumbnail","hentry","category-asia-es","category-relaciones-exteriores","category-opiniones","tag-afganistan"],"yoast_head":"<!-- This site is optimized with the Yoast SEO plugin v27.1.1 - https:\/\/yoast.com\/product\/yoast-seo-wordpress\/ -->\n<title>Despu\u00e9s de d\u00e9cadas de guerra, el pueblo afgano merece la paz<\/title>\n<meta name=\"description\" content=\"Despu\u00e9s de dos d\u00e9cadas de guerra, derramamiento de sangre y ocupaci\u00f3n estadounidense en Afganist\u00e1n , el Gobierno de Biden ha sido acusado de no haber\" \/>\n<meta name=\"robots\" content=\"index, follow, max-snippet:-1, max-image-preview:large, max-video-preview:-1\" \/>\n<link rel=\"canonical\" href=\"https:\/\/www.pressenza.com\/es\/2021\/08\/despues-de-decadas-de-guerra-el-pueblo-afgano-merece-la-paz\/\" \/>\n<meta property=\"og:locale\" content=\"es_ES\" \/>\n<meta property=\"og:type\" content=\"article\" \/>\n<meta property=\"og:title\" content=\"Despu\u00e9s de d\u00e9cadas de guerra, el pueblo afgano merece la paz\" \/>\n<meta property=\"og:description\" content=\"Despu\u00e9s de dos d\u00e9cadas de guerra, derramamiento de sangre y ocupaci\u00f3n estadounidense en Afganist\u00e1n , el Gobierno de Biden ha sido acusado de no haber\" \/>\n<meta property=\"og:url\" content=\"https:\/\/www.pressenza.com\/es\/2021\/08\/despues-de-decadas-de-guerra-el-pueblo-afgano-merece-la-paz\/\" \/>\n<meta property=\"og:site_name\" content=\"Pressenza\" \/>\n<meta property=\"article:publisher\" content=\"https:\/\/www.facebook.com\/PressenzaItalia\" \/>\n<meta property=\"article:published_time\" content=\"2021-08-21T15:34:53+00:00\" \/>\n<meta property=\"og:image\" content=\"https:\/\/www.pressenza.com\/wp-content\/uploads\/2021\/08\/h1-taliban-takes-control-afghanistan-after-2-decades-us-occupation.jpg\" \/>\n\t<meta property=\"og:image:width\" content=\"960\" \/>\n\t<meta property=\"og:image:height\" content=\"540\" \/>\n\t<meta property=\"og:image:type\" content=\"image\/jpeg\" \/>\n<meta name=\"author\" content=\"Amy Goodman\" \/>\n<meta name=\"twitter:card\" content=\"summary_large_image\" \/>\n<meta name=\"twitter:creator\" content=\"@PressenzaIPA\" \/>\n<meta name=\"twitter:site\" content=\"@PressenzaIPA\" \/>\n<meta name=\"twitter:label1\" content=\"Escrito por\" \/>\n\t<meta name=\"twitter:data1\" content=\"Amy Goodman\" \/>\n\t<meta name=\"twitter:label2\" content=\"Tiempo de lectura\" \/>\n\t<meta name=\"twitter:data2\" content=\"5 minutos\" \/>\n<script type=\"application\/ld+json\" class=\"yoast-schema-graph\">{\"@context\":\"https:\/\/schema.org\",\"@graph\":[{\"@type\":\"Article\",\"@id\":\"https:\/\/www.pressenza.com\/es\/2021\/08\/despues-de-decadas-de-guerra-el-pueblo-afgano-merece-la-paz\/#article\",\"isPartOf\":{\"@id\":\"https:\/\/www.pressenza.com\/es\/2021\/08\/despues-de-decadas-de-guerra-el-pueblo-afgano-merece-la-paz\/\"},\"author\":{\"name\":\"Amy Goodman\",\"@id\":\"https:\/\/www.pressenza.com\/es\/#\/schema\/person\/fb76c4542b791ee101e00d9e2f9817ee\"},\"headline\":\"Despu\u00e9s de d\u00e9cadas de guerra, el pueblo afgano merece la paz\",\"datePublished\":\"2021-08-21T15:34:53+00:00\",\"mainEntityOfPage\":{\"@id\":\"https:\/\/www.pressenza.com\/es\/2021\/08\/despues-de-decadas-de-guerra-el-pueblo-afgano-merece-la-paz\/\"},\"wordCount\":1078,\"publisher\":{\"@id\":\"https:\/\/www.pressenza.com\/es\/#organization\"},\"image\":{\"@id\":\"https:\/\/www.pressenza.com\/es\/2021\/08\/despues-de-decadas-de-guerra-el-pueblo-afgano-merece-la-paz\/#primaryimage\"},\"thumbnailUrl\":\"https:\/\/www.pressenza.com\/wp-content\/uploads\/2021\/08\/h1-taliban-takes-control-afghanistan-after-2-decades-us-occupation.jpg\",\"keywords\":[\"Afganist\u00e1n\"],\"articleSection\":[\"Asia\",\"Asuntos internacionales\",\"Opiniones\"],\"inLanguage\":\"es\"},{\"@type\":\"WebPage\",\"@id\":\"https:\/\/www.pressenza.com\/es\/2021\/08\/despues-de-decadas-de-guerra-el-pueblo-afgano-merece-la-paz\/\",\"url\":\"https:\/\/www.pressenza.com\/es\/2021\/08\/despues-de-decadas-de-guerra-el-pueblo-afgano-merece-la-paz\/\",\"name\":\"Despu\u00e9s de d\u00e9cadas de guerra, el pueblo afgano merece la paz\",\"isPartOf\":{\"@id\":\"https:\/\/www.pressenza.com\/es\/#website\"},\"primaryImageOfPage\":{\"@id\":\"https:\/\/www.pressenza.com\/es\/2021\/08\/despues-de-decadas-de-guerra-el-pueblo-afgano-merece-la-paz\/#primaryimage\"},\"image\":{\"@id\":\"https:\/\/www.pressenza.com\/es\/2021\/08\/despues-de-decadas-de-guerra-el-pueblo-afgano-merece-la-paz\/#primaryimage\"},\"thumbnailUrl\":\"https:\/\/www.pressenza.com\/wp-content\/uploads\/2021\/08\/h1-taliban-takes-control-afghanistan-after-2-decades-us-occupation.jpg\",\"datePublished\":\"2021-08-21T15:34:53+00:00\",\"description\":\"Despu\u00e9s de dos d\u00e9cadas de guerra, derramamiento de sangre y ocupaci\u00f3n estadounidense en Afganist\u00e1n , el Gobierno de Biden ha sido acusado de no haber\",\"breadcrumb\":{\"@id\":\"https:\/\/www.pressenza.com\/es\/2021\/08\/despues-de-decadas-de-guerra-el-pueblo-afgano-merece-la-paz\/#breadcrumb\"},\"inLanguage\":\"es\",\"potentialAction\":[{\"@type\":\"ReadAction\",\"target\":[\"https:\/\/www.pressenza.com\/es\/2021\/08\/despues-de-decadas-de-guerra-el-pueblo-afgano-merece-la-paz\/\"]}]},{\"@type\":\"ImageObject\",\"inLanguage\":\"es\",\"@id\":\"https:\/\/www.pressenza.com\/es\/2021\/08\/despues-de-decadas-de-guerra-el-pueblo-afgano-merece-la-paz\/#primaryimage\",\"url\":\"https:\/\/www.pressenza.com\/wp-content\/uploads\/2021\/08\/h1-taliban-takes-control-afghanistan-after-2-decades-us-occupation.jpg\",\"contentUrl\":\"https:\/\/www.pressenza.com\/wp-content\/uploads\/2021\/08\/h1-taliban-takes-control-afghanistan-after-2-decades-us-occupation.jpg\",\"width\":960,\"height\":540,\"caption\":\"Democracy Now!\"},{\"@type\":\"BreadcrumbList\",\"@id\":\"https:\/\/www.pressenza.com\/es\/2021\/08\/despues-de-decadas-de-guerra-el-pueblo-afgano-merece-la-paz\/#breadcrumb\",\"itemListElement\":[{\"@type\":\"ListItem\",\"position\":1,\"name\":\"Accueil\",\"item\":\"https:\/\/www.pressenza.com\/es\/\"},{\"@type\":\"ListItem\",\"position\":2,\"name\":\"Despu\u00e9s de d\u00e9cadas de guerra, el pueblo afgano merece la paz\"}]},{\"@type\":\"WebSite\",\"@id\":\"https:\/\/www.pressenza.com\/es\/#website\",\"url\":\"https:\/\/www.pressenza.com\/es\/\",\"name\":\"Pressenza\",\"description\":\"International Press Agency\",\"publisher\":{\"@id\":\"https:\/\/www.pressenza.com\/es\/#organization\"},\"potentialAction\":[{\"@type\":\"SearchAction\",\"target\":{\"@type\":\"EntryPoint\",\"urlTemplate\":\"https:\/\/www.pressenza.com\/es\/?s={search_term_string}\"},\"query-input\":{\"@type\":\"PropertyValueSpecification\",\"valueRequired\":true,\"valueName\":\"search_term_string\"}}],\"inLanguage\":\"es\"},{\"@type\":\"Organization\",\"@id\":\"https:\/\/www.pressenza.com\/es\/#organization\",\"name\":\"Pressenza\",\"url\":\"https:\/\/www.pressenza.com\/es\/\",\"logo\":{\"@type\":\"ImageObject\",\"inLanguage\":\"es\",\"@id\":\"https:\/\/www.pressenza.com\/es\/#\/schema\/logo\/image\/\",\"url\":\"https:\/\/www.pressenza.com\/wp-content\/uploads\/2022\/10\/pressenza_logo_200x200.jpg\",\"contentUrl\":\"https:\/\/www.pressenza.com\/wp-content\/uploads\/2022\/10\/pressenza_logo_200x200.jpg\",\"width\":200,\"height\":200,\"caption\":\"Pressenza\"},\"image\":{\"@id\":\"https:\/\/www.pressenza.com\/es\/#\/schema\/logo\/image\/\"},\"sameAs\":[\"https:\/\/www.facebook.com\/PressenzaItalia\",\"https:\/\/x.com\/PressenzaIPA\"]},{\"@type\":\"Person\",\"@id\":\"https:\/\/www.pressenza.com\/es\/#\/schema\/person\/fb76c4542b791ee101e00d9e2f9817ee\",\"name\":\"Amy Goodman\",\"description\":\"Award-winning investigative journalist and syndicated columnist, author and host\/executive producer of Democracy Now! www.democracynow.org\",\"url\":\"https:\/\/www.pressenza.com\/es\/author\/amy-goodman\/\"}]}<\/script>\n<!-- \/ Yoast SEO plugin. -->","yoast_head_json":{"title":"Despu\u00e9s de d\u00e9cadas de guerra, el pueblo afgano merece la paz","description":"Despu\u00e9s de dos d\u00e9cadas de guerra, derramamiento de sangre y ocupaci\u00f3n estadounidense en Afganist\u00e1n , el Gobierno de Biden ha sido acusado de no haber","robots":{"index":"index","follow":"follow","max-snippet":"max-snippet:-1","max-image-preview":"max-image-preview:large","max-video-preview":"max-video-preview:-1"},"canonical":"https:\/\/www.pressenza.com\/es\/2021\/08\/despues-de-decadas-de-guerra-el-pueblo-afgano-merece-la-paz\/","og_locale":"es_ES","og_type":"article","og_title":"Despu\u00e9s de d\u00e9cadas de guerra, el pueblo afgano merece la paz","og_description":"Despu\u00e9s de dos d\u00e9cadas de guerra, derramamiento de sangre y ocupaci\u00f3n estadounidense en Afganist\u00e1n , el Gobierno de Biden ha sido acusado de no haber","og_url":"https:\/\/www.pressenza.com\/es\/2021\/08\/despues-de-decadas-de-guerra-el-pueblo-afgano-merece-la-paz\/","og_site_name":"Pressenza","article_publisher":"https:\/\/www.facebook.com\/PressenzaItalia","article_published_time":"2021-08-21T15:34:53+00:00","og_image":[{"width":960,"height":540,"url":"https:\/\/www.pressenza.com\/wp-content\/uploads\/2021\/08\/h1-taliban-takes-control-afghanistan-after-2-decades-us-occupation.jpg","type":"image\/jpeg"}],"author":"Amy Goodman","twitter_card":"summary_large_image","twitter_creator":"@PressenzaIPA","twitter_site":"@PressenzaIPA","twitter_misc":{"Escrito por":"Amy Goodman","Tiempo de lectura":"5 minutos"},"schema":{"@context":"https:\/\/schema.org","@graph":[{"@type":"Article","@id":"https:\/\/www.pressenza.com\/es\/2021\/08\/despues-de-decadas-de-guerra-el-pueblo-afgano-merece-la-paz\/#article","isPartOf":{"@id":"https:\/\/www.pressenza.com\/es\/2021\/08\/despues-de-decadas-de-guerra-el-pueblo-afgano-merece-la-paz\/"},"author":{"name":"Amy Goodman","@id":"https:\/\/www.pressenza.com\/es\/#\/schema\/person\/fb76c4542b791ee101e00d9e2f9817ee"},"headline":"Despu\u00e9s de d\u00e9cadas de guerra, el pueblo afgano merece la paz","datePublished":"2021-08-21T15:34:53+00:00","mainEntityOfPage":{"@id":"https:\/\/www.pressenza.com\/es\/2021\/08\/despues-de-decadas-de-guerra-el-pueblo-afgano-merece-la-paz\/"},"wordCount":1078,"publisher":{"@id":"https:\/\/www.pressenza.com\/es\/#organization"},"image":{"@id":"https:\/\/www.pressenza.com\/es\/2021\/08\/despues-de-decadas-de-guerra-el-pueblo-afgano-merece-la-paz\/#primaryimage"},"thumbnailUrl":"https:\/\/www.pressenza.com\/wp-content\/uploads\/2021\/08\/h1-taliban-takes-control-afghanistan-after-2-decades-us-occupation.jpg","keywords":["Afganist\u00e1n"],"articleSection":["Asia","Asuntos internacionales","Opiniones"],"inLanguage":"es"},{"@type":"WebPage","@id":"https:\/\/www.pressenza.com\/es\/2021\/08\/despues-de-decadas-de-guerra-el-pueblo-afgano-merece-la-paz\/","url":"https:\/\/www.pressenza.com\/es\/2021\/08\/despues-de-decadas-de-guerra-el-pueblo-afgano-merece-la-paz\/","name":"Despu\u00e9s de d\u00e9cadas de guerra, el pueblo afgano merece la paz","isPartOf":{"@id":"https:\/\/www.pressenza.com\/es\/#website"},"primaryImageOfPage":{"@id":"https:\/\/www.pressenza.com\/es\/2021\/08\/despues-de-decadas-de-guerra-el-pueblo-afgano-merece-la-paz\/#primaryimage"},"image":{"@id":"https:\/\/www.pressenza.com\/es\/2021\/08\/despues-de-decadas-de-guerra-el-pueblo-afgano-merece-la-paz\/#primaryimage"},"thumbnailUrl":"https:\/\/www.pressenza.com\/wp-content\/uploads\/2021\/08\/h1-taliban-takes-control-afghanistan-after-2-decades-us-occupation.jpg","datePublished":"2021-08-21T15:34:53+00:00","description":"Despu\u00e9s de dos d\u00e9cadas de guerra, derramamiento de sangre y ocupaci\u00f3n estadounidense en Afganist\u00e1n , el Gobierno de Biden ha sido acusado de no haber","breadcrumb":{"@id":"https:\/\/www.pressenza.com\/es\/2021\/08\/despues-de-decadas-de-guerra-el-pueblo-afgano-merece-la-paz\/#breadcrumb"},"inLanguage":"es","potentialAction":[{"@type":"ReadAction","target":["https:\/\/www.pressenza.com\/es\/2021\/08\/despues-de-decadas-de-guerra-el-pueblo-afgano-merece-la-paz\/"]}]},{"@type":"ImageObject","inLanguage":"es","@id":"https:\/\/www.pressenza.com\/es\/2021\/08\/despues-de-decadas-de-guerra-el-pueblo-afgano-merece-la-paz\/#primaryimage","url":"https:\/\/www.pressenza.com\/wp-content\/uploads\/2021\/08\/h1-taliban-takes-control-afghanistan-after-2-decades-us-occupation.jpg","contentUrl":"https:\/\/www.pressenza.com\/wp-content\/uploads\/2021\/08\/h1-taliban-takes-control-afghanistan-after-2-decades-us-occupation.jpg","width":960,"height":540,"caption":"Democracy Now!"},{"@type":"BreadcrumbList","@id":"https:\/\/www.pressenza.com\/es\/2021\/08\/despues-de-decadas-de-guerra-el-pueblo-afgano-merece-la-paz\/#breadcrumb","itemListElement":[{"@type":"ListItem","position":1,"name":"Accueil","item":"https:\/\/www.pressenza.com\/es\/"},{"@type":"ListItem","position":2,"name":"Despu\u00e9s de d\u00e9cadas de guerra, el pueblo afgano merece la paz"}]},{"@type":"WebSite","@id":"https:\/\/www.pressenza.com\/es\/#website","url":"https:\/\/www.pressenza.com\/es\/","name":"Pressenza","description":"International Press Agency","publisher":{"@id":"https:\/\/www.pressenza.com\/es\/#organization"},"potentialAction":[{"@type":"SearchAction","target":{"@type":"EntryPoint","urlTemplate":"https:\/\/www.pressenza.com\/es\/?s={search_term_string}"},"query-input":{"@type":"PropertyValueSpecification","valueRequired":true,"valueName":"search_term_string"}}],"inLanguage":"es"},{"@type":"Organization","@id":"https:\/\/www.pressenza.com\/es\/#organization","name":"Pressenza","url":"https:\/\/www.pressenza.com\/es\/","logo":{"@type":"ImageObject","inLanguage":"es","@id":"https:\/\/www.pressenza.com\/es\/#\/schema\/logo\/image\/","url":"https:\/\/www.pressenza.com\/wp-content\/uploads\/2022\/10\/pressenza_logo_200x200.jpg","contentUrl":"https:\/\/www.pressenza.com\/wp-content\/uploads\/2022\/10\/pressenza_logo_200x200.jpg","width":200,"height":200,"caption":"Pressenza"},"image":{"@id":"https:\/\/www.pressenza.com\/es\/#\/schema\/logo\/image\/"},"sameAs":["https:\/\/www.facebook.com\/PressenzaItalia","https:\/\/x.com\/PressenzaIPA"]},{"@type":"Person","@id":"https:\/\/www.pressenza.com\/es\/#\/schema\/person\/fb76c4542b791ee101e00d9e2f9817ee","name":"Amy Goodman","description":"Award-winning investigative journalist and syndicated columnist, author and host\/executive producer of Democracy Now! www.democracynow.org","url":"https:\/\/www.pressenza.com\/es\/author\/amy-goodman\/"}]}},"place":"Afganist\u00e1n","original_article_url":"https:\/\/www.democracynow.org\/es\/2021\/8\/20\/despues_de_decadas_de_guerra_el","_links":{"self":[{"href":"https:\/\/www.pressenza.com\/es\/wp-json\/wp\/v2\/posts\/1417056","targetHints":{"allow":["GET"]}}],"collection":[{"href":"https:\/\/www.pressenza.com\/es\/wp-json\/wp\/v2\/posts"}],"about":[{"href":"https:\/\/www.pressenza.com\/es\/wp-json\/wp\/v2\/types\/post"}],"author":[{"embeddable":true,"href":"https:\/\/www.pressenza.com\/es\/wp-json\/wp\/v2\/users\/38"}],"replies":[{"embeddable":true,"href":"https:\/\/www.pressenza.com\/es\/wp-json\/wp\/v2\/comments?post=1417056"}],"version-history":[{"count":0,"href":"https:\/\/www.pressenza.com\/es\/wp-json\/wp\/v2\/posts\/1417056\/revisions"}],"wp:featuredmedia":[{"embeddable":true,"href":"https:\/\/www.pressenza.com\/es\/wp-json\/wp\/v2\/media\/1417057"}],"wp:attachment":[{"href":"https:\/\/www.pressenza.com\/es\/wp-json\/wp\/v2\/media?parent=1417056"}],"wp:term":[{"taxonomy":"category","embeddable":true,"href":"https:\/\/www.pressenza.com\/es\/wp-json\/wp\/v2\/categories?post=1417056"},{"taxonomy":"post_tag","embeddable":true,"href":"https:\/\/www.pressenza.com\/es\/wp-json\/wp\/v2\/tags?post=1417056"}],"curies":[{"name":"wp","href":"https:\/\/api.w.org\/{rel}","templated":true}]}}