{"id":1413995,"date":"2021-08-15T17:07:23","date_gmt":"2021-08-15T16:07:23","guid":{"rendered":"https:\/\/www.pressenza.com\/?p=1413995"},"modified":"2021-08-15T17:10:08","modified_gmt":"2021-08-15T16:10:08","slug":"assange-recurso-ante-el-tribunal-superior-de-justicia","status":"publish","type":"post","link":"https:\/\/www.pressenza.com\/es\/2021\/08\/assange-recurso-ante-el-tribunal-superior-de-justicia\/","title":{"rendered":"Assange: recurso ante el Tribunal Superior de Justicia"},"content":{"rendered":"<article id=\"post-1413967\" class=\"post-1413967 post type-post status-draft format-standard has-post-thumbnail hentry category-human-rights category-press-releases tag-journalistsspeakupforassange-2 tag-julianassange tag-extraditing-assange tag-free-assange\">\n<div class=\"post-content\">\n<p>Como sin duda sabr\u00e1n, Julian Assange compareci\u00f3 la semana pasada en una nueva vista ante el tribunal.<\/p>\n<p>Lamentamos informar que se le ve\u00eda envejecido y con malestar como resultado de su continuo encarcelamiento.<\/p>\n<p>La audiencia en el Tribunal Superior el 11 de agosto, celebrada en los Tribunales Reales de Justicia en el centro de Londres, se program\u00f3 para permitir a los fiscales en nombre del gobierno de Estados Unidos impugnar una sentencia anterior dictada por el juez Jonathan Swift el 7 de julio en la que conced\u00eda el recurso, pero limitaba los argumentos a tres de los cinco motivos legales propuestos para tal impugnaci\u00f3n (como se dilucida <a href=\"https:\/\/int.nyt.com\/data\/documenttools\/cps-press-office-us-assange-appeal-and-assurances\/303b4ec3fe4bb95c\/full.pdf\">aqu\u00ed<\/a>).<\/p>\n<p>Los fiscales argumentaron que se les deb\u00eda permitir apelar en las cinco cuestiones planteadas, y de hecho lo consiguieron ante el Lord Justice Timothy Holroyde y la Justice Dame Judith Farbey.<\/p>\n<p>La audiencia fue cubierta por la mayor\u00eda de los medios de comunicaci\u00f3n del mundo, pero aqu\u00ed hay una cobertura que nos pareci\u00f3 perspicaz, cr\u00edtica y f\u00e1cil de seguir:<\/p>\n<ul>\n<li><a href=\"https:\/\/www.tareqhaddad.com\/assange-high-court-appeal-u-s-granted-appeal-on-all-grounds-overturning-earlier-ruling\/\">Assange High Court appeal: Estados Unidos concede la apelaci\u00f3n por todos los motivos, anulando la sentencia anterior<\/a> &#8211; Tareq Haddad, TareqHaddad.com, 11 de agosto<\/li>\n<li><a href=\"https:\/\/thedissenter.org\/british-high-court-expands-us-appeal-in-assange-extradition-case\/\">El Tribunal Superior brit\u00e1nico ampl\u00eda el recurso del Gobierno de Estados Unidos en el caso de extradici\u00f3n de Assange<\/a> &#8211; Kevin Gosztola y Mohammed El Maazi,, 11 de agosto<\/li>\n<li><a href=\"https:\/\/jacobinmag.com\/2021\/08\/julian-assange-extradition-civil-liberties-journalism-wikileaks-espionage-act\"> Julian Assange podr\u00eda ser extraditado a Estados Unidos<\/a> &#8211; Chip Gibbons, Jacobin, 11 de agosto<\/li>\n<li><a href=\"https:\/\/www.themonthly.com.au\/issue\/2021\/august\/1627740000\/scott-ludlam\/end-game#mtr\">El final del juego: Julian Assange de WikiLeaks est\u00e1 muriendo en una prisi\u00f3n del Reino Unido<\/a> &#8211; Scott Ludlam, The Monthly, August 1<\/li>\n<\/ul>\n<p>Para aquellos que est\u00e9n interesados en inspeccionar los documentos legales correspondientes de las audiencias en su totalidad, hemos adjuntado el \u00abAviso de Objeci\u00f3n a la Apelaci\u00f3n\u00bb de la defensa y los \u00abMotivos Perfeccionados de Apelaci\u00f3n\u00bb de la fiscal\u00eda para su referencia.<\/p>\n<p style=\"text-align: left;\">Tambi\u00e9n est\u00e1n disponibles en l\u00ednea <a href=\"https:\/\/www.tareqhaddad.com\/wp-content\/uploads\/2021\/08\/2021.04.06-\u2013-Assange-Extradition-Hearings-\u2013Notice_of_Objection_and_Submissions_on_Approach_to_Appeal.pdf\">aqu\u00ed<\/a> y <a href=\"https:\/\/www.tareqhaddad.com\/wp-content\/uploads\/2021\/08\/2021.08.11-\u2013-Assange-Extradition-Hearings-\u2013-Prosecution-Perfected-Grounds-of-Appeal.pdf\">aqu\u00ed. <\/a><\/p>\n<p>Una vez resueltos los fundamentos jur\u00eddicos del recurso, pasamos a los elementos de fondo del proceso de apelaci\u00f3n.<\/p>\n<p>Se han programado dos d\u00edas de audiencias para los d\u00edas 27 y 28 de octubre, en los que se prev\u00e9 un m\u00ednimo de dos a\u00f1os y medio de prisi\u00f3n para Assange, aunque todav\u00eda no se le ha declarado culpable de ning\u00fan delito.<\/p>\n<p>En otros acontecimientos recientes, para aquellos que se los hayan perdido, hubo una gran revelaci\u00f3n publicada en la publicaci\u00f3n islandesa Stundin en la que sali\u00f3 a la luz que un testigo clave en el caso de la fiscal\u00eda estadounidense hab\u00eda fabricado sus pruebas.<\/p>\n<p>Estados Unidos se bas\u00f3 en gran medida en estas pruebas para afirmar que Assange se dedicaba a solicitar el pirateo de informaci\u00f3n confidencial.<\/p>\n<p>Creemos que el art\u00edculo es una demostraci\u00f3n contundente de que, a pesar de llevar 10 a\u00f1os en esta acusaci\u00f3n, todav\u00eda hay muchos elementos oscuros e instamos a los que ten\u00e9is capacidad como periodistas a seguir buscando pruebas de discrepancias y juego sucio.<br \/>\nOs animamos a que las compart\u00e1is con nosotros en contact@speak-up-for-assange.org y estaremos encantados de difundirlas. Como siempre, les agradecemos el tiempo que han dedicado a leer estas actualizaciones y esperamos volver a ponernos en contacto con ustedes a su debido tiempo.<\/p>\n<p>\u2014<\/p>\n<p>#JournalistsSpeakUpForAssange<\/p>\n<p>&nbsp;<\/p>\n<p>&nbsp;<\/p>\n<\/div>\n<\/article>\n","protected":false},"excerpt":{"rendered":"<p>Como sin duda sabr\u00e1n, Julian Assange compareci\u00f3 la semana pasada en una nueva vista ante el tribunal. Lamentamos informar que se le ve\u00eda envejecido y con malestar como resultado de su continuo encarcelamiento. La audiencia en el Tribunal Superior el&hellip;<\/p>\n","protected":false},"author":1122,"featured_media":1413992,"comment_status":"closed","ping_status":"closed","sticky":false,"template":"","format":"standard","meta":{"footnotes":""},"categories":[149,79],"tags":[57507,81219,67492],"class_list":["post-1413995","post","type-post","status-publish","format-standard","has-post-thumbnail","hentry","category-comunicados-de-prensa","category-derechos-humanos","tag-assange-es","tag-assange-freeassange","tag-julian-asssange"],"yoast_head":"<!-- This site is optimized with the Yoast SEO plugin v27.1.1 - https:\/\/yoast.com\/product\/yoast-seo-wordpress\/ -->\n<title>Assange: recurso ante el Tribunal Superior de Justicia<\/title>\n<meta name=\"description\" content=\"Como sin duda sabr\u00e1n, Julian Assange compareci\u00f3 la semana pasada en una nueva vista ante el tribunal. Lamentamos informar que se le ve\u00eda envejecido y con\" \/>\n<meta name=\"robots\" content=\"index, follow, max-snippet:-1, max-image-preview:large, max-video-preview:-1\" \/>\n<link rel=\"canonical\" href=\"https:\/\/www.pressenza.com\/es\/2021\/08\/assange-recurso-ante-el-tribunal-superior-de-justicia\/\" \/>\n<meta property=\"og:locale\" content=\"es_ES\" \/>\n<meta property=\"og:type\" content=\"article\" \/>\n<meta property=\"og:title\" content=\"Assange: recurso ante el Tribunal Superior de Justicia\" \/>\n<meta property=\"og:description\" content=\"Como sin duda sabr\u00e1n, Julian Assange compareci\u00f3 la semana pasada en una nueva vista ante el tribunal. Lamentamos informar que se le ve\u00eda envejecido y con\" \/>\n<meta property=\"og:url\" content=\"https:\/\/www.pressenza.com\/es\/2021\/08\/assange-recurso-ante-el-tribunal-superior-de-justicia\/\" \/>\n<meta property=\"og:site_name\" content=\"Pressenza\" \/>\n<meta property=\"article:publisher\" content=\"https:\/\/www.facebook.com\/PressenzaItalia\" \/>\n<meta property=\"article:author\" content=\"https:\/\/www.facebook.com\/Pressenza-Espaa-647854795301395\/timeline\/\" \/>\n<meta property=\"article:published_time\" content=\"2021-08-15T16:07:23+00:00\" \/>\n<meta property=\"article:modified_time\" content=\"2021-08-15T16:10:08+00:00\" \/>\n<meta property=\"og:image\" content=\"https:\/\/www.pressenza.com\/wp-content\/uploads\/2021\/08\/4B0BD348-B06C-4947-B0DD-69318459718E.png\" \/>\n\t<meta property=\"og:image:width\" content=\"1920\" \/>\n\t<meta property=\"og:image:height\" content=\"1357\" \/>\n\t<meta property=\"og:image:type\" content=\"image\/png\" \/>\n<meta name=\"author\" content=\"Redacci\u00f3n Barcelona\" \/>\n<meta name=\"twitter:card\" content=\"summary_large_image\" \/>\n<meta name=\"twitter:creator\" content=\"@pressenza\" \/>\n<meta name=\"twitter:site\" content=\"@PressenzaIPA\" \/>\n<meta name=\"twitter:label1\" content=\"Escrito por\" \/>\n\t<meta name=\"twitter:data1\" content=\"Redacci\u00f3n Barcelona\" \/>\n\t<meta name=\"twitter:label2\" content=\"Tiempo de lectura\" \/>\n\t<meta name=\"twitter:data2\" content=\"3 minutos\" \/>\n<script type=\"application\/ld+json\" class=\"yoast-schema-graph\">{\"@context\":\"https:\/\/schema.org\",\"@graph\":[{\"@type\":\"Article\",\"@id\":\"https:\/\/www.pressenza.com\/es\/2021\/08\/assange-recurso-ante-el-tribunal-superior-de-justicia\/#article\",\"isPartOf\":{\"@id\":\"https:\/\/www.pressenza.com\/es\/2021\/08\/assange-recurso-ante-el-tribunal-superior-de-justicia\/\"},\"author\":{\"name\":\"Redacci\u00f3n Barcelona\",\"@id\":\"https:\/\/www.pressenza.com\/es\/#\/schema\/person\/8abc53b92f3264e0dad4300d54ac73ff\"},\"headline\":\"Assange: recurso ante el Tribunal Superior de Justicia\",\"datePublished\":\"2021-08-15T16:07:23+00:00\",\"dateModified\":\"2021-08-15T16:10:08+00:00\",\"mainEntityOfPage\":{\"@id\":\"https:\/\/www.pressenza.com\/es\/2021\/08\/assange-recurso-ante-el-tribunal-superior-de-justicia\/\"},\"wordCount\":565,\"publisher\":{\"@id\":\"https:\/\/www.pressenza.com\/es\/#organization\"},\"image\":{\"@id\":\"https:\/\/www.pressenza.com\/es\/2021\/08\/assange-recurso-ante-el-tribunal-superior-de-justicia\/#primaryimage\"},\"thumbnailUrl\":\"https:\/\/www.pressenza.com\/wp-content\/uploads\/2021\/08\/4B0BD348-B06C-4947-B0DD-69318459718E.png\",\"keywords\":[\"#Assange\",\"#Assange. #FreeAssange\",\"Julian Asssange\"],\"articleSection\":[\"Comunicados de Prensa\",\"Derechos Humanos\"],\"inLanguage\":\"es\"},{\"@type\":\"WebPage\",\"@id\":\"https:\/\/www.pressenza.com\/es\/2021\/08\/assange-recurso-ante-el-tribunal-superior-de-justicia\/\",\"url\":\"https:\/\/www.pressenza.com\/es\/2021\/08\/assange-recurso-ante-el-tribunal-superior-de-justicia\/\",\"name\":\"Assange: recurso ante el Tribunal Superior de Justicia\",\"isPartOf\":{\"@id\":\"https:\/\/www.pressenza.com\/es\/#website\"},\"primaryImageOfPage\":{\"@id\":\"https:\/\/www.pressenza.com\/es\/2021\/08\/assange-recurso-ante-el-tribunal-superior-de-justicia\/#primaryimage\"},\"image\":{\"@id\":\"https:\/\/www.pressenza.com\/es\/2021\/08\/assange-recurso-ante-el-tribunal-superior-de-justicia\/#primaryimage\"},\"thumbnailUrl\":\"https:\/\/www.pressenza.com\/wp-content\/uploads\/2021\/08\/4B0BD348-B06C-4947-B0DD-69318459718E.png\",\"datePublished\":\"2021-08-15T16:07:23+00:00\",\"dateModified\":\"2021-08-15T16:10:08+00:00\",\"description\":\"Como sin duda sabr\u00e1n, Julian Assange compareci\u00f3 la semana pasada en una nueva vista ante el tribunal. Lamentamos informar que se le ve\u00eda envejecido y con\",\"breadcrumb\":{\"@id\":\"https:\/\/www.pressenza.com\/es\/2021\/08\/assange-recurso-ante-el-tribunal-superior-de-justicia\/#breadcrumb\"},\"inLanguage\":\"es\",\"potentialAction\":[{\"@type\":\"ReadAction\",\"target\":[\"https:\/\/www.pressenza.com\/es\/2021\/08\/assange-recurso-ante-el-tribunal-superior-de-justicia\/\"]}]},{\"@type\":\"ImageObject\",\"inLanguage\":\"es\",\"@id\":\"https:\/\/www.pressenza.com\/es\/2021\/08\/assange-recurso-ante-el-tribunal-superior-de-justicia\/#primaryimage\",\"url\":\"https:\/\/www.pressenza.com\/wp-content\/uploads\/2021\/08\/4B0BD348-B06C-4947-B0DD-69318459718E.png\",\"contentUrl\":\"https:\/\/www.pressenza.com\/wp-content\/uploads\/2021\/08\/4B0BD348-B06C-4947-B0DD-69318459718E.png\",\"width\":1920,\"height\":1357},{\"@type\":\"BreadcrumbList\",\"@id\":\"https:\/\/www.pressenza.com\/es\/2021\/08\/assange-recurso-ante-el-tribunal-superior-de-justicia\/#breadcrumb\",\"itemListElement\":[{\"@type\":\"ListItem\",\"position\":1,\"name\":\"Accueil\",\"item\":\"https:\/\/www.pressenza.com\/es\/\"},{\"@type\":\"ListItem\",\"position\":2,\"name\":\"Assange: recurso ante el Tribunal Superior de Justicia\"}]},{\"@type\":\"WebSite\",\"@id\":\"https:\/\/www.pressenza.com\/es\/#website\",\"url\":\"https:\/\/www.pressenza.com\/es\/\",\"name\":\"Pressenza\",\"description\":\"International Press Agency\",\"publisher\":{\"@id\":\"https:\/\/www.pressenza.com\/es\/#organization\"},\"potentialAction\":[{\"@type\":\"SearchAction\",\"target\":{\"@type\":\"EntryPoint\",\"urlTemplate\":\"https:\/\/www.pressenza.com\/es\/?s={search_term_string}\"},\"query-input\":{\"@type\":\"PropertyValueSpecification\",\"valueRequired\":true,\"valueName\":\"search_term_string\"}}],\"inLanguage\":\"es\"},{\"@type\":\"Organization\",\"@id\":\"https:\/\/www.pressenza.com\/es\/#organization\",\"name\":\"Pressenza\",\"url\":\"https:\/\/www.pressenza.com\/es\/\",\"logo\":{\"@type\":\"ImageObject\",\"inLanguage\":\"es\",\"@id\":\"https:\/\/www.pressenza.com\/es\/#\/schema\/logo\/image\/\",\"url\":\"https:\/\/www.pressenza.com\/wp-content\/uploads\/2022\/10\/pressenza_logo_200x200.jpg\",\"contentUrl\":\"https:\/\/www.pressenza.com\/wp-content\/uploads\/2022\/10\/pressenza_logo_200x200.jpg\",\"width\":200,\"height\":200,\"caption\":\"Pressenza\"},\"image\":{\"@id\":\"https:\/\/www.pressenza.com\/es\/#\/schema\/logo\/image\/\"},\"sameAs\":[\"https:\/\/www.facebook.com\/PressenzaItalia\",\"https:\/\/x.com\/PressenzaIPA\"]},{\"@type\":\"Person\",\"@id\":\"https:\/\/www.pressenza.com\/es\/#\/schema\/person\/8abc53b92f3264e0dad4300d54ac73ff\",\"name\":\"Redacci\u00f3n Barcelona\",\"description\":\"News published by the Pressenza bureau in Barcelona, Spain\",\"sameAs\":[\"https:\/\/www.facebook.com\/Pressenza-Espaa-647854795301395\/timeline\/\",\"https:\/\/x.com\/pressenza\"],\"url\":\"https:\/\/www.pressenza.com\/es\/author\/redaccion-barcelona\/\"}]}<\/script>\n<!-- \/ Yoast SEO plugin. -->","yoast_head_json":{"title":"Assange: recurso ante el Tribunal Superior de Justicia","description":"Como sin duda sabr\u00e1n, Julian Assange compareci\u00f3 la semana pasada en una nueva vista ante el tribunal. Lamentamos informar que se le ve\u00eda envejecido y con","robots":{"index":"index","follow":"follow","max-snippet":"max-snippet:-1","max-image-preview":"max-image-preview:large","max-video-preview":"max-video-preview:-1"},"canonical":"https:\/\/www.pressenza.com\/es\/2021\/08\/assange-recurso-ante-el-tribunal-superior-de-justicia\/","og_locale":"es_ES","og_type":"article","og_title":"Assange: recurso ante el Tribunal Superior de Justicia","og_description":"Como sin duda sabr\u00e1n, Julian Assange compareci\u00f3 la semana pasada en una nueva vista ante el tribunal. Lamentamos informar que se le ve\u00eda envejecido y con","og_url":"https:\/\/www.pressenza.com\/es\/2021\/08\/assange-recurso-ante-el-tribunal-superior-de-justicia\/","og_site_name":"Pressenza","article_publisher":"https:\/\/www.facebook.com\/PressenzaItalia","article_author":"https:\/\/www.facebook.com\/Pressenza-Espaa-647854795301395\/timeline\/","article_published_time":"2021-08-15T16:07:23+00:00","article_modified_time":"2021-08-15T16:10:08+00:00","og_image":[{"width":1920,"height":1357,"url":"https:\/\/www.pressenza.com\/wp-content\/uploads\/2021\/08\/4B0BD348-B06C-4947-B0DD-69318459718E.png","type":"image\/png"}],"author":"Redacci\u00f3n Barcelona","twitter_card":"summary_large_image","twitter_creator":"@pressenza","twitter_site":"@PressenzaIPA","twitter_misc":{"Escrito por":"Redacci\u00f3n Barcelona","Tiempo de lectura":"3 minutos"},"schema":{"@context":"https:\/\/schema.org","@graph":[{"@type":"Article","@id":"https:\/\/www.pressenza.com\/es\/2021\/08\/assange-recurso-ante-el-tribunal-superior-de-justicia\/#article","isPartOf":{"@id":"https:\/\/www.pressenza.com\/es\/2021\/08\/assange-recurso-ante-el-tribunal-superior-de-justicia\/"},"author":{"name":"Redacci\u00f3n Barcelona","@id":"https:\/\/www.pressenza.com\/es\/#\/schema\/person\/8abc53b92f3264e0dad4300d54ac73ff"},"headline":"Assange: recurso ante el Tribunal Superior de Justicia","datePublished":"2021-08-15T16:07:23+00:00","dateModified":"2021-08-15T16:10:08+00:00","mainEntityOfPage":{"@id":"https:\/\/www.pressenza.com\/es\/2021\/08\/assange-recurso-ante-el-tribunal-superior-de-justicia\/"},"wordCount":565,"publisher":{"@id":"https:\/\/www.pressenza.com\/es\/#organization"},"image":{"@id":"https:\/\/www.pressenza.com\/es\/2021\/08\/assange-recurso-ante-el-tribunal-superior-de-justicia\/#primaryimage"},"thumbnailUrl":"https:\/\/www.pressenza.com\/wp-content\/uploads\/2021\/08\/4B0BD348-B06C-4947-B0DD-69318459718E.png","keywords":["#Assange","#Assange. #FreeAssange","Julian Asssange"],"articleSection":["Comunicados de Prensa","Derechos Humanos"],"inLanguage":"es"},{"@type":"WebPage","@id":"https:\/\/www.pressenza.com\/es\/2021\/08\/assange-recurso-ante-el-tribunal-superior-de-justicia\/","url":"https:\/\/www.pressenza.com\/es\/2021\/08\/assange-recurso-ante-el-tribunal-superior-de-justicia\/","name":"Assange: recurso ante el Tribunal Superior de Justicia","isPartOf":{"@id":"https:\/\/www.pressenza.com\/es\/#website"},"primaryImageOfPage":{"@id":"https:\/\/www.pressenza.com\/es\/2021\/08\/assange-recurso-ante-el-tribunal-superior-de-justicia\/#primaryimage"},"image":{"@id":"https:\/\/www.pressenza.com\/es\/2021\/08\/assange-recurso-ante-el-tribunal-superior-de-justicia\/#primaryimage"},"thumbnailUrl":"https:\/\/www.pressenza.com\/wp-content\/uploads\/2021\/08\/4B0BD348-B06C-4947-B0DD-69318459718E.png","datePublished":"2021-08-15T16:07:23+00:00","dateModified":"2021-08-15T16:10:08+00:00","description":"Como sin duda sabr\u00e1n, Julian Assange compareci\u00f3 la semana pasada en una nueva vista ante el tribunal. Lamentamos informar que se le ve\u00eda envejecido y con","breadcrumb":{"@id":"https:\/\/www.pressenza.com\/es\/2021\/08\/assange-recurso-ante-el-tribunal-superior-de-justicia\/#breadcrumb"},"inLanguage":"es","potentialAction":[{"@type":"ReadAction","target":["https:\/\/www.pressenza.com\/es\/2021\/08\/assange-recurso-ante-el-tribunal-superior-de-justicia\/"]}]},{"@type":"ImageObject","inLanguage":"es","@id":"https:\/\/www.pressenza.com\/es\/2021\/08\/assange-recurso-ante-el-tribunal-superior-de-justicia\/#primaryimage","url":"https:\/\/www.pressenza.com\/wp-content\/uploads\/2021\/08\/4B0BD348-B06C-4947-B0DD-69318459718E.png","contentUrl":"https:\/\/www.pressenza.com\/wp-content\/uploads\/2021\/08\/4B0BD348-B06C-4947-B0DD-69318459718E.png","width":1920,"height":1357},{"@type":"BreadcrumbList","@id":"https:\/\/www.pressenza.com\/es\/2021\/08\/assange-recurso-ante-el-tribunal-superior-de-justicia\/#breadcrumb","itemListElement":[{"@type":"ListItem","position":1,"name":"Accueil","item":"https:\/\/www.pressenza.com\/es\/"},{"@type":"ListItem","position":2,"name":"Assange: recurso ante el Tribunal Superior de Justicia"}]},{"@type":"WebSite","@id":"https:\/\/www.pressenza.com\/es\/#website","url":"https:\/\/www.pressenza.com\/es\/","name":"Pressenza","description":"International Press Agency","publisher":{"@id":"https:\/\/www.pressenza.com\/es\/#organization"},"potentialAction":[{"@type":"SearchAction","target":{"@type":"EntryPoint","urlTemplate":"https:\/\/www.pressenza.com\/es\/?s={search_term_string}"},"query-input":{"@type":"PropertyValueSpecification","valueRequired":true,"valueName":"search_term_string"}}],"inLanguage":"es"},{"@type":"Organization","@id":"https:\/\/www.pressenza.com\/es\/#organization","name":"Pressenza","url":"https:\/\/www.pressenza.com\/es\/","logo":{"@type":"ImageObject","inLanguage":"es","@id":"https:\/\/www.pressenza.com\/es\/#\/schema\/logo\/image\/","url":"https:\/\/www.pressenza.com\/wp-content\/uploads\/2022\/10\/pressenza_logo_200x200.jpg","contentUrl":"https:\/\/www.pressenza.com\/wp-content\/uploads\/2022\/10\/pressenza_logo_200x200.jpg","width":200,"height":200,"caption":"Pressenza"},"image":{"@id":"https:\/\/www.pressenza.com\/es\/#\/schema\/logo\/image\/"},"sameAs":["https:\/\/www.facebook.com\/PressenzaItalia","https:\/\/x.com\/PressenzaIPA"]},{"@type":"Person","@id":"https:\/\/www.pressenza.com\/es\/#\/schema\/person\/8abc53b92f3264e0dad4300d54ac73ff","name":"Redacci\u00f3n Barcelona","description":"News published by the Pressenza bureau in Barcelona, Spain","sameAs":["https:\/\/www.facebook.com\/Pressenza-Espaa-647854795301395\/timeline\/","https:\/\/x.com\/pressenza"],"url":"https:\/\/www.pressenza.com\/es\/author\/redaccion-barcelona\/"}]}},"place":"","original_article_url":"","_links":{"self":[{"href":"https:\/\/www.pressenza.com\/es\/wp-json\/wp\/v2\/posts\/1413995","targetHints":{"allow":["GET"]}}],"collection":[{"href":"https:\/\/www.pressenza.com\/es\/wp-json\/wp\/v2\/posts"}],"about":[{"href":"https:\/\/www.pressenza.com\/es\/wp-json\/wp\/v2\/types\/post"}],"author":[{"embeddable":true,"href":"https:\/\/www.pressenza.com\/es\/wp-json\/wp\/v2\/users\/1122"}],"replies":[{"embeddable":true,"href":"https:\/\/www.pressenza.com\/es\/wp-json\/wp\/v2\/comments?post=1413995"}],"version-history":[{"count":0,"href":"https:\/\/www.pressenza.com\/es\/wp-json\/wp\/v2\/posts\/1413995\/revisions"}],"wp:featuredmedia":[{"embeddable":true,"href":"https:\/\/www.pressenza.com\/es\/wp-json\/wp\/v2\/media\/1413992"}],"wp:attachment":[{"href":"https:\/\/www.pressenza.com\/es\/wp-json\/wp\/v2\/media?parent=1413995"}],"wp:term":[{"taxonomy":"category","embeddable":true,"href":"https:\/\/www.pressenza.com\/es\/wp-json\/wp\/v2\/categories?post=1413995"},{"taxonomy":"post_tag","embeddable":true,"href":"https:\/\/www.pressenza.com\/es\/wp-json\/wp\/v2\/tags?post=1413995"}],"curies":[{"name":"wp","href":"https:\/\/api.w.org\/{rel}","templated":true}]}}