{"id":1413949,"date":"2021-08-15T15:38:15","date_gmt":"2021-08-15T14:38:15","guid":{"rendered":"https:\/\/www.pressenza.com\/?p=1413949"},"modified":"2021-08-15T15:38:15","modified_gmt":"2021-08-15T14:38:15","slug":"el-pecado-original-y-el-almirante-arancibia","status":"publish","type":"post","link":"https:\/\/www.pressenza.com\/es\/2021\/08\/el-pecado-original-y-el-almirante-arancibia\/","title":{"rendered":"El pecado original y el almirante Arancibia"},"content":{"rendered":"<p>Aunque nos repugne el hecho de que un ex almirante y edec\u00e1n de Pinochet participe en la Comisi\u00f3n de Derechos Humanos de la Convenci\u00f3n Constituyente, lo cierto es que no se le puede negar a Jorge Arancibia su asistencia a las instancias que estime dentro del \u00e1mbito para el cual fue elegido y sin que hasta aqu\u00ed haya juicio o acusaci\u00f3n fundada que lo inhabilite para el ejercicio de sus tareas dentro del esfuerzo por redactar una nueva Carta Magna.<\/p>\n<p>Por supuesto que la mera relaci\u00f3n con el r\u00e9gimen y el dictador que violaron sistem\u00e1ticamente los derechos humanos debiera bastar para impedir que sujetos como \u00e9l asuman tareas de Estado y se encuentren sin m\u00e1cula legal alguna para desenvolverse en la vida civil, como en un alto cargo de elecci\u00f3n ciudadana. Nuestra llamada Transici\u00f3n a la Democracia le permiti\u00f3 al mismo Tirano continuar oficiando como Comandante en Jefe del Ej\u00e9rcito y asumir como senador de la Rep\u00fablica. M\u00e1s aun, sabemos que cuando fue encarcelado en Europa a fin de ser sometido a un juicio ante la Corte Internacional de Justicia, el propio gobierno de la \u00e9poca, su canciller\u00eda y un conjunto de pol\u00edticos de derecha y de centro izquierda, oficialistas como opositores, se desga\u00f1itaron por traerlo a Chile para juzgarlo en nuestro pa\u00eds por delitos de lesa humanidad que, desde luego, ten\u00edan jurisprudencia en el Tribunal de La Haya.<\/p>\n<p>Debemos asumir, tambi\u00e9n, que apenas un pu\u00f1ado de asesinos, torturadores y otros pudieron ser finalmente juzgados en Chile, despu\u00e9s de un largo per\u00edodo en que se impuso \u201chacer justicia en la medida de lo posible\u201d, un grosero eufemismo que pretendi\u00f3 dejar en la impunidad, no solo a los militares, sino a un largo listado de empresarios e instigadores civiles que colaboraron con los terribles cr\u00edmenes cometidos, apropi\u00e1ndose tambi\u00e9n de empresas de la Corfo y del Estado, muchas de las que han cimentado su actual riqueza y poder. Estos recursos, adem\u00e1s, les han servido para pervertir a la pol\u00edtica y a los partidos, al tiempo de corromper los procesos electorales y la libre determinaci\u00f3n de los gobiernos, jueces y parlamentarios.<\/p>\n<p>Muy pocos en el mundo entendieron que los golpistas de 1973 y las expresiones pol\u00edticas que los siguieron en La Moneda fueran capaces de consumar un pacto de gobernabilidad que diera origen a casi tres d\u00e9cadas de lo que se llam\u00f3 la \u201cdemocracia de los acuerdos\u201d que en lo sustantivo consolid\u00f3 la Constituci\u00f3n de 1980, el modelo econ\u00f3mico neoliberal y el tutelaje de las FFAA. Lo cierto es que solo con la Explosi\u00f3n Social del 2019 en nuestra trayectoria c\u00edvica se puede poner un antes y un despu\u00e9s; una situaci\u00f3n pre revolucionaria que fuera interrumpida por la grave pandemia del Covid 19, pero que finalmente impusiera una salida pol\u00edtica cuyo hito m\u00e1s memorable es la Convenci\u00f3n Constituyente que de todas maneras debe funcionar con las cortapisas impuesta por el Poder Legislativo y esa espuria negociaci\u00f3n de qu\u00f3rums y otros procedimientos.<\/p>\n<p>Pero a pesar de tantas zancadillas, la elecci\u00f3n correspondiente permiti\u00f3 la elecci\u00f3n de casi un ochenta por ciento de miembros democr\u00e1ticos y una minor\u00eda de derecha como la que representa el mismo almirante Arancibia y otros constituyentes de id\u00e9ntica filiaci\u00f3n pol\u00edtica, quienes rindieron tributo por a\u00f1os a las reglas del juego pol\u00edtico e institucional heredado de la dictadura c\u00edvico militar. Personas que hoy, frente a los medios de comunicaci\u00f3n, parecen forzadas a reconocer los horrores cometidos por el R\u00e9gimen c\u00edvico militar, pero que no hay duda buscan dentro de la Convenci\u00f3n Constituyente, perpetuar gran parte del legado institucional y econ\u00f3mico del pinochetismo.<\/p>\n<p>Pero es tan profunda la madurez \u00e9tica y pol\u00edtica de la mayor\u00eda ciudadana actual que de todas maneras se har\u00e1 imposible retroceder o abortar la voluntad que hoy existe en el pa\u00eds de fundar una nueva realidad en que se consoliden la democracia participativa, los derechos de los trabajadores y de todas las minor\u00edas \u00e9tnicas, as\u00ed como la paridad de g\u00e9nero y el cogobierno paritario. Al mismo tiempo que recuperar los derechos soberanos de Chile frente los recursos estrat\u00e9gicos de la miner\u00eda, la industria forestal, los recursos h\u00eddricos y otros en manos de inversionistas extranjeros protegido por un conjunto de tratados comerciales que ofenden nuestra independencia y libre determinaci\u00f3n.<\/p>\n<p>Con el paso de los a\u00f1os es evidente que muchos de los que llevaron a Chile a tan grave crisis pol\u00edtica y moral, salvar\u00e1n ilesos de una justa condena. Lo m\u00e1s grave, es la falta de reparaci\u00f3n que existe respecto de las decenas de miles de chilenos que fueron agredidos por la dictadura y su subsecuente posdictadura, tarea que todav\u00eda pudiera ser asumida y sancionada en favor de tantos familiares y herederos pendientes de justicia.\u00a0 Por algo en Europa despu\u00e9s de casi ocho d\u00e9cadas se contin\u00faa persiguiendo la verdad y sembrando conciencia en las nuevas generaciones. Lo que tambi\u00e9n supone justicia y reparaci\u00f3n.<\/p>\n<p>De todas maneras, es mucho lo que se puede hacer todav\u00eda para que el pa\u00eds recupere los bienes que le fueron expoliados, lo que supone la propiedad del agua, de los yacimientos y las tierras ancestrales que les fueron arrebatados a los pueblos reconquistados y sometidos por el Estado de Chile. Tanto como un conjunto de empresas y administradoras de servicios que en la previsi\u00f3n y salud contin\u00faan humillando a sus usuarios, especulando con sus ahorros e imponi\u00e9ndoles costos abusivos a sus tratamientos m\u00e9dicos y farmac\u00e9uticos.<\/p>\n<p>De all\u00ed que resulte absurda la pretensi\u00f3n de los Arancibia y de los distintos voceros y medios derechistas de impedir que la Convenci\u00f3n Constitucional trate asuntos de la contingencia cotidiana de los chilenos, como si fuera posible fijar normas efectivas y duraderas sin constatar la realidad en que viven los millones de habitantes del pa\u00eds que se busca servir y que, a juicio de los que advierten muchos expertos, dejar\u00e1 a Chile m\u00e1s pobre y desigual como herencia de un gobierno que debi\u00f3 ser derrocado de no ser por la crisis sanitaria y la represi\u00f3n fratricida ejercida por Pi\u00f1era y sus aliados. De quien se espera que sea el \u00faltimo de los dilectos de Pinochet en La Moneda, si es que los ciudadanos son capaces de resistir la seducci\u00f3n de los nuevos \u201ccantos de sirena\u201d de la pol\u00edtica y el poder empresarial que la sustenta.<\/p>\n","protected":false},"excerpt":{"rendered":"<p>Aunque nos repugne el hecho de que un ex almirante y edec\u00e1n de Pinochet participe en la Comisi\u00f3n de Derechos Humanos de la Convenci\u00f3n Constituyente, lo cierto es que no se le puede negar a Jorge Arancibia su asistencia a&hellip;<\/p>\n","protected":false},"author":1739,"featured_media":1413950,"comment_status":"closed","ping_status":"closed","sticky":false,"template":"","format":"standard","meta":{"footnotes":""},"categories":[11389,161,74,67],"tags":[93917,29],"class_list":["post-1413949","post","type-post","status-publish","format-standard","has-post-thumbnail","hentry","category-contenido-original","category-opiniones","category-politica-es","category-sudamerica","tag-almirante-arancibia","tag-chile"],"yoast_head":"<!-- This site is optimized with the Yoast SEO plugin v27.1.1 - https:\/\/yoast.com\/product\/yoast-seo-wordpress\/ -->\n<title>El pecado original y el almirante Arancibia<\/title>\n<meta name=\"description\" content=\"Aunque nos repugne el hecho de que un ex almirante y edec\u00e1n de Pinochet participe en la Comisi\u00f3n de Derechos Humanos de la Convenci\u00f3n Constituyente, lo\" \/>\n<meta name=\"robots\" content=\"index, follow, max-snippet:-1, max-image-preview:large, max-video-preview:-1\" \/>\n<link rel=\"canonical\" href=\"https:\/\/www.pressenza.com\/es\/2021\/08\/el-pecado-original-y-el-almirante-arancibia\/\" \/>\n<meta property=\"og:locale\" content=\"es_ES\" \/>\n<meta property=\"og:type\" content=\"article\" \/>\n<meta property=\"og:title\" content=\"El pecado original y el almirante Arancibia\" \/>\n<meta property=\"og:description\" content=\"Aunque nos repugne el hecho de que un ex almirante y edec\u00e1n de Pinochet participe en la Comisi\u00f3n de Derechos Humanos de la Convenci\u00f3n Constituyente, lo\" \/>\n<meta property=\"og:url\" content=\"https:\/\/www.pressenza.com\/es\/2021\/08\/el-pecado-original-y-el-almirante-arancibia\/\" \/>\n<meta property=\"og:site_name\" content=\"Pressenza\" \/>\n<meta property=\"article:publisher\" content=\"https:\/\/www.facebook.com\/PressenzaItalia\" \/>\n<meta property=\"article:published_time\" content=\"2021-08-15T14:38:15+00:00\" \/>\n<meta property=\"og:image\" content=\"https:\/\/www.pressenza.com\/wp-content\/uploads\/2021\/08\/Arancibia-2-768x327-1.png\" \/>\n\t<meta property=\"og:image:width\" content=\"768\" \/>\n\t<meta property=\"og:image:height\" content=\"327\" \/>\n\t<meta property=\"og:image:type\" content=\"image\/png\" \/>\n<meta name=\"author\" content=\"Juan Pablo C\u00e1rdenas\" \/>\n<meta name=\"twitter:card\" content=\"summary_large_image\" \/>\n<meta name=\"twitter:creator\" content=\"@PressenzaIPA\" \/>\n<meta name=\"twitter:site\" content=\"@PressenzaIPA\" \/>\n<meta name=\"twitter:label1\" content=\"Escrito por\" \/>\n\t<meta name=\"twitter:data1\" content=\"Juan Pablo C\u00e1rdenas\" \/>\n\t<meta name=\"twitter:label2\" content=\"Tiempo de lectura\" \/>\n\t<meta name=\"twitter:data2\" content=\"6 minutos\" \/>\n<script type=\"application\/ld+json\" class=\"yoast-schema-graph\">{\"@context\":\"https:\/\/schema.org\",\"@graph\":[{\"@type\":\"Article\",\"@id\":\"https:\/\/www.pressenza.com\/es\/2021\/08\/el-pecado-original-y-el-almirante-arancibia\/#article\",\"isPartOf\":{\"@id\":\"https:\/\/www.pressenza.com\/es\/2021\/08\/el-pecado-original-y-el-almirante-arancibia\/\"},\"author\":{\"name\":\"Juan Pablo C\u00e1rdenas\",\"@id\":\"https:\/\/www.pressenza.com\/es\/#\/schema\/person\/d72a7c8c014dcbfa2ef9e9976103ea0d\"},\"headline\":\"El pecado original y el almirante Arancibia\",\"datePublished\":\"2021-08-15T14:38:15+00:00\",\"mainEntityOfPage\":{\"@id\":\"https:\/\/www.pressenza.com\/es\/2021\/08\/el-pecado-original-y-el-almirante-arancibia\/\"},\"wordCount\":1127,\"publisher\":{\"@id\":\"https:\/\/www.pressenza.com\/es\/#organization\"},\"image\":{\"@id\":\"https:\/\/www.pressenza.com\/es\/2021\/08\/el-pecado-original-y-el-almirante-arancibia\/#primaryimage\"},\"thumbnailUrl\":\"https:\/\/www.pressenza.com\/wp-content\/uploads\/2021\/08\/Arancibia-2-768x327-1.png\",\"keywords\":[\"Almirante Arancibia\",\"Chile\"],\"articleSection\":[\"Contenido Original\",\"Opiniones\",\"Pol\u00edtica\",\"Sudam\u00e9rica\"],\"inLanguage\":\"es\"},{\"@type\":\"WebPage\",\"@id\":\"https:\/\/www.pressenza.com\/es\/2021\/08\/el-pecado-original-y-el-almirante-arancibia\/\",\"url\":\"https:\/\/www.pressenza.com\/es\/2021\/08\/el-pecado-original-y-el-almirante-arancibia\/\",\"name\":\"El pecado original y el almirante Arancibia\",\"isPartOf\":{\"@id\":\"https:\/\/www.pressenza.com\/es\/#website\"},\"primaryImageOfPage\":{\"@id\":\"https:\/\/www.pressenza.com\/es\/2021\/08\/el-pecado-original-y-el-almirante-arancibia\/#primaryimage\"},\"image\":{\"@id\":\"https:\/\/www.pressenza.com\/es\/2021\/08\/el-pecado-original-y-el-almirante-arancibia\/#primaryimage\"},\"thumbnailUrl\":\"https:\/\/www.pressenza.com\/wp-content\/uploads\/2021\/08\/Arancibia-2-768x327-1.png\",\"datePublished\":\"2021-08-15T14:38:15+00:00\",\"description\":\"Aunque nos repugne el hecho de que un ex almirante y edec\u00e1n de Pinochet participe en la Comisi\u00f3n de Derechos Humanos de la Convenci\u00f3n Constituyente, lo\",\"breadcrumb\":{\"@id\":\"https:\/\/www.pressenza.com\/es\/2021\/08\/el-pecado-original-y-el-almirante-arancibia\/#breadcrumb\"},\"inLanguage\":\"es\",\"potentialAction\":[{\"@type\":\"ReadAction\",\"target\":[\"https:\/\/www.pressenza.com\/es\/2021\/08\/el-pecado-original-y-el-almirante-arancibia\/\"]}]},{\"@type\":\"ImageObject\",\"inLanguage\":\"es\",\"@id\":\"https:\/\/www.pressenza.com\/es\/2021\/08\/el-pecado-original-y-el-almirante-arancibia\/#primaryimage\",\"url\":\"https:\/\/www.pressenza.com\/wp-content\/uploads\/2021\/08\/Arancibia-2-768x327-1.png\",\"contentUrl\":\"https:\/\/www.pressenza.com\/wp-content\/uploads\/2021\/08\/Arancibia-2-768x327-1.png\",\"width\":768,\"height\":327,\"caption\":\"juanpablocardenas.cl\"},{\"@type\":\"BreadcrumbList\",\"@id\":\"https:\/\/www.pressenza.com\/es\/2021\/08\/el-pecado-original-y-el-almirante-arancibia\/#breadcrumb\",\"itemListElement\":[{\"@type\":\"ListItem\",\"position\":1,\"name\":\"Accueil\",\"item\":\"https:\/\/www.pressenza.com\/es\/\"},{\"@type\":\"ListItem\",\"position\":2,\"name\":\"El pecado original y el almirante Arancibia\"}]},{\"@type\":\"WebSite\",\"@id\":\"https:\/\/www.pressenza.com\/es\/#website\",\"url\":\"https:\/\/www.pressenza.com\/es\/\",\"name\":\"Pressenza\",\"description\":\"International Press Agency\",\"publisher\":{\"@id\":\"https:\/\/www.pressenza.com\/es\/#organization\"},\"potentialAction\":[{\"@type\":\"SearchAction\",\"target\":{\"@type\":\"EntryPoint\",\"urlTemplate\":\"https:\/\/www.pressenza.com\/es\/?s={search_term_string}\"},\"query-input\":{\"@type\":\"PropertyValueSpecification\",\"valueRequired\":true,\"valueName\":\"search_term_string\"}}],\"inLanguage\":\"es\"},{\"@type\":\"Organization\",\"@id\":\"https:\/\/www.pressenza.com\/es\/#organization\",\"name\":\"Pressenza\",\"url\":\"https:\/\/www.pressenza.com\/es\/\",\"logo\":{\"@type\":\"ImageObject\",\"inLanguage\":\"es\",\"@id\":\"https:\/\/www.pressenza.com\/es\/#\/schema\/logo\/image\/\",\"url\":\"https:\/\/www.pressenza.com\/wp-content\/uploads\/2022\/10\/pressenza_logo_200x200.jpg\",\"contentUrl\":\"https:\/\/www.pressenza.com\/wp-content\/uploads\/2022\/10\/pressenza_logo_200x200.jpg\",\"width\":200,\"height\":200,\"caption\":\"Pressenza\"},\"image\":{\"@id\":\"https:\/\/www.pressenza.com\/es\/#\/schema\/logo\/image\/\"},\"sameAs\":[\"https:\/\/www.facebook.com\/PressenzaItalia\",\"https:\/\/x.com\/PressenzaIPA\"]},{\"@type\":\"Person\",\"@id\":\"https:\/\/www.pressenza.com\/es\/#\/schema\/person\/d72a7c8c014dcbfa2ef9e9976103ea0d\",\"name\":\"Juan Pablo C\u00e1rdenas\",\"description\":\"Juan Pablo C\u00e1rdenas Squella es un periodista y profesor universitario de vasta trayectoria. En el 2005 recibi\u00f3 en premio nacional de Periodismo y, antes, la Pluma de Oro de la Libertad, otorgada por la Federaci\u00f3n Mundial de la Prensa. Tambi\u00e9n obtuvo el Premio Latinoamericano de Periodismo, la Houten Camara de Holanda (1989) entre otras m\u00faltiples distinciones nacionales y extranjeras. Forma parte de los sesenta periodistas del mundo considerados H\u00e9roes de la Libertad de Expresi\u00f3n, reconocimiento hecho por la Federaci\u00f3n Internacional de Periodistas. Ha sido director y columnista de las revistas Debate Universitario, An\u00e1lisis y Los Tiempos, as\u00ed como del diario electr\u00f3nico primeral\u00ednea.cl. Tambi\u00e9n fue por m\u00e1s 18 a\u00f1os director de la Radio Universidad de Chile y de su diario digital. Se ha desempe\u00f1ado como profesor de varias escuelas de periodismo de Santiago y Valpara\u00edso y en la Universidad de Chile alcanz\u00f3 el grado de profesor titular y senador universitario.\",\"url\":\"https:\/\/www.pressenza.com\/es\/author\/juan-pablo-cardenas\/\"}]}<\/script>\n<!-- \/ Yoast SEO plugin. -->","yoast_head_json":{"title":"El pecado original y el almirante Arancibia","description":"Aunque nos repugne el hecho de que un ex almirante y edec\u00e1n de Pinochet participe en la Comisi\u00f3n de Derechos Humanos de la Convenci\u00f3n Constituyente, lo","robots":{"index":"index","follow":"follow","max-snippet":"max-snippet:-1","max-image-preview":"max-image-preview:large","max-video-preview":"max-video-preview:-1"},"canonical":"https:\/\/www.pressenza.com\/es\/2021\/08\/el-pecado-original-y-el-almirante-arancibia\/","og_locale":"es_ES","og_type":"article","og_title":"El pecado original y el almirante Arancibia","og_description":"Aunque nos repugne el hecho de que un ex almirante y edec\u00e1n de Pinochet participe en la Comisi\u00f3n de Derechos Humanos de la Convenci\u00f3n Constituyente, lo","og_url":"https:\/\/www.pressenza.com\/es\/2021\/08\/el-pecado-original-y-el-almirante-arancibia\/","og_site_name":"Pressenza","article_publisher":"https:\/\/www.facebook.com\/PressenzaItalia","article_published_time":"2021-08-15T14:38:15+00:00","og_image":[{"width":768,"height":327,"url":"https:\/\/www.pressenza.com\/wp-content\/uploads\/2021\/08\/Arancibia-2-768x327-1.png","type":"image\/png"}],"author":"Juan Pablo C\u00e1rdenas","twitter_card":"summary_large_image","twitter_creator":"@PressenzaIPA","twitter_site":"@PressenzaIPA","twitter_misc":{"Escrito por":"Juan Pablo C\u00e1rdenas","Tiempo de lectura":"6 minutos"},"schema":{"@context":"https:\/\/schema.org","@graph":[{"@type":"Article","@id":"https:\/\/www.pressenza.com\/es\/2021\/08\/el-pecado-original-y-el-almirante-arancibia\/#article","isPartOf":{"@id":"https:\/\/www.pressenza.com\/es\/2021\/08\/el-pecado-original-y-el-almirante-arancibia\/"},"author":{"name":"Juan Pablo C\u00e1rdenas","@id":"https:\/\/www.pressenza.com\/es\/#\/schema\/person\/d72a7c8c014dcbfa2ef9e9976103ea0d"},"headline":"El pecado original y el almirante Arancibia","datePublished":"2021-08-15T14:38:15+00:00","mainEntityOfPage":{"@id":"https:\/\/www.pressenza.com\/es\/2021\/08\/el-pecado-original-y-el-almirante-arancibia\/"},"wordCount":1127,"publisher":{"@id":"https:\/\/www.pressenza.com\/es\/#organization"},"image":{"@id":"https:\/\/www.pressenza.com\/es\/2021\/08\/el-pecado-original-y-el-almirante-arancibia\/#primaryimage"},"thumbnailUrl":"https:\/\/www.pressenza.com\/wp-content\/uploads\/2021\/08\/Arancibia-2-768x327-1.png","keywords":["Almirante Arancibia","Chile"],"articleSection":["Contenido Original","Opiniones","Pol\u00edtica","Sudam\u00e9rica"],"inLanguage":"es"},{"@type":"WebPage","@id":"https:\/\/www.pressenza.com\/es\/2021\/08\/el-pecado-original-y-el-almirante-arancibia\/","url":"https:\/\/www.pressenza.com\/es\/2021\/08\/el-pecado-original-y-el-almirante-arancibia\/","name":"El pecado original y el almirante Arancibia","isPartOf":{"@id":"https:\/\/www.pressenza.com\/es\/#website"},"primaryImageOfPage":{"@id":"https:\/\/www.pressenza.com\/es\/2021\/08\/el-pecado-original-y-el-almirante-arancibia\/#primaryimage"},"image":{"@id":"https:\/\/www.pressenza.com\/es\/2021\/08\/el-pecado-original-y-el-almirante-arancibia\/#primaryimage"},"thumbnailUrl":"https:\/\/www.pressenza.com\/wp-content\/uploads\/2021\/08\/Arancibia-2-768x327-1.png","datePublished":"2021-08-15T14:38:15+00:00","description":"Aunque nos repugne el hecho de que un ex almirante y edec\u00e1n de Pinochet participe en la Comisi\u00f3n de Derechos Humanos de la Convenci\u00f3n Constituyente, lo","breadcrumb":{"@id":"https:\/\/www.pressenza.com\/es\/2021\/08\/el-pecado-original-y-el-almirante-arancibia\/#breadcrumb"},"inLanguage":"es","potentialAction":[{"@type":"ReadAction","target":["https:\/\/www.pressenza.com\/es\/2021\/08\/el-pecado-original-y-el-almirante-arancibia\/"]}]},{"@type":"ImageObject","inLanguage":"es","@id":"https:\/\/www.pressenza.com\/es\/2021\/08\/el-pecado-original-y-el-almirante-arancibia\/#primaryimage","url":"https:\/\/www.pressenza.com\/wp-content\/uploads\/2021\/08\/Arancibia-2-768x327-1.png","contentUrl":"https:\/\/www.pressenza.com\/wp-content\/uploads\/2021\/08\/Arancibia-2-768x327-1.png","width":768,"height":327,"caption":"juanpablocardenas.cl"},{"@type":"BreadcrumbList","@id":"https:\/\/www.pressenza.com\/es\/2021\/08\/el-pecado-original-y-el-almirante-arancibia\/#breadcrumb","itemListElement":[{"@type":"ListItem","position":1,"name":"Accueil","item":"https:\/\/www.pressenza.com\/es\/"},{"@type":"ListItem","position":2,"name":"El pecado original y el almirante Arancibia"}]},{"@type":"WebSite","@id":"https:\/\/www.pressenza.com\/es\/#website","url":"https:\/\/www.pressenza.com\/es\/","name":"Pressenza","description":"International Press Agency","publisher":{"@id":"https:\/\/www.pressenza.com\/es\/#organization"},"potentialAction":[{"@type":"SearchAction","target":{"@type":"EntryPoint","urlTemplate":"https:\/\/www.pressenza.com\/es\/?s={search_term_string}"},"query-input":{"@type":"PropertyValueSpecification","valueRequired":true,"valueName":"search_term_string"}}],"inLanguage":"es"},{"@type":"Organization","@id":"https:\/\/www.pressenza.com\/es\/#organization","name":"Pressenza","url":"https:\/\/www.pressenza.com\/es\/","logo":{"@type":"ImageObject","inLanguage":"es","@id":"https:\/\/www.pressenza.com\/es\/#\/schema\/logo\/image\/","url":"https:\/\/www.pressenza.com\/wp-content\/uploads\/2022\/10\/pressenza_logo_200x200.jpg","contentUrl":"https:\/\/www.pressenza.com\/wp-content\/uploads\/2022\/10\/pressenza_logo_200x200.jpg","width":200,"height":200,"caption":"Pressenza"},"image":{"@id":"https:\/\/www.pressenza.com\/es\/#\/schema\/logo\/image\/"},"sameAs":["https:\/\/www.facebook.com\/PressenzaItalia","https:\/\/x.com\/PressenzaIPA"]},{"@type":"Person","@id":"https:\/\/www.pressenza.com\/es\/#\/schema\/person\/d72a7c8c014dcbfa2ef9e9976103ea0d","name":"Juan Pablo C\u00e1rdenas","description":"Juan Pablo C\u00e1rdenas Squella es un periodista y profesor universitario de vasta trayectoria. En el 2005 recibi\u00f3 en premio nacional de Periodismo y, antes, la Pluma de Oro de la Libertad, otorgada por la Federaci\u00f3n Mundial de la Prensa. Tambi\u00e9n obtuvo el Premio Latinoamericano de Periodismo, la Houten Camara de Holanda (1989) entre otras m\u00faltiples distinciones nacionales y extranjeras. Forma parte de los sesenta periodistas del mundo considerados H\u00e9roes de la Libertad de Expresi\u00f3n, reconocimiento hecho por la Federaci\u00f3n Internacional de Periodistas. Ha sido director y columnista de las revistas Debate Universitario, An\u00e1lisis y Los Tiempos, as\u00ed como del diario electr\u00f3nico primeral\u00ednea.cl. Tambi\u00e9n fue por m\u00e1s 18 a\u00f1os director de la Radio Universidad de Chile y de su diario digital. Se ha desempe\u00f1ado como profesor de varias escuelas de periodismo de Santiago y Valpara\u00edso y en la Universidad de Chile alcanz\u00f3 el grado de profesor titular y senador universitario.","url":"https:\/\/www.pressenza.com\/es\/author\/juan-pablo-cardenas\/"}]}},"place":"Santiago de Chile","original_article_url":"","_links":{"self":[{"href":"https:\/\/www.pressenza.com\/es\/wp-json\/wp\/v2\/posts\/1413949","targetHints":{"allow":["GET"]}}],"collection":[{"href":"https:\/\/www.pressenza.com\/es\/wp-json\/wp\/v2\/posts"}],"about":[{"href":"https:\/\/www.pressenza.com\/es\/wp-json\/wp\/v2\/types\/post"}],"author":[{"embeddable":true,"href":"https:\/\/www.pressenza.com\/es\/wp-json\/wp\/v2\/users\/1739"}],"replies":[{"embeddable":true,"href":"https:\/\/www.pressenza.com\/es\/wp-json\/wp\/v2\/comments?post=1413949"}],"version-history":[{"count":0,"href":"https:\/\/www.pressenza.com\/es\/wp-json\/wp\/v2\/posts\/1413949\/revisions"}],"wp:featuredmedia":[{"embeddable":true,"href":"https:\/\/www.pressenza.com\/es\/wp-json\/wp\/v2\/media\/1413950"}],"wp:attachment":[{"href":"https:\/\/www.pressenza.com\/es\/wp-json\/wp\/v2\/media?parent=1413949"}],"wp:term":[{"taxonomy":"category","embeddable":true,"href":"https:\/\/www.pressenza.com\/es\/wp-json\/wp\/v2\/categories?post=1413949"},{"taxonomy":"post_tag","embeddable":true,"href":"https:\/\/www.pressenza.com\/es\/wp-json\/wp\/v2\/tags?post=1413949"}],"curies":[{"name":"wp","href":"https:\/\/api.w.org\/{rel}","templated":true}]}}