{"id":1413,"date":"2009-09-22T00:00:00","date_gmt":"2009-09-22T00:00:00","guid":{"rendered":""},"modified":"2009-09-28T05:01:04","modified_gmt":"2009-09-28T05:01:04","slug":"celebracixn-del-dxa-internacional-de-la-paz-en-la-repxblica-democrxtica-del-congo","status":"publish","type":"post","link":"https:\/\/www.pressenza.com\/es\/2009\/09\/celebracixn-del-dxa-internacional-de-la-paz-en-la-repxblica-democrxtica-del-congo\/","title":{"rendered":"Celebraci\u00f3n del D\u00eda Internacional de la Paz en la Rep\u00fablica Democr\u00e1tica del Congo"},"content":{"rendered":"<p>Estamos viviendo una cultura de la muerte, una cultura de la violencia en la cual se estima m\u00e1s y se considera m\u00e1s grande a aquel que mata m\u00e1s personas, que destruye en lugar de construir.<\/p>\n<p>\u00bfNo es ya insostenible la situaci\u00f3n de Palestina, donde hasta el siglo XXI los palestinos se encuentran bajo la ocupaci\u00f3n, o, mejor dicho, bajo la \u201ccolonizaci\u00f3n\u201d israel\u00ed-estadounidense?<\/p>\n<p>El hecho de que la Asamblea General de las Naciones Unidas haya proclamado los a\u00f1os de 2001 a 2010 como una d\u00e9cada en favor de la cultura de la paz y la no violencia para los ni\u00f1os del mundo ha demostrado una vez m\u00e1s la necesidad de construir un mundo sin violencia y donde reine la paz. En todas partes se prepara a la gente para guerrear y se entrena a miles de brigadas para participar en conflictos b\u00e9licos. Ya es tiempo de que la humanidad piense en preparar constructores de paz. As\u00ed como se habla de \u201cel arte de hacer la guerra\u201d, ya es HORA de fundar academias en las que se pueda aprender \u201cel arte de hacer la paz\u201d.<\/p>\n<p>La intolerancia, la exclusi\u00f3n,&#8230; \u00bfno son las causas primarias de los conflictos que han culminado en graves y masivas violaciones de los derechos humanos, hasta el grado de que se ha llegado a cometer actos de \u201cgenocidio\u201d en Rwanda, en Burundi, en Darfur, y de canibalismo en el Este de la Rep\u00fablica Democr\u00e1tica del Congo? Los discursos bien estructurados, las palabras bienintencionadas no cambian nada y parecen estar escritos en el agua. Ya es tiempo de ACTUAR.<\/p>\n<p>Este d\u00eda 21 de septiembre cada quien deber\u00eda hacer un examen de conciencia y preguntarse: \u201c\u00bfEn qu\u00e9 he contribuido yo a construir un mundo en el que imperen la justicia y la paz?\u201d Y, en caso de que la respuesta sea negativa: \u201c\u00bfQu\u00e9 resoluci\u00f3n debemos tomar como un verdadero compromiso para cambiar este mundo de guerras y de conflictos armados&#8230; en un mundo de paz y de amor?\u201d <\/p>\n<p>La situaci\u00f3n sigue siendo alarmante. En todo el mundo se observan, aqu\u00ed y all\u00e1, comportamientos sumamente negativos; lleg\u00f3 la hora de ACTUAR. No podemos seguir construyendo nuestro mundo con base en discursos huecos, en intereses ego\u00edstas y en mentiras. Por todo esto, formulamos las siguientes recomendaciones:<\/p>\n<p>1.\tQue la educaci\u00f3n para la paz y la no violencia sea una prioridad importante para cada uno de los pa\u00edses del mundo. De este modo, en todos los Estados del mundo deber\u00eda ense\u00f1arse, desde la etapa preescolar hasta la universitaria, la no violencia activa a fin de alcanzar una paz duradera. Esta estrategia permitir\u00eda formar ciudadanos convencidos de desear la paz, as\u00ed como futuros dirigentes capaces de erigir un mundo m\u00e1s justo y sin exclusi\u00f3n.<br \/>\n2.\tQue los delegados de todos los pa\u00edses se coordinen para construir un mundo de paz y que hagan cumplir las leyes en favor de la educaci\u00f3n para la no violencia y la paz.<br \/>\n3.\tQue todos los j\u00f3venes del mundo se vean como hermanos y hermanas, y que se nieguen a ser usados en los diferentes conflictos que desgarran a la humanidad para de ese modo convertirse en v\u00edctimas, y que m\u00e1s bien se propongan ser constructores de paz. Que sus vidas sean una lucha en pro de los valores humanos.<br \/>\n4.\tQue, puesto que el racismo, la xenofobia, la intolerancia, la exclusi\u00f3n, etc., son la causa principal de gran parte de los conflictos que hay en el mundo en general, y en la Rep\u00fablica Democr\u00e1tica del Congo en particular, se formulen e implanten nuevas estrategias encaminadas a la consecuci\u00f3n de la paz  y el desarrollo sustentable.<\/p>\n<p>Para el Grupo Martin Luther King (asociaci\u00f3n sin fines de lucro)<br \/>\nChristophe NYAMBATSI MUTAKA. E-mail: <groupemartinlutherking68@yahoo.fr><\/p>\n<p>Traducci\u00f3n: Patricia Straulino Peacock<\/p>\n","protected":false},"excerpt":{"rendered":"<p>Este d\u00eda 21 de septiembre de 2009, el mundo entero celebra el D\u00eda internacional de la paz en un mundo azotado por problemas de toda clase. Este d\u00eda debe ser una oportunidad para reflexionar todos juntos sobre los horrores, las injusticias, los costos de la guerra&#8230; y sobre las ventajas de solucionar los diferendos de manera pac\u00edfica<\/p>\n","protected":false},"author":19,"featured_media":0,"comment_status":"closed","ping_status":"open","sticky":false,"template":"","format":"standard","meta":{"footnotes":""},"categories":[64,149,74],"tags":[],"class_list":["post-1413","post","type-post","status-publish","format-standard","hentry","category-africa-es","category-comunicados-de-prensa","category-politica-es"],"yoast_head":"<!-- This site is optimized with the Yoast SEO plugin v27.1.1 - https:\/\/yoast.com\/product\/yoast-seo-wordpress\/ -->\n<title>Celebraci\u00f3n del D\u00eda Internacional de la Paz en la Rep\u00fablica Democr\u00e1tica del Congo<\/title>\n<meta name=\"description\" content=\"Este d\u00eda 21 de septiembre de 2009, el mundo entero celebra el D\u00eda internacional de la paz en un mundo azotado por problemas de toda clase. Este d\u00eda debe ser una oportunidad para reflexionar todos juntos sobre los horrores, las injusticias, los costos de la guerra... y sobre las ventajas de solucionar los diferendos de manera pac\u00edfica\" \/>\n<meta name=\"robots\" content=\"index, follow, max-snippet:-1, max-image-preview:large, max-video-preview:-1\" \/>\n<link rel=\"canonical\" href=\"https:\/\/www.pressenza.com\/es\/2009\/09\/celebracixn-del-dxa-internacional-de-la-paz-en-la-repxblica-democrxtica-del-congo\/\" \/>\n<meta property=\"og:locale\" content=\"es_ES\" \/>\n<meta property=\"og:type\" content=\"article\" \/>\n<meta property=\"og:title\" content=\"Celebraci\u00f3n del D\u00eda Internacional de la Paz en la Rep\u00fablica Democr\u00e1tica del Congo\" \/>\n<meta property=\"og:description\" content=\"Este d\u00eda 21 de septiembre de 2009, el mundo entero celebra el D\u00eda internacional de la paz en un mundo azotado por problemas de toda clase. Este d\u00eda debe ser una oportunidad para reflexionar todos juntos sobre los horrores, las injusticias, los costos de la guerra... y sobre las ventajas de solucionar los diferendos de manera pac\u00edfica\" \/>\n<meta property=\"og:url\" content=\"https:\/\/www.pressenza.com\/es\/2009\/09\/celebracixn-del-dxa-internacional-de-la-paz-en-la-repxblica-democrxtica-del-congo\/\" \/>\n<meta property=\"og:site_name\" content=\"Pressenza\" \/>\n<meta property=\"article:publisher\" content=\"https:\/\/www.facebook.com\/PressenzaItalia\" \/>\n<meta property=\"article:author\" content=\"https:\/\/www.facebook.com\/pressenza\" \/>\n<meta property=\"article:published_time\" content=\"2009-09-22T00:00:00+00:00\" \/>\n<meta property=\"article:modified_time\" content=\"2009-09-28T05:01:04+00:00\" \/>\n<meta name=\"author\" content=\"Pressenza IPA\" \/>\n<meta name=\"twitter:card\" content=\"summary_large_image\" \/>\n<meta name=\"twitter:creator\" content=\"@PressenzaIPA\" \/>\n<meta name=\"twitter:site\" content=\"@PressenzaIPA\" \/>\n<meta name=\"twitter:label1\" content=\"Escrito por\" \/>\n\t<meta name=\"twitter:data1\" content=\"Pressenza IPA\" \/>\n\t<meta name=\"twitter:label2\" content=\"Tiempo de lectura\" \/>\n\t<meta name=\"twitter:data2\" content=\"3 minutos\" \/>\n<script type=\"application\/ld+json\" class=\"yoast-schema-graph\">{\"@context\":\"https:\/\/schema.org\",\"@graph\":[{\"@type\":\"Article\",\"@id\":\"https:\/\/www.pressenza.com\/es\/2009\/09\/celebracixn-del-dxa-internacional-de-la-paz-en-la-repxblica-democrxtica-del-congo\/#article\",\"isPartOf\":{\"@id\":\"https:\/\/www.pressenza.com\/es\/2009\/09\/celebracixn-del-dxa-internacional-de-la-paz-en-la-repxblica-democrxtica-del-congo\/\"},\"author\":{\"name\":\"Pressenza IPA\",\"@id\":\"https:\/\/www.pressenza.com\/es\/#\/schema\/person\/010e5d02bcf40965427a1289a4cc8d75\"},\"headline\":\"Celebraci\u00f3n del D\u00eda Internacional de la Paz en la Rep\u00fablica Democr\u00e1tica del Congo\",\"datePublished\":\"2009-09-22T00:00:00+00:00\",\"dateModified\":\"2009-09-28T05:01:04+00:00\",\"mainEntityOfPage\":{\"@id\":\"https:\/\/www.pressenza.com\/es\/2009\/09\/celebracixn-del-dxa-internacional-de-la-paz-en-la-repxblica-democrxtica-del-congo\/\"},\"wordCount\":665,\"publisher\":{\"@id\":\"https:\/\/www.pressenza.com\/es\/#organization\"},\"articleSection\":[\"Africa\",\"Comunicados de Prensa\",\"Pol\u00edtica\"],\"inLanguage\":\"es\"},{\"@type\":\"WebPage\",\"@id\":\"https:\/\/www.pressenza.com\/es\/2009\/09\/celebracixn-del-dxa-internacional-de-la-paz-en-la-repxblica-democrxtica-del-congo\/\",\"url\":\"https:\/\/www.pressenza.com\/es\/2009\/09\/celebracixn-del-dxa-internacional-de-la-paz-en-la-repxblica-democrxtica-del-congo\/\",\"name\":\"Celebraci\u00f3n del D\u00eda Internacional de la Paz en la Rep\u00fablica Democr\u00e1tica del Congo\",\"isPartOf\":{\"@id\":\"https:\/\/www.pressenza.com\/es\/#website\"},\"datePublished\":\"2009-09-22T00:00:00+00:00\",\"dateModified\":\"2009-09-28T05:01:04+00:00\",\"description\":\"Este d\u00eda 21 de septiembre de 2009, el mundo entero celebra el D\u00eda internacional de la paz en un mundo azotado por problemas de toda clase. Este d\u00eda debe ser una oportunidad para reflexionar todos juntos sobre los horrores, las injusticias, los costos de la guerra... y sobre las ventajas de solucionar los diferendos de manera pac\u00edfica\",\"breadcrumb\":{\"@id\":\"https:\/\/www.pressenza.com\/es\/2009\/09\/celebracixn-del-dxa-internacional-de-la-paz-en-la-repxblica-democrxtica-del-congo\/#breadcrumb\"},\"inLanguage\":\"es\",\"potentialAction\":[{\"@type\":\"ReadAction\",\"target\":[\"https:\/\/www.pressenza.com\/es\/2009\/09\/celebracixn-del-dxa-internacional-de-la-paz-en-la-repxblica-democrxtica-del-congo\/\"]}]},{\"@type\":\"BreadcrumbList\",\"@id\":\"https:\/\/www.pressenza.com\/es\/2009\/09\/celebracixn-del-dxa-internacional-de-la-paz-en-la-repxblica-democrxtica-del-congo\/#breadcrumb\",\"itemListElement\":[{\"@type\":\"ListItem\",\"position\":1,\"name\":\"Accueil\",\"item\":\"https:\/\/www.pressenza.com\/es\/\"},{\"@type\":\"ListItem\",\"position\":2,\"name\":\"Celebraci\u00f3n del D\u00eda Internacional de la Paz en la Rep\u00fablica Democr\u00e1tica del Congo\"}]},{\"@type\":\"WebSite\",\"@id\":\"https:\/\/www.pressenza.com\/es\/#website\",\"url\":\"https:\/\/www.pressenza.com\/es\/\",\"name\":\"Pressenza\",\"description\":\"International Press Agency\",\"publisher\":{\"@id\":\"https:\/\/www.pressenza.com\/es\/#organization\"},\"potentialAction\":[{\"@type\":\"SearchAction\",\"target\":{\"@type\":\"EntryPoint\",\"urlTemplate\":\"https:\/\/www.pressenza.com\/es\/?s={search_term_string}\"},\"query-input\":{\"@type\":\"PropertyValueSpecification\",\"valueRequired\":true,\"valueName\":\"search_term_string\"}}],\"inLanguage\":\"es\"},{\"@type\":\"Organization\",\"@id\":\"https:\/\/www.pressenza.com\/es\/#organization\",\"name\":\"Pressenza\",\"url\":\"https:\/\/www.pressenza.com\/es\/\",\"logo\":{\"@type\":\"ImageObject\",\"inLanguage\":\"es\",\"@id\":\"https:\/\/www.pressenza.com\/es\/#\/schema\/logo\/image\/\",\"url\":\"https:\/\/www.pressenza.com\/wp-content\/uploads\/2022\/10\/pressenza_logo_200x200.jpg\",\"contentUrl\":\"https:\/\/www.pressenza.com\/wp-content\/uploads\/2022\/10\/pressenza_logo_200x200.jpg\",\"width\":200,\"height\":200,\"caption\":\"Pressenza\"},\"image\":{\"@id\":\"https:\/\/www.pressenza.com\/es\/#\/schema\/logo\/image\/\"},\"sameAs\":[\"https:\/\/www.facebook.com\/PressenzaItalia\",\"https:\/\/x.com\/PressenzaIPA\"]},{\"@type\":\"Person\",\"@id\":\"https:\/\/www.pressenza.com\/es\/#\/schema\/person\/010e5d02bcf40965427a1289a4cc8d75\",\"name\":\"Pressenza IPA\",\"description\":\"News from Pressenza IPA correspondents\",\"sameAs\":[\"https:\/\/www.facebook.com\/pressenza\",\"https:\/\/x.com\/PressenzaIPA\"],\"url\":\"https:\/\/www.pressenza.com\/es\/author\/pressenza-ipa\/\"}]}<\/script>\n<!-- \/ Yoast SEO plugin. -->","yoast_head_json":{"title":"Celebraci\u00f3n del D\u00eda Internacional de la Paz en la Rep\u00fablica Democr\u00e1tica del Congo","description":"Este d\u00eda 21 de septiembre de 2009, el mundo entero celebra el D\u00eda internacional de la paz en un mundo azotado por problemas de toda clase. Este d\u00eda debe ser una oportunidad para reflexionar todos juntos sobre los horrores, las injusticias, los costos de la guerra... y sobre las ventajas de solucionar los diferendos de manera pac\u00edfica","robots":{"index":"index","follow":"follow","max-snippet":"max-snippet:-1","max-image-preview":"max-image-preview:large","max-video-preview":"max-video-preview:-1"},"canonical":"https:\/\/www.pressenza.com\/es\/2009\/09\/celebracixn-del-dxa-internacional-de-la-paz-en-la-repxblica-democrxtica-del-congo\/","og_locale":"es_ES","og_type":"article","og_title":"Celebraci\u00f3n del D\u00eda Internacional de la Paz en la Rep\u00fablica Democr\u00e1tica del Congo","og_description":"Este d\u00eda 21 de septiembre de 2009, el mundo entero celebra el D\u00eda internacional de la paz en un mundo azotado por problemas de toda clase. Este d\u00eda debe ser una oportunidad para reflexionar todos juntos sobre los horrores, las injusticias, los costos de la guerra... y sobre las ventajas de solucionar los diferendos de manera pac\u00edfica","og_url":"https:\/\/www.pressenza.com\/es\/2009\/09\/celebracixn-del-dxa-internacional-de-la-paz-en-la-repxblica-democrxtica-del-congo\/","og_site_name":"Pressenza","article_publisher":"https:\/\/www.facebook.com\/PressenzaItalia","article_author":"https:\/\/www.facebook.com\/pressenza","article_published_time":"2009-09-22T00:00:00+00:00","article_modified_time":"2009-09-28T05:01:04+00:00","author":"Pressenza IPA","twitter_card":"summary_large_image","twitter_creator":"@PressenzaIPA","twitter_site":"@PressenzaIPA","twitter_misc":{"Escrito por":"Pressenza IPA","Tiempo de lectura":"3 minutos"},"schema":{"@context":"https:\/\/schema.org","@graph":[{"@type":"Article","@id":"https:\/\/www.pressenza.com\/es\/2009\/09\/celebracixn-del-dxa-internacional-de-la-paz-en-la-repxblica-democrxtica-del-congo\/#article","isPartOf":{"@id":"https:\/\/www.pressenza.com\/es\/2009\/09\/celebracixn-del-dxa-internacional-de-la-paz-en-la-repxblica-democrxtica-del-congo\/"},"author":{"name":"Pressenza IPA","@id":"https:\/\/www.pressenza.com\/es\/#\/schema\/person\/010e5d02bcf40965427a1289a4cc8d75"},"headline":"Celebraci\u00f3n del D\u00eda Internacional de la Paz en la Rep\u00fablica Democr\u00e1tica del Congo","datePublished":"2009-09-22T00:00:00+00:00","dateModified":"2009-09-28T05:01:04+00:00","mainEntityOfPage":{"@id":"https:\/\/www.pressenza.com\/es\/2009\/09\/celebracixn-del-dxa-internacional-de-la-paz-en-la-repxblica-democrxtica-del-congo\/"},"wordCount":665,"publisher":{"@id":"https:\/\/www.pressenza.com\/es\/#organization"},"articleSection":["Africa","Comunicados de Prensa","Pol\u00edtica"],"inLanguage":"es"},{"@type":"WebPage","@id":"https:\/\/www.pressenza.com\/es\/2009\/09\/celebracixn-del-dxa-internacional-de-la-paz-en-la-repxblica-democrxtica-del-congo\/","url":"https:\/\/www.pressenza.com\/es\/2009\/09\/celebracixn-del-dxa-internacional-de-la-paz-en-la-repxblica-democrxtica-del-congo\/","name":"Celebraci\u00f3n del D\u00eda Internacional de la Paz en la Rep\u00fablica Democr\u00e1tica del Congo","isPartOf":{"@id":"https:\/\/www.pressenza.com\/es\/#website"},"datePublished":"2009-09-22T00:00:00+00:00","dateModified":"2009-09-28T05:01:04+00:00","description":"Este d\u00eda 21 de septiembre de 2009, el mundo entero celebra el D\u00eda internacional de la paz en un mundo azotado por problemas de toda clase. Este d\u00eda debe ser una oportunidad para reflexionar todos juntos sobre los horrores, las injusticias, los costos de la guerra... y sobre las ventajas de solucionar los diferendos de manera pac\u00edfica","breadcrumb":{"@id":"https:\/\/www.pressenza.com\/es\/2009\/09\/celebracixn-del-dxa-internacional-de-la-paz-en-la-repxblica-democrxtica-del-congo\/#breadcrumb"},"inLanguage":"es","potentialAction":[{"@type":"ReadAction","target":["https:\/\/www.pressenza.com\/es\/2009\/09\/celebracixn-del-dxa-internacional-de-la-paz-en-la-repxblica-democrxtica-del-congo\/"]}]},{"@type":"BreadcrumbList","@id":"https:\/\/www.pressenza.com\/es\/2009\/09\/celebracixn-del-dxa-internacional-de-la-paz-en-la-repxblica-democrxtica-del-congo\/#breadcrumb","itemListElement":[{"@type":"ListItem","position":1,"name":"Accueil","item":"https:\/\/www.pressenza.com\/es\/"},{"@type":"ListItem","position":2,"name":"Celebraci\u00f3n del D\u00eda Internacional de la Paz en la Rep\u00fablica Democr\u00e1tica del Congo"}]},{"@type":"WebSite","@id":"https:\/\/www.pressenza.com\/es\/#website","url":"https:\/\/www.pressenza.com\/es\/","name":"Pressenza","description":"International Press Agency","publisher":{"@id":"https:\/\/www.pressenza.com\/es\/#organization"},"potentialAction":[{"@type":"SearchAction","target":{"@type":"EntryPoint","urlTemplate":"https:\/\/www.pressenza.com\/es\/?s={search_term_string}"},"query-input":{"@type":"PropertyValueSpecification","valueRequired":true,"valueName":"search_term_string"}}],"inLanguage":"es"},{"@type":"Organization","@id":"https:\/\/www.pressenza.com\/es\/#organization","name":"Pressenza","url":"https:\/\/www.pressenza.com\/es\/","logo":{"@type":"ImageObject","inLanguage":"es","@id":"https:\/\/www.pressenza.com\/es\/#\/schema\/logo\/image\/","url":"https:\/\/www.pressenza.com\/wp-content\/uploads\/2022\/10\/pressenza_logo_200x200.jpg","contentUrl":"https:\/\/www.pressenza.com\/wp-content\/uploads\/2022\/10\/pressenza_logo_200x200.jpg","width":200,"height":200,"caption":"Pressenza"},"image":{"@id":"https:\/\/www.pressenza.com\/es\/#\/schema\/logo\/image\/"},"sameAs":["https:\/\/www.facebook.com\/PressenzaItalia","https:\/\/x.com\/PressenzaIPA"]},{"@type":"Person","@id":"https:\/\/www.pressenza.com\/es\/#\/schema\/person\/010e5d02bcf40965427a1289a4cc8d75","name":"Pressenza IPA","description":"News from Pressenza IPA correspondents","sameAs":["https:\/\/www.facebook.com\/pressenza","https:\/\/x.com\/PressenzaIPA"],"url":"https:\/\/www.pressenza.com\/es\/author\/pressenza-ipa\/"}]}},"place":"Goma","original_article_url":"","_links":{"self":[{"href":"https:\/\/www.pressenza.com\/es\/wp-json\/wp\/v2\/posts\/1413","targetHints":{"allow":["GET"]}}],"collection":[{"href":"https:\/\/www.pressenza.com\/es\/wp-json\/wp\/v2\/posts"}],"about":[{"href":"https:\/\/www.pressenza.com\/es\/wp-json\/wp\/v2\/types\/post"}],"author":[{"embeddable":true,"href":"https:\/\/www.pressenza.com\/es\/wp-json\/wp\/v2\/users\/19"}],"replies":[{"embeddable":true,"href":"https:\/\/www.pressenza.com\/es\/wp-json\/wp\/v2\/comments?post=1413"}],"version-history":[{"count":0,"href":"https:\/\/www.pressenza.com\/es\/wp-json\/wp\/v2\/posts\/1413\/revisions"}],"wp:attachment":[{"href":"https:\/\/www.pressenza.com\/es\/wp-json\/wp\/v2\/media?parent=1413"}],"wp:term":[{"taxonomy":"category","embeddable":true,"href":"https:\/\/www.pressenza.com\/es\/wp-json\/wp\/v2\/categories?post=1413"},{"taxonomy":"post_tag","embeddable":true,"href":"https:\/\/www.pressenza.com\/es\/wp-json\/wp\/v2\/tags?post=1413"}],"curies":[{"name":"wp","href":"https:\/\/api.w.org\/{rel}","templated":true}]}}