{"id":1412143,"date":"2021-08-10T22:21:12","date_gmt":"2021-08-10T21:21:12","guid":{"rendered":"https:\/\/www.pressenza.com\/?p=1412143"},"modified":"2021-08-10T22:21:12","modified_gmt":"2021-08-10T21:21:12","slug":"cultivando-la-hipotesis-del-contacto-en-la-convencion-constitucional-chilena","status":"publish","type":"post","link":"https:\/\/www.pressenza.com\/es\/2021\/08\/cultivando-la-hipotesis-del-contacto-en-la-convencion-constitucional-chilena\/","title":{"rendered":"Cultivando la hip\u00f3tesis del contacto en la Convenci\u00f3n Constitucional chilena"},"content":{"rendered":"<p>La derecha, atrincherada en bloque en la Convenci\u00f3n, con un par de franco tiradores alertas a descalificar el buen curso que est\u00e1 tomando la Constituyente, cultiva una agresividad que desanima mi autocr\u00edtica hacia cierta radicalidad izquierdista que dificulta el di\u00e1logo. Lo bueno es que el\u201cfuego\u201d derechista y el hom\u00f3logo \u00a0reduccionismo\u00a0 de un sector de la izquierda, no detienen el avance de una disposici\u00f3n dialogante hacia la tarea constitucional.<\/p>\n<p>Sea porque los convencionales, \u00e9tica y te\u00f3ricamente, asumen que la Constituci\u00f3n debe ser para todos y no para algunos o porque las circunstancias los llevar\u00e1n a procesar sus tensiones, los 155 avanzar\u00e1n cada vez mejor, manteniendo\u00a0 diferencias, escuch\u00e1ndose para \u00a0intentar acuerdos y as\u00ed producir\u00e1n un texto que ser\u00e1 com\u00fan \u00a0y no excluyente. Entonces, por principios o por la presi\u00f3n de los hechos inevitables, de sentarse cerca, mirarse, cruzarse en los pasillos, o\u00edrse y conocerse, aprender\u00e1n a procesar los conflictos como lo exige una Constituci\u00f3n. La necesidad de acuerdo les ser\u00e1 \u00a0casi ineludible.<\/p>\n<p>Quedar\u00e1n en el anecdotario los que\u00a0 no entendieron que T. Marinovic y J. Arancibia son convencionales con cargos de pleno derecho, leg\u00edtimos por decisi\u00f3n de la democracia y que su presencia no surgi\u00f3 de nuestros deseos. Consignaremos en el mal recuerdo\u00a0 los desprecios clasistas y racistas a la presidente Lonc\u00f3n; las iron\u00edas, agresiones y las torpezas de semiboicot del gobierno para la instalaci\u00f3n.<\/p>\n<p>La ya comprobada hip\u00f3tesis del contacto, de la psicolog\u00eda social, que destaca el abogado y escritor Pedro Barr\u00eda, evidencia que antiguos rivales pueden tener un\u00a0 proceso de transformaci\u00f3n pol\u00edtica y personal, desde la confrontaci\u00f3n y agresi\u00f3n, a la comprensi\u00f3n, el di\u00e1logo y la conciliaci\u00f3n porque el contacto\u00a0 modifica percepciones y actitudes negativas; rompe\u00a0 prejuicios, estereotipos, esquemas y prototipos permitiendo llevar a cabo transiciones pol\u00edticas exitosas. O como en Venezuela que avanz\u00f3 hasta que el\u00a0 descuido del fuego vivo quebr\u00f3\u00a0 la convivencia.<\/p>\n<p>La convivencia pac\u00edfica no implica \u201celiminar el conflicto, porque el mundo,\u00a0 necesita m\u00e1s conflictos y no menos, porque en la medida en que hay injusticia en el mundo se necesitan conflictos para llamar la atenci\u00f3n sobre las injusticias\u201d( W. Ury).\u201cEl desaf\u00edo no est\u00e1 en eliminar conflictos sino en transformar el modo en que\u00a0 los manejemos, de\u00a0 forma no destructiva, sin violencia sin guerras\u201d; y en esta Convenci\u00f3n, digo yo, no repetir la\u00a0 descalificaci\u00f3n, desprecio, hostigamiento, insulto, ni amenazas, ni\u00a0 golpes an\u00f3nimos en la calle, como ha ocurrido.<\/p>\n<p>Desgraciadamente esto, como dice Barr\u00eda,\u00a0 se aprende lentamente y se desaprende r\u00e1pidamente.<\/p>\n<p>La historia del mundo muestra crueldad en los conflictos: seres humanos privados de identidad personal, descalificados y marcados\u00a0 como reba\u00f1o punible. En pol\u00edtica, la calificaci\u00f3n de \u201chumanoide\u201d, que nos dio a la izquierda la dictadura en Chile y la de \u201cgusano\u201d, a los opositores en Cuba, incitaron a lo peor. Esta despersonalizaci\u00f3n del adversario, propia de las dictaduras, \u00a0tambi\u00e9n ha infectado la democracia en la historia de Chile: \u201damarillo, upeliento, facho, balmacedista, comunista, carrerino, beato, momio,\u201d\u00a0 clavando personas en el insectario nacional, quit\u00e1ndole su calidad de tal y prejuiciando todo di\u00e1logo. \u201c\u2026Si cada miembro de un grupo est\u00e1 dotado de las mismas caracter\u00edsticas, nos ahorra las penurias de tratar con ellos como individuos\u201d.(G. W. Allport) Esta din\u00e1mica da\u00f1ina se puede romper con la hip\u00f3tesis del contacto.<\/p>\n<p>De Apruebo Dignidad, Aurora Delgado (IND-RD): \u201c estoy conociendo a las personas, \u2026es fundamental el acercamiento \u2026. y m\u00e1s adelante va a ser m\u00e1s fluido y cercano el di\u00e1logo, \u2026.estamos en la primera etapa\u00bb.\u00a0 Ruggero Cozzi (RN) : \u00ablos jardines son un buen espacio para conocernos y conversar entre constituyentes de distintas sensibilidades. Carlos Calvo (Socialista):\u201d un caf\u00e9 \u2026. y empieza a surgir lo que es necesario: la convivencia\u00bb\u2026. \u00bb nos reconocemos\u2026 El ser humano es l\u00fadico y buscamos encontrarnos\u00a0 \u2026 Los patios son fundamentales para conocernos y hablar \u00ab. Gaspar Dom\u00ednguez (INN): \u201d conocerse\u2026ha sido muy favorable. El di\u00e1logo \u2026para llegar a acuerdos supone la necesidad de conversar \u2026, intercambiar visiones ideas \u2026 y tambi\u00e9n construir propuestas juntas\u00bb\u2026\u00a0 He logrado hablar y conocer a constituyentes de todos los sectores\u00bb. Christian Viera (IND- Apruebo):\u00a0 \u201cEn la comisi\u00f3n de \u00c9tica &#8230; hemos tenido un trato muy fraterno \u2026muy amable a pesar de nuestras heterogeneidades pol\u00edticas. Ha sido sorpresivo y en un buen tono\u00bb,\u2026 \u00abhe tenido una muy buena relaci\u00f3n con Luciano Silva (RN),..he conversado con Arturo Z\u00fa\u00f1iga (UDI)\u2026con Benito Baranda (INN),\u2026una estupenda relaci\u00f3n y lo mismo con la compa\u00f1era Francisca Arauna (Lista del Pueblo)\u00bb.<\/p>\n<p>En los 60, la integraci\u00f3n racial en USA, se hizo obligando al contacto, prohibiendo barreras; su \u00e9xito es evidente y tambi\u00e9n hoy sus retrocesos. Austria, B\u00e9lgica, Colombia, Chile, Espa\u00f1a y Venezuela consiguieron reconstrucci\u00f3n democr\u00e1tica que porque los l\u00edderes pol\u00edticos con responsabilidad en su quiebre y soluci\u00f3n, subordinaron discrepancias para el objetivo democr\u00e1tico. Hicieron \u201caprendizaje pol\u00edtico\u201d (Barr\u00eda. \u201cAprendizaje Pol\u00edtico: la Experiencia de Venezuela en Perspectiva Comparada\u201d) El\u00a0 descuido de lo aprendido lo muestra hoy el enfrentamiento interracial en Estados Unidos, entre otras causas, por la desaparici\u00f3n de los contactos intergrupales. En materia de actitudes, conductas y cultura pol\u00edtica no hay cambios irreversibles y ellos deben ser permanentemente reforzados y alimentados para que no se pierdan.<\/p>\n<p>Mandela, con \u00a027 a\u00f1os de injusta prisi\u00f3n y extremas crueldades super\u00f3 la opci\u00f3n confrontacional del Congreso Nacional Africano\u00a0 que lideraba y adquiri\u00f3 virtudes de mediador -escuchar y ponerse en el lugar del otro &#8211; hizo pol\u00edtica para crear confianza y seguridad para todos, cuidando \u00a0el temor de los dominadores blancos hacia la mayor\u00eda negra mal tratada, excluida y segregada por a\u00f1os.Una Sud\u00e1frica segura para todos, garantizando que los oprimidos de ayer no\u00a0 ser\u00edan los opresores del ma\u00f1ana.<\/p>\n<p>Los 155 de la CC saben que los ojos de Chile esperan una Constituci\u00f3n y no un programa de gobierno que imponga la ideolog\u00eda de unos o la mirada de pa\u00eds de sus electores. Benigno Benigni dice, exponiendo sobre la Constituci\u00f3n Italiana: \u201cLa Costituzione \u00e9 la Mamma,\u2026nostra mamma\u201d.<\/p>\n<p>Eso requiere contacto para el acuerdo. As\u00ed, los convencionales, podr\u00edan sentir el \u00a0orgullo adicional de haber dado ejemplo, a las pr\u00f3ximas generaciones, de \u00a0c\u00f3mo se pueden procesar los conflictos y\u00a0 mejorar la convivencia pol\u00edtica del pa\u00eds que compartimos.<\/p>\n","protected":false},"excerpt":{"rendered":"<p>La derecha, atrincherada en bloque en la Convenci\u00f3n, con un par de franco tiradores alertas a descalificar el buen curso que est\u00e1 tomando la Constituyente, cultiva una agresividad que desanima mi autocr\u00edtica hacia cierta radicalidad izquierdista que dificulta el di\u00e1logo.&hellip;<\/p>\n","protected":false},"author":1586,"featured_media":1412144,"comment_status":"closed","ping_status":"closed","sticky":false,"template":"","format":"standard","meta":{"footnotes":""},"categories":[11389,161,74,67],"tags":[29,69401],"class_list":["post-1412143","post","type-post","status-publish","format-standard","has-post-thumbnail","hentry","category-contenido-original","category-opiniones","category-politica-es","category-sudamerica","tag-chile","tag-convencion-constitucional"],"yoast_head":"<!-- This site is optimized with the Yoast SEO plugin v27.1.1 - https:\/\/yoast.com\/product\/yoast-seo-wordpress\/ -->\n<title>Cultivando la hip\u00f3tesis del contacto en la Convenci\u00f3n Constitucional chilena<\/title>\n<meta name=\"description\" content=\"La derecha, atrincherada en bloque en la Convenci\u00f3n, con un par de franco tiradores alertas a descalificar el buen curso que est\u00e1 tomando la\" \/>\n<meta name=\"robots\" content=\"index, follow, max-snippet:-1, max-image-preview:large, max-video-preview:-1\" \/>\n<link rel=\"canonical\" href=\"https:\/\/www.pressenza.com\/es\/2021\/08\/cultivando-la-hipotesis-del-contacto-en-la-convencion-constitucional-chilena\/\" \/>\n<meta property=\"og:locale\" content=\"es_ES\" \/>\n<meta property=\"og:type\" content=\"article\" \/>\n<meta property=\"og:title\" content=\"Cultivando la hip\u00f3tesis del contacto en la Convenci\u00f3n Constitucional chilena\" \/>\n<meta property=\"og:description\" content=\"La derecha, atrincherada en bloque en la Convenci\u00f3n, con un par de franco tiradores alertas a descalificar el buen curso que est\u00e1 tomando la\" \/>\n<meta property=\"og:url\" content=\"https:\/\/www.pressenza.com\/es\/2021\/08\/cultivando-la-hipotesis-del-contacto-en-la-convencion-constitucional-chilena\/\" \/>\n<meta property=\"og:site_name\" content=\"Pressenza\" \/>\n<meta property=\"article:publisher\" content=\"https:\/\/www.facebook.com\/PressenzaItalia\" \/>\n<meta property=\"article:published_time\" content=\"2021-08-10T21:21:12+00:00\" \/>\n<meta property=\"og:image\" content=\"https:\/\/www.pressenza.com\/wp-content\/uploads\/2021\/08\/EST-CTRAL-IMG_20210306_102945.jpg\" \/>\n\t<meta property=\"og:image:width\" content=\"1920\" \/>\n\t<meta property=\"og:image:height\" content=\"1467\" \/>\n\t<meta property=\"og:image:type\" content=\"image\/jpeg\" \/>\n<meta name=\"author\" content=\"Patricio Hales\" \/>\n<meta name=\"twitter:card\" content=\"summary_large_image\" \/>\n<meta name=\"twitter:creator\" content=\"@PressenzaIPA\" \/>\n<meta name=\"twitter:site\" content=\"@PressenzaIPA\" \/>\n<meta name=\"twitter:label1\" content=\"Escrito por\" \/>\n\t<meta name=\"twitter:data1\" content=\"Patricio Hales\" \/>\n\t<meta name=\"twitter:label2\" content=\"Tiempo de lectura\" \/>\n\t<meta name=\"twitter:data2\" content=\"5 minutos\" \/>\n<script type=\"application\/ld+json\" class=\"yoast-schema-graph\">{\"@context\":\"https:\/\/schema.org\",\"@graph\":[{\"@type\":\"Article\",\"@id\":\"https:\/\/www.pressenza.com\/es\/2021\/08\/cultivando-la-hipotesis-del-contacto-en-la-convencion-constitucional-chilena\/#article\",\"isPartOf\":{\"@id\":\"https:\/\/www.pressenza.com\/es\/2021\/08\/cultivando-la-hipotesis-del-contacto-en-la-convencion-constitucional-chilena\/\"},\"author\":{\"name\":\"Patricio Hales\",\"@id\":\"https:\/\/www.pressenza.com\/es\/#\/schema\/person\/96c89121437eddadb35eab3e18a9da38\"},\"headline\":\"Cultivando la hip\u00f3tesis del contacto en la Convenci\u00f3n Constitucional chilena\",\"datePublished\":\"2021-08-10T21:21:12+00:00\",\"mainEntityOfPage\":{\"@id\":\"https:\/\/www.pressenza.com\/es\/2021\/08\/cultivando-la-hipotesis-del-contacto-en-la-convencion-constitucional-chilena\/\"},\"wordCount\":1103,\"publisher\":{\"@id\":\"https:\/\/www.pressenza.com\/es\/#organization\"},\"image\":{\"@id\":\"https:\/\/www.pressenza.com\/es\/2021\/08\/cultivando-la-hipotesis-del-contacto-en-la-convencion-constitucional-chilena\/#primaryimage\"},\"thumbnailUrl\":\"https:\/\/www.pressenza.com\/wp-content\/uploads\/2021\/08\/EST-CTRAL-IMG_20210306_102945.jpg\",\"keywords\":[\"Chile\",\"Convenci\u00f3n Constitucional\"],\"articleSection\":[\"Contenido Original\",\"Opiniones\",\"Pol\u00edtica\",\"Sudam\u00e9rica\"],\"inLanguage\":\"es\"},{\"@type\":\"WebPage\",\"@id\":\"https:\/\/www.pressenza.com\/es\/2021\/08\/cultivando-la-hipotesis-del-contacto-en-la-convencion-constitucional-chilena\/\",\"url\":\"https:\/\/www.pressenza.com\/es\/2021\/08\/cultivando-la-hipotesis-del-contacto-en-la-convencion-constitucional-chilena\/\",\"name\":\"Cultivando la hip\u00f3tesis del contacto en la Convenci\u00f3n Constitucional chilena\",\"isPartOf\":{\"@id\":\"https:\/\/www.pressenza.com\/es\/#website\"},\"primaryImageOfPage\":{\"@id\":\"https:\/\/www.pressenza.com\/es\/2021\/08\/cultivando-la-hipotesis-del-contacto-en-la-convencion-constitucional-chilena\/#primaryimage\"},\"image\":{\"@id\":\"https:\/\/www.pressenza.com\/es\/2021\/08\/cultivando-la-hipotesis-del-contacto-en-la-convencion-constitucional-chilena\/#primaryimage\"},\"thumbnailUrl\":\"https:\/\/www.pressenza.com\/wp-content\/uploads\/2021\/08\/EST-CTRAL-IMG_20210306_102945.jpg\",\"datePublished\":\"2021-08-10T21:21:12+00:00\",\"description\":\"La derecha, atrincherada en bloque en la Convenci\u00f3n, con un par de franco tiradores alertas a descalificar el buen curso que est\u00e1 tomando la\",\"breadcrumb\":{\"@id\":\"https:\/\/www.pressenza.com\/es\/2021\/08\/cultivando-la-hipotesis-del-contacto-en-la-convencion-constitucional-chilena\/#breadcrumb\"},\"inLanguage\":\"es\",\"potentialAction\":[{\"@type\":\"ReadAction\",\"target\":[\"https:\/\/www.pressenza.com\/es\/2021\/08\/cultivando-la-hipotesis-del-contacto-en-la-convencion-constitucional-chilena\/\"]}]},{\"@type\":\"ImageObject\",\"inLanguage\":\"es\",\"@id\":\"https:\/\/www.pressenza.com\/es\/2021\/08\/cultivando-la-hipotesis-del-contacto-en-la-convencion-constitucional-chilena\/#primaryimage\",\"url\":\"https:\/\/www.pressenza.com\/wp-content\/uploads\/2021\/08\/EST-CTRAL-IMG_20210306_102945.jpg\",\"contentUrl\":\"https:\/\/www.pressenza.com\/wp-content\/uploads\/2021\/08\/EST-CTRAL-IMG_20210306_102945.jpg\",\"width\":1920,\"height\":1467,\"caption\":\"Patricio Hales\"},{\"@type\":\"BreadcrumbList\",\"@id\":\"https:\/\/www.pressenza.com\/es\/2021\/08\/cultivando-la-hipotesis-del-contacto-en-la-convencion-constitucional-chilena\/#breadcrumb\",\"itemListElement\":[{\"@type\":\"ListItem\",\"position\":1,\"name\":\"Accueil\",\"item\":\"https:\/\/www.pressenza.com\/es\/\"},{\"@type\":\"ListItem\",\"position\":2,\"name\":\"Cultivando la hip\u00f3tesis del contacto en la Convenci\u00f3n Constitucional chilena\"}]},{\"@type\":\"WebSite\",\"@id\":\"https:\/\/www.pressenza.com\/es\/#website\",\"url\":\"https:\/\/www.pressenza.com\/es\/\",\"name\":\"Pressenza\",\"description\":\"International Press Agency\",\"publisher\":{\"@id\":\"https:\/\/www.pressenza.com\/es\/#organization\"},\"potentialAction\":[{\"@type\":\"SearchAction\",\"target\":{\"@type\":\"EntryPoint\",\"urlTemplate\":\"https:\/\/www.pressenza.com\/es\/?s={search_term_string}\"},\"query-input\":{\"@type\":\"PropertyValueSpecification\",\"valueRequired\":true,\"valueName\":\"search_term_string\"}}],\"inLanguage\":\"es\"},{\"@type\":\"Organization\",\"@id\":\"https:\/\/www.pressenza.com\/es\/#organization\",\"name\":\"Pressenza\",\"url\":\"https:\/\/www.pressenza.com\/es\/\",\"logo\":{\"@type\":\"ImageObject\",\"inLanguage\":\"es\",\"@id\":\"https:\/\/www.pressenza.com\/es\/#\/schema\/logo\/image\/\",\"url\":\"https:\/\/www.pressenza.com\/wp-content\/uploads\/2022\/10\/pressenza_logo_200x200.jpg\",\"contentUrl\":\"https:\/\/www.pressenza.com\/wp-content\/uploads\/2022\/10\/pressenza_logo_200x200.jpg\",\"width\":200,\"height\":200,\"caption\":\"Pressenza\"},\"image\":{\"@id\":\"https:\/\/www.pressenza.com\/es\/#\/schema\/logo\/image\/\"},\"sameAs\":[\"https:\/\/www.facebook.com\/PressenzaItalia\",\"https:\/\/x.com\/PressenzaIPA\"]},{\"@type\":\"Person\",\"@id\":\"https:\/\/www.pressenza.com\/es\/#\/schema\/person\/96c89121437eddadb35eab3e18a9da38\",\"name\":\"Patricio Hales\",\"url\":\"https:\/\/www.pressenza.com\/es\/author\/patricio-hales\/\"}]}<\/script>\n<!-- \/ Yoast SEO plugin. -->","yoast_head_json":{"title":"Cultivando la hip\u00f3tesis del contacto en la Convenci\u00f3n Constitucional chilena","description":"La derecha, atrincherada en bloque en la Convenci\u00f3n, con un par de franco tiradores alertas a descalificar el buen curso que est\u00e1 tomando la","robots":{"index":"index","follow":"follow","max-snippet":"max-snippet:-1","max-image-preview":"max-image-preview:large","max-video-preview":"max-video-preview:-1"},"canonical":"https:\/\/www.pressenza.com\/es\/2021\/08\/cultivando-la-hipotesis-del-contacto-en-la-convencion-constitucional-chilena\/","og_locale":"es_ES","og_type":"article","og_title":"Cultivando la hip\u00f3tesis del contacto en la Convenci\u00f3n Constitucional chilena","og_description":"La derecha, atrincherada en bloque en la Convenci\u00f3n, con un par de franco tiradores alertas a descalificar el buen curso que est\u00e1 tomando la","og_url":"https:\/\/www.pressenza.com\/es\/2021\/08\/cultivando-la-hipotesis-del-contacto-en-la-convencion-constitucional-chilena\/","og_site_name":"Pressenza","article_publisher":"https:\/\/www.facebook.com\/PressenzaItalia","article_published_time":"2021-08-10T21:21:12+00:00","og_image":[{"width":1920,"height":1467,"url":"https:\/\/www.pressenza.com\/wp-content\/uploads\/2021\/08\/EST-CTRAL-IMG_20210306_102945.jpg","type":"image\/jpeg"}],"author":"Patricio Hales","twitter_card":"summary_large_image","twitter_creator":"@PressenzaIPA","twitter_site":"@PressenzaIPA","twitter_misc":{"Escrito por":"Patricio Hales","Tiempo de lectura":"5 minutos"},"schema":{"@context":"https:\/\/schema.org","@graph":[{"@type":"Article","@id":"https:\/\/www.pressenza.com\/es\/2021\/08\/cultivando-la-hipotesis-del-contacto-en-la-convencion-constitucional-chilena\/#article","isPartOf":{"@id":"https:\/\/www.pressenza.com\/es\/2021\/08\/cultivando-la-hipotesis-del-contacto-en-la-convencion-constitucional-chilena\/"},"author":{"name":"Patricio Hales","@id":"https:\/\/www.pressenza.com\/es\/#\/schema\/person\/96c89121437eddadb35eab3e18a9da38"},"headline":"Cultivando la hip\u00f3tesis del contacto en la Convenci\u00f3n Constitucional chilena","datePublished":"2021-08-10T21:21:12+00:00","mainEntityOfPage":{"@id":"https:\/\/www.pressenza.com\/es\/2021\/08\/cultivando-la-hipotesis-del-contacto-en-la-convencion-constitucional-chilena\/"},"wordCount":1103,"publisher":{"@id":"https:\/\/www.pressenza.com\/es\/#organization"},"image":{"@id":"https:\/\/www.pressenza.com\/es\/2021\/08\/cultivando-la-hipotesis-del-contacto-en-la-convencion-constitucional-chilena\/#primaryimage"},"thumbnailUrl":"https:\/\/www.pressenza.com\/wp-content\/uploads\/2021\/08\/EST-CTRAL-IMG_20210306_102945.jpg","keywords":["Chile","Convenci\u00f3n Constitucional"],"articleSection":["Contenido Original","Opiniones","Pol\u00edtica","Sudam\u00e9rica"],"inLanguage":"es"},{"@type":"WebPage","@id":"https:\/\/www.pressenza.com\/es\/2021\/08\/cultivando-la-hipotesis-del-contacto-en-la-convencion-constitucional-chilena\/","url":"https:\/\/www.pressenza.com\/es\/2021\/08\/cultivando-la-hipotesis-del-contacto-en-la-convencion-constitucional-chilena\/","name":"Cultivando la hip\u00f3tesis del contacto en la Convenci\u00f3n Constitucional chilena","isPartOf":{"@id":"https:\/\/www.pressenza.com\/es\/#website"},"primaryImageOfPage":{"@id":"https:\/\/www.pressenza.com\/es\/2021\/08\/cultivando-la-hipotesis-del-contacto-en-la-convencion-constitucional-chilena\/#primaryimage"},"image":{"@id":"https:\/\/www.pressenza.com\/es\/2021\/08\/cultivando-la-hipotesis-del-contacto-en-la-convencion-constitucional-chilena\/#primaryimage"},"thumbnailUrl":"https:\/\/www.pressenza.com\/wp-content\/uploads\/2021\/08\/EST-CTRAL-IMG_20210306_102945.jpg","datePublished":"2021-08-10T21:21:12+00:00","description":"La derecha, atrincherada en bloque en la Convenci\u00f3n, con un par de franco tiradores alertas a descalificar el buen curso que est\u00e1 tomando la","breadcrumb":{"@id":"https:\/\/www.pressenza.com\/es\/2021\/08\/cultivando-la-hipotesis-del-contacto-en-la-convencion-constitucional-chilena\/#breadcrumb"},"inLanguage":"es","potentialAction":[{"@type":"ReadAction","target":["https:\/\/www.pressenza.com\/es\/2021\/08\/cultivando-la-hipotesis-del-contacto-en-la-convencion-constitucional-chilena\/"]}]},{"@type":"ImageObject","inLanguage":"es","@id":"https:\/\/www.pressenza.com\/es\/2021\/08\/cultivando-la-hipotesis-del-contacto-en-la-convencion-constitucional-chilena\/#primaryimage","url":"https:\/\/www.pressenza.com\/wp-content\/uploads\/2021\/08\/EST-CTRAL-IMG_20210306_102945.jpg","contentUrl":"https:\/\/www.pressenza.com\/wp-content\/uploads\/2021\/08\/EST-CTRAL-IMG_20210306_102945.jpg","width":1920,"height":1467,"caption":"Patricio Hales"},{"@type":"BreadcrumbList","@id":"https:\/\/www.pressenza.com\/es\/2021\/08\/cultivando-la-hipotesis-del-contacto-en-la-convencion-constitucional-chilena\/#breadcrumb","itemListElement":[{"@type":"ListItem","position":1,"name":"Accueil","item":"https:\/\/www.pressenza.com\/es\/"},{"@type":"ListItem","position":2,"name":"Cultivando la hip\u00f3tesis del contacto en la Convenci\u00f3n Constitucional chilena"}]},{"@type":"WebSite","@id":"https:\/\/www.pressenza.com\/es\/#website","url":"https:\/\/www.pressenza.com\/es\/","name":"Pressenza","description":"International Press Agency","publisher":{"@id":"https:\/\/www.pressenza.com\/es\/#organization"},"potentialAction":[{"@type":"SearchAction","target":{"@type":"EntryPoint","urlTemplate":"https:\/\/www.pressenza.com\/es\/?s={search_term_string}"},"query-input":{"@type":"PropertyValueSpecification","valueRequired":true,"valueName":"search_term_string"}}],"inLanguage":"es"},{"@type":"Organization","@id":"https:\/\/www.pressenza.com\/es\/#organization","name":"Pressenza","url":"https:\/\/www.pressenza.com\/es\/","logo":{"@type":"ImageObject","inLanguage":"es","@id":"https:\/\/www.pressenza.com\/es\/#\/schema\/logo\/image\/","url":"https:\/\/www.pressenza.com\/wp-content\/uploads\/2022\/10\/pressenza_logo_200x200.jpg","contentUrl":"https:\/\/www.pressenza.com\/wp-content\/uploads\/2022\/10\/pressenza_logo_200x200.jpg","width":200,"height":200,"caption":"Pressenza"},"image":{"@id":"https:\/\/www.pressenza.com\/es\/#\/schema\/logo\/image\/"},"sameAs":["https:\/\/www.facebook.com\/PressenzaItalia","https:\/\/x.com\/PressenzaIPA"]},{"@type":"Person","@id":"https:\/\/www.pressenza.com\/es\/#\/schema\/person\/96c89121437eddadb35eab3e18a9da38","name":"Patricio Hales","url":"https:\/\/www.pressenza.com\/es\/author\/patricio-hales\/"}]}},"place":"Santiago de Chile","original_article_url":"","_links":{"self":[{"href":"https:\/\/www.pressenza.com\/es\/wp-json\/wp\/v2\/posts\/1412143","targetHints":{"allow":["GET"]}}],"collection":[{"href":"https:\/\/www.pressenza.com\/es\/wp-json\/wp\/v2\/posts"}],"about":[{"href":"https:\/\/www.pressenza.com\/es\/wp-json\/wp\/v2\/types\/post"}],"author":[{"embeddable":true,"href":"https:\/\/www.pressenza.com\/es\/wp-json\/wp\/v2\/users\/1586"}],"replies":[{"embeddable":true,"href":"https:\/\/www.pressenza.com\/es\/wp-json\/wp\/v2\/comments?post=1412143"}],"version-history":[{"count":0,"href":"https:\/\/www.pressenza.com\/es\/wp-json\/wp\/v2\/posts\/1412143\/revisions"}],"wp:featuredmedia":[{"embeddable":true,"href":"https:\/\/www.pressenza.com\/es\/wp-json\/wp\/v2\/media\/1412144"}],"wp:attachment":[{"href":"https:\/\/www.pressenza.com\/es\/wp-json\/wp\/v2\/media?parent=1412143"}],"wp:term":[{"taxonomy":"category","embeddable":true,"href":"https:\/\/www.pressenza.com\/es\/wp-json\/wp\/v2\/categories?post=1412143"},{"taxonomy":"post_tag","embeddable":true,"href":"https:\/\/www.pressenza.com\/es\/wp-json\/wp\/v2\/tags?post=1412143"}],"curies":[{"name":"wp","href":"https:\/\/api.w.org\/{rel}","templated":true}]}}