{"id":1411137,"date":"2021-08-07T22:45:20","date_gmt":"2021-08-07T21:45:20","guid":{"rendered":"https:\/\/www.pressenza.com\/?p=1411137"},"modified":"2021-08-07T23:05:00","modified_gmt":"2021-08-07T22:05:00","slug":"la-fuerza-social-e-interna-de-la-noviolencia-2","status":"publish","type":"post","link":"https:\/\/www.pressenza.com\/es\/2021\/08\/la-fuerza-social-e-interna-de-la-noviolencia-2\/","title":{"rendered":"La fuerza social e interna de la noviolencia"},"content":{"rendered":"<article id=\"post-993042\" class=\"post-993042 post type-post status-publish format-standard has-post-thumbnail hentry category-contenido-original category-europa-es category-humanismo-espiritualidad category-noviolencia-tema category-opiniones tag-agora-9b-es tag-agora-humanista-es tag-bansky-es tag-barcelona tag-la-fuerza-de-la-noviolencia tag-noviolencia tag-tertulias\">\n<div class=\"post-content\">\n<blockquote><p><em>Interesados por las situaciones de desborde social que se est\u00e1n produciendo en diferentes ciudades del planeta nos damos cita algunos amigos y amigas para reflexionar sobre las acciones no violentas.<\/em><\/p>\n<p>Abordamos el tema identificando situaciones en las que nos sentimos violentados; intercambiamos sobre las ra\u00edces m\u00e1s profundas de la violencia; diferenciamos entre la violencia personal y la violencia social y tratamos de dar respuestas sobre qu\u00e9 acciones son las que pueden permitir el avance de la noviolencia a nivel social y la superaci\u00f3n de la violencia personal.<\/p><\/blockquote>\n<p>Los diferentes desbordes sociales que se han producido recientemente en diversas zonas de la geograf\u00eda mundial nos alertan del avance de esta tendencia. Aunque en cada punto las protestas han tenido caracter\u00edsticas propias, la condici\u00f3n que ha conducido a estas protestas es similar en todos los lugares. La poblaci\u00f3n se ha manifestado para rechazar un sistema marcado por la desigualdad, por la injusticia, por la exclusi\u00f3n, por el abuso de poder por parte de una \u00e9lite que excluye de las necesidades b\u00e1sicas como educaci\u00f3n, sanidad y vivienda a gran parte de la poblaci\u00f3n. Un sistema que ha generado tanta violencia en los pueblos, que las personas han respondido con manifestaciones multitudinarias, a veces con actos violentos, pero en la mayor\u00eda de los casos con acciones noviolentas.<\/p>\n<p><strong>Nos preguntamos: \u00bfCu\u00e1l ha sido el motor que ha impulsado a muchos colectivos a dar una respuesta noviolenta? Y, \u00bfCu\u00e1l es la respuesta noviolenta que en este momento hist\u00f3rico podemos dar?<\/strong><\/p>\n<p>El intercambio se inicia dialogando sobre aquellas situaciones que a nivel personal nos violentan. Reconocemos una violencia interna, causada por una violencia externa que proviene de un sistema injusto, discriminador y excluyente, que nos recorta nuestros derechos b\u00e1sicos y nos somete a situaciones de fuerte presi\u00f3n.<\/p>\n<p>Se trata de un sistema que ya desde sus ra\u00edces tiene implantada la violencia como respuesta a las situaciones de inestabilidad. Una respuesta que desemboca en la venganza y el resentimiento. Somos conscientes de que queremos un cambio de ese modo de actuar tan arraigado, heredado de un pasado que ya nada tiene que ver con el mundo al que anhelamos.<\/p>\n<p>Tambi\u00e9n estamos viendo como movimientos espont\u00e1neos, algunos organizados, otros no, deciden frenar situaciones de violencia con respuestas que impidan el avance de \u00e9sta. Queremos situarnos en esa franja, potenciar y difundir este tipo de respuesta. Este es el motivo que nos re\u00fane, salir reforzados al medio y plantear la acci\u00f3n noviolenta.<\/p>\n<p>Reconocemos que para superar aquello que nos violenta, sobre todo en lo personal, hay herramientas de trabajo interno que ayudan a ese prop\u00f3sito. Dar una respuesta noviolenta de modo individual a esas situaciones es posible desde un estado de conciencia m\u00e1s l\u00facido, m\u00e1s despierto. En la medida en que estamos atentos, podemos diferir la respuesta y de ese modo dar una respuesta noviolenta. Es decir, esa actitud de respuesta noviolenta surge de algo interno, de algo profundo, no se trata solo de una forma de lucha, no es una cuesti\u00f3n moral, la noviolencia es una forma de vida.<\/p>\n<p>En ese sentido, un amigo apunta que la actitud noviolenta es un estilo de vida, has de estar muy conectado con algo profundo para poder tener una actitud noviolenta en tu vida. Otra amiga comenta, que superar la violencia pasa por superar el resentimiento y el deseo de venganza tanto en lo personal como en lo social. Alguien m\u00e1s apunta la persecuci\u00f3n de los deseos como una fuente de sufrimiento y violencia.<\/p>\n<p><strong>Pero \u00bfqu\u00e9 respuestas conjuntas podemos dar a la violencia de un sistema injusto y discriminatorio?<\/strong><\/p>\n<p>Ignorar la violencia o silenciarla es actuar con una respuesta violenta, apunta una tertuliana. Por el contrario, la denuncia de \u00e9sta, hacerse cargo de ella o darle una salida, ser\u00eda una acci\u00f3n noviolenta.<\/p>\n<p>Desde ese punto de vista, muchas de nuestras acciones diarias podemos definirlas como acciones noviolentas. Cuando denuncio una situaci\u00f3n discriminatoria escribiendo un art\u00edculo, o cuando me opongo a una situaci\u00f3n de abuso o cuando me manifiesto de modo pac\u00edfico ante una injusticia, o cuando me opongo sin violencia a que se ejecute una ley injusta, cuando me junto con otros para avanzar en nuestro crecimiento personal, o para conectar con nuestro interior, cuando trato a los otros como me gustar\u00eda que me traten, estoy haciendo acciones noviolentas y estoy dando respuesta a un sistema violento.<\/p>\n<\/div>\n<\/article>\n<aside class=\"post-meta\">\u2014Este art\u00edculo fue publicado en Pressenza el 10-12-2019<\/aside>\n","protected":false},"excerpt":{"rendered":"<p>Interesados por las situaciones de desborde social que se est\u00e1n produciendo en diferentes ciudades del planeta nos damos cita algunos amigos y amigas para reflexionar sobre las acciones no violentas. Abordamos el tema identificando situaciones en las que nos sentimos&hellip;<\/p>\n","protected":false},"author":1691,"featured_media":1411138,"comment_status":"closed","ping_status":"closed","sticky":false,"template":"","format":"standard","meta":{"footnotes":""},"categories":[11389,1240,161],"tags":[26299],"class_list":["post-1411137","post","type-post","status-publish","format-standard","has-post-thumbnail","hentry","category-contenido-original","category-humanismo-espiritualidad","category-opiniones","tag-no-violencia"],"yoast_head":"<!-- This site is optimized with the Yoast SEO plugin v27.1.1 - https:\/\/yoast.com\/product\/yoast-seo-wordpress\/ -->\n<title>La fuerza social e interna de la noviolencia<\/title>\n<meta name=\"description\" content=\"Interesados por las situaciones de desborde social que se est\u00e1n produciendo en diferentes ciudades del planeta nos damos cita algunos amigos y amigas para\" \/>\n<meta name=\"robots\" content=\"index, follow, max-snippet:-1, max-image-preview:large, max-video-preview:-1\" \/>\n<link rel=\"canonical\" href=\"https:\/\/www.pressenza.com\/es\/2021\/08\/la-fuerza-social-e-interna-de-la-noviolencia-2\/\" \/>\n<meta property=\"og:locale\" content=\"es_ES\" \/>\n<meta property=\"og:type\" content=\"article\" \/>\n<meta property=\"og:title\" content=\"La fuerza social e interna de la noviolencia\" \/>\n<meta property=\"og:description\" content=\"Interesados por las situaciones de desborde social que se est\u00e1n produciendo en diferentes ciudades del planeta nos damos cita algunos amigos y amigas para\" \/>\n<meta property=\"og:url\" content=\"https:\/\/www.pressenza.com\/es\/2021\/08\/la-fuerza-social-e-interna-de-la-noviolencia-2\/\" \/>\n<meta property=\"og:site_name\" content=\"Pressenza\" \/>\n<meta property=\"article:publisher\" content=\"https:\/\/www.facebook.com\/PressenzaItalia\" \/>\n<meta property=\"article:published_time\" content=\"2021-08-07T21:45:20+00:00\" \/>\n<meta property=\"article:modified_time\" content=\"2021-08-07T22:05:00+00:00\" \/>\n<meta property=\"og:image\" content=\"https:\/\/www.pressenza.com\/wp-content\/uploads\/2021\/08\/D42A81C2-45EA-46CE-84C0-9F43F3FC602C.jpeg\" \/>\n\t<meta property=\"og:image:width\" content=\"1000\" \/>\n\t<meta property=\"og:image:height\" content=\"750\" \/>\n\t<meta property=\"og:image:type\" content=\"image\/jpeg\" \/>\n<meta name=\"author\" content=\"\u00c0gora Humanista\" \/>\n<meta name=\"twitter:card\" content=\"summary_large_image\" \/>\n<meta name=\"twitter:creator\" content=\"@PressenzaIPA\" \/>\n<meta name=\"twitter:site\" content=\"@PressenzaIPA\" \/>\n<meta name=\"twitter:label1\" content=\"Escrito por\" \/>\n\t<meta name=\"twitter:data1\" content=\"\u00c0gora Humanista\" \/>\n\t<meta name=\"twitter:label2\" content=\"Tiempo de lectura\" \/>\n\t<meta name=\"twitter:data2\" content=\"4 minutos\" \/>\n<script type=\"application\/ld+json\" class=\"yoast-schema-graph\">{\"@context\":\"https:\/\/schema.org\",\"@graph\":[{\"@type\":\"Article\",\"@id\":\"https:\/\/www.pressenza.com\/es\/2021\/08\/la-fuerza-social-e-interna-de-la-noviolencia-2\/#article\",\"isPartOf\":{\"@id\":\"https:\/\/www.pressenza.com\/es\/2021\/08\/la-fuerza-social-e-interna-de-la-noviolencia-2\/\"},\"author\":{\"name\":\"\u00c0gora Humanista\",\"@id\":\"https:\/\/www.pressenza.com\/es\/#\/schema\/person\/0148578445cadbbd1d1adc35f7ab4f96\"},\"headline\":\"La fuerza social e interna de la noviolencia\",\"datePublished\":\"2021-08-07T21:45:20+00:00\",\"dateModified\":\"2021-08-07T22:05:00+00:00\",\"mainEntityOfPage\":{\"@id\":\"https:\/\/www.pressenza.com\/es\/2021\/08\/la-fuerza-social-e-interna-de-la-noviolencia-2\/\"},\"wordCount\":770,\"publisher\":{\"@id\":\"https:\/\/www.pressenza.com\/es\/#organization\"},\"image\":{\"@id\":\"https:\/\/www.pressenza.com\/es\/2021\/08\/la-fuerza-social-e-interna-de-la-noviolencia-2\/#primaryimage\"},\"thumbnailUrl\":\"https:\/\/www.pressenza.com\/wp-content\/uploads\/2021\/08\/D42A81C2-45EA-46CE-84C0-9F43F3FC602C.jpeg\",\"keywords\":[\"No violencia\"],\"articleSection\":[\"Contenido Original\",\"Humanismo y Espiritualidad\",\"Opiniones\"],\"inLanguage\":\"es\"},{\"@type\":\"WebPage\",\"@id\":\"https:\/\/www.pressenza.com\/es\/2021\/08\/la-fuerza-social-e-interna-de-la-noviolencia-2\/\",\"url\":\"https:\/\/www.pressenza.com\/es\/2021\/08\/la-fuerza-social-e-interna-de-la-noviolencia-2\/\",\"name\":\"La fuerza social e interna de la noviolencia\",\"isPartOf\":{\"@id\":\"https:\/\/www.pressenza.com\/es\/#website\"},\"primaryImageOfPage\":{\"@id\":\"https:\/\/www.pressenza.com\/es\/2021\/08\/la-fuerza-social-e-interna-de-la-noviolencia-2\/#primaryimage\"},\"image\":{\"@id\":\"https:\/\/www.pressenza.com\/es\/2021\/08\/la-fuerza-social-e-interna-de-la-noviolencia-2\/#primaryimage\"},\"thumbnailUrl\":\"https:\/\/www.pressenza.com\/wp-content\/uploads\/2021\/08\/D42A81C2-45EA-46CE-84C0-9F43F3FC602C.jpeg\",\"datePublished\":\"2021-08-07T21:45:20+00:00\",\"dateModified\":\"2021-08-07T22:05:00+00:00\",\"description\":\"Interesados por las situaciones de desborde social que se est\u00e1n produciendo en diferentes ciudades del planeta nos damos cita algunos amigos y amigas para\",\"breadcrumb\":{\"@id\":\"https:\/\/www.pressenza.com\/es\/2021\/08\/la-fuerza-social-e-interna-de-la-noviolencia-2\/#breadcrumb\"},\"inLanguage\":\"es\",\"potentialAction\":[{\"@type\":\"ReadAction\",\"target\":[\"https:\/\/www.pressenza.com\/es\/2021\/08\/la-fuerza-social-e-interna-de-la-noviolencia-2\/\"]}]},{\"@type\":\"ImageObject\",\"inLanguage\":\"es\",\"@id\":\"https:\/\/www.pressenza.com\/es\/2021\/08\/la-fuerza-social-e-interna-de-la-noviolencia-2\/#primaryimage\",\"url\":\"https:\/\/www.pressenza.com\/wp-content\/uploads\/2021\/08\/D42A81C2-45EA-46CE-84C0-9F43F3FC602C.jpeg\",\"contentUrl\":\"https:\/\/www.pressenza.com\/wp-content\/uploads\/2021\/08\/D42A81C2-45EA-46CE-84C0-9F43F3FC602C.jpeg\",\"width\":1000,\"height\":750},{\"@type\":\"BreadcrumbList\",\"@id\":\"https:\/\/www.pressenza.com\/es\/2021\/08\/la-fuerza-social-e-interna-de-la-noviolencia-2\/#breadcrumb\",\"itemListElement\":[{\"@type\":\"ListItem\",\"position\":1,\"name\":\"Accueil\",\"item\":\"https:\/\/www.pressenza.com\/es\/\"},{\"@type\":\"ListItem\",\"position\":2,\"name\":\"La fuerza social e interna de la noviolencia\"}]},{\"@type\":\"WebSite\",\"@id\":\"https:\/\/www.pressenza.com\/es\/#website\",\"url\":\"https:\/\/www.pressenza.com\/es\/\",\"name\":\"Pressenza\",\"description\":\"International Press Agency\",\"publisher\":{\"@id\":\"https:\/\/www.pressenza.com\/es\/#organization\"},\"potentialAction\":[{\"@type\":\"SearchAction\",\"target\":{\"@type\":\"EntryPoint\",\"urlTemplate\":\"https:\/\/www.pressenza.com\/es\/?s={search_term_string}\"},\"query-input\":{\"@type\":\"PropertyValueSpecification\",\"valueRequired\":true,\"valueName\":\"search_term_string\"}}],\"inLanguage\":\"es\"},{\"@type\":\"Organization\",\"@id\":\"https:\/\/www.pressenza.com\/es\/#organization\",\"name\":\"Pressenza\",\"url\":\"https:\/\/www.pressenza.com\/es\/\",\"logo\":{\"@type\":\"ImageObject\",\"inLanguage\":\"es\",\"@id\":\"https:\/\/www.pressenza.com\/es\/#\/schema\/logo\/image\/\",\"url\":\"https:\/\/www.pressenza.com\/wp-content\/uploads\/2022\/10\/pressenza_logo_200x200.jpg\",\"contentUrl\":\"https:\/\/www.pressenza.com\/wp-content\/uploads\/2022\/10\/pressenza_logo_200x200.jpg\",\"width\":200,\"height\":200,\"caption\":\"Pressenza\"},\"image\":{\"@id\":\"https:\/\/www.pressenza.com\/es\/#\/schema\/logo\/image\/\"},\"sameAs\":[\"https:\/\/www.facebook.com\/PressenzaItalia\",\"https:\/\/x.com\/PressenzaIPA\"]},{\"@type\":\"Person\",\"@id\":\"https:\/\/www.pressenza.com\/es\/#\/schema\/person\/0148578445cadbbd1d1adc35f7ab4f96\",\"name\":\"\u00c0gora Humanista\",\"description\":\"\u00c0gora Humanista es un centro socio-cultural ubicado en Barcelona, que abri\u00f3 sus puertas en 2007. Sus promotores se han inspirado en las propuestas del Nuevo Humanismo Universalista. Partiendo de la convicci\u00f3n de que el conjunto mejora al individuo, se organizan encuentros abiertos peri\u00f3dicos para intercambiar sobre temas propuestos por los participantes, en torno a tem\u00e1ticas acordes con el cambio personal y social, la evoluci\u00f3n de la conciencia, los procesos hist\u00f3ricos y la espiritualidad; en estos debates, se intenta profundizar a partir de experiencias personales, adem\u00e1s de los aportes te\u00f3ricos de los participantes. http:\/\/agora9b.blogspot.com\/\",\"sameAs\":[\"http:\/\/agora9b.blogspot.com\/\"],\"url\":\"https:\/\/www.pressenza.com\/es\/author\/agora-humanista\/\"}]}<\/script>\n<!-- \/ Yoast SEO plugin. -->","yoast_head_json":{"title":"La fuerza social e interna de la noviolencia","description":"Interesados por las situaciones de desborde social que se est\u00e1n produciendo en diferentes ciudades del planeta nos damos cita algunos amigos y amigas para","robots":{"index":"index","follow":"follow","max-snippet":"max-snippet:-1","max-image-preview":"max-image-preview:large","max-video-preview":"max-video-preview:-1"},"canonical":"https:\/\/www.pressenza.com\/es\/2021\/08\/la-fuerza-social-e-interna-de-la-noviolencia-2\/","og_locale":"es_ES","og_type":"article","og_title":"La fuerza social e interna de la noviolencia","og_description":"Interesados por las situaciones de desborde social que se est\u00e1n produciendo en diferentes ciudades del planeta nos damos cita algunos amigos y amigas para","og_url":"https:\/\/www.pressenza.com\/es\/2021\/08\/la-fuerza-social-e-interna-de-la-noviolencia-2\/","og_site_name":"Pressenza","article_publisher":"https:\/\/www.facebook.com\/PressenzaItalia","article_published_time":"2021-08-07T21:45:20+00:00","article_modified_time":"2021-08-07T22:05:00+00:00","og_image":[{"width":1000,"height":750,"url":"https:\/\/www.pressenza.com\/wp-content\/uploads\/2021\/08\/D42A81C2-45EA-46CE-84C0-9F43F3FC602C.jpeg","type":"image\/jpeg"}],"author":"\u00c0gora Humanista","twitter_card":"summary_large_image","twitter_creator":"@PressenzaIPA","twitter_site":"@PressenzaIPA","twitter_misc":{"Escrito por":"\u00c0gora Humanista","Tiempo de lectura":"4 minutos"},"schema":{"@context":"https:\/\/schema.org","@graph":[{"@type":"Article","@id":"https:\/\/www.pressenza.com\/es\/2021\/08\/la-fuerza-social-e-interna-de-la-noviolencia-2\/#article","isPartOf":{"@id":"https:\/\/www.pressenza.com\/es\/2021\/08\/la-fuerza-social-e-interna-de-la-noviolencia-2\/"},"author":{"name":"\u00c0gora Humanista","@id":"https:\/\/www.pressenza.com\/es\/#\/schema\/person\/0148578445cadbbd1d1adc35f7ab4f96"},"headline":"La fuerza social e interna de la noviolencia","datePublished":"2021-08-07T21:45:20+00:00","dateModified":"2021-08-07T22:05:00+00:00","mainEntityOfPage":{"@id":"https:\/\/www.pressenza.com\/es\/2021\/08\/la-fuerza-social-e-interna-de-la-noviolencia-2\/"},"wordCount":770,"publisher":{"@id":"https:\/\/www.pressenza.com\/es\/#organization"},"image":{"@id":"https:\/\/www.pressenza.com\/es\/2021\/08\/la-fuerza-social-e-interna-de-la-noviolencia-2\/#primaryimage"},"thumbnailUrl":"https:\/\/www.pressenza.com\/wp-content\/uploads\/2021\/08\/D42A81C2-45EA-46CE-84C0-9F43F3FC602C.jpeg","keywords":["No violencia"],"articleSection":["Contenido Original","Humanismo y Espiritualidad","Opiniones"],"inLanguage":"es"},{"@type":"WebPage","@id":"https:\/\/www.pressenza.com\/es\/2021\/08\/la-fuerza-social-e-interna-de-la-noviolencia-2\/","url":"https:\/\/www.pressenza.com\/es\/2021\/08\/la-fuerza-social-e-interna-de-la-noviolencia-2\/","name":"La fuerza social e interna de la noviolencia","isPartOf":{"@id":"https:\/\/www.pressenza.com\/es\/#website"},"primaryImageOfPage":{"@id":"https:\/\/www.pressenza.com\/es\/2021\/08\/la-fuerza-social-e-interna-de-la-noviolencia-2\/#primaryimage"},"image":{"@id":"https:\/\/www.pressenza.com\/es\/2021\/08\/la-fuerza-social-e-interna-de-la-noviolencia-2\/#primaryimage"},"thumbnailUrl":"https:\/\/www.pressenza.com\/wp-content\/uploads\/2021\/08\/D42A81C2-45EA-46CE-84C0-9F43F3FC602C.jpeg","datePublished":"2021-08-07T21:45:20+00:00","dateModified":"2021-08-07T22:05:00+00:00","description":"Interesados por las situaciones de desborde social que se est\u00e1n produciendo en diferentes ciudades del planeta nos damos cita algunos amigos y amigas para","breadcrumb":{"@id":"https:\/\/www.pressenza.com\/es\/2021\/08\/la-fuerza-social-e-interna-de-la-noviolencia-2\/#breadcrumb"},"inLanguage":"es","potentialAction":[{"@type":"ReadAction","target":["https:\/\/www.pressenza.com\/es\/2021\/08\/la-fuerza-social-e-interna-de-la-noviolencia-2\/"]}]},{"@type":"ImageObject","inLanguage":"es","@id":"https:\/\/www.pressenza.com\/es\/2021\/08\/la-fuerza-social-e-interna-de-la-noviolencia-2\/#primaryimage","url":"https:\/\/www.pressenza.com\/wp-content\/uploads\/2021\/08\/D42A81C2-45EA-46CE-84C0-9F43F3FC602C.jpeg","contentUrl":"https:\/\/www.pressenza.com\/wp-content\/uploads\/2021\/08\/D42A81C2-45EA-46CE-84C0-9F43F3FC602C.jpeg","width":1000,"height":750},{"@type":"BreadcrumbList","@id":"https:\/\/www.pressenza.com\/es\/2021\/08\/la-fuerza-social-e-interna-de-la-noviolencia-2\/#breadcrumb","itemListElement":[{"@type":"ListItem","position":1,"name":"Accueil","item":"https:\/\/www.pressenza.com\/es\/"},{"@type":"ListItem","position":2,"name":"La fuerza social e interna de la noviolencia"}]},{"@type":"WebSite","@id":"https:\/\/www.pressenza.com\/es\/#website","url":"https:\/\/www.pressenza.com\/es\/","name":"Pressenza","description":"International Press Agency","publisher":{"@id":"https:\/\/www.pressenza.com\/es\/#organization"},"potentialAction":[{"@type":"SearchAction","target":{"@type":"EntryPoint","urlTemplate":"https:\/\/www.pressenza.com\/es\/?s={search_term_string}"},"query-input":{"@type":"PropertyValueSpecification","valueRequired":true,"valueName":"search_term_string"}}],"inLanguage":"es"},{"@type":"Organization","@id":"https:\/\/www.pressenza.com\/es\/#organization","name":"Pressenza","url":"https:\/\/www.pressenza.com\/es\/","logo":{"@type":"ImageObject","inLanguage":"es","@id":"https:\/\/www.pressenza.com\/es\/#\/schema\/logo\/image\/","url":"https:\/\/www.pressenza.com\/wp-content\/uploads\/2022\/10\/pressenza_logo_200x200.jpg","contentUrl":"https:\/\/www.pressenza.com\/wp-content\/uploads\/2022\/10\/pressenza_logo_200x200.jpg","width":200,"height":200,"caption":"Pressenza"},"image":{"@id":"https:\/\/www.pressenza.com\/es\/#\/schema\/logo\/image\/"},"sameAs":["https:\/\/www.facebook.com\/PressenzaItalia","https:\/\/x.com\/PressenzaIPA"]},{"@type":"Person","@id":"https:\/\/www.pressenza.com\/es\/#\/schema\/person\/0148578445cadbbd1d1adc35f7ab4f96","name":"\u00c0gora Humanista","description":"\u00c0gora Humanista es un centro socio-cultural ubicado en Barcelona, que abri\u00f3 sus puertas en 2007. Sus promotores se han inspirado en las propuestas del Nuevo Humanismo Universalista. Partiendo de la convicci\u00f3n de que el conjunto mejora al individuo, se organizan encuentros abiertos peri\u00f3dicos para intercambiar sobre temas propuestos por los participantes, en torno a tem\u00e1ticas acordes con el cambio personal y social, la evoluci\u00f3n de la conciencia, los procesos hist\u00f3ricos y la espiritualidad; en estos debates, se intenta profundizar a partir de experiencias personales, adem\u00e1s de los aportes te\u00f3ricos de los participantes. http:\/\/agora9b.blogspot.com\/","sameAs":["http:\/\/agora9b.blogspot.com\/"],"url":"https:\/\/www.pressenza.com\/es\/author\/agora-humanista\/"}]}},"place":"","original_article_url":"","_links":{"self":[{"href":"https:\/\/www.pressenza.com\/es\/wp-json\/wp\/v2\/posts\/1411137","targetHints":{"allow":["GET"]}}],"collection":[{"href":"https:\/\/www.pressenza.com\/es\/wp-json\/wp\/v2\/posts"}],"about":[{"href":"https:\/\/www.pressenza.com\/es\/wp-json\/wp\/v2\/types\/post"}],"author":[{"embeddable":true,"href":"https:\/\/www.pressenza.com\/es\/wp-json\/wp\/v2\/users\/1691"}],"replies":[{"embeddable":true,"href":"https:\/\/www.pressenza.com\/es\/wp-json\/wp\/v2\/comments?post=1411137"}],"version-history":[{"count":0,"href":"https:\/\/www.pressenza.com\/es\/wp-json\/wp\/v2\/posts\/1411137\/revisions"}],"wp:featuredmedia":[{"embeddable":true,"href":"https:\/\/www.pressenza.com\/es\/wp-json\/wp\/v2\/media\/1411138"}],"wp:attachment":[{"href":"https:\/\/www.pressenza.com\/es\/wp-json\/wp\/v2\/media?parent=1411137"}],"wp:term":[{"taxonomy":"category","embeddable":true,"href":"https:\/\/www.pressenza.com\/es\/wp-json\/wp\/v2\/categories?post=1411137"},{"taxonomy":"post_tag","embeddable":true,"href":"https:\/\/www.pressenza.com\/es\/wp-json\/wp\/v2\/tags?post=1411137"}],"curies":[{"name":"wp","href":"https:\/\/api.w.org\/{rel}","templated":true}]}}