{"id":1411039,"date":"2021-08-08T10:25:31","date_gmt":"2021-08-08T09:25:31","guid":{"rendered":"https:\/\/www.pressenza.com\/?p=1411039"},"modified":"2021-08-07T22:30:01","modified_gmt":"2021-08-07T21:30:01","slug":"australia-indemnizara-a-indigenas-de-la-generacion-robada","status":"publish","type":"post","link":"https:\/\/www.pressenza.com\/es\/2021\/08\/australia-indemnizara-a-indigenas-de-la-generacion-robada\/","title":{"rendered":"Australia indemnizar\u00e1 a ind\u00edgenas de la \u2018generaci\u00f3n robada\u2019"},"content":{"rendered":"<p style=\"padding-left: 40px;\"><em>Anuncio del Primer Ministro australiano se realiza meses despu\u00e9s que un grupo de victimas demandara al Estado.<\/em><\/p>\n<p>Servindi, 9 de agosto, 2021.- El Primer Ministro de Australia, Scott Morrison, anunci\u00f3 que el gobierno indemnizar\u00e1 a los abor\u00edgenes del pa\u00eds que fueron separados de sus familias en la infancia.<\/p>\n<p>El mandatario afirm\u00f3 que se otorgar\u00e1 alrededor de 75 mil d\u00f3lares australianos a las miles de v\u00edctimas de lo que llam\u00f3 \u201cun cap\u00edtulo vergonzoso\u201d de la historia de la naci\u00f3n.<\/p>\n<p>Durante gran parte del siglo XX, la pol\u00edtica de asimilaci\u00f3n en Australia afect\u00f3 a alrededor de 100 mil infantes, quienes pasaron a integrar la \u2018generaci\u00f3n robada\u2019.<\/p>\n<h3 class=\"nota-interior-subtitulo\"><strong>Carga colonial<\/strong><\/h3>\n<p>Con un <a href=\"https:\/\/www.pm.gov.au\/media\/stolen-generations-redress-scheme\" target=\"_blank\" rel=\"noopener\">anuncio oficial<\/a>, el Ministro Morrison detall\u00f3 que se destinar\u00e1 una cifra total de\u00a0378 millones de d\u00f3lares australianos para compensar a alrededor de 3600 supervivientes de la pol\u00edtica de asimilaci\u00f3n del pa\u00eds.<\/p>\n<p>La disposici\u00f3n consiste en un pago 75 mil d\u00f3lares australianos a cada persona afectada por la separaci\u00f3n forzosa y otro pago de 7 mil, para conseguir un tratamiento de apoyo.<\/p>\n<p>Adem\u00e1s de ello, los\u00a0afectados tendr\u00e1n la posibilidad de explicar, presencialmente, el impacto que les gener\u00f3 esta separaci\u00f3n forzosa a un alto funcionario del gobierno y recibir una disculpa del mismo.<\/p>\n<p>El programa de reparaciones recibir\u00e1 inscripciones a partir del 1 de marzo del 2022, mientras tanto la Agencia Nacional de Ind\u00edgenas Australianos se encargar\u00e1 de su planificaci\u00f3n.<\/p>\n<h3 class=\"nota-interior-subtitulo\"><strong>Brechas pendientes<\/strong><\/h3>\n<p>La medida se toma luego de que, en abril de este a\u00f1o, un grupo personas de la \u2018generaci\u00f3n robada\u2019 haya interpuesto una <a href=\"https:\/\/www.rfi.fr\/es\/asia-pacifico\/20210428-los-ni%C3%B1os-abor%C3%ADgenes-robados-llevan-al-gobierno-australiano-a-los-tribunales\" target=\"_blank\" rel=\"noopener\">demanda colectiva contra el gobierno<\/a>.<\/p>\n<p>La indemnizaci\u00f3n se enmarca en un plan de cierre de brechas que el gobierno australiano desarrolla para la poblaci\u00f3n ind\u00edgena del pa\u00eds.<\/p>\n<p>\u201cEste anuncio refleja el compromiso del Gobierno de reconocer los errores del pasado como parte de un proceso de reconciliaci\u00f3n nacional\u201d, <a href=\"https:\/\/www.pm.gov.au\/media\/stolen-generations-redress-scheme\" target=\"_blank\" rel=\"noopener\">se\u00f1al\u00f3 el Ministro para asuntos ind\u00edgenas Ken Wyatt<\/a>.<\/p>\n<blockquote class=\"twitter-tweet\" data-width=\"500\" data-dnt=\"true\">\n<p lang=\"en\" dir=\"ltr\">Today, the Prime Minister <a href=\"https:\/\/twitter.com\/ScottMorrisonMP?ref_src=twsrc%5Etfw\">@ScottMorrisonMP<\/a> launched the Commonwealth\u2019s Closing the Gap Implementation Plan and our investment, demonstrating the Morrison Government\u2019s commitment to Close the Gap. <a href=\"https:\/\/t.co\/CE7s3Zcfkg\">https:\/\/t.co\/CE7s3Zcfkg<\/a> <a href=\"https:\/\/t.co\/uLW6YfhsND\">pic.twitter.com\/uLW6YfhsND<\/a><\/p>\n<p>&mdash; Ken Wyatt (@KenWyattAM) <a href=\"https:\/\/twitter.com\/KenWyattAM\/status\/1423088976714297347?ref_src=twsrc%5Etfw\">August 5, 2021<\/a><\/p><\/blockquote>\n<p><script async src=\"https:\/\/platform.twitter.com\/widgets.js\" charset=\"utf-8\"><\/script><\/p>\n<h3 class=\"nota-interior-subtitulo\"><strong>Prolongada marginaci\u00f3n<\/strong><\/h3>\n<p>Entre 1910 y 1970 estuvo vigente esta pol\u00edtica de asimilaci\u00f3n, que extra\u00eda a ni\u00f1os ind\u00edgenas de sus hogares en el Territorio del Norte, Canberra y Jervis Bay para entregarlos a instituciones.<\/p>\n<p>Muchas de las v\u00edctimas de estas pol\u00edticas fallecieron sin llegar a conocer a sus verdaderas familias biol\u00f3gicas. Adem\u00e1s de la traum\u00e1tica experiencia, sufrieron innumerables abusos f\u00edsicos y psicol\u00f3gicos.<\/p>\n<p>En Australia, la poblaci\u00f3n aborigen est\u00e1 compuesta por alrededor de 700 mil personas (3% de los habitantes del pa\u00eds) y representan el sector m\u00e1s vulnerable y marginado.<\/p>\n","protected":false},"excerpt":{"rendered":"<p>Anuncio del Primer Ministro australiano se realiza meses despu\u00e9s que un grupo de victimas demandara al Estado. Servindi, 9 de agosto, 2021.- El Primer Ministro de Australia, Scott Morrison, anunci\u00f3 que el gobierno indemnizar\u00e1 a los abor\u00edgenes del pa\u00eds que&hellip;<\/p>\n","protected":false},"author":1256,"featured_media":1411121,"comment_status":"closed","ping_status":"closed","sticky":false,"template":"","format":"standard","meta":{"footnotes":""},"categories":[75,79,70,80],"tags":[29477,15929,93750],"class_list":["post-1411039","post","type-post","status-publish","format-standard","has-post-thumbnail","hentry","category-cultura-es","category-derechos-humanos","category-oceania-region-es","category-pueblos-originarios","tag-aborigenes","tag-australia-es","tag-indemnizacion-indigena"],"yoast_head":"<!-- This site is optimized with the Yoast SEO plugin v27.1.1 - https:\/\/yoast.com\/product\/yoast-seo-wordpress\/ -->\n<title>Australia indemnizar\u00e1 a ind\u00edgenas de la \u2018generaci\u00f3n robada\u2019<\/title>\n<meta name=\"description\" content=\"Anuncio del Primer Ministro australiano se realiza meses despu\u00e9s que un grupo de victimas demandara al Estado. Servindi, 9 de agosto, 2021.- El Primer\" \/>\n<meta name=\"robots\" content=\"index, follow, max-snippet:-1, max-image-preview:large, max-video-preview:-1\" \/>\n<link rel=\"canonical\" href=\"https:\/\/www.pressenza.com\/es\/2021\/08\/australia-indemnizara-a-indigenas-de-la-generacion-robada\/\" \/>\n<meta property=\"og:locale\" content=\"es_ES\" \/>\n<meta property=\"og:type\" content=\"article\" \/>\n<meta property=\"og:title\" content=\"Australia indemnizar\u00e1 a ind\u00edgenas de la \u2018generaci\u00f3n robada\u2019\" \/>\n<meta property=\"og:description\" content=\"Anuncio del Primer Ministro australiano se realiza meses despu\u00e9s que un grupo de victimas demandara al Estado. Servindi, 9 de agosto, 2021.- El Primer\" \/>\n<meta property=\"og:url\" content=\"https:\/\/www.pressenza.com\/es\/2021\/08\/australia-indemnizara-a-indigenas-de-la-generacion-robada\/\" \/>\n<meta property=\"og:site_name\" content=\"Pressenza\" \/>\n<meta property=\"article:publisher\" content=\"https:\/\/www.facebook.com\/PressenzaItalia\" \/>\n<meta property=\"article:author\" content=\"https:\/\/www.facebook.com\/servindinoticias\/?fref=ts\" \/>\n<meta property=\"article:published_time\" content=\"2021-08-08T09:25:31+00:00\" \/>\n<meta property=\"og:image\" content=\"https:\/\/www.pressenza.com\/wp-content\/uploads\/2021\/08\/pueblos_indigenas_australia.jpg\" \/>\n\t<meta property=\"og:image:width\" content=\"950\" \/>\n\t<meta property=\"og:image:height\" content=\"675\" \/>\n\t<meta property=\"og:image:type\" content=\"image\/jpeg\" \/>\n<meta name=\"author\" content=\"SERVINDI\" \/>\n<meta name=\"twitter:card\" content=\"summary_large_image\" \/>\n<meta name=\"twitter:creator\" content=\"@servindi\" \/>\n<meta name=\"twitter:site\" content=\"@PressenzaIPA\" \/>\n<meta name=\"twitter:label1\" content=\"Escrito por\" \/>\n\t<meta name=\"twitter:data1\" content=\"SERVINDI\" \/>\n\t<meta name=\"twitter:label2\" content=\"Tiempo de lectura\" \/>\n\t<meta name=\"twitter:data2\" content=\"2 minutos\" \/>\n<script type=\"application\/ld+json\" class=\"yoast-schema-graph\">{\"@context\":\"https:\/\/schema.org\",\"@graph\":[{\"@type\":\"Article\",\"@id\":\"https:\/\/www.pressenza.com\/es\/2021\/08\/australia-indemnizara-a-indigenas-de-la-generacion-robada\/#article\",\"isPartOf\":{\"@id\":\"https:\/\/www.pressenza.com\/es\/2021\/08\/australia-indemnizara-a-indigenas-de-la-generacion-robada\/\"},\"author\":{\"name\":\"SERVINDI\",\"@id\":\"https:\/\/www.pressenza.com\/es\/#\/schema\/person\/6f7bffaf2962fc89e55e93589c50d908\"},\"headline\":\"Australia indemnizar\u00e1 a ind\u00edgenas de la \u2018generaci\u00f3n robada\u2019\",\"datePublished\":\"2021-08-08T09:25:31+00:00\",\"mainEntityOfPage\":{\"@id\":\"https:\/\/www.pressenza.com\/es\/2021\/08\/australia-indemnizara-a-indigenas-de-la-generacion-robada\/\"},\"wordCount\":448,\"publisher\":{\"@id\":\"https:\/\/www.pressenza.com\/es\/#organization\"},\"image\":{\"@id\":\"https:\/\/www.pressenza.com\/es\/2021\/08\/australia-indemnizara-a-indigenas-de-la-generacion-robada\/#primaryimage\"},\"thumbnailUrl\":\"https:\/\/www.pressenza.com\/wp-content\/uploads\/2021\/08\/pueblos_indigenas_australia.jpg\",\"keywords\":[\"abor\u00edgenes\",\"Australia\",\"indemnizaci\u00f3n ind\u00edgena\"],\"articleSection\":[\"Cultura y Medios\",\"Derechos Humanos\",\"Oceania\",\"Pueblos Originarios\"],\"inLanguage\":\"es\"},{\"@type\":\"WebPage\",\"@id\":\"https:\/\/www.pressenza.com\/es\/2021\/08\/australia-indemnizara-a-indigenas-de-la-generacion-robada\/\",\"url\":\"https:\/\/www.pressenza.com\/es\/2021\/08\/australia-indemnizara-a-indigenas-de-la-generacion-robada\/\",\"name\":\"Australia indemnizar\u00e1 a ind\u00edgenas de la \u2018generaci\u00f3n robada\u2019\",\"isPartOf\":{\"@id\":\"https:\/\/www.pressenza.com\/es\/#website\"},\"primaryImageOfPage\":{\"@id\":\"https:\/\/www.pressenza.com\/es\/2021\/08\/australia-indemnizara-a-indigenas-de-la-generacion-robada\/#primaryimage\"},\"image\":{\"@id\":\"https:\/\/www.pressenza.com\/es\/2021\/08\/australia-indemnizara-a-indigenas-de-la-generacion-robada\/#primaryimage\"},\"thumbnailUrl\":\"https:\/\/www.pressenza.com\/wp-content\/uploads\/2021\/08\/pueblos_indigenas_australia.jpg\",\"datePublished\":\"2021-08-08T09:25:31+00:00\",\"description\":\"Anuncio del Primer Ministro australiano se realiza meses despu\u00e9s que un grupo de victimas demandara al Estado. Servindi, 9 de agosto, 2021.- El Primer\",\"breadcrumb\":{\"@id\":\"https:\/\/www.pressenza.com\/es\/2021\/08\/australia-indemnizara-a-indigenas-de-la-generacion-robada\/#breadcrumb\"},\"inLanguage\":\"es\",\"potentialAction\":[{\"@type\":\"ReadAction\",\"target\":[\"https:\/\/www.pressenza.com\/es\/2021\/08\/australia-indemnizara-a-indigenas-de-la-generacion-robada\/\"]}]},{\"@type\":\"ImageObject\",\"inLanguage\":\"es\",\"@id\":\"https:\/\/www.pressenza.com\/es\/2021\/08\/australia-indemnizara-a-indigenas-de-la-generacion-robada\/#primaryimage\",\"url\":\"https:\/\/www.pressenza.com\/wp-content\/uploads\/2021\/08\/pueblos_indigenas_australia.jpg\",\"contentUrl\":\"https:\/\/www.pressenza.com\/wp-content\/uploads\/2021\/08\/pueblos_indigenas_australia.jpg\",\"width\":950,\"height\":675},{\"@type\":\"BreadcrumbList\",\"@id\":\"https:\/\/www.pressenza.com\/es\/2021\/08\/australia-indemnizara-a-indigenas-de-la-generacion-robada\/#breadcrumb\",\"itemListElement\":[{\"@type\":\"ListItem\",\"position\":1,\"name\":\"Accueil\",\"item\":\"https:\/\/www.pressenza.com\/es\/\"},{\"@type\":\"ListItem\",\"position\":2,\"name\":\"Australia indemnizar\u00e1 a ind\u00edgenas de la \u2018generaci\u00f3n robada\u2019\"}]},{\"@type\":\"WebSite\",\"@id\":\"https:\/\/www.pressenza.com\/es\/#website\",\"url\":\"https:\/\/www.pressenza.com\/es\/\",\"name\":\"Pressenza\",\"description\":\"International Press Agency\",\"publisher\":{\"@id\":\"https:\/\/www.pressenza.com\/es\/#organization\"},\"potentialAction\":[{\"@type\":\"SearchAction\",\"target\":{\"@type\":\"EntryPoint\",\"urlTemplate\":\"https:\/\/www.pressenza.com\/es\/?s={search_term_string}\"},\"query-input\":{\"@type\":\"PropertyValueSpecification\",\"valueRequired\":true,\"valueName\":\"search_term_string\"}}],\"inLanguage\":\"es\"},{\"@type\":\"Organization\",\"@id\":\"https:\/\/www.pressenza.com\/es\/#organization\",\"name\":\"Pressenza\",\"url\":\"https:\/\/www.pressenza.com\/es\/\",\"logo\":{\"@type\":\"ImageObject\",\"inLanguage\":\"es\",\"@id\":\"https:\/\/www.pressenza.com\/es\/#\/schema\/logo\/image\/\",\"url\":\"https:\/\/www.pressenza.com\/wp-content\/uploads\/2022\/10\/pressenza_logo_200x200.jpg\",\"contentUrl\":\"https:\/\/www.pressenza.com\/wp-content\/uploads\/2022\/10\/pressenza_logo_200x200.jpg\",\"width\":200,\"height\":200,\"caption\":\"Pressenza\"},\"image\":{\"@id\":\"https:\/\/www.pressenza.com\/es\/#\/schema\/logo\/image\/\"},\"sameAs\":[\"https:\/\/www.facebook.com\/PressenzaItalia\",\"https:\/\/x.com\/PressenzaIPA\"]},{\"@type\":\"Person\",\"@id\":\"https:\/\/www.pressenza.com\/es\/#\/schema\/person\/6f7bffaf2962fc89e55e93589c50d908\",\"name\":\"SERVINDI\",\"description\":\"Conscientes de nuestro rol de apoyo y acompa\u00f1amiento operamos como una agencia de noticias y elaboramos notas informativas, informes especiales, entrevistas y producciones de audio y v\u00eddeo, relacionadas al acontecer ind\u00edgena y ambiental nacional y mundial. www.servindi.org\",\"sameAs\":[\"https:\/\/www.facebook.com\/servindinoticias\/?fref=ts\",\"https:\/\/x.com\/servindi\"],\"url\":\"https:\/\/www.pressenza.com\/es\/author\/servindi\/\"}]}<\/script>\n<!-- \/ Yoast SEO plugin. -->","yoast_head_json":{"title":"Australia indemnizar\u00e1 a ind\u00edgenas de la \u2018generaci\u00f3n robada\u2019","description":"Anuncio del Primer Ministro australiano se realiza meses despu\u00e9s que un grupo de victimas demandara al Estado. Servindi, 9 de agosto, 2021.- El Primer","robots":{"index":"index","follow":"follow","max-snippet":"max-snippet:-1","max-image-preview":"max-image-preview:large","max-video-preview":"max-video-preview:-1"},"canonical":"https:\/\/www.pressenza.com\/es\/2021\/08\/australia-indemnizara-a-indigenas-de-la-generacion-robada\/","og_locale":"es_ES","og_type":"article","og_title":"Australia indemnizar\u00e1 a ind\u00edgenas de la \u2018generaci\u00f3n robada\u2019","og_description":"Anuncio del Primer Ministro australiano se realiza meses despu\u00e9s que un grupo de victimas demandara al Estado. Servindi, 9 de agosto, 2021.- El Primer","og_url":"https:\/\/www.pressenza.com\/es\/2021\/08\/australia-indemnizara-a-indigenas-de-la-generacion-robada\/","og_site_name":"Pressenza","article_publisher":"https:\/\/www.facebook.com\/PressenzaItalia","article_author":"https:\/\/www.facebook.com\/servindinoticias\/?fref=ts","article_published_time":"2021-08-08T09:25:31+00:00","og_image":[{"width":950,"height":675,"url":"https:\/\/www.pressenza.com\/wp-content\/uploads\/2021\/08\/pueblos_indigenas_australia.jpg","type":"image\/jpeg"}],"author":"SERVINDI","twitter_card":"summary_large_image","twitter_creator":"@servindi","twitter_site":"@PressenzaIPA","twitter_misc":{"Escrito por":"SERVINDI","Tiempo de lectura":"2 minutos"},"schema":{"@context":"https:\/\/schema.org","@graph":[{"@type":"Article","@id":"https:\/\/www.pressenza.com\/es\/2021\/08\/australia-indemnizara-a-indigenas-de-la-generacion-robada\/#article","isPartOf":{"@id":"https:\/\/www.pressenza.com\/es\/2021\/08\/australia-indemnizara-a-indigenas-de-la-generacion-robada\/"},"author":{"name":"SERVINDI","@id":"https:\/\/www.pressenza.com\/es\/#\/schema\/person\/6f7bffaf2962fc89e55e93589c50d908"},"headline":"Australia indemnizar\u00e1 a ind\u00edgenas de la \u2018generaci\u00f3n robada\u2019","datePublished":"2021-08-08T09:25:31+00:00","mainEntityOfPage":{"@id":"https:\/\/www.pressenza.com\/es\/2021\/08\/australia-indemnizara-a-indigenas-de-la-generacion-robada\/"},"wordCount":448,"publisher":{"@id":"https:\/\/www.pressenza.com\/es\/#organization"},"image":{"@id":"https:\/\/www.pressenza.com\/es\/2021\/08\/australia-indemnizara-a-indigenas-de-la-generacion-robada\/#primaryimage"},"thumbnailUrl":"https:\/\/www.pressenza.com\/wp-content\/uploads\/2021\/08\/pueblos_indigenas_australia.jpg","keywords":["abor\u00edgenes","Australia","indemnizaci\u00f3n ind\u00edgena"],"articleSection":["Cultura y Medios","Derechos Humanos","Oceania","Pueblos Originarios"],"inLanguage":"es"},{"@type":"WebPage","@id":"https:\/\/www.pressenza.com\/es\/2021\/08\/australia-indemnizara-a-indigenas-de-la-generacion-robada\/","url":"https:\/\/www.pressenza.com\/es\/2021\/08\/australia-indemnizara-a-indigenas-de-la-generacion-robada\/","name":"Australia indemnizar\u00e1 a ind\u00edgenas de la \u2018generaci\u00f3n robada\u2019","isPartOf":{"@id":"https:\/\/www.pressenza.com\/es\/#website"},"primaryImageOfPage":{"@id":"https:\/\/www.pressenza.com\/es\/2021\/08\/australia-indemnizara-a-indigenas-de-la-generacion-robada\/#primaryimage"},"image":{"@id":"https:\/\/www.pressenza.com\/es\/2021\/08\/australia-indemnizara-a-indigenas-de-la-generacion-robada\/#primaryimage"},"thumbnailUrl":"https:\/\/www.pressenza.com\/wp-content\/uploads\/2021\/08\/pueblos_indigenas_australia.jpg","datePublished":"2021-08-08T09:25:31+00:00","description":"Anuncio del Primer Ministro australiano se realiza meses despu\u00e9s que un grupo de victimas demandara al Estado. Servindi, 9 de agosto, 2021.- El Primer","breadcrumb":{"@id":"https:\/\/www.pressenza.com\/es\/2021\/08\/australia-indemnizara-a-indigenas-de-la-generacion-robada\/#breadcrumb"},"inLanguage":"es","potentialAction":[{"@type":"ReadAction","target":["https:\/\/www.pressenza.com\/es\/2021\/08\/australia-indemnizara-a-indigenas-de-la-generacion-robada\/"]}]},{"@type":"ImageObject","inLanguage":"es","@id":"https:\/\/www.pressenza.com\/es\/2021\/08\/australia-indemnizara-a-indigenas-de-la-generacion-robada\/#primaryimage","url":"https:\/\/www.pressenza.com\/wp-content\/uploads\/2021\/08\/pueblos_indigenas_australia.jpg","contentUrl":"https:\/\/www.pressenza.com\/wp-content\/uploads\/2021\/08\/pueblos_indigenas_australia.jpg","width":950,"height":675},{"@type":"BreadcrumbList","@id":"https:\/\/www.pressenza.com\/es\/2021\/08\/australia-indemnizara-a-indigenas-de-la-generacion-robada\/#breadcrumb","itemListElement":[{"@type":"ListItem","position":1,"name":"Accueil","item":"https:\/\/www.pressenza.com\/es\/"},{"@type":"ListItem","position":2,"name":"Australia indemnizar\u00e1 a ind\u00edgenas de la \u2018generaci\u00f3n robada\u2019"}]},{"@type":"WebSite","@id":"https:\/\/www.pressenza.com\/es\/#website","url":"https:\/\/www.pressenza.com\/es\/","name":"Pressenza","description":"International Press Agency","publisher":{"@id":"https:\/\/www.pressenza.com\/es\/#organization"},"potentialAction":[{"@type":"SearchAction","target":{"@type":"EntryPoint","urlTemplate":"https:\/\/www.pressenza.com\/es\/?s={search_term_string}"},"query-input":{"@type":"PropertyValueSpecification","valueRequired":true,"valueName":"search_term_string"}}],"inLanguage":"es"},{"@type":"Organization","@id":"https:\/\/www.pressenza.com\/es\/#organization","name":"Pressenza","url":"https:\/\/www.pressenza.com\/es\/","logo":{"@type":"ImageObject","inLanguage":"es","@id":"https:\/\/www.pressenza.com\/es\/#\/schema\/logo\/image\/","url":"https:\/\/www.pressenza.com\/wp-content\/uploads\/2022\/10\/pressenza_logo_200x200.jpg","contentUrl":"https:\/\/www.pressenza.com\/wp-content\/uploads\/2022\/10\/pressenza_logo_200x200.jpg","width":200,"height":200,"caption":"Pressenza"},"image":{"@id":"https:\/\/www.pressenza.com\/es\/#\/schema\/logo\/image\/"},"sameAs":["https:\/\/www.facebook.com\/PressenzaItalia","https:\/\/x.com\/PressenzaIPA"]},{"@type":"Person","@id":"https:\/\/www.pressenza.com\/es\/#\/schema\/person\/6f7bffaf2962fc89e55e93589c50d908","name":"SERVINDI","description":"Conscientes de nuestro rol de apoyo y acompa\u00f1amiento operamos como una agencia de noticias y elaboramos notas informativas, informes especiales, entrevistas y producciones de audio y v\u00eddeo, relacionadas al acontecer ind\u00edgena y ambiental nacional y mundial. www.servindi.org","sameAs":["https:\/\/www.facebook.com\/servindinoticias\/?fref=ts","https:\/\/x.com\/servindi"],"url":"https:\/\/www.pressenza.com\/es\/author\/servindi\/"}]}},"place":"","original_article_url":"http:\/\/www.servindi.org\/actualidad-noticias\/05\/08\/2021\/australia-indemnizara-indigenas-de-la-generacion-robada","_links":{"self":[{"href":"https:\/\/www.pressenza.com\/es\/wp-json\/wp\/v2\/posts\/1411039","targetHints":{"allow":["GET"]}}],"collection":[{"href":"https:\/\/www.pressenza.com\/es\/wp-json\/wp\/v2\/posts"}],"about":[{"href":"https:\/\/www.pressenza.com\/es\/wp-json\/wp\/v2\/types\/post"}],"author":[{"embeddable":true,"href":"https:\/\/www.pressenza.com\/es\/wp-json\/wp\/v2\/users\/1256"}],"replies":[{"embeddable":true,"href":"https:\/\/www.pressenza.com\/es\/wp-json\/wp\/v2\/comments?post=1411039"}],"version-history":[{"count":0,"href":"https:\/\/www.pressenza.com\/es\/wp-json\/wp\/v2\/posts\/1411039\/revisions"}],"wp:featuredmedia":[{"embeddable":true,"href":"https:\/\/www.pressenza.com\/es\/wp-json\/wp\/v2\/media\/1411121"}],"wp:attachment":[{"href":"https:\/\/www.pressenza.com\/es\/wp-json\/wp\/v2\/media?parent=1411039"}],"wp:term":[{"taxonomy":"category","embeddable":true,"href":"https:\/\/www.pressenza.com\/es\/wp-json\/wp\/v2\/categories?post=1411039"},{"taxonomy":"post_tag","embeddable":true,"href":"https:\/\/www.pressenza.com\/es\/wp-json\/wp\/v2\/tags?post=1411039"}],"curies":[{"name":"wp","href":"https:\/\/api.w.org\/{rel}","templated":true}]}}