{"id":1409109,"date":"2021-08-03T00:24:58","date_gmt":"2021-08-02T23:24:58","guid":{"rendered":"https:\/\/www.pressenza.com\/?p=1409109"},"modified":"2021-08-03T00:24:58","modified_gmt":"2021-08-02T23:24:58","slug":"reputado-infectologo-suizo-opina-que-covid-19-acabara-por-convertirse-en-resfriado-leve","status":"publish","type":"post","link":"https:\/\/www.pressenza.com\/es\/2021\/08\/reputado-infectologo-suizo-opina-que-covid-19-acabara-por-convertirse-en-resfriado-leve\/","title":{"rendered":"Reputado infect\u00f3logo suizo opina que COVID-19 acabar\u00e1 por convertirse en resfriado leve"},"content":{"rendered":"<p>El infect\u00f3logo suizo Didier Pittet, quien populariz\u00f3 en el mundo el uso de soluci\u00f3n hidroalc\u00f3holica, pronostic\u00f3 en una entrevista con Sputnik que el COVID-19 acabar\u00e1 por convertirse en una enfermedad leve, similar a un resfriado com\u00fan, dentro de varios a\u00f1os.<\/p>\n<p>Pittet, quien dirige hoy en d\u00eda el servicio de prevenci\u00f3n y control de infecciones del Hospital Universitario de Ginebra (HUG), record\u00f3 que la inmunidad a cuatro coronavirus humanos comunes se adquiere desde la infancia.<\/p>\n<p>\u00abHacia los 20 a\u00f1os todos generamos anticuerpos a estos cuatro linajes (\u2026). Y aun conociendo estos virus y teniendo la inmunidad, pillamos un leve resfriado de vez en cuando (\u2026). Es muy probable que el COVID-19 evolucione en el mismo sentido, es decir, que el 100 por ciento o, tal vez, el 99 por ciento de la poblaci\u00f3n se enferme de forma leve, aunque tenga anticuerpos en cinco o 10 a\u00f1os. Ser\u00e1 como un resfriado\u00bb, dijo el infect\u00f3logo.<\/p>\n<p>Si no se hubieran creado hasta la fecha vacunas efectivas contra el COVID-19, seg\u00fan Pittet, ser\u00edan necesarias de seis a 10 olas de contagios para alcanzar la inmunidad de reba\u00f1o.<\/p>\n<p>\u00abAhora tenemos varias vacunas, algunas muy eficaces, lo que nos brinda la oportunidad de lograr la inmunidad de grupo mucho m\u00e1s r\u00e1pido, siempre y cuando la gente se vacune. De lo contrario, nos esperan varias olas de epidemia que han causado y seguir\u00e1n causando da\u00f1o, lamentablemente, pues el coronavirus continuar\u00e1 mutando y aparecer\u00e1n mutaciones m\u00e1s transmisibles o m\u00e1s virulentas\u00bb, advirti\u00f3 el experto.<\/p>\n","protected":false},"excerpt":{"rendered":"<p>El infect\u00f3logo suizo Didier Pittet, quien populariz\u00f3 en el mundo el uso de soluci\u00f3n hidroalc\u00f3holica, pronostic\u00f3 en una entrevista con Sputnik que el COVID-19 acabar\u00e1 por convertirse en una enfermedad leve, similar a un resfriado com\u00fan, dentro de varios a\u00f1os.&hellip;<\/p>\n","protected":false},"author":127,"featured_media":1409110,"comment_status":"closed","ping_status":"closed","sticky":false,"template":"","format":"standard","meta":{"footnotes":""},"categories":[66,1239],"tags":[74882],"class_list":["post-1409109","post","type-post","status-publish","format-standard","has-post-thumbnail","hentry","category-europa-es","category-salud","tag-pandemia-de-coronavirus"],"yoast_head":"<!-- This site is optimized with the Yoast SEO plugin v27.1.1 - https:\/\/yoast.com\/product\/yoast-seo-wordpress\/ -->\n<title>Reputado infect\u00f3logo suizo opina que COVID-19 acabar\u00e1 por convertirse en resfriado leve<\/title>\n<meta name=\"description\" content=\"El infect\u00f3logo suizo Didier Pittet, quien populariz\u00f3 en el mundo el uso de soluci\u00f3n hidroalc\u00f3holica, pronostic\u00f3 en una entrevista con Sputnik que el\" \/>\n<meta name=\"robots\" content=\"index, follow, max-snippet:-1, max-image-preview:large, max-video-preview:-1\" \/>\n<link rel=\"canonical\" href=\"https:\/\/www.pressenza.com\/es\/2021\/08\/reputado-infectologo-suizo-opina-que-covid-19-acabara-por-convertirse-en-resfriado-leve\/\" \/>\n<meta property=\"og:locale\" content=\"es_ES\" \/>\n<meta property=\"og:type\" content=\"article\" \/>\n<meta property=\"og:title\" content=\"Reputado infect\u00f3logo suizo opina que COVID-19 acabar\u00e1 por convertirse en resfriado leve\" \/>\n<meta property=\"og:description\" content=\"El infect\u00f3logo suizo Didier Pittet, quien populariz\u00f3 en el mundo el uso de soluci\u00f3n hidroalc\u00f3holica, pronostic\u00f3 en una entrevista con Sputnik que el\" \/>\n<meta property=\"og:url\" content=\"https:\/\/www.pressenza.com\/es\/2021\/08\/reputado-infectologo-suizo-opina-que-covid-19-acabara-por-convertirse-en-resfriado-leve\/\" \/>\n<meta property=\"og:site_name\" content=\"Pressenza\" \/>\n<meta property=\"article:publisher\" content=\"https:\/\/www.facebook.com\/PressenzaItalia\" \/>\n<meta property=\"article:published_time\" content=\"2021-08-02T23:24:58+00:00\" \/>\n<meta property=\"og:image\" content=\"https:\/\/www.pressenza.com\/wp-content\/uploads\/2021\/08\/descarga.jpg\" \/>\n\t<meta property=\"og:image:width\" content=\"275\" \/>\n\t<meta property=\"og:image:height\" content=\"183\" \/>\n\t<meta property=\"og:image:type\" content=\"image\/jpeg\" \/>\n<meta name=\"author\" content=\"Agencia Boliviana de Informaci\u00f3n - ABI\" \/>\n<meta name=\"twitter:card\" content=\"summary_large_image\" \/>\n<meta name=\"twitter:creator\" content=\"@mincombolivia\" \/>\n<meta name=\"twitter:site\" content=\"@PressenzaIPA\" \/>\n<meta name=\"twitter:label1\" content=\"Escrito por\" \/>\n\t<meta name=\"twitter:data1\" content=\"Agencia Boliviana de Informaci\u00f3n - ABI\" \/>\n\t<meta name=\"twitter:label2\" content=\"Tiempo de lectura\" \/>\n\t<meta name=\"twitter:data2\" content=\"1 minuto\" \/>\n<script type=\"application\/ld+json\" class=\"yoast-schema-graph\">{\"@context\":\"https:\/\/schema.org\",\"@graph\":[{\"@type\":\"Article\",\"@id\":\"https:\/\/www.pressenza.com\/es\/2021\/08\/reputado-infectologo-suizo-opina-que-covid-19-acabara-por-convertirse-en-resfriado-leve\/#article\",\"isPartOf\":{\"@id\":\"https:\/\/www.pressenza.com\/es\/2021\/08\/reputado-infectologo-suizo-opina-que-covid-19-acabara-por-convertirse-en-resfriado-leve\/\"},\"author\":{\"name\":\"Agencia Boliviana de Informaci\u00f3n - ABI\",\"@id\":\"https:\/\/www.pressenza.com\/es\/#\/schema\/person\/3fe2a62cf8f5fea54fc87abcec98dcb4\"},\"headline\":\"Reputado infect\u00f3logo suizo opina que COVID-19 acabar\u00e1 por convertirse en resfriado leve\",\"datePublished\":\"2021-08-02T23:24:58+00:00\",\"mainEntityOfPage\":{\"@id\":\"https:\/\/www.pressenza.com\/es\/2021\/08\/reputado-infectologo-suizo-opina-que-covid-19-acabara-por-convertirse-en-resfriado-leve\/\"},\"wordCount\":271,\"publisher\":{\"@id\":\"https:\/\/www.pressenza.com\/es\/#organization\"},\"image\":{\"@id\":\"https:\/\/www.pressenza.com\/es\/2021\/08\/reputado-infectologo-suizo-opina-que-covid-19-acabara-por-convertirse-en-resfriado-leve\/#primaryimage\"},\"thumbnailUrl\":\"https:\/\/www.pressenza.com\/wp-content\/uploads\/2021\/08\/descarga.jpg\",\"keywords\":[\"pandemia de coronavirus\"],\"articleSection\":[\"Europa\",\"Salud\"],\"inLanguage\":\"es\"},{\"@type\":\"WebPage\",\"@id\":\"https:\/\/www.pressenza.com\/es\/2021\/08\/reputado-infectologo-suizo-opina-que-covid-19-acabara-por-convertirse-en-resfriado-leve\/\",\"url\":\"https:\/\/www.pressenza.com\/es\/2021\/08\/reputado-infectologo-suizo-opina-que-covid-19-acabara-por-convertirse-en-resfriado-leve\/\",\"name\":\"Reputado infect\u00f3logo suizo opina que COVID-19 acabar\u00e1 por convertirse en resfriado leve\",\"isPartOf\":{\"@id\":\"https:\/\/www.pressenza.com\/es\/#website\"},\"primaryImageOfPage\":{\"@id\":\"https:\/\/www.pressenza.com\/es\/2021\/08\/reputado-infectologo-suizo-opina-que-covid-19-acabara-por-convertirse-en-resfriado-leve\/#primaryimage\"},\"image\":{\"@id\":\"https:\/\/www.pressenza.com\/es\/2021\/08\/reputado-infectologo-suizo-opina-que-covid-19-acabara-por-convertirse-en-resfriado-leve\/#primaryimage\"},\"thumbnailUrl\":\"https:\/\/www.pressenza.com\/wp-content\/uploads\/2021\/08\/descarga.jpg\",\"datePublished\":\"2021-08-02T23:24:58+00:00\",\"description\":\"El infect\u00f3logo suizo Didier Pittet, quien populariz\u00f3 en el mundo el uso de soluci\u00f3n hidroalc\u00f3holica, pronostic\u00f3 en una entrevista con Sputnik que el\",\"breadcrumb\":{\"@id\":\"https:\/\/www.pressenza.com\/es\/2021\/08\/reputado-infectologo-suizo-opina-que-covid-19-acabara-por-convertirse-en-resfriado-leve\/#breadcrumb\"},\"inLanguage\":\"es\",\"potentialAction\":[{\"@type\":\"ReadAction\",\"target\":[\"https:\/\/www.pressenza.com\/es\/2021\/08\/reputado-infectologo-suizo-opina-que-covid-19-acabara-por-convertirse-en-resfriado-leve\/\"]}]},{\"@type\":\"ImageObject\",\"inLanguage\":\"es\",\"@id\":\"https:\/\/www.pressenza.com\/es\/2021\/08\/reputado-infectologo-suizo-opina-que-covid-19-acabara-por-convertirse-en-resfriado-leve\/#primaryimage\",\"url\":\"https:\/\/www.pressenza.com\/wp-content\/uploads\/2021\/08\/descarga.jpg\",\"contentUrl\":\"https:\/\/www.pressenza.com\/wp-content\/uploads\/2021\/08\/descarga.jpg\",\"width\":275,\"height\":183,\"caption\":\"abi\"},{\"@type\":\"BreadcrumbList\",\"@id\":\"https:\/\/www.pressenza.com\/es\/2021\/08\/reputado-infectologo-suizo-opina-que-covid-19-acabara-por-convertirse-en-resfriado-leve\/#breadcrumb\",\"itemListElement\":[{\"@type\":\"ListItem\",\"position\":1,\"name\":\"Accueil\",\"item\":\"https:\/\/www.pressenza.com\/es\/\"},{\"@type\":\"ListItem\",\"position\":2,\"name\":\"Reputado infect\u00f3logo suizo opina que COVID-19 acabar\u00e1 por convertirse en resfriado leve\"}]},{\"@type\":\"WebSite\",\"@id\":\"https:\/\/www.pressenza.com\/es\/#website\",\"url\":\"https:\/\/www.pressenza.com\/es\/\",\"name\":\"Pressenza\",\"description\":\"International Press Agency\",\"publisher\":{\"@id\":\"https:\/\/www.pressenza.com\/es\/#organization\"},\"potentialAction\":[{\"@type\":\"SearchAction\",\"target\":{\"@type\":\"EntryPoint\",\"urlTemplate\":\"https:\/\/www.pressenza.com\/es\/?s={search_term_string}\"},\"query-input\":{\"@type\":\"PropertyValueSpecification\",\"valueRequired\":true,\"valueName\":\"search_term_string\"}}],\"inLanguage\":\"es\"},{\"@type\":\"Organization\",\"@id\":\"https:\/\/www.pressenza.com\/es\/#organization\",\"name\":\"Pressenza\",\"url\":\"https:\/\/www.pressenza.com\/es\/\",\"logo\":{\"@type\":\"ImageObject\",\"inLanguage\":\"es\",\"@id\":\"https:\/\/www.pressenza.com\/es\/#\/schema\/logo\/image\/\",\"url\":\"https:\/\/www.pressenza.com\/wp-content\/uploads\/2022\/10\/pressenza_logo_200x200.jpg\",\"contentUrl\":\"https:\/\/www.pressenza.com\/wp-content\/uploads\/2022\/10\/pressenza_logo_200x200.jpg\",\"width\":200,\"height\":200,\"caption\":\"Pressenza\"},\"image\":{\"@id\":\"https:\/\/www.pressenza.com\/es\/#\/schema\/logo\/image\/\"},\"sameAs\":[\"https:\/\/www.facebook.com\/PressenzaItalia\",\"https:\/\/x.com\/PressenzaIPA\"]},{\"@type\":\"Person\",\"@id\":\"https:\/\/www.pressenza.com\/es\/#\/schema\/person\/3fe2a62cf8f5fea54fc87abcec98dcb4\",\"name\":\"Agencia Boliviana de Informaci\u00f3n - ABI\",\"description\":\"www.abi.bo\",\"sameAs\":[\"https:\/\/x.com\/mincombolivia\"],\"url\":\"https:\/\/www.pressenza.com\/es\/author\/agencia-boliviana-de-informacion-abi\/\"}]}<\/script>\n<!-- \/ Yoast SEO plugin. -->","yoast_head_json":{"title":"Reputado infect\u00f3logo suizo opina que COVID-19 acabar\u00e1 por convertirse en resfriado leve","description":"El infect\u00f3logo suizo Didier Pittet, quien populariz\u00f3 en el mundo el uso de soluci\u00f3n hidroalc\u00f3holica, pronostic\u00f3 en una entrevista con Sputnik que el","robots":{"index":"index","follow":"follow","max-snippet":"max-snippet:-1","max-image-preview":"max-image-preview:large","max-video-preview":"max-video-preview:-1"},"canonical":"https:\/\/www.pressenza.com\/es\/2021\/08\/reputado-infectologo-suizo-opina-que-covid-19-acabara-por-convertirse-en-resfriado-leve\/","og_locale":"es_ES","og_type":"article","og_title":"Reputado infect\u00f3logo suizo opina que COVID-19 acabar\u00e1 por convertirse en resfriado leve","og_description":"El infect\u00f3logo suizo Didier Pittet, quien populariz\u00f3 en el mundo el uso de soluci\u00f3n hidroalc\u00f3holica, pronostic\u00f3 en una entrevista con Sputnik que el","og_url":"https:\/\/www.pressenza.com\/es\/2021\/08\/reputado-infectologo-suizo-opina-que-covid-19-acabara-por-convertirse-en-resfriado-leve\/","og_site_name":"Pressenza","article_publisher":"https:\/\/www.facebook.com\/PressenzaItalia","article_published_time":"2021-08-02T23:24:58+00:00","og_image":[{"width":275,"height":183,"url":"https:\/\/www.pressenza.com\/wp-content\/uploads\/2021\/08\/descarga.jpg","type":"image\/jpeg"}],"author":"Agencia Boliviana de Informaci\u00f3n - ABI","twitter_card":"summary_large_image","twitter_creator":"@mincombolivia","twitter_site":"@PressenzaIPA","twitter_misc":{"Escrito por":"Agencia Boliviana de Informaci\u00f3n - ABI","Tiempo de lectura":"1 minuto"},"schema":{"@context":"https:\/\/schema.org","@graph":[{"@type":"Article","@id":"https:\/\/www.pressenza.com\/es\/2021\/08\/reputado-infectologo-suizo-opina-que-covid-19-acabara-por-convertirse-en-resfriado-leve\/#article","isPartOf":{"@id":"https:\/\/www.pressenza.com\/es\/2021\/08\/reputado-infectologo-suizo-opina-que-covid-19-acabara-por-convertirse-en-resfriado-leve\/"},"author":{"name":"Agencia Boliviana de Informaci\u00f3n - ABI","@id":"https:\/\/www.pressenza.com\/es\/#\/schema\/person\/3fe2a62cf8f5fea54fc87abcec98dcb4"},"headline":"Reputado infect\u00f3logo suizo opina que COVID-19 acabar\u00e1 por convertirse en resfriado leve","datePublished":"2021-08-02T23:24:58+00:00","mainEntityOfPage":{"@id":"https:\/\/www.pressenza.com\/es\/2021\/08\/reputado-infectologo-suizo-opina-que-covid-19-acabara-por-convertirse-en-resfriado-leve\/"},"wordCount":271,"publisher":{"@id":"https:\/\/www.pressenza.com\/es\/#organization"},"image":{"@id":"https:\/\/www.pressenza.com\/es\/2021\/08\/reputado-infectologo-suizo-opina-que-covid-19-acabara-por-convertirse-en-resfriado-leve\/#primaryimage"},"thumbnailUrl":"https:\/\/www.pressenza.com\/wp-content\/uploads\/2021\/08\/descarga.jpg","keywords":["pandemia de coronavirus"],"articleSection":["Europa","Salud"],"inLanguage":"es"},{"@type":"WebPage","@id":"https:\/\/www.pressenza.com\/es\/2021\/08\/reputado-infectologo-suizo-opina-que-covid-19-acabara-por-convertirse-en-resfriado-leve\/","url":"https:\/\/www.pressenza.com\/es\/2021\/08\/reputado-infectologo-suizo-opina-que-covid-19-acabara-por-convertirse-en-resfriado-leve\/","name":"Reputado infect\u00f3logo suizo opina que COVID-19 acabar\u00e1 por convertirse en resfriado leve","isPartOf":{"@id":"https:\/\/www.pressenza.com\/es\/#website"},"primaryImageOfPage":{"@id":"https:\/\/www.pressenza.com\/es\/2021\/08\/reputado-infectologo-suizo-opina-que-covid-19-acabara-por-convertirse-en-resfriado-leve\/#primaryimage"},"image":{"@id":"https:\/\/www.pressenza.com\/es\/2021\/08\/reputado-infectologo-suizo-opina-que-covid-19-acabara-por-convertirse-en-resfriado-leve\/#primaryimage"},"thumbnailUrl":"https:\/\/www.pressenza.com\/wp-content\/uploads\/2021\/08\/descarga.jpg","datePublished":"2021-08-02T23:24:58+00:00","description":"El infect\u00f3logo suizo Didier Pittet, quien populariz\u00f3 en el mundo el uso de soluci\u00f3n hidroalc\u00f3holica, pronostic\u00f3 en una entrevista con Sputnik que el","breadcrumb":{"@id":"https:\/\/www.pressenza.com\/es\/2021\/08\/reputado-infectologo-suizo-opina-que-covid-19-acabara-por-convertirse-en-resfriado-leve\/#breadcrumb"},"inLanguage":"es","potentialAction":[{"@type":"ReadAction","target":["https:\/\/www.pressenza.com\/es\/2021\/08\/reputado-infectologo-suizo-opina-que-covid-19-acabara-por-convertirse-en-resfriado-leve\/"]}]},{"@type":"ImageObject","inLanguage":"es","@id":"https:\/\/www.pressenza.com\/es\/2021\/08\/reputado-infectologo-suizo-opina-que-covid-19-acabara-por-convertirse-en-resfriado-leve\/#primaryimage","url":"https:\/\/www.pressenza.com\/wp-content\/uploads\/2021\/08\/descarga.jpg","contentUrl":"https:\/\/www.pressenza.com\/wp-content\/uploads\/2021\/08\/descarga.jpg","width":275,"height":183,"caption":"abi"},{"@type":"BreadcrumbList","@id":"https:\/\/www.pressenza.com\/es\/2021\/08\/reputado-infectologo-suizo-opina-que-covid-19-acabara-por-convertirse-en-resfriado-leve\/#breadcrumb","itemListElement":[{"@type":"ListItem","position":1,"name":"Accueil","item":"https:\/\/www.pressenza.com\/es\/"},{"@type":"ListItem","position":2,"name":"Reputado infect\u00f3logo suizo opina que COVID-19 acabar\u00e1 por convertirse en resfriado leve"}]},{"@type":"WebSite","@id":"https:\/\/www.pressenza.com\/es\/#website","url":"https:\/\/www.pressenza.com\/es\/","name":"Pressenza","description":"International Press Agency","publisher":{"@id":"https:\/\/www.pressenza.com\/es\/#organization"},"potentialAction":[{"@type":"SearchAction","target":{"@type":"EntryPoint","urlTemplate":"https:\/\/www.pressenza.com\/es\/?s={search_term_string}"},"query-input":{"@type":"PropertyValueSpecification","valueRequired":true,"valueName":"search_term_string"}}],"inLanguage":"es"},{"@type":"Organization","@id":"https:\/\/www.pressenza.com\/es\/#organization","name":"Pressenza","url":"https:\/\/www.pressenza.com\/es\/","logo":{"@type":"ImageObject","inLanguage":"es","@id":"https:\/\/www.pressenza.com\/es\/#\/schema\/logo\/image\/","url":"https:\/\/www.pressenza.com\/wp-content\/uploads\/2022\/10\/pressenza_logo_200x200.jpg","contentUrl":"https:\/\/www.pressenza.com\/wp-content\/uploads\/2022\/10\/pressenza_logo_200x200.jpg","width":200,"height":200,"caption":"Pressenza"},"image":{"@id":"https:\/\/www.pressenza.com\/es\/#\/schema\/logo\/image\/"},"sameAs":["https:\/\/www.facebook.com\/PressenzaItalia","https:\/\/x.com\/PressenzaIPA"]},{"@type":"Person","@id":"https:\/\/www.pressenza.com\/es\/#\/schema\/person\/3fe2a62cf8f5fea54fc87abcec98dcb4","name":"Agencia Boliviana de Informaci\u00f3n - ABI","description":"www.abi.bo","sameAs":["https:\/\/x.com\/mincombolivia"],"url":"https:\/\/www.pressenza.com\/es\/author\/agencia-boliviana-de-informacion-abi\/"}]}},"place":"Suiza","original_article_url":"https:\/\/www.abi.bo\/#\/noticia\/8487","_links":{"self":[{"href":"https:\/\/www.pressenza.com\/es\/wp-json\/wp\/v2\/posts\/1409109","targetHints":{"allow":["GET"]}}],"collection":[{"href":"https:\/\/www.pressenza.com\/es\/wp-json\/wp\/v2\/posts"}],"about":[{"href":"https:\/\/www.pressenza.com\/es\/wp-json\/wp\/v2\/types\/post"}],"author":[{"embeddable":true,"href":"https:\/\/www.pressenza.com\/es\/wp-json\/wp\/v2\/users\/127"}],"replies":[{"embeddable":true,"href":"https:\/\/www.pressenza.com\/es\/wp-json\/wp\/v2\/comments?post=1409109"}],"version-history":[{"count":0,"href":"https:\/\/www.pressenza.com\/es\/wp-json\/wp\/v2\/posts\/1409109\/revisions"}],"wp:featuredmedia":[{"embeddable":true,"href":"https:\/\/www.pressenza.com\/es\/wp-json\/wp\/v2\/media\/1409110"}],"wp:attachment":[{"href":"https:\/\/www.pressenza.com\/es\/wp-json\/wp\/v2\/media?parent=1409109"}],"wp:term":[{"taxonomy":"category","embeddable":true,"href":"https:\/\/www.pressenza.com\/es\/wp-json\/wp\/v2\/categories?post=1409109"},{"taxonomy":"post_tag","embeddable":true,"href":"https:\/\/www.pressenza.com\/es\/wp-json\/wp\/v2\/tags?post=1409109"}],"curies":[{"name":"wp","href":"https:\/\/api.w.org\/{rel}","templated":true}]}}