{"id":1409069,"date":"2021-08-02T22:22:16","date_gmt":"2021-08-02T21:22:16","guid":{"rendered":"https:\/\/www.pressenza.com\/?p=1409069"},"modified":"2021-08-02T22:22:16","modified_gmt":"2021-08-02T21:22:16","slug":"evo-morales-presento-el-decalogo-de-runasur-para-la-america-plurinacional","status":"publish","type":"post","link":"https:\/\/www.pressenza.com\/es\/2021\/08\/evo-morales-presento-el-decalogo-de-runasur-para-la-america-plurinacional\/","title":{"rendered":"Evo Morales present\u00f3 el Dec\u00e1logo de RUNASUR para la Am\u00e9rica Plurinacional"},"content":{"rendered":"<h3><em>El ex Presidente de Bolivia, Evo Morales, present\u00f3 hoy el Dec\u00e1logo de Runasur, como el conjunto de principios orientadores de este mecanismo de integraci\u00f3n plurinacional entre los pueblos ind\u00edgenas, afrodescendientes, organizaciones sociales, sindicales, territoriales y movimientos sociales de la regi\u00f3n. Runasur, creado por autoconvocatoria, se propone resolver la deuda hist\u00f3rica que los pueblos afrontamos en un contexto de crisis econ\u00f3mica, social, cultural y, sobre todo de vida.<\/em><\/h3>\n<p><iframe loading=\"lazy\" title=\"2 de Agosto de 2021 - EVO MORALES AYMA PRESENTA EL DEC\u00c1LOGO DE RUNASUR PARA LA AM\u00c9RICA PLURINACIONAL\" width=\"500\" height=\"281\" src=\"https:\/\/www.youtube.com\/embed\/b9dIQirWo5Y?feature=oembed\" frameborder=\"0\" allow=\"accelerometer; autoplay; clipboard-write; encrypted-media; gyroscope; picture-in-picture; web-share\" referrerpolicy=\"strict-origin-when-cross-origin\" allowfullscreen><\/iframe><\/p>\n<p>El Dec\u00e1logo es el siguiente:<\/p>\n<p>Nuestro destino\u2026<\/p>\n<p><strong>AM\u00c9RICA PLURINACIONAL<\/strong><\/p>\n<p>Hermanas, hermanos, pueblos del Abya Yala:<\/p>\n<p>Estamos viviendo m\u00faltiples crisis en el mundo, es tiempo de unidad, de construir y forjar nuestra Am\u00e9rica Plurinacional, nuestra identidad con dignidad. Por ello, desde el Sur del continente, proponemos un Dec\u00e1logo que gu\u00ede nuestro camino, nuestro Qhapaq \u00d1an.<\/p>\n<ol>\n<li>Defendamos la Autodeterminaci\u00f3n de los Pueblos. Am\u00e9rica Plurinacional, lucha contra toda forma de dominaci\u00f3n, contra la injerencia y el racismo, para consolidar la autodeterminaci\u00f3n e identidad de los pueblos. Se plantea el proceso de reconstrucci\u00f3n y refundaci\u00f3n de los Estados donde lo primordial no es el capital o el consumo desmedido, sino los seres humanos y la naturaleza, donde los gobiernos sean de los pueblos y para los pueblos, un Estado sin discriminaci\u00f3n ni clases.<\/li>\n<\/ol>\n<p>&nbsp;<\/p>\n<ol start=\"2\">\n<li>Fortalezcamos la democracia, los derechos humanos y derechos colectivos. Am\u00e9rica Plurinacional, es la expresi\u00f3n de la pluralidad y reconoce todas las democracias que responden a la voluntad y el ejercicio soberano de los pueblos. Impulsamos el pleno respeto de los derechos individuales de los hombres y mujeres que habitan en nuestro extenso territorio, asimismo, los derechos colectivos de pueblos ind\u00edgenas y\/o afrodescendientes. Promovemos el di\u00e1logo de los pueblos, bajo principios comunes que permitan construir una alianza para articular procesos conjuntos que potencien nuestras voces. Debemos hacer que la libertad de expresi\u00f3n sea emancipadora para que la verdad de los pueblos tome la palabra.<\/li>\n<\/ol>\n<p>&nbsp;<\/p>\n<ol start=\"3\">\n<li>Fortalezcamos la Integraci\u00f3n de los Pueblos. Am\u00e9rica Plurinacional es la expresi\u00f3n de los movimientos ind\u00edgenas, los distintos sectores sociales y de trabajadores, con claridad pol\u00edtica-ideol\u00f3gica, principios y valores que han sido nuestros instrumentos de resistencia y lucha desde tiempos coloniales. La integraci\u00f3n de nuestros pueblos es la unidad con solidaridad como bloque de lucha, defensa y reivindicaci\u00f3n de nuestros derechos hist\u00f3ricos. Nuestro prop\u00f3sito es fortalecer los organismos de integraci\u00f3n para consolidar nuestra unidad como movimiento que promueve la liberaci\u00f3n de los pueblos en Am\u00e9rica Latina, el Caribe y en el mundo.<\/li>\n<\/ol>\n<p>&nbsp;<\/p>\n<ol start=\"4\">\n<li>Reafirmemos nuestra Plurinacionalidad, Pluriculturalidad y Pluriling\u00fcismo. Am\u00e9rica Plurinacional es la unidad en la diversidad, es el reencuentro de originarios milenarios y contempor\u00e1neos. Somos pueblos diversos; los conocimientos, la sabidur\u00eda ancestral y la identidad de nuestros pueblos son nuestra riqueza.<\/li>\n<\/ol>\n<p>Am\u00e9rica Plurinacional es reconocernos como seres humanos iguales, con los mismos derechos y obligaciones.<\/p>\n<ol start=\"5\">\n<li>Consolidemos la Lucha Antiimperialista. Am\u00e9rica Plurinacional es la respuesta de los pueblos, los movimientos y organizaciones sociales, contra toda forma de intervencionismo e injerencia. Rechazamos las acciones del imperialismo y el capitalismo que imponen sanciones econ\u00f3micas, organizan golpes de Estado y promueven el fascismo y racismo que atentan contra la soberan\u00eda de los pueblos.<\/li>\n<\/ol>\n<p>Am\u00e9rica Plurinacional defiende los recursos naturales, la redistribuci\u00f3n de la riqueza y la solidaridad entre pueblos. Rechazamos al capitalismo y el consumismo por ser un sistema fallido que provoca desigualdad, muerte y destrucci\u00f3n.<\/p>\n<p>&nbsp;<\/p>\n<ol start=\"6\">\n<li>Construyamos la paz con justicia social. Am\u00e9rica Plurinacional promueve el derecho que tienen los pueblos a la paz, as\u00ed como la cooperaci\u00f3n y solidaridad entre estados y regiones del mundo. Rechazamos las intervenciones militares que usan el pretexto de buscar la paz. La paz se construye con m\u00e1s democracia y m\u00e1s desarrollo, con servicios b\u00e1sicos, con educaci\u00f3n, salud, vivienda, donde la riqueza se redistribuya en favor de la igualdad.<\/li>\n<\/ol>\n<p>&nbsp;<\/p>\n<ol start=\"7\">\n<li>Impulsemos el Vivir Bien o Buen Vivir. Am\u00e9rica Plurinacional plantea la recuperaci\u00f3n del Sumaq Qama\u00f1a, Sumaq Kawsay, Ivi Marey como una forma de convivencia, bienestar y desarrollo, en contraposici\u00f3n al vivir mejor de pocos. El Vivir Bien busca alcanzar la armon\u00eda entre pueblos y con la Madre Tierra, donde todas y todos ejerzamos nuestros derechos y cumplamos con nuestras obligaciones.<\/li>\n<\/ol>\n<p>&nbsp;<\/p>\n<ol start=\"8\">\n<li>Fortalezcamos la Defensa de la Madre Tierra y sus Derechos. Am\u00e9rica Plurinacional promueve e impulsa los derechos de la Madre Tierra. Los pueblos ind\u00edgenas siempre vivimos en interdependencia con la naturaleza. El ser humano sin la naturaleza no puede vivir, la naturaleza sin el ser humano quiz\u00e1 puede vivir mejor.<\/li>\n<\/ol>\n<p>&nbsp;<\/p>\n<ol start=\"9\">\n<li>Recuperemos nuestros principios milenarios de vida, aceleremos la Descolonizaci\u00f3n y Despatriarcalizaci\u00f3n. Am\u00e9rica Plurinacional es la expresi\u00f3n de los pueblos que recupera, revaloriza e impulsa los conocimientos milenarios de nuestros pueblos, lucha contra toda imposici\u00f3n heredada desde la \u00e9poca colonial, promoviendo los procesos de descolonizaci\u00f3n a nivel continental e intercontinental, para garantizar nuestra liberaci\u00f3n.<\/li>\n<\/ol>\n<p>Am\u00e9rica Plurinacional, lucha por la despatriarcalizaci\u00f3n para construir sociedades m\u00e1s justas y equitativas, donde los derechos de las mujeres sean plenamente reconocidos, una mayor igualdad entre mujeres y hombres tambi\u00e9n significa mayor desarrollo de nuestros pueblos.<\/p>\n<p>&nbsp;<\/p>\n<ol start=\"10\">\n<li>Desarrollemos un Modelo Econ\u00f3mico Plural y Social. Am\u00e9rica Plurinacional, impulsa la justa distribuci\u00f3n de la riqueza entre los pueblos. La propiedad individual y colectiva son parte de las construcciones hist\u00f3ricas de nuestras sociedades, por tanto, debemos reconocerlas y respetarlas. El fin \u00faltimo de la econom\u00eda no debe ser la acumulaci\u00f3n de capital sino el bienestar y el Vivir Bien del ser humano y la Madre Tierra.<\/li>\n<\/ol>\n<p>&nbsp;<\/p>\n<p>POR NUESTRA IDENTIDAD\u2026 POR NUESTRA DIGNIDAD\u2026 POR LA UNIDAD DE LOS PUEBLOS\u2026<\/p>\n<p>JALLALLA AM\u00c9RICA PLURINACIONAL!!!<\/p>\n<p>&nbsp;<\/p>\n<p><strong>EVO MORALES AYMA<\/strong><\/p>\n<p><strong>Presidente Constitucional 2006-2019<\/strong><\/p>\n<p><strong>Estado Plurinacional de Bolivia<\/strong><\/p>\n","protected":false},"excerpt":{"rendered":"<p>El ex Presidente de Bolivia, Evo Morales, present\u00f3 hoy el Dec\u00e1logo de Runasur, como el conjunto de principios orientadores de este mecanismo de integraci\u00f3n plurinacional entre los pueblos ind\u00edgenas, afrodescendientes, organizaciones sociales, sindicales, territoriales y movimientos sociales de la regi\u00f3n.&hellip;<\/p>\n","protected":false},"author":1435,"featured_media":1409072,"comment_status":"closed","ping_status":"closed","sticky":false,"template":"","format":"standard","meta":{"footnotes":""},"categories":[69,149,79,68,80,67,25678],"tags":[93606,52347,1497,92281],"class_list":["post-1409069","post","type-post","status-publish","format-standard","has-post-thumbnail","hentry","category-america-central","category-comunicados-de-prensa","category-derechos-humanos","category-norteamerica","category-pueblos-originarios","category-sudamerica","category-video-es","tag-convergencia-de-culturas","tag-evo-morales-ayma","tag-movimientos-sociales","tag-runasur"],"yoast_head":"<!-- This site is optimized with the Yoast SEO plugin v27.1.1 - https:\/\/yoast.com\/product\/yoast-seo-wordpress\/ -->\n<title>Evo Morales present\u00f3 el Dec\u00e1logo de RUNASUR para la Am\u00e9rica Plurinacional<\/title>\n<meta name=\"description\" content=\"El ex Presidente de Bolivia, Evo Morales, present\u00f3 hoy el Dec\u00e1logo de Runasur, como el conjunto de principios orientadores de este mecanismo de\" \/>\n<meta name=\"robots\" content=\"index, follow, max-snippet:-1, max-image-preview:large, max-video-preview:-1\" \/>\n<link rel=\"canonical\" href=\"https:\/\/www.pressenza.com\/es\/2021\/08\/evo-morales-presento-el-decalogo-de-runasur-para-la-america-plurinacional\/\" \/>\n<meta property=\"og:locale\" content=\"es_ES\" \/>\n<meta property=\"og:type\" content=\"article\" \/>\n<meta property=\"og:title\" content=\"Evo Morales present\u00f3 el Dec\u00e1logo de RUNASUR para la Am\u00e9rica Plurinacional\" \/>\n<meta property=\"og:description\" content=\"El ex Presidente de Bolivia, Evo Morales, present\u00f3 hoy el Dec\u00e1logo de Runasur, como el conjunto de principios orientadores de este mecanismo de\" \/>\n<meta property=\"og:url\" content=\"https:\/\/www.pressenza.com\/es\/2021\/08\/evo-morales-presento-el-decalogo-de-runasur-para-la-america-plurinacional\/\" \/>\n<meta property=\"og:site_name\" content=\"Pressenza\" \/>\n<meta property=\"article:publisher\" content=\"https:\/\/www.facebook.com\/PressenzaItalia\" \/>\n<meta property=\"article:published_time\" content=\"2021-08-02T21:22:16+00:00\" \/>\n<meta property=\"og:image\" content=\"https:\/\/www.pressenza.com\/wp-content\/uploads\/2021\/08\/runa.jpg\" \/>\n\t<meta property=\"og:image:width\" content=\"875\" \/>\n\t<meta property=\"og:image:height\" content=\"494\" \/>\n\t<meta property=\"og:image:type\" content=\"image\/jpeg\" \/>\n<meta name=\"author\" content=\"Redacci\u00f3n Bolivia\" \/>\n<meta name=\"twitter:card\" content=\"summary_large_image\" \/>\n<meta name=\"twitter:creator\" content=\"@PressenzaIPA\" \/>\n<meta name=\"twitter:site\" content=\"@PressenzaIPA\" \/>\n<meta name=\"twitter:label1\" content=\"Escrito por\" \/>\n\t<meta name=\"twitter:data1\" content=\"Redacci\u00f3n Bolivia\" \/>\n\t<meta name=\"twitter:label2\" content=\"Tiempo de lectura\" \/>\n\t<meta name=\"twitter:data2\" content=\"5 minutos\" \/>\n<script type=\"application\/ld+json\" class=\"yoast-schema-graph\">{\"@context\":\"https:\/\/schema.org\",\"@graph\":[{\"@type\":\"Article\",\"@id\":\"https:\/\/www.pressenza.com\/es\/2021\/08\/evo-morales-presento-el-decalogo-de-runasur-para-la-america-plurinacional\/#article\",\"isPartOf\":{\"@id\":\"https:\/\/www.pressenza.com\/es\/2021\/08\/evo-morales-presento-el-decalogo-de-runasur-para-la-america-plurinacional\/\"},\"author\":{\"name\":\"Redacci\u00f3n Bolivia\",\"@id\":\"https:\/\/www.pressenza.com\/es\/#\/schema\/person\/258a972fa92fd0a3a6243c920d569d83\"},\"headline\":\"Evo Morales present\u00f3 el Dec\u00e1logo de RUNASUR para la Am\u00e9rica Plurinacional\",\"datePublished\":\"2021-08-02T21:22:16+00:00\",\"mainEntityOfPage\":{\"@id\":\"https:\/\/www.pressenza.com\/es\/2021\/08\/evo-morales-presento-el-decalogo-de-runasur-para-la-america-plurinacional\/\"},\"wordCount\":1001,\"publisher\":{\"@id\":\"https:\/\/www.pressenza.com\/es\/#organization\"},\"image\":{\"@id\":\"https:\/\/www.pressenza.com\/es\/2021\/08\/evo-morales-presento-el-decalogo-de-runasur-para-la-america-plurinacional\/#primaryimage\"},\"thumbnailUrl\":\"https:\/\/www.pressenza.com\/wp-content\/uploads\/2021\/08\/runa.jpg\",\"keywords\":[\"convergencia de culturas\",\"Evo Morales Ayma\",\"movimientos sociales\",\"Runasur\"],\"articleSection\":[\"Am\u00e9rica Central\",\"Comunicados de Prensa\",\"Derechos Humanos\",\"Norteam\u00e9rica\",\"Pueblos Originarios\",\"Sudam\u00e9rica\",\"Video\"],\"inLanguage\":\"es\"},{\"@type\":\"WebPage\",\"@id\":\"https:\/\/www.pressenza.com\/es\/2021\/08\/evo-morales-presento-el-decalogo-de-runasur-para-la-america-plurinacional\/\",\"url\":\"https:\/\/www.pressenza.com\/es\/2021\/08\/evo-morales-presento-el-decalogo-de-runasur-para-la-america-plurinacional\/\",\"name\":\"Evo Morales present\u00f3 el Dec\u00e1logo de RUNASUR para la Am\u00e9rica Plurinacional\",\"isPartOf\":{\"@id\":\"https:\/\/www.pressenza.com\/es\/#website\"},\"primaryImageOfPage\":{\"@id\":\"https:\/\/www.pressenza.com\/es\/2021\/08\/evo-morales-presento-el-decalogo-de-runasur-para-la-america-plurinacional\/#primaryimage\"},\"image\":{\"@id\":\"https:\/\/www.pressenza.com\/es\/2021\/08\/evo-morales-presento-el-decalogo-de-runasur-para-la-america-plurinacional\/#primaryimage\"},\"thumbnailUrl\":\"https:\/\/www.pressenza.com\/wp-content\/uploads\/2021\/08\/runa.jpg\",\"datePublished\":\"2021-08-02T21:22:16+00:00\",\"description\":\"El ex Presidente de Bolivia, Evo Morales, present\u00f3 hoy el Dec\u00e1logo de Runasur, como el conjunto de principios orientadores de este mecanismo de\",\"breadcrumb\":{\"@id\":\"https:\/\/www.pressenza.com\/es\/2021\/08\/evo-morales-presento-el-decalogo-de-runasur-para-la-america-plurinacional\/#breadcrumb\"},\"inLanguage\":\"es\",\"potentialAction\":[{\"@type\":\"ReadAction\",\"target\":[\"https:\/\/www.pressenza.com\/es\/2021\/08\/evo-morales-presento-el-decalogo-de-runasur-para-la-america-plurinacional\/\"]}]},{\"@type\":\"ImageObject\",\"inLanguage\":\"es\",\"@id\":\"https:\/\/www.pressenza.com\/es\/2021\/08\/evo-morales-presento-el-decalogo-de-runasur-para-la-america-plurinacional\/#primaryimage\",\"url\":\"https:\/\/www.pressenza.com\/wp-content\/uploads\/2021\/08\/runa.jpg\",\"contentUrl\":\"https:\/\/www.pressenza.com\/wp-content\/uploads\/2021\/08\/runa.jpg\",\"width\":875,\"height\":494},{\"@type\":\"BreadcrumbList\",\"@id\":\"https:\/\/www.pressenza.com\/es\/2021\/08\/evo-morales-presento-el-decalogo-de-runasur-para-la-america-plurinacional\/#breadcrumb\",\"itemListElement\":[{\"@type\":\"ListItem\",\"position\":1,\"name\":\"Accueil\",\"item\":\"https:\/\/www.pressenza.com\/es\/\"},{\"@type\":\"ListItem\",\"position\":2,\"name\":\"Evo Morales present\u00f3 el Dec\u00e1logo de RUNASUR para la Am\u00e9rica Plurinacional\"}]},{\"@type\":\"WebSite\",\"@id\":\"https:\/\/www.pressenza.com\/es\/#website\",\"url\":\"https:\/\/www.pressenza.com\/es\/\",\"name\":\"Pressenza\",\"description\":\"International Press Agency\",\"publisher\":{\"@id\":\"https:\/\/www.pressenza.com\/es\/#organization\"},\"potentialAction\":[{\"@type\":\"SearchAction\",\"target\":{\"@type\":\"EntryPoint\",\"urlTemplate\":\"https:\/\/www.pressenza.com\/es\/?s={search_term_string}\"},\"query-input\":{\"@type\":\"PropertyValueSpecification\",\"valueRequired\":true,\"valueName\":\"search_term_string\"}}],\"inLanguage\":\"es\"},{\"@type\":\"Organization\",\"@id\":\"https:\/\/www.pressenza.com\/es\/#organization\",\"name\":\"Pressenza\",\"url\":\"https:\/\/www.pressenza.com\/es\/\",\"logo\":{\"@type\":\"ImageObject\",\"inLanguage\":\"es\",\"@id\":\"https:\/\/www.pressenza.com\/es\/#\/schema\/logo\/image\/\",\"url\":\"https:\/\/www.pressenza.com\/wp-content\/uploads\/2022\/10\/pressenza_logo_200x200.jpg\",\"contentUrl\":\"https:\/\/www.pressenza.com\/wp-content\/uploads\/2022\/10\/pressenza_logo_200x200.jpg\",\"width\":200,\"height\":200,\"caption\":\"Pressenza\"},\"image\":{\"@id\":\"https:\/\/www.pressenza.com\/es\/#\/schema\/logo\/image\/\"},\"sameAs\":[\"https:\/\/www.facebook.com\/PressenzaItalia\",\"https:\/\/x.com\/PressenzaIPA\"]},{\"@type\":\"Person\",\"@id\":\"https:\/\/www.pressenza.com\/es\/#\/schema\/person\/258a972fa92fd0a3a6243c920d569d83\",\"name\":\"Redacci\u00f3n Bolivia\",\"description\":\"News published by the Pressenza bureau in Bolivia\",\"url\":\"https:\/\/www.pressenza.com\/es\/author\/redaccion-bolivia\/\"}]}<\/script>\n<!-- \/ Yoast SEO plugin. -->","yoast_head_json":{"title":"Evo Morales present\u00f3 el Dec\u00e1logo de RUNASUR para la Am\u00e9rica Plurinacional","description":"El ex Presidente de Bolivia, Evo Morales, present\u00f3 hoy el Dec\u00e1logo de Runasur, como el conjunto de principios orientadores de este mecanismo de","robots":{"index":"index","follow":"follow","max-snippet":"max-snippet:-1","max-image-preview":"max-image-preview:large","max-video-preview":"max-video-preview:-1"},"canonical":"https:\/\/www.pressenza.com\/es\/2021\/08\/evo-morales-presento-el-decalogo-de-runasur-para-la-america-plurinacional\/","og_locale":"es_ES","og_type":"article","og_title":"Evo Morales present\u00f3 el Dec\u00e1logo de RUNASUR para la Am\u00e9rica Plurinacional","og_description":"El ex Presidente de Bolivia, Evo Morales, present\u00f3 hoy el Dec\u00e1logo de Runasur, como el conjunto de principios orientadores de este mecanismo de","og_url":"https:\/\/www.pressenza.com\/es\/2021\/08\/evo-morales-presento-el-decalogo-de-runasur-para-la-america-plurinacional\/","og_site_name":"Pressenza","article_publisher":"https:\/\/www.facebook.com\/PressenzaItalia","article_published_time":"2021-08-02T21:22:16+00:00","og_image":[{"width":875,"height":494,"url":"https:\/\/www.pressenza.com\/wp-content\/uploads\/2021\/08\/runa.jpg","type":"image\/jpeg"}],"author":"Redacci\u00f3n Bolivia","twitter_card":"summary_large_image","twitter_creator":"@PressenzaIPA","twitter_site":"@PressenzaIPA","twitter_misc":{"Escrito por":"Redacci\u00f3n Bolivia","Tiempo de lectura":"5 minutos"},"schema":{"@context":"https:\/\/schema.org","@graph":[{"@type":"Article","@id":"https:\/\/www.pressenza.com\/es\/2021\/08\/evo-morales-presento-el-decalogo-de-runasur-para-la-america-plurinacional\/#article","isPartOf":{"@id":"https:\/\/www.pressenza.com\/es\/2021\/08\/evo-morales-presento-el-decalogo-de-runasur-para-la-america-plurinacional\/"},"author":{"name":"Redacci\u00f3n Bolivia","@id":"https:\/\/www.pressenza.com\/es\/#\/schema\/person\/258a972fa92fd0a3a6243c920d569d83"},"headline":"Evo Morales present\u00f3 el Dec\u00e1logo de RUNASUR para la Am\u00e9rica Plurinacional","datePublished":"2021-08-02T21:22:16+00:00","mainEntityOfPage":{"@id":"https:\/\/www.pressenza.com\/es\/2021\/08\/evo-morales-presento-el-decalogo-de-runasur-para-la-america-plurinacional\/"},"wordCount":1001,"publisher":{"@id":"https:\/\/www.pressenza.com\/es\/#organization"},"image":{"@id":"https:\/\/www.pressenza.com\/es\/2021\/08\/evo-morales-presento-el-decalogo-de-runasur-para-la-america-plurinacional\/#primaryimage"},"thumbnailUrl":"https:\/\/www.pressenza.com\/wp-content\/uploads\/2021\/08\/runa.jpg","keywords":["convergencia de culturas","Evo Morales Ayma","movimientos sociales","Runasur"],"articleSection":["Am\u00e9rica Central","Comunicados de Prensa","Derechos Humanos","Norteam\u00e9rica","Pueblos Originarios","Sudam\u00e9rica","Video"],"inLanguage":"es"},{"@type":"WebPage","@id":"https:\/\/www.pressenza.com\/es\/2021\/08\/evo-morales-presento-el-decalogo-de-runasur-para-la-america-plurinacional\/","url":"https:\/\/www.pressenza.com\/es\/2021\/08\/evo-morales-presento-el-decalogo-de-runasur-para-la-america-plurinacional\/","name":"Evo Morales present\u00f3 el Dec\u00e1logo de RUNASUR para la Am\u00e9rica Plurinacional","isPartOf":{"@id":"https:\/\/www.pressenza.com\/es\/#website"},"primaryImageOfPage":{"@id":"https:\/\/www.pressenza.com\/es\/2021\/08\/evo-morales-presento-el-decalogo-de-runasur-para-la-america-plurinacional\/#primaryimage"},"image":{"@id":"https:\/\/www.pressenza.com\/es\/2021\/08\/evo-morales-presento-el-decalogo-de-runasur-para-la-america-plurinacional\/#primaryimage"},"thumbnailUrl":"https:\/\/www.pressenza.com\/wp-content\/uploads\/2021\/08\/runa.jpg","datePublished":"2021-08-02T21:22:16+00:00","description":"El ex Presidente de Bolivia, Evo Morales, present\u00f3 hoy el Dec\u00e1logo de Runasur, como el conjunto de principios orientadores de este mecanismo de","breadcrumb":{"@id":"https:\/\/www.pressenza.com\/es\/2021\/08\/evo-morales-presento-el-decalogo-de-runasur-para-la-america-plurinacional\/#breadcrumb"},"inLanguage":"es","potentialAction":[{"@type":"ReadAction","target":["https:\/\/www.pressenza.com\/es\/2021\/08\/evo-morales-presento-el-decalogo-de-runasur-para-la-america-plurinacional\/"]}]},{"@type":"ImageObject","inLanguage":"es","@id":"https:\/\/www.pressenza.com\/es\/2021\/08\/evo-morales-presento-el-decalogo-de-runasur-para-la-america-plurinacional\/#primaryimage","url":"https:\/\/www.pressenza.com\/wp-content\/uploads\/2021\/08\/runa.jpg","contentUrl":"https:\/\/www.pressenza.com\/wp-content\/uploads\/2021\/08\/runa.jpg","width":875,"height":494},{"@type":"BreadcrumbList","@id":"https:\/\/www.pressenza.com\/es\/2021\/08\/evo-morales-presento-el-decalogo-de-runasur-para-la-america-plurinacional\/#breadcrumb","itemListElement":[{"@type":"ListItem","position":1,"name":"Accueil","item":"https:\/\/www.pressenza.com\/es\/"},{"@type":"ListItem","position":2,"name":"Evo Morales present\u00f3 el Dec\u00e1logo de RUNASUR para la Am\u00e9rica Plurinacional"}]},{"@type":"WebSite","@id":"https:\/\/www.pressenza.com\/es\/#website","url":"https:\/\/www.pressenza.com\/es\/","name":"Pressenza","description":"International Press Agency","publisher":{"@id":"https:\/\/www.pressenza.com\/es\/#organization"},"potentialAction":[{"@type":"SearchAction","target":{"@type":"EntryPoint","urlTemplate":"https:\/\/www.pressenza.com\/es\/?s={search_term_string}"},"query-input":{"@type":"PropertyValueSpecification","valueRequired":true,"valueName":"search_term_string"}}],"inLanguage":"es"},{"@type":"Organization","@id":"https:\/\/www.pressenza.com\/es\/#organization","name":"Pressenza","url":"https:\/\/www.pressenza.com\/es\/","logo":{"@type":"ImageObject","inLanguage":"es","@id":"https:\/\/www.pressenza.com\/es\/#\/schema\/logo\/image\/","url":"https:\/\/www.pressenza.com\/wp-content\/uploads\/2022\/10\/pressenza_logo_200x200.jpg","contentUrl":"https:\/\/www.pressenza.com\/wp-content\/uploads\/2022\/10\/pressenza_logo_200x200.jpg","width":200,"height":200,"caption":"Pressenza"},"image":{"@id":"https:\/\/www.pressenza.com\/es\/#\/schema\/logo\/image\/"},"sameAs":["https:\/\/www.facebook.com\/PressenzaItalia","https:\/\/x.com\/PressenzaIPA"]},{"@type":"Person","@id":"https:\/\/www.pressenza.com\/es\/#\/schema\/person\/258a972fa92fd0a3a6243c920d569d83","name":"Redacci\u00f3n Bolivia","description":"News published by the Pressenza bureau in Bolivia","url":"https:\/\/www.pressenza.com\/es\/author\/redaccion-bolivia\/"}]}},"place":"Lauca \u00d1, Tr\u00f3pico de Cochabamba, Bolivia","original_article_url":"","_links":{"self":[{"href":"https:\/\/www.pressenza.com\/es\/wp-json\/wp\/v2\/posts\/1409069","targetHints":{"allow":["GET"]}}],"collection":[{"href":"https:\/\/www.pressenza.com\/es\/wp-json\/wp\/v2\/posts"}],"about":[{"href":"https:\/\/www.pressenza.com\/es\/wp-json\/wp\/v2\/types\/post"}],"author":[{"embeddable":true,"href":"https:\/\/www.pressenza.com\/es\/wp-json\/wp\/v2\/users\/1435"}],"replies":[{"embeddable":true,"href":"https:\/\/www.pressenza.com\/es\/wp-json\/wp\/v2\/comments?post=1409069"}],"version-history":[{"count":0,"href":"https:\/\/www.pressenza.com\/es\/wp-json\/wp\/v2\/posts\/1409069\/revisions"}],"wp:featuredmedia":[{"embeddable":true,"href":"https:\/\/www.pressenza.com\/es\/wp-json\/wp\/v2\/media\/1409072"}],"wp:attachment":[{"href":"https:\/\/www.pressenza.com\/es\/wp-json\/wp\/v2\/media?parent=1409069"}],"wp:term":[{"taxonomy":"category","embeddable":true,"href":"https:\/\/www.pressenza.com\/es\/wp-json\/wp\/v2\/categories?post=1409069"},{"taxonomy":"post_tag","embeddable":true,"href":"https:\/\/www.pressenza.com\/es\/wp-json\/wp\/v2\/tags?post=1409069"}],"curies":[{"name":"wp","href":"https:\/\/api.w.org\/{rel}","templated":true}]}}