{"id":1408725,"date":"2021-08-01T15:59:19","date_gmt":"2021-08-01T14:59:19","guid":{"rendered":"https:\/\/www.pressenza.com\/?p=1408725"},"modified":"2021-08-01T15:59:19","modified_gmt":"2021-08-01T14:59:19","slug":"competencia-electoral-nadie-sabe-para-quien-trabaja","status":"publish","type":"post","link":"https:\/\/www.pressenza.com\/es\/2021\/08\/competencia-electoral-nadie-sabe-para-quien-trabaja\/","title":{"rendered":"Competencia electoral: Nadie sabe para qui\u00e9n trabaja"},"content":{"rendered":"<p>Lo que ha imperado durante estos \u00faltimos meses es el esfuerzo de los partidos pol\u00edticos por consolidar sus pactos electorales y reducir al m\u00ednimo la cantidad de candidatos presidenciales. La centroderecha logr\u00f3 finalmente concordar solo un abanderado por sobre las aspiraciones que ten\u00edan Joaqu\u00edn Lav\u00edn, de la UDI, Mario Desbordes, de Renovaci\u00f3n Nacional y de Ignacio Briones, de Ev\u00f3poli.<\/p>\n<p>En un claro reconocimiento de la crisis e impopularidad de sus partidos, el ungido finalmente fue el independiente Sebasti\u00e1n Sichel, quien ciertamente demostr\u00f3 mayor empat\u00eda entre los ciudadanos que concurrieron a la primaria legal para decidir el nombre de su postulante a La Moneda. Desde all\u00ed, las tiendas que respaldan todav\u00eda a Sebasti\u00e1n Pi\u00f1era parecen haberse ordenado bastante y, a pesar de sus magros resultados electorales, a todos los hace estar confiados en llegar al menos a la segunda vuelta de los comicios de noviembre pr\u00f3ximo. Aunque el candidato de la extrema derecha, Jos\u00e9 Antonio Kast, prometi\u00f3 mantener su candidatura presidencial a sabiendas de que le sustraer\u00e1 votos a la f\u00f3rmula del oficialismo.<\/p>\n<p>El Frente Amplio y el Chile Digno del Partido Comunista y de otros tres partidos peque\u00f1os y varios movimientos, convocaron tambi\u00e9n a un buen n\u00famero de votantes en su respectiva primaria. En esta se impuso, rompiendo todos los pron\u00f3sticos, Gabriel Boric por sobre Daniel Jadue, por lo que el partido de la hoz y el martillo y sus aliados hoy est\u00e1n comprometidos a trabajar, aunque sea con desgano, por el triunfo presidencial del joven diputado magall\u00e1nico.<\/p>\n<p>Pero todav\u00eda existe una gran cantidad de referentes impelidos a reducir el n\u00famero de los que pretenden la primera magistratura. En la autodenominada centro izquierda son todav\u00eda manifiestos los obst\u00e1culos para lograr una lista unitaria que pueda llegar a la segunda ronda presidencial, en el entendido general que nadie podr\u00e1 reunir la mayor\u00eda absoluta de los sufragios. Los opositores al Gobierno todav\u00eda deber\u00e1n superar escollos tan severos como los representados por las candidaturas de la socialista Paula Narv\u00e1ez y Yasna Provoste, de la Democracia Cristiana, como adem\u00e1s la misma pretensi\u00f3n del Presidente del Partido Radical,\u00a0 Carlos Maldonado. Ellas y \u00e9l, aunque ya acordaron hacer una consulta ciudadana, no han superado sus diferencias y no est\u00e1n del todo animados de confluir en un solo liderazgo para representar al mundo concertacionista.<\/p>\n<p>Entre otras explicaciones, lo cierto es que algunos dirigentes siguen objetando el enorme y escandaloso gasto que este proceso les va a demandar a sus colectividades (unos 400 millones de pesos), adem\u00e1s de asustarlos de que esta consulta (que no puede llamarse primaria) no se legitime sin la concurrencia de al menos un mill\u00f3n de votantes. Una cifra considerada por todos como m\u00ednimamente digna para equipararse a la afluencia de votantes de las primarias de los derechistas y del Frente Amplio y bloque Chile Digno.<\/p>\n<p>Por otro lado, parece evidente el temor que todos estos tienen a la posibilidad de que esta consulta ciudadana pueda acentuar las tensiones especialmente entre dem\u00f3crata cristianos y socialistas, porque ya se asume que el PPD y los radicales estar\u00edan contestes en apoyar a cualquiera de las dos precandidatas del sector.<\/p>\n<p>No deja de ser curioso que el Partido Progresista de Enr\u00edquez Ominami se haya omitido de cualquier refer\u00e9ndum popular para as\u00ed reservarse la posibilidad de proclamar a un candidato presidencial propio, con lo cual la disgregaci\u00f3n de las fuerzas opositoras se pueda hacer todav\u00eda m\u00e1s cr\u00edtica y, por cierto, terminar favoreciendo a la derecha. Debemos considerar, adem\u00e1s, que ante el Registro Electoral ya se han inscrito unos 22 nombres de quienes, v\u00eda recolecci\u00f3n de firmas, buscar\u00e1n estar presentes tambi\u00e9n en la papeleta presidencial. \u00bfCu\u00e1ntos de estos lograr\u00e1n su cometido?<\/p>\n<p>Pero a la luz de batatazo electoral de la oposici\u00f3n en los comicios para elegir a los 155 constituyentes (ochenta por ciento de apoyo) los m\u00e1s optimistas piensan que aun con tres o m\u00e1s candidatos presidenciales ser\u00eda posible derrotar a la derecha, si es que en una segunda vuelta sus respectivos votos se suman a los de quien obtenga la primera o la segunda mayor\u00eda nacional. Es as\u00ed como algunos piensan que ser\u00eda saludable que Yasna Provoste y Paula Narv\u00e1ez compitan entre ellas sin remilgos y se ahorren el mal rato de enfrentarse en una primaria que deben organizar en pocas semanas y siempre con el riesgo de convocar a un discreto n\u00famero de militantes y simpatizantes.<\/p>\n<p>Lo anterior podr\u00eda tambi\u00e9n estimular el apetito de la Lista del Pueblo y de otros referentes sociales por proclamar tambi\u00e9n a un candidato de sus filas que, en el desencuentro evidente de los ex concertacionistas, pudiera superar en votos a ambas candidatas y arribar a una segunda vuelta para medirse con Sichel y la derecha. Un escenario muy apetecido por los sectores m\u00e1s rebeldes pero tambi\u00e9n por el propio oficialismo, que conf\u00eda en que los\u00a0 concertacionistas van a terminar apoyando en una segunda vuelta a su candidato a fin de evitar el triunfo de los sectores m\u00e1s radicalizados. En una especie de vuelta de mano, por lo dem\u00e1s, de lo sucedido en la reciente elecci\u00f3n del gobernador metropolitano cuando, en el balotaje, la derecha respald\u00f3 al DC Claudio Orrego para impedir que ganara la izquierdista Karina Oliva.<\/p>\n<p>Es claro que, de nuevo, no son las ideas ni los programas presidenciales, sino las calculadoras de los operadores pol\u00edticos las que van a definir a los competidores definitivos, despu\u00e9s de que las encuestas nada han acertado respecto de la conducta de los potenciales votantes. No olvidemos que existen unos diez millones de ciudadanos proclives a abstenerse o que esperan la irrupci\u00f3n de renovados actores pol\u00edticos. Se teme, asimismo, que en las negociaciones que ya se iniciaron para integrar las n\u00f3minas de candidatos al Parlamento puedan producirse rupturas que liberen a los partidos derrotados en las primarias presidenciales de apoyar a los vencedores. Se asume que ya no es tiempo de que las \u00f3rdenes de partido puedan asegurar la conducta de los ciudadanos. Tanto Sichel, como Boric o quienes resulten candidatos o candidatas en todo el dividido espectro pol\u00edtico tienen un voto cautivo muy limitado e incierto.<\/p>\n","protected":false},"excerpt":{"rendered":"<p>Lo que ha imperado durante estos \u00faltimos meses es el esfuerzo de los partidos pol\u00edticos por consolidar sus pactos electorales y reducir al m\u00ednimo la cantidad de candidatos presidenciales. La centroderecha logr\u00f3 finalmente concordar solo un abanderado por sobre las&hellip;<\/p>\n","protected":false},"author":1739,"featured_media":1408727,"comment_status":"closed","ping_status":"closed","sticky":false,"template":"","format":"standard","meta":{"footnotes":""},"categories":[11389,161,74,67],"tags":[29,403],"class_list":["post-1408725","post","type-post","status-publish","format-standard","has-post-thumbnail","hentry","category-contenido-original","category-opiniones","category-politica-es","category-sudamerica","tag-chile","tag-elecciones"],"yoast_head":"<!-- This site is optimized with the Yoast SEO plugin v27.1.1 - https:\/\/yoast.com\/product\/yoast-seo-wordpress\/ -->\n<title>Competencia electoral: Nadie sabe para qui\u00e9n trabaja<\/title>\n<meta name=\"description\" content=\"Lo que ha imperado durante estos \u00faltimos meses es el esfuerzo de los partidos pol\u00edticos por consolidar sus pactos electorales y reducir al m\u00ednimo la\" \/>\n<meta name=\"robots\" content=\"index, follow, max-snippet:-1, max-image-preview:large, max-video-preview:-1\" \/>\n<link rel=\"canonical\" href=\"https:\/\/www.pressenza.com\/es\/2021\/08\/competencia-electoral-nadie-sabe-para-quien-trabaja\/\" \/>\n<meta property=\"og:locale\" content=\"es_ES\" \/>\n<meta property=\"og:type\" content=\"article\" \/>\n<meta property=\"og:title\" content=\"Competencia electoral: Nadie sabe para qui\u00e9n trabaja\" \/>\n<meta property=\"og:description\" content=\"Lo que ha imperado durante estos \u00faltimos meses es el esfuerzo de los partidos pol\u00edticos por consolidar sus pactos electorales y reducir al m\u00ednimo la\" \/>\n<meta property=\"og:url\" content=\"https:\/\/www.pressenza.com\/es\/2021\/08\/competencia-electoral-nadie-sabe-para-quien-trabaja\/\" \/>\n<meta property=\"og:site_name\" content=\"Pressenza\" \/>\n<meta property=\"article:publisher\" content=\"https:\/\/www.facebook.com\/PressenzaItalia\" \/>\n<meta property=\"article:published_time\" content=\"2021-08-01T14:59:19+00:00\" \/>\n<meta property=\"og:image\" content=\"https:\/\/www.pressenza.com\/wp-content\/uploads\/2021\/08\/LE7A2070.jpg\" \/>\n\t<meta property=\"og:image:width\" content=\"1920\" \/>\n\t<meta property=\"og:image:height\" content=\"1280\" \/>\n\t<meta property=\"og:image:type\" content=\"image\/jpeg\" \/>\n<meta name=\"author\" content=\"Juan Pablo C\u00e1rdenas\" \/>\n<meta name=\"twitter:card\" content=\"summary_large_image\" \/>\n<meta name=\"twitter:creator\" content=\"@PressenzaIPA\" \/>\n<meta name=\"twitter:site\" content=\"@PressenzaIPA\" \/>\n<meta name=\"twitter:label1\" content=\"Escrito por\" \/>\n\t<meta name=\"twitter:data1\" content=\"Juan Pablo C\u00e1rdenas\" \/>\n\t<meta name=\"twitter:label2\" content=\"Tiempo de lectura\" \/>\n\t<meta name=\"twitter:data2\" content=\"5 minutos\" \/>\n<script type=\"application\/ld+json\" class=\"yoast-schema-graph\">{\"@context\":\"https:\/\/schema.org\",\"@graph\":[{\"@type\":\"Article\",\"@id\":\"https:\/\/www.pressenza.com\/es\/2021\/08\/competencia-electoral-nadie-sabe-para-quien-trabaja\/#article\",\"isPartOf\":{\"@id\":\"https:\/\/www.pressenza.com\/es\/2021\/08\/competencia-electoral-nadie-sabe-para-quien-trabaja\/\"},\"author\":{\"name\":\"Juan Pablo C\u00e1rdenas\",\"@id\":\"https:\/\/www.pressenza.com\/es\/#\/schema\/person\/d72a7c8c014dcbfa2ef9e9976103ea0d\"},\"headline\":\"Competencia electoral: Nadie sabe para qui\u00e9n trabaja\",\"datePublished\":\"2021-08-01T14:59:19+00:00\",\"mainEntityOfPage\":{\"@id\":\"https:\/\/www.pressenza.com\/es\/2021\/08\/competencia-electoral-nadie-sabe-para-quien-trabaja\/\"},\"wordCount\":1080,\"publisher\":{\"@id\":\"https:\/\/www.pressenza.com\/es\/#organization\"},\"image\":{\"@id\":\"https:\/\/www.pressenza.com\/es\/2021\/08\/competencia-electoral-nadie-sabe-para-quien-trabaja\/#primaryimage\"},\"thumbnailUrl\":\"https:\/\/www.pressenza.com\/wp-content\/uploads\/2021\/08\/LE7A2070.jpg\",\"keywords\":[\"Chile\",\"elecciones\"],\"articleSection\":[\"Contenido Original\",\"Opiniones\",\"Pol\u00edtica\",\"Sudam\u00e9rica\"],\"inLanguage\":\"es\"},{\"@type\":\"WebPage\",\"@id\":\"https:\/\/www.pressenza.com\/es\/2021\/08\/competencia-electoral-nadie-sabe-para-quien-trabaja\/\",\"url\":\"https:\/\/www.pressenza.com\/es\/2021\/08\/competencia-electoral-nadie-sabe-para-quien-trabaja\/\",\"name\":\"Competencia electoral: Nadie sabe para qui\u00e9n trabaja\",\"isPartOf\":{\"@id\":\"https:\/\/www.pressenza.com\/es\/#website\"},\"primaryImageOfPage\":{\"@id\":\"https:\/\/www.pressenza.com\/es\/2021\/08\/competencia-electoral-nadie-sabe-para-quien-trabaja\/#primaryimage\"},\"image\":{\"@id\":\"https:\/\/www.pressenza.com\/es\/2021\/08\/competencia-electoral-nadie-sabe-para-quien-trabaja\/#primaryimage\"},\"thumbnailUrl\":\"https:\/\/www.pressenza.com\/wp-content\/uploads\/2021\/08\/LE7A2070.jpg\",\"datePublished\":\"2021-08-01T14:59:19+00:00\",\"description\":\"Lo que ha imperado durante estos \u00faltimos meses es el esfuerzo de los partidos pol\u00edticos por consolidar sus pactos electorales y reducir al m\u00ednimo la\",\"breadcrumb\":{\"@id\":\"https:\/\/www.pressenza.com\/es\/2021\/08\/competencia-electoral-nadie-sabe-para-quien-trabaja\/#breadcrumb\"},\"inLanguage\":\"es\",\"potentialAction\":[{\"@type\":\"ReadAction\",\"target\":[\"https:\/\/www.pressenza.com\/es\/2021\/08\/competencia-electoral-nadie-sabe-para-quien-trabaja\/\"]}]},{\"@type\":\"ImageObject\",\"inLanguage\":\"es\",\"@id\":\"https:\/\/www.pressenza.com\/es\/2021\/08\/competencia-electoral-nadie-sabe-para-quien-trabaja\/#primaryimage\",\"url\":\"https:\/\/www.pressenza.com\/wp-content\/uploads\/2021\/08\/LE7A2070.jpg\",\"contentUrl\":\"https:\/\/www.pressenza.com\/wp-content\/uploads\/2021\/08\/LE7A2070.jpg\",\"width\":1920,\"height\":1280,\"caption\":\"Enzo Blondel\"},{\"@type\":\"BreadcrumbList\",\"@id\":\"https:\/\/www.pressenza.com\/es\/2021\/08\/competencia-electoral-nadie-sabe-para-quien-trabaja\/#breadcrumb\",\"itemListElement\":[{\"@type\":\"ListItem\",\"position\":1,\"name\":\"Accueil\",\"item\":\"https:\/\/www.pressenza.com\/es\/\"},{\"@type\":\"ListItem\",\"position\":2,\"name\":\"Competencia electoral: Nadie sabe para qui\u00e9n trabaja\"}]},{\"@type\":\"WebSite\",\"@id\":\"https:\/\/www.pressenza.com\/es\/#website\",\"url\":\"https:\/\/www.pressenza.com\/es\/\",\"name\":\"Pressenza\",\"description\":\"International Press Agency\",\"publisher\":{\"@id\":\"https:\/\/www.pressenza.com\/es\/#organization\"},\"potentialAction\":[{\"@type\":\"SearchAction\",\"target\":{\"@type\":\"EntryPoint\",\"urlTemplate\":\"https:\/\/www.pressenza.com\/es\/?s={search_term_string}\"},\"query-input\":{\"@type\":\"PropertyValueSpecification\",\"valueRequired\":true,\"valueName\":\"search_term_string\"}}],\"inLanguage\":\"es\"},{\"@type\":\"Organization\",\"@id\":\"https:\/\/www.pressenza.com\/es\/#organization\",\"name\":\"Pressenza\",\"url\":\"https:\/\/www.pressenza.com\/es\/\",\"logo\":{\"@type\":\"ImageObject\",\"inLanguage\":\"es\",\"@id\":\"https:\/\/www.pressenza.com\/es\/#\/schema\/logo\/image\/\",\"url\":\"https:\/\/www.pressenza.com\/wp-content\/uploads\/2022\/10\/pressenza_logo_200x200.jpg\",\"contentUrl\":\"https:\/\/www.pressenza.com\/wp-content\/uploads\/2022\/10\/pressenza_logo_200x200.jpg\",\"width\":200,\"height\":200,\"caption\":\"Pressenza\"},\"image\":{\"@id\":\"https:\/\/www.pressenza.com\/es\/#\/schema\/logo\/image\/\"},\"sameAs\":[\"https:\/\/www.facebook.com\/PressenzaItalia\",\"https:\/\/x.com\/PressenzaIPA\"]},{\"@type\":\"Person\",\"@id\":\"https:\/\/www.pressenza.com\/es\/#\/schema\/person\/d72a7c8c014dcbfa2ef9e9976103ea0d\",\"name\":\"Juan Pablo C\u00e1rdenas\",\"description\":\"Juan Pablo C\u00e1rdenas Squella es un periodista y profesor universitario de vasta trayectoria. En el 2005 recibi\u00f3 en premio nacional de Periodismo y, antes, la Pluma de Oro de la Libertad, otorgada por la Federaci\u00f3n Mundial de la Prensa. Tambi\u00e9n obtuvo el Premio Latinoamericano de Periodismo, la Houten Camara de Holanda (1989) entre otras m\u00faltiples distinciones nacionales y extranjeras. Forma parte de los sesenta periodistas del mundo considerados H\u00e9roes de la Libertad de Expresi\u00f3n, reconocimiento hecho por la Federaci\u00f3n Internacional de Periodistas. Ha sido director y columnista de las revistas Debate Universitario, An\u00e1lisis y Los Tiempos, as\u00ed como del diario electr\u00f3nico primeral\u00ednea.cl. Tambi\u00e9n fue por m\u00e1s 18 a\u00f1os director de la Radio Universidad de Chile y de su diario digital. Se ha desempe\u00f1ado como profesor de varias escuelas de periodismo de Santiago y Valpara\u00edso y en la Universidad de Chile alcanz\u00f3 el grado de profesor titular y senador universitario.\",\"url\":\"https:\/\/www.pressenza.com\/es\/author\/juan-pablo-cardenas\/\"}]}<\/script>\n<!-- \/ Yoast SEO plugin. -->","yoast_head_json":{"title":"Competencia electoral: Nadie sabe para qui\u00e9n trabaja","description":"Lo que ha imperado durante estos \u00faltimos meses es el esfuerzo de los partidos pol\u00edticos por consolidar sus pactos electorales y reducir al m\u00ednimo la","robots":{"index":"index","follow":"follow","max-snippet":"max-snippet:-1","max-image-preview":"max-image-preview:large","max-video-preview":"max-video-preview:-1"},"canonical":"https:\/\/www.pressenza.com\/es\/2021\/08\/competencia-electoral-nadie-sabe-para-quien-trabaja\/","og_locale":"es_ES","og_type":"article","og_title":"Competencia electoral: Nadie sabe para qui\u00e9n trabaja","og_description":"Lo que ha imperado durante estos \u00faltimos meses es el esfuerzo de los partidos pol\u00edticos por consolidar sus pactos electorales y reducir al m\u00ednimo la","og_url":"https:\/\/www.pressenza.com\/es\/2021\/08\/competencia-electoral-nadie-sabe-para-quien-trabaja\/","og_site_name":"Pressenza","article_publisher":"https:\/\/www.facebook.com\/PressenzaItalia","article_published_time":"2021-08-01T14:59:19+00:00","og_image":[{"width":1920,"height":1280,"url":"https:\/\/www.pressenza.com\/wp-content\/uploads\/2021\/08\/LE7A2070.jpg","type":"image\/jpeg"}],"author":"Juan Pablo C\u00e1rdenas","twitter_card":"summary_large_image","twitter_creator":"@PressenzaIPA","twitter_site":"@PressenzaIPA","twitter_misc":{"Escrito por":"Juan Pablo C\u00e1rdenas","Tiempo de lectura":"5 minutos"},"schema":{"@context":"https:\/\/schema.org","@graph":[{"@type":"Article","@id":"https:\/\/www.pressenza.com\/es\/2021\/08\/competencia-electoral-nadie-sabe-para-quien-trabaja\/#article","isPartOf":{"@id":"https:\/\/www.pressenza.com\/es\/2021\/08\/competencia-electoral-nadie-sabe-para-quien-trabaja\/"},"author":{"name":"Juan Pablo C\u00e1rdenas","@id":"https:\/\/www.pressenza.com\/es\/#\/schema\/person\/d72a7c8c014dcbfa2ef9e9976103ea0d"},"headline":"Competencia electoral: Nadie sabe para qui\u00e9n trabaja","datePublished":"2021-08-01T14:59:19+00:00","mainEntityOfPage":{"@id":"https:\/\/www.pressenza.com\/es\/2021\/08\/competencia-electoral-nadie-sabe-para-quien-trabaja\/"},"wordCount":1080,"publisher":{"@id":"https:\/\/www.pressenza.com\/es\/#organization"},"image":{"@id":"https:\/\/www.pressenza.com\/es\/2021\/08\/competencia-electoral-nadie-sabe-para-quien-trabaja\/#primaryimage"},"thumbnailUrl":"https:\/\/www.pressenza.com\/wp-content\/uploads\/2021\/08\/LE7A2070.jpg","keywords":["Chile","elecciones"],"articleSection":["Contenido Original","Opiniones","Pol\u00edtica","Sudam\u00e9rica"],"inLanguage":"es"},{"@type":"WebPage","@id":"https:\/\/www.pressenza.com\/es\/2021\/08\/competencia-electoral-nadie-sabe-para-quien-trabaja\/","url":"https:\/\/www.pressenza.com\/es\/2021\/08\/competencia-electoral-nadie-sabe-para-quien-trabaja\/","name":"Competencia electoral: Nadie sabe para qui\u00e9n trabaja","isPartOf":{"@id":"https:\/\/www.pressenza.com\/es\/#website"},"primaryImageOfPage":{"@id":"https:\/\/www.pressenza.com\/es\/2021\/08\/competencia-electoral-nadie-sabe-para-quien-trabaja\/#primaryimage"},"image":{"@id":"https:\/\/www.pressenza.com\/es\/2021\/08\/competencia-electoral-nadie-sabe-para-quien-trabaja\/#primaryimage"},"thumbnailUrl":"https:\/\/www.pressenza.com\/wp-content\/uploads\/2021\/08\/LE7A2070.jpg","datePublished":"2021-08-01T14:59:19+00:00","description":"Lo que ha imperado durante estos \u00faltimos meses es el esfuerzo de los partidos pol\u00edticos por consolidar sus pactos electorales y reducir al m\u00ednimo la","breadcrumb":{"@id":"https:\/\/www.pressenza.com\/es\/2021\/08\/competencia-electoral-nadie-sabe-para-quien-trabaja\/#breadcrumb"},"inLanguage":"es","potentialAction":[{"@type":"ReadAction","target":["https:\/\/www.pressenza.com\/es\/2021\/08\/competencia-electoral-nadie-sabe-para-quien-trabaja\/"]}]},{"@type":"ImageObject","inLanguage":"es","@id":"https:\/\/www.pressenza.com\/es\/2021\/08\/competencia-electoral-nadie-sabe-para-quien-trabaja\/#primaryimage","url":"https:\/\/www.pressenza.com\/wp-content\/uploads\/2021\/08\/LE7A2070.jpg","contentUrl":"https:\/\/www.pressenza.com\/wp-content\/uploads\/2021\/08\/LE7A2070.jpg","width":1920,"height":1280,"caption":"Enzo Blondel"},{"@type":"BreadcrumbList","@id":"https:\/\/www.pressenza.com\/es\/2021\/08\/competencia-electoral-nadie-sabe-para-quien-trabaja\/#breadcrumb","itemListElement":[{"@type":"ListItem","position":1,"name":"Accueil","item":"https:\/\/www.pressenza.com\/es\/"},{"@type":"ListItem","position":2,"name":"Competencia electoral: Nadie sabe para qui\u00e9n trabaja"}]},{"@type":"WebSite","@id":"https:\/\/www.pressenza.com\/es\/#website","url":"https:\/\/www.pressenza.com\/es\/","name":"Pressenza","description":"International Press Agency","publisher":{"@id":"https:\/\/www.pressenza.com\/es\/#organization"},"potentialAction":[{"@type":"SearchAction","target":{"@type":"EntryPoint","urlTemplate":"https:\/\/www.pressenza.com\/es\/?s={search_term_string}"},"query-input":{"@type":"PropertyValueSpecification","valueRequired":true,"valueName":"search_term_string"}}],"inLanguage":"es"},{"@type":"Organization","@id":"https:\/\/www.pressenza.com\/es\/#organization","name":"Pressenza","url":"https:\/\/www.pressenza.com\/es\/","logo":{"@type":"ImageObject","inLanguage":"es","@id":"https:\/\/www.pressenza.com\/es\/#\/schema\/logo\/image\/","url":"https:\/\/www.pressenza.com\/wp-content\/uploads\/2022\/10\/pressenza_logo_200x200.jpg","contentUrl":"https:\/\/www.pressenza.com\/wp-content\/uploads\/2022\/10\/pressenza_logo_200x200.jpg","width":200,"height":200,"caption":"Pressenza"},"image":{"@id":"https:\/\/www.pressenza.com\/es\/#\/schema\/logo\/image\/"},"sameAs":["https:\/\/www.facebook.com\/PressenzaItalia","https:\/\/x.com\/PressenzaIPA"]},{"@type":"Person","@id":"https:\/\/www.pressenza.com\/es\/#\/schema\/person\/d72a7c8c014dcbfa2ef9e9976103ea0d","name":"Juan Pablo C\u00e1rdenas","description":"Juan Pablo C\u00e1rdenas Squella es un periodista y profesor universitario de vasta trayectoria. En el 2005 recibi\u00f3 en premio nacional de Periodismo y, antes, la Pluma de Oro de la Libertad, otorgada por la Federaci\u00f3n Mundial de la Prensa. Tambi\u00e9n obtuvo el Premio Latinoamericano de Periodismo, la Houten Camara de Holanda (1989) entre otras m\u00faltiples distinciones nacionales y extranjeras. Forma parte de los sesenta periodistas del mundo considerados H\u00e9roes de la Libertad de Expresi\u00f3n, reconocimiento hecho por la Federaci\u00f3n Internacional de Periodistas. Ha sido director y columnista de las revistas Debate Universitario, An\u00e1lisis y Los Tiempos, as\u00ed como del diario electr\u00f3nico primeral\u00ednea.cl. Tambi\u00e9n fue por m\u00e1s 18 a\u00f1os director de la Radio Universidad de Chile y de su diario digital. Se ha desempe\u00f1ado como profesor de varias escuelas de periodismo de Santiago y Valpara\u00edso y en la Universidad de Chile alcanz\u00f3 el grado de profesor titular y senador universitario.","url":"https:\/\/www.pressenza.com\/es\/author\/juan-pablo-cardenas\/"}]}},"place":"Santiago de Chile","original_article_url":"","_links":{"self":[{"href":"https:\/\/www.pressenza.com\/es\/wp-json\/wp\/v2\/posts\/1408725","targetHints":{"allow":["GET"]}}],"collection":[{"href":"https:\/\/www.pressenza.com\/es\/wp-json\/wp\/v2\/posts"}],"about":[{"href":"https:\/\/www.pressenza.com\/es\/wp-json\/wp\/v2\/types\/post"}],"author":[{"embeddable":true,"href":"https:\/\/www.pressenza.com\/es\/wp-json\/wp\/v2\/users\/1739"}],"replies":[{"embeddable":true,"href":"https:\/\/www.pressenza.com\/es\/wp-json\/wp\/v2\/comments?post=1408725"}],"version-history":[{"count":0,"href":"https:\/\/www.pressenza.com\/es\/wp-json\/wp\/v2\/posts\/1408725\/revisions"}],"wp:featuredmedia":[{"embeddable":true,"href":"https:\/\/www.pressenza.com\/es\/wp-json\/wp\/v2\/media\/1408727"}],"wp:attachment":[{"href":"https:\/\/www.pressenza.com\/es\/wp-json\/wp\/v2\/media?parent=1408725"}],"wp:term":[{"taxonomy":"category","embeddable":true,"href":"https:\/\/www.pressenza.com\/es\/wp-json\/wp\/v2\/categories?post=1408725"},{"taxonomy":"post_tag","embeddable":true,"href":"https:\/\/www.pressenza.com\/es\/wp-json\/wp\/v2\/tags?post=1408725"}],"curies":[{"name":"wp","href":"https:\/\/api.w.org\/{rel}","templated":true}]}}