{"id":1407661,"date":"2021-07-30T01:36:00","date_gmt":"2021-07-30T00:36:00","guid":{"rendered":"https:\/\/www.pressenza.com\/?p=1407661"},"modified":"2021-07-30T01:36:00","modified_gmt":"2021-07-30T00:36:00","slug":"chile-las-elecciones-que-vienen","status":"publish","type":"post","link":"https:\/\/www.pressenza.com\/es\/2021\/07\/chile-las-elecciones-que-vienen\/","title":{"rendered":"Chile: Las elecciones que vienen"},"content":{"rendered":"<p>Estamos en medio de una sucesi\u00f3n de procesos electorales que se prolongar\u00e1n m\u00e1s all\u00e1 de este a\u00f1o. Ya tuvimos la megaelecci\u00f3n de convencionales, gobernadores, alcaldes y concejales. Tambi\u00e9n se llevaron a cabo las primarias legales presidenciales de donde emergieron, para la primera vuelta, el candidato de la derecha, ChileVamos (ChV), y el candidato de la izquierda, del Frente Amplio (FA) y el partido comunista (PC).<\/p>\n<p>Luego vendr\u00e1n las elecciones presidenciales y parlamentarias, pero en el \u00ednterin pareciera que tendremos una suerte de primarias sobre la marcha para dilucidar qu\u00e9 candidato llevar\u00e1 la centroizquierda. Sin duda que esta consulta viene gatillada por los resultados que arrojaron las primarias de uno y otro lado, resultados que si bien achican el espacio a la centroizquierda, la obligan a llevar a un(a) \u00fanico(a) candidato(a). No hay espacio para que a la primera vuelta concurra m\u00e1s de un candidato en representaci\u00f3n de este sector sin riesgo de quedar fuera de la segunda vuelta.<\/p>\n<p>Sin duda que el calendario pol\u00edtico viene denso mientras el pa\u00eds, y el mundo, se encuentran enfrascados en una crisis sanitaria sin precedentes, como consecuencia de covid19, que tiene en ascuas a la poblaci\u00f3n y a sus dirigencias de todo orden -econ\u00f3micas, sociales, pol\u00edticas, deportivas, culturales-.<\/p>\n<p>En este contexto los \u00e1nimos tienden a crisparse. Mientras unos ven ce\u00f1ir\u00a0 amenazas sobre s\u00ed, un futuro negro y depresivo, otros ven oportunidades, la de tener al fin el futuro en sus manos y de dar vuelta la historia. La actual realidad pol\u00edtica que vive Chile, invita a la crispaci\u00f3n, a la polarizaci\u00f3n, a aplicar la ley del tali\u00f3n, pero tambi\u00e9n invita a la sensatez, a poner en marcha el sentido com\u00fan. \u00bfQu\u00e9 primar\u00e1? Es lo que est\u00e1 por verse. En cierto modo, lo que estamos viendo en la convenci\u00f3n constitucional es un anticipo de lo que viene. Se est\u00e1 en los proleg\u00f3menos, en los tanteos, en los preliminares mostr\u00e1ndose los dientes, pero ya pasada esta fase, se entrar\u00e1 en tierra derecha.<\/p>\n<p>Haciendo un s\u00edmil futbol\u00edstico respecto de las candidaturas, todo indica que en la delantera, por la punta ultraderecha ir\u00eda Jos\u00e9 Antonio Kast, pegado a la raya, por convicci\u00f3n y doctrina, en tanto que por la derecha ya es seguro que va Sichel, ungido en las primarias que tuvieron lugar.<\/p>\n<p>Por la punta ultraizquierda, no se sabe a\u00fan qui\u00e9n ir\u00e1, pero todo indica que llevar\u00e1 candidato s\u00ed o s\u00ed. La llamada lista del pueblo no resiste la tentaci\u00f3n de ser representada por un candidato estimulado por los resultados alcanzados en la elecci\u00f3n constituyente. La izquierda ya tiene candidato en la cancha, Boric, quien triunf\u00f3 en las primarias, aventajando sorpresivamente y con holgura a su contrincante del PC.<\/p>\n<p>La centroizquierda ahora tiene 3 candidatos en carrera y habr\u00e1 que ver cu\u00e1l de ellos ingresar\u00e1 a la cancha para el partido de la primera vuelta. Habr\u00e1 que ver c\u00f3mo se mueven y los espacios que ocupar\u00e1n.<\/p>\n<p>La defensa que est\u00e1 tras ellos es m\u00e1s o menos conocida. Tras los punteros que juegan pegados a la raya, est\u00e1n los irreductibles, los que ven el mundo en blanco y negro, incapaces de visualizar los matices, que juegan al todo o nada, con un mismo estilo de juego cualquiera sea el rival con quien se est\u00e1 jugando.<\/p>\n<p>Tras quien ocupa la banda derecha est\u00e1n el gobierno y la coalici\u00f3n gobernante, ChileVamos,\u00a0 que no est\u00e1 viviendo buenos tiempos, incluso algunos en vez de apoyar a Sichel se sienten tentados a hacerlo a quien va por la raya, Kast.<\/p>\n<p>Detr\u00e1s de quien ha sido asignado a la izquierda, Boric, est\u00e1 el Frente Amplio y te\u00f3ricamente el PC, aunque se teme que a rega\u00f1adientes y tentado a respaldar a quien vaya por la punta de la ultraizquierda. Ello depender\u00e1 esencialmente de quien sea nominado y c\u00f3mo se entienda con Boric en la previa del partido.<\/p>\n<p>Al centro, un tanto escorado a la izquierda, est\u00e1 por verse quien entrar\u00e1 a la cancha, lo que solo se sabr\u00eda dentro de los \u00faltimos d\u00edas del presente mes. Dependiendo de qui\u00e9n sea y de c\u00f3mo se d\u00e9 el partido se ver\u00e1 quienes ser\u00e1n los que lleven el mayor peso, los democratacristianos, los socialistas o los radicales. Tambi\u00e9n depender\u00e1 del nivel de entendimiento\/confrontaci\u00f3n que se logre con unos u otros.<\/p>\n<p>En s\u00edntesis, solo se tiene la seguridad que a la cancha entrar\u00e1n Sichel y Boric; se cree que Sichel ir\u00eda acompa\u00f1ado por Jos\u00e9 Antonio Kast, aun cuando se sabe que preferir\u00eda ir solo por la derecha. No se conoce a\u00fan qui\u00e9n ser\u00e1 el(la) centrodelantero(a) ni quien ir\u00e1 por la punta de la ultraizquierda, quien muy probablemente perturbar\u00e1 el accionar de Boric, quien va por la izquierda. Todo apunta a que esta delantera sea comandada por una mujer, Paula o Yasna, lo que no dejar\u00eda de ser una novedad para un partido marcado por la incertidumbre de quien ser\u00e1 el goleador, esto es, de quien obtenga la mayor cantidad de votos.<\/p>\n","protected":false},"excerpt":{"rendered":"<p>Estamos en medio de una sucesi\u00f3n de procesos electorales que se prolongar\u00e1n m\u00e1s all\u00e1 de este a\u00f1o. Ya tuvimos la megaelecci\u00f3n de convencionales, gobernadores, alcaldes y concejales. Tambi\u00e9n se llevaron a cabo las primarias legales presidenciales de donde emergieron, para&hellip;<\/p>\n","protected":false},"author":1346,"featured_media":573493,"comment_status":"closed","ping_status":"closed","sticky":false,"template":"","format":"standard","meta":{"footnotes":""},"categories":[161,74],"tags":[79528,69401,86319,89350,93510,29883,93511,90460],"class_list":["post-1407661","post","type-post","status-publish","format-standard","has-post-thumbnail","hentry","category-opiniones","category-politica-es","tag-chilevamos","tag-convencion-constitucional","tag-daniel-jadue","tag-elecciones-en-chile","tag-elecciones-presidenciales-chilenas","tag-gabriel-boric","tag-sebastian-sichel","tag-yasna-provoste"],"yoast_head":"<!-- This site is optimized with the Yoast SEO plugin v27.1.1 - https:\/\/yoast.com\/product\/yoast-seo-wordpress\/ -->\n<title>Chile: Las elecciones que vienen<\/title>\n<meta name=\"description\" content=\"Estamos en medio de una sucesi\u00f3n de procesos electorales que se prolongar\u00e1n m\u00e1s all\u00e1 de este a\u00f1o. Ya tuvimos la megaelecci\u00f3n de convencionales,\" \/>\n<meta name=\"robots\" content=\"index, follow, max-snippet:-1, max-image-preview:large, max-video-preview:-1\" \/>\n<link rel=\"canonical\" href=\"https:\/\/www.pressenza.com\/es\/2021\/07\/chile-las-elecciones-que-vienen\/\" \/>\n<meta property=\"og:locale\" content=\"es_ES\" \/>\n<meta property=\"og:type\" content=\"article\" \/>\n<meta property=\"og:title\" content=\"Chile: Las elecciones que vienen\" \/>\n<meta property=\"og:description\" content=\"Estamos en medio de una sucesi\u00f3n de procesos electorales que se prolongar\u00e1n m\u00e1s all\u00e1 de este a\u00f1o. Ya tuvimos la megaelecci\u00f3n de convencionales,\" \/>\n<meta property=\"og:url\" content=\"https:\/\/www.pressenza.com\/es\/2021\/07\/chile-las-elecciones-que-vienen\/\" \/>\n<meta property=\"og:site_name\" content=\"Pressenza\" \/>\n<meta property=\"article:publisher\" content=\"https:\/\/www.facebook.com\/PressenzaItalia\" \/>\n<meta property=\"article:published_time\" content=\"2021-07-30T00:36:00+00:00\" \/>\n<meta property=\"og:image\" content=\"https:\/\/www.pressenza.com\/wp-content\/uploads\/2017\/12\/Elecciones-presidenciales-2017-5_2592x1728.jpg\" \/>\n\t<meta property=\"og:image:width\" content=\"2048\" \/>\n\t<meta property=\"og:image:height\" content=\"1365\" \/>\n\t<meta property=\"og:image:type\" content=\"image\/jpeg\" \/>\n<meta name=\"author\" content=\"Rodolfo Schmal\" \/>\n<meta name=\"twitter:card\" content=\"summary_large_image\" \/>\n<meta name=\"twitter:creator\" content=\"@PressenzaIPA\" \/>\n<meta name=\"twitter:site\" content=\"@PressenzaIPA\" \/>\n<meta name=\"twitter:label1\" content=\"Escrito por\" \/>\n\t<meta name=\"twitter:data1\" content=\"Rodolfo Schmal\" \/>\n\t<meta name=\"twitter:label2\" content=\"Tiempo de lectura\" \/>\n\t<meta name=\"twitter:data2\" content=\"4 minutos\" \/>\n<script type=\"application\/ld+json\" class=\"yoast-schema-graph\">{\"@context\":\"https:\/\/schema.org\",\"@graph\":[{\"@type\":\"Article\",\"@id\":\"https:\/\/www.pressenza.com\/es\/2021\/07\/chile-las-elecciones-que-vienen\/#article\",\"isPartOf\":{\"@id\":\"https:\/\/www.pressenza.com\/es\/2021\/07\/chile-las-elecciones-que-vienen\/\"},\"author\":{\"name\":\"Rodolfo Schmal\",\"@id\":\"https:\/\/www.pressenza.com\/es\/#\/schema\/person\/f997ea76500c802de8beb920d3db5a96\"},\"headline\":\"Chile: Las elecciones que vienen\",\"datePublished\":\"2021-07-30T00:36:00+00:00\",\"mainEntityOfPage\":{\"@id\":\"https:\/\/www.pressenza.com\/es\/2021\/07\/chile-las-elecciones-que-vienen\/\"},\"wordCount\":880,\"publisher\":{\"@id\":\"https:\/\/www.pressenza.com\/es\/#organization\"},\"image\":{\"@id\":\"https:\/\/www.pressenza.com\/es\/2021\/07\/chile-las-elecciones-que-vienen\/#primaryimage\"},\"thumbnailUrl\":\"https:\/\/www.pressenza.com\/wp-content\/uploads\/2017\/12\/Elecciones-presidenciales-2017-5_2592x1728.jpg\",\"keywords\":[\"ChileVamos\",\"Convenci\u00f3n Constitucional\",\"Daniel Jadue\",\"elecciones en Chile\",\"elecciones presidenciales chilenas\",\"Gabriel Boric\",\"Sebasti\u00e1n Sichel\",\"Yasna Provoste\"],\"articleSection\":[\"Opiniones\",\"Pol\u00edtica\"],\"inLanguage\":\"es\"},{\"@type\":\"WebPage\",\"@id\":\"https:\/\/www.pressenza.com\/es\/2021\/07\/chile-las-elecciones-que-vienen\/\",\"url\":\"https:\/\/www.pressenza.com\/es\/2021\/07\/chile-las-elecciones-que-vienen\/\",\"name\":\"Chile: Las elecciones que vienen\",\"isPartOf\":{\"@id\":\"https:\/\/www.pressenza.com\/es\/#website\"},\"primaryImageOfPage\":{\"@id\":\"https:\/\/www.pressenza.com\/es\/2021\/07\/chile-las-elecciones-que-vienen\/#primaryimage\"},\"image\":{\"@id\":\"https:\/\/www.pressenza.com\/es\/2021\/07\/chile-las-elecciones-que-vienen\/#primaryimage\"},\"thumbnailUrl\":\"https:\/\/www.pressenza.com\/wp-content\/uploads\/2017\/12\/Elecciones-presidenciales-2017-5_2592x1728.jpg\",\"datePublished\":\"2021-07-30T00:36:00+00:00\",\"description\":\"Estamos en medio de una sucesi\u00f3n de procesos electorales que se prolongar\u00e1n m\u00e1s all\u00e1 de este a\u00f1o. Ya tuvimos la megaelecci\u00f3n de convencionales,\",\"breadcrumb\":{\"@id\":\"https:\/\/www.pressenza.com\/es\/2021\/07\/chile-las-elecciones-que-vienen\/#breadcrumb\"},\"inLanguage\":\"es\",\"potentialAction\":[{\"@type\":\"ReadAction\",\"target\":[\"https:\/\/www.pressenza.com\/es\/2021\/07\/chile-las-elecciones-que-vienen\/\"]}]},{\"@type\":\"ImageObject\",\"inLanguage\":\"es\",\"@id\":\"https:\/\/www.pressenza.com\/es\/2021\/07\/chile-las-elecciones-que-vienen\/#primaryimage\",\"url\":\"https:\/\/www.pressenza.com\/wp-content\/uploads\/2017\/12\/Elecciones-presidenciales-2017-5_2592x1728.jpg\",\"contentUrl\":\"https:\/\/www.pressenza.com\/wp-content\/uploads\/2017\/12\/Elecciones-presidenciales-2017-5_2592x1728.jpg\",\"width\":2048,\"height\":1365},{\"@type\":\"BreadcrumbList\",\"@id\":\"https:\/\/www.pressenza.com\/es\/2021\/07\/chile-las-elecciones-que-vienen\/#breadcrumb\",\"itemListElement\":[{\"@type\":\"ListItem\",\"position\":1,\"name\":\"Accueil\",\"item\":\"https:\/\/www.pressenza.com\/es\/\"},{\"@type\":\"ListItem\",\"position\":2,\"name\":\"Chile: Las elecciones que vienen\"}]},{\"@type\":\"WebSite\",\"@id\":\"https:\/\/www.pressenza.com\/es\/#website\",\"url\":\"https:\/\/www.pressenza.com\/es\/\",\"name\":\"Pressenza\",\"description\":\"International Press Agency\",\"publisher\":{\"@id\":\"https:\/\/www.pressenza.com\/es\/#organization\"},\"potentialAction\":[{\"@type\":\"SearchAction\",\"target\":{\"@type\":\"EntryPoint\",\"urlTemplate\":\"https:\/\/www.pressenza.com\/es\/?s={search_term_string}\"},\"query-input\":{\"@type\":\"PropertyValueSpecification\",\"valueRequired\":true,\"valueName\":\"search_term_string\"}}],\"inLanguage\":\"es\"},{\"@type\":\"Organization\",\"@id\":\"https:\/\/www.pressenza.com\/es\/#organization\",\"name\":\"Pressenza\",\"url\":\"https:\/\/www.pressenza.com\/es\/\",\"logo\":{\"@type\":\"ImageObject\",\"inLanguage\":\"es\",\"@id\":\"https:\/\/www.pressenza.com\/es\/#\/schema\/logo\/image\/\",\"url\":\"https:\/\/www.pressenza.com\/wp-content\/uploads\/2022\/10\/pressenza_logo_200x200.jpg\",\"contentUrl\":\"https:\/\/www.pressenza.com\/wp-content\/uploads\/2022\/10\/pressenza_logo_200x200.jpg\",\"width\":200,\"height\":200,\"caption\":\"Pressenza\"},\"image\":{\"@id\":\"https:\/\/www.pressenza.com\/es\/#\/schema\/logo\/image\/\"},\"sameAs\":[\"https:\/\/www.facebook.com\/PressenzaItalia\",\"https:\/\/x.com\/PressenzaIPA\"]},{\"@type\":\"Person\",\"@id\":\"https:\/\/www.pressenza.com\/es\/#\/schema\/person\/f997ea76500c802de8beb920d3db5a96\",\"name\":\"Rodolfo Schmal\",\"description\":\"Rodolfo Schmal Simon es Ingeniero Civil Industrial de la Universidad de Chile y Magister en Inform\u00e1tica de la Universidad Polit\u00e9cnica de Madrid-Espa\u00f1a. Ha sido profesor de las Universidades de Chile, del Norte, de Tarapac\u00e1 y de Talca; socio de las empresas inform\u00e1ticas PRODAT y ALEPH; Director de ZOFRI S.A.; Secretario y Tesorero de la Asociaci\u00f3n de Acad\u00e9micos de la Universidad de Talca. Es autor de textos docentes y art\u00edculos en revistas acad\u00e9micas nacionales e internacionales indexadas. Reside en Talca, Chile.\",\"url\":\"https:\/\/www.pressenza.com\/es\/author\/rodolfo-schmal\/\"}]}<\/script>\n<!-- \/ Yoast SEO plugin. -->","yoast_head_json":{"title":"Chile: Las elecciones que vienen","description":"Estamos en medio de una sucesi\u00f3n de procesos electorales que se prolongar\u00e1n m\u00e1s all\u00e1 de este a\u00f1o. Ya tuvimos la megaelecci\u00f3n de convencionales,","robots":{"index":"index","follow":"follow","max-snippet":"max-snippet:-1","max-image-preview":"max-image-preview:large","max-video-preview":"max-video-preview:-1"},"canonical":"https:\/\/www.pressenza.com\/es\/2021\/07\/chile-las-elecciones-que-vienen\/","og_locale":"es_ES","og_type":"article","og_title":"Chile: Las elecciones que vienen","og_description":"Estamos en medio de una sucesi\u00f3n de procesos electorales que se prolongar\u00e1n m\u00e1s all\u00e1 de este a\u00f1o. Ya tuvimos la megaelecci\u00f3n de convencionales,","og_url":"https:\/\/www.pressenza.com\/es\/2021\/07\/chile-las-elecciones-que-vienen\/","og_site_name":"Pressenza","article_publisher":"https:\/\/www.facebook.com\/PressenzaItalia","article_published_time":"2021-07-30T00:36:00+00:00","og_image":[{"width":2048,"height":1365,"url":"https:\/\/www.pressenza.com\/wp-content\/uploads\/2017\/12\/Elecciones-presidenciales-2017-5_2592x1728.jpg","type":"image\/jpeg"}],"author":"Rodolfo Schmal","twitter_card":"summary_large_image","twitter_creator":"@PressenzaIPA","twitter_site":"@PressenzaIPA","twitter_misc":{"Escrito por":"Rodolfo Schmal","Tiempo de lectura":"4 minutos"},"schema":{"@context":"https:\/\/schema.org","@graph":[{"@type":"Article","@id":"https:\/\/www.pressenza.com\/es\/2021\/07\/chile-las-elecciones-que-vienen\/#article","isPartOf":{"@id":"https:\/\/www.pressenza.com\/es\/2021\/07\/chile-las-elecciones-que-vienen\/"},"author":{"name":"Rodolfo Schmal","@id":"https:\/\/www.pressenza.com\/es\/#\/schema\/person\/f997ea76500c802de8beb920d3db5a96"},"headline":"Chile: Las elecciones que vienen","datePublished":"2021-07-30T00:36:00+00:00","mainEntityOfPage":{"@id":"https:\/\/www.pressenza.com\/es\/2021\/07\/chile-las-elecciones-que-vienen\/"},"wordCount":880,"publisher":{"@id":"https:\/\/www.pressenza.com\/es\/#organization"},"image":{"@id":"https:\/\/www.pressenza.com\/es\/2021\/07\/chile-las-elecciones-que-vienen\/#primaryimage"},"thumbnailUrl":"https:\/\/www.pressenza.com\/wp-content\/uploads\/2017\/12\/Elecciones-presidenciales-2017-5_2592x1728.jpg","keywords":["ChileVamos","Convenci\u00f3n Constitucional","Daniel Jadue","elecciones en Chile","elecciones presidenciales chilenas","Gabriel Boric","Sebasti\u00e1n Sichel","Yasna Provoste"],"articleSection":["Opiniones","Pol\u00edtica"],"inLanguage":"es"},{"@type":"WebPage","@id":"https:\/\/www.pressenza.com\/es\/2021\/07\/chile-las-elecciones-que-vienen\/","url":"https:\/\/www.pressenza.com\/es\/2021\/07\/chile-las-elecciones-que-vienen\/","name":"Chile: Las elecciones que vienen","isPartOf":{"@id":"https:\/\/www.pressenza.com\/es\/#website"},"primaryImageOfPage":{"@id":"https:\/\/www.pressenza.com\/es\/2021\/07\/chile-las-elecciones-que-vienen\/#primaryimage"},"image":{"@id":"https:\/\/www.pressenza.com\/es\/2021\/07\/chile-las-elecciones-que-vienen\/#primaryimage"},"thumbnailUrl":"https:\/\/www.pressenza.com\/wp-content\/uploads\/2017\/12\/Elecciones-presidenciales-2017-5_2592x1728.jpg","datePublished":"2021-07-30T00:36:00+00:00","description":"Estamos en medio de una sucesi\u00f3n de procesos electorales que se prolongar\u00e1n m\u00e1s all\u00e1 de este a\u00f1o. Ya tuvimos la megaelecci\u00f3n de convencionales,","breadcrumb":{"@id":"https:\/\/www.pressenza.com\/es\/2021\/07\/chile-las-elecciones-que-vienen\/#breadcrumb"},"inLanguage":"es","potentialAction":[{"@type":"ReadAction","target":["https:\/\/www.pressenza.com\/es\/2021\/07\/chile-las-elecciones-que-vienen\/"]}]},{"@type":"ImageObject","inLanguage":"es","@id":"https:\/\/www.pressenza.com\/es\/2021\/07\/chile-las-elecciones-que-vienen\/#primaryimage","url":"https:\/\/www.pressenza.com\/wp-content\/uploads\/2017\/12\/Elecciones-presidenciales-2017-5_2592x1728.jpg","contentUrl":"https:\/\/www.pressenza.com\/wp-content\/uploads\/2017\/12\/Elecciones-presidenciales-2017-5_2592x1728.jpg","width":2048,"height":1365},{"@type":"BreadcrumbList","@id":"https:\/\/www.pressenza.com\/es\/2021\/07\/chile-las-elecciones-que-vienen\/#breadcrumb","itemListElement":[{"@type":"ListItem","position":1,"name":"Accueil","item":"https:\/\/www.pressenza.com\/es\/"},{"@type":"ListItem","position":2,"name":"Chile: Las elecciones que vienen"}]},{"@type":"WebSite","@id":"https:\/\/www.pressenza.com\/es\/#website","url":"https:\/\/www.pressenza.com\/es\/","name":"Pressenza","description":"International Press Agency","publisher":{"@id":"https:\/\/www.pressenza.com\/es\/#organization"},"potentialAction":[{"@type":"SearchAction","target":{"@type":"EntryPoint","urlTemplate":"https:\/\/www.pressenza.com\/es\/?s={search_term_string}"},"query-input":{"@type":"PropertyValueSpecification","valueRequired":true,"valueName":"search_term_string"}}],"inLanguage":"es"},{"@type":"Organization","@id":"https:\/\/www.pressenza.com\/es\/#organization","name":"Pressenza","url":"https:\/\/www.pressenza.com\/es\/","logo":{"@type":"ImageObject","inLanguage":"es","@id":"https:\/\/www.pressenza.com\/es\/#\/schema\/logo\/image\/","url":"https:\/\/www.pressenza.com\/wp-content\/uploads\/2022\/10\/pressenza_logo_200x200.jpg","contentUrl":"https:\/\/www.pressenza.com\/wp-content\/uploads\/2022\/10\/pressenza_logo_200x200.jpg","width":200,"height":200,"caption":"Pressenza"},"image":{"@id":"https:\/\/www.pressenza.com\/es\/#\/schema\/logo\/image\/"},"sameAs":["https:\/\/www.facebook.com\/PressenzaItalia","https:\/\/x.com\/PressenzaIPA"]},{"@type":"Person","@id":"https:\/\/www.pressenza.com\/es\/#\/schema\/person\/f997ea76500c802de8beb920d3db5a96","name":"Rodolfo Schmal","description":"Rodolfo Schmal Simon es Ingeniero Civil Industrial de la Universidad de Chile y Magister en Inform\u00e1tica de la Universidad Polit\u00e9cnica de Madrid-Espa\u00f1a. Ha sido profesor de las Universidades de Chile, del Norte, de Tarapac\u00e1 y de Talca; socio de las empresas inform\u00e1ticas PRODAT y ALEPH; Director de ZOFRI S.A.; Secretario y Tesorero de la Asociaci\u00f3n de Acad\u00e9micos de la Universidad de Talca. Es autor de textos docentes y art\u00edculos en revistas acad\u00e9micas nacionales e internacionales indexadas. Reside en Talca, Chile.","url":"https:\/\/www.pressenza.com\/es\/author\/rodolfo-schmal\/"}]}},"place":"Talca, Chile","original_article_url":"","_links":{"self":[{"href":"https:\/\/www.pressenza.com\/es\/wp-json\/wp\/v2\/posts\/1407661","targetHints":{"allow":["GET"]}}],"collection":[{"href":"https:\/\/www.pressenza.com\/es\/wp-json\/wp\/v2\/posts"}],"about":[{"href":"https:\/\/www.pressenza.com\/es\/wp-json\/wp\/v2\/types\/post"}],"author":[{"embeddable":true,"href":"https:\/\/www.pressenza.com\/es\/wp-json\/wp\/v2\/users\/1346"}],"replies":[{"embeddable":true,"href":"https:\/\/www.pressenza.com\/es\/wp-json\/wp\/v2\/comments?post=1407661"}],"version-history":[{"count":0,"href":"https:\/\/www.pressenza.com\/es\/wp-json\/wp\/v2\/posts\/1407661\/revisions"}],"wp:featuredmedia":[{"embeddable":true,"href":"https:\/\/www.pressenza.com\/es\/wp-json\/wp\/v2\/media\/573493"}],"wp:attachment":[{"href":"https:\/\/www.pressenza.com\/es\/wp-json\/wp\/v2\/media?parent=1407661"}],"wp:term":[{"taxonomy":"category","embeddable":true,"href":"https:\/\/www.pressenza.com\/es\/wp-json\/wp\/v2\/categories?post=1407661"},{"taxonomy":"post_tag","embeddable":true,"href":"https:\/\/www.pressenza.com\/es\/wp-json\/wp\/v2\/tags?post=1407661"}],"curies":[{"name":"wp","href":"https:\/\/api.w.org\/{rel}","templated":true}]}}