{"id":1406882,"date":"2021-07-28T15:56:23","date_gmt":"2021-07-28T14:56:23","guid":{"rendered":"https:\/\/www.pressenza.com\/?p=1406882"},"modified":"2021-07-28T16:06:18","modified_gmt":"2021-07-28T15:06:18","slug":"cuarto-panel-miradas-cruzadas-sobre-los-estallidos-sociales-en-chile-y-colombia","status":"publish","type":"post","link":"https:\/\/www.pressenza.com\/es\/2021\/07\/cuarto-panel-miradas-cruzadas-sobre-los-estallidos-sociales-en-chile-y-colombia\/","title":{"rendered":"Cuarto panel: Miradas cruzadas sobre los estallidos sociales en Chile y Colombia"},"content":{"rendered":"<h3><em>El pr\u00f3ximo jueves 29 de julio, a partir de las 16h (Col) 17h (Chile), continuar\u00e1 la serie de di\u00e1logos: Miradas cruzadas sobre los estallidos sociales en Chile y Colombia, esta vez el tema de conversaci\u00f3n ser\u00e1: estallidos sociales y polarizaci\u00f3n<\/em><\/h3>\n<p>Con la organizaci\u00f3n de la C\u00e1tedra Unesco-PREV, el Centro de Estudios de Conflicto y Cohesi\u00f3n Social (COES), Alt\u00e9rnatives, la Universidad del Cauca, la Universidad del Rosario, la Campa\u00f1a Latinoamericana por el Derechos a la Educaci\u00f3n (CLADE) y la Agencia Internacional de Noticias Pressenza, esta serie de paneles busca encontrar pistas de an\u00e1lisis y de soluci\u00f3n, que permitan situar mejor el fen\u00f3meno de los estallidos sociales ocurridos en Chile y Colombia, desde una perspectiva comparada, a trav\u00e9s de la voz de investigadores-as y activistas que han trabajado sobre y dentro de estos movimientos.<\/p>\n<p>En esta conversaci\u00f3n se conversar\u00e1 sobre los estallidos sociales y la polarizaci\u00f3n, pues a<span class=\"Apple-converted-space\">\u00a0<\/span>menudo se afirma, sin ninguna prueba, que los estallidos sociales son la respuesta natural de fen\u00f3menos de polarizaci\u00f3n que ya se encuentran presentes en la sociedad. \u00bfEs esta una hip\u00f3tesis que se verifica en la realidad de los estallidos sociales colombiano y chileno? \u00bfNo ser\u00e1 que estamos en presencia de fen\u00f3menos (a menudo muy artificiales) de polarizaci\u00f3n de la elite pol\u00edtica? \u00bfQu\u00e9 rol cumple la polarizaci\u00f3n de la elite pol\u00edtica en la g\u00e9nesis de ambos estallidos sociales y en su posterior gesti\u00f3n?<\/p>\n<p>Para encontrar algunas respuestas, nos acompa\u00f1ar\u00e1n desde Chile y Colombia personas con amplia trayectoria:<\/p>\n<p><img loading=\"lazy\" decoding=\"async\" class=\"aligncenter wp-image-1406898 size-large\" src=\"https:\/\/www.pressenza.com\/wp-content\/uploads\/2021\/07\/WhatsApp-Image-2021-07-26-at-9.12.41-AM-2-820x820.jpeg\" alt=\"Cuarto panel: miradas cruzadas sobre los estallidos sociales en Chile y Colombia\" width=\"820\" height=\"820\" srcset=\"https:\/\/www.pressenza.com\/wp-content\/uploads\/2021\/07\/WhatsApp-Image-2021-07-26-at-9.12.41-AM-2-820x820.jpeg 820w, https:\/\/www.pressenza.com\/wp-content\/uploads\/2021\/07\/WhatsApp-Image-2021-07-26-at-9.12.41-AM-2-300x300.jpeg 300w, https:\/\/www.pressenza.com\/wp-content\/uploads\/2021\/07\/WhatsApp-Image-2021-07-26-at-9.12.41-AM-2-150x150.jpeg 150w, https:\/\/www.pressenza.com\/wp-content\/uploads\/2021\/07\/WhatsApp-Image-2021-07-26-at-9.12.41-AM-2.jpeg 1080w\" sizes=\"auto, (max-width: 820px) 100vw, 820px\" \/><\/p>\n<h3 style=\"text-align: center;\"><em>Para acceder al cuarto panel en directo, debes ingresar al canal de youtube de COES: <a href=\"https:\/\/www.youtube.com\/c\/CentroCOES\">https:\/\/www.youtube.com\/c\/CentroCOES<\/a><\/em><\/h3>\n<p>&nbsp;<\/p>\n","protected":false},"excerpt":{"rendered":"<p>El pr\u00f3ximo jueves 29 de julio, a partir de las 16h (Col) 17h (Chile), continuar\u00e1 la serie de di\u00e1logos: Miradas cruzadas sobre los estallidos sociales en Chile y Colombia, esta vez el tema de conversaci\u00f3n ser\u00e1: estallidos sociales y polarizaci\u00f3n&hellip;<\/p>\n","protected":false},"author":1053,"featured_media":1406942,"comment_status":"closed","ping_status":"closed","sticky":false,"template":"","format":"standard","meta":{"footnotes":""},"categories":[11389,79,67],"tags":[29,30,65704,26018],"class_list":["post-1406882","post","type-post","status-publish","format-standard","has-post-thumbnail","hentry","category-contenido-original","category-derechos-humanos","category-sudamerica","tag-chile","tag-colombia","tag-estallido-social","tag-protestas"],"yoast_head":"<!-- This site is optimized with the Yoast SEO plugin v27.1.1 - https:\/\/yoast.com\/product\/yoast-seo-wordpress\/ -->\n<title>Cuarto panel: Miradas cruzadas sobre los estallidos sociales en Chile y Colombia<\/title>\n<meta name=\"description\" content=\"El pr\u00f3ximo jueves 29 de julio, a partir de las 16h (Col) 17h (Chile), continuar\u00e1 la serie de di\u00e1logos: Miradas cruzadas sobre los estallidos sociales en Chile y Colombia, esta vez el tema de conversaci\u00f3n ser\u00e1: estallidos sociales y polarizaci\u00f3n\" \/>\n<meta name=\"robots\" content=\"index, follow, max-snippet:-1, max-image-preview:large, max-video-preview:-1\" \/>\n<link rel=\"canonical\" href=\"https:\/\/www.pressenza.com\/es\/2021\/07\/cuarto-panel-miradas-cruzadas-sobre-los-estallidos-sociales-en-chile-y-colombia\/\" \/>\n<meta property=\"og:locale\" content=\"es_ES\" \/>\n<meta property=\"og:type\" content=\"article\" \/>\n<meta property=\"og:title\" content=\"Cuarto panel: Miradas cruzadas sobre los estallidos sociales en Chile y Colombia\" \/>\n<meta property=\"og:description\" content=\"El pr\u00f3ximo jueves 29 de julio, a partir de las 16h (Col) 17h (Chile), continuar\u00e1 la serie de di\u00e1logos: Miradas cruzadas sobre los estallidos sociales en Chile y Colombia, esta vez el tema de conversaci\u00f3n ser\u00e1: estallidos sociales y polarizaci\u00f3n\" \/>\n<meta property=\"og:url\" content=\"https:\/\/www.pressenza.com\/es\/2021\/07\/cuarto-panel-miradas-cruzadas-sobre-los-estallidos-sociales-en-chile-y-colombia\/\" \/>\n<meta property=\"og:site_name\" content=\"Pressenza\" \/>\n<meta property=\"article:publisher\" content=\"https:\/\/www.facebook.com\/PressenzaItalia\" \/>\n<meta property=\"article:published_time\" content=\"2021-07-28T14:56:23+00:00\" \/>\n<meta property=\"article:modified_time\" content=\"2021-07-28T15:06:18+00:00\" \/>\n<meta property=\"og:image\" content=\"https:\/\/www.pressenza.com\/wp-content\/uploads\/2021\/07\/WhatsApp-Image-2021-07-26-at-9.12.40-AM-1.jpeg\" \/>\n\t<meta property=\"og:image:width\" content=\"1280\" \/>\n\t<meta property=\"og:image:height\" content=\"720\" \/>\n\t<meta property=\"og:image:type\" content=\"image\/jpeg\" \/>\n<meta name=\"author\" content=\"Redacci\u00f3n Colombia\" \/>\n<meta name=\"twitter:card\" content=\"summary_large_image\" \/>\n<meta name=\"twitter:creator\" content=\"@PressenzaIPA\" \/>\n<meta name=\"twitter:site\" content=\"@PressenzaIPA\" \/>\n<meta name=\"twitter:label1\" content=\"Escrito por\" \/>\n\t<meta name=\"twitter:data1\" content=\"Redacci\u00f3n Colombia\" \/>\n\t<meta name=\"twitter:label2\" content=\"Tiempo de lectura\" \/>\n\t<meta name=\"twitter:data2\" content=\"1 minuto\" \/>\n<script type=\"application\/ld+json\" class=\"yoast-schema-graph\">{\"@context\":\"https:\/\/schema.org\",\"@graph\":[{\"@type\":\"Article\",\"@id\":\"https:\/\/www.pressenza.com\/es\/2021\/07\/cuarto-panel-miradas-cruzadas-sobre-los-estallidos-sociales-en-chile-y-colombia\/#article\",\"isPartOf\":{\"@id\":\"https:\/\/www.pressenza.com\/es\/2021\/07\/cuarto-panel-miradas-cruzadas-sobre-los-estallidos-sociales-en-chile-y-colombia\/\"},\"author\":{\"name\":\"Redacci\u00f3n Colombia\",\"@id\":\"https:\/\/www.pressenza.com\/es\/#\/schema\/person\/7c8ee170a4502d638436c91e385315f2\"},\"headline\":\"Cuarto panel: Miradas cruzadas sobre los estallidos sociales en Chile y Colombia\",\"datePublished\":\"2021-07-28T14:56:23+00:00\",\"dateModified\":\"2021-07-28T15:06:18+00:00\",\"mainEntityOfPage\":{\"@id\":\"https:\/\/www.pressenza.com\/es\/2021\/07\/cuarto-panel-miradas-cruzadas-sobre-los-estallidos-sociales-en-chile-y-colombia\/\"},\"wordCount\":303,\"publisher\":{\"@id\":\"https:\/\/www.pressenza.com\/es\/#organization\"},\"image\":{\"@id\":\"https:\/\/www.pressenza.com\/es\/2021\/07\/cuarto-panel-miradas-cruzadas-sobre-los-estallidos-sociales-en-chile-y-colombia\/#primaryimage\"},\"thumbnailUrl\":\"https:\/\/www.pressenza.com\/wp-content\/uploads\/2021\/07\/WhatsApp-Image-2021-07-26-at-9.12.40-AM-1.jpeg\",\"keywords\":[\"Chile\",\"Colombia\",\"estallido social\",\"protestas\"],\"articleSection\":[\"Contenido Original\",\"Derechos Humanos\",\"Sudam\u00e9rica\"],\"inLanguage\":\"es\"},{\"@type\":\"WebPage\",\"@id\":\"https:\/\/www.pressenza.com\/es\/2021\/07\/cuarto-panel-miradas-cruzadas-sobre-los-estallidos-sociales-en-chile-y-colombia\/\",\"url\":\"https:\/\/www.pressenza.com\/es\/2021\/07\/cuarto-panel-miradas-cruzadas-sobre-los-estallidos-sociales-en-chile-y-colombia\/\",\"name\":\"Cuarto panel: Miradas cruzadas sobre los estallidos sociales en Chile y Colombia\",\"isPartOf\":{\"@id\":\"https:\/\/www.pressenza.com\/es\/#website\"},\"primaryImageOfPage\":{\"@id\":\"https:\/\/www.pressenza.com\/es\/2021\/07\/cuarto-panel-miradas-cruzadas-sobre-los-estallidos-sociales-en-chile-y-colombia\/#primaryimage\"},\"image\":{\"@id\":\"https:\/\/www.pressenza.com\/es\/2021\/07\/cuarto-panel-miradas-cruzadas-sobre-los-estallidos-sociales-en-chile-y-colombia\/#primaryimage\"},\"thumbnailUrl\":\"https:\/\/www.pressenza.com\/wp-content\/uploads\/2021\/07\/WhatsApp-Image-2021-07-26-at-9.12.40-AM-1.jpeg\",\"datePublished\":\"2021-07-28T14:56:23+00:00\",\"dateModified\":\"2021-07-28T15:06:18+00:00\",\"description\":\"El pr\u00f3ximo jueves 29 de julio, a partir de las 16h (Col) 17h (Chile), continuar\u00e1 la serie de di\u00e1logos: Miradas cruzadas sobre los estallidos sociales en Chile y Colombia, esta vez el tema de conversaci\u00f3n ser\u00e1: estallidos sociales y polarizaci\u00f3n\",\"breadcrumb\":{\"@id\":\"https:\/\/www.pressenza.com\/es\/2021\/07\/cuarto-panel-miradas-cruzadas-sobre-los-estallidos-sociales-en-chile-y-colombia\/#breadcrumb\"},\"inLanguage\":\"es\",\"potentialAction\":[{\"@type\":\"ReadAction\",\"target\":[\"https:\/\/www.pressenza.com\/es\/2021\/07\/cuarto-panel-miradas-cruzadas-sobre-los-estallidos-sociales-en-chile-y-colombia\/\"]}]},{\"@type\":\"ImageObject\",\"inLanguage\":\"es\",\"@id\":\"https:\/\/www.pressenza.com\/es\/2021\/07\/cuarto-panel-miradas-cruzadas-sobre-los-estallidos-sociales-en-chile-y-colombia\/#primaryimage\",\"url\":\"https:\/\/www.pressenza.com\/wp-content\/uploads\/2021\/07\/WhatsApp-Image-2021-07-26-at-9.12.40-AM-1.jpeg\",\"contentUrl\":\"https:\/\/www.pressenza.com\/wp-content\/uploads\/2021\/07\/WhatsApp-Image-2021-07-26-at-9.12.40-AM-1.jpeg\",\"width\":1280,\"height\":720,\"caption\":\"Cuarto panel: miradas cruzadas sobre los estallidos sociales en Chile y Colombia\"},{\"@type\":\"BreadcrumbList\",\"@id\":\"https:\/\/www.pressenza.com\/es\/2021\/07\/cuarto-panel-miradas-cruzadas-sobre-los-estallidos-sociales-en-chile-y-colombia\/#breadcrumb\",\"itemListElement\":[{\"@type\":\"ListItem\",\"position\":1,\"name\":\"Accueil\",\"item\":\"https:\/\/www.pressenza.com\/es\/\"},{\"@type\":\"ListItem\",\"position\":2,\"name\":\"Cuarto panel: Miradas cruzadas sobre los estallidos sociales en Chile y Colombia\"}]},{\"@type\":\"WebSite\",\"@id\":\"https:\/\/www.pressenza.com\/es\/#website\",\"url\":\"https:\/\/www.pressenza.com\/es\/\",\"name\":\"Pressenza\",\"description\":\"International Press Agency\",\"publisher\":{\"@id\":\"https:\/\/www.pressenza.com\/es\/#organization\"},\"potentialAction\":[{\"@type\":\"SearchAction\",\"target\":{\"@type\":\"EntryPoint\",\"urlTemplate\":\"https:\/\/www.pressenza.com\/es\/?s={search_term_string}\"},\"query-input\":{\"@type\":\"PropertyValueSpecification\",\"valueRequired\":true,\"valueName\":\"search_term_string\"}}],\"inLanguage\":\"es\"},{\"@type\":\"Organization\",\"@id\":\"https:\/\/www.pressenza.com\/es\/#organization\",\"name\":\"Pressenza\",\"url\":\"https:\/\/www.pressenza.com\/es\/\",\"logo\":{\"@type\":\"ImageObject\",\"inLanguage\":\"es\",\"@id\":\"https:\/\/www.pressenza.com\/es\/#\/schema\/logo\/image\/\",\"url\":\"https:\/\/www.pressenza.com\/wp-content\/uploads\/2022\/10\/pressenza_logo_200x200.jpg\",\"contentUrl\":\"https:\/\/www.pressenza.com\/wp-content\/uploads\/2022\/10\/pressenza_logo_200x200.jpg\",\"width\":200,\"height\":200,\"caption\":\"Pressenza\"},\"image\":{\"@id\":\"https:\/\/www.pressenza.com\/es\/#\/schema\/logo\/image\/\"},\"sameAs\":[\"https:\/\/www.facebook.com\/PressenzaItalia\",\"https:\/\/x.com\/PressenzaIPA\"]},{\"@type\":\"Person\",\"@id\":\"https:\/\/www.pressenza.com\/es\/#\/schema\/person\/7c8ee170a4502d638436c91e385315f2\",\"name\":\"Redacci\u00f3n Colombia\",\"description\":\"News published by the Pressenza bureau in Colombia\",\"url\":\"https:\/\/www.pressenza.com\/es\/author\/redaccion-colombia\/\"}]}<\/script>\n<!-- \/ Yoast SEO plugin. -->","yoast_head_json":{"title":"Cuarto panel: Miradas cruzadas sobre los estallidos sociales en Chile y Colombia","description":"El pr\u00f3ximo jueves 29 de julio, a partir de las 16h (Col) 17h (Chile), continuar\u00e1 la serie de di\u00e1logos: Miradas cruzadas sobre los estallidos sociales en Chile y Colombia, esta vez el tema de conversaci\u00f3n ser\u00e1: estallidos sociales y polarizaci\u00f3n","robots":{"index":"index","follow":"follow","max-snippet":"max-snippet:-1","max-image-preview":"max-image-preview:large","max-video-preview":"max-video-preview:-1"},"canonical":"https:\/\/www.pressenza.com\/es\/2021\/07\/cuarto-panel-miradas-cruzadas-sobre-los-estallidos-sociales-en-chile-y-colombia\/","og_locale":"es_ES","og_type":"article","og_title":"Cuarto panel: Miradas cruzadas sobre los estallidos sociales en Chile y Colombia","og_description":"El pr\u00f3ximo jueves 29 de julio, a partir de las 16h (Col) 17h (Chile), continuar\u00e1 la serie de di\u00e1logos: Miradas cruzadas sobre los estallidos sociales en Chile y Colombia, esta vez el tema de conversaci\u00f3n ser\u00e1: estallidos sociales y polarizaci\u00f3n","og_url":"https:\/\/www.pressenza.com\/es\/2021\/07\/cuarto-panel-miradas-cruzadas-sobre-los-estallidos-sociales-en-chile-y-colombia\/","og_site_name":"Pressenza","article_publisher":"https:\/\/www.facebook.com\/PressenzaItalia","article_published_time":"2021-07-28T14:56:23+00:00","article_modified_time":"2021-07-28T15:06:18+00:00","og_image":[{"width":1280,"height":720,"url":"https:\/\/www.pressenza.com\/wp-content\/uploads\/2021\/07\/WhatsApp-Image-2021-07-26-at-9.12.40-AM-1.jpeg","type":"image\/jpeg"}],"author":"Redacci\u00f3n Colombia","twitter_card":"summary_large_image","twitter_creator":"@PressenzaIPA","twitter_site":"@PressenzaIPA","twitter_misc":{"Escrito por":"Redacci\u00f3n Colombia","Tiempo de lectura":"1 minuto"},"schema":{"@context":"https:\/\/schema.org","@graph":[{"@type":"Article","@id":"https:\/\/www.pressenza.com\/es\/2021\/07\/cuarto-panel-miradas-cruzadas-sobre-los-estallidos-sociales-en-chile-y-colombia\/#article","isPartOf":{"@id":"https:\/\/www.pressenza.com\/es\/2021\/07\/cuarto-panel-miradas-cruzadas-sobre-los-estallidos-sociales-en-chile-y-colombia\/"},"author":{"name":"Redacci\u00f3n Colombia","@id":"https:\/\/www.pressenza.com\/es\/#\/schema\/person\/7c8ee170a4502d638436c91e385315f2"},"headline":"Cuarto panel: Miradas cruzadas sobre los estallidos sociales en Chile y Colombia","datePublished":"2021-07-28T14:56:23+00:00","dateModified":"2021-07-28T15:06:18+00:00","mainEntityOfPage":{"@id":"https:\/\/www.pressenza.com\/es\/2021\/07\/cuarto-panel-miradas-cruzadas-sobre-los-estallidos-sociales-en-chile-y-colombia\/"},"wordCount":303,"publisher":{"@id":"https:\/\/www.pressenza.com\/es\/#organization"},"image":{"@id":"https:\/\/www.pressenza.com\/es\/2021\/07\/cuarto-panel-miradas-cruzadas-sobre-los-estallidos-sociales-en-chile-y-colombia\/#primaryimage"},"thumbnailUrl":"https:\/\/www.pressenza.com\/wp-content\/uploads\/2021\/07\/WhatsApp-Image-2021-07-26-at-9.12.40-AM-1.jpeg","keywords":["Chile","Colombia","estallido social","protestas"],"articleSection":["Contenido Original","Derechos Humanos","Sudam\u00e9rica"],"inLanguage":"es"},{"@type":"WebPage","@id":"https:\/\/www.pressenza.com\/es\/2021\/07\/cuarto-panel-miradas-cruzadas-sobre-los-estallidos-sociales-en-chile-y-colombia\/","url":"https:\/\/www.pressenza.com\/es\/2021\/07\/cuarto-panel-miradas-cruzadas-sobre-los-estallidos-sociales-en-chile-y-colombia\/","name":"Cuarto panel: Miradas cruzadas sobre los estallidos sociales en Chile y Colombia","isPartOf":{"@id":"https:\/\/www.pressenza.com\/es\/#website"},"primaryImageOfPage":{"@id":"https:\/\/www.pressenza.com\/es\/2021\/07\/cuarto-panel-miradas-cruzadas-sobre-los-estallidos-sociales-en-chile-y-colombia\/#primaryimage"},"image":{"@id":"https:\/\/www.pressenza.com\/es\/2021\/07\/cuarto-panel-miradas-cruzadas-sobre-los-estallidos-sociales-en-chile-y-colombia\/#primaryimage"},"thumbnailUrl":"https:\/\/www.pressenza.com\/wp-content\/uploads\/2021\/07\/WhatsApp-Image-2021-07-26-at-9.12.40-AM-1.jpeg","datePublished":"2021-07-28T14:56:23+00:00","dateModified":"2021-07-28T15:06:18+00:00","description":"El pr\u00f3ximo jueves 29 de julio, a partir de las 16h (Col) 17h (Chile), continuar\u00e1 la serie de di\u00e1logos: Miradas cruzadas sobre los estallidos sociales en Chile y Colombia, esta vez el tema de conversaci\u00f3n ser\u00e1: estallidos sociales y polarizaci\u00f3n","breadcrumb":{"@id":"https:\/\/www.pressenza.com\/es\/2021\/07\/cuarto-panel-miradas-cruzadas-sobre-los-estallidos-sociales-en-chile-y-colombia\/#breadcrumb"},"inLanguage":"es","potentialAction":[{"@type":"ReadAction","target":["https:\/\/www.pressenza.com\/es\/2021\/07\/cuarto-panel-miradas-cruzadas-sobre-los-estallidos-sociales-en-chile-y-colombia\/"]}]},{"@type":"ImageObject","inLanguage":"es","@id":"https:\/\/www.pressenza.com\/es\/2021\/07\/cuarto-panel-miradas-cruzadas-sobre-los-estallidos-sociales-en-chile-y-colombia\/#primaryimage","url":"https:\/\/www.pressenza.com\/wp-content\/uploads\/2021\/07\/WhatsApp-Image-2021-07-26-at-9.12.40-AM-1.jpeg","contentUrl":"https:\/\/www.pressenza.com\/wp-content\/uploads\/2021\/07\/WhatsApp-Image-2021-07-26-at-9.12.40-AM-1.jpeg","width":1280,"height":720,"caption":"Cuarto panel: miradas cruzadas sobre los estallidos sociales en Chile y Colombia"},{"@type":"BreadcrumbList","@id":"https:\/\/www.pressenza.com\/es\/2021\/07\/cuarto-panel-miradas-cruzadas-sobre-los-estallidos-sociales-en-chile-y-colombia\/#breadcrumb","itemListElement":[{"@type":"ListItem","position":1,"name":"Accueil","item":"https:\/\/www.pressenza.com\/es\/"},{"@type":"ListItem","position":2,"name":"Cuarto panel: Miradas cruzadas sobre los estallidos sociales en Chile y Colombia"}]},{"@type":"WebSite","@id":"https:\/\/www.pressenza.com\/es\/#website","url":"https:\/\/www.pressenza.com\/es\/","name":"Pressenza","description":"International Press Agency","publisher":{"@id":"https:\/\/www.pressenza.com\/es\/#organization"},"potentialAction":[{"@type":"SearchAction","target":{"@type":"EntryPoint","urlTemplate":"https:\/\/www.pressenza.com\/es\/?s={search_term_string}"},"query-input":{"@type":"PropertyValueSpecification","valueRequired":true,"valueName":"search_term_string"}}],"inLanguage":"es"},{"@type":"Organization","@id":"https:\/\/www.pressenza.com\/es\/#organization","name":"Pressenza","url":"https:\/\/www.pressenza.com\/es\/","logo":{"@type":"ImageObject","inLanguage":"es","@id":"https:\/\/www.pressenza.com\/es\/#\/schema\/logo\/image\/","url":"https:\/\/www.pressenza.com\/wp-content\/uploads\/2022\/10\/pressenza_logo_200x200.jpg","contentUrl":"https:\/\/www.pressenza.com\/wp-content\/uploads\/2022\/10\/pressenza_logo_200x200.jpg","width":200,"height":200,"caption":"Pressenza"},"image":{"@id":"https:\/\/www.pressenza.com\/es\/#\/schema\/logo\/image\/"},"sameAs":["https:\/\/www.facebook.com\/PressenzaItalia","https:\/\/x.com\/PressenzaIPA"]},{"@type":"Person","@id":"https:\/\/www.pressenza.com\/es\/#\/schema\/person\/7c8ee170a4502d638436c91e385315f2","name":"Redacci\u00f3n Colombia","description":"News published by the Pressenza bureau in Colombia","url":"https:\/\/www.pressenza.com\/es\/author\/redaccion-colombia\/"}]}},"place":"Bogot\u00e1","original_article_url":"","_links":{"self":[{"href":"https:\/\/www.pressenza.com\/es\/wp-json\/wp\/v2\/posts\/1406882","targetHints":{"allow":["GET"]}}],"collection":[{"href":"https:\/\/www.pressenza.com\/es\/wp-json\/wp\/v2\/posts"}],"about":[{"href":"https:\/\/www.pressenza.com\/es\/wp-json\/wp\/v2\/types\/post"}],"author":[{"embeddable":true,"href":"https:\/\/www.pressenza.com\/es\/wp-json\/wp\/v2\/users\/1053"}],"replies":[{"embeddable":true,"href":"https:\/\/www.pressenza.com\/es\/wp-json\/wp\/v2\/comments?post=1406882"}],"version-history":[{"count":0,"href":"https:\/\/www.pressenza.com\/es\/wp-json\/wp\/v2\/posts\/1406882\/revisions"}],"wp:featuredmedia":[{"embeddable":true,"href":"https:\/\/www.pressenza.com\/es\/wp-json\/wp\/v2\/media\/1406942"}],"wp:attachment":[{"href":"https:\/\/www.pressenza.com\/es\/wp-json\/wp\/v2\/media?parent=1406882"}],"wp:term":[{"taxonomy":"category","embeddable":true,"href":"https:\/\/www.pressenza.com\/es\/wp-json\/wp\/v2\/categories?post=1406882"},{"taxonomy":"post_tag","embeddable":true,"href":"https:\/\/www.pressenza.com\/es\/wp-json\/wp\/v2\/tags?post=1406882"}],"curies":[{"name":"wp","href":"https:\/\/api.w.org\/{rel}","templated":true}]}}