{"id":1406573,"date":"2021-07-27T22:26:48","date_gmt":"2021-07-27T21:26:48","guid":{"rendered":"https:\/\/www.pressenza.com\/?p=1406573"},"modified":"2021-07-27T22:26:48","modified_gmt":"2021-07-27T21:26:48","slug":"deforestacion-en-la-amazonia-incremento-en-los-ultimos-10-anos","status":"publish","type":"post","link":"https:\/\/www.pressenza.com\/es\/2021\/07\/deforestacion-en-la-amazonia-incremento-en-los-ultimos-10-anos\/","title":{"rendered":"Deforestaci\u00f3n en la Amazon\u00eda increment\u00f3 en los \u00faltimos 10 a\u00f1os"},"content":{"rendered":"<p><em>La deforestaci\u00f3n en la Amazon\u00eda alcanz\u00f3 los 49 kil\u00f3metros cuadrados de selva nativa, la segunda tasa m\u00e1s alta de deforestaci\u00f3n para este mes, en la \u00faltima d\u00e9cada.<\/em><\/p>\n<p>La perdida de la vegetaci\u00f3n de la Amazon\u00eda brasile\u00f1a creci\u00f3 un 54 ciento en los \u00faltimos diez meses, en relaci\u00f3n con el per\u00edodo inmediatamente anterior, con un total de 4 mil 567 kil\u00f3metros cuadrados de selva devastados entre agosto del a\u00f1o pasado y mayo de 2020, seg\u00fan un estudio privado divulgado el pasado martes.<\/p>\n<p>Tan solo en mayo, la Amazon\u00eda perdi\u00f3 649 kil\u00f3metros cuadrados de selva nativa, la segunda tasa m\u00e1s alta de deforestaci\u00f3n para este mes en la \u00faltima d\u00e9cada.<\/p>\n<p>De acuerdo con los datos del Sistema de Alerta de Deforestaci\u00f3n del Instituto del Hombre y el Medio Ambiente de la Amazon\u00eda (Imazon), en el per\u00edodo acumulado entre agosto del a\u00f1o pasado hasta mayo de este a\u00f1o la destrucci\u00f3n de la selva sigui\u00f3 aumentando.<\/p>\n<p>Aunque los 649 kil\u00f3metros de \u00e1rboles devastados en mayo suponen una reducci\u00f3n del 19 por ciento en relaci\u00f3n con el mismo mes de 2019, fue la segunda tasa m\u00e1s alta de deforestaci\u00f3n registrada en el mes en los \u00faltimos diez a\u00f1os.<\/p>\n<p>Los datos indican que el avance de la deforestaci\u00f3n ilegal contin\u00faa planteando riesgos para las tierras ind\u00edgenas, principalmente por el peligro de contagio del COVID-19 en las aldeas.<\/p>\n<p>Los estados brasile\u00f1os de la Amazon\u00eda que fueron m\u00e1s afectados con la tala de \u00e1rboles en mayo fueron Par\u00e1, que registr\u00f3 el 40 por ciento de la deforestaci\u00f3n, seguido de Amazonas (25 por ciento), Mato Grosso (19 por ciento), Rondonia (10 por ciento), Acre (4 por ciento) y<br \/>\nRoraima (2 por ciento).<\/p>\n","protected":false},"excerpt":{"rendered":"<p>La deforestaci\u00f3n en la Amazon\u00eda alcanz\u00f3 los 49 kil\u00f3metros cuadrados de selva nativa, la segunda tasa m\u00e1s alta de deforestaci\u00f3n para este mes, en la \u00faltima d\u00e9cada. La perdida de la vegetaci\u00f3n de la Amazon\u00eda brasile\u00f1a creci\u00f3 un 54 ciento&hellip;<\/p>\n","protected":false},"author":1053,"featured_media":1406575,"comment_status":"closed","ping_status":"closed","sticky":false,"template":"","format":"standard","meta":{"footnotes":""},"categories":[78,67],"tags":[47056,1265,16257],"class_list":["post-1406573","post","type-post","status-publish","format-standard","has-post-thumbnail","hentry","category-medio-ambiente-ecologia","category-sudamerica","tag-amazonia-es","tag-cambio-climatico","tag-deforestacion"],"yoast_head":"<!-- This site is optimized with the Yoast SEO plugin v27.1.1 - https:\/\/yoast.com\/product\/yoast-seo-wordpress\/ -->\n<title>Deforestaci\u00f3n en la Amazon\u00eda increment\u00f3 en los \u00faltimos 10 a\u00f1os<\/title>\n<meta name=\"description\" content=\"La deforestaci\u00f3n en la Amazon\u00eda alcanz\u00f3 los 49 kil\u00f3metros cuadrados de selva nativa, la segunda tasa m\u00e1s alta de deforestaci\u00f3n para este mes, en la \u00faltima d\u00e9cada.\" \/>\n<meta name=\"robots\" content=\"index, follow, max-snippet:-1, max-image-preview:large, max-video-preview:-1\" \/>\n<link rel=\"canonical\" href=\"https:\/\/www.pressenza.com\/es\/2021\/07\/deforestacion-en-la-amazonia-incremento-en-los-ultimos-10-anos\/\" \/>\n<meta property=\"og:locale\" content=\"es_ES\" \/>\n<meta property=\"og:type\" content=\"article\" \/>\n<meta property=\"og:title\" content=\"Deforestaci\u00f3n en la Amazon\u00eda increment\u00f3 en los \u00faltimos 10 a\u00f1os\" \/>\n<meta property=\"og:description\" content=\"La deforestaci\u00f3n en la Amazon\u00eda alcanz\u00f3 los 49 kil\u00f3metros cuadrados de selva nativa, la segunda tasa m\u00e1s alta de deforestaci\u00f3n para este mes, en la \u00faltima d\u00e9cada.\" \/>\n<meta property=\"og:url\" content=\"https:\/\/www.pressenza.com\/es\/2021\/07\/deforestacion-en-la-amazonia-incremento-en-los-ultimos-10-anos\/\" \/>\n<meta property=\"og:site_name\" content=\"Pressenza\" \/>\n<meta property=\"article:publisher\" content=\"https:\/\/www.facebook.com\/PressenzaItalia\" \/>\n<meta property=\"article:published_time\" content=\"2021-07-27T21:26:48+00:00\" \/>\n<meta property=\"og:image\" content=\"https:\/\/www.pressenza.com\/wp-content\/uploads\/2021\/07\/river-3642456_1280.jpg\" \/>\n\t<meta property=\"og:image:width\" content=\"1280\" \/>\n\t<meta property=\"og:image:height\" content=\"959\" \/>\n\t<meta property=\"og:image:type\" content=\"image\/jpeg\" \/>\n<meta name=\"author\" content=\"Redacci\u00f3n Colombia\" \/>\n<meta name=\"twitter:card\" content=\"summary_large_image\" \/>\n<meta name=\"twitter:creator\" content=\"@PressenzaIPA\" \/>\n<meta name=\"twitter:site\" content=\"@PressenzaIPA\" \/>\n<meta name=\"twitter:label1\" content=\"Escrito por\" \/>\n\t<meta name=\"twitter:data1\" content=\"Redacci\u00f3n Colombia\" \/>\n\t<meta name=\"twitter:label2\" content=\"Tiempo de lectura\" \/>\n\t<meta name=\"twitter:data2\" content=\"1 minuto\" \/>\n<script type=\"application\/ld+json\" class=\"yoast-schema-graph\">{\"@context\":\"https:\/\/schema.org\",\"@graph\":[{\"@type\":\"Article\",\"@id\":\"https:\/\/www.pressenza.com\/es\/2021\/07\/deforestacion-en-la-amazonia-incremento-en-los-ultimos-10-anos\/#article\",\"isPartOf\":{\"@id\":\"https:\/\/www.pressenza.com\/es\/2021\/07\/deforestacion-en-la-amazonia-incremento-en-los-ultimos-10-anos\/\"},\"author\":{\"name\":\"Redacci\u00f3n Colombia\",\"@id\":\"https:\/\/www.pressenza.com\/es\/#\/schema\/person\/7c8ee170a4502d638436c91e385315f2\"},\"headline\":\"Deforestaci\u00f3n en la Amazon\u00eda increment\u00f3 en los \u00faltimos 10 a\u00f1os\",\"datePublished\":\"2021-07-27T21:26:48+00:00\",\"mainEntityOfPage\":{\"@id\":\"https:\/\/www.pressenza.com\/es\/2021\/07\/deforestacion-en-la-amazonia-incremento-en-los-ultimos-10-anos\/\"},\"wordCount\":308,\"publisher\":{\"@id\":\"https:\/\/www.pressenza.com\/es\/#organization\"},\"image\":{\"@id\":\"https:\/\/www.pressenza.com\/es\/2021\/07\/deforestacion-en-la-amazonia-incremento-en-los-ultimos-10-anos\/#primaryimage\"},\"thumbnailUrl\":\"https:\/\/www.pressenza.com\/wp-content\/uploads\/2021\/07\/river-3642456_1280.jpg\",\"keywords\":[\"Amazonia\",\"cambio clim\u00e1tico\",\"deforestaci\u00f3n\"],\"articleSection\":[\"Ecolog\u00eda y Medio Ambiente\",\"Sudam\u00e9rica\"],\"inLanguage\":\"es\"},{\"@type\":\"WebPage\",\"@id\":\"https:\/\/www.pressenza.com\/es\/2021\/07\/deforestacion-en-la-amazonia-incremento-en-los-ultimos-10-anos\/\",\"url\":\"https:\/\/www.pressenza.com\/es\/2021\/07\/deforestacion-en-la-amazonia-incremento-en-los-ultimos-10-anos\/\",\"name\":\"Deforestaci\u00f3n en la Amazon\u00eda increment\u00f3 en los \u00faltimos 10 a\u00f1os\",\"isPartOf\":{\"@id\":\"https:\/\/www.pressenza.com\/es\/#website\"},\"primaryImageOfPage\":{\"@id\":\"https:\/\/www.pressenza.com\/es\/2021\/07\/deforestacion-en-la-amazonia-incremento-en-los-ultimos-10-anos\/#primaryimage\"},\"image\":{\"@id\":\"https:\/\/www.pressenza.com\/es\/2021\/07\/deforestacion-en-la-amazonia-incremento-en-los-ultimos-10-anos\/#primaryimage\"},\"thumbnailUrl\":\"https:\/\/www.pressenza.com\/wp-content\/uploads\/2021\/07\/river-3642456_1280.jpg\",\"datePublished\":\"2021-07-27T21:26:48+00:00\",\"description\":\"La deforestaci\u00f3n en la Amazon\u00eda alcanz\u00f3 los 49 kil\u00f3metros cuadrados de selva nativa, la segunda tasa m\u00e1s alta de deforestaci\u00f3n para este mes, en la \u00faltima d\u00e9cada.\",\"breadcrumb\":{\"@id\":\"https:\/\/www.pressenza.com\/es\/2021\/07\/deforestacion-en-la-amazonia-incremento-en-los-ultimos-10-anos\/#breadcrumb\"},\"inLanguage\":\"es\",\"potentialAction\":[{\"@type\":\"ReadAction\",\"target\":[\"https:\/\/www.pressenza.com\/es\/2021\/07\/deforestacion-en-la-amazonia-incremento-en-los-ultimos-10-anos\/\"]}]},{\"@type\":\"ImageObject\",\"inLanguage\":\"es\",\"@id\":\"https:\/\/www.pressenza.com\/es\/2021\/07\/deforestacion-en-la-amazonia-incremento-en-los-ultimos-10-anos\/#primaryimage\",\"url\":\"https:\/\/www.pressenza.com\/wp-content\/uploads\/2021\/07\/river-3642456_1280.jpg\",\"contentUrl\":\"https:\/\/www.pressenza.com\/wp-content\/uploads\/2021\/07\/river-3642456_1280.jpg\",\"width\":1280,\"height\":959},{\"@type\":\"BreadcrumbList\",\"@id\":\"https:\/\/www.pressenza.com\/es\/2021\/07\/deforestacion-en-la-amazonia-incremento-en-los-ultimos-10-anos\/#breadcrumb\",\"itemListElement\":[{\"@type\":\"ListItem\",\"position\":1,\"name\":\"Accueil\",\"item\":\"https:\/\/www.pressenza.com\/es\/\"},{\"@type\":\"ListItem\",\"position\":2,\"name\":\"Deforestaci\u00f3n en la Amazon\u00eda increment\u00f3 en los \u00faltimos 10 a\u00f1os\"}]},{\"@type\":\"WebSite\",\"@id\":\"https:\/\/www.pressenza.com\/es\/#website\",\"url\":\"https:\/\/www.pressenza.com\/es\/\",\"name\":\"Pressenza\",\"description\":\"International Press Agency\",\"publisher\":{\"@id\":\"https:\/\/www.pressenza.com\/es\/#organization\"},\"potentialAction\":[{\"@type\":\"SearchAction\",\"target\":{\"@type\":\"EntryPoint\",\"urlTemplate\":\"https:\/\/www.pressenza.com\/es\/?s={search_term_string}\"},\"query-input\":{\"@type\":\"PropertyValueSpecification\",\"valueRequired\":true,\"valueName\":\"search_term_string\"}}],\"inLanguage\":\"es\"},{\"@type\":\"Organization\",\"@id\":\"https:\/\/www.pressenza.com\/es\/#organization\",\"name\":\"Pressenza\",\"url\":\"https:\/\/www.pressenza.com\/es\/\",\"logo\":{\"@type\":\"ImageObject\",\"inLanguage\":\"es\",\"@id\":\"https:\/\/www.pressenza.com\/es\/#\/schema\/logo\/image\/\",\"url\":\"https:\/\/www.pressenza.com\/wp-content\/uploads\/2022\/10\/pressenza_logo_200x200.jpg\",\"contentUrl\":\"https:\/\/www.pressenza.com\/wp-content\/uploads\/2022\/10\/pressenza_logo_200x200.jpg\",\"width\":200,\"height\":200,\"caption\":\"Pressenza\"},\"image\":{\"@id\":\"https:\/\/www.pressenza.com\/es\/#\/schema\/logo\/image\/\"},\"sameAs\":[\"https:\/\/www.facebook.com\/PressenzaItalia\",\"https:\/\/x.com\/PressenzaIPA\"]},{\"@type\":\"Person\",\"@id\":\"https:\/\/www.pressenza.com\/es\/#\/schema\/person\/7c8ee170a4502d638436c91e385315f2\",\"name\":\"Redacci\u00f3n Colombia\",\"description\":\"News published by the Pressenza bureau in Colombia\",\"url\":\"https:\/\/www.pressenza.com\/es\/author\/redaccion-colombia\/\"}]}<\/script>\n<!-- \/ Yoast SEO plugin. -->","yoast_head_json":{"title":"Deforestaci\u00f3n en la Amazon\u00eda increment\u00f3 en los \u00faltimos 10 a\u00f1os","description":"La deforestaci\u00f3n en la Amazon\u00eda alcanz\u00f3 los 49 kil\u00f3metros cuadrados de selva nativa, la segunda tasa m\u00e1s alta de deforestaci\u00f3n para este mes, en la \u00faltima d\u00e9cada.","robots":{"index":"index","follow":"follow","max-snippet":"max-snippet:-1","max-image-preview":"max-image-preview:large","max-video-preview":"max-video-preview:-1"},"canonical":"https:\/\/www.pressenza.com\/es\/2021\/07\/deforestacion-en-la-amazonia-incremento-en-los-ultimos-10-anos\/","og_locale":"es_ES","og_type":"article","og_title":"Deforestaci\u00f3n en la Amazon\u00eda increment\u00f3 en los \u00faltimos 10 a\u00f1os","og_description":"La deforestaci\u00f3n en la Amazon\u00eda alcanz\u00f3 los 49 kil\u00f3metros cuadrados de selva nativa, la segunda tasa m\u00e1s alta de deforestaci\u00f3n para este mes, en la \u00faltima d\u00e9cada.","og_url":"https:\/\/www.pressenza.com\/es\/2021\/07\/deforestacion-en-la-amazonia-incremento-en-los-ultimos-10-anos\/","og_site_name":"Pressenza","article_publisher":"https:\/\/www.facebook.com\/PressenzaItalia","article_published_time":"2021-07-27T21:26:48+00:00","og_image":[{"width":1280,"height":959,"url":"https:\/\/www.pressenza.com\/wp-content\/uploads\/2021\/07\/river-3642456_1280.jpg","type":"image\/jpeg"}],"author":"Redacci\u00f3n Colombia","twitter_card":"summary_large_image","twitter_creator":"@PressenzaIPA","twitter_site":"@PressenzaIPA","twitter_misc":{"Escrito por":"Redacci\u00f3n Colombia","Tiempo de lectura":"1 minuto"},"schema":{"@context":"https:\/\/schema.org","@graph":[{"@type":"Article","@id":"https:\/\/www.pressenza.com\/es\/2021\/07\/deforestacion-en-la-amazonia-incremento-en-los-ultimos-10-anos\/#article","isPartOf":{"@id":"https:\/\/www.pressenza.com\/es\/2021\/07\/deforestacion-en-la-amazonia-incremento-en-los-ultimos-10-anos\/"},"author":{"name":"Redacci\u00f3n Colombia","@id":"https:\/\/www.pressenza.com\/es\/#\/schema\/person\/7c8ee170a4502d638436c91e385315f2"},"headline":"Deforestaci\u00f3n en la Amazon\u00eda increment\u00f3 en los \u00faltimos 10 a\u00f1os","datePublished":"2021-07-27T21:26:48+00:00","mainEntityOfPage":{"@id":"https:\/\/www.pressenza.com\/es\/2021\/07\/deforestacion-en-la-amazonia-incremento-en-los-ultimos-10-anos\/"},"wordCount":308,"publisher":{"@id":"https:\/\/www.pressenza.com\/es\/#organization"},"image":{"@id":"https:\/\/www.pressenza.com\/es\/2021\/07\/deforestacion-en-la-amazonia-incremento-en-los-ultimos-10-anos\/#primaryimage"},"thumbnailUrl":"https:\/\/www.pressenza.com\/wp-content\/uploads\/2021\/07\/river-3642456_1280.jpg","keywords":["Amazonia","cambio clim\u00e1tico","deforestaci\u00f3n"],"articleSection":["Ecolog\u00eda y Medio Ambiente","Sudam\u00e9rica"],"inLanguage":"es"},{"@type":"WebPage","@id":"https:\/\/www.pressenza.com\/es\/2021\/07\/deforestacion-en-la-amazonia-incremento-en-los-ultimos-10-anos\/","url":"https:\/\/www.pressenza.com\/es\/2021\/07\/deforestacion-en-la-amazonia-incremento-en-los-ultimos-10-anos\/","name":"Deforestaci\u00f3n en la Amazon\u00eda increment\u00f3 en los \u00faltimos 10 a\u00f1os","isPartOf":{"@id":"https:\/\/www.pressenza.com\/es\/#website"},"primaryImageOfPage":{"@id":"https:\/\/www.pressenza.com\/es\/2021\/07\/deforestacion-en-la-amazonia-incremento-en-los-ultimos-10-anos\/#primaryimage"},"image":{"@id":"https:\/\/www.pressenza.com\/es\/2021\/07\/deforestacion-en-la-amazonia-incremento-en-los-ultimos-10-anos\/#primaryimage"},"thumbnailUrl":"https:\/\/www.pressenza.com\/wp-content\/uploads\/2021\/07\/river-3642456_1280.jpg","datePublished":"2021-07-27T21:26:48+00:00","description":"La deforestaci\u00f3n en la Amazon\u00eda alcanz\u00f3 los 49 kil\u00f3metros cuadrados de selva nativa, la segunda tasa m\u00e1s alta de deforestaci\u00f3n para este mes, en la \u00faltima d\u00e9cada.","breadcrumb":{"@id":"https:\/\/www.pressenza.com\/es\/2021\/07\/deforestacion-en-la-amazonia-incremento-en-los-ultimos-10-anos\/#breadcrumb"},"inLanguage":"es","potentialAction":[{"@type":"ReadAction","target":["https:\/\/www.pressenza.com\/es\/2021\/07\/deforestacion-en-la-amazonia-incremento-en-los-ultimos-10-anos\/"]}]},{"@type":"ImageObject","inLanguage":"es","@id":"https:\/\/www.pressenza.com\/es\/2021\/07\/deforestacion-en-la-amazonia-incremento-en-los-ultimos-10-anos\/#primaryimage","url":"https:\/\/www.pressenza.com\/wp-content\/uploads\/2021\/07\/river-3642456_1280.jpg","contentUrl":"https:\/\/www.pressenza.com\/wp-content\/uploads\/2021\/07\/river-3642456_1280.jpg","width":1280,"height":959},{"@type":"BreadcrumbList","@id":"https:\/\/www.pressenza.com\/es\/2021\/07\/deforestacion-en-la-amazonia-incremento-en-los-ultimos-10-anos\/#breadcrumb","itemListElement":[{"@type":"ListItem","position":1,"name":"Accueil","item":"https:\/\/www.pressenza.com\/es\/"},{"@type":"ListItem","position":2,"name":"Deforestaci\u00f3n en la Amazon\u00eda increment\u00f3 en los \u00faltimos 10 a\u00f1os"}]},{"@type":"WebSite","@id":"https:\/\/www.pressenza.com\/es\/#website","url":"https:\/\/www.pressenza.com\/es\/","name":"Pressenza","description":"International Press Agency","publisher":{"@id":"https:\/\/www.pressenza.com\/es\/#organization"},"potentialAction":[{"@type":"SearchAction","target":{"@type":"EntryPoint","urlTemplate":"https:\/\/www.pressenza.com\/es\/?s={search_term_string}"},"query-input":{"@type":"PropertyValueSpecification","valueRequired":true,"valueName":"search_term_string"}}],"inLanguage":"es"},{"@type":"Organization","@id":"https:\/\/www.pressenza.com\/es\/#organization","name":"Pressenza","url":"https:\/\/www.pressenza.com\/es\/","logo":{"@type":"ImageObject","inLanguage":"es","@id":"https:\/\/www.pressenza.com\/es\/#\/schema\/logo\/image\/","url":"https:\/\/www.pressenza.com\/wp-content\/uploads\/2022\/10\/pressenza_logo_200x200.jpg","contentUrl":"https:\/\/www.pressenza.com\/wp-content\/uploads\/2022\/10\/pressenza_logo_200x200.jpg","width":200,"height":200,"caption":"Pressenza"},"image":{"@id":"https:\/\/www.pressenza.com\/es\/#\/schema\/logo\/image\/"},"sameAs":["https:\/\/www.facebook.com\/PressenzaItalia","https:\/\/x.com\/PressenzaIPA"]},{"@type":"Person","@id":"https:\/\/www.pressenza.com\/es\/#\/schema\/person\/7c8ee170a4502d638436c91e385315f2","name":"Redacci\u00f3n Colombia","description":"News published by the Pressenza bureau in Colombia","url":"https:\/\/www.pressenza.com\/es\/author\/redaccion-colombia\/"}]}},"place":"Bogot\u00e1","original_article_url":"","_links":{"self":[{"href":"https:\/\/www.pressenza.com\/es\/wp-json\/wp\/v2\/posts\/1406573","targetHints":{"allow":["GET"]}}],"collection":[{"href":"https:\/\/www.pressenza.com\/es\/wp-json\/wp\/v2\/posts"}],"about":[{"href":"https:\/\/www.pressenza.com\/es\/wp-json\/wp\/v2\/types\/post"}],"author":[{"embeddable":true,"href":"https:\/\/www.pressenza.com\/es\/wp-json\/wp\/v2\/users\/1053"}],"replies":[{"embeddable":true,"href":"https:\/\/www.pressenza.com\/es\/wp-json\/wp\/v2\/comments?post=1406573"}],"version-history":[{"count":0,"href":"https:\/\/www.pressenza.com\/es\/wp-json\/wp\/v2\/posts\/1406573\/revisions"}],"wp:featuredmedia":[{"embeddable":true,"href":"https:\/\/www.pressenza.com\/es\/wp-json\/wp\/v2\/media\/1406575"}],"wp:attachment":[{"href":"https:\/\/www.pressenza.com\/es\/wp-json\/wp\/v2\/media?parent=1406573"}],"wp:term":[{"taxonomy":"category","embeddable":true,"href":"https:\/\/www.pressenza.com\/es\/wp-json\/wp\/v2\/categories?post=1406573"},{"taxonomy":"post_tag","embeddable":true,"href":"https:\/\/www.pressenza.com\/es\/wp-json\/wp\/v2\/tags?post=1406573"}],"curies":[{"name":"wp","href":"https:\/\/api.w.org\/{rel}","templated":true}]}}